{"id":46597,"date":"2023-10-24T21:48:14","date_gmt":"2023-10-24T20:48:14","guid":{"rendered":"https:\/\/lasentinelle.dz\/?p=46597"},"modified":"2023-10-24T21:48:15","modified_gmt":"2023-10-24T20:48:15","slug":"can-2023-des-cites-can-pour-loger-les-equipes","status":"publish","type":"post","link":"https:\/\/lasentinelle.dz\/index.php\/2023\/10\/24\/can-2023-des-cites-can-pour-loger-les-equipes\/","title":{"rendered":"CAN 2023\u00a0: Des \u00ab Cit\u00e9s CAN \u00bb pour loger les \u00e9quipes"},"content":{"rendered":"\n<p>Les 24 \u00e9quipes qualifi\u00e9es \u00e0 la phase finale de la Coupe d\u2019Afrique des Nations pr\u00e9vue du 13 janvier au 11 f\u00e9vrier 2024 en C\u00f4te d\u2019Ivoire, seront h\u00e9berg\u00e9es \u00e0 la \u00ab Cit\u00e9 CAN \u00bb, compos\u00e9e de 7 maisons d\u2019\u00e9quipes et 1 maison pour le chef de la d\u00e9l\u00e9gation, a indiqu\u00e9 la Conf\u00e9d\u00e9ration africaine de football (CAF).<\/p>\n\n\n\n<p>Selon la m\u00eame source, chaque \u00ab Cit\u00e9 CAN \u00bb accueille quatre \u00e9quipes et offre un espace commun multifonctionnel. Les espaces communs comprennent des restaurants, une salle de gym, une salle de r\u00e9union, et un espace de d\u00e9tente pour favoriser la coh\u00e9sion et le bien-\u00eatre des \u00e9quipes. Les services de blanchisserie et d\u2019entretien m\u00e9nager sont conformes aux normes d\u2019un h\u00f4tel quatre \u00e9toiles, garantissant ainsi un niveau de confort et de propret\u00e9 \u00e9lev\u00e9, souligne l\u2019instance supr\u00eame du football africain.<\/p>\n\n\n\n<p>Pour rappel, le pr\u00e9sident de la F\u00e9d\u00e9ration alg\u00e9rienne de football (FAF) Walid Sadi a profit\u00e9 de sa pr\u00e9sence en C\u00f4te d\u2019Ivoire \u00e0 l\u2019occasion du tirage au sort de la CAN 2024 effectu\u00e9 le 12 octobre dernier \u00e0 Abidjan, pour visiter la Cit\u00e9 CAN, construite sous forme de villa pour loger les s\u00e9lections africaines. \u00ab Nous avons opt\u00e9 pour un plan B, car j\u2019ai estim\u00e9 que cet h\u00e9bergement n\u2019offrirait pas une concentration optimale. Alors, nous avons r\u00e9quisitionn\u00e9 tout un h\u00f4tel, pas loin du stade, pour l\u2019ensemble de la d\u00e9l\u00e9gation alg\u00e9rienne, qui sera mise dans les meilleures conditions. \u00bb avait confi\u00e9 Sadi \u00e0 l\u2019APS.<\/p>\n\n\n\n<p>Notons par ailleurs que la CAF a d\u00e9voil\u00e9 lundi le ballon officiel de la 34e Coupe d&rsquo;Afrique des nations baptis\u00e9 au nom de la l\u00e9gende ivoirienne Laurent Pokou. La F\u00e9d\u00e9ration Ivoirienne de Football (FIF), le COCAN et la CAF ont d\u00e9cid\u00e9 d\u2019honorer la l\u00e9gende ivoirienne, Laurent Pokou en nommant le ballon de la comp\u00e9tition par son nom. \u00ab\u00a0Un hommage amplement m\u00e9rit\u00e9 pour celui qui aura marqu\u00e9 l\u2019histoire du football ivoirien et africain. Laurent Pokou, d\u00e9c\u00e9d\u00e9 le 13 d\u00e9cembre 2016 \u00e0 l&rsquo;\u00e2ge de 69 ans, a \u00e9bloui par son talent le football des ann\u00e9es 1960 \u00e0 1970\u00a0\u00bb, souligne la presse locale. Le ballon officiel du tournoi n\u2019est pas le seul hommage que l\u2019\u00e9dition de la CAN 2023 rendra \u00e0 Laurent Pokou. Le stade de San Pedro a \u00e9t\u00e9 nomm\u00e9 Laurent Pokou. Un stade qui recevra les matches de poule F.<\/p>\n\n\n\n<p>La CAN-2023 se jouera pour la troisi\u00e8me fois en pr\u00e9sence de 24 nations, apr\u00e8s les \u00e9ditions 2019&nbsp; (Egypte) et 2021 (Cameroun). Les nations qualifi\u00e9es ont \u00e9t\u00e9 r\u00e9parties sur six groupes de quatre \u00e9quipes chacun. L\u2019Alg\u00e9rie a h\u00e9rit\u00e9 du groupe D compos\u00e9 du Burkina Faso, l\u2019Angola et la Mauritanie. Les deux premiers de chaque groupe ainsi que les quatre meilleurs troisi\u00e8mes se qualifient pour les 8es de finale de cette 34e \u00e9dition, qui se d\u00e9roulera dans cinq villes ivoiriennes : Abidjan, Bouak\u00e9, Korhogo, Yamoussoukro et San Pedro.<\/p>\n\n\n\n<p>R.S.<\/p>\n","protected":false},"excerpt":{"rendered":"<p>Les 24 \u00e9quipes qualifi\u00e9es \u00e0 la phase finale de la Coupe d\u2019Afrique des Nations pr\u00e9vue du 13 janvier au 11<\/p>\n","protected":false},"author":3,"featured_media":46598,"comment_status":"open","ping_status":"closed","sticky":false,"template":"","format":"standard","meta":{"colormag_page_container_layout":"default_layout","colormag_page_sidebar_layout":"default_layout","om_disable_all_campaigns":false,"_monsterinsights_skip_tracking":false,"_monsterinsights_sitenote_active":false,"_monsterinsights_sitenote_note":"","_monsterinsights_sitenote_category":0,"footnotes":"","_wpscppro_dont_share_socialmedia":false,"_wpscppro_custom_social_share_image":0,"_facebook_share_type":"","_twitter_share_type":"","_linkedin_share_type":"","_pinterest_share_type":"","_linkedin_share_type_page":"","_instagram_share_type":"","_medium_share_type":"","_threads_share_type":"","_google_business_share_type":"","_selected_social_profile":[],"_wpsp_enable_custom_social_template":false,"_wpsp_social_scheduling":{"enabled":false,"datetime":null,"platforms":[],"status":"template_only","dateOption":"today","timeOption":"now","customDays":"","customHours":"","customDate":"","customTime":"","schedulingType":"absolute"},"_wpsp_active_default_template":true},"categories":[33],"tags":[],"class_list":["post-46597","post","type-post","status-publish","format-standard","has-post-thumbnail","hentry","category-sports"],"aioseo_notices":[],"yoast_head":"<!-- This site is optimized with the Yoast SEO plugin v27.5 - https:\/\/yoast.com\/product\/yoast-seo-wordpress\/ -->\n<title>CAN 2023\u00a0: Des \u00ab Cit\u00e9s CAN \u00bb pour loger les \u00e9quipes - La Sentinelle<\/title>\n<meta name=\"robots\" content=\"index, follow, max-snippet:-1, max-image-preview:large, max-video-preview:-1\" \/>\n<link rel=\"canonical\" href=\"https:\/\/lasentinelle.dz\/index.php\/2023\/10\/24\/can-2023-des-cites-can-pour-loger-les-equipes\/\" \/>\n<meta property=\"og:locale\" content=\"fr_FR\" \/>\n<meta property=\"og:type\" content=\"article\" \/>\n<meta property=\"og:title\" content=\"CAN 2023\u00a0: Des \u00ab Cit\u00e9s CAN \u00bb pour loger les \u00e9quipes - La Sentinelle\" \/>\n<meta property=\"og:description\" content=\"Les 24 \u00e9quipes qualifi\u00e9es \u00e0 la phase finale de la Coupe d\u2019Afrique des Nations pr\u00e9vue du 13 janvier au 11\" \/>\n<meta property=\"og:url\" content=\"https:\/\/lasentinelle.dz\/index.php\/2023\/10\/24\/can-2023-des-cites-can-pour-loger-les-equipes\/\" \/>\n<meta property=\"og:site_name\" content=\"La Sentinelle\" \/>\n<meta property=\"article:publisher\" content=\"https:\/\/www.facebook.com\/La-Sentinelle-104059864394773\" \/>\n<meta property=\"article:published_time\" content=\"2023-10-24T20:48:14+00:00\" \/>\n<meta property=\"article:modified_time\" content=\"2023-10-24T20:48:15+00:00\" \/>\n<meta property=\"og:image\" content=\"https:\/\/lasentinelle.dz\/wp-content\/uploads\/2023\/10\/cite-can.jpeg\" \/>\n\t<meta property=\"og:image:width\" content=\"1080\" \/>\n\t<meta property=\"og:image:height\" content=\"606\" \/>\n\t<meta property=\"og:image:type\" content=\"image\/jpeg\" \/>\n<meta name=\"author\" content=\"La Sentinelle\" \/>\n<meta name=\"twitter:card\" content=\"summary_large_image\" \/>\n<meta name=\"twitter:label1\" content=\"\u00c9crit par\" \/>\n\t<meta name=\"twitter:data1\" content=\"La Sentinelle\" \/>\n\t<meta name=\"twitter:label2\" content=\"Dur\u00e9e de lecture estim\u00e9e\" \/>\n\t<meta name=\"twitter:data2\" content=\"3 minutes\" \/>\n<script type=\"application\/ld+json\" class=\"yoast-schema-graph\">{\"@context\":\"https:\\\/\\\/schema.org\",\"@graph\":[{\"@type\":\"Article\",\"@id\":\"https:\\\/\\\/lasentinelle.dz\\\/index.php\\\/2023\\\/10\\\/24\\\/can-2023-des-cites-can-pour-loger-les-equipes\\\/#article\",\"isPartOf\":{\"@id\":\"https:\\\/\\\/lasentinelle.dz\\\/index.php\\\/2023\\\/10\\\/24\\\/can-2023-des-cites-can-pour-loger-les-equipes\\\/\"},\"author\":{\"name\":\"La Sentinelle\",\"@id\":\"https:\\\/\\\/lasentinelle.dz\\\/#\\\/schema\\\/person\\\/d865044e22e70a75174ce8bcad3acfb3\"},\"headline\":\"CAN 2023\u00a0: Des \u00ab Cit\u00e9s CAN \u00bb pour loger les \u00e9quipes\",\"datePublished\":\"2023-10-24T20:48:14+00:00\",\"dateModified\":\"2023-10-24T20:48:15+00:00\",\"mainEntityOfPage\":{\"@id\":\"https:\\\/\\\/lasentinelle.dz\\\/index.php\\\/2023\\\/10\\\/24\\\/can-2023-des-cites-can-pour-loger-les-equipes\\\/\"},\"wordCount\":512,\"commentCount\":0,\"publisher\":{\"@id\":\"https:\\\/\\\/lasentinelle.dz\\\/#organization\"},\"image\":{\"@id\":\"https:\\\/\\\/lasentinelle.dz\\\/index.php\\\/2023\\\/10\\\/24\\\/can-2023-des-cites-can-pour-loger-les-equipes\\\/#primaryimage\"},\"thumbnailUrl\":\"https:\\\/\\\/lasentinelle.dz\\\/wp-content\\\/uploads\\\/2023\\\/10\\\/cite-can.jpeg\",\"articleSection\":[\"Sports\"],\"inLanguage\":\"fr-FR\",\"potentialAction\":[{\"@type\":\"CommentAction\",\"name\":\"Comment\",\"target\":[\"https:\\\/\\\/lasentinelle.dz\\\/index.php\\\/2023\\\/10\\\/24\\\/can-2023-des-cites-can-pour-loger-les-equipes\\\/#respond\"]}]},{\"@type\":\"WebPage\",\"@id\":\"https:\\\/\\\/lasentinelle.dz\\\/index.php\\\/2023\\\/10\\\/24\\\/can-2023-des-cites-can-pour-loger-les-equipes\\\/\",\"url\":\"https:\\\/\\\/lasentinelle.dz\\\/index.php\\\/2023\\\/10\\\/24\\\/can-2023-des-cites-can-pour-loger-les-equipes\\\/\",\"name\":\"CAN 2023\u00a0: Des \u00ab Cit\u00e9s CAN \u00bb pour loger les \u00e9quipes - La Sentinelle\",\"isPartOf\":{\"@id\":\"https:\\\/\\\/lasentinelle.dz\\\/#website\"},\"primaryImageOfPage\":{\"@id\":\"https:\\\/\\\/lasentinelle.dz\\\/index.php\\\/2023\\\/10\\\/24\\\/can-2023-des-cites-can-pour-loger-les-equipes\\\/#primaryimage\"},\"image\":{\"@id\":\"https:\\\/\\\/lasentinelle.dz\\\/index.php\\\/2023\\\/10\\\/24\\\/can-2023-des-cites-can-pour-loger-les-equipes\\\/#primaryimage\"},\"thumbnailUrl\":\"https:\\\/\\\/lasentinelle.dz\\\/wp-content\\\/uploads\\\/2023\\\/10\\\/cite-can.jpeg\",\"datePublished\":\"2023-10-24T20:48:14+00:00\",\"dateModified\":\"2023-10-24T20:48:15+00:00\",\"breadcrumb\":{\"@id\":\"https:\\\/\\\/lasentinelle.dz\\\/index.php\\\/2023\\\/10\\\/24\\\/can-2023-des-cites-can-pour-loger-les-equipes\\\/#breadcrumb\"},\"inLanguage\":\"fr-FR\",\"potentialAction\":[{\"@type\":\"ReadAction\",\"target\":[\"https:\\\/\\\/lasentinelle.dz\\\/index.php\\\/2023\\\/10\\\/24\\\/can-2023-des-cites-can-pour-loger-les-equipes\\\/\"]}]},{\"@type\":\"ImageObject\",\"inLanguage\":\"fr-FR\",\"@id\":\"https:\\\/\\\/lasentinelle.dz\\\/index.php\\\/2023\\\/10\\\/24\\\/can-2023-des-cites-can-pour-loger-les-equipes\\\/#primaryimage\",\"url\":\"https:\\\/\\\/lasentinelle.dz\\\/wp-content\\\/uploads\\\/2023\\\/10\\\/cite-can.jpeg\",\"contentUrl\":\"https:\\\/\\\/lasentinelle.dz\\\/wp-content\\\/uploads\\\/2023\\\/10\\\/cite-can.jpeg\",\"width\":1080,\"height\":606},{\"@type\":\"BreadcrumbList\",\"@id\":\"https:\\\/\\\/lasentinelle.dz\\\/index.php\\\/2023\\\/10\\\/24\\\/can-2023-des-cites-can-pour-loger-les-equipes\\\/#breadcrumb\",\"itemListElement\":[{\"@type\":\"ListItem\",\"position\":1,\"name\":\"Accueil\",\"item\":\"https:\\\/\\\/lasentinelle.dz\\\/\"},{\"@type\":\"ListItem\",\"position\":2,\"name\":\"CAN 2023\u00a0: Des \u00ab Cit\u00e9s CAN \u00bb pour loger les \u00e9quipes\"}]},{\"@type\":\"WebSite\",\"@id\":\"https:\\\/\\\/lasentinelle.dz\\\/#website\",\"url\":\"https:\\\/\\\/lasentinelle.dz\\\/\",\"name\":\"La Sentinelle\",\"description\":\"Quotidien national d&#039;information\",\"publisher\":{\"@id\":\"https:\\\/\\\/lasentinelle.dz\\\/#organization\"},\"potentialAction\":[{\"@type\":\"SearchAction\",\"target\":{\"@type\":\"EntryPoint\",\"urlTemplate\":\"https:\\\/\\\/lasentinelle.dz\\\/?s={search_term_string}\"},\"query-input\":{\"@type\":\"PropertyValueSpecification\",\"valueRequired\":true,\"valueName\":\"search_term_string\"}}],\"inLanguage\":\"fr-FR\"},{\"@type\":\"Organization\",\"@id\":\"https:\\\/\\\/lasentinelle.dz\\\/#organization\",\"name\":\"Quotidien La Sentinelle\",\"url\":\"https:\\\/\\\/lasentinelle.dz\\\/\",\"logo\":{\"@type\":\"ImageObject\",\"inLanguage\":\"fr-FR\",\"@id\":\"https:\\\/\\\/lasentinelle.dz\\\/#\\\/schema\\\/logo\\\/image\\\/\",\"url\":\"https:\\\/\\\/lasentinelle.dz\\\/wp-content\\\/uploads\\\/2021\\\/09\\\/logo-sentinelleSLOGAN-1.png\",\"contentUrl\":\"https:\\\/\\\/lasentinelle.dz\\\/wp-content\\\/uploads\\\/2021\\\/09\\\/logo-sentinelleSLOGAN-1.png\",\"width\":615,\"height\":142,\"caption\":\"Quotidien La Sentinelle\"},\"image\":{\"@id\":\"https:\\\/\\\/lasentinelle.dz\\\/#\\\/schema\\\/logo\\\/image\\\/\"},\"sameAs\":[\"https:\\\/\\\/www.facebook.com\\\/La-Sentinelle-104059864394773\"]},{\"@type\":\"Person\",\"@id\":\"https:\\\/\\\/lasentinelle.dz\\\/#\\\/schema\\\/person\\\/d865044e22e70a75174ce8bcad3acfb3\",\"name\":\"La Sentinelle\",\"image\":{\"@type\":\"ImageObject\",\"inLanguage\":\"fr-FR\",\"@id\":\"https:\\\/\\\/secure.gravatar.com\\\/avatar\\\/57de8e5d4b15d43fb361a71fbb36338450fe67865b528a43dd10ef7c51a20392?s=96&d=mm&r=g\",\"url\":\"https:\\\/\\\/secure.gravatar.com\\\/avatar\\\/57de8e5d4b15d43fb361a71fbb36338450fe67865b528a43dd10ef7c51a20392?s=96&d=mm&r=g\",\"contentUrl\":\"https:\\\/\\\/secure.gravatar.com\\\/avatar\\\/57de8e5d4b15d43fb361a71fbb36338450fe67865b528a43dd10ef7c51a20392?s=96&d=mm&r=g\",\"caption\":\"La Sentinelle\"},\"sameAs\":[\"http:\\\/\\\/www.lasentinelle.dz\"],\"url\":\"https:\\\/\\\/lasentinelle.dz\\\/author\\\/redaction\\\/\"}]}<\/script>\n<!-- \/ Yoast SEO plugin. -->","yoast_head_json":{"title":"CAN 2023\u00a0: Des \u00ab Cit\u00e9s CAN \u00bb pour loger les \u00e9quipes - La Sentinelle","robots":{"index":"index","follow":"follow","max-snippet":"max-snippet:-1","max-image-preview":"max-image-preview:large","max-video-preview":"max-video-preview:-1"},"canonical":"https:\/\/lasentinelle.dz\/index.php\/2023\/10\/24\/can-2023-des-cites-can-pour-loger-les-equipes\/","og_locale":"fr_FR","og_type":"article","og_title":"CAN 2023\u00a0: Des \u00ab Cit\u00e9s CAN \u00bb pour loger les \u00e9quipes - La Sentinelle","og_description":"Les 24 \u00e9quipes qualifi\u00e9es \u00e0 la phase finale de la Coupe d\u2019Afrique des Nations pr\u00e9vue du 13 janvier au 11","og_url":"https:\/\/lasentinelle.dz\/index.php\/2023\/10\/24\/can-2023-des-cites-can-pour-loger-les-equipes\/","og_site_name":"La Sentinelle","article_publisher":"https:\/\/www.facebook.com\/La-Sentinelle-104059864394773","article_published_time":"2023-10-24T20:48:14+00:00","article_modified_time":"2023-10-24T20:48:15+00:00","og_image":[{"width":1080,"height":606,"url":"https:\/\/lasentinelle.dz\/wp-content\/uploads\/2023\/10\/cite-can.jpeg","type":"image\/jpeg"}],"author":"La Sentinelle","twitter_card":"summary_large_image","twitter_misc":{"\u00c9crit par":"La Sentinelle","Dur\u00e9e de lecture estim\u00e9e":"3 minutes"},"schema":{"@context":"https:\/\/schema.org","@graph":[{"@type":"Article","@id":"https:\/\/lasentinelle.dz\/index.php\/2023\/10\/24\/can-2023-des-cites-can-pour-loger-les-equipes\/#article","isPartOf":{"@id":"https:\/\/lasentinelle.dz\/index.php\/2023\/10\/24\/can-2023-des-cites-can-pour-loger-les-equipes\/"},"author":{"name":"La Sentinelle","@id":"https:\/\/lasentinelle.dz\/#\/schema\/person\/d865044e22e70a75174ce8bcad3acfb3"},"headline":"CAN 2023\u00a0: Des \u00ab Cit\u00e9s CAN \u00bb pour loger les \u00e9quipes","datePublished":"2023-10-24T20:48:14+00:00","dateModified":"2023-10-24T20:48:15+00:00","mainEntityOfPage":{"@id":"https:\/\/lasentinelle.dz\/index.php\/2023\/10\/24\/can-2023-des-cites-can-pour-loger-les-equipes\/"},"wordCount":512,"commentCount":0,"publisher":{"@id":"https:\/\/lasentinelle.dz\/#organization"},"image":{"@id":"https:\/\/lasentinelle.dz\/index.php\/2023\/10\/24\/can-2023-des-cites-can-pour-loger-les-equipes\/#primaryimage"},"thumbnailUrl":"https:\/\/lasentinelle.dz\/wp-content\/uploads\/2023\/10\/cite-can.jpeg","articleSection":["Sports"],"inLanguage":"fr-FR","potentialAction":[{"@type":"CommentAction","name":"Comment","target":["https:\/\/lasentinelle.dz\/index.php\/2023\/10\/24\/can-2023-des-cites-can-pour-loger-les-equipes\/#respond"]}]},{"@type":"WebPage","@id":"https:\/\/lasentinelle.dz\/index.php\/2023\/10\/24\/can-2023-des-cites-can-pour-loger-les-equipes\/","url":"https:\/\/lasentinelle.dz\/index.php\/2023\/10\/24\/can-2023-des-cites-can-pour-loger-les-equipes\/","name":"CAN 2023\u00a0: Des \u00ab Cit\u00e9s CAN \u00bb pour loger les \u00e9quipes - La Sentinelle","isPartOf":{"@id":"https:\/\/lasentinelle.dz\/#website"},"primaryImageOfPage":{"@id":"https:\/\/lasentinelle.dz\/index.php\/2023\/10\/24\/can-2023-des-cites-can-pour-loger-les-equipes\/#primaryimage"},"image":{"@id":"https:\/\/lasentinelle.dz\/index.php\/2023\/10\/24\/can-2023-des-cites-can-pour-loger-les-equipes\/#primaryimage"},"thumbnailUrl":"https:\/\/lasentinelle.dz\/wp-content\/uploads\/2023\/10\/cite-can.jpeg","datePublished":"2023-10-24T20:48:14+00:00","dateModified":"2023-10-24T20:48:15+00:00","breadcrumb":{"@id":"https:\/\/lasentinelle.dz\/index.php\/2023\/10\/24\/can-2023-des-cites-can-pour-loger-les-equipes\/#breadcrumb"},"inLanguage":"fr-FR","potentialAction":[{"@type":"ReadAction","target":["https:\/\/lasentinelle.dz\/index.php\/2023\/10\/24\/can-2023-des-cites-can-pour-loger-les-equipes\/"]}]},{"@type":"ImageObject","inLanguage":"fr-FR","@id":"https:\/\/lasentinelle.dz\/index.php\/2023\/10\/24\/can-2023-des-cites-can-pour-loger-les-equipes\/#primaryimage","url":"https:\/\/lasentinelle.dz\/wp-content\/uploads\/2023\/10\/cite-can.jpeg","contentUrl":"https:\/\/lasentinelle.dz\/wp-content\/uploads\/2023\/10\/cite-can.jpeg","width":1080,"height":606},{"@type":"BreadcrumbList","@id":"https:\/\/lasentinelle.dz\/index.php\/2023\/10\/24\/can-2023-des-cites-can-pour-loger-les-equipes\/#breadcrumb","itemListElement":[{"@type":"ListItem","position":1,"name":"Accueil","item":"https:\/\/lasentinelle.dz\/"},{"@type":"ListItem","position":2,"name":"CAN 2023\u00a0: Des \u00ab Cit\u00e9s CAN \u00bb pour loger les \u00e9quipes"}]},{"@type":"WebSite","@id":"https:\/\/lasentinelle.dz\/#website","url":"https:\/\/lasentinelle.dz\/","name":"La Sentinelle","description":"Quotidien national d&#039;information","publisher":{"@id":"https:\/\/lasentinelle.dz\/#organization"},"potentialAction":[{"@type":"SearchAction","target":{"@type":"EntryPoint","urlTemplate":"https:\/\/lasentinelle.dz\/?s={search_term_string}"},"query-input":{"@type":"PropertyValueSpecification","valueRequired":true,"valueName":"search_term_string"}}],"inLanguage":"fr-FR"},{"@type":"Organization","@id":"https:\/\/lasentinelle.dz\/#organization","name":"Quotidien La Sentinelle","url":"https:\/\/lasentinelle.dz\/","logo":{"@type":"ImageObject","inLanguage":"fr-FR","@id":"https:\/\/lasentinelle.dz\/#\/schema\/logo\/image\/","url":"https:\/\/lasentinelle.dz\/wp-content\/uploads\/2021\/09\/logo-sentinelleSLOGAN-1.png","contentUrl":"https:\/\/lasentinelle.dz\/wp-content\/uploads\/2021\/09\/logo-sentinelleSLOGAN-1.png","width":615,"height":142,"caption":"Quotidien La Sentinelle"},"image":{"@id":"https:\/\/lasentinelle.dz\/#\/schema\/logo\/image\/"},"sameAs":["https:\/\/www.facebook.com\/La-Sentinelle-104059864394773"]},{"@type":"Person","@id":"https:\/\/lasentinelle.dz\/#\/schema\/person\/d865044e22e70a75174ce8bcad3acfb3","name":"La Sentinelle","image":{"@type":"ImageObject","inLanguage":"fr-FR","@id":"https:\/\/secure.gravatar.com\/avatar\/57de8e5d4b15d43fb361a71fbb36338450fe67865b528a43dd10ef7c51a20392?s=96&d=mm&r=g","url":"https:\/\/secure.gravatar.com\/avatar\/57de8e5d4b15d43fb361a71fbb36338450fe67865b528a43dd10ef7c51a20392?s=96&d=mm&r=g","contentUrl":"https:\/\/secure.gravatar.com\/avatar\/57de8e5d4b15d43fb361a71fbb36338450fe67865b528a43dd10ef7c51a20392?s=96&d=mm&r=g","caption":"La Sentinelle"},"sameAs":["http:\/\/www.lasentinelle.dz"],"url":"https:\/\/lasentinelle.dz\/author\/redaction\/"}]}},"_links":{"self":[{"href":"https:\/\/lasentinelle.dz\/index.php\/wp-json\/wp\/v2\/posts\/46597","targetHints":{"allow":["GET"]}}],"collection":[{"href":"https:\/\/lasentinelle.dz\/index.php\/wp-json\/wp\/v2\/posts"}],"about":[{"href":"https:\/\/lasentinelle.dz\/index.php\/wp-json\/wp\/v2\/types\/post"}],"author":[{"embeddable":true,"href":"https:\/\/lasentinelle.dz\/index.php\/wp-json\/wp\/v2\/users\/3"}],"replies":[{"embeddable":true,"href":"https:\/\/lasentinelle.dz\/index.php\/wp-json\/wp\/v2\/comments?post=46597"}],"version-history":[{"count":1,"href":"https:\/\/lasentinelle.dz\/index.php\/wp-json\/wp\/v2\/posts\/46597\/revisions"}],"predecessor-version":[{"id":46599,"href":"https:\/\/lasentinelle.dz\/index.php\/wp-json\/wp\/v2\/posts\/46597\/revisions\/46599"}],"wp:featuredmedia":[{"embeddable":true,"href":"https:\/\/lasentinelle.dz\/index.php\/wp-json\/wp\/v2\/media\/46598"}],"wp:attachment":[{"href":"https:\/\/lasentinelle.dz\/index.php\/wp-json\/wp\/v2\/media?parent=46597"}],"wp:term":[{"taxonomy":"category","embeddable":true,"href":"https:\/\/lasentinelle.dz\/index.php\/wp-json\/wp\/v2\/categories?post=46597"},{"taxonomy":"post_tag","embeddable":true,"href":"https:\/\/lasentinelle.dz\/index.php\/wp-json\/wp\/v2\/tags?post=46597"}],"curies":[{"name":"wp","href":"https:\/\/api.w.org\/{rel}","templated":true}]}}