{"id":46600,"date":"2023-10-24T21:49:51","date_gmt":"2023-10-24T20:49:51","guid":{"rendered":"https:\/\/lasentinelle.dz\/?p=46600"},"modified":"2023-10-24T21:49:53","modified_gmt":"2023-10-24T20:49:53","slug":"otan-erdogan-signe-le-protocole-sur-ladhesion-de-la-suede","status":"publish","type":"post","link":"https:\/\/lasentinelle.dz\/index.php\/2023\/10\/24\/otan-erdogan-signe-le-protocole-sur-ladhesion-de-la-suede\/","title":{"rendered":"OTAN\u00a0: Erdogan signe le protocole sur l\u2019adh\u00e9sion de la Su\u00e8de"},"content":{"rendered":"\n<p>Le pr\u00e9sident turc Recep Tayyip Erdogan a sign\u00e9 lundi le protocole d\u2019adh\u00e9sion de la Su\u00e8de \u00e0 l\u2019OTAN et l\u2019a soumis au Parlement turc pour ratification, a annonc\u00e9 le bureau du chef de l\u2019Etat.<\/p>\n\n\n\n<p>Le texte sera d\u2019abord discut\u00e9 en commission puis sera pr\u00e9sent\u00e9 \u00e0 l\u2019Assembl\u00e9e g\u00e9n\u00e9rale pour vote. La Turquie avait pr\u00e9c\u00e9demment d\u00e9clar\u00e9 qu\u2019elle n\u2019approuverait pas l\u2019adh\u00e9sion de la Finlande et de la Su\u00e8de \u00e0 l\u2019OTAN \u00e0 moins que les deux pays ne prennent les mesures n\u00e9cessaires concernant le terrorisme et n\u2019extradent les personnes recherch\u00e9es.<\/p>\n\n\n\n<p>Le pr\u00e9sident Erdo\u011fan avait lev\u00e9 en juillet son veto \u00e0 l\u2019adh\u00e9sion de la Su\u00e8de \u00e0 l\u2019Alliance, pr\u00e9cisant toutefois que la d\u00e9cision reviendrait au Parlement turc, qui a repris ses travaux le 1er octobre apr\u00e8s leur suspension estivale. M. Erdo\u011fan, qui s\u2019est entretenu samedi par t\u00e9l\u00e9phone avec le patron de l\u2019OTAN, a continu\u00e9 ces derniers mois de mettre la pression sur la Su\u00e8de pour qu\u2019elle prenne des mesures contre les profanations de Coran qui ont envenim\u00e9 les relations entre Ankara et Stockholm. La Turquie reproche en parall\u00e8le aux autorit\u00e9s su\u00e9doises leur mansu\u00e9tude envers les militants kurdes r\u00e9fugi\u00e9s sur leur sol et r\u00e9clame l\u2019extradition de dizaines d\u2019entre eux. La Turquie est, avec la Hongrie, le dernier des 31 \u00c9tats membres de l\u2019OTAN \u00e0 ne pas avoir ratifi\u00e9 l\u2019adh\u00e9sion de la Su\u00e8de.<\/p>\n\n\n\n<p>Les destructions par le feu d\u2019exemplaires du Coran en Su\u00e8de ont \u00e9t\u00e9b d\u00e9nonc\u00e9es en Turquie o\u00f9 ont \u00e9t\u00e9 organis\u00e9es des manifestations de protestation, rappelle-t-on. Cependant, les vetos de l\u2019adh\u00e9sion \u00e0 l\u2019OTAN de la Finlande puis de la Su\u00e8de ont \u00e9t\u00e9 successivement lev\u00e9s. Le Parlement turc a ratifi\u00e9 la candidature de la Finlande \u00e0 l\u2019OTAN en mars, mais s\u2019\u00e9tait montr\u00e9 r\u00e9ticent \u00e0 l\u2019id\u00e9e d\u2019approuver celle de la Su\u00e8de, qui a apport\u00e9 de nouveaux amendements \u00e0 sa loi antiterroriste dans le cadre du processus d\u2019adh\u00e9sion \u00e0 l\u2019OTAN. Pour sa part, le secr\u00e9taire g\u00e9n\u00e9ral de l\u2019Otan, Jens Stoltenberg, a d\u00e9clar\u00e9 lors d\u2019une conf\u00e9rence de presse \u00e0 Stockholm que la Su\u00e8de a rempli toutes ses obligations \u00e0 l\u2019\u00e9gard de la Turquie, elle est d\u00e9sormais pr\u00eate \u00e0 devenir membre de l\u2019Organisation du trait\u00e9 de l\u2019Atlantique nord. \u00ab La Su\u00e8de a honor\u00e9 tous ses engagements, a modifi\u00e9 sa Constitution et ses lois pour permettre l\u2019extension de la lutte contre le terrorisme, a autoris\u00e9 les livraisons d\u2019armes \u00e0 la Turquie, et je m\u2019attends maintenant \u00e0 ce qu\u2019elle rejoigne l\u2019Alliance dans un avenir proche \u00bb, a-t-il d\u00e9clar\u00e9.<\/p>\n\n\n\n<p>R.I.<\/p>\n","protected":false},"excerpt":{"rendered":"<p>Le pr\u00e9sident turc Recep Tayyip Erdogan a sign\u00e9 lundi le protocole d\u2019adh\u00e9sion de la Su\u00e8de \u00e0 l\u2019OTAN et l\u2019a soumis<\/p>\n","protected":false},"author":3,"featured_media":25868,"comment_status":"open","ping_status":"closed","sticky":false,"template":"","format":"standard","meta":{"colormag_page_container_layout":"default_layout","colormag_page_sidebar_layout":"default_layout","om_disable_all_campaigns":false,"_monsterinsights_skip_tracking":false,"_monsterinsights_sitenote_active":false,"_monsterinsights_sitenote_note":"","_monsterinsights_sitenote_category":0,"footnotes":"","_wpscppro_dont_share_socialmedia":false,"_wpscppro_custom_social_share_image":0,"_facebook_share_type":"","_twitter_share_type":"","_linkedin_share_type":"","_pinterest_share_type":"","_linkedin_share_type_page":"","_instagram_share_type":"","_medium_share_type":"","_threads_share_type":"","_google_business_share_type":"","_selected_social_profile":[],"_wpsp_enable_custom_social_template":false,"_wpsp_social_scheduling":{"enabled":false,"datetime":null,"platforms":[],"status":"template_only","dateOption":"today","timeOption":"now","customDays":"","customHours":"","customDate":"","customTime":"","schedulingType":"absolute"},"_wpsp_active_default_template":true},"categories":[37],"tags":[],"class_list":["post-46600","post","type-post","status-publish","format-standard","has-post-thumbnail","hentry","category-monde"],"aioseo_notices":[],"yoast_head":"<!-- This site is optimized with the Yoast SEO plugin v27.5 - https:\/\/yoast.com\/product\/yoast-seo-wordpress\/ -->\n<title>OTAN\u00a0: Erdogan signe le protocole sur l\u2019adh\u00e9sion de la Su\u00e8de - La Sentinelle<\/title>\n<meta name=\"robots\" content=\"index, follow, max-snippet:-1, max-image-preview:large, max-video-preview:-1\" \/>\n<link rel=\"canonical\" href=\"https:\/\/lasentinelle.dz\/index.php\/2023\/10\/24\/otan-erdogan-signe-le-protocole-sur-ladhesion-de-la-suede\/\" \/>\n<meta property=\"og:locale\" content=\"fr_FR\" \/>\n<meta property=\"og:type\" content=\"article\" \/>\n<meta property=\"og:title\" content=\"OTAN\u00a0: Erdogan signe le protocole sur l\u2019adh\u00e9sion de la Su\u00e8de - La Sentinelle\" \/>\n<meta property=\"og:description\" content=\"Le pr\u00e9sident turc Recep Tayyip Erdogan a sign\u00e9 lundi le protocole d\u2019adh\u00e9sion de la Su\u00e8de \u00e0 l\u2019OTAN et l\u2019a soumis\" \/>\n<meta property=\"og:url\" content=\"https:\/\/lasentinelle.dz\/index.php\/2023\/10\/24\/otan-erdogan-signe-le-protocole-sur-ladhesion-de-la-suede\/\" \/>\n<meta property=\"og:site_name\" content=\"La Sentinelle\" \/>\n<meta property=\"article:publisher\" content=\"https:\/\/www.facebook.com\/La-Sentinelle-104059864394773\" \/>\n<meta property=\"article:published_time\" content=\"2023-10-24T20:49:51+00:00\" \/>\n<meta property=\"article:modified_time\" content=\"2023-10-24T20:49:53+00:00\" \/>\n<meta property=\"og:image\" content=\"https:\/\/lasentinelle.dz\/wp-content\/uploads\/2022\/08\/Erdogan-compressed.jpg\" \/>\n\t<meta property=\"og:image:width\" content=\"768\" \/>\n\t<meta property=\"og:image:height\" content=\"492\" \/>\n\t<meta property=\"og:image:type\" content=\"image\/jpeg\" \/>\n<meta name=\"author\" content=\"La Sentinelle\" \/>\n<meta name=\"twitter:card\" content=\"summary_large_image\" \/>\n<meta name=\"twitter:label1\" content=\"\u00c9crit par\" \/>\n\t<meta name=\"twitter:data1\" content=\"La Sentinelle\" \/>\n\t<meta name=\"twitter:label2\" content=\"Dur\u00e9e de lecture estim\u00e9e\" \/>\n\t<meta name=\"twitter:data2\" content=\"3 minutes\" \/>\n<script type=\"application\/ld+json\" class=\"yoast-schema-graph\">{\"@context\":\"https:\\\/\\\/schema.org\",\"@graph\":[{\"@type\":\"Article\",\"@id\":\"https:\\\/\\\/lasentinelle.dz\\\/index.php\\\/2023\\\/10\\\/24\\\/otan-erdogan-signe-le-protocole-sur-ladhesion-de-la-suede\\\/#article\",\"isPartOf\":{\"@id\":\"https:\\\/\\\/lasentinelle.dz\\\/index.php\\\/2023\\\/10\\\/24\\\/otan-erdogan-signe-le-protocole-sur-ladhesion-de-la-suede\\\/\"},\"author\":{\"name\":\"La Sentinelle\",\"@id\":\"https:\\\/\\\/lasentinelle.dz\\\/#\\\/schema\\\/person\\\/d865044e22e70a75174ce8bcad3acfb3\"},\"headline\":\"OTAN\u00a0: Erdogan signe le protocole sur l\u2019adh\u00e9sion de la Su\u00e8de\",\"datePublished\":\"2023-10-24T20:49:51+00:00\",\"dateModified\":\"2023-10-24T20:49:53+00:00\",\"mainEntityOfPage\":{\"@id\":\"https:\\\/\\\/lasentinelle.dz\\\/index.php\\\/2023\\\/10\\\/24\\\/otan-erdogan-signe-le-protocole-sur-ladhesion-de-la-suede\\\/\"},\"wordCount\":483,\"commentCount\":0,\"publisher\":{\"@id\":\"https:\\\/\\\/lasentinelle.dz\\\/#organization\"},\"image\":{\"@id\":\"https:\\\/\\\/lasentinelle.dz\\\/index.php\\\/2023\\\/10\\\/24\\\/otan-erdogan-signe-le-protocole-sur-ladhesion-de-la-suede\\\/#primaryimage\"},\"thumbnailUrl\":\"https:\\\/\\\/lasentinelle.dz\\\/wp-content\\\/uploads\\\/2022\\\/08\\\/Erdogan-compressed.jpg\",\"articleSection\":[\"Monde\"],\"inLanguage\":\"fr-FR\",\"potentialAction\":[{\"@type\":\"CommentAction\",\"name\":\"Comment\",\"target\":[\"https:\\\/\\\/lasentinelle.dz\\\/index.php\\\/2023\\\/10\\\/24\\\/otan-erdogan-signe-le-protocole-sur-ladhesion-de-la-suede\\\/#respond\"]}]},{\"@type\":\"WebPage\",\"@id\":\"https:\\\/\\\/lasentinelle.dz\\\/index.php\\\/2023\\\/10\\\/24\\\/otan-erdogan-signe-le-protocole-sur-ladhesion-de-la-suede\\\/\",\"url\":\"https:\\\/\\\/lasentinelle.dz\\\/index.php\\\/2023\\\/10\\\/24\\\/otan-erdogan-signe-le-protocole-sur-ladhesion-de-la-suede\\\/\",\"name\":\"OTAN\u00a0: Erdogan signe le protocole sur l\u2019adh\u00e9sion de la Su\u00e8de - La Sentinelle\",\"isPartOf\":{\"@id\":\"https:\\\/\\\/lasentinelle.dz\\\/#website\"},\"primaryImageOfPage\":{\"@id\":\"https:\\\/\\\/lasentinelle.dz\\\/index.php\\\/2023\\\/10\\\/24\\\/otan-erdogan-signe-le-protocole-sur-ladhesion-de-la-suede\\\/#primaryimage\"},\"image\":{\"@id\":\"https:\\\/\\\/lasentinelle.dz\\\/index.php\\\/2023\\\/10\\\/24\\\/otan-erdogan-signe-le-protocole-sur-ladhesion-de-la-suede\\\/#primaryimage\"},\"thumbnailUrl\":\"https:\\\/\\\/lasentinelle.dz\\\/wp-content\\\/uploads\\\/2022\\\/08\\\/Erdogan-compressed.jpg\",\"datePublished\":\"2023-10-24T20:49:51+00:00\",\"dateModified\":\"2023-10-24T20:49:53+00:00\",\"breadcrumb\":{\"@id\":\"https:\\\/\\\/lasentinelle.dz\\\/index.php\\\/2023\\\/10\\\/24\\\/otan-erdogan-signe-le-protocole-sur-ladhesion-de-la-suede\\\/#breadcrumb\"},\"inLanguage\":\"fr-FR\",\"potentialAction\":[{\"@type\":\"ReadAction\",\"target\":[\"https:\\\/\\\/lasentinelle.dz\\\/index.php\\\/2023\\\/10\\\/24\\\/otan-erdogan-signe-le-protocole-sur-ladhesion-de-la-suede\\\/\"]}]},{\"@type\":\"ImageObject\",\"inLanguage\":\"fr-FR\",\"@id\":\"https:\\\/\\\/lasentinelle.dz\\\/index.php\\\/2023\\\/10\\\/24\\\/otan-erdogan-signe-le-protocole-sur-ladhesion-de-la-suede\\\/#primaryimage\",\"url\":\"https:\\\/\\\/lasentinelle.dz\\\/wp-content\\\/uploads\\\/2022\\\/08\\\/Erdogan-compressed.jpg\",\"contentUrl\":\"https:\\\/\\\/lasentinelle.dz\\\/wp-content\\\/uploads\\\/2022\\\/08\\\/Erdogan-compressed.jpg\",\"width\":768,\"height\":492},{\"@type\":\"BreadcrumbList\",\"@id\":\"https:\\\/\\\/lasentinelle.dz\\\/index.php\\\/2023\\\/10\\\/24\\\/otan-erdogan-signe-le-protocole-sur-ladhesion-de-la-suede\\\/#breadcrumb\",\"itemListElement\":[{\"@type\":\"ListItem\",\"position\":1,\"name\":\"Accueil\",\"item\":\"https:\\\/\\\/lasentinelle.dz\\\/\"},{\"@type\":\"ListItem\",\"position\":2,\"name\":\"OTAN\u00a0: Erdogan signe le protocole sur l\u2019adh\u00e9sion de la Su\u00e8de\"}]},{\"@type\":\"WebSite\",\"@id\":\"https:\\\/\\\/lasentinelle.dz\\\/#website\",\"url\":\"https:\\\/\\\/lasentinelle.dz\\\/\",\"name\":\"La Sentinelle\",\"description\":\"Quotidien national d&#039;information\",\"publisher\":{\"@id\":\"https:\\\/\\\/lasentinelle.dz\\\/#organization\"},\"potentialAction\":[{\"@type\":\"SearchAction\",\"target\":{\"@type\":\"EntryPoint\",\"urlTemplate\":\"https:\\\/\\\/lasentinelle.dz\\\/?s={search_term_string}\"},\"query-input\":{\"@type\":\"PropertyValueSpecification\",\"valueRequired\":true,\"valueName\":\"search_term_string\"}}],\"inLanguage\":\"fr-FR\"},{\"@type\":\"Organization\",\"@id\":\"https:\\\/\\\/lasentinelle.dz\\\/#organization\",\"name\":\"Quotidien La Sentinelle\",\"url\":\"https:\\\/\\\/lasentinelle.dz\\\/\",\"logo\":{\"@type\":\"ImageObject\",\"inLanguage\":\"fr-FR\",\"@id\":\"https:\\\/\\\/lasentinelle.dz\\\/#\\\/schema\\\/logo\\\/image\\\/\",\"url\":\"https:\\\/\\\/lasentinelle.dz\\\/wp-content\\\/uploads\\\/2021\\\/09\\\/logo-sentinelleSLOGAN-1.png\",\"contentUrl\":\"https:\\\/\\\/lasentinelle.dz\\\/wp-content\\\/uploads\\\/2021\\\/09\\\/logo-sentinelleSLOGAN-1.png\",\"width\":615,\"height\":142,\"caption\":\"Quotidien La Sentinelle\"},\"image\":{\"@id\":\"https:\\\/\\\/lasentinelle.dz\\\/#\\\/schema\\\/logo\\\/image\\\/\"},\"sameAs\":[\"https:\\\/\\\/www.facebook.com\\\/La-Sentinelle-104059864394773\"]},{\"@type\":\"Person\",\"@id\":\"https:\\\/\\\/lasentinelle.dz\\\/#\\\/schema\\\/person\\\/d865044e22e70a75174ce8bcad3acfb3\",\"name\":\"La Sentinelle\",\"image\":{\"@type\":\"ImageObject\",\"inLanguage\":\"fr-FR\",\"@id\":\"https:\\\/\\\/secure.gravatar.com\\\/avatar\\\/57de8e5d4b15d43fb361a71fbb36338450fe67865b528a43dd10ef7c51a20392?s=96&d=mm&r=g\",\"url\":\"https:\\\/\\\/secure.gravatar.com\\\/avatar\\\/57de8e5d4b15d43fb361a71fbb36338450fe67865b528a43dd10ef7c51a20392?s=96&d=mm&r=g\",\"contentUrl\":\"https:\\\/\\\/secure.gravatar.com\\\/avatar\\\/57de8e5d4b15d43fb361a71fbb36338450fe67865b528a43dd10ef7c51a20392?s=96&d=mm&r=g\",\"caption\":\"La Sentinelle\"},\"sameAs\":[\"http:\\\/\\\/www.lasentinelle.dz\"],\"url\":\"https:\\\/\\\/lasentinelle.dz\\\/author\\\/redaction\\\/\"}]}<\/script>\n<!-- \/ Yoast SEO plugin. -->","yoast_head_json":{"title":"OTAN\u00a0: Erdogan signe le protocole sur l\u2019adh\u00e9sion de la Su\u00e8de - La Sentinelle","robots":{"index":"index","follow":"follow","max-snippet":"max-snippet:-1","max-image-preview":"max-image-preview:large","max-video-preview":"max-video-preview:-1"},"canonical":"https:\/\/lasentinelle.dz\/index.php\/2023\/10\/24\/otan-erdogan-signe-le-protocole-sur-ladhesion-de-la-suede\/","og_locale":"fr_FR","og_type":"article","og_title":"OTAN\u00a0: Erdogan signe le protocole sur l\u2019adh\u00e9sion de la Su\u00e8de - La Sentinelle","og_description":"Le pr\u00e9sident turc Recep Tayyip Erdogan a sign\u00e9 lundi le protocole d\u2019adh\u00e9sion de la Su\u00e8de \u00e0 l\u2019OTAN et l\u2019a soumis","og_url":"https:\/\/lasentinelle.dz\/index.php\/2023\/10\/24\/otan-erdogan-signe-le-protocole-sur-ladhesion-de-la-suede\/","og_site_name":"La Sentinelle","article_publisher":"https:\/\/www.facebook.com\/La-Sentinelle-104059864394773","article_published_time":"2023-10-24T20:49:51+00:00","article_modified_time":"2023-10-24T20:49:53+00:00","og_image":[{"width":768,"height":492,"url":"https:\/\/lasentinelle.dz\/wp-content\/uploads\/2022\/08\/Erdogan-compressed.jpg","type":"image\/jpeg"}],"author":"La Sentinelle","twitter_card":"summary_large_image","twitter_misc":{"\u00c9crit par":"La Sentinelle","Dur\u00e9e de lecture estim\u00e9e":"3 minutes"},"schema":{"@context":"https:\/\/schema.org","@graph":[{"@type":"Article","@id":"https:\/\/lasentinelle.dz\/index.php\/2023\/10\/24\/otan-erdogan-signe-le-protocole-sur-ladhesion-de-la-suede\/#article","isPartOf":{"@id":"https:\/\/lasentinelle.dz\/index.php\/2023\/10\/24\/otan-erdogan-signe-le-protocole-sur-ladhesion-de-la-suede\/"},"author":{"name":"La Sentinelle","@id":"https:\/\/lasentinelle.dz\/#\/schema\/person\/d865044e22e70a75174ce8bcad3acfb3"},"headline":"OTAN\u00a0: Erdogan signe le protocole sur l\u2019adh\u00e9sion de la Su\u00e8de","datePublished":"2023-10-24T20:49:51+00:00","dateModified":"2023-10-24T20:49:53+00:00","mainEntityOfPage":{"@id":"https:\/\/lasentinelle.dz\/index.php\/2023\/10\/24\/otan-erdogan-signe-le-protocole-sur-ladhesion-de-la-suede\/"},"wordCount":483,"commentCount":0,"publisher":{"@id":"https:\/\/lasentinelle.dz\/#organization"},"image":{"@id":"https:\/\/lasentinelle.dz\/index.php\/2023\/10\/24\/otan-erdogan-signe-le-protocole-sur-ladhesion-de-la-suede\/#primaryimage"},"thumbnailUrl":"https:\/\/lasentinelle.dz\/wp-content\/uploads\/2022\/08\/Erdogan-compressed.jpg","articleSection":["Monde"],"inLanguage":"fr-FR","potentialAction":[{"@type":"CommentAction","name":"Comment","target":["https:\/\/lasentinelle.dz\/index.php\/2023\/10\/24\/otan-erdogan-signe-le-protocole-sur-ladhesion-de-la-suede\/#respond"]}]},{"@type":"WebPage","@id":"https:\/\/lasentinelle.dz\/index.php\/2023\/10\/24\/otan-erdogan-signe-le-protocole-sur-ladhesion-de-la-suede\/","url":"https:\/\/lasentinelle.dz\/index.php\/2023\/10\/24\/otan-erdogan-signe-le-protocole-sur-ladhesion-de-la-suede\/","name":"OTAN\u00a0: Erdogan signe le protocole sur l\u2019adh\u00e9sion de la Su\u00e8de - La Sentinelle","isPartOf":{"@id":"https:\/\/lasentinelle.dz\/#website"},"primaryImageOfPage":{"@id":"https:\/\/lasentinelle.dz\/index.php\/2023\/10\/24\/otan-erdogan-signe-le-protocole-sur-ladhesion-de-la-suede\/#primaryimage"},"image":{"@id":"https:\/\/lasentinelle.dz\/index.php\/2023\/10\/24\/otan-erdogan-signe-le-protocole-sur-ladhesion-de-la-suede\/#primaryimage"},"thumbnailUrl":"https:\/\/lasentinelle.dz\/wp-content\/uploads\/2022\/08\/Erdogan-compressed.jpg","datePublished":"2023-10-24T20:49:51+00:00","dateModified":"2023-10-24T20:49:53+00:00","breadcrumb":{"@id":"https:\/\/lasentinelle.dz\/index.php\/2023\/10\/24\/otan-erdogan-signe-le-protocole-sur-ladhesion-de-la-suede\/#breadcrumb"},"inLanguage":"fr-FR","potentialAction":[{"@type":"ReadAction","target":["https:\/\/lasentinelle.dz\/index.php\/2023\/10\/24\/otan-erdogan-signe-le-protocole-sur-ladhesion-de-la-suede\/"]}]},{"@type":"ImageObject","inLanguage":"fr-FR","@id":"https:\/\/lasentinelle.dz\/index.php\/2023\/10\/24\/otan-erdogan-signe-le-protocole-sur-ladhesion-de-la-suede\/#primaryimage","url":"https:\/\/lasentinelle.dz\/wp-content\/uploads\/2022\/08\/Erdogan-compressed.jpg","contentUrl":"https:\/\/lasentinelle.dz\/wp-content\/uploads\/2022\/08\/Erdogan-compressed.jpg","width":768,"height":492},{"@type":"BreadcrumbList","@id":"https:\/\/lasentinelle.dz\/index.php\/2023\/10\/24\/otan-erdogan-signe-le-protocole-sur-ladhesion-de-la-suede\/#breadcrumb","itemListElement":[{"@type":"ListItem","position":1,"name":"Accueil","item":"https:\/\/lasentinelle.dz\/"},{"@type":"ListItem","position":2,"name":"OTAN\u00a0: Erdogan signe le protocole sur l\u2019adh\u00e9sion de la Su\u00e8de"}]},{"@type":"WebSite","@id":"https:\/\/lasentinelle.dz\/#website","url":"https:\/\/lasentinelle.dz\/","name":"La Sentinelle","description":"Quotidien national d&#039;information","publisher":{"@id":"https:\/\/lasentinelle.dz\/#organization"},"potentialAction":[{"@type":"SearchAction","target":{"@type":"EntryPoint","urlTemplate":"https:\/\/lasentinelle.dz\/?s={search_term_string}"},"query-input":{"@type":"PropertyValueSpecification","valueRequired":true,"valueName":"search_term_string"}}],"inLanguage":"fr-FR"},{"@type":"Organization","@id":"https:\/\/lasentinelle.dz\/#organization","name":"Quotidien La Sentinelle","url":"https:\/\/lasentinelle.dz\/","logo":{"@type":"ImageObject","inLanguage":"fr-FR","@id":"https:\/\/lasentinelle.dz\/#\/schema\/logo\/image\/","url":"https:\/\/lasentinelle.dz\/wp-content\/uploads\/2021\/09\/logo-sentinelleSLOGAN-1.png","contentUrl":"https:\/\/lasentinelle.dz\/wp-content\/uploads\/2021\/09\/logo-sentinelleSLOGAN-1.png","width":615,"height":142,"caption":"Quotidien La Sentinelle"},"image":{"@id":"https:\/\/lasentinelle.dz\/#\/schema\/logo\/image\/"},"sameAs":["https:\/\/www.facebook.com\/La-Sentinelle-104059864394773"]},{"@type":"Person","@id":"https:\/\/lasentinelle.dz\/#\/schema\/person\/d865044e22e70a75174ce8bcad3acfb3","name":"La Sentinelle","image":{"@type":"ImageObject","inLanguage":"fr-FR","@id":"https:\/\/secure.gravatar.com\/avatar\/57de8e5d4b15d43fb361a71fbb36338450fe67865b528a43dd10ef7c51a20392?s=96&d=mm&r=g","url":"https:\/\/secure.gravatar.com\/avatar\/57de8e5d4b15d43fb361a71fbb36338450fe67865b528a43dd10ef7c51a20392?s=96&d=mm&r=g","contentUrl":"https:\/\/secure.gravatar.com\/avatar\/57de8e5d4b15d43fb361a71fbb36338450fe67865b528a43dd10ef7c51a20392?s=96&d=mm&r=g","caption":"La Sentinelle"},"sameAs":["http:\/\/www.lasentinelle.dz"],"url":"https:\/\/lasentinelle.dz\/author\/redaction\/"}]}},"_links":{"self":[{"href":"https:\/\/lasentinelle.dz\/index.php\/wp-json\/wp\/v2\/posts\/46600","targetHints":{"allow":["GET"]}}],"collection":[{"href":"https:\/\/lasentinelle.dz\/index.php\/wp-json\/wp\/v2\/posts"}],"about":[{"href":"https:\/\/lasentinelle.dz\/index.php\/wp-json\/wp\/v2\/types\/post"}],"author":[{"embeddable":true,"href":"https:\/\/lasentinelle.dz\/index.php\/wp-json\/wp\/v2\/users\/3"}],"replies":[{"embeddable":true,"href":"https:\/\/lasentinelle.dz\/index.php\/wp-json\/wp\/v2\/comments?post=46600"}],"version-history":[{"count":1,"href":"https:\/\/lasentinelle.dz\/index.php\/wp-json\/wp\/v2\/posts\/46600\/revisions"}],"predecessor-version":[{"id":46601,"href":"https:\/\/lasentinelle.dz\/index.php\/wp-json\/wp\/v2\/posts\/46600\/revisions\/46601"}],"wp:featuredmedia":[{"embeddable":true,"href":"https:\/\/lasentinelle.dz\/index.php\/wp-json\/wp\/v2\/media\/25868"}],"wp:attachment":[{"href":"https:\/\/lasentinelle.dz\/index.php\/wp-json\/wp\/v2\/media?parent=46600"}],"wp:term":[{"taxonomy":"category","embeddable":true,"href":"https:\/\/lasentinelle.dz\/index.php\/wp-json\/wp\/v2\/categories?post=46600"},{"taxonomy":"post_tag","embeddable":true,"href":"https:\/\/lasentinelle.dz\/index.php\/wp-json\/wp\/v2\/tags?post=46600"}],"curies":[{"name":"wp","href":"https:\/\/api.w.org\/{rel}","templated":true}]}}