{"id":46673,"date":"2023-10-28T21:28:10","date_gmt":"2023-10-28T20:28:10","guid":{"rendered":"https:\/\/lasentinelle.dz\/?p=46673"},"modified":"2023-10-28T21:28:13","modified_gmt":"2023-10-28T20:28:13","slug":"mondial-de-mini-foot-lequipe-de-ziani-et-taider-au-coeur-de-la-polemique","status":"publish","type":"post","link":"https:\/\/lasentinelle.dz\/index.php\/2023\/10\/28\/mondial-de-mini-foot-lequipe-de-ziani-et-taider-au-coeur-de-la-polemique\/","title":{"rendered":"Mondial de mini-foot\u00a0: L\u2019\u00e9quipe de Ziani et Taider au c\u0153ur de la pol\u00e9mique"},"content":{"rendered":"\n<p>La participation de l\u2019Alg\u00e9rie au Mondial de mini-foot est au c\u0153ur d\u2019une pol\u00e9mique entre la F\u00e9d\u00e9ration alg\u00e9rienne de football et l\u2019\u00e9quipe qui prend part \u00e0 la comp\u00e9tition et laquelle compte certaines anciens membres de l\u2019EN \u00e0 l\u2019image de Karim Ziani et de Saphir Ta\u00efder. Une \u00e9quipe que la FAF ne reconna\u00eet pas.<\/p>\n\n\n\n<p>L\u2019instance f\u00e9d\u00e9rale a d\u2019ailleurs tenu \u00e0 le souligner via un communiqu\u00e9. \u00ab&nbsp; Suite \u00e0 la participation d\u2019une \u00e9quipe au nom de l\u2019Alg\u00e9rie \u00e0 une Coupe du monde de mini foot qu\u2019abrite l\u2019Emirat de Ras El-Kheima, aux Emirats Arabes Unis, du 26 octobre au 4 novembre 2023, la F\u00e9d\u00e9ration alg\u00e9rienne de football tient \u00e0 informer l\u2019opinion sportive que cette \u00e9quipe, compos\u00e9e de quelques anciens joueurs, n\u2019est pas affili\u00e9e ni reconnue et encore moins autoris\u00e9e par la F\u00e9d\u00e9ration alg\u00e9rienne de football pour prendre part \u00e0 cet \u00e9v\u00e9nement ou bien \u00e0 d\u2019autres comp\u00e9titions dans les autres cat\u00e9gories&nbsp;\u00bb, indique le communiqu\u00e9 en question. \u00ab&nbsp;La F\u00e9d\u00e9ration alg\u00e9rienne de football condamne de telles d\u00e9rives qui portent atteinte \u00e0 l\u2019image de l\u2019Alg\u00e9rie et annonce qu\u2019elle prendra les mesures n\u00e9cessaires pour mettre toute la lumi\u00e8re sur cette affaire&nbsp;\u00bb, ajoute la FAF. Pour sa part l\u2019\u00e9quipe qui prend part \u00e0 la comp\u00e9tition, qui se d\u00e9roule du 26 octobre au 4 novembre \u00e0 Ras Al Khaimah. Un communiqu\u00e9 auquel l\u2019\u00e9quipe en question a tenu \u00e0 r\u00e9pondre en soulignant qu\u2019elle ne d\u00e9pend pas de la FAF, vu que le mini-foot qui se joue \u00e0 6vs6 ne d\u00e9pend pas de la FIFA, mais d\u2019une f\u00e9d\u00e9ration d\u00e9di\u00e9e. &nbsp;Notons que l\u2019\u00e9quipe en question a entam\u00e9 son mondial par une d\u00e9faite \u00e9crasante 9-1 contre l&rsquo;Ukraine jeudi, malgr\u00e9 la pr\u00e9sence de ses deux \u00e9toiles. Une d\u00e9confiture que l\u2019\u00e9quipe en question a expliqu\u00e9 par le manque de pr\u00e9paration li\u00e9 \u00e0 la convocation tardive des joueurs.<\/p>\n\n\n\n<p>R.S.<\/p>\n","protected":false},"excerpt":{"rendered":"<p>La participation de l\u2019Alg\u00e9rie au Mondial de mini-foot est au c\u0153ur d\u2019une pol\u00e9mique entre la F\u00e9d\u00e9ration alg\u00e9rienne de football et<\/p>\n","protected":false},"author":3,"featured_media":46674,"comment_status":"open","ping_status":"closed","sticky":false,"template":"","format":"standard","meta":{"colormag_page_container_layout":"default_layout","colormag_page_sidebar_layout":"default_layout","om_disable_all_campaigns":false,"_monsterinsights_skip_tracking":false,"_monsterinsights_sitenote_active":false,"_monsterinsights_sitenote_note":"","_monsterinsights_sitenote_category":0,"footnotes":"","_wpscppro_dont_share_socialmedia":false,"_wpscppro_custom_social_share_image":0,"_facebook_share_type":"","_twitter_share_type":"","_linkedin_share_type":"","_pinterest_share_type":"","_linkedin_share_type_page":"","_instagram_share_type":"","_medium_share_type":"","_threads_share_type":"","_google_business_share_type":"","_selected_social_profile":[],"_wpsp_enable_custom_social_template":false,"_wpsp_social_scheduling":{"enabled":false,"datetime":null,"platforms":[],"status":"template_only","dateOption":"today","timeOption":"now","customDays":"","customHours":"","customDate":"","customTime":"","schedulingType":"absolute"},"_wpsp_active_default_template":true},"categories":[33],"tags":[],"class_list":["post-46673","post","type-post","status-publish","format-standard","has-post-thumbnail","hentry","category-sports"],"aioseo_notices":[],"yoast_head":"<!-- This site is optimized with the Yoast SEO plugin v27.5 - https:\/\/yoast.com\/product\/yoast-seo-wordpress\/ -->\n<title>Mondial de mini-foot\u00a0: L\u2019\u00e9quipe de Ziani et Taider au c\u0153ur de la pol\u00e9mique - La Sentinelle<\/title>\n<meta name=\"robots\" content=\"index, follow, max-snippet:-1, max-image-preview:large, max-video-preview:-1\" \/>\n<link rel=\"canonical\" href=\"https:\/\/lasentinelle.dz\/index.php\/2023\/10\/28\/mondial-de-mini-foot-lequipe-de-ziani-et-taider-au-coeur-de-la-polemique\/\" \/>\n<meta property=\"og:locale\" content=\"fr_FR\" \/>\n<meta property=\"og:type\" content=\"article\" \/>\n<meta property=\"og:title\" content=\"Mondial de mini-foot\u00a0: L\u2019\u00e9quipe de Ziani et Taider au c\u0153ur de la pol\u00e9mique - La Sentinelle\" \/>\n<meta property=\"og:description\" content=\"La participation de l\u2019Alg\u00e9rie au Mondial de mini-foot est au c\u0153ur d\u2019une pol\u00e9mique entre la F\u00e9d\u00e9ration alg\u00e9rienne de football et\" \/>\n<meta property=\"og:url\" content=\"https:\/\/lasentinelle.dz\/index.php\/2023\/10\/28\/mondial-de-mini-foot-lequipe-de-ziani-et-taider-au-coeur-de-la-polemique\/\" \/>\n<meta property=\"og:site_name\" content=\"La Sentinelle\" \/>\n<meta property=\"article:publisher\" content=\"https:\/\/www.facebook.com\/La-Sentinelle-104059864394773\" \/>\n<meta property=\"article:published_time\" content=\"2023-10-28T20:28:10+00:00\" \/>\n<meta property=\"article:modified_time\" content=\"2023-10-28T20:28:13+00:00\" \/>\n<meta property=\"og:image\" content=\"https:\/\/lasentinelle.dz\/wp-content\/uploads\/2023\/10\/Ziani.webp\" \/>\n\t<meta property=\"og:image:width\" content=\"2048\" \/>\n\t<meta property=\"og:image:height\" content=\"1330\" \/>\n\t<meta property=\"og:image:type\" content=\"image\/webp\" \/>\n<meta name=\"author\" content=\"La Sentinelle\" \/>\n<meta name=\"twitter:card\" content=\"summary_large_image\" \/>\n<meta name=\"twitter:label1\" content=\"\u00c9crit par\" \/>\n\t<meta name=\"twitter:data1\" content=\"La Sentinelle\" \/>\n\t<meta name=\"twitter:label2\" content=\"Dur\u00e9e de lecture estim\u00e9e\" \/>\n\t<meta name=\"twitter:data2\" content=\"2 minutes\" \/>\n<script type=\"application\/ld+json\" class=\"yoast-schema-graph\">{\"@context\":\"https:\\\/\\\/schema.org\",\"@graph\":[{\"@type\":\"Article\",\"@id\":\"https:\\\/\\\/lasentinelle.dz\\\/index.php\\\/2023\\\/10\\\/28\\\/mondial-de-mini-foot-lequipe-de-ziani-et-taider-au-coeur-de-la-polemique\\\/#article\",\"isPartOf\":{\"@id\":\"https:\\\/\\\/lasentinelle.dz\\\/index.php\\\/2023\\\/10\\\/28\\\/mondial-de-mini-foot-lequipe-de-ziani-et-taider-au-coeur-de-la-polemique\\\/\"},\"author\":{\"name\":\"La Sentinelle\",\"@id\":\"https:\\\/\\\/lasentinelle.dz\\\/#\\\/schema\\\/person\\\/d865044e22e70a75174ce8bcad3acfb3\"},\"headline\":\"Mondial de mini-foot\u00a0: L\u2019\u00e9quipe de Ziani et Taider au c\u0153ur de la pol\u00e9mique\",\"datePublished\":\"2023-10-28T20:28:10+00:00\",\"dateModified\":\"2023-10-28T20:28:13+00:00\",\"mainEntityOfPage\":{\"@id\":\"https:\\\/\\\/lasentinelle.dz\\\/index.php\\\/2023\\\/10\\\/28\\\/mondial-de-mini-foot-lequipe-de-ziani-et-taider-au-coeur-de-la-polemique\\\/\"},\"wordCount\":361,\"commentCount\":0,\"publisher\":{\"@id\":\"https:\\\/\\\/lasentinelle.dz\\\/#organization\"},\"image\":{\"@id\":\"https:\\\/\\\/lasentinelle.dz\\\/index.php\\\/2023\\\/10\\\/28\\\/mondial-de-mini-foot-lequipe-de-ziani-et-taider-au-coeur-de-la-polemique\\\/#primaryimage\"},\"thumbnailUrl\":\"https:\\\/\\\/lasentinelle.dz\\\/wp-content\\\/uploads\\\/2023\\\/10\\\/Ziani.webp\",\"articleSection\":[\"Sports\"],\"inLanguage\":\"fr-FR\",\"potentialAction\":[{\"@type\":\"CommentAction\",\"name\":\"Comment\",\"target\":[\"https:\\\/\\\/lasentinelle.dz\\\/index.php\\\/2023\\\/10\\\/28\\\/mondial-de-mini-foot-lequipe-de-ziani-et-taider-au-coeur-de-la-polemique\\\/#respond\"]}]},{\"@type\":\"WebPage\",\"@id\":\"https:\\\/\\\/lasentinelle.dz\\\/index.php\\\/2023\\\/10\\\/28\\\/mondial-de-mini-foot-lequipe-de-ziani-et-taider-au-coeur-de-la-polemique\\\/\",\"url\":\"https:\\\/\\\/lasentinelle.dz\\\/index.php\\\/2023\\\/10\\\/28\\\/mondial-de-mini-foot-lequipe-de-ziani-et-taider-au-coeur-de-la-polemique\\\/\",\"name\":\"Mondial de mini-foot\u00a0: L\u2019\u00e9quipe de Ziani et Taider au c\u0153ur de la pol\u00e9mique - La Sentinelle\",\"isPartOf\":{\"@id\":\"https:\\\/\\\/lasentinelle.dz\\\/#website\"},\"primaryImageOfPage\":{\"@id\":\"https:\\\/\\\/lasentinelle.dz\\\/index.php\\\/2023\\\/10\\\/28\\\/mondial-de-mini-foot-lequipe-de-ziani-et-taider-au-coeur-de-la-polemique\\\/#primaryimage\"},\"image\":{\"@id\":\"https:\\\/\\\/lasentinelle.dz\\\/index.php\\\/2023\\\/10\\\/28\\\/mondial-de-mini-foot-lequipe-de-ziani-et-taider-au-coeur-de-la-polemique\\\/#primaryimage\"},\"thumbnailUrl\":\"https:\\\/\\\/lasentinelle.dz\\\/wp-content\\\/uploads\\\/2023\\\/10\\\/Ziani.webp\",\"datePublished\":\"2023-10-28T20:28:10+00:00\",\"dateModified\":\"2023-10-28T20:28:13+00:00\",\"breadcrumb\":{\"@id\":\"https:\\\/\\\/lasentinelle.dz\\\/index.php\\\/2023\\\/10\\\/28\\\/mondial-de-mini-foot-lequipe-de-ziani-et-taider-au-coeur-de-la-polemique\\\/#breadcrumb\"},\"inLanguage\":\"fr-FR\",\"potentialAction\":[{\"@type\":\"ReadAction\",\"target\":[\"https:\\\/\\\/lasentinelle.dz\\\/index.php\\\/2023\\\/10\\\/28\\\/mondial-de-mini-foot-lequipe-de-ziani-et-taider-au-coeur-de-la-polemique\\\/\"]}]},{\"@type\":\"ImageObject\",\"inLanguage\":\"fr-FR\",\"@id\":\"https:\\\/\\\/lasentinelle.dz\\\/index.php\\\/2023\\\/10\\\/28\\\/mondial-de-mini-foot-lequipe-de-ziani-et-taider-au-coeur-de-la-polemique\\\/#primaryimage\",\"url\":\"https:\\\/\\\/lasentinelle.dz\\\/wp-content\\\/uploads\\\/2023\\\/10\\\/Ziani.webp\",\"contentUrl\":\"https:\\\/\\\/lasentinelle.dz\\\/wp-content\\\/uploads\\\/2023\\\/10\\\/Ziani.webp\",\"width\":2048,\"height\":1330},{\"@type\":\"BreadcrumbList\",\"@id\":\"https:\\\/\\\/lasentinelle.dz\\\/index.php\\\/2023\\\/10\\\/28\\\/mondial-de-mini-foot-lequipe-de-ziani-et-taider-au-coeur-de-la-polemique\\\/#breadcrumb\",\"itemListElement\":[{\"@type\":\"ListItem\",\"position\":1,\"name\":\"Accueil\",\"item\":\"https:\\\/\\\/lasentinelle.dz\\\/\"},{\"@type\":\"ListItem\",\"position\":2,\"name\":\"Mondial de mini-foot\u00a0: L\u2019\u00e9quipe de Ziani et Taider au c\u0153ur de la pol\u00e9mique\"}]},{\"@type\":\"WebSite\",\"@id\":\"https:\\\/\\\/lasentinelle.dz\\\/#website\",\"url\":\"https:\\\/\\\/lasentinelle.dz\\\/\",\"name\":\"La Sentinelle\",\"description\":\"Quotidien national d&#039;information\",\"publisher\":{\"@id\":\"https:\\\/\\\/lasentinelle.dz\\\/#organization\"},\"potentialAction\":[{\"@type\":\"SearchAction\",\"target\":{\"@type\":\"EntryPoint\",\"urlTemplate\":\"https:\\\/\\\/lasentinelle.dz\\\/?s={search_term_string}\"},\"query-input\":{\"@type\":\"PropertyValueSpecification\",\"valueRequired\":true,\"valueName\":\"search_term_string\"}}],\"inLanguage\":\"fr-FR\"},{\"@type\":\"Organization\",\"@id\":\"https:\\\/\\\/lasentinelle.dz\\\/#organization\",\"name\":\"Quotidien La Sentinelle\",\"url\":\"https:\\\/\\\/lasentinelle.dz\\\/\",\"logo\":{\"@type\":\"ImageObject\",\"inLanguage\":\"fr-FR\",\"@id\":\"https:\\\/\\\/lasentinelle.dz\\\/#\\\/schema\\\/logo\\\/image\\\/\",\"url\":\"https:\\\/\\\/lasentinelle.dz\\\/wp-content\\\/uploads\\\/2021\\\/09\\\/logo-sentinelleSLOGAN-1.png\",\"contentUrl\":\"https:\\\/\\\/lasentinelle.dz\\\/wp-content\\\/uploads\\\/2021\\\/09\\\/logo-sentinelleSLOGAN-1.png\",\"width\":615,\"height\":142,\"caption\":\"Quotidien La Sentinelle\"},\"image\":{\"@id\":\"https:\\\/\\\/lasentinelle.dz\\\/#\\\/schema\\\/logo\\\/image\\\/\"},\"sameAs\":[\"https:\\\/\\\/www.facebook.com\\\/La-Sentinelle-104059864394773\"]},{\"@type\":\"Person\",\"@id\":\"https:\\\/\\\/lasentinelle.dz\\\/#\\\/schema\\\/person\\\/d865044e22e70a75174ce8bcad3acfb3\",\"name\":\"La Sentinelle\",\"image\":{\"@type\":\"ImageObject\",\"inLanguage\":\"fr-FR\",\"@id\":\"https:\\\/\\\/secure.gravatar.com\\\/avatar\\\/57de8e5d4b15d43fb361a71fbb36338450fe67865b528a43dd10ef7c51a20392?s=96&d=mm&r=g\",\"url\":\"https:\\\/\\\/secure.gravatar.com\\\/avatar\\\/57de8e5d4b15d43fb361a71fbb36338450fe67865b528a43dd10ef7c51a20392?s=96&d=mm&r=g\",\"contentUrl\":\"https:\\\/\\\/secure.gravatar.com\\\/avatar\\\/57de8e5d4b15d43fb361a71fbb36338450fe67865b528a43dd10ef7c51a20392?s=96&d=mm&r=g\",\"caption\":\"La Sentinelle\"},\"sameAs\":[\"http:\\\/\\\/www.lasentinelle.dz\"],\"url\":\"https:\\\/\\\/lasentinelle.dz\\\/author\\\/redaction\\\/\"}]}<\/script>\n<!-- \/ Yoast SEO plugin. -->","yoast_head_json":{"title":"Mondial de mini-foot\u00a0: L\u2019\u00e9quipe de Ziani et Taider au c\u0153ur de la pol\u00e9mique - La Sentinelle","robots":{"index":"index","follow":"follow","max-snippet":"max-snippet:-1","max-image-preview":"max-image-preview:large","max-video-preview":"max-video-preview:-1"},"canonical":"https:\/\/lasentinelle.dz\/index.php\/2023\/10\/28\/mondial-de-mini-foot-lequipe-de-ziani-et-taider-au-coeur-de-la-polemique\/","og_locale":"fr_FR","og_type":"article","og_title":"Mondial de mini-foot\u00a0: L\u2019\u00e9quipe de Ziani et Taider au c\u0153ur de la pol\u00e9mique - La Sentinelle","og_description":"La participation de l\u2019Alg\u00e9rie au Mondial de mini-foot est au c\u0153ur d\u2019une pol\u00e9mique entre la F\u00e9d\u00e9ration alg\u00e9rienne de football et","og_url":"https:\/\/lasentinelle.dz\/index.php\/2023\/10\/28\/mondial-de-mini-foot-lequipe-de-ziani-et-taider-au-coeur-de-la-polemique\/","og_site_name":"La Sentinelle","article_publisher":"https:\/\/www.facebook.com\/La-Sentinelle-104059864394773","article_published_time":"2023-10-28T20:28:10+00:00","article_modified_time":"2023-10-28T20:28:13+00:00","og_image":[{"width":2048,"height":1330,"url":"https:\/\/lasentinelle.dz\/wp-content\/uploads\/2023\/10\/Ziani.webp","type":"image\/webp"}],"author":"La Sentinelle","twitter_card":"summary_large_image","twitter_misc":{"\u00c9crit par":"La Sentinelle","Dur\u00e9e de lecture estim\u00e9e":"2 minutes"},"schema":{"@context":"https:\/\/schema.org","@graph":[{"@type":"Article","@id":"https:\/\/lasentinelle.dz\/index.php\/2023\/10\/28\/mondial-de-mini-foot-lequipe-de-ziani-et-taider-au-coeur-de-la-polemique\/#article","isPartOf":{"@id":"https:\/\/lasentinelle.dz\/index.php\/2023\/10\/28\/mondial-de-mini-foot-lequipe-de-ziani-et-taider-au-coeur-de-la-polemique\/"},"author":{"name":"La Sentinelle","@id":"https:\/\/lasentinelle.dz\/#\/schema\/person\/d865044e22e70a75174ce8bcad3acfb3"},"headline":"Mondial de mini-foot\u00a0: L\u2019\u00e9quipe de Ziani et Taider au c\u0153ur de la pol\u00e9mique","datePublished":"2023-10-28T20:28:10+00:00","dateModified":"2023-10-28T20:28:13+00:00","mainEntityOfPage":{"@id":"https:\/\/lasentinelle.dz\/index.php\/2023\/10\/28\/mondial-de-mini-foot-lequipe-de-ziani-et-taider-au-coeur-de-la-polemique\/"},"wordCount":361,"commentCount":0,"publisher":{"@id":"https:\/\/lasentinelle.dz\/#organization"},"image":{"@id":"https:\/\/lasentinelle.dz\/index.php\/2023\/10\/28\/mondial-de-mini-foot-lequipe-de-ziani-et-taider-au-coeur-de-la-polemique\/#primaryimage"},"thumbnailUrl":"https:\/\/lasentinelle.dz\/wp-content\/uploads\/2023\/10\/Ziani.webp","articleSection":["Sports"],"inLanguage":"fr-FR","potentialAction":[{"@type":"CommentAction","name":"Comment","target":["https:\/\/lasentinelle.dz\/index.php\/2023\/10\/28\/mondial-de-mini-foot-lequipe-de-ziani-et-taider-au-coeur-de-la-polemique\/#respond"]}]},{"@type":"WebPage","@id":"https:\/\/lasentinelle.dz\/index.php\/2023\/10\/28\/mondial-de-mini-foot-lequipe-de-ziani-et-taider-au-coeur-de-la-polemique\/","url":"https:\/\/lasentinelle.dz\/index.php\/2023\/10\/28\/mondial-de-mini-foot-lequipe-de-ziani-et-taider-au-coeur-de-la-polemique\/","name":"Mondial de mini-foot\u00a0: L\u2019\u00e9quipe de Ziani et Taider au c\u0153ur de la pol\u00e9mique - La Sentinelle","isPartOf":{"@id":"https:\/\/lasentinelle.dz\/#website"},"primaryImageOfPage":{"@id":"https:\/\/lasentinelle.dz\/index.php\/2023\/10\/28\/mondial-de-mini-foot-lequipe-de-ziani-et-taider-au-coeur-de-la-polemique\/#primaryimage"},"image":{"@id":"https:\/\/lasentinelle.dz\/index.php\/2023\/10\/28\/mondial-de-mini-foot-lequipe-de-ziani-et-taider-au-coeur-de-la-polemique\/#primaryimage"},"thumbnailUrl":"https:\/\/lasentinelle.dz\/wp-content\/uploads\/2023\/10\/Ziani.webp","datePublished":"2023-10-28T20:28:10+00:00","dateModified":"2023-10-28T20:28:13+00:00","breadcrumb":{"@id":"https:\/\/lasentinelle.dz\/index.php\/2023\/10\/28\/mondial-de-mini-foot-lequipe-de-ziani-et-taider-au-coeur-de-la-polemique\/#breadcrumb"},"inLanguage":"fr-FR","potentialAction":[{"@type":"ReadAction","target":["https:\/\/lasentinelle.dz\/index.php\/2023\/10\/28\/mondial-de-mini-foot-lequipe-de-ziani-et-taider-au-coeur-de-la-polemique\/"]}]},{"@type":"ImageObject","inLanguage":"fr-FR","@id":"https:\/\/lasentinelle.dz\/index.php\/2023\/10\/28\/mondial-de-mini-foot-lequipe-de-ziani-et-taider-au-coeur-de-la-polemique\/#primaryimage","url":"https:\/\/lasentinelle.dz\/wp-content\/uploads\/2023\/10\/Ziani.webp","contentUrl":"https:\/\/lasentinelle.dz\/wp-content\/uploads\/2023\/10\/Ziani.webp","width":2048,"height":1330},{"@type":"BreadcrumbList","@id":"https:\/\/lasentinelle.dz\/index.php\/2023\/10\/28\/mondial-de-mini-foot-lequipe-de-ziani-et-taider-au-coeur-de-la-polemique\/#breadcrumb","itemListElement":[{"@type":"ListItem","position":1,"name":"Accueil","item":"https:\/\/lasentinelle.dz\/"},{"@type":"ListItem","position":2,"name":"Mondial de mini-foot\u00a0: L\u2019\u00e9quipe de Ziani et Taider au c\u0153ur de la pol\u00e9mique"}]},{"@type":"WebSite","@id":"https:\/\/lasentinelle.dz\/#website","url":"https:\/\/lasentinelle.dz\/","name":"La Sentinelle","description":"Quotidien national d&#039;information","publisher":{"@id":"https:\/\/lasentinelle.dz\/#organization"},"potentialAction":[{"@type":"SearchAction","target":{"@type":"EntryPoint","urlTemplate":"https:\/\/lasentinelle.dz\/?s={search_term_string}"},"query-input":{"@type":"PropertyValueSpecification","valueRequired":true,"valueName":"search_term_string"}}],"inLanguage":"fr-FR"},{"@type":"Organization","@id":"https:\/\/lasentinelle.dz\/#organization","name":"Quotidien La Sentinelle","url":"https:\/\/lasentinelle.dz\/","logo":{"@type":"ImageObject","inLanguage":"fr-FR","@id":"https:\/\/lasentinelle.dz\/#\/schema\/logo\/image\/","url":"https:\/\/lasentinelle.dz\/wp-content\/uploads\/2021\/09\/logo-sentinelleSLOGAN-1.png","contentUrl":"https:\/\/lasentinelle.dz\/wp-content\/uploads\/2021\/09\/logo-sentinelleSLOGAN-1.png","width":615,"height":142,"caption":"Quotidien La Sentinelle"},"image":{"@id":"https:\/\/lasentinelle.dz\/#\/schema\/logo\/image\/"},"sameAs":["https:\/\/www.facebook.com\/La-Sentinelle-104059864394773"]},{"@type":"Person","@id":"https:\/\/lasentinelle.dz\/#\/schema\/person\/d865044e22e70a75174ce8bcad3acfb3","name":"La Sentinelle","image":{"@type":"ImageObject","inLanguage":"fr-FR","@id":"https:\/\/secure.gravatar.com\/avatar\/57de8e5d4b15d43fb361a71fbb36338450fe67865b528a43dd10ef7c51a20392?s=96&d=mm&r=g","url":"https:\/\/secure.gravatar.com\/avatar\/57de8e5d4b15d43fb361a71fbb36338450fe67865b528a43dd10ef7c51a20392?s=96&d=mm&r=g","contentUrl":"https:\/\/secure.gravatar.com\/avatar\/57de8e5d4b15d43fb361a71fbb36338450fe67865b528a43dd10ef7c51a20392?s=96&d=mm&r=g","caption":"La Sentinelle"},"sameAs":["http:\/\/www.lasentinelle.dz"],"url":"https:\/\/lasentinelle.dz\/author\/redaction\/"}]}},"_links":{"self":[{"href":"https:\/\/lasentinelle.dz\/index.php\/wp-json\/wp\/v2\/posts\/46673","targetHints":{"allow":["GET"]}}],"collection":[{"href":"https:\/\/lasentinelle.dz\/index.php\/wp-json\/wp\/v2\/posts"}],"about":[{"href":"https:\/\/lasentinelle.dz\/index.php\/wp-json\/wp\/v2\/types\/post"}],"author":[{"embeddable":true,"href":"https:\/\/lasentinelle.dz\/index.php\/wp-json\/wp\/v2\/users\/3"}],"replies":[{"embeddable":true,"href":"https:\/\/lasentinelle.dz\/index.php\/wp-json\/wp\/v2\/comments?post=46673"}],"version-history":[{"count":1,"href":"https:\/\/lasentinelle.dz\/index.php\/wp-json\/wp\/v2\/posts\/46673\/revisions"}],"predecessor-version":[{"id":46675,"href":"https:\/\/lasentinelle.dz\/index.php\/wp-json\/wp\/v2\/posts\/46673\/revisions\/46675"}],"wp:featuredmedia":[{"embeddable":true,"href":"https:\/\/lasentinelle.dz\/index.php\/wp-json\/wp\/v2\/media\/46674"}],"wp:attachment":[{"href":"https:\/\/lasentinelle.dz\/index.php\/wp-json\/wp\/v2\/media?parent=46673"}],"wp:term":[{"taxonomy":"category","embeddable":true,"href":"https:\/\/lasentinelle.dz\/index.php\/wp-json\/wp\/v2\/categories?post=46673"},{"taxonomy":"post_tag","embeddable":true,"href":"https:\/\/lasentinelle.dz\/index.php\/wp-json\/wp\/v2\/tags?post=46673"}],"curies":[{"name":"wp","href":"https:\/\/api.w.org\/{rel}","templated":true}]}}