{"id":46676,"date":"2023-10-28T21:31:30","date_gmt":"2023-10-28T20:31:30","guid":{"rendered":"https:\/\/lasentinelle.dz\/?p=46676"},"modified":"2023-10-28T21:31:32","modified_gmt":"2023-10-28T20:31:32","slug":"les-verts-mettent-le-cap-sur-le-mondial","status":"publish","type":"post","link":"https:\/\/lasentinelle.dz\/index.php\/2023\/10\/28\/les-verts-mettent-le-cap-sur-le-mondial\/","title":{"rendered":"Les Verts mettent le cap sur le Mondial"},"content":{"rendered":"\n<p>Les Verts vont entamer le tournoi \u00e9liminatoire du Mondial 2026 dans une vingtaine de jours. Deux matchs sont pr\u00e9vus au programme de novembre&nbsp;; le premier contre la Somalie \u00e0 Alger, tandis que le second match se jouera contre le Mozambique \u00e0 Maputo. Ainsi, la FIFA a d\u00e9sign\u00e9 un quatuor Malien pour officier le match Alg\u00e9rie \u2013 Somalie pr\u00e9vu le jeudi 16 novembre novembre prochain au stade Nelson Mandela de Baraki, \u00e0 Alger, comptant pour la 1\u00e8re journ\u00e9e des \u00e9liminatoires de la Coupe du Monde de la FIFA \u2013 Zone Afrique, a indiqu\u00e9 la F\u00e9d\u00e9ration alg\u00e9rienne de football dans un communiqu\u00e9.<\/p>\n\n\n\n<p>Il s\u2019agit de Boubou Traore qui sera assist\u00e9 de Modibo Samake (1er assistant) et Baba Yomboliba (2\u00e8me assistant), alors que le 4\u00e8me arbitre es Mahamdou Keita.<\/p>\n\n\n\n<p>L\u2019assesseur est l\u2019Ethiopien Tesfanesh HAILU et le commissaire au match n\u2019est autre que le Libyen M. Gamal Salem Embaia. Pour sa part, le match Mozambique- Alg\u00e9rie comptant pour la 2e journ\u00e9e des \u00e9liminatoires de la Coupe du Monde 2026 Groupe G, aura lieu le dimanche 19 novembre \u00e0 15h00 au Estadio do Zimpeto \u00e0 Maputo, selon le calendrier de la comp\u00e9tition d\u00e9voil\u00e9 jeudi par la F\u00e9d\u00e9ration internationale de football (FIFA). Pour le compte de la m\u00eame journ\u00e9e dans le groupe G, le Botswana accueillera la Guin\u00e9e le 21 novembre \u00e0 15h00 \u00e0 Francistown. De son c\u00f4t\u00e9, la Somalie recevra l&rsquo;Ouganda le m\u00eame jour \u00e0 15h00 au stade Municipal de Berkane (Maroc). Le groupe G est constitu\u00e9 de l&rsquo;Alg\u00e9rie, la Guin\u00e9e, l&rsquo;Ouganda, le Mozambique, la Somalie et le Botswana. Notons que le mondial-2026 regroupera pour la premi\u00e8re fois 48 nations Dans ce contexte un nouveau syst\u00e8me de comp\u00e9tition a \u00e9t\u00e9 adopt\u00e9. Pour la zone Afrique, seul le premier de chaque \u00e0 l&rsquo;issue des dix journ\u00e9es de comp\u00e9tition se qualifiera pour le Mondial 2026, organis\u00e9 conjointement par les Etats-Unis, au Canada, et au Mexique (11 juin-19 juillet). En pr\u00e9vision de ce tournoi qualificatif, qui intervient \u00e9galement quelques semaines avant le d\u00e9but de la CAN-2023 report\u00e9e \u00e0 2024 en C\u00f4te d\u2019Ivoire, le S\u00e9lectionneur national, Djamel Belmadi, a cl\u00f4tur\u00e9 sa revue d\u2019effectif et a intensifi\u00e9 la pr\u00e9paration de ses poulains avec deux stages durant les date FIFA de septembre et d\u2019octobre au cours desquels les Verts ont \u00e9t\u00e9 confront\u00e9s \u00e0 de v\u00e9ritables tests, en affrontant le champion d\u2019Afrique en titre le S\u00e9n\u00e9gal, puis l\u2019\u00c9gypte, autre grande \u00e9quipe africaine, \u00e0 l\u2019occasion de matchs amicaux.<\/p>\n\n\n\n<p>Moncef Dahleb<\/p>\n","protected":false},"excerpt":{"rendered":"<p>Les Verts vont entamer le tournoi \u00e9liminatoire du Mondial 2026 dans une vingtaine de jours. Deux matchs sont pr\u00e9vus au<\/p>\n","protected":false},"author":3,"featured_media":46677,"comment_status":"open","ping_status":"closed","sticky":false,"template":"","format":"standard","meta":{"colormag_page_container_layout":"default_layout","colormag_page_sidebar_layout":"default_layout","om_disable_all_campaigns":false,"_monsterinsights_skip_tracking":false,"_monsterinsights_sitenote_active":false,"_monsterinsights_sitenote_note":"","_monsterinsights_sitenote_category":0,"footnotes":"","_wpscppro_dont_share_socialmedia":false,"_wpscppro_custom_social_share_image":0,"_facebook_share_type":"","_twitter_share_type":"","_linkedin_share_type":"","_pinterest_share_type":"","_linkedin_share_type_page":"","_instagram_share_type":"","_medium_share_type":"","_threads_share_type":"","_google_business_share_type":"","_selected_social_profile":[],"_wpsp_enable_custom_social_template":false,"_wpsp_social_scheduling":{"enabled":false,"datetime":null,"platforms":[],"status":"template_only","dateOption":"today","timeOption":"now","customDays":"","customHours":"","customDate":"","customTime":"","schedulingType":"absolute"},"_wpsp_active_default_template":true},"categories":[52,33],"tags":[],"class_list":["post-46676","post","type-post","status-publish","format-standard","has-post-thumbnail","hentry","category-a-la-une","category-sports"],"aioseo_notices":[],"yoast_head":"<!-- This site is optimized with the Yoast SEO plugin v27.5 - https:\/\/yoast.com\/product\/yoast-seo-wordpress\/ -->\n<title>Les Verts mettent le cap sur le Mondial - La Sentinelle<\/title>\n<meta name=\"robots\" content=\"index, follow, max-snippet:-1, max-image-preview:large, max-video-preview:-1\" \/>\n<link rel=\"canonical\" href=\"https:\/\/lasentinelle.dz\/index.php\/2023\/10\/28\/les-verts-mettent-le-cap-sur-le-mondial\/\" \/>\n<meta property=\"og:locale\" content=\"fr_FR\" \/>\n<meta property=\"og:type\" content=\"article\" \/>\n<meta property=\"og:title\" content=\"Les Verts mettent le cap sur le Mondial - La Sentinelle\" \/>\n<meta property=\"og:description\" content=\"Les Verts vont entamer le tournoi \u00e9liminatoire du Mondial 2026 dans une vingtaine de jours. Deux matchs sont pr\u00e9vus au\" \/>\n<meta property=\"og:url\" content=\"https:\/\/lasentinelle.dz\/index.php\/2023\/10\/28\/les-verts-mettent-le-cap-sur-le-mondial\/\" \/>\n<meta property=\"og:site_name\" content=\"La Sentinelle\" \/>\n<meta property=\"article:publisher\" content=\"https:\/\/www.facebook.com\/La-Sentinelle-104059864394773\" \/>\n<meta property=\"article:published_time\" content=\"2023-10-28T20:31:30+00:00\" \/>\n<meta property=\"article:modified_time\" content=\"2023-10-28T20:31:32+00:00\" \/>\n<meta property=\"og:image\" content=\"https:\/\/lasentinelle.dz\/wp-content\/uploads\/2023\/10\/EN-1.webp\" \/>\n\t<meta property=\"og:image:width\" content=\"2048\" \/>\n\t<meta property=\"og:image:height\" content=\"1365\" \/>\n\t<meta property=\"og:image:type\" content=\"image\/webp\" \/>\n<meta name=\"author\" content=\"La Sentinelle\" \/>\n<meta name=\"twitter:card\" content=\"summary_large_image\" \/>\n<meta name=\"twitter:label1\" content=\"\u00c9crit par\" \/>\n\t<meta name=\"twitter:data1\" content=\"La Sentinelle\" \/>\n\t<meta name=\"twitter:label2\" content=\"Dur\u00e9e de lecture estim\u00e9e\" \/>\n\t<meta name=\"twitter:data2\" content=\"3 minutes\" \/>\n<script type=\"application\/ld+json\" class=\"yoast-schema-graph\">{\"@context\":\"https:\\\/\\\/schema.org\",\"@graph\":[{\"@type\":\"Article\",\"@id\":\"https:\\\/\\\/lasentinelle.dz\\\/index.php\\\/2023\\\/10\\\/28\\\/les-verts-mettent-le-cap-sur-le-mondial\\\/#article\",\"isPartOf\":{\"@id\":\"https:\\\/\\\/lasentinelle.dz\\\/index.php\\\/2023\\\/10\\\/28\\\/les-verts-mettent-le-cap-sur-le-mondial\\\/\"},\"author\":{\"name\":\"La Sentinelle\",\"@id\":\"https:\\\/\\\/lasentinelle.dz\\\/#\\\/schema\\\/person\\\/d865044e22e70a75174ce8bcad3acfb3\"},\"headline\":\"Les Verts mettent le cap sur le Mondial\",\"datePublished\":\"2023-10-28T20:31:30+00:00\",\"dateModified\":\"2023-10-28T20:31:32+00:00\",\"mainEntityOfPage\":{\"@id\":\"https:\\\/\\\/lasentinelle.dz\\\/index.php\\\/2023\\\/10\\\/28\\\/les-verts-mettent-le-cap-sur-le-mondial\\\/\"},\"wordCount\":434,\"commentCount\":0,\"publisher\":{\"@id\":\"https:\\\/\\\/lasentinelle.dz\\\/#organization\"},\"image\":{\"@id\":\"https:\\\/\\\/lasentinelle.dz\\\/index.php\\\/2023\\\/10\\\/28\\\/les-verts-mettent-le-cap-sur-le-mondial\\\/#primaryimage\"},\"thumbnailUrl\":\"https:\\\/\\\/lasentinelle.dz\\\/wp-content\\\/uploads\\\/2023\\\/10\\\/EN-1.webp\",\"articleSection\":[\"\u00c0 la Une\",\"Sports\"],\"inLanguage\":\"fr-FR\",\"potentialAction\":[{\"@type\":\"CommentAction\",\"name\":\"Comment\",\"target\":[\"https:\\\/\\\/lasentinelle.dz\\\/index.php\\\/2023\\\/10\\\/28\\\/les-verts-mettent-le-cap-sur-le-mondial\\\/#respond\"]}]},{\"@type\":\"WebPage\",\"@id\":\"https:\\\/\\\/lasentinelle.dz\\\/index.php\\\/2023\\\/10\\\/28\\\/les-verts-mettent-le-cap-sur-le-mondial\\\/\",\"url\":\"https:\\\/\\\/lasentinelle.dz\\\/index.php\\\/2023\\\/10\\\/28\\\/les-verts-mettent-le-cap-sur-le-mondial\\\/\",\"name\":\"Les Verts mettent le cap sur le Mondial - La Sentinelle\",\"isPartOf\":{\"@id\":\"https:\\\/\\\/lasentinelle.dz\\\/#website\"},\"primaryImageOfPage\":{\"@id\":\"https:\\\/\\\/lasentinelle.dz\\\/index.php\\\/2023\\\/10\\\/28\\\/les-verts-mettent-le-cap-sur-le-mondial\\\/#primaryimage\"},\"image\":{\"@id\":\"https:\\\/\\\/lasentinelle.dz\\\/index.php\\\/2023\\\/10\\\/28\\\/les-verts-mettent-le-cap-sur-le-mondial\\\/#primaryimage\"},\"thumbnailUrl\":\"https:\\\/\\\/lasentinelle.dz\\\/wp-content\\\/uploads\\\/2023\\\/10\\\/EN-1.webp\",\"datePublished\":\"2023-10-28T20:31:30+00:00\",\"dateModified\":\"2023-10-28T20:31:32+00:00\",\"breadcrumb\":{\"@id\":\"https:\\\/\\\/lasentinelle.dz\\\/index.php\\\/2023\\\/10\\\/28\\\/les-verts-mettent-le-cap-sur-le-mondial\\\/#breadcrumb\"},\"inLanguage\":\"fr-FR\",\"potentialAction\":[{\"@type\":\"ReadAction\",\"target\":[\"https:\\\/\\\/lasentinelle.dz\\\/index.php\\\/2023\\\/10\\\/28\\\/les-verts-mettent-le-cap-sur-le-mondial\\\/\"]}]},{\"@type\":\"ImageObject\",\"inLanguage\":\"fr-FR\",\"@id\":\"https:\\\/\\\/lasentinelle.dz\\\/index.php\\\/2023\\\/10\\\/28\\\/les-verts-mettent-le-cap-sur-le-mondial\\\/#primaryimage\",\"url\":\"https:\\\/\\\/lasentinelle.dz\\\/wp-content\\\/uploads\\\/2023\\\/10\\\/EN-1.webp\",\"contentUrl\":\"https:\\\/\\\/lasentinelle.dz\\\/wp-content\\\/uploads\\\/2023\\\/10\\\/EN-1.webp\",\"width\":2048,\"height\":1365},{\"@type\":\"BreadcrumbList\",\"@id\":\"https:\\\/\\\/lasentinelle.dz\\\/index.php\\\/2023\\\/10\\\/28\\\/les-verts-mettent-le-cap-sur-le-mondial\\\/#breadcrumb\",\"itemListElement\":[{\"@type\":\"ListItem\",\"position\":1,\"name\":\"Accueil\",\"item\":\"https:\\\/\\\/lasentinelle.dz\\\/\"},{\"@type\":\"ListItem\",\"position\":2,\"name\":\"Les Verts mettent le cap sur le Mondial\"}]},{\"@type\":\"WebSite\",\"@id\":\"https:\\\/\\\/lasentinelle.dz\\\/#website\",\"url\":\"https:\\\/\\\/lasentinelle.dz\\\/\",\"name\":\"La Sentinelle\",\"description\":\"Quotidien national d&#039;information\",\"publisher\":{\"@id\":\"https:\\\/\\\/lasentinelle.dz\\\/#organization\"},\"potentialAction\":[{\"@type\":\"SearchAction\",\"target\":{\"@type\":\"EntryPoint\",\"urlTemplate\":\"https:\\\/\\\/lasentinelle.dz\\\/?s={search_term_string}\"},\"query-input\":{\"@type\":\"PropertyValueSpecification\",\"valueRequired\":true,\"valueName\":\"search_term_string\"}}],\"inLanguage\":\"fr-FR\"},{\"@type\":\"Organization\",\"@id\":\"https:\\\/\\\/lasentinelle.dz\\\/#organization\",\"name\":\"Quotidien La Sentinelle\",\"url\":\"https:\\\/\\\/lasentinelle.dz\\\/\",\"logo\":{\"@type\":\"ImageObject\",\"inLanguage\":\"fr-FR\",\"@id\":\"https:\\\/\\\/lasentinelle.dz\\\/#\\\/schema\\\/logo\\\/image\\\/\",\"url\":\"https:\\\/\\\/lasentinelle.dz\\\/wp-content\\\/uploads\\\/2021\\\/09\\\/logo-sentinelleSLOGAN-1.png\",\"contentUrl\":\"https:\\\/\\\/lasentinelle.dz\\\/wp-content\\\/uploads\\\/2021\\\/09\\\/logo-sentinelleSLOGAN-1.png\",\"width\":615,\"height\":142,\"caption\":\"Quotidien La Sentinelle\"},\"image\":{\"@id\":\"https:\\\/\\\/lasentinelle.dz\\\/#\\\/schema\\\/logo\\\/image\\\/\"},\"sameAs\":[\"https:\\\/\\\/www.facebook.com\\\/La-Sentinelle-104059864394773\"]},{\"@type\":\"Person\",\"@id\":\"https:\\\/\\\/lasentinelle.dz\\\/#\\\/schema\\\/person\\\/d865044e22e70a75174ce8bcad3acfb3\",\"name\":\"La Sentinelle\",\"image\":{\"@type\":\"ImageObject\",\"inLanguage\":\"fr-FR\",\"@id\":\"https:\\\/\\\/secure.gravatar.com\\\/avatar\\\/57de8e5d4b15d43fb361a71fbb36338450fe67865b528a43dd10ef7c51a20392?s=96&d=mm&r=g\",\"url\":\"https:\\\/\\\/secure.gravatar.com\\\/avatar\\\/57de8e5d4b15d43fb361a71fbb36338450fe67865b528a43dd10ef7c51a20392?s=96&d=mm&r=g\",\"contentUrl\":\"https:\\\/\\\/secure.gravatar.com\\\/avatar\\\/57de8e5d4b15d43fb361a71fbb36338450fe67865b528a43dd10ef7c51a20392?s=96&d=mm&r=g\",\"caption\":\"La Sentinelle\"},\"sameAs\":[\"http:\\\/\\\/www.lasentinelle.dz\"],\"url\":\"https:\\\/\\\/lasentinelle.dz\\\/author\\\/redaction\\\/\"}]}<\/script>\n<!-- \/ Yoast SEO plugin. -->","yoast_head_json":{"title":"Les Verts mettent le cap sur le Mondial - La Sentinelle","robots":{"index":"index","follow":"follow","max-snippet":"max-snippet:-1","max-image-preview":"max-image-preview:large","max-video-preview":"max-video-preview:-1"},"canonical":"https:\/\/lasentinelle.dz\/index.php\/2023\/10\/28\/les-verts-mettent-le-cap-sur-le-mondial\/","og_locale":"fr_FR","og_type":"article","og_title":"Les Verts mettent le cap sur le Mondial - La Sentinelle","og_description":"Les Verts vont entamer le tournoi \u00e9liminatoire du Mondial 2026 dans une vingtaine de jours. Deux matchs sont pr\u00e9vus au","og_url":"https:\/\/lasentinelle.dz\/index.php\/2023\/10\/28\/les-verts-mettent-le-cap-sur-le-mondial\/","og_site_name":"La Sentinelle","article_publisher":"https:\/\/www.facebook.com\/La-Sentinelle-104059864394773","article_published_time":"2023-10-28T20:31:30+00:00","article_modified_time":"2023-10-28T20:31:32+00:00","og_image":[{"width":2048,"height":1365,"url":"https:\/\/lasentinelle.dz\/wp-content\/uploads\/2023\/10\/EN-1.webp","type":"image\/webp"}],"author":"La Sentinelle","twitter_card":"summary_large_image","twitter_misc":{"\u00c9crit par":"La Sentinelle","Dur\u00e9e de lecture estim\u00e9e":"3 minutes"},"schema":{"@context":"https:\/\/schema.org","@graph":[{"@type":"Article","@id":"https:\/\/lasentinelle.dz\/index.php\/2023\/10\/28\/les-verts-mettent-le-cap-sur-le-mondial\/#article","isPartOf":{"@id":"https:\/\/lasentinelle.dz\/index.php\/2023\/10\/28\/les-verts-mettent-le-cap-sur-le-mondial\/"},"author":{"name":"La Sentinelle","@id":"https:\/\/lasentinelle.dz\/#\/schema\/person\/d865044e22e70a75174ce8bcad3acfb3"},"headline":"Les Verts mettent le cap sur le Mondial","datePublished":"2023-10-28T20:31:30+00:00","dateModified":"2023-10-28T20:31:32+00:00","mainEntityOfPage":{"@id":"https:\/\/lasentinelle.dz\/index.php\/2023\/10\/28\/les-verts-mettent-le-cap-sur-le-mondial\/"},"wordCount":434,"commentCount":0,"publisher":{"@id":"https:\/\/lasentinelle.dz\/#organization"},"image":{"@id":"https:\/\/lasentinelle.dz\/index.php\/2023\/10\/28\/les-verts-mettent-le-cap-sur-le-mondial\/#primaryimage"},"thumbnailUrl":"https:\/\/lasentinelle.dz\/wp-content\/uploads\/2023\/10\/EN-1.webp","articleSection":["\u00c0 la Une","Sports"],"inLanguage":"fr-FR","potentialAction":[{"@type":"CommentAction","name":"Comment","target":["https:\/\/lasentinelle.dz\/index.php\/2023\/10\/28\/les-verts-mettent-le-cap-sur-le-mondial\/#respond"]}]},{"@type":"WebPage","@id":"https:\/\/lasentinelle.dz\/index.php\/2023\/10\/28\/les-verts-mettent-le-cap-sur-le-mondial\/","url":"https:\/\/lasentinelle.dz\/index.php\/2023\/10\/28\/les-verts-mettent-le-cap-sur-le-mondial\/","name":"Les Verts mettent le cap sur le Mondial - La Sentinelle","isPartOf":{"@id":"https:\/\/lasentinelle.dz\/#website"},"primaryImageOfPage":{"@id":"https:\/\/lasentinelle.dz\/index.php\/2023\/10\/28\/les-verts-mettent-le-cap-sur-le-mondial\/#primaryimage"},"image":{"@id":"https:\/\/lasentinelle.dz\/index.php\/2023\/10\/28\/les-verts-mettent-le-cap-sur-le-mondial\/#primaryimage"},"thumbnailUrl":"https:\/\/lasentinelle.dz\/wp-content\/uploads\/2023\/10\/EN-1.webp","datePublished":"2023-10-28T20:31:30+00:00","dateModified":"2023-10-28T20:31:32+00:00","breadcrumb":{"@id":"https:\/\/lasentinelle.dz\/index.php\/2023\/10\/28\/les-verts-mettent-le-cap-sur-le-mondial\/#breadcrumb"},"inLanguage":"fr-FR","potentialAction":[{"@type":"ReadAction","target":["https:\/\/lasentinelle.dz\/index.php\/2023\/10\/28\/les-verts-mettent-le-cap-sur-le-mondial\/"]}]},{"@type":"ImageObject","inLanguage":"fr-FR","@id":"https:\/\/lasentinelle.dz\/index.php\/2023\/10\/28\/les-verts-mettent-le-cap-sur-le-mondial\/#primaryimage","url":"https:\/\/lasentinelle.dz\/wp-content\/uploads\/2023\/10\/EN-1.webp","contentUrl":"https:\/\/lasentinelle.dz\/wp-content\/uploads\/2023\/10\/EN-1.webp","width":2048,"height":1365},{"@type":"BreadcrumbList","@id":"https:\/\/lasentinelle.dz\/index.php\/2023\/10\/28\/les-verts-mettent-le-cap-sur-le-mondial\/#breadcrumb","itemListElement":[{"@type":"ListItem","position":1,"name":"Accueil","item":"https:\/\/lasentinelle.dz\/"},{"@type":"ListItem","position":2,"name":"Les Verts mettent le cap sur le Mondial"}]},{"@type":"WebSite","@id":"https:\/\/lasentinelle.dz\/#website","url":"https:\/\/lasentinelle.dz\/","name":"La Sentinelle","description":"Quotidien national d&#039;information","publisher":{"@id":"https:\/\/lasentinelle.dz\/#organization"},"potentialAction":[{"@type":"SearchAction","target":{"@type":"EntryPoint","urlTemplate":"https:\/\/lasentinelle.dz\/?s={search_term_string}"},"query-input":{"@type":"PropertyValueSpecification","valueRequired":true,"valueName":"search_term_string"}}],"inLanguage":"fr-FR"},{"@type":"Organization","@id":"https:\/\/lasentinelle.dz\/#organization","name":"Quotidien La Sentinelle","url":"https:\/\/lasentinelle.dz\/","logo":{"@type":"ImageObject","inLanguage":"fr-FR","@id":"https:\/\/lasentinelle.dz\/#\/schema\/logo\/image\/","url":"https:\/\/lasentinelle.dz\/wp-content\/uploads\/2021\/09\/logo-sentinelleSLOGAN-1.png","contentUrl":"https:\/\/lasentinelle.dz\/wp-content\/uploads\/2021\/09\/logo-sentinelleSLOGAN-1.png","width":615,"height":142,"caption":"Quotidien La Sentinelle"},"image":{"@id":"https:\/\/lasentinelle.dz\/#\/schema\/logo\/image\/"},"sameAs":["https:\/\/www.facebook.com\/La-Sentinelle-104059864394773"]},{"@type":"Person","@id":"https:\/\/lasentinelle.dz\/#\/schema\/person\/d865044e22e70a75174ce8bcad3acfb3","name":"La Sentinelle","image":{"@type":"ImageObject","inLanguage":"fr-FR","@id":"https:\/\/secure.gravatar.com\/avatar\/57de8e5d4b15d43fb361a71fbb36338450fe67865b528a43dd10ef7c51a20392?s=96&d=mm&r=g","url":"https:\/\/secure.gravatar.com\/avatar\/57de8e5d4b15d43fb361a71fbb36338450fe67865b528a43dd10ef7c51a20392?s=96&d=mm&r=g","contentUrl":"https:\/\/secure.gravatar.com\/avatar\/57de8e5d4b15d43fb361a71fbb36338450fe67865b528a43dd10ef7c51a20392?s=96&d=mm&r=g","caption":"La Sentinelle"},"sameAs":["http:\/\/www.lasentinelle.dz"],"url":"https:\/\/lasentinelle.dz\/author\/redaction\/"}]}},"_links":{"self":[{"href":"https:\/\/lasentinelle.dz\/index.php\/wp-json\/wp\/v2\/posts\/46676","targetHints":{"allow":["GET"]}}],"collection":[{"href":"https:\/\/lasentinelle.dz\/index.php\/wp-json\/wp\/v2\/posts"}],"about":[{"href":"https:\/\/lasentinelle.dz\/index.php\/wp-json\/wp\/v2\/types\/post"}],"author":[{"embeddable":true,"href":"https:\/\/lasentinelle.dz\/index.php\/wp-json\/wp\/v2\/users\/3"}],"replies":[{"embeddable":true,"href":"https:\/\/lasentinelle.dz\/index.php\/wp-json\/wp\/v2\/comments?post=46676"}],"version-history":[{"count":1,"href":"https:\/\/lasentinelle.dz\/index.php\/wp-json\/wp\/v2\/posts\/46676\/revisions"}],"predecessor-version":[{"id":46678,"href":"https:\/\/lasentinelle.dz\/index.php\/wp-json\/wp\/v2\/posts\/46676\/revisions\/46678"}],"wp:featuredmedia":[{"embeddable":true,"href":"https:\/\/lasentinelle.dz\/index.php\/wp-json\/wp\/v2\/media\/46677"}],"wp:attachment":[{"href":"https:\/\/lasentinelle.dz\/index.php\/wp-json\/wp\/v2\/media?parent=46676"}],"wp:term":[{"taxonomy":"category","embeddable":true,"href":"https:\/\/lasentinelle.dz\/index.php\/wp-json\/wp\/v2\/categories?post=46676"},{"taxonomy":"post_tag","embeddable":true,"href":"https:\/\/lasentinelle.dz\/index.php\/wp-json\/wp\/v2\/tags?post=46676"}],"curies":[{"name":"wp","href":"https:\/\/api.w.org\/{rel}","templated":true}]}}