{"id":46699,"date":"2023-10-28T21:57:09","date_gmt":"2023-10-28T20:57:09","guid":{"rendered":"https:\/\/lasentinelle.dz\/?p=46699"},"modified":"2023-10-28T22:01:49","modified_gmt":"2023-10-28T21:01:49","slug":"la-cause-palestinienne-gagne-en-soutien","status":"publish","type":"post","link":"https:\/\/lasentinelle.dz\/index.php\/2023\/10\/28\/la-cause-palestinienne-gagne-en-soutien\/","title":{"rendered":"La cause palestinienne gagne en soutien"},"content":{"rendered":"\n<p>Malgr\u00e9 la propagande et les restrictions mises en place par les gouvernements occidentaux, complices des massacres commis par l\u2019occupant isra\u00e9lien en Palestine, la situation qui pr\u00e9vaut \u00e0 Ghaza suscite l\u2019\u00e9moi et l\u2019indignation de l\u2019opinion qui affiche son soutien \u00e0 la cause palestinienne. Ainsi des milliers de manifestants ont une nouvelle fois battu le pav\u00e9 dans de grandes villes occidentales, \u00e0 l\u2019image de Paris, Londres ou encore New York.<\/p>\n\n\n\n<p>En France, o\u00f9 les restrictions au droit de manifester ont \u00e9t\u00e9 les plus marquantes et o\u00f9 les autorit\u00e9s se sont distingu\u00e9es par leur z\u00e8le et le soutien manifeste et inconditionnel \u00e0 l\u2019occupation sioniste, des centaines de personnes ont brav\u00e9 l\u2019interdiction et d\u00e9cid\u00e9 de manifester notamment \u00e0 Paris et \u00e0 Nice. Ainsi, plusieurs centaines de personnes se sont rassembl\u00e9es hier en d\u00e9but d&rsquo;apr\u00e8s-midi au niveau de la place du Ch\u00e2telet \u00e0 Paris pour participer \u00e0 la manifestation de soutien \u00e0 la Palestine et \u00e0 la paix au Moyen-Orient.<\/p>\n\n\n\n<p>Les manifestants pr\u00e9sents ont, notamment, scand\u00e9 \u00ab\u00a0Isra\u00ebl assassin, Macron complice\u00a0\u00bb, \u00ab\u00a0Gaza Gaza, Paris est avec toi\u00a0\u00bb, \u00ab\u00a0Enfants de Gaza Enfants de Palestine, c&rsquo;est l&rsquo;humanit\u00e9 qu&rsquo;on assassine\u00a0\u00bb. La pr\u00e9fecture de Paris avait annonc\u00e9 plut\u00f4t dans la matin\u00e9e d sur X que \u00ab\u00a0la manifestation de ce jour au d\u00e9part de #Ch\u00e2telet a \u00e9t\u00e9 interdite par arr\u00eat\u00e9 pr\u00e9fectoral, confirm\u00e9 par la justice. Elle ne peut donc pas avoir lieu\u00a0\u00bb. \u00ab\u00a0Vous risquez d&rsquo;\u00eatre interpell\u00e9 et\/ou verbalis\u00e9\u00a0\u00bb, a-t-elle pr\u00e9venu Un important dispositif policier \u00e9tait d&rsquo;ailleurs d\u00e9ploy\u00e9 \u00e0 Ch\u00e2telet et dans les principales art\u00e8res de la capitale fran\u00e7aise.<\/p>\n\n\n\n<p>Plusieurs villes Europ\u00e9ennes ont \u00e9galement vu des dizaines de milliers de manifestants d\u00e9filer en soutien aux Palestiniens. C\u2019est le cas \u00e0 Londres mais aussi \u00e0 Manchester, et Glasgow, ville \u00e9cossaise o\u00f9 la cause palestinienne a gagn\u00e9 les c\u0153urs. Le d\u00e9ploiement des drapeaux palestiniens par les supporter du club de football des Glasgow Celtics en est la parfaite illustration.<\/p>\n\n\n\n<p>Toujours en Grande-Bretagne, Youssef Islam, connu avant conversion \u00e0 l\u2019Islam comme \u00e9tant le chanteur Cat Stevens,a appel\u00e9 ce samedi \u00e0 un cessez-le-feu \u00e0 Gaza en s&rsquo;adressant au Grand rassemblement pour la Palestine, une manifestation en faveur de la Palestine tenue \u00e0 Istanbul. \u00ab\u00a0Mon message aujourd&rsquo;hui est de plaider pour la fin des bombardements contre des familles innocentes, leurs maisons, et en particulier contre les petits enfants, qui repr\u00e9sentent la moiti\u00e9 de ceux qui ont \u00e9t\u00e9 tu\u00e9s\u00a0\u00bb, a-t-il &nbsp;d\u00e9clar\u00e9 Islam.<\/p>\n\n\n\n<p><strong>Une manifestation juive r\u00e9prim\u00e9e \u00e0 New York<\/strong><\/p>\n\n\n\n<p>Il a \u00e9galement exhort\u00e9 les Isra\u00e9liens \u00e0 se souvenir du message de la Torah et \u00e0 abandonner \u00ab\u00a0la voie du malheur et de la destruction\u00a0\u00bb. \u00ab\u00a0Souvenez-vous du message originel que Dieu vous a envoy\u00e9 : \u2018Vous ne tuerez point, vous ne volerez point, vous ne convoiterez point la maison de votre prochain\u2019, Ce sont les lois que Mo\u00efse a enseign\u00e9es au monde. Pourquoi ne les suivez-vous pas ?\u00a0\u00bb, a-t-il questionn\u00e9. Yusuf Islam a rappel\u00e9 que la population palestinienne adh\u00e8re aux croyances du proph\u00e8te Abraham, ajoutant que le sionisme est un mouvement politique, apparu \u00e0 la suite d\u2019un conflit destructeur et brutal en Europe, et qu\u2019il n\u2019a \u00ab\u00a0rien \u00e0 voir avec les Palestiniens\u00a0\u00bb. \u00c0 new York, plusieurs centaines de personnes ont \u00e9t\u00e9 arr\u00eat\u00e9es vendredi pendant une manifestation organis\u00e9e par un mouvement juif contre les bombardements d&rsquo;Isra\u00ebl sur Gaza. La police de New York a annonc\u00e9 au moins 200 arrestations, et les organisateurs ont affirm\u00e9 que plus de 300 personnes avaient \u00e9t\u00e9 interpell\u00e9es lors de la dispersion de ce rassemblement \u00e0 l&rsquo;int\u00e9rieur de la gare new-yorkaise de Grand Central. Des photos prises sur place ont montr\u00e9 de longues files de jeunes gens menott\u00e9s, portant des sweat-shirts noirs sur lesquels \u00e9taient imprim\u00e9es en blanc les expressions \u00ab\u00a0Not In Our Name\u00a0\u00bb (pas en notre nom) et \u00ab\u00a0Cease Fire Now\u00a0\u00bb (cessez le feu maintenant).<\/p>\n\n\n\n<p><strong>Hocine Fadheli<\/strong><\/p>\n\n\n\n<p><\/p>\n","protected":false},"excerpt":{"rendered":"<p>Malgr\u00e9 la propagande et les restrictions mises en place par les gouvernements occidentaux, complices des massacres commis par l\u2019occupant isra\u00e9lien<\/p>\n","protected":false},"author":3,"featured_media":46700,"comment_status":"open","ping_status":"closed","sticky":false,"template":"","format":"standard","meta":{"colormag_page_container_layout":"default_layout","colormag_page_sidebar_layout":"default_layout","om_disable_all_campaigns":false,"_monsterinsights_skip_tracking":false,"_monsterinsights_sitenote_active":false,"_monsterinsights_sitenote_note":"","_monsterinsights_sitenote_category":0,"footnotes":"","_wpscppro_dont_share_socialmedia":false,"_wpscppro_custom_social_share_image":0,"_facebook_share_type":"","_twitter_share_type":"","_linkedin_share_type":"","_pinterest_share_type":"","_linkedin_share_type_page":"","_instagram_share_type":"","_medium_share_type":"","_threads_share_type":"","_google_business_share_type":"","_selected_social_profile":[],"_wpsp_enable_custom_social_template":false,"_wpsp_social_scheduling":{"enabled":false,"datetime":null,"platforms":[],"status":"template_only","dateOption":"today","timeOption":"now","customDays":"","customHours":"","customDate":"","customTime":"","schedulingType":"absolute"},"_wpsp_active_default_template":true},"categories":[27],"tags":[],"class_list":["post-46699","post","type-post","status-publish","format-standard","has-post-thumbnail","hentry","category-actualite"],"aioseo_notices":[],"yoast_head":"<!-- This site is optimized with the Yoast SEO plugin v27.5 - https:\/\/yoast.com\/product\/yoast-seo-wordpress\/ -->\n<title>La cause palestinienne gagne en soutien - La Sentinelle<\/title>\n<meta name=\"robots\" content=\"index, follow, max-snippet:-1, max-image-preview:large, max-video-preview:-1\" \/>\n<link rel=\"canonical\" href=\"https:\/\/lasentinelle.dz\/index.php\/2023\/10\/28\/la-cause-palestinienne-gagne-en-soutien\/\" \/>\n<meta property=\"og:locale\" content=\"fr_FR\" \/>\n<meta property=\"og:type\" content=\"article\" \/>\n<meta property=\"og:title\" content=\"La cause palestinienne gagne en soutien - La Sentinelle\" \/>\n<meta property=\"og:description\" content=\"Malgr\u00e9 la propagande et les restrictions mises en place par les gouvernements occidentaux, complices des massacres commis par l\u2019occupant isra\u00e9lien\" \/>\n<meta property=\"og:url\" content=\"https:\/\/lasentinelle.dz\/index.php\/2023\/10\/28\/la-cause-palestinienne-gagne-en-soutien\/\" \/>\n<meta property=\"og:site_name\" content=\"La Sentinelle\" \/>\n<meta property=\"article:publisher\" content=\"https:\/\/www.facebook.com\/La-Sentinelle-104059864394773\" \/>\n<meta property=\"article:published_time\" content=\"2023-10-28T20:57:09+00:00\" \/>\n<meta property=\"article:modified_time\" content=\"2023-10-28T21:01:49+00:00\" \/>\n<meta property=\"og:image\" content=\"https:\/\/lasentinelle.dz\/wp-content\/uploads\/2023\/10\/manif.jpeg\" \/>\n\t<meta property=\"og:image:width\" content=\"864\" \/>\n\t<meta property=\"og:image:height\" content=\"486\" \/>\n\t<meta property=\"og:image:type\" content=\"image\/jpeg\" \/>\n<meta name=\"author\" content=\"La Sentinelle\" \/>\n<meta name=\"twitter:card\" content=\"summary_large_image\" \/>\n<meta name=\"twitter:label1\" content=\"\u00c9crit par\" \/>\n\t<meta name=\"twitter:data1\" content=\"La Sentinelle\" \/>\n\t<meta name=\"twitter:label2\" content=\"Dur\u00e9e de lecture estim\u00e9e\" \/>\n\t<meta name=\"twitter:data2\" content=\"4 minutes\" \/>\n<script type=\"application\/ld+json\" class=\"yoast-schema-graph\">{\"@context\":\"https:\\\/\\\/schema.org\",\"@graph\":[{\"@type\":\"Article\",\"@id\":\"https:\\\/\\\/lasentinelle.dz\\\/index.php\\\/2023\\\/10\\\/28\\\/la-cause-palestinienne-gagne-en-soutien\\\/#article\",\"isPartOf\":{\"@id\":\"https:\\\/\\\/lasentinelle.dz\\\/index.php\\\/2023\\\/10\\\/28\\\/la-cause-palestinienne-gagne-en-soutien\\\/\"},\"author\":{\"name\":\"La Sentinelle\",\"@id\":\"https:\\\/\\\/lasentinelle.dz\\\/#\\\/schema\\\/person\\\/d865044e22e70a75174ce8bcad3acfb3\"},\"headline\":\"La cause palestinienne gagne en soutien\",\"datePublished\":\"2023-10-28T20:57:09+00:00\",\"dateModified\":\"2023-10-28T21:01:49+00:00\",\"mainEntityOfPage\":{\"@id\":\"https:\\\/\\\/lasentinelle.dz\\\/index.php\\\/2023\\\/10\\\/28\\\/la-cause-palestinienne-gagne-en-soutien\\\/\"},\"wordCount\":661,\"commentCount\":0,\"publisher\":{\"@id\":\"https:\\\/\\\/lasentinelle.dz\\\/#organization\"},\"image\":{\"@id\":\"https:\\\/\\\/lasentinelle.dz\\\/index.php\\\/2023\\\/10\\\/28\\\/la-cause-palestinienne-gagne-en-soutien\\\/#primaryimage\"},\"thumbnailUrl\":\"https:\\\/\\\/lasentinelle.dz\\\/wp-content\\\/uploads\\\/2023\\\/10\\\/manif.jpeg\",\"articleSection\":[\"Actualit\u00e9\"],\"inLanguage\":\"fr-FR\",\"potentialAction\":[{\"@type\":\"CommentAction\",\"name\":\"Comment\",\"target\":[\"https:\\\/\\\/lasentinelle.dz\\\/index.php\\\/2023\\\/10\\\/28\\\/la-cause-palestinienne-gagne-en-soutien\\\/#respond\"]}]},{\"@type\":\"WebPage\",\"@id\":\"https:\\\/\\\/lasentinelle.dz\\\/index.php\\\/2023\\\/10\\\/28\\\/la-cause-palestinienne-gagne-en-soutien\\\/\",\"url\":\"https:\\\/\\\/lasentinelle.dz\\\/index.php\\\/2023\\\/10\\\/28\\\/la-cause-palestinienne-gagne-en-soutien\\\/\",\"name\":\"La cause palestinienne gagne en soutien - La Sentinelle\",\"isPartOf\":{\"@id\":\"https:\\\/\\\/lasentinelle.dz\\\/#website\"},\"primaryImageOfPage\":{\"@id\":\"https:\\\/\\\/lasentinelle.dz\\\/index.php\\\/2023\\\/10\\\/28\\\/la-cause-palestinienne-gagne-en-soutien\\\/#primaryimage\"},\"image\":{\"@id\":\"https:\\\/\\\/lasentinelle.dz\\\/index.php\\\/2023\\\/10\\\/28\\\/la-cause-palestinienne-gagne-en-soutien\\\/#primaryimage\"},\"thumbnailUrl\":\"https:\\\/\\\/lasentinelle.dz\\\/wp-content\\\/uploads\\\/2023\\\/10\\\/manif.jpeg\",\"datePublished\":\"2023-10-28T20:57:09+00:00\",\"dateModified\":\"2023-10-28T21:01:49+00:00\",\"breadcrumb\":{\"@id\":\"https:\\\/\\\/lasentinelle.dz\\\/index.php\\\/2023\\\/10\\\/28\\\/la-cause-palestinienne-gagne-en-soutien\\\/#breadcrumb\"},\"inLanguage\":\"fr-FR\",\"potentialAction\":[{\"@type\":\"ReadAction\",\"target\":[\"https:\\\/\\\/lasentinelle.dz\\\/index.php\\\/2023\\\/10\\\/28\\\/la-cause-palestinienne-gagne-en-soutien\\\/\"]}]},{\"@type\":\"ImageObject\",\"inLanguage\":\"fr-FR\",\"@id\":\"https:\\\/\\\/lasentinelle.dz\\\/index.php\\\/2023\\\/10\\\/28\\\/la-cause-palestinienne-gagne-en-soutien\\\/#primaryimage\",\"url\":\"https:\\\/\\\/lasentinelle.dz\\\/wp-content\\\/uploads\\\/2023\\\/10\\\/manif.jpeg\",\"contentUrl\":\"https:\\\/\\\/lasentinelle.dz\\\/wp-content\\\/uploads\\\/2023\\\/10\\\/manif.jpeg\",\"width\":864,\"height\":486},{\"@type\":\"BreadcrumbList\",\"@id\":\"https:\\\/\\\/lasentinelle.dz\\\/index.php\\\/2023\\\/10\\\/28\\\/la-cause-palestinienne-gagne-en-soutien\\\/#breadcrumb\",\"itemListElement\":[{\"@type\":\"ListItem\",\"position\":1,\"name\":\"Accueil\",\"item\":\"https:\\\/\\\/lasentinelle.dz\\\/\"},{\"@type\":\"ListItem\",\"position\":2,\"name\":\"La cause palestinienne gagne en soutien\"}]},{\"@type\":\"WebSite\",\"@id\":\"https:\\\/\\\/lasentinelle.dz\\\/#website\",\"url\":\"https:\\\/\\\/lasentinelle.dz\\\/\",\"name\":\"La Sentinelle\",\"description\":\"Quotidien national d&#039;information\",\"publisher\":{\"@id\":\"https:\\\/\\\/lasentinelle.dz\\\/#organization\"},\"potentialAction\":[{\"@type\":\"SearchAction\",\"target\":{\"@type\":\"EntryPoint\",\"urlTemplate\":\"https:\\\/\\\/lasentinelle.dz\\\/?s={search_term_string}\"},\"query-input\":{\"@type\":\"PropertyValueSpecification\",\"valueRequired\":true,\"valueName\":\"search_term_string\"}}],\"inLanguage\":\"fr-FR\"},{\"@type\":\"Organization\",\"@id\":\"https:\\\/\\\/lasentinelle.dz\\\/#organization\",\"name\":\"Quotidien La Sentinelle\",\"url\":\"https:\\\/\\\/lasentinelle.dz\\\/\",\"logo\":{\"@type\":\"ImageObject\",\"inLanguage\":\"fr-FR\",\"@id\":\"https:\\\/\\\/lasentinelle.dz\\\/#\\\/schema\\\/logo\\\/image\\\/\",\"url\":\"https:\\\/\\\/lasentinelle.dz\\\/wp-content\\\/uploads\\\/2021\\\/09\\\/logo-sentinelleSLOGAN-1.png\",\"contentUrl\":\"https:\\\/\\\/lasentinelle.dz\\\/wp-content\\\/uploads\\\/2021\\\/09\\\/logo-sentinelleSLOGAN-1.png\",\"width\":615,\"height\":142,\"caption\":\"Quotidien La Sentinelle\"},\"image\":{\"@id\":\"https:\\\/\\\/lasentinelle.dz\\\/#\\\/schema\\\/logo\\\/image\\\/\"},\"sameAs\":[\"https:\\\/\\\/www.facebook.com\\\/La-Sentinelle-104059864394773\"]},{\"@type\":\"Person\",\"@id\":\"https:\\\/\\\/lasentinelle.dz\\\/#\\\/schema\\\/person\\\/d865044e22e70a75174ce8bcad3acfb3\",\"name\":\"La Sentinelle\",\"image\":{\"@type\":\"ImageObject\",\"inLanguage\":\"fr-FR\",\"@id\":\"https:\\\/\\\/secure.gravatar.com\\\/avatar\\\/57de8e5d4b15d43fb361a71fbb36338450fe67865b528a43dd10ef7c51a20392?s=96&d=mm&r=g\",\"url\":\"https:\\\/\\\/secure.gravatar.com\\\/avatar\\\/57de8e5d4b15d43fb361a71fbb36338450fe67865b528a43dd10ef7c51a20392?s=96&d=mm&r=g\",\"contentUrl\":\"https:\\\/\\\/secure.gravatar.com\\\/avatar\\\/57de8e5d4b15d43fb361a71fbb36338450fe67865b528a43dd10ef7c51a20392?s=96&d=mm&r=g\",\"caption\":\"La Sentinelle\"},\"sameAs\":[\"http:\\\/\\\/www.lasentinelle.dz\"],\"url\":\"https:\\\/\\\/lasentinelle.dz\\\/author\\\/redaction\\\/\"}]}<\/script>\n<!-- \/ Yoast SEO plugin. -->","yoast_head_json":{"title":"La cause palestinienne gagne en soutien - La Sentinelle","robots":{"index":"index","follow":"follow","max-snippet":"max-snippet:-1","max-image-preview":"max-image-preview:large","max-video-preview":"max-video-preview:-1"},"canonical":"https:\/\/lasentinelle.dz\/index.php\/2023\/10\/28\/la-cause-palestinienne-gagne-en-soutien\/","og_locale":"fr_FR","og_type":"article","og_title":"La cause palestinienne gagne en soutien - La Sentinelle","og_description":"Malgr\u00e9 la propagande et les restrictions mises en place par les gouvernements occidentaux, complices des massacres commis par l\u2019occupant isra\u00e9lien","og_url":"https:\/\/lasentinelle.dz\/index.php\/2023\/10\/28\/la-cause-palestinienne-gagne-en-soutien\/","og_site_name":"La Sentinelle","article_publisher":"https:\/\/www.facebook.com\/La-Sentinelle-104059864394773","article_published_time":"2023-10-28T20:57:09+00:00","article_modified_time":"2023-10-28T21:01:49+00:00","og_image":[{"width":864,"height":486,"url":"https:\/\/lasentinelle.dz\/wp-content\/uploads\/2023\/10\/manif.jpeg","type":"image\/jpeg"}],"author":"La Sentinelle","twitter_card":"summary_large_image","twitter_misc":{"\u00c9crit par":"La Sentinelle","Dur\u00e9e de lecture estim\u00e9e":"4 minutes"},"schema":{"@context":"https:\/\/schema.org","@graph":[{"@type":"Article","@id":"https:\/\/lasentinelle.dz\/index.php\/2023\/10\/28\/la-cause-palestinienne-gagne-en-soutien\/#article","isPartOf":{"@id":"https:\/\/lasentinelle.dz\/index.php\/2023\/10\/28\/la-cause-palestinienne-gagne-en-soutien\/"},"author":{"name":"La Sentinelle","@id":"https:\/\/lasentinelle.dz\/#\/schema\/person\/d865044e22e70a75174ce8bcad3acfb3"},"headline":"La cause palestinienne gagne en soutien","datePublished":"2023-10-28T20:57:09+00:00","dateModified":"2023-10-28T21:01:49+00:00","mainEntityOfPage":{"@id":"https:\/\/lasentinelle.dz\/index.php\/2023\/10\/28\/la-cause-palestinienne-gagne-en-soutien\/"},"wordCount":661,"commentCount":0,"publisher":{"@id":"https:\/\/lasentinelle.dz\/#organization"},"image":{"@id":"https:\/\/lasentinelle.dz\/index.php\/2023\/10\/28\/la-cause-palestinienne-gagne-en-soutien\/#primaryimage"},"thumbnailUrl":"https:\/\/lasentinelle.dz\/wp-content\/uploads\/2023\/10\/manif.jpeg","articleSection":["Actualit\u00e9"],"inLanguage":"fr-FR","potentialAction":[{"@type":"CommentAction","name":"Comment","target":["https:\/\/lasentinelle.dz\/index.php\/2023\/10\/28\/la-cause-palestinienne-gagne-en-soutien\/#respond"]}]},{"@type":"WebPage","@id":"https:\/\/lasentinelle.dz\/index.php\/2023\/10\/28\/la-cause-palestinienne-gagne-en-soutien\/","url":"https:\/\/lasentinelle.dz\/index.php\/2023\/10\/28\/la-cause-palestinienne-gagne-en-soutien\/","name":"La cause palestinienne gagne en soutien - La Sentinelle","isPartOf":{"@id":"https:\/\/lasentinelle.dz\/#website"},"primaryImageOfPage":{"@id":"https:\/\/lasentinelle.dz\/index.php\/2023\/10\/28\/la-cause-palestinienne-gagne-en-soutien\/#primaryimage"},"image":{"@id":"https:\/\/lasentinelle.dz\/index.php\/2023\/10\/28\/la-cause-palestinienne-gagne-en-soutien\/#primaryimage"},"thumbnailUrl":"https:\/\/lasentinelle.dz\/wp-content\/uploads\/2023\/10\/manif.jpeg","datePublished":"2023-10-28T20:57:09+00:00","dateModified":"2023-10-28T21:01:49+00:00","breadcrumb":{"@id":"https:\/\/lasentinelle.dz\/index.php\/2023\/10\/28\/la-cause-palestinienne-gagne-en-soutien\/#breadcrumb"},"inLanguage":"fr-FR","potentialAction":[{"@type":"ReadAction","target":["https:\/\/lasentinelle.dz\/index.php\/2023\/10\/28\/la-cause-palestinienne-gagne-en-soutien\/"]}]},{"@type":"ImageObject","inLanguage":"fr-FR","@id":"https:\/\/lasentinelle.dz\/index.php\/2023\/10\/28\/la-cause-palestinienne-gagne-en-soutien\/#primaryimage","url":"https:\/\/lasentinelle.dz\/wp-content\/uploads\/2023\/10\/manif.jpeg","contentUrl":"https:\/\/lasentinelle.dz\/wp-content\/uploads\/2023\/10\/manif.jpeg","width":864,"height":486},{"@type":"BreadcrumbList","@id":"https:\/\/lasentinelle.dz\/index.php\/2023\/10\/28\/la-cause-palestinienne-gagne-en-soutien\/#breadcrumb","itemListElement":[{"@type":"ListItem","position":1,"name":"Accueil","item":"https:\/\/lasentinelle.dz\/"},{"@type":"ListItem","position":2,"name":"La cause palestinienne gagne en soutien"}]},{"@type":"WebSite","@id":"https:\/\/lasentinelle.dz\/#website","url":"https:\/\/lasentinelle.dz\/","name":"La Sentinelle","description":"Quotidien national d&#039;information","publisher":{"@id":"https:\/\/lasentinelle.dz\/#organization"},"potentialAction":[{"@type":"SearchAction","target":{"@type":"EntryPoint","urlTemplate":"https:\/\/lasentinelle.dz\/?s={search_term_string}"},"query-input":{"@type":"PropertyValueSpecification","valueRequired":true,"valueName":"search_term_string"}}],"inLanguage":"fr-FR"},{"@type":"Organization","@id":"https:\/\/lasentinelle.dz\/#organization","name":"Quotidien La Sentinelle","url":"https:\/\/lasentinelle.dz\/","logo":{"@type":"ImageObject","inLanguage":"fr-FR","@id":"https:\/\/lasentinelle.dz\/#\/schema\/logo\/image\/","url":"https:\/\/lasentinelle.dz\/wp-content\/uploads\/2021\/09\/logo-sentinelleSLOGAN-1.png","contentUrl":"https:\/\/lasentinelle.dz\/wp-content\/uploads\/2021\/09\/logo-sentinelleSLOGAN-1.png","width":615,"height":142,"caption":"Quotidien La Sentinelle"},"image":{"@id":"https:\/\/lasentinelle.dz\/#\/schema\/logo\/image\/"},"sameAs":["https:\/\/www.facebook.com\/La-Sentinelle-104059864394773"]},{"@type":"Person","@id":"https:\/\/lasentinelle.dz\/#\/schema\/person\/d865044e22e70a75174ce8bcad3acfb3","name":"La Sentinelle","image":{"@type":"ImageObject","inLanguage":"fr-FR","@id":"https:\/\/secure.gravatar.com\/avatar\/57de8e5d4b15d43fb361a71fbb36338450fe67865b528a43dd10ef7c51a20392?s=96&d=mm&r=g","url":"https:\/\/secure.gravatar.com\/avatar\/57de8e5d4b15d43fb361a71fbb36338450fe67865b528a43dd10ef7c51a20392?s=96&d=mm&r=g","contentUrl":"https:\/\/secure.gravatar.com\/avatar\/57de8e5d4b15d43fb361a71fbb36338450fe67865b528a43dd10ef7c51a20392?s=96&d=mm&r=g","caption":"La Sentinelle"},"sameAs":["http:\/\/www.lasentinelle.dz"],"url":"https:\/\/lasentinelle.dz\/author\/redaction\/"}]}},"_links":{"self":[{"href":"https:\/\/lasentinelle.dz\/index.php\/wp-json\/wp\/v2\/posts\/46699","targetHints":{"allow":["GET"]}}],"collection":[{"href":"https:\/\/lasentinelle.dz\/index.php\/wp-json\/wp\/v2\/posts"}],"about":[{"href":"https:\/\/lasentinelle.dz\/index.php\/wp-json\/wp\/v2\/types\/post"}],"author":[{"embeddable":true,"href":"https:\/\/lasentinelle.dz\/index.php\/wp-json\/wp\/v2\/users\/3"}],"replies":[{"embeddable":true,"href":"https:\/\/lasentinelle.dz\/index.php\/wp-json\/wp\/v2\/comments?post=46699"}],"version-history":[{"count":1,"href":"https:\/\/lasentinelle.dz\/index.php\/wp-json\/wp\/v2\/posts\/46699\/revisions"}],"predecessor-version":[{"id":46701,"href":"https:\/\/lasentinelle.dz\/index.php\/wp-json\/wp\/v2\/posts\/46699\/revisions\/46701"}],"wp:featuredmedia":[{"embeddable":true,"href":"https:\/\/lasentinelle.dz\/index.php\/wp-json\/wp\/v2\/media\/46700"}],"wp:attachment":[{"href":"https:\/\/lasentinelle.dz\/index.php\/wp-json\/wp\/v2\/media?parent=46699"}],"wp:term":[{"taxonomy":"category","embeddable":true,"href":"https:\/\/lasentinelle.dz\/index.php\/wp-json\/wp\/v2\/categories?post=46699"},{"taxonomy":"post_tag","embeddable":true,"href":"https:\/\/lasentinelle.dz\/index.php\/wp-json\/wp\/v2\/tags?post=46699"}],"curies":[{"name":"wp","href":"https:\/\/api.w.org\/{rel}","templated":true}]}}