{"id":46803,"date":"2023-11-01T21:04:12","date_gmt":"2023-11-01T20:04:12","guid":{"rendered":"https:\/\/lasentinelle.dz\/?p=46803"},"modified":"2023-11-01T21:04:13","modified_gmt":"2023-11-01T20:04:13","slug":"loi-sur-le-foncier-economique-la-commission-paritaire-parlementaire-tranchera-le-7-novembre","status":"publish","type":"post","link":"https:\/\/lasentinelle.dz\/index.php\/2023\/11\/01\/loi-sur-le-foncier-economique-la-commission-paritaire-parlementaire-tranchera-le-7-novembre\/","title":{"rendered":"Loi sur le foncier \u00e9conomique\u00a0: La commission paritaire parlementaire tranchera le 7 novembre"},"content":{"rendered":"\n<p>Tr\u00e8s attendue par les investisseurs, la loi sur le foncier \u00e9conomique devrait enfin \u00eatre lib\u00e9r\u00e9 des d\u00e9bats parlementaires dans quelques jours avant sa promulgation et son entr\u00e9e en vigueur. Adopt\u00e9 au mois de juillet par l\u2019Assembl\u00e9e populaire nationale, le texte n\u2019a finalement \u00e9t\u00e9 examin\u00e9 par la chambre haute du Parlement qu\u2019il y a quelques jours. Mais sa promulgation a \u00e9t\u00e9 report\u00e9e, malgr\u00e9 son adoption par le Conseil de la Nation en raison d\u2019un d\u2019un d\u00e9saccord entre les deux chambres du Parlement. Une divergence \u00e0 propos d\u2019un amendement introduit par l\u2019APN sur l\u2019article 2 du projet de loi propos\u00e9 par l\u2019Ex\u00e9cutif et que le Conseil de la Nation a rejet\u00e9. Dans ce genre de situations, &lsquo;article 145 (alin\u00e9a 5) de la Constitution stipule qu'\u00a0\u00bben cas de d\u00e9saccord entre les deux chambres, le Premier ministre ou le Chef du Gouvernement, selon le cas, demande la r\u00e9union, dans un d\u00e9lai de quinze jours, d&rsquo;une commission paritaire constitu\u00e9e de membres des deux chambres pour proposer un texte sur les dispositions objet du d\u00e9saccord, la Commission paritaire ach\u00e8ve ses d\u00e9lib\u00e9rations dans un d\u00e9lai maximal de quinze jours\u00a0\u00bb. C\u2019est dans ce contexte que la Commission paritaire des deux chambres du Parlement, a tenu sa premi\u00e8re r\u00e9union, mardi au si\u00e8ge du Conseil de la nation. &nbsp;Lors de cette r\u00e9union, le Bureau de la Commission a \u00e9t\u00e9 \u00e9lu \u00e0 l&rsquo;unanimit\u00e9, compos\u00e9 de M. Miloud Hanafi (Conseil de la nation), pr\u00e9sident de la Commission, M. Saad Bghidja (APN), vice-pr\u00e9sident de la Commission et M. Mouloud Mbarek Felouti (Conseil de la nation), rapporteur, M. Mahfoud Houas (APN), rapporteur, selon le communiqu\u00e9 du Conseil. La commission paritaire s&rsquo;attellera, \u00e0 partir de la prochaine r\u00e9union, pr\u00e9vue le mardi 7 novembre, \u00e0 l&rsquo;\u00e9tude de la disposition faisant l&rsquo;objet d&rsquo;un d\u00e9saccord entre les deux chambres du Parlement et \u00e0 la proposition d&rsquo;un nouveau texte \u00e0 cet effet conform\u00e9ment aux proc\u00e9dures pr\u00e9vues par la Constitution, la loi organique N 16-12, modifi\u00e9e et compl\u00e9t\u00e9e, et les r\u00e8glements int\u00e9rieurs du Conseil de la nation et de l&rsquo;APN, pr\u00e9cise la m\u00eame source. Notons la formulation consensuelle entre les deux chambres de l\u2019article en question permettra de lib\u00e9rer enfin le texte pour sa promulgation et son entr\u00e9e en vigueur.&nbsp; Rappelons que l&rsquo;article 2 de la loi fixant les conditions et modalit\u00e9s d&rsquo;octroi du foncier \u00e9conomique relevant du domaine priv\u00e9 de l&rsquo;Etat et destin\u00e9 \u00e0 la r\u00e9alisation de projets d&rsquo;investissement, n&rsquo;a pas \u00e9t\u00e9 approuv\u00e9 par le Conseil de la nation lors de la s\u00e9ance pl\u00e9ni\u00e8re du lundi 9 octobre dernier. Les s\u00e9nateurs avaient \u00e9mis des r\u00e9serves sur cet article qui \u00ab\u00a0doit \u00eatre enrichi davantage\u00a0\u00bb, car omettant certains d\u00e9tails, et ce conform\u00e9ment \u00e0 un amendement adopt\u00e9 par l&rsquo;Assembl\u00e9e populaire nationale (APN). L&rsquo;article 2 stipule, rappelle-t-on, que \u00ab\u00a0les autres terres am\u00e9nag\u00e9es du domaine priv\u00e9 de l&rsquo;Etat relevaient de la Conservation fonci\u00e8re de l&rsquo;Etat destin\u00e9e \u00e0 l&rsquo;investissement, concern\u00e9es par l&rsquo;application des dispositions du texte de loi\u00a0\u00bb. Les membres du Conseil de la nation ont estim\u00e9 que \u00ab\u00a0l&rsquo;exclusion de ce type de terres du champ d&rsquo;application dudit texte aura des r\u00e9percussions n\u00e9gatives, de m\u00eame que la suppression de l&rsquo;article&nbsp; compromet l&rsquo;harmonie du texte dans son ensemble\u00a0\u00bb.<\/p>\n\n\n\n<p><strong>Hocine Fadheli<\/strong><\/p>\n","protected":false},"excerpt":{"rendered":"<p>Tr\u00e8s attendue par les investisseurs, la loi sur le foncier \u00e9conomique devrait enfin \u00eatre lib\u00e9r\u00e9 des d\u00e9bats parlementaires dans quelques<\/p>\n","protected":false},"author":3,"featured_media":46579,"comment_status":"open","ping_status":"closed","sticky":false,"template":"","format":"standard","meta":{"colormag_page_container_layout":"default_layout","colormag_page_sidebar_layout":"default_layout","om_disable_all_campaigns":false,"_monsterinsights_skip_tracking":false,"_monsterinsights_sitenote_active":false,"_monsterinsights_sitenote_note":"","_monsterinsights_sitenote_category":0,"footnotes":"","_wpscppro_dont_share_socialmedia":false,"_wpscppro_custom_social_share_image":0,"_facebook_share_type":"","_twitter_share_type":"","_linkedin_share_type":"","_pinterest_share_type":"","_linkedin_share_type_page":"","_instagram_share_type":"","_medium_share_type":"","_threads_share_type":"","_google_business_share_type":"","_selected_social_profile":[],"_wpsp_enable_custom_social_template":false,"_wpsp_social_scheduling":{"enabled":false,"datetime":null,"platforms":[],"status":"template_only","dateOption":"today","timeOption":"now","customDays":"","customHours":"","customDate":"","customTime":"","schedulingType":"absolute"},"_wpsp_active_default_template":true},"categories":[27],"tags":[],"class_list":["post-46803","post","type-post","status-publish","format-standard","has-post-thumbnail","hentry","category-actualite"],"aioseo_notices":[],"yoast_head":"<!-- This site is optimized with the Yoast SEO plugin v27.5 - https:\/\/yoast.com\/product\/yoast-seo-wordpress\/ -->\n<title>Loi sur le foncier \u00e9conomique\u00a0: La commission paritaire parlementaire tranchera le 7 novembre - La Sentinelle<\/title>\n<meta name=\"robots\" content=\"index, follow, max-snippet:-1, max-image-preview:large, max-video-preview:-1\" \/>\n<link rel=\"canonical\" href=\"https:\/\/lasentinelle.dz\/index.php\/2023\/11\/01\/loi-sur-le-foncier-economique-la-commission-paritaire-parlementaire-tranchera-le-7-novembre\/\" \/>\n<meta property=\"og:locale\" content=\"fr_FR\" \/>\n<meta property=\"og:type\" content=\"article\" \/>\n<meta property=\"og:title\" content=\"Loi sur le foncier \u00e9conomique\u00a0: La commission paritaire parlementaire tranchera le 7 novembre - La Sentinelle\" \/>\n<meta property=\"og:description\" content=\"Tr\u00e8s attendue par les investisseurs, la loi sur le foncier \u00e9conomique devrait enfin \u00eatre lib\u00e9r\u00e9 des d\u00e9bats parlementaires dans quelques\" \/>\n<meta property=\"og:url\" content=\"https:\/\/lasentinelle.dz\/index.php\/2023\/11\/01\/loi-sur-le-foncier-economique-la-commission-paritaire-parlementaire-tranchera-le-7-novembre\/\" \/>\n<meta property=\"og:site_name\" content=\"La Sentinelle\" \/>\n<meta property=\"article:publisher\" content=\"https:\/\/www.facebook.com\/La-Sentinelle-104059864394773\" \/>\n<meta property=\"article:published_time\" content=\"2023-11-01T20:04:12+00:00\" \/>\n<meta property=\"article:modified_time\" content=\"2023-11-01T20:04:13+00:00\" \/>\n<meta property=\"og:image\" content=\"https:\/\/lasentinelle.dz\/wp-content\/uploads\/2023\/10\/apn-.jpeg\" \/>\n\t<meta property=\"og:image:width\" content=\"700\" \/>\n\t<meta property=\"og:image:height\" content=\"499\" \/>\n\t<meta property=\"og:image:type\" content=\"image\/jpeg\" \/>\n<meta name=\"author\" content=\"La Sentinelle\" \/>\n<meta name=\"twitter:card\" content=\"summary_large_image\" \/>\n<meta name=\"twitter:label1\" content=\"\u00c9crit par\" \/>\n\t<meta name=\"twitter:data1\" content=\"La Sentinelle\" \/>\n\t<meta name=\"twitter:label2\" content=\"Dur\u00e9e de lecture estim\u00e9e\" \/>\n\t<meta name=\"twitter:data2\" content=\"3 minutes\" \/>\n<script type=\"application\/ld+json\" class=\"yoast-schema-graph\">{\"@context\":\"https:\\\/\\\/schema.org\",\"@graph\":[{\"@type\":\"Article\",\"@id\":\"https:\\\/\\\/lasentinelle.dz\\\/index.php\\\/2023\\\/11\\\/01\\\/loi-sur-le-foncier-economique-la-commission-paritaire-parlementaire-tranchera-le-7-novembre\\\/#article\",\"isPartOf\":{\"@id\":\"https:\\\/\\\/lasentinelle.dz\\\/index.php\\\/2023\\\/11\\\/01\\\/loi-sur-le-foncier-economique-la-commission-paritaire-parlementaire-tranchera-le-7-novembre\\\/\"},\"author\":{\"name\":\"La Sentinelle\",\"@id\":\"https:\\\/\\\/lasentinelle.dz\\\/#\\\/schema\\\/person\\\/d865044e22e70a75174ce8bcad3acfb3\"},\"headline\":\"Loi sur le foncier \u00e9conomique\u00a0: La commission paritaire parlementaire tranchera le 7 novembre\",\"datePublished\":\"2023-11-01T20:04:12+00:00\",\"dateModified\":\"2023-11-01T20:04:13+00:00\",\"mainEntityOfPage\":{\"@id\":\"https:\\\/\\\/lasentinelle.dz\\\/index.php\\\/2023\\\/11\\\/01\\\/loi-sur-le-foncier-economique-la-commission-paritaire-parlementaire-tranchera-le-7-novembre\\\/\"},\"wordCount\":605,\"commentCount\":0,\"publisher\":{\"@id\":\"https:\\\/\\\/lasentinelle.dz\\\/#organization\"},\"image\":{\"@id\":\"https:\\\/\\\/lasentinelle.dz\\\/index.php\\\/2023\\\/11\\\/01\\\/loi-sur-le-foncier-economique-la-commission-paritaire-parlementaire-tranchera-le-7-novembre\\\/#primaryimage\"},\"thumbnailUrl\":\"https:\\\/\\\/lasentinelle.dz\\\/wp-content\\\/uploads\\\/2023\\\/10\\\/apn-.jpeg\",\"articleSection\":[\"Actualit\u00e9\"],\"inLanguage\":\"fr-FR\",\"potentialAction\":[{\"@type\":\"CommentAction\",\"name\":\"Comment\",\"target\":[\"https:\\\/\\\/lasentinelle.dz\\\/index.php\\\/2023\\\/11\\\/01\\\/loi-sur-le-foncier-economique-la-commission-paritaire-parlementaire-tranchera-le-7-novembre\\\/#respond\"]}]},{\"@type\":\"WebPage\",\"@id\":\"https:\\\/\\\/lasentinelle.dz\\\/index.php\\\/2023\\\/11\\\/01\\\/loi-sur-le-foncier-economique-la-commission-paritaire-parlementaire-tranchera-le-7-novembre\\\/\",\"url\":\"https:\\\/\\\/lasentinelle.dz\\\/index.php\\\/2023\\\/11\\\/01\\\/loi-sur-le-foncier-economique-la-commission-paritaire-parlementaire-tranchera-le-7-novembre\\\/\",\"name\":\"Loi sur le foncier \u00e9conomique\u00a0: La commission paritaire parlementaire tranchera le 7 novembre - La Sentinelle\",\"isPartOf\":{\"@id\":\"https:\\\/\\\/lasentinelle.dz\\\/#website\"},\"primaryImageOfPage\":{\"@id\":\"https:\\\/\\\/lasentinelle.dz\\\/index.php\\\/2023\\\/11\\\/01\\\/loi-sur-le-foncier-economique-la-commission-paritaire-parlementaire-tranchera-le-7-novembre\\\/#primaryimage\"},\"image\":{\"@id\":\"https:\\\/\\\/lasentinelle.dz\\\/index.php\\\/2023\\\/11\\\/01\\\/loi-sur-le-foncier-economique-la-commission-paritaire-parlementaire-tranchera-le-7-novembre\\\/#primaryimage\"},\"thumbnailUrl\":\"https:\\\/\\\/lasentinelle.dz\\\/wp-content\\\/uploads\\\/2023\\\/10\\\/apn-.jpeg\",\"datePublished\":\"2023-11-01T20:04:12+00:00\",\"dateModified\":\"2023-11-01T20:04:13+00:00\",\"breadcrumb\":{\"@id\":\"https:\\\/\\\/lasentinelle.dz\\\/index.php\\\/2023\\\/11\\\/01\\\/loi-sur-le-foncier-economique-la-commission-paritaire-parlementaire-tranchera-le-7-novembre\\\/#breadcrumb\"},\"inLanguage\":\"fr-FR\",\"potentialAction\":[{\"@type\":\"ReadAction\",\"target\":[\"https:\\\/\\\/lasentinelle.dz\\\/index.php\\\/2023\\\/11\\\/01\\\/loi-sur-le-foncier-economique-la-commission-paritaire-parlementaire-tranchera-le-7-novembre\\\/\"]}]},{\"@type\":\"ImageObject\",\"inLanguage\":\"fr-FR\",\"@id\":\"https:\\\/\\\/lasentinelle.dz\\\/index.php\\\/2023\\\/11\\\/01\\\/loi-sur-le-foncier-economique-la-commission-paritaire-parlementaire-tranchera-le-7-novembre\\\/#primaryimage\",\"url\":\"https:\\\/\\\/lasentinelle.dz\\\/wp-content\\\/uploads\\\/2023\\\/10\\\/apn-.jpeg\",\"contentUrl\":\"https:\\\/\\\/lasentinelle.dz\\\/wp-content\\\/uploads\\\/2023\\\/10\\\/apn-.jpeg\",\"width\":700,\"height\":499},{\"@type\":\"BreadcrumbList\",\"@id\":\"https:\\\/\\\/lasentinelle.dz\\\/index.php\\\/2023\\\/11\\\/01\\\/loi-sur-le-foncier-economique-la-commission-paritaire-parlementaire-tranchera-le-7-novembre\\\/#breadcrumb\",\"itemListElement\":[{\"@type\":\"ListItem\",\"position\":1,\"name\":\"Accueil\",\"item\":\"https:\\\/\\\/lasentinelle.dz\\\/\"},{\"@type\":\"ListItem\",\"position\":2,\"name\":\"Loi sur le foncier \u00e9conomique\u00a0: La commission paritaire parlementaire tranchera le 7 novembre\"}]},{\"@type\":\"WebSite\",\"@id\":\"https:\\\/\\\/lasentinelle.dz\\\/#website\",\"url\":\"https:\\\/\\\/lasentinelle.dz\\\/\",\"name\":\"La Sentinelle\",\"description\":\"Quotidien national d&#039;information\",\"publisher\":{\"@id\":\"https:\\\/\\\/lasentinelle.dz\\\/#organization\"},\"potentialAction\":[{\"@type\":\"SearchAction\",\"target\":{\"@type\":\"EntryPoint\",\"urlTemplate\":\"https:\\\/\\\/lasentinelle.dz\\\/?s={search_term_string}\"},\"query-input\":{\"@type\":\"PropertyValueSpecification\",\"valueRequired\":true,\"valueName\":\"search_term_string\"}}],\"inLanguage\":\"fr-FR\"},{\"@type\":\"Organization\",\"@id\":\"https:\\\/\\\/lasentinelle.dz\\\/#organization\",\"name\":\"Quotidien La Sentinelle\",\"url\":\"https:\\\/\\\/lasentinelle.dz\\\/\",\"logo\":{\"@type\":\"ImageObject\",\"inLanguage\":\"fr-FR\",\"@id\":\"https:\\\/\\\/lasentinelle.dz\\\/#\\\/schema\\\/logo\\\/image\\\/\",\"url\":\"https:\\\/\\\/lasentinelle.dz\\\/wp-content\\\/uploads\\\/2021\\\/09\\\/logo-sentinelleSLOGAN-1.png\",\"contentUrl\":\"https:\\\/\\\/lasentinelle.dz\\\/wp-content\\\/uploads\\\/2021\\\/09\\\/logo-sentinelleSLOGAN-1.png\",\"width\":615,\"height\":142,\"caption\":\"Quotidien La Sentinelle\"},\"image\":{\"@id\":\"https:\\\/\\\/lasentinelle.dz\\\/#\\\/schema\\\/logo\\\/image\\\/\"},\"sameAs\":[\"https:\\\/\\\/www.facebook.com\\\/La-Sentinelle-104059864394773\"]},{\"@type\":\"Person\",\"@id\":\"https:\\\/\\\/lasentinelle.dz\\\/#\\\/schema\\\/person\\\/d865044e22e70a75174ce8bcad3acfb3\",\"name\":\"La Sentinelle\",\"image\":{\"@type\":\"ImageObject\",\"inLanguage\":\"fr-FR\",\"@id\":\"https:\\\/\\\/secure.gravatar.com\\\/avatar\\\/57de8e5d4b15d43fb361a71fbb36338450fe67865b528a43dd10ef7c51a20392?s=96&d=mm&r=g\",\"url\":\"https:\\\/\\\/secure.gravatar.com\\\/avatar\\\/57de8e5d4b15d43fb361a71fbb36338450fe67865b528a43dd10ef7c51a20392?s=96&d=mm&r=g\",\"contentUrl\":\"https:\\\/\\\/secure.gravatar.com\\\/avatar\\\/57de8e5d4b15d43fb361a71fbb36338450fe67865b528a43dd10ef7c51a20392?s=96&d=mm&r=g\",\"caption\":\"La Sentinelle\"},\"sameAs\":[\"http:\\\/\\\/www.lasentinelle.dz\"],\"url\":\"https:\\\/\\\/lasentinelle.dz\\\/author\\\/redaction\\\/\"}]}<\/script>\n<!-- \/ Yoast SEO plugin. -->","yoast_head_json":{"title":"Loi sur le foncier \u00e9conomique\u00a0: La commission paritaire parlementaire tranchera le 7 novembre - La Sentinelle","robots":{"index":"index","follow":"follow","max-snippet":"max-snippet:-1","max-image-preview":"max-image-preview:large","max-video-preview":"max-video-preview:-1"},"canonical":"https:\/\/lasentinelle.dz\/index.php\/2023\/11\/01\/loi-sur-le-foncier-economique-la-commission-paritaire-parlementaire-tranchera-le-7-novembre\/","og_locale":"fr_FR","og_type":"article","og_title":"Loi sur le foncier \u00e9conomique\u00a0: La commission paritaire parlementaire tranchera le 7 novembre - La Sentinelle","og_description":"Tr\u00e8s attendue par les investisseurs, la loi sur le foncier \u00e9conomique devrait enfin \u00eatre lib\u00e9r\u00e9 des d\u00e9bats parlementaires dans quelques","og_url":"https:\/\/lasentinelle.dz\/index.php\/2023\/11\/01\/loi-sur-le-foncier-economique-la-commission-paritaire-parlementaire-tranchera-le-7-novembre\/","og_site_name":"La Sentinelle","article_publisher":"https:\/\/www.facebook.com\/La-Sentinelle-104059864394773","article_published_time":"2023-11-01T20:04:12+00:00","article_modified_time":"2023-11-01T20:04:13+00:00","og_image":[{"width":700,"height":499,"url":"https:\/\/lasentinelle.dz\/wp-content\/uploads\/2023\/10\/apn-.jpeg","type":"image\/jpeg"}],"author":"La Sentinelle","twitter_card":"summary_large_image","twitter_misc":{"\u00c9crit par":"La Sentinelle","Dur\u00e9e de lecture estim\u00e9e":"3 minutes"},"schema":{"@context":"https:\/\/schema.org","@graph":[{"@type":"Article","@id":"https:\/\/lasentinelle.dz\/index.php\/2023\/11\/01\/loi-sur-le-foncier-economique-la-commission-paritaire-parlementaire-tranchera-le-7-novembre\/#article","isPartOf":{"@id":"https:\/\/lasentinelle.dz\/index.php\/2023\/11\/01\/loi-sur-le-foncier-economique-la-commission-paritaire-parlementaire-tranchera-le-7-novembre\/"},"author":{"name":"La Sentinelle","@id":"https:\/\/lasentinelle.dz\/#\/schema\/person\/d865044e22e70a75174ce8bcad3acfb3"},"headline":"Loi sur le foncier \u00e9conomique\u00a0: La commission paritaire parlementaire tranchera le 7 novembre","datePublished":"2023-11-01T20:04:12+00:00","dateModified":"2023-11-01T20:04:13+00:00","mainEntityOfPage":{"@id":"https:\/\/lasentinelle.dz\/index.php\/2023\/11\/01\/loi-sur-le-foncier-economique-la-commission-paritaire-parlementaire-tranchera-le-7-novembre\/"},"wordCount":605,"commentCount":0,"publisher":{"@id":"https:\/\/lasentinelle.dz\/#organization"},"image":{"@id":"https:\/\/lasentinelle.dz\/index.php\/2023\/11\/01\/loi-sur-le-foncier-economique-la-commission-paritaire-parlementaire-tranchera-le-7-novembre\/#primaryimage"},"thumbnailUrl":"https:\/\/lasentinelle.dz\/wp-content\/uploads\/2023\/10\/apn-.jpeg","articleSection":["Actualit\u00e9"],"inLanguage":"fr-FR","potentialAction":[{"@type":"CommentAction","name":"Comment","target":["https:\/\/lasentinelle.dz\/index.php\/2023\/11\/01\/loi-sur-le-foncier-economique-la-commission-paritaire-parlementaire-tranchera-le-7-novembre\/#respond"]}]},{"@type":"WebPage","@id":"https:\/\/lasentinelle.dz\/index.php\/2023\/11\/01\/loi-sur-le-foncier-economique-la-commission-paritaire-parlementaire-tranchera-le-7-novembre\/","url":"https:\/\/lasentinelle.dz\/index.php\/2023\/11\/01\/loi-sur-le-foncier-economique-la-commission-paritaire-parlementaire-tranchera-le-7-novembre\/","name":"Loi sur le foncier \u00e9conomique\u00a0: La commission paritaire parlementaire tranchera le 7 novembre - La Sentinelle","isPartOf":{"@id":"https:\/\/lasentinelle.dz\/#website"},"primaryImageOfPage":{"@id":"https:\/\/lasentinelle.dz\/index.php\/2023\/11\/01\/loi-sur-le-foncier-economique-la-commission-paritaire-parlementaire-tranchera-le-7-novembre\/#primaryimage"},"image":{"@id":"https:\/\/lasentinelle.dz\/index.php\/2023\/11\/01\/loi-sur-le-foncier-economique-la-commission-paritaire-parlementaire-tranchera-le-7-novembre\/#primaryimage"},"thumbnailUrl":"https:\/\/lasentinelle.dz\/wp-content\/uploads\/2023\/10\/apn-.jpeg","datePublished":"2023-11-01T20:04:12+00:00","dateModified":"2023-11-01T20:04:13+00:00","breadcrumb":{"@id":"https:\/\/lasentinelle.dz\/index.php\/2023\/11\/01\/loi-sur-le-foncier-economique-la-commission-paritaire-parlementaire-tranchera-le-7-novembre\/#breadcrumb"},"inLanguage":"fr-FR","potentialAction":[{"@type":"ReadAction","target":["https:\/\/lasentinelle.dz\/index.php\/2023\/11\/01\/loi-sur-le-foncier-economique-la-commission-paritaire-parlementaire-tranchera-le-7-novembre\/"]}]},{"@type":"ImageObject","inLanguage":"fr-FR","@id":"https:\/\/lasentinelle.dz\/index.php\/2023\/11\/01\/loi-sur-le-foncier-economique-la-commission-paritaire-parlementaire-tranchera-le-7-novembre\/#primaryimage","url":"https:\/\/lasentinelle.dz\/wp-content\/uploads\/2023\/10\/apn-.jpeg","contentUrl":"https:\/\/lasentinelle.dz\/wp-content\/uploads\/2023\/10\/apn-.jpeg","width":700,"height":499},{"@type":"BreadcrumbList","@id":"https:\/\/lasentinelle.dz\/index.php\/2023\/11\/01\/loi-sur-le-foncier-economique-la-commission-paritaire-parlementaire-tranchera-le-7-novembre\/#breadcrumb","itemListElement":[{"@type":"ListItem","position":1,"name":"Accueil","item":"https:\/\/lasentinelle.dz\/"},{"@type":"ListItem","position":2,"name":"Loi sur le foncier \u00e9conomique\u00a0: La commission paritaire parlementaire tranchera le 7 novembre"}]},{"@type":"WebSite","@id":"https:\/\/lasentinelle.dz\/#website","url":"https:\/\/lasentinelle.dz\/","name":"La Sentinelle","description":"Quotidien national d&#039;information","publisher":{"@id":"https:\/\/lasentinelle.dz\/#organization"},"potentialAction":[{"@type":"SearchAction","target":{"@type":"EntryPoint","urlTemplate":"https:\/\/lasentinelle.dz\/?s={search_term_string}"},"query-input":{"@type":"PropertyValueSpecification","valueRequired":true,"valueName":"search_term_string"}}],"inLanguage":"fr-FR"},{"@type":"Organization","@id":"https:\/\/lasentinelle.dz\/#organization","name":"Quotidien La Sentinelle","url":"https:\/\/lasentinelle.dz\/","logo":{"@type":"ImageObject","inLanguage":"fr-FR","@id":"https:\/\/lasentinelle.dz\/#\/schema\/logo\/image\/","url":"https:\/\/lasentinelle.dz\/wp-content\/uploads\/2021\/09\/logo-sentinelleSLOGAN-1.png","contentUrl":"https:\/\/lasentinelle.dz\/wp-content\/uploads\/2021\/09\/logo-sentinelleSLOGAN-1.png","width":615,"height":142,"caption":"Quotidien La Sentinelle"},"image":{"@id":"https:\/\/lasentinelle.dz\/#\/schema\/logo\/image\/"},"sameAs":["https:\/\/www.facebook.com\/La-Sentinelle-104059864394773"]},{"@type":"Person","@id":"https:\/\/lasentinelle.dz\/#\/schema\/person\/d865044e22e70a75174ce8bcad3acfb3","name":"La Sentinelle","image":{"@type":"ImageObject","inLanguage":"fr-FR","@id":"https:\/\/secure.gravatar.com\/avatar\/57de8e5d4b15d43fb361a71fbb36338450fe67865b528a43dd10ef7c51a20392?s=96&d=mm&r=g","url":"https:\/\/secure.gravatar.com\/avatar\/57de8e5d4b15d43fb361a71fbb36338450fe67865b528a43dd10ef7c51a20392?s=96&d=mm&r=g","contentUrl":"https:\/\/secure.gravatar.com\/avatar\/57de8e5d4b15d43fb361a71fbb36338450fe67865b528a43dd10ef7c51a20392?s=96&d=mm&r=g","caption":"La Sentinelle"},"sameAs":["http:\/\/www.lasentinelle.dz"],"url":"https:\/\/lasentinelle.dz\/author\/redaction\/"}]}},"_links":{"self":[{"href":"https:\/\/lasentinelle.dz\/index.php\/wp-json\/wp\/v2\/posts\/46803","targetHints":{"allow":["GET"]}}],"collection":[{"href":"https:\/\/lasentinelle.dz\/index.php\/wp-json\/wp\/v2\/posts"}],"about":[{"href":"https:\/\/lasentinelle.dz\/index.php\/wp-json\/wp\/v2\/types\/post"}],"author":[{"embeddable":true,"href":"https:\/\/lasentinelle.dz\/index.php\/wp-json\/wp\/v2\/users\/3"}],"replies":[{"embeddable":true,"href":"https:\/\/lasentinelle.dz\/index.php\/wp-json\/wp\/v2\/comments?post=46803"}],"version-history":[{"count":1,"href":"https:\/\/lasentinelle.dz\/index.php\/wp-json\/wp\/v2\/posts\/46803\/revisions"}],"predecessor-version":[{"id":46804,"href":"https:\/\/lasentinelle.dz\/index.php\/wp-json\/wp\/v2\/posts\/46803\/revisions\/46804"}],"wp:featuredmedia":[{"embeddable":true,"href":"https:\/\/lasentinelle.dz\/index.php\/wp-json\/wp\/v2\/media\/46579"}],"wp:attachment":[{"href":"https:\/\/lasentinelle.dz\/index.php\/wp-json\/wp\/v2\/media?parent=46803"}],"wp:term":[{"taxonomy":"category","embeddable":true,"href":"https:\/\/lasentinelle.dz\/index.php\/wp-json\/wp\/v2\/categories?post=46803"},{"taxonomy":"post_tag","embeddable":true,"href":"https:\/\/lasentinelle.dz\/index.php\/wp-json\/wp\/v2\/tags?post=46803"}],"curies":[{"name":"wp","href":"https:\/\/api.w.org\/{rel}","templated":true}]}}