{"id":46841,"date":"2023-11-04T20:41:48","date_gmt":"2023-11-04T19:41:48","guid":{"rendered":"https:\/\/lasentinelle.dz\/?p=46841"},"modified":"2023-11-04T20:41:50","modified_gmt":"2023-11-04T19:41:50","slug":"initiative-nationale-de-lutte-contre-le-cancer-la-decision-du-president-tebboune-saluee","status":"publish","type":"post","link":"https:\/\/lasentinelle.dz\/index.php\/2023\/11\/04\/initiative-nationale-de-lutte-contre-le-cancer-la-decision-du-president-tebboune-saluee\/","title":{"rendered":"Initiative nationale de lutte contre le cancer\u00a0: La d\u00e9cision du Pr\u00e9sident Tebboune salu\u00e9e"},"content":{"rendered":"\n<p>L&rsquo;Union nationale des op\u00e9rateurs de la pharmacie (UNOP) a salu\u00e9 l&rsquo;initiative nationale de lutte contre le cancer lanc\u00e9e par le Pr\u00e9sident de la R\u00e9publique, M. Abdelmadjid Tebboune, indique samedi un communiqu\u00e9 de cette association. En ce sens, l&rsquo;UNOP a consid\u00e9r\u00e9 \u00ab\u00a0la mise en place de programmes \u00e0 r\u00e9aliser en mati\u00e8re de pr\u00e9vention et de d\u00e9pistage pr\u00e9coce de cette maladie et de lutte contre les facteurs de risque\u00a0\u00bb, comme \u00e9tant \u00ab\u00a0la solution la plus viable et la plus pertinente de lutte contre le cancer\u00a0\u00bb. L&rsquo;UNOP a ajout\u00e9 que cette initiative rel\u00e8ve d&rsquo;une d\u00e9marche \u00ab\u00a0\u00e0 la hauteur d&rsquo;une priorit\u00e9 de la politique nationale de sant\u00e9 publique\u00a0\u00bb. \u00ab\u00a0Nous sommes persuad\u00e9s qu&rsquo;il s&rsquo;agit l\u00e0, de la voie appropri\u00e9e pour apporter des r\u00e9ponses satisfaisantes, rapides et op\u00e9rationnelles aux difficult\u00e9s v\u00e9cues par les patients, ainsi qu&rsquo;en ce qui concerne une meilleure disponibilit\u00e9 des m\u00e9dicaments anticanc\u00e9reux et de l&rsquo;accessibilit\u00e9 des th\u00e9rapies les plus innovantes\u00a0\u00bb, ajoute le communiqu\u00e9. L&rsquo;UNOP a relev\u00e9 \u00e0 ce propos, qu'\u00a0\u00bbun nombre important d&rsquo;unit\u00e9s de fabrication de produits d&rsquo;oncologie sont d\u00e9j\u00e0 entr\u00e9es en phase de fabrication ou devraient l&rsquo;\u00eatre au cours des prochains mois, ce qui est de bon augure pour l&rsquo;ann\u00e9e 2024 en termes d&rsquo;approvisionnement du march\u00e9 et d&rsquo;autosuffisance pour cette cat\u00e9gorie de m\u00e9dicaments et produits pharmaceutiques hautement sensibles\u00a0\u00bb. Pour cette association, \u00ab\u00a0le plan d&rsquo;action ambitieux qui est port\u00e9 par cette initiative, la mobilisation envisag\u00e9e de la communaut\u00e9 scientifique et universitaire et les moyens humains et financiers mobilis\u00e9s\u00a0\u00bb conf\u00e8rent \u00ab\u00a0une dimension nouvelle \u00e0 la lutte anti-cancer \u00e0 court terme\u00a0\u00bb, en Alg\u00e9rie.&nbsp; Pour rappel, le Pr\u00e9sident de la R\u00e9publique a annonc\u00e9, jeudi dernier, une initiative nationale de lutte contre le cancer, dans le cadre de son engagement \u00e0 prot\u00e9ger et \u00e0 promouvoir la sant\u00e9 des citoyens, en y consacrant 70 milliards DA \u00e0 partir du Fonds national de lutte contre le cancer. Le suivi de la concr\u00e9tisation de cette initiative et l&rsquo;\u00e9valuation de ses r\u00e9sultats seront assur\u00e9s au niveau de la Pr\u00e9sidence de la R\u00e9publique. Le Pr\u00e9sident Tebboune a \u00e9galement mis en place une instance nationale pr\u00e9sid\u00e9e par l&rsquo;oncologue, Adda Bounedjar, en compagnie d&rsquo;une \u00e9quipe de sp\u00e9cialistes du domaine, et qui sera charg\u00e9e d&rsquo;arr\u00eater les \u00e9l\u00e9ments de l&rsquo;initiative nationale de pr\u00e9vention et de lutte contre le cancer.L&rsquo;instance sera plac\u00e9e sous la supervision des services de la Pr\u00e9sidence de la R\u00e9publique et en coordination permanente avec les minist\u00e8res de la Sant\u00e9, de l&rsquo;Enseignement sup\u00e9rieur et de la Recherche scientifique, de l&rsquo;Industrie et de la Production pharmaceutique, du Travail et de la S\u00e9curit\u00e9 sociale, du Commerce, de l&rsquo;Environnement et de l&rsquo;Education nationale, ainsi qu&rsquo;avec tous les autres secteurs concern\u00e9s.<\/p>\n\n\n\n<p>R.N.<\/p>\n","protected":false},"excerpt":{"rendered":"<p>L&rsquo;Union nationale des op\u00e9rateurs de la pharmacie (UNOP) a salu\u00e9 l&rsquo;initiative nationale de lutte contre le cancer lanc\u00e9e par le<\/p>\n","protected":false},"author":3,"featured_media":46842,"comment_status":"open","ping_status":"closed","sticky":false,"template":"","format":"standard","meta":{"colormag_page_container_layout":"default_layout","colormag_page_sidebar_layout":"default_layout","om_disable_all_campaigns":false,"_monsterinsights_skip_tracking":false,"_monsterinsights_sitenote_active":false,"_monsterinsights_sitenote_note":"","_monsterinsights_sitenote_category":0,"footnotes":"","_wpscppro_dont_share_socialmedia":false,"_wpscppro_custom_social_share_image":0,"_facebook_share_type":"","_twitter_share_type":"","_linkedin_share_type":"","_pinterest_share_type":"","_linkedin_share_type_page":"","_instagram_share_type":"","_medium_share_type":"","_threads_share_type":"","_google_business_share_type":"","_selected_social_profile":[],"_wpsp_enable_custom_social_template":false,"_wpsp_social_scheduling":{"enabled":false,"datetime":null,"platforms":[],"status":"template_only","dateOption":"today","timeOption":"now","customDays":"","customHours":"","customDate":"","customTime":"","schedulingType":"absolute"},"_wpsp_active_default_template":true},"categories":[27],"tags":[],"class_list":["post-46841","post","type-post","status-publish","format-standard","has-post-thumbnail","hentry","category-actualite"],"aioseo_notices":[],"yoast_head":"<!-- This site is optimized with the Yoast SEO plugin v27.5 - https:\/\/yoast.com\/product\/yoast-seo-wordpress\/ -->\n<title>Initiative nationale de lutte contre le cancer\u00a0: La d\u00e9cision du Pr\u00e9sident Tebboune salu\u00e9e - La Sentinelle<\/title>\n<meta name=\"robots\" content=\"index, follow, max-snippet:-1, max-image-preview:large, max-video-preview:-1\" \/>\n<link rel=\"canonical\" href=\"https:\/\/lasentinelle.dz\/index.php\/2023\/11\/04\/initiative-nationale-de-lutte-contre-le-cancer-la-decision-du-president-tebboune-saluee\/\" \/>\n<meta property=\"og:locale\" content=\"fr_FR\" \/>\n<meta property=\"og:type\" content=\"article\" \/>\n<meta property=\"og:title\" content=\"Initiative nationale de lutte contre le cancer\u00a0: La d\u00e9cision du Pr\u00e9sident Tebboune salu\u00e9e - La Sentinelle\" \/>\n<meta property=\"og:description\" content=\"L&rsquo;Union nationale des op\u00e9rateurs de la pharmacie (UNOP) a salu\u00e9 l&rsquo;initiative nationale de lutte contre le cancer lanc\u00e9e par le\" \/>\n<meta property=\"og:url\" content=\"https:\/\/lasentinelle.dz\/index.php\/2023\/11\/04\/initiative-nationale-de-lutte-contre-le-cancer-la-decision-du-president-tebboune-saluee\/\" \/>\n<meta property=\"og:site_name\" content=\"La Sentinelle\" \/>\n<meta property=\"article:publisher\" content=\"https:\/\/www.facebook.com\/La-Sentinelle-104059864394773\" \/>\n<meta property=\"article:published_time\" content=\"2023-11-04T19:41:48+00:00\" \/>\n<meta property=\"article:modified_time\" content=\"2023-11-04T19:41:50+00:00\" \/>\n<meta property=\"og:image\" content=\"https:\/\/lasentinelle.dz\/wp-content\/uploads\/2023\/11\/cancer.jpeg\" \/>\n\t<meta property=\"og:image:width\" content=\"730\" \/>\n\t<meta property=\"og:image:height\" content=\"480\" \/>\n\t<meta property=\"og:image:type\" content=\"image\/jpeg\" \/>\n<meta name=\"author\" content=\"La Sentinelle\" \/>\n<meta name=\"twitter:card\" content=\"summary_large_image\" \/>\n<meta name=\"twitter:label1\" content=\"\u00c9crit par\" \/>\n\t<meta name=\"twitter:data1\" content=\"La Sentinelle\" \/>\n\t<meta name=\"twitter:label2\" content=\"Dur\u00e9e de lecture estim\u00e9e\" \/>\n\t<meta name=\"twitter:data2\" content=\"3 minutes\" \/>\n<script type=\"application\/ld+json\" class=\"yoast-schema-graph\">{\"@context\":\"https:\\\/\\\/schema.org\",\"@graph\":[{\"@type\":\"Article\",\"@id\":\"https:\\\/\\\/lasentinelle.dz\\\/index.php\\\/2023\\\/11\\\/04\\\/initiative-nationale-de-lutte-contre-le-cancer-la-decision-du-president-tebboune-saluee\\\/#article\",\"isPartOf\":{\"@id\":\"https:\\\/\\\/lasentinelle.dz\\\/index.php\\\/2023\\\/11\\\/04\\\/initiative-nationale-de-lutte-contre-le-cancer-la-decision-du-president-tebboune-saluee\\\/\"},\"author\":{\"name\":\"La Sentinelle\",\"@id\":\"https:\\\/\\\/lasentinelle.dz\\\/#\\\/schema\\\/person\\\/d865044e22e70a75174ce8bcad3acfb3\"},\"headline\":\"Initiative nationale de lutte contre le cancer\u00a0: La d\u00e9cision du Pr\u00e9sident Tebboune salu\u00e9e\",\"datePublished\":\"2023-11-04T19:41:48+00:00\",\"dateModified\":\"2023-11-04T19:41:50+00:00\",\"mainEntityOfPage\":{\"@id\":\"https:\\\/\\\/lasentinelle.dz\\\/index.php\\\/2023\\\/11\\\/04\\\/initiative-nationale-de-lutte-contre-le-cancer-la-decision-du-president-tebboune-saluee\\\/\"},\"wordCount\":517,\"commentCount\":0,\"publisher\":{\"@id\":\"https:\\\/\\\/lasentinelle.dz\\\/#organization\"},\"image\":{\"@id\":\"https:\\\/\\\/lasentinelle.dz\\\/index.php\\\/2023\\\/11\\\/04\\\/initiative-nationale-de-lutte-contre-le-cancer-la-decision-du-president-tebboune-saluee\\\/#primaryimage\"},\"thumbnailUrl\":\"https:\\\/\\\/lasentinelle.dz\\\/wp-content\\\/uploads\\\/2023\\\/11\\\/cancer.jpeg\",\"articleSection\":[\"Actualit\u00e9\"],\"inLanguage\":\"fr-FR\",\"potentialAction\":[{\"@type\":\"CommentAction\",\"name\":\"Comment\",\"target\":[\"https:\\\/\\\/lasentinelle.dz\\\/index.php\\\/2023\\\/11\\\/04\\\/initiative-nationale-de-lutte-contre-le-cancer-la-decision-du-president-tebboune-saluee\\\/#respond\"]}]},{\"@type\":\"WebPage\",\"@id\":\"https:\\\/\\\/lasentinelle.dz\\\/index.php\\\/2023\\\/11\\\/04\\\/initiative-nationale-de-lutte-contre-le-cancer-la-decision-du-president-tebboune-saluee\\\/\",\"url\":\"https:\\\/\\\/lasentinelle.dz\\\/index.php\\\/2023\\\/11\\\/04\\\/initiative-nationale-de-lutte-contre-le-cancer-la-decision-du-president-tebboune-saluee\\\/\",\"name\":\"Initiative nationale de lutte contre le cancer\u00a0: La d\u00e9cision du Pr\u00e9sident Tebboune salu\u00e9e - La Sentinelle\",\"isPartOf\":{\"@id\":\"https:\\\/\\\/lasentinelle.dz\\\/#website\"},\"primaryImageOfPage\":{\"@id\":\"https:\\\/\\\/lasentinelle.dz\\\/index.php\\\/2023\\\/11\\\/04\\\/initiative-nationale-de-lutte-contre-le-cancer-la-decision-du-president-tebboune-saluee\\\/#primaryimage\"},\"image\":{\"@id\":\"https:\\\/\\\/lasentinelle.dz\\\/index.php\\\/2023\\\/11\\\/04\\\/initiative-nationale-de-lutte-contre-le-cancer-la-decision-du-president-tebboune-saluee\\\/#primaryimage\"},\"thumbnailUrl\":\"https:\\\/\\\/lasentinelle.dz\\\/wp-content\\\/uploads\\\/2023\\\/11\\\/cancer.jpeg\",\"datePublished\":\"2023-11-04T19:41:48+00:00\",\"dateModified\":\"2023-11-04T19:41:50+00:00\",\"breadcrumb\":{\"@id\":\"https:\\\/\\\/lasentinelle.dz\\\/index.php\\\/2023\\\/11\\\/04\\\/initiative-nationale-de-lutte-contre-le-cancer-la-decision-du-president-tebboune-saluee\\\/#breadcrumb\"},\"inLanguage\":\"fr-FR\",\"potentialAction\":[{\"@type\":\"ReadAction\",\"target\":[\"https:\\\/\\\/lasentinelle.dz\\\/index.php\\\/2023\\\/11\\\/04\\\/initiative-nationale-de-lutte-contre-le-cancer-la-decision-du-president-tebboune-saluee\\\/\"]}]},{\"@type\":\"ImageObject\",\"inLanguage\":\"fr-FR\",\"@id\":\"https:\\\/\\\/lasentinelle.dz\\\/index.php\\\/2023\\\/11\\\/04\\\/initiative-nationale-de-lutte-contre-le-cancer-la-decision-du-president-tebboune-saluee\\\/#primaryimage\",\"url\":\"https:\\\/\\\/lasentinelle.dz\\\/wp-content\\\/uploads\\\/2023\\\/11\\\/cancer.jpeg\",\"contentUrl\":\"https:\\\/\\\/lasentinelle.dz\\\/wp-content\\\/uploads\\\/2023\\\/11\\\/cancer.jpeg\",\"width\":730,\"height\":480},{\"@type\":\"BreadcrumbList\",\"@id\":\"https:\\\/\\\/lasentinelle.dz\\\/index.php\\\/2023\\\/11\\\/04\\\/initiative-nationale-de-lutte-contre-le-cancer-la-decision-du-president-tebboune-saluee\\\/#breadcrumb\",\"itemListElement\":[{\"@type\":\"ListItem\",\"position\":1,\"name\":\"Accueil\",\"item\":\"https:\\\/\\\/lasentinelle.dz\\\/\"},{\"@type\":\"ListItem\",\"position\":2,\"name\":\"Initiative nationale de lutte contre le cancer\u00a0: La d\u00e9cision du Pr\u00e9sident Tebboune salu\u00e9e\"}]},{\"@type\":\"WebSite\",\"@id\":\"https:\\\/\\\/lasentinelle.dz\\\/#website\",\"url\":\"https:\\\/\\\/lasentinelle.dz\\\/\",\"name\":\"La Sentinelle\",\"description\":\"Quotidien national d&#039;information\",\"publisher\":{\"@id\":\"https:\\\/\\\/lasentinelle.dz\\\/#organization\"},\"potentialAction\":[{\"@type\":\"SearchAction\",\"target\":{\"@type\":\"EntryPoint\",\"urlTemplate\":\"https:\\\/\\\/lasentinelle.dz\\\/?s={search_term_string}\"},\"query-input\":{\"@type\":\"PropertyValueSpecification\",\"valueRequired\":true,\"valueName\":\"search_term_string\"}}],\"inLanguage\":\"fr-FR\"},{\"@type\":\"Organization\",\"@id\":\"https:\\\/\\\/lasentinelle.dz\\\/#organization\",\"name\":\"Quotidien La Sentinelle\",\"url\":\"https:\\\/\\\/lasentinelle.dz\\\/\",\"logo\":{\"@type\":\"ImageObject\",\"inLanguage\":\"fr-FR\",\"@id\":\"https:\\\/\\\/lasentinelle.dz\\\/#\\\/schema\\\/logo\\\/image\\\/\",\"url\":\"https:\\\/\\\/lasentinelle.dz\\\/wp-content\\\/uploads\\\/2021\\\/09\\\/logo-sentinelleSLOGAN-1.png\",\"contentUrl\":\"https:\\\/\\\/lasentinelle.dz\\\/wp-content\\\/uploads\\\/2021\\\/09\\\/logo-sentinelleSLOGAN-1.png\",\"width\":615,\"height\":142,\"caption\":\"Quotidien La Sentinelle\"},\"image\":{\"@id\":\"https:\\\/\\\/lasentinelle.dz\\\/#\\\/schema\\\/logo\\\/image\\\/\"},\"sameAs\":[\"https:\\\/\\\/www.facebook.com\\\/La-Sentinelle-104059864394773\"]},{\"@type\":\"Person\",\"@id\":\"https:\\\/\\\/lasentinelle.dz\\\/#\\\/schema\\\/person\\\/d865044e22e70a75174ce8bcad3acfb3\",\"name\":\"La Sentinelle\",\"image\":{\"@type\":\"ImageObject\",\"inLanguage\":\"fr-FR\",\"@id\":\"https:\\\/\\\/secure.gravatar.com\\\/avatar\\\/57de8e5d4b15d43fb361a71fbb36338450fe67865b528a43dd10ef7c51a20392?s=96&d=mm&r=g\",\"url\":\"https:\\\/\\\/secure.gravatar.com\\\/avatar\\\/57de8e5d4b15d43fb361a71fbb36338450fe67865b528a43dd10ef7c51a20392?s=96&d=mm&r=g\",\"contentUrl\":\"https:\\\/\\\/secure.gravatar.com\\\/avatar\\\/57de8e5d4b15d43fb361a71fbb36338450fe67865b528a43dd10ef7c51a20392?s=96&d=mm&r=g\",\"caption\":\"La Sentinelle\"},\"sameAs\":[\"http:\\\/\\\/www.lasentinelle.dz\"],\"url\":\"https:\\\/\\\/lasentinelle.dz\\\/author\\\/redaction\\\/\"}]}<\/script>\n<!-- \/ Yoast SEO plugin. -->","yoast_head_json":{"title":"Initiative nationale de lutte contre le cancer\u00a0: La d\u00e9cision du Pr\u00e9sident Tebboune salu\u00e9e - La Sentinelle","robots":{"index":"index","follow":"follow","max-snippet":"max-snippet:-1","max-image-preview":"max-image-preview:large","max-video-preview":"max-video-preview:-1"},"canonical":"https:\/\/lasentinelle.dz\/index.php\/2023\/11\/04\/initiative-nationale-de-lutte-contre-le-cancer-la-decision-du-president-tebboune-saluee\/","og_locale":"fr_FR","og_type":"article","og_title":"Initiative nationale de lutte contre le cancer\u00a0: La d\u00e9cision du Pr\u00e9sident Tebboune salu\u00e9e - La Sentinelle","og_description":"L&rsquo;Union nationale des op\u00e9rateurs de la pharmacie (UNOP) a salu\u00e9 l&rsquo;initiative nationale de lutte contre le cancer lanc\u00e9e par le","og_url":"https:\/\/lasentinelle.dz\/index.php\/2023\/11\/04\/initiative-nationale-de-lutte-contre-le-cancer-la-decision-du-president-tebboune-saluee\/","og_site_name":"La Sentinelle","article_publisher":"https:\/\/www.facebook.com\/La-Sentinelle-104059864394773","article_published_time":"2023-11-04T19:41:48+00:00","article_modified_time":"2023-11-04T19:41:50+00:00","og_image":[{"width":730,"height":480,"url":"https:\/\/lasentinelle.dz\/wp-content\/uploads\/2023\/11\/cancer.jpeg","type":"image\/jpeg"}],"author":"La Sentinelle","twitter_card":"summary_large_image","twitter_misc":{"\u00c9crit par":"La Sentinelle","Dur\u00e9e de lecture estim\u00e9e":"3 minutes"},"schema":{"@context":"https:\/\/schema.org","@graph":[{"@type":"Article","@id":"https:\/\/lasentinelle.dz\/index.php\/2023\/11\/04\/initiative-nationale-de-lutte-contre-le-cancer-la-decision-du-president-tebboune-saluee\/#article","isPartOf":{"@id":"https:\/\/lasentinelle.dz\/index.php\/2023\/11\/04\/initiative-nationale-de-lutte-contre-le-cancer-la-decision-du-president-tebboune-saluee\/"},"author":{"name":"La Sentinelle","@id":"https:\/\/lasentinelle.dz\/#\/schema\/person\/d865044e22e70a75174ce8bcad3acfb3"},"headline":"Initiative nationale de lutte contre le cancer\u00a0: La d\u00e9cision du Pr\u00e9sident Tebboune salu\u00e9e","datePublished":"2023-11-04T19:41:48+00:00","dateModified":"2023-11-04T19:41:50+00:00","mainEntityOfPage":{"@id":"https:\/\/lasentinelle.dz\/index.php\/2023\/11\/04\/initiative-nationale-de-lutte-contre-le-cancer-la-decision-du-president-tebboune-saluee\/"},"wordCount":517,"commentCount":0,"publisher":{"@id":"https:\/\/lasentinelle.dz\/#organization"},"image":{"@id":"https:\/\/lasentinelle.dz\/index.php\/2023\/11\/04\/initiative-nationale-de-lutte-contre-le-cancer-la-decision-du-president-tebboune-saluee\/#primaryimage"},"thumbnailUrl":"https:\/\/lasentinelle.dz\/wp-content\/uploads\/2023\/11\/cancer.jpeg","articleSection":["Actualit\u00e9"],"inLanguage":"fr-FR","potentialAction":[{"@type":"CommentAction","name":"Comment","target":["https:\/\/lasentinelle.dz\/index.php\/2023\/11\/04\/initiative-nationale-de-lutte-contre-le-cancer-la-decision-du-president-tebboune-saluee\/#respond"]}]},{"@type":"WebPage","@id":"https:\/\/lasentinelle.dz\/index.php\/2023\/11\/04\/initiative-nationale-de-lutte-contre-le-cancer-la-decision-du-president-tebboune-saluee\/","url":"https:\/\/lasentinelle.dz\/index.php\/2023\/11\/04\/initiative-nationale-de-lutte-contre-le-cancer-la-decision-du-president-tebboune-saluee\/","name":"Initiative nationale de lutte contre le cancer\u00a0: La d\u00e9cision du Pr\u00e9sident Tebboune salu\u00e9e - La Sentinelle","isPartOf":{"@id":"https:\/\/lasentinelle.dz\/#website"},"primaryImageOfPage":{"@id":"https:\/\/lasentinelle.dz\/index.php\/2023\/11\/04\/initiative-nationale-de-lutte-contre-le-cancer-la-decision-du-president-tebboune-saluee\/#primaryimage"},"image":{"@id":"https:\/\/lasentinelle.dz\/index.php\/2023\/11\/04\/initiative-nationale-de-lutte-contre-le-cancer-la-decision-du-president-tebboune-saluee\/#primaryimage"},"thumbnailUrl":"https:\/\/lasentinelle.dz\/wp-content\/uploads\/2023\/11\/cancer.jpeg","datePublished":"2023-11-04T19:41:48+00:00","dateModified":"2023-11-04T19:41:50+00:00","breadcrumb":{"@id":"https:\/\/lasentinelle.dz\/index.php\/2023\/11\/04\/initiative-nationale-de-lutte-contre-le-cancer-la-decision-du-president-tebboune-saluee\/#breadcrumb"},"inLanguage":"fr-FR","potentialAction":[{"@type":"ReadAction","target":["https:\/\/lasentinelle.dz\/index.php\/2023\/11\/04\/initiative-nationale-de-lutte-contre-le-cancer-la-decision-du-president-tebboune-saluee\/"]}]},{"@type":"ImageObject","inLanguage":"fr-FR","@id":"https:\/\/lasentinelle.dz\/index.php\/2023\/11\/04\/initiative-nationale-de-lutte-contre-le-cancer-la-decision-du-president-tebboune-saluee\/#primaryimage","url":"https:\/\/lasentinelle.dz\/wp-content\/uploads\/2023\/11\/cancer.jpeg","contentUrl":"https:\/\/lasentinelle.dz\/wp-content\/uploads\/2023\/11\/cancer.jpeg","width":730,"height":480},{"@type":"BreadcrumbList","@id":"https:\/\/lasentinelle.dz\/index.php\/2023\/11\/04\/initiative-nationale-de-lutte-contre-le-cancer-la-decision-du-president-tebboune-saluee\/#breadcrumb","itemListElement":[{"@type":"ListItem","position":1,"name":"Accueil","item":"https:\/\/lasentinelle.dz\/"},{"@type":"ListItem","position":2,"name":"Initiative nationale de lutte contre le cancer\u00a0: La d\u00e9cision du Pr\u00e9sident Tebboune salu\u00e9e"}]},{"@type":"WebSite","@id":"https:\/\/lasentinelle.dz\/#website","url":"https:\/\/lasentinelle.dz\/","name":"La Sentinelle","description":"Quotidien national d&#039;information","publisher":{"@id":"https:\/\/lasentinelle.dz\/#organization"},"potentialAction":[{"@type":"SearchAction","target":{"@type":"EntryPoint","urlTemplate":"https:\/\/lasentinelle.dz\/?s={search_term_string}"},"query-input":{"@type":"PropertyValueSpecification","valueRequired":true,"valueName":"search_term_string"}}],"inLanguage":"fr-FR"},{"@type":"Organization","@id":"https:\/\/lasentinelle.dz\/#organization","name":"Quotidien La Sentinelle","url":"https:\/\/lasentinelle.dz\/","logo":{"@type":"ImageObject","inLanguage":"fr-FR","@id":"https:\/\/lasentinelle.dz\/#\/schema\/logo\/image\/","url":"https:\/\/lasentinelle.dz\/wp-content\/uploads\/2021\/09\/logo-sentinelleSLOGAN-1.png","contentUrl":"https:\/\/lasentinelle.dz\/wp-content\/uploads\/2021\/09\/logo-sentinelleSLOGAN-1.png","width":615,"height":142,"caption":"Quotidien La Sentinelle"},"image":{"@id":"https:\/\/lasentinelle.dz\/#\/schema\/logo\/image\/"},"sameAs":["https:\/\/www.facebook.com\/La-Sentinelle-104059864394773"]},{"@type":"Person","@id":"https:\/\/lasentinelle.dz\/#\/schema\/person\/d865044e22e70a75174ce8bcad3acfb3","name":"La Sentinelle","image":{"@type":"ImageObject","inLanguage":"fr-FR","@id":"https:\/\/secure.gravatar.com\/avatar\/57de8e5d4b15d43fb361a71fbb36338450fe67865b528a43dd10ef7c51a20392?s=96&d=mm&r=g","url":"https:\/\/secure.gravatar.com\/avatar\/57de8e5d4b15d43fb361a71fbb36338450fe67865b528a43dd10ef7c51a20392?s=96&d=mm&r=g","contentUrl":"https:\/\/secure.gravatar.com\/avatar\/57de8e5d4b15d43fb361a71fbb36338450fe67865b528a43dd10ef7c51a20392?s=96&d=mm&r=g","caption":"La Sentinelle"},"sameAs":["http:\/\/www.lasentinelle.dz"],"url":"https:\/\/lasentinelle.dz\/author\/redaction\/"}]}},"_links":{"self":[{"href":"https:\/\/lasentinelle.dz\/index.php\/wp-json\/wp\/v2\/posts\/46841","targetHints":{"allow":["GET"]}}],"collection":[{"href":"https:\/\/lasentinelle.dz\/index.php\/wp-json\/wp\/v2\/posts"}],"about":[{"href":"https:\/\/lasentinelle.dz\/index.php\/wp-json\/wp\/v2\/types\/post"}],"author":[{"embeddable":true,"href":"https:\/\/lasentinelle.dz\/index.php\/wp-json\/wp\/v2\/users\/3"}],"replies":[{"embeddable":true,"href":"https:\/\/lasentinelle.dz\/index.php\/wp-json\/wp\/v2\/comments?post=46841"}],"version-history":[{"count":1,"href":"https:\/\/lasentinelle.dz\/index.php\/wp-json\/wp\/v2\/posts\/46841\/revisions"}],"predecessor-version":[{"id":46843,"href":"https:\/\/lasentinelle.dz\/index.php\/wp-json\/wp\/v2\/posts\/46841\/revisions\/46843"}],"wp:featuredmedia":[{"embeddable":true,"href":"https:\/\/lasentinelle.dz\/index.php\/wp-json\/wp\/v2\/media\/46842"}],"wp:attachment":[{"href":"https:\/\/lasentinelle.dz\/index.php\/wp-json\/wp\/v2\/media?parent=46841"}],"wp:term":[{"taxonomy":"category","embeddable":true,"href":"https:\/\/lasentinelle.dz\/index.php\/wp-json\/wp\/v2\/categories?post=46841"},{"taxonomy":"post_tag","embeddable":true,"href":"https:\/\/lasentinelle.dz\/index.php\/wp-json\/wp\/v2\/tags?post=46841"}],"curies":[{"name":"wp","href":"https:\/\/api.w.org\/{rel}","templated":true}]}}