{"id":46887,"date":"2023-11-07T09:30:08","date_gmt":"2023-11-07T08:30:08","guid":{"rendered":"https:\/\/lasentinelle.dz\/?p=46887"},"modified":"2023-11-07T09:30:10","modified_gmt":"2023-11-07T08:30:10","slug":"faf-lnfa-le-clash","status":"publish","type":"post","link":"https:\/\/lasentinelle.dz\/index.php\/2023\/11\/07\/faf-lnfa-le-clash\/","title":{"rendered":"FAF-LNFA\u00a0: Le clash"},"content":{"rendered":"\n<p>La F\u00e9d\u00e9ration alg\u00e9rienne de football a r\u00e9agi hier pour la premi\u00e8re fois \u00e0 l\u2019affaire de l\u2019O M\u00e9d\u00e9a de mani\u00e8re officielle en faisant un rappel \u00e0 l\u2019ordre.<\/p>\n\n\n\n<p>Le torchon br\u00fble entre la F\u00e9d\u00e9ration alg\u00e9rienne de football et la Ligue nationale de football amateur. Hier l\u2019instance dirig\u00e9e par Walid Sadi a publi\u00e9 un communiqu\u00e9 qui sonne comme un rappel \u00e0 l\u2019ordre aux ligues et clubs de football. \u00ab&nbsp;Il est rappel\u00e9 \u00e0 l\u2019attention de l\u2019ensemble des ligues et des clubs affili\u00e9s \u00e0 la F\u00e9d\u00e9ration Alg\u00e9rienne de Football, instance dirigeante nationale, qu\u2019en vertu des r\u00e8glements et des dispositions statutaires en vigueur, la f\u00e9d\u00e9ration est l\u2019interface unique dans les relations avec les instances internationale, continentale et r\u00e9gionale et que par cons\u00e9quent, toute relation li\u00e9e aux activit\u00e9s footballistiques doit passer obligatoirement par son seul canal. Les dirigeants et les responsables techniques et administratifs des ligues et des clubs de football sont tenus d\u2019observer ces r\u00e8gles de fonctionnement et de comp\u00e9tence en toute discipline, permettant \u00e0 la F\u00e9d\u00e9ration d\u2019accomplir ses missions et ses pr\u00e9rogatives, dans le respect des r\u00e8glements&nbsp;\u00bb, a soulign\u00e9 le communiqu\u00e9. Et d\u2019avertir que \u00ab&nbsp;toute relation directe avec les instances de football, internationale, continentale ou r\u00e9gionale, constitue une violation \u00e0 ces r\u00e8glements&nbsp;\u00bb. La FAF r\u00e9agit ainsi \u00e0 l\u2019affaire li\u00e9e \u00e0 l\u2019O M\u00e9d\u00e9a qui a valu \u00e0 la FAF deux avertissements de la FIFA. En effet, la FAF a \u00e9t\u00e9 destinataire le mois dernier de deux courriers la FIFA la sommant de s&rsquo;expliquer comment un club de football, l&rsquo;Olympique M\u00e9d\u00e9a, a pu qualifier certaines nouvelles recrues et obtenir les licences de la Ligue Nationale de Football Amateur (LNFA) alors qu&rsquo;il est frapp\u00e9 d&rsquo;une interdiction de recruter suite \u00e0 sa condamnation dans l&rsquo;affaire l&rsquo;opposant \u00e0 l\u2019ex-entraineur Lotfi Sellimi. Renvoy\u00e9 par le clun de Ligue 2 amateur, celui-ci avait saisi la FIFA et le club avait \u00e9t\u00e9 condamn\u00e9 \u00e0 lui verser 8,678,508 DA au titre d\u2019arri\u00e9r\u00e9s de r\u00e9mun\u00e9ration. pr\u00e9sident de la LNFA, qui a d\u00e9livr\u00e9 les fameuses licences comme l&rsquo;instance qu&rsquo;il pr\u00e9side le reconna\u00eetra d&rsquo;ailleurs plus tard dans un communiqu\u00e9. &nbsp;La LNFA a cependant persist\u00e9 et justifi\u00e9 l\u2019attribution de ces licences expliquant que qu\u2019il s\u2019agit l\u00e0, de l\u2019attribution de licences pour les cat\u00e9gories U21 et U19 introduites et obtenues par ce club \u00e0 l\u2019instar de tous les autres clubs sous le coup d\u2019interdiction prononc\u00e9e par la Commission nationale de r\u00e9solution des litiges (CNRL) de la FAF et ou \/ par la FIFA. Cela, en conformit\u00e9 avec la r\u00e9glementation en vigueur\u00bb a pr\u00e9cis\u00e9 la LNFA et d&rsquo;ajouter \u00ab La LNFA rappelle que l\u2019interdiction de recrutement s\u2019applique scrupuleusement (sauf avis contraire de la CNRL) aux seuls joueurs de cat\u00e9gorie S\u00e9nior\u00bb, a assur\u00e9 la LNFA. Entre temps, la FAF a n\u00e9goci\u00e9 un accord \u00e0 l\u2019amiable avec l\u2019ancien coach de l\u2019O M\u00e9d\u00e9a pour contr\u00f4ler les dommages et \u00e9viter une sanction de la FIFA. Entre temps, la FAF a d\u00e9cid\u00e9 d\u2019engager une proc\u00e9dure contre le pr\u00e9sident de la LNFA. Ce dernier a \u00e9t\u00e9 convoqu\u00e9 \u00e0 deux reprises par la commission de l\u2019\u00e9thique de la F\u00e9d\u00e9ration alg\u00e9rienne de football (FAF) pour \u00eatre auditionn\u00e9 sur la question des licences d\u00e9livr\u00e9es \u00e0 l\u2019Olympique M\u00e9d\u00e9a.<\/p>\n\n\n\n<p><strong>Moncef Dahleb<\/strong><\/p>\n","protected":false},"excerpt":{"rendered":"<p>La F\u00e9d\u00e9ration alg\u00e9rienne de football a r\u00e9agi hier pour la premi\u00e8re fois \u00e0 l\u2019affaire de l\u2019O M\u00e9d\u00e9a de mani\u00e8re officielle<\/p>\n","protected":false},"author":3,"featured_media":46888,"comment_status":"open","ping_status":"closed","sticky":false,"template":"","format":"standard","meta":{"colormag_page_container_layout":"default_layout","colormag_page_sidebar_layout":"default_layout","om_disable_all_campaigns":false,"_monsterinsights_skip_tracking":false,"_monsterinsights_sitenote_active":false,"_monsterinsights_sitenote_note":"","_monsterinsights_sitenote_category":0,"footnotes":"","_wpscppro_dont_share_socialmedia":false,"_wpscppro_custom_social_share_image":0,"_facebook_share_type":"","_twitter_share_type":"","_linkedin_share_type":"","_pinterest_share_type":"","_linkedin_share_type_page":"","_instagram_share_type":"","_medium_share_type":"","_threads_share_type":"","_google_business_share_type":"","_selected_social_profile":[],"_wpsp_enable_custom_social_template":false,"_wpsp_social_scheduling":{"enabled":false,"datetime":null,"platforms":[],"status":"template_only","dateOption":"today","timeOption":"now","customDays":"","customHours":"","customDate":"","customTime":"","schedulingType":"absolute"},"_wpsp_active_default_template":true},"categories":[52,33],"tags":[],"class_list":["post-46887","post","type-post","status-publish","format-standard","has-post-thumbnail","hentry","category-a-la-une","category-sports"],"aioseo_notices":[],"yoast_head":"<!-- This site is optimized with the Yoast SEO plugin v27.4 - https:\/\/yoast.com\/product\/yoast-seo-wordpress\/ -->\n<title>FAF-LNFA\u00a0: Le clash - La Sentinelle<\/title>\n<meta name=\"robots\" content=\"index, follow, max-snippet:-1, max-image-preview:large, max-video-preview:-1\" \/>\n<link rel=\"canonical\" href=\"https:\/\/lasentinelle.dz\/index.php\/2023\/11\/07\/faf-lnfa-le-clash\/\" \/>\n<meta property=\"og:locale\" content=\"fr_FR\" \/>\n<meta property=\"og:type\" content=\"article\" \/>\n<meta property=\"og:title\" content=\"FAF-LNFA\u00a0: Le clash - La Sentinelle\" \/>\n<meta property=\"og:description\" content=\"La F\u00e9d\u00e9ration alg\u00e9rienne de football a r\u00e9agi hier pour la premi\u00e8re fois \u00e0 l\u2019affaire de l\u2019O M\u00e9d\u00e9a de mani\u00e8re officielle\" \/>\n<meta property=\"og:url\" content=\"https:\/\/lasentinelle.dz\/index.php\/2023\/11\/07\/faf-lnfa-le-clash\/\" \/>\n<meta property=\"og:site_name\" content=\"La Sentinelle\" \/>\n<meta property=\"article:publisher\" content=\"https:\/\/www.facebook.com\/La-Sentinelle-104059864394773\" \/>\n<meta property=\"article:published_time\" content=\"2023-11-07T08:30:08+00:00\" \/>\n<meta property=\"article:modified_time\" content=\"2023-11-07T08:30:10+00:00\" \/>\n<meta property=\"og:image\" content=\"https:\/\/lasentinelle.dz\/wp-content\/uploads\/2023\/11\/FAF.jpeg\" \/>\n\t<meta property=\"og:image:width\" content=\"580\" \/>\n\t<meta property=\"og:image:height\" content=\"350\" \/>\n\t<meta property=\"og:image:type\" content=\"image\/jpeg\" \/>\n<meta name=\"author\" content=\"La Sentinelle\" \/>\n<meta name=\"twitter:card\" content=\"summary_large_image\" \/>\n<meta name=\"twitter:label1\" content=\"\u00c9crit par\" \/>\n\t<meta name=\"twitter:data1\" content=\"La Sentinelle\" \/>\n\t<meta name=\"twitter:label2\" content=\"Dur\u00e9e de lecture estim\u00e9e\" \/>\n\t<meta name=\"twitter:data2\" content=\"3 minutes\" \/>\n<script type=\"application\/ld+json\" class=\"yoast-schema-graph\">{\"@context\":\"https:\\\/\\\/schema.org\",\"@graph\":[{\"@type\":\"Article\",\"@id\":\"https:\\\/\\\/lasentinelle.dz\\\/index.php\\\/2023\\\/11\\\/07\\\/faf-lnfa-le-clash\\\/#article\",\"isPartOf\":{\"@id\":\"https:\\\/\\\/lasentinelle.dz\\\/index.php\\\/2023\\\/11\\\/07\\\/faf-lnfa-le-clash\\\/\"},\"author\":{\"name\":\"La Sentinelle\",\"@id\":\"https:\\\/\\\/lasentinelle.dz\\\/#\\\/schema\\\/person\\\/d865044e22e70a75174ce8bcad3acfb3\"},\"headline\":\"FAF-LNFA\u00a0: Le clash\",\"datePublished\":\"2023-11-07T08:30:08+00:00\",\"dateModified\":\"2023-11-07T08:30:10+00:00\",\"mainEntityOfPage\":{\"@id\":\"https:\\\/\\\/lasentinelle.dz\\\/index.php\\\/2023\\\/11\\\/07\\\/faf-lnfa-le-clash\\\/\"},\"wordCount\":604,\"commentCount\":0,\"publisher\":{\"@id\":\"https:\\\/\\\/lasentinelle.dz\\\/#organization\"},\"image\":{\"@id\":\"https:\\\/\\\/lasentinelle.dz\\\/index.php\\\/2023\\\/11\\\/07\\\/faf-lnfa-le-clash\\\/#primaryimage\"},\"thumbnailUrl\":\"https:\\\/\\\/lasentinelle.dz\\\/wp-content\\\/uploads\\\/2023\\\/11\\\/FAF.jpeg\",\"articleSection\":[\"\u00c0 la Une\",\"Sports\"],\"inLanguage\":\"fr-FR\",\"potentialAction\":[{\"@type\":\"CommentAction\",\"name\":\"Comment\",\"target\":[\"https:\\\/\\\/lasentinelle.dz\\\/index.php\\\/2023\\\/11\\\/07\\\/faf-lnfa-le-clash\\\/#respond\"]}]},{\"@type\":\"WebPage\",\"@id\":\"https:\\\/\\\/lasentinelle.dz\\\/index.php\\\/2023\\\/11\\\/07\\\/faf-lnfa-le-clash\\\/\",\"url\":\"https:\\\/\\\/lasentinelle.dz\\\/index.php\\\/2023\\\/11\\\/07\\\/faf-lnfa-le-clash\\\/\",\"name\":\"FAF-LNFA\u00a0: Le clash - La Sentinelle\",\"isPartOf\":{\"@id\":\"https:\\\/\\\/lasentinelle.dz\\\/#website\"},\"primaryImageOfPage\":{\"@id\":\"https:\\\/\\\/lasentinelle.dz\\\/index.php\\\/2023\\\/11\\\/07\\\/faf-lnfa-le-clash\\\/#primaryimage\"},\"image\":{\"@id\":\"https:\\\/\\\/lasentinelle.dz\\\/index.php\\\/2023\\\/11\\\/07\\\/faf-lnfa-le-clash\\\/#primaryimage\"},\"thumbnailUrl\":\"https:\\\/\\\/lasentinelle.dz\\\/wp-content\\\/uploads\\\/2023\\\/11\\\/FAF.jpeg\",\"datePublished\":\"2023-11-07T08:30:08+00:00\",\"dateModified\":\"2023-11-07T08:30:10+00:00\",\"breadcrumb\":{\"@id\":\"https:\\\/\\\/lasentinelle.dz\\\/index.php\\\/2023\\\/11\\\/07\\\/faf-lnfa-le-clash\\\/#breadcrumb\"},\"inLanguage\":\"fr-FR\",\"potentialAction\":[{\"@type\":\"ReadAction\",\"target\":[\"https:\\\/\\\/lasentinelle.dz\\\/index.php\\\/2023\\\/11\\\/07\\\/faf-lnfa-le-clash\\\/\"]}]},{\"@type\":\"ImageObject\",\"inLanguage\":\"fr-FR\",\"@id\":\"https:\\\/\\\/lasentinelle.dz\\\/index.php\\\/2023\\\/11\\\/07\\\/faf-lnfa-le-clash\\\/#primaryimage\",\"url\":\"https:\\\/\\\/lasentinelle.dz\\\/wp-content\\\/uploads\\\/2023\\\/11\\\/FAF.jpeg\",\"contentUrl\":\"https:\\\/\\\/lasentinelle.dz\\\/wp-content\\\/uploads\\\/2023\\\/11\\\/FAF.jpeg\",\"width\":580,\"height\":350},{\"@type\":\"BreadcrumbList\",\"@id\":\"https:\\\/\\\/lasentinelle.dz\\\/index.php\\\/2023\\\/11\\\/07\\\/faf-lnfa-le-clash\\\/#breadcrumb\",\"itemListElement\":[{\"@type\":\"ListItem\",\"position\":1,\"name\":\"Accueil\",\"item\":\"https:\\\/\\\/lasentinelle.dz\\\/\"},{\"@type\":\"ListItem\",\"position\":2,\"name\":\"FAF-LNFA\u00a0: Le clash\"}]},{\"@type\":\"WebSite\",\"@id\":\"https:\\\/\\\/lasentinelle.dz\\\/#website\",\"url\":\"https:\\\/\\\/lasentinelle.dz\\\/\",\"name\":\"La Sentinelle\",\"description\":\"Quotidien national d&#039;information\",\"publisher\":{\"@id\":\"https:\\\/\\\/lasentinelle.dz\\\/#organization\"},\"potentialAction\":[{\"@type\":\"SearchAction\",\"target\":{\"@type\":\"EntryPoint\",\"urlTemplate\":\"https:\\\/\\\/lasentinelle.dz\\\/?s={search_term_string}\"},\"query-input\":{\"@type\":\"PropertyValueSpecification\",\"valueRequired\":true,\"valueName\":\"search_term_string\"}}],\"inLanguage\":\"fr-FR\"},{\"@type\":\"Organization\",\"@id\":\"https:\\\/\\\/lasentinelle.dz\\\/#organization\",\"name\":\"Quotidien La Sentinelle\",\"url\":\"https:\\\/\\\/lasentinelle.dz\\\/\",\"logo\":{\"@type\":\"ImageObject\",\"inLanguage\":\"fr-FR\",\"@id\":\"https:\\\/\\\/lasentinelle.dz\\\/#\\\/schema\\\/logo\\\/image\\\/\",\"url\":\"https:\\\/\\\/lasentinelle.dz\\\/wp-content\\\/uploads\\\/2021\\\/09\\\/logo-sentinelleSLOGAN-1.png\",\"contentUrl\":\"https:\\\/\\\/lasentinelle.dz\\\/wp-content\\\/uploads\\\/2021\\\/09\\\/logo-sentinelleSLOGAN-1.png\",\"width\":615,\"height\":142,\"caption\":\"Quotidien La Sentinelle\"},\"image\":{\"@id\":\"https:\\\/\\\/lasentinelle.dz\\\/#\\\/schema\\\/logo\\\/image\\\/\"},\"sameAs\":[\"https:\\\/\\\/www.facebook.com\\\/La-Sentinelle-104059864394773\"]},{\"@type\":\"Person\",\"@id\":\"https:\\\/\\\/lasentinelle.dz\\\/#\\\/schema\\\/person\\\/d865044e22e70a75174ce8bcad3acfb3\",\"name\":\"La Sentinelle\",\"image\":{\"@type\":\"ImageObject\",\"inLanguage\":\"fr-FR\",\"@id\":\"https:\\\/\\\/secure.gravatar.com\\\/avatar\\\/57de8e5d4b15d43fb361a71fbb36338450fe67865b528a43dd10ef7c51a20392?s=96&d=mm&r=g\",\"url\":\"https:\\\/\\\/secure.gravatar.com\\\/avatar\\\/57de8e5d4b15d43fb361a71fbb36338450fe67865b528a43dd10ef7c51a20392?s=96&d=mm&r=g\",\"contentUrl\":\"https:\\\/\\\/secure.gravatar.com\\\/avatar\\\/57de8e5d4b15d43fb361a71fbb36338450fe67865b528a43dd10ef7c51a20392?s=96&d=mm&r=g\",\"caption\":\"La Sentinelle\"},\"sameAs\":[\"http:\\\/\\\/www.lasentinelle.dz\"],\"url\":\"https:\\\/\\\/lasentinelle.dz\\\/author\\\/redaction\\\/\"}]}<\/script>\n<!-- \/ Yoast SEO plugin. -->","yoast_head_json":{"title":"FAF-LNFA\u00a0: Le clash - La Sentinelle","robots":{"index":"index","follow":"follow","max-snippet":"max-snippet:-1","max-image-preview":"max-image-preview:large","max-video-preview":"max-video-preview:-1"},"canonical":"https:\/\/lasentinelle.dz\/index.php\/2023\/11\/07\/faf-lnfa-le-clash\/","og_locale":"fr_FR","og_type":"article","og_title":"FAF-LNFA\u00a0: Le clash - La Sentinelle","og_description":"La F\u00e9d\u00e9ration alg\u00e9rienne de football a r\u00e9agi hier pour la premi\u00e8re fois \u00e0 l\u2019affaire de l\u2019O M\u00e9d\u00e9a de mani\u00e8re officielle","og_url":"https:\/\/lasentinelle.dz\/index.php\/2023\/11\/07\/faf-lnfa-le-clash\/","og_site_name":"La Sentinelle","article_publisher":"https:\/\/www.facebook.com\/La-Sentinelle-104059864394773","article_published_time":"2023-11-07T08:30:08+00:00","article_modified_time":"2023-11-07T08:30:10+00:00","og_image":[{"width":580,"height":350,"url":"https:\/\/lasentinelle.dz\/wp-content\/uploads\/2023\/11\/FAF.jpeg","type":"image\/jpeg"}],"author":"La Sentinelle","twitter_card":"summary_large_image","twitter_misc":{"\u00c9crit par":"La Sentinelle","Dur\u00e9e de lecture estim\u00e9e":"3 minutes"},"schema":{"@context":"https:\/\/schema.org","@graph":[{"@type":"Article","@id":"https:\/\/lasentinelle.dz\/index.php\/2023\/11\/07\/faf-lnfa-le-clash\/#article","isPartOf":{"@id":"https:\/\/lasentinelle.dz\/index.php\/2023\/11\/07\/faf-lnfa-le-clash\/"},"author":{"name":"La Sentinelle","@id":"https:\/\/lasentinelle.dz\/#\/schema\/person\/d865044e22e70a75174ce8bcad3acfb3"},"headline":"FAF-LNFA\u00a0: Le clash","datePublished":"2023-11-07T08:30:08+00:00","dateModified":"2023-11-07T08:30:10+00:00","mainEntityOfPage":{"@id":"https:\/\/lasentinelle.dz\/index.php\/2023\/11\/07\/faf-lnfa-le-clash\/"},"wordCount":604,"commentCount":0,"publisher":{"@id":"https:\/\/lasentinelle.dz\/#organization"},"image":{"@id":"https:\/\/lasentinelle.dz\/index.php\/2023\/11\/07\/faf-lnfa-le-clash\/#primaryimage"},"thumbnailUrl":"https:\/\/lasentinelle.dz\/wp-content\/uploads\/2023\/11\/FAF.jpeg","articleSection":["\u00c0 la Une","Sports"],"inLanguage":"fr-FR","potentialAction":[{"@type":"CommentAction","name":"Comment","target":["https:\/\/lasentinelle.dz\/index.php\/2023\/11\/07\/faf-lnfa-le-clash\/#respond"]}]},{"@type":"WebPage","@id":"https:\/\/lasentinelle.dz\/index.php\/2023\/11\/07\/faf-lnfa-le-clash\/","url":"https:\/\/lasentinelle.dz\/index.php\/2023\/11\/07\/faf-lnfa-le-clash\/","name":"FAF-LNFA\u00a0: Le clash - La Sentinelle","isPartOf":{"@id":"https:\/\/lasentinelle.dz\/#website"},"primaryImageOfPage":{"@id":"https:\/\/lasentinelle.dz\/index.php\/2023\/11\/07\/faf-lnfa-le-clash\/#primaryimage"},"image":{"@id":"https:\/\/lasentinelle.dz\/index.php\/2023\/11\/07\/faf-lnfa-le-clash\/#primaryimage"},"thumbnailUrl":"https:\/\/lasentinelle.dz\/wp-content\/uploads\/2023\/11\/FAF.jpeg","datePublished":"2023-11-07T08:30:08+00:00","dateModified":"2023-11-07T08:30:10+00:00","breadcrumb":{"@id":"https:\/\/lasentinelle.dz\/index.php\/2023\/11\/07\/faf-lnfa-le-clash\/#breadcrumb"},"inLanguage":"fr-FR","potentialAction":[{"@type":"ReadAction","target":["https:\/\/lasentinelle.dz\/index.php\/2023\/11\/07\/faf-lnfa-le-clash\/"]}]},{"@type":"ImageObject","inLanguage":"fr-FR","@id":"https:\/\/lasentinelle.dz\/index.php\/2023\/11\/07\/faf-lnfa-le-clash\/#primaryimage","url":"https:\/\/lasentinelle.dz\/wp-content\/uploads\/2023\/11\/FAF.jpeg","contentUrl":"https:\/\/lasentinelle.dz\/wp-content\/uploads\/2023\/11\/FAF.jpeg","width":580,"height":350},{"@type":"BreadcrumbList","@id":"https:\/\/lasentinelle.dz\/index.php\/2023\/11\/07\/faf-lnfa-le-clash\/#breadcrumb","itemListElement":[{"@type":"ListItem","position":1,"name":"Accueil","item":"https:\/\/lasentinelle.dz\/"},{"@type":"ListItem","position":2,"name":"FAF-LNFA\u00a0: Le clash"}]},{"@type":"WebSite","@id":"https:\/\/lasentinelle.dz\/#website","url":"https:\/\/lasentinelle.dz\/","name":"La Sentinelle","description":"Quotidien national d&#039;information","publisher":{"@id":"https:\/\/lasentinelle.dz\/#organization"},"potentialAction":[{"@type":"SearchAction","target":{"@type":"EntryPoint","urlTemplate":"https:\/\/lasentinelle.dz\/?s={search_term_string}"},"query-input":{"@type":"PropertyValueSpecification","valueRequired":true,"valueName":"search_term_string"}}],"inLanguage":"fr-FR"},{"@type":"Organization","@id":"https:\/\/lasentinelle.dz\/#organization","name":"Quotidien La Sentinelle","url":"https:\/\/lasentinelle.dz\/","logo":{"@type":"ImageObject","inLanguage":"fr-FR","@id":"https:\/\/lasentinelle.dz\/#\/schema\/logo\/image\/","url":"https:\/\/lasentinelle.dz\/wp-content\/uploads\/2021\/09\/logo-sentinelleSLOGAN-1.png","contentUrl":"https:\/\/lasentinelle.dz\/wp-content\/uploads\/2021\/09\/logo-sentinelleSLOGAN-1.png","width":615,"height":142,"caption":"Quotidien La Sentinelle"},"image":{"@id":"https:\/\/lasentinelle.dz\/#\/schema\/logo\/image\/"},"sameAs":["https:\/\/www.facebook.com\/La-Sentinelle-104059864394773"]},{"@type":"Person","@id":"https:\/\/lasentinelle.dz\/#\/schema\/person\/d865044e22e70a75174ce8bcad3acfb3","name":"La Sentinelle","image":{"@type":"ImageObject","inLanguage":"fr-FR","@id":"https:\/\/secure.gravatar.com\/avatar\/57de8e5d4b15d43fb361a71fbb36338450fe67865b528a43dd10ef7c51a20392?s=96&d=mm&r=g","url":"https:\/\/secure.gravatar.com\/avatar\/57de8e5d4b15d43fb361a71fbb36338450fe67865b528a43dd10ef7c51a20392?s=96&d=mm&r=g","contentUrl":"https:\/\/secure.gravatar.com\/avatar\/57de8e5d4b15d43fb361a71fbb36338450fe67865b528a43dd10ef7c51a20392?s=96&d=mm&r=g","caption":"La Sentinelle"},"sameAs":["http:\/\/www.lasentinelle.dz"],"url":"https:\/\/lasentinelle.dz\/author\/redaction\/"}]}},"_links":{"self":[{"href":"https:\/\/lasentinelle.dz\/index.php\/wp-json\/wp\/v2\/posts\/46887","targetHints":{"allow":["GET"]}}],"collection":[{"href":"https:\/\/lasentinelle.dz\/index.php\/wp-json\/wp\/v2\/posts"}],"about":[{"href":"https:\/\/lasentinelle.dz\/index.php\/wp-json\/wp\/v2\/types\/post"}],"author":[{"embeddable":true,"href":"https:\/\/lasentinelle.dz\/index.php\/wp-json\/wp\/v2\/users\/3"}],"replies":[{"embeddable":true,"href":"https:\/\/lasentinelle.dz\/index.php\/wp-json\/wp\/v2\/comments?post=46887"}],"version-history":[{"count":1,"href":"https:\/\/lasentinelle.dz\/index.php\/wp-json\/wp\/v2\/posts\/46887\/revisions"}],"predecessor-version":[{"id":46889,"href":"https:\/\/lasentinelle.dz\/index.php\/wp-json\/wp\/v2\/posts\/46887\/revisions\/46889"}],"wp:featuredmedia":[{"embeddable":true,"href":"https:\/\/lasentinelle.dz\/index.php\/wp-json\/wp\/v2\/media\/46888"}],"wp:attachment":[{"href":"https:\/\/lasentinelle.dz\/index.php\/wp-json\/wp\/v2\/media?parent=46887"}],"wp:term":[{"taxonomy":"category","embeddable":true,"href":"https:\/\/lasentinelle.dz\/index.php\/wp-json\/wp\/v2\/categories?post=46887"},{"taxonomy":"post_tag","embeddable":true,"href":"https:\/\/lasentinelle.dz\/index.php\/wp-json\/wp\/v2\/tags?post=46887"}],"curies":[{"name":"wp","href":"https:\/\/api.w.org\/{rel}","templated":true}]}}