{"id":4690,"date":"2021-08-21T00:01:00","date_gmt":"2021-08-20T23:01:00","guid":{"rendered":"https:\/\/lasentinelle.dz\/?p=4690"},"modified":"2021-08-20T16:07:06","modified_gmt":"2021-08-20T15:07:06","slug":"doum-kalthoum-a-dalida-les-astres-dorient-celebrees-a-linstitut-du-monde-arabe","status":"publish","type":"post","link":"https:\/\/lasentinelle.dz\/index.php\/2021\/08\/21\/doum-kalthoum-a-dalida-les-astres-dorient-celebrees-a-linstitut-du-monde-arabe\/","title":{"rendered":"D&rsquo;Oum Kalthoum \u00e0 Dalida : Les astres d&rsquo;Orient c\u00e9l\u00e9br\u00e9es \u00e0 l&rsquo;Institut du monde arabe"},"content":{"rendered":"\n<p>Des monuments Oum Kalthoum ou Fairouz, \u00e0 l&rsquo;ic\u00f4ne pop Dalida, l&rsquo;Institut du monde arabe \u00e0 Paris c\u00e9l\u00e8bre ces \u00ab\u00a0Divas\u00a0\u00bb de l&rsquo;Egypte au Liban et au-del\u00e0.\u00a0\u00bbL&rsquo;id\u00e9e c&rsquo;est de parler de personnalit\u00e9s exceptionnelles qui ont r\u00e9volutionn\u00e9 la musique et le cin\u00e9ma de l&rsquo;\u00e2ge d&rsquo;or du monde arabe (en gros des ann\u00e9es 1930 aux ann\u00e9es 1970, ndlr) comme Oum Kalthoum, Fairouz, Warda ou Asmahan, des femmes devenues ic\u00f4nes, \u00e9mancip\u00e9es de la domination masculine, qui ont r\u00e9ussi par leur courage \u00e0 vivre leur r\u00eave\u00a0\u00bb, synth\u00e9tise pour l&rsquo;AFP Hanna Boghanim, une des commissaires de l&rsquo;\u00e9v\u00e8nement.\u00a0\u00bbDivas\u00a0\u00bb, exposition enthousiasmante &#8211; qui m\u00eale affiches, garde-robes, extraits de concerts immersifs, salons litt\u00e9raires reconstitu\u00e9s et hologrammes sur fond d&rsquo;\u00e9lectro &#8211; se tient jusqu&rsquo;au 26 septembre.<\/p>\n\n\n\n<p>Une place de choix est \u00e9videmment r\u00e9serv\u00e9e \u00e0 Oum Kalthoum, la \u00ab\u00a0Quatri\u00e8me Pyramide\u00a0\u00bb, la voix la plus c\u00e9l\u00e8bre du monde arabe. Ce n&rsquo;est pas seulement un joyau \u00e9gyptien. Quand elle meurt en 1975, une mar\u00e9e humaine au Caire porte son cercueil mais on la pleure de Bagdad \u00e0 Casablanca. Du temps de ses r\u00e9citals chaque premier jeudi du mois \u00e0 la radio du Caire, c&rsquo;est tout le monde arabe qui s&rsquo;arr\u00eate pour l&rsquo;\u00e9couter.<\/p>\n\n\n\n<p>\u00ab\u00a0L&rsquo;Astre de l&rsquo;Orient\u00a0\u00bb, autre surnom, a \u00ab\u00a0cette folie, cette libert\u00e9, cette force de caract\u00e8re et ce temp\u00e9rament qui ont mis quasiment tout le monde arabe \u00e0 ses pieds\u00a0\u00bb, d\u00e9crit dans l&rsquo;\u00e9mission t\u00e9l\u00e9 \u00ab\u00a0Entr\u00e9e libre\u00a0\u00bb le trompettiste Ibrahim Maalouf, qui lui d\u00e9die un album, \u00ab\u00a0Kalthoum\u00a0\u00bb.\u00a0\u00bbCe sont aussi des personnalit\u00e9s politiques, Oum Kalthoum a \u00e9t\u00e9 l&rsquo;incarnation du panarabisme avec Nasser (pr\u00e9sident \u00e9gyptien embl\u00e9matique), Warda a d\u00e9fendu la d\u00e9colonisation alg\u00e9rienne \u00e0 travers ses chansons, Fairouz (libanaise) a d\u00e9fendu la cause palestinienne et Asmahan (une princesse druze) travaille pour les alli\u00e9s durant la Seconde guerre mondiale\u00a0\u00bb, \u00e9claire Hanna Boghanim.Si Oum Kalthoum a mis tout le monde arabe d&rsquo;accord, Fairouz \u00ab\u00a0a fait mieux\u00a0\u00bb, mettre \u00ab\u00a0tous les Libanais\u00a0\u00bb sur la m\u00eame longueur d&rsquo;onde, glisse malicieusement Ibrahim Maalouf dans \u00ab\u00a0Divas\u00a0\u00bb, documentaire r\u00e9cent (Plan\u00e8te+). La chanteuse est un ciment national rare dans un pays toujours malade de ses fractures.<\/p>\n\n\n\n<p>Fairouz est la seule de ces \u00e9toiles toujours en vie (86 ans). Retir\u00e9e loin des feux m\u00e9diatiques (en dehors de son entrevue avec Emmanuel Macron en ao\u00fbt 2020), Fairouz n&rsquo;a pas donn\u00e9 suite aux sollicitations des organisateurs de l&rsquo;exposition, \u00e0 leur grand regret.<\/p>\n\n\n\n<p>Warda &#8211; dite aussi \u00ab\u00a0Warda l&rsquo;Alg\u00e9rienne\u00a0\u00bb &#8211; a \u00e9galement cass\u00e9 les codes. En 1972, elle remonte sur sc\u00e8ne pour le 10e anniversaire de l&rsquo;ind\u00e9pendance de l&rsquo;Alg\u00e9rie alors qu&rsquo;elle avait cess\u00e9 de chanter \u00e0 la demande de son mari, officier de l&rsquo;arm\u00e9e. Elle divorce alors pour reprendre une carri\u00e8re entam\u00e9e \u00e0 l&rsquo;\u00e2ge de 11 ans au Tam Tam, le cabaret parisien de son p\u00e8re. Elle retourne ainsi en Egypte, pays o\u00f9 elle avait d\u00e9j\u00e0 \u00e9tendu sa carri\u00e8re au cin\u00e9ma.<\/p>\n\n\n\n<p>La courte vie d&rsquo;Asmahan, la moins connue, a tout d&rsquo;un roman, entre scandales, destin de star entre micro et \u00e9cran sans oublier l&rsquo;espionnage au service des alli\u00e9s. Avec, pour couronner le tout, une mort pr\u00e9coce \u00e0 27 ans dans des circonstances encore floues apr\u00e8s la d\u00e9couverte de sa voiture dans le Nil&#8230;<\/p>\n\n\n\n<p>D&rsquo;autres femmes cl\u00e9 sont \u00e9voqu\u00e9es dans l&rsquo;exposition, comme l&rsquo;Egyptienne Samia Gamal, dont la rivale n&rsquo;est autre qu&rsquo;une certaine Dalida dans le film \u00ab\u00a0Un verre, une cigarette\u00a0\u00bb (1954), production du Caire devenu cet \u00ab\u00a0Hollywood sur Nil\u00a0\u00bb ou \u00ab\u00a0Nilwood\u00a0\u00bb.<\/p>\n\n\n\n<p>\u00ab\u00a0Dalida permet de faire le lien avec le grand public, qui conna\u00eet moins toutes ces divas arabes, souligne Hanna Boghanim. On voulait la montrer dans son contexte \u00e9gyptien, depuis ce film de 1954 jusqu&rsquo;au film dramatique, +Le sixi\u00e8me jour+ qu&rsquo;elle jouera pour Youssef Chahine en 1986\u00a0\u00bb. Elle meurt l&rsquo;ann\u00e9e suivante.<\/p>\n\n\n\n<p>AFP<\/p>\n","protected":false},"excerpt":{"rendered":"<p>Des monuments Oum Kalthoum ou Fairouz, \u00e0 l&rsquo;ic\u00f4ne pop Dalida, l&rsquo;Institut du monde arabe \u00e0 Paris c\u00e9l\u00e8bre ces \u00ab\u00a0Divas\u00a0\u00bb de<\/p>\n","protected":false},"author":3,"featured_media":4693,"comment_status":"open","ping_status":"closed","sticky":false,"template":"","format":"standard","meta":{"colormag_page_container_layout":"default_layout","colormag_page_sidebar_layout":"default_layout","om_disable_all_campaigns":false,"_monsterinsights_skip_tracking":false,"_monsterinsights_sitenote_active":false,"_monsterinsights_sitenote_note":"","_monsterinsights_sitenote_category":0,"footnotes":"","_wpscppro_dont_share_socialmedia":false,"_wpscppro_custom_social_share_image":0,"_facebook_share_type":"","_twitter_share_type":"","_linkedin_share_type":"","_pinterest_share_type":"","_linkedin_share_type_page":"","_instagram_share_type":"","_medium_share_type":"","_threads_share_type":"","_google_business_share_type":"","_selected_social_profile":[],"_wpsp_enable_custom_social_template":false,"_wpsp_social_scheduling":{"enabled":false,"datetime":null,"platforms":[],"status":"template_only","dateOption":"today","timeOption":"now","customDays":"","customHours":"","customDate":"","customTime":"","schedulingType":"absolute"},"_wpsp_active_default_template":true},"categories":[36],"tags":[],"class_list":["post-4690","post","type-post","status-publish","format-standard","has-post-thumbnail","hentry","category-culture"],"aioseo_notices":[],"yoast_head":"<!-- This site is optimized with the Yoast SEO plugin v27.5 - https:\/\/yoast.com\/product\/yoast-seo-wordpress\/ -->\n<title>D&#039;Oum Kalthoum \u00e0 Dalida : Les astres d&#039;Orient c\u00e9l\u00e9br\u00e9es \u00e0 l&#039;Institut du monde arabe - La Sentinelle<\/title>\n<meta name=\"robots\" content=\"index, follow, max-snippet:-1, max-image-preview:large, max-video-preview:-1\" \/>\n<link rel=\"canonical\" href=\"https:\/\/lasentinelle.dz\/index.php\/2021\/08\/21\/doum-kalthoum-a-dalida-les-astres-dorient-celebrees-a-linstitut-du-monde-arabe\/\" \/>\n<meta property=\"og:locale\" content=\"fr_FR\" \/>\n<meta property=\"og:type\" content=\"article\" \/>\n<meta property=\"og:title\" content=\"D&#039;Oum Kalthoum \u00e0 Dalida : Les astres d&#039;Orient c\u00e9l\u00e9br\u00e9es \u00e0 l&#039;Institut du monde arabe - La Sentinelle\" \/>\n<meta property=\"og:description\" content=\"Des monuments Oum Kalthoum ou Fairouz, \u00e0 l&rsquo;ic\u00f4ne pop Dalida, l&rsquo;Institut du monde arabe \u00e0 Paris c\u00e9l\u00e8bre ces \u00ab\u00a0Divas\u00a0\u00bb de\" \/>\n<meta property=\"og:url\" content=\"https:\/\/lasentinelle.dz\/index.php\/2021\/08\/21\/doum-kalthoum-a-dalida-les-astres-dorient-celebrees-a-linstitut-du-monde-arabe\/\" \/>\n<meta property=\"og:site_name\" content=\"La Sentinelle\" \/>\n<meta property=\"article:publisher\" content=\"https:\/\/www.facebook.com\/La-Sentinelle-104059864394773\" \/>\n<meta property=\"article:published_time\" content=\"2021-08-20T23:01:00+00:00\" \/>\n<meta property=\"og:image\" content=\"https:\/\/lasentinelle.dz\/wp-content\/uploads\/2021\/08\/image_2021-08-20_160607.png\" \/>\n\t<meta property=\"og:image:width\" content=\"1280\" \/>\n\t<meta property=\"og:image:height\" content=\"720\" \/>\n\t<meta property=\"og:image:type\" content=\"image\/png\" \/>\n<meta name=\"author\" content=\"La Sentinelle\" \/>\n<meta name=\"twitter:card\" content=\"summary_large_image\" \/>\n<meta name=\"twitter:label1\" content=\"\u00c9crit par\" \/>\n\t<meta name=\"twitter:data1\" content=\"La Sentinelle\" \/>\n\t<meta name=\"twitter:label2\" content=\"Dur\u00e9e de lecture estim\u00e9e\" \/>\n\t<meta name=\"twitter:data2\" content=\"3 minutes\" \/>\n<script type=\"application\/ld+json\" class=\"yoast-schema-graph\">{\"@context\":\"https:\\\/\\\/schema.org\",\"@graph\":[{\"@type\":\"Article\",\"@id\":\"https:\\\/\\\/lasentinelle.dz\\\/index.php\\\/2021\\\/08\\\/21\\\/doum-kalthoum-a-dalida-les-astres-dorient-celebrees-a-linstitut-du-monde-arabe\\\/#article\",\"isPartOf\":{\"@id\":\"https:\\\/\\\/lasentinelle.dz\\\/index.php\\\/2021\\\/08\\\/21\\\/doum-kalthoum-a-dalida-les-astres-dorient-celebrees-a-linstitut-du-monde-arabe\\\/\"},\"author\":{\"name\":\"La Sentinelle\",\"@id\":\"https:\\\/\\\/lasentinelle.dz\\\/#\\\/schema\\\/person\\\/d865044e22e70a75174ce8bcad3acfb3\"},\"headline\":\"D&rsquo;Oum Kalthoum \u00e0 Dalida : Les astres d&rsquo;Orient c\u00e9l\u00e9br\u00e9es \u00e0 l&rsquo;Institut du monde arabe\",\"datePublished\":\"2021-08-20T23:01:00+00:00\",\"mainEntityOfPage\":{\"@id\":\"https:\\\/\\\/lasentinelle.dz\\\/index.php\\\/2021\\\/08\\\/21\\\/doum-kalthoum-a-dalida-les-astres-dorient-celebrees-a-linstitut-du-monde-arabe\\\/\"},\"wordCount\":692,\"commentCount\":0,\"publisher\":{\"@id\":\"https:\\\/\\\/lasentinelle.dz\\\/#organization\"},\"image\":{\"@id\":\"https:\\\/\\\/lasentinelle.dz\\\/index.php\\\/2021\\\/08\\\/21\\\/doum-kalthoum-a-dalida-les-astres-dorient-celebrees-a-linstitut-du-monde-arabe\\\/#primaryimage\"},\"thumbnailUrl\":\"https:\\\/\\\/lasentinelle.dz\\\/wp-content\\\/uploads\\\/2021\\\/08\\\/image_2021-08-20_160607.png\",\"articleSection\":[\"Culture\"],\"inLanguage\":\"fr-FR\",\"potentialAction\":[{\"@type\":\"CommentAction\",\"name\":\"Comment\",\"target\":[\"https:\\\/\\\/lasentinelle.dz\\\/index.php\\\/2021\\\/08\\\/21\\\/doum-kalthoum-a-dalida-les-astres-dorient-celebrees-a-linstitut-du-monde-arabe\\\/#respond\"]}]},{\"@type\":\"WebPage\",\"@id\":\"https:\\\/\\\/lasentinelle.dz\\\/index.php\\\/2021\\\/08\\\/21\\\/doum-kalthoum-a-dalida-les-astres-dorient-celebrees-a-linstitut-du-monde-arabe\\\/\",\"url\":\"https:\\\/\\\/lasentinelle.dz\\\/index.php\\\/2021\\\/08\\\/21\\\/doum-kalthoum-a-dalida-les-astres-dorient-celebrees-a-linstitut-du-monde-arabe\\\/\",\"name\":\"D'Oum Kalthoum \u00e0 Dalida : Les astres d'Orient c\u00e9l\u00e9br\u00e9es \u00e0 l'Institut du monde arabe - La Sentinelle\",\"isPartOf\":{\"@id\":\"https:\\\/\\\/lasentinelle.dz\\\/#website\"},\"primaryImageOfPage\":{\"@id\":\"https:\\\/\\\/lasentinelle.dz\\\/index.php\\\/2021\\\/08\\\/21\\\/doum-kalthoum-a-dalida-les-astres-dorient-celebrees-a-linstitut-du-monde-arabe\\\/#primaryimage\"},\"image\":{\"@id\":\"https:\\\/\\\/lasentinelle.dz\\\/index.php\\\/2021\\\/08\\\/21\\\/doum-kalthoum-a-dalida-les-astres-dorient-celebrees-a-linstitut-du-monde-arabe\\\/#primaryimage\"},\"thumbnailUrl\":\"https:\\\/\\\/lasentinelle.dz\\\/wp-content\\\/uploads\\\/2021\\\/08\\\/image_2021-08-20_160607.png\",\"datePublished\":\"2021-08-20T23:01:00+00:00\",\"breadcrumb\":{\"@id\":\"https:\\\/\\\/lasentinelle.dz\\\/index.php\\\/2021\\\/08\\\/21\\\/doum-kalthoum-a-dalida-les-astres-dorient-celebrees-a-linstitut-du-monde-arabe\\\/#breadcrumb\"},\"inLanguage\":\"fr-FR\",\"potentialAction\":[{\"@type\":\"ReadAction\",\"target\":[\"https:\\\/\\\/lasentinelle.dz\\\/index.php\\\/2021\\\/08\\\/21\\\/doum-kalthoum-a-dalida-les-astres-dorient-celebrees-a-linstitut-du-monde-arabe\\\/\"]}]},{\"@type\":\"ImageObject\",\"inLanguage\":\"fr-FR\",\"@id\":\"https:\\\/\\\/lasentinelle.dz\\\/index.php\\\/2021\\\/08\\\/21\\\/doum-kalthoum-a-dalida-les-astres-dorient-celebrees-a-linstitut-du-monde-arabe\\\/#primaryimage\",\"url\":\"https:\\\/\\\/lasentinelle.dz\\\/wp-content\\\/uploads\\\/2021\\\/08\\\/image_2021-08-20_160607.png\",\"contentUrl\":\"https:\\\/\\\/lasentinelle.dz\\\/wp-content\\\/uploads\\\/2021\\\/08\\\/image_2021-08-20_160607.png\",\"width\":1280,\"height\":720},{\"@type\":\"BreadcrumbList\",\"@id\":\"https:\\\/\\\/lasentinelle.dz\\\/index.php\\\/2021\\\/08\\\/21\\\/doum-kalthoum-a-dalida-les-astres-dorient-celebrees-a-linstitut-du-monde-arabe\\\/#breadcrumb\",\"itemListElement\":[{\"@type\":\"ListItem\",\"position\":1,\"name\":\"Accueil\",\"item\":\"https:\\\/\\\/lasentinelle.dz\\\/\"},{\"@type\":\"ListItem\",\"position\":2,\"name\":\"D&rsquo;Oum Kalthoum \u00e0 Dalida : Les astres d&rsquo;Orient c\u00e9l\u00e9br\u00e9es \u00e0 l&rsquo;Institut du monde arabe\"}]},{\"@type\":\"WebSite\",\"@id\":\"https:\\\/\\\/lasentinelle.dz\\\/#website\",\"url\":\"https:\\\/\\\/lasentinelle.dz\\\/\",\"name\":\"La Sentinelle\",\"description\":\"Quotidien national d&#039;information\",\"publisher\":{\"@id\":\"https:\\\/\\\/lasentinelle.dz\\\/#organization\"},\"potentialAction\":[{\"@type\":\"SearchAction\",\"target\":{\"@type\":\"EntryPoint\",\"urlTemplate\":\"https:\\\/\\\/lasentinelle.dz\\\/?s={search_term_string}\"},\"query-input\":{\"@type\":\"PropertyValueSpecification\",\"valueRequired\":true,\"valueName\":\"search_term_string\"}}],\"inLanguage\":\"fr-FR\"},{\"@type\":\"Organization\",\"@id\":\"https:\\\/\\\/lasentinelle.dz\\\/#organization\",\"name\":\"Quotidien La Sentinelle\",\"url\":\"https:\\\/\\\/lasentinelle.dz\\\/\",\"logo\":{\"@type\":\"ImageObject\",\"inLanguage\":\"fr-FR\",\"@id\":\"https:\\\/\\\/lasentinelle.dz\\\/#\\\/schema\\\/logo\\\/image\\\/\",\"url\":\"https:\\\/\\\/lasentinelle.dz\\\/wp-content\\\/uploads\\\/2021\\\/09\\\/logo-sentinelleSLOGAN-1.png\",\"contentUrl\":\"https:\\\/\\\/lasentinelle.dz\\\/wp-content\\\/uploads\\\/2021\\\/09\\\/logo-sentinelleSLOGAN-1.png\",\"width\":615,\"height\":142,\"caption\":\"Quotidien La Sentinelle\"},\"image\":{\"@id\":\"https:\\\/\\\/lasentinelle.dz\\\/#\\\/schema\\\/logo\\\/image\\\/\"},\"sameAs\":[\"https:\\\/\\\/www.facebook.com\\\/La-Sentinelle-104059864394773\"]},{\"@type\":\"Person\",\"@id\":\"https:\\\/\\\/lasentinelle.dz\\\/#\\\/schema\\\/person\\\/d865044e22e70a75174ce8bcad3acfb3\",\"name\":\"La Sentinelle\",\"image\":{\"@type\":\"ImageObject\",\"inLanguage\":\"fr-FR\",\"@id\":\"https:\\\/\\\/secure.gravatar.com\\\/avatar\\\/57de8e5d4b15d43fb361a71fbb36338450fe67865b528a43dd10ef7c51a20392?s=96&d=mm&r=g\",\"url\":\"https:\\\/\\\/secure.gravatar.com\\\/avatar\\\/57de8e5d4b15d43fb361a71fbb36338450fe67865b528a43dd10ef7c51a20392?s=96&d=mm&r=g\",\"contentUrl\":\"https:\\\/\\\/secure.gravatar.com\\\/avatar\\\/57de8e5d4b15d43fb361a71fbb36338450fe67865b528a43dd10ef7c51a20392?s=96&d=mm&r=g\",\"caption\":\"La Sentinelle\"},\"sameAs\":[\"http:\\\/\\\/www.lasentinelle.dz\"],\"url\":\"https:\\\/\\\/lasentinelle.dz\\\/author\\\/redaction\\\/\"}]}<\/script>\n<!-- \/ Yoast SEO plugin. -->","yoast_head_json":{"title":"D'Oum Kalthoum \u00e0 Dalida : Les astres d'Orient c\u00e9l\u00e9br\u00e9es \u00e0 l'Institut du monde arabe - La Sentinelle","robots":{"index":"index","follow":"follow","max-snippet":"max-snippet:-1","max-image-preview":"max-image-preview:large","max-video-preview":"max-video-preview:-1"},"canonical":"https:\/\/lasentinelle.dz\/index.php\/2021\/08\/21\/doum-kalthoum-a-dalida-les-astres-dorient-celebrees-a-linstitut-du-monde-arabe\/","og_locale":"fr_FR","og_type":"article","og_title":"D'Oum Kalthoum \u00e0 Dalida : Les astres d'Orient c\u00e9l\u00e9br\u00e9es \u00e0 l'Institut du monde arabe - La Sentinelle","og_description":"Des monuments Oum Kalthoum ou Fairouz, \u00e0 l&rsquo;ic\u00f4ne pop Dalida, l&rsquo;Institut du monde arabe \u00e0 Paris c\u00e9l\u00e8bre ces \u00ab\u00a0Divas\u00a0\u00bb de","og_url":"https:\/\/lasentinelle.dz\/index.php\/2021\/08\/21\/doum-kalthoum-a-dalida-les-astres-dorient-celebrees-a-linstitut-du-monde-arabe\/","og_site_name":"La Sentinelle","article_publisher":"https:\/\/www.facebook.com\/La-Sentinelle-104059864394773","article_published_time":"2021-08-20T23:01:00+00:00","og_image":[{"width":1280,"height":720,"url":"https:\/\/lasentinelle.dz\/wp-content\/uploads\/2021\/08\/image_2021-08-20_160607.png","type":"image\/png"}],"author":"La Sentinelle","twitter_card":"summary_large_image","twitter_misc":{"\u00c9crit par":"La Sentinelle","Dur\u00e9e de lecture estim\u00e9e":"3 minutes"},"schema":{"@context":"https:\/\/schema.org","@graph":[{"@type":"Article","@id":"https:\/\/lasentinelle.dz\/index.php\/2021\/08\/21\/doum-kalthoum-a-dalida-les-astres-dorient-celebrees-a-linstitut-du-monde-arabe\/#article","isPartOf":{"@id":"https:\/\/lasentinelle.dz\/index.php\/2021\/08\/21\/doum-kalthoum-a-dalida-les-astres-dorient-celebrees-a-linstitut-du-monde-arabe\/"},"author":{"name":"La Sentinelle","@id":"https:\/\/lasentinelle.dz\/#\/schema\/person\/d865044e22e70a75174ce8bcad3acfb3"},"headline":"D&rsquo;Oum Kalthoum \u00e0 Dalida : Les astres d&rsquo;Orient c\u00e9l\u00e9br\u00e9es \u00e0 l&rsquo;Institut du monde arabe","datePublished":"2021-08-20T23:01:00+00:00","mainEntityOfPage":{"@id":"https:\/\/lasentinelle.dz\/index.php\/2021\/08\/21\/doum-kalthoum-a-dalida-les-astres-dorient-celebrees-a-linstitut-du-monde-arabe\/"},"wordCount":692,"commentCount":0,"publisher":{"@id":"https:\/\/lasentinelle.dz\/#organization"},"image":{"@id":"https:\/\/lasentinelle.dz\/index.php\/2021\/08\/21\/doum-kalthoum-a-dalida-les-astres-dorient-celebrees-a-linstitut-du-monde-arabe\/#primaryimage"},"thumbnailUrl":"https:\/\/lasentinelle.dz\/wp-content\/uploads\/2021\/08\/image_2021-08-20_160607.png","articleSection":["Culture"],"inLanguage":"fr-FR","potentialAction":[{"@type":"CommentAction","name":"Comment","target":["https:\/\/lasentinelle.dz\/index.php\/2021\/08\/21\/doum-kalthoum-a-dalida-les-astres-dorient-celebrees-a-linstitut-du-monde-arabe\/#respond"]}]},{"@type":"WebPage","@id":"https:\/\/lasentinelle.dz\/index.php\/2021\/08\/21\/doum-kalthoum-a-dalida-les-astres-dorient-celebrees-a-linstitut-du-monde-arabe\/","url":"https:\/\/lasentinelle.dz\/index.php\/2021\/08\/21\/doum-kalthoum-a-dalida-les-astres-dorient-celebrees-a-linstitut-du-monde-arabe\/","name":"D'Oum Kalthoum \u00e0 Dalida : Les astres d'Orient c\u00e9l\u00e9br\u00e9es \u00e0 l'Institut du monde arabe - La Sentinelle","isPartOf":{"@id":"https:\/\/lasentinelle.dz\/#website"},"primaryImageOfPage":{"@id":"https:\/\/lasentinelle.dz\/index.php\/2021\/08\/21\/doum-kalthoum-a-dalida-les-astres-dorient-celebrees-a-linstitut-du-monde-arabe\/#primaryimage"},"image":{"@id":"https:\/\/lasentinelle.dz\/index.php\/2021\/08\/21\/doum-kalthoum-a-dalida-les-astres-dorient-celebrees-a-linstitut-du-monde-arabe\/#primaryimage"},"thumbnailUrl":"https:\/\/lasentinelle.dz\/wp-content\/uploads\/2021\/08\/image_2021-08-20_160607.png","datePublished":"2021-08-20T23:01:00+00:00","breadcrumb":{"@id":"https:\/\/lasentinelle.dz\/index.php\/2021\/08\/21\/doum-kalthoum-a-dalida-les-astres-dorient-celebrees-a-linstitut-du-monde-arabe\/#breadcrumb"},"inLanguage":"fr-FR","potentialAction":[{"@type":"ReadAction","target":["https:\/\/lasentinelle.dz\/index.php\/2021\/08\/21\/doum-kalthoum-a-dalida-les-astres-dorient-celebrees-a-linstitut-du-monde-arabe\/"]}]},{"@type":"ImageObject","inLanguage":"fr-FR","@id":"https:\/\/lasentinelle.dz\/index.php\/2021\/08\/21\/doum-kalthoum-a-dalida-les-astres-dorient-celebrees-a-linstitut-du-monde-arabe\/#primaryimage","url":"https:\/\/lasentinelle.dz\/wp-content\/uploads\/2021\/08\/image_2021-08-20_160607.png","contentUrl":"https:\/\/lasentinelle.dz\/wp-content\/uploads\/2021\/08\/image_2021-08-20_160607.png","width":1280,"height":720},{"@type":"BreadcrumbList","@id":"https:\/\/lasentinelle.dz\/index.php\/2021\/08\/21\/doum-kalthoum-a-dalida-les-astres-dorient-celebrees-a-linstitut-du-monde-arabe\/#breadcrumb","itemListElement":[{"@type":"ListItem","position":1,"name":"Accueil","item":"https:\/\/lasentinelle.dz\/"},{"@type":"ListItem","position":2,"name":"D&rsquo;Oum Kalthoum \u00e0 Dalida : Les astres d&rsquo;Orient c\u00e9l\u00e9br\u00e9es \u00e0 l&rsquo;Institut du monde arabe"}]},{"@type":"WebSite","@id":"https:\/\/lasentinelle.dz\/#website","url":"https:\/\/lasentinelle.dz\/","name":"La Sentinelle","description":"Quotidien national d&#039;information","publisher":{"@id":"https:\/\/lasentinelle.dz\/#organization"},"potentialAction":[{"@type":"SearchAction","target":{"@type":"EntryPoint","urlTemplate":"https:\/\/lasentinelle.dz\/?s={search_term_string}"},"query-input":{"@type":"PropertyValueSpecification","valueRequired":true,"valueName":"search_term_string"}}],"inLanguage":"fr-FR"},{"@type":"Organization","@id":"https:\/\/lasentinelle.dz\/#organization","name":"Quotidien La Sentinelle","url":"https:\/\/lasentinelle.dz\/","logo":{"@type":"ImageObject","inLanguage":"fr-FR","@id":"https:\/\/lasentinelle.dz\/#\/schema\/logo\/image\/","url":"https:\/\/lasentinelle.dz\/wp-content\/uploads\/2021\/09\/logo-sentinelleSLOGAN-1.png","contentUrl":"https:\/\/lasentinelle.dz\/wp-content\/uploads\/2021\/09\/logo-sentinelleSLOGAN-1.png","width":615,"height":142,"caption":"Quotidien La Sentinelle"},"image":{"@id":"https:\/\/lasentinelle.dz\/#\/schema\/logo\/image\/"},"sameAs":["https:\/\/www.facebook.com\/La-Sentinelle-104059864394773"]},{"@type":"Person","@id":"https:\/\/lasentinelle.dz\/#\/schema\/person\/d865044e22e70a75174ce8bcad3acfb3","name":"La Sentinelle","image":{"@type":"ImageObject","inLanguage":"fr-FR","@id":"https:\/\/secure.gravatar.com\/avatar\/57de8e5d4b15d43fb361a71fbb36338450fe67865b528a43dd10ef7c51a20392?s=96&d=mm&r=g","url":"https:\/\/secure.gravatar.com\/avatar\/57de8e5d4b15d43fb361a71fbb36338450fe67865b528a43dd10ef7c51a20392?s=96&d=mm&r=g","contentUrl":"https:\/\/secure.gravatar.com\/avatar\/57de8e5d4b15d43fb361a71fbb36338450fe67865b528a43dd10ef7c51a20392?s=96&d=mm&r=g","caption":"La Sentinelle"},"sameAs":["http:\/\/www.lasentinelle.dz"],"url":"https:\/\/lasentinelle.dz\/author\/redaction\/"}]}},"_links":{"self":[{"href":"https:\/\/lasentinelle.dz\/index.php\/wp-json\/wp\/v2\/posts\/4690","targetHints":{"allow":["GET"]}}],"collection":[{"href":"https:\/\/lasentinelle.dz\/index.php\/wp-json\/wp\/v2\/posts"}],"about":[{"href":"https:\/\/lasentinelle.dz\/index.php\/wp-json\/wp\/v2\/types\/post"}],"author":[{"embeddable":true,"href":"https:\/\/lasentinelle.dz\/index.php\/wp-json\/wp\/v2\/users\/3"}],"replies":[{"embeddable":true,"href":"https:\/\/lasentinelle.dz\/index.php\/wp-json\/wp\/v2\/comments?post=4690"}],"version-history":[{"count":1,"href":"https:\/\/lasentinelle.dz\/index.php\/wp-json\/wp\/v2\/posts\/4690\/revisions"}],"predecessor-version":[{"id":4694,"href":"https:\/\/lasentinelle.dz\/index.php\/wp-json\/wp\/v2\/posts\/4690\/revisions\/4694"}],"wp:featuredmedia":[{"embeddable":true,"href":"https:\/\/lasentinelle.dz\/index.php\/wp-json\/wp\/v2\/media\/4693"}],"wp:attachment":[{"href":"https:\/\/lasentinelle.dz\/index.php\/wp-json\/wp\/v2\/media?parent=4690"}],"wp:term":[{"taxonomy":"category","embeddable":true,"href":"https:\/\/lasentinelle.dz\/index.php\/wp-json\/wp\/v2\/categories?post=4690"},{"taxonomy":"post_tag","embeddable":true,"href":"https:\/\/lasentinelle.dz\/index.php\/wp-json\/wp\/v2\/tags?post=4690"}],"curies":[{"name":"wp","href":"https:\/\/api.w.org\/{rel}","templated":true}]}}