{"id":46918,"date":"2023-11-07T09:53:01","date_gmt":"2023-11-07T08:53:01","guid":{"rendered":"https:\/\/lasentinelle.dz\/?p=46918"},"modified":"2023-11-07T09:53:10","modified_gmt":"2023-11-07T08:53:10","slug":"le-president-tebboune-appelle-a-saisir-la-cpi-pour-les-crimes-sionistes-a-ghaza-ou-est-la-justice-dans-le-monde","status":"publish","type":"post","link":"https:\/\/lasentinelle.dz\/index.php\/2023\/11\/07\/le-president-tebboune-appelle-a-saisir-la-cpi-pour-les-crimes-sionistes-a-ghaza-ou-est-la-justice-dans-le-monde\/","title":{"rendered":"Le Pr\u00e9sident Tebboune appelle \u00e0 saisir la CPI pour les crimes sionistes \u00e0 Ghaza\u00a0: \u00ab\u00a0O\u00f9 est la justice dans le monde\u00a0?\u00a0\u00bb"},"content":{"rendered":"\n<p>Le pr\u00e9sident de la R\u00e9publique, Abdelmadjid Tebboune, a soulign\u00e9 hier la n\u00e9cessit\u00e9 de ne point laisser le g\u00e9nocide op\u00e9r\u00e9 hier par l\u2019occupation sioniste \u00e0 Ghaza impuni. Il a ainsi lanc\u00e9 \u00e0 appel aux consciences et \u00e0 \u00e0 intenter une action judiciaire devant la Cour p\u00e9nale internationale et les organisations internationales de d\u00e9fense des droits de l&rsquo;homme contre l&rsquo;entit\u00e9 isra\u00e9lienne.<\/p>\n\n\n\n<p>Dans l\u2019allocution qu\u2019il a prononc\u00e9e \u00e0 l\u2019occasion de l\u2019ouverture de l\u2019ann\u00e9e judiciaire, le pr\u00e9sident de la R\u00e9publique a soulign\u00e9 la n\u00e9cessit\u00e9 de rendre justice au peuple palestinien. Le Pr\u00e9sident Tebboune \u00ab tous les hommes libres du monde, les juristes arabes et les instances et organisations internationales \u00e0 intenter une action judiciaire devant la CPI et les organisations internationales de d\u00e9fense des droits de l\u2019homme \u00bb, contre les violations de l\u2019entit\u00e9 sioniste, soulignant que cette d\u00e9marche \u00ab est l\u2019unique moyen de mettre fin \u00e0 des d\u00e9cennies d\u2019impunit\u00e9 pour les crimes commis contre les Palestiniens \u00bb. \u00ab&nbsp;J&rsquo;appelle tous les hommes libres du monde, les juristes arabes et les instances et organisations internationales des droits de l&rsquo;homme \u00e0 intenter une action judiciaire devant la Cour p\u00e9nale internationale et les organisations internationales de d\u00e9fense des droits de l&rsquo;homme contre l&rsquo;entit\u00e9 isra\u00e9lienne&nbsp;\u00bb, indiqu\u00e9 le pr\u00e9sident de la R\u00e9publique. \u00ab&nbsp;Il s&rsquo;agit du seul et unique moyen pour mettre fin \u00e0 des d\u00e9cennies d&rsquo;impunit\u00e9 pour les crimes commis contre les Palestiniens, car la poursuite judiciaire internationale efficace demeure le seul refuge pour les fr\u00e8res palestiniens en vue de r\u00e9aliser la justice internationale et recouvrer leurs droits l\u00e9gitimes \u00e0 l&rsquo;\u00e9tablissement de leur Etat ind\u00e9pendant, avec Al-Qods pour capitale&nbsp;\u00bb, a-t-il ajout\u00e9. Abdelmadjid Tebboune a soulign\u00e9 la gravit\u00e9 de ce qui ce passe en Palestine occup\u00e9e, rappelant que \u00ab&nbsp;toutes les r\u00e8gles et les valeurs humaines, morales, religieuses et juridiques se sont effondr\u00e9es devant les massacres barbares auxquels assiste le monde aujourd&rsquo;hui, perp\u00e9tr\u00e9s par les forces d&rsquo;occupation contre le peuple palestinien fr\u00e8re face \u00e0 un silence mondial assourdissant et sous blocus accablant et inique aux antipodes des r\u00e8gles du droit international humanitaire&nbsp;\u00bb. Et de s\u2019interroger&nbsp;: \u00ab&nbsp;n&rsquo;y a-t-il pas une conscience secou\u00e9e par ces massacres, o\u00f9 est l&rsquo;humanit\u00e9? O\u00f9 est la conscience mondiale, d\u00e9sormais latente et absente face au g\u00e9nocide commis ? Un g\u00e9nocide, qui nous rappelle ce qu&rsquo;a connu l&rsquo;histoire humaine durant la deuxi\u00e8me guerre mondiale, dans la ville de Stalingrad.&nbsp;\u00bb \u00ab&nbsp;Alors que je me tient devant les hommes et femmes du Droit, nous nous interrogeons o\u00f9 est la justice dans le monde? O\u00f9 est le droit des peuples opprim\u00e9s? o\u00f9 est le droit du peuple palestinien?&nbsp;\u00bb, s\u2019est-t-il \u00e9galement interrog\u00e9.<\/p>\n\n\n\n<p>Notons qu\u2019une plainte collective initi\u00e9e par la soci\u00e9t\u00e9 civile et appuy\u00e9e par un collectif d\u2019avocats sera d\u00e9pos\u00e9e, jeudi \u00e0 La Haye, devant la Cour p\u00e9nale internationale (CPI) pour \u00ab g\u00e9nocide et autres crimes \u00bb que commet l\u2019entit\u00e9 sioniste \u00e0 Ghaza et en Cisjordanie occup\u00e9e, depuis le 7 octobre dernier. Dans une lettre d\u2019information intitul\u00e9e \u00ab La justice est la r\u00e9ponse \u00e0 la violence, unis pour la d\u00e9fense du droit \u00e0 l\u2019autod\u00e9termination du peuple palestinien \u00bb, les initiateurs de cette d\u00e9marche ont pr\u00e9cis\u00e9 que \u00ab la plainte sera d\u00e9pos\u00e9e en tant que t\u00e9moin \u00bb, en soutien aux organes de la CPI, en faveur de l\u2019application du droit international. Ils ont not\u00e9, dans le m\u00eame contexte, que cette \u00ab d\u00e9marche n\u2019a pas pour objectif d\u2019accuser ou de juger, mais elle est celle des citoyens qui analysent les faits et expriment leurs convictions d\u2019une violation du droit et qui, avec le concours d\u2019avocats, saisissent un procureur qui sera charg\u00e9 de l\u2019enqu\u00eate \u00bb, soulignant que \u00ab le grief de g\u00e9nocide, qui vient explicitement d\u2019\u00eatre repris par sept rapporteurs sp\u00e9ciaux de l\u2019ONU, a \u00e9t\u00e9 analys\u00e9 par rapport \u00e0 la jurisprudence la plus actuelle et sur la globalit\u00e9 des faits \u00bb.<\/p>\n\n\n\n<p>La plainte sera, par ailleurs, illustr\u00e9e et \u00e9tay\u00e9e par \u00ab des rappels historiques et des documents retra\u00e7ant la gen\u00e8se du conflit au Moyen-Orient \u00bb, a-t-on pr\u00e9cis\u00e9, notant que \u00ab le d\u00e9p\u00f4t de la plainte sera suivi d\u2019une conf\u00e9rence de presse dans un lieu \u00e0 proximit\u00e9 du si\u00e8ge de la CPI \u00e0 La Haye \u00bb.<\/p>\n\n\n\n<p><strong>Hocine Fadheli<\/strong><\/p>\n","protected":false},"excerpt":{"rendered":"<p>Le pr\u00e9sident de la R\u00e9publique, Abdelmadjid Tebboune, a soulign\u00e9 hier la n\u00e9cessit\u00e9 de ne point laisser le g\u00e9nocide op\u00e9r\u00e9 hier<\/p>\n","protected":false},"author":3,"featured_media":46919,"comment_status":"open","ping_status":"closed","sticky":false,"template":"","format":"standard","meta":{"colormag_page_container_layout":"default_layout","colormag_page_sidebar_layout":"default_layout","om_disable_all_campaigns":false,"_monsterinsights_skip_tracking":false,"_monsterinsights_sitenote_active":false,"_monsterinsights_sitenote_note":"","_monsterinsights_sitenote_category":0,"footnotes":"","_wpscppro_dont_share_socialmedia":false,"_wpscppro_custom_social_share_image":0,"_facebook_share_type":"","_twitter_share_type":"","_linkedin_share_type":"","_pinterest_share_type":"","_linkedin_share_type_page":"","_instagram_share_type":"","_medium_share_type":"","_threads_share_type":"","_google_business_share_type":"","_selected_social_profile":[],"_wpsp_enable_custom_social_template":false,"_wpsp_social_scheduling":{"enabled":false,"datetime":null,"platforms":[],"status":"template_only","dateOption":"today","timeOption":"now","customDays":"","customHours":"","customDate":"","customTime":"","schedulingType":"absolute"},"_wpsp_active_default_template":true},"categories":[52,27],"tags":[],"class_list":["post-46918","post","type-post","status-publish","format-standard","has-post-thumbnail","hentry","category-a-la-une","category-actualite"],"aioseo_notices":[],"yoast_head":"<!-- This site is optimized with the Yoast SEO plugin v27.5 - https:\/\/yoast.com\/product\/yoast-seo-wordpress\/ -->\n<title>Le Pr\u00e9sident Tebboune appelle \u00e0 saisir la CPI pour les crimes sionistes \u00e0 Ghaza\u00a0: \u00ab\u00a0O\u00f9 est la justice dans le monde\u00a0?\u00a0\u00bb - La Sentinelle<\/title>\n<meta name=\"robots\" content=\"index, follow, max-snippet:-1, max-image-preview:large, max-video-preview:-1\" \/>\n<link rel=\"canonical\" href=\"https:\/\/lasentinelle.dz\/index.php\/2023\/11\/07\/le-president-tebboune-appelle-a-saisir-la-cpi-pour-les-crimes-sionistes-a-ghaza-ou-est-la-justice-dans-le-monde\/\" \/>\n<meta property=\"og:locale\" content=\"fr_FR\" \/>\n<meta property=\"og:type\" content=\"article\" \/>\n<meta property=\"og:title\" content=\"Le Pr\u00e9sident Tebboune appelle \u00e0 saisir la CPI pour les crimes sionistes \u00e0 Ghaza\u00a0: \u00ab\u00a0O\u00f9 est la justice dans le monde\u00a0?\u00a0\u00bb - La Sentinelle\" \/>\n<meta property=\"og:description\" content=\"Le pr\u00e9sident de la R\u00e9publique, Abdelmadjid Tebboune, a soulign\u00e9 hier la n\u00e9cessit\u00e9 de ne point laisser le g\u00e9nocide op\u00e9r\u00e9 hier\" \/>\n<meta property=\"og:url\" content=\"https:\/\/lasentinelle.dz\/index.php\/2023\/11\/07\/le-president-tebboune-appelle-a-saisir-la-cpi-pour-les-crimes-sionistes-a-ghaza-ou-est-la-justice-dans-le-monde\/\" \/>\n<meta property=\"og:site_name\" content=\"La Sentinelle\" \/>\n<meta property=\"article:publisher\" content=\"https:\/\/www.facebook.com\/La-Sentinelle-104059864394773\" \/>\n<meta property=\"article:published_time\" content=\"2023-11-07T08:53:01+00:00\" \/>\n<meta property=\"article:modified_time\" content=\"2023-11-07T08:53:10+00:00\" \/>\n<meta property=\"og:image\" content=\"https:\/\/lasentinelle.dz\/wp-content\/uploads\/2023\/11\/tebboune-judiciaire-1.png\" \/>\n\t<meta property=\"og:image:width\" content=\"900\" \/>\n\t<meta property=\"og:image:height\" content=\"601\" \/>\n\t<meta property=\"og:image:type\" content=\"image\/png\" \/>\n<meta name=\"author\" content=\"La Sentinelle\" \/>\n<meta name=\"twitter:card\" content=\"summary_large_image\" \/>\n<meta name=\"twitter:label1\" content=\"\u00c9crit par\" \/>\n\t<meta name=\"twitter:data1\" content=\"La Sentinelle\" \/>\n\t<meta name=\"twitter:label2\" content=\"Dur\u00e9e de lecture estim\u00e9e\" \/>\n\t<meta name=\"twitter:data2\" content=\"4 minutes\" \/>\n<script type=\"application\/ld+json\" class=\"yoast-schema-graph\">{\"@context\":\"https:\\\/\\\/schema.org\",\"@graph\":[{\"@type\":\"Article\",\"@id\":\"https:\\\/\\\/lasentinelle.dz\\\/index.php\\\/2023\\\/11\\\/07\\\/le-president-tebboune-appelle-a-saisir-la-cpi-pour-les-crimes-sionistes-a-ghaza-ou-est-la-justice-dans-le-monde\\\/#article\",\"isPartOf\":{\"@id\":\"https:\\\/\\\/lasentinelle.dz\\\/index.php\\\/2023\\\/11\\\/07\\\/le-president-tebboune-appelle-a-saisir-la-cpi-pour-les-crimes-sionistes-a-ghaza-ou-est-la-justice-dans-le-monde\\\/\"},\"author\":{\"name\":\"La Sentinelle\",\"@id\":\"https:\\\/\\\/lasentinelle.dz\\\/#\\\/schema\\\/person\\\/d865044e22e70a75174ce8bcad3acfb3\"},\"headline\":\"Le Pr\u00e9sident Tebboune appelle \u00e0 saisir la CPI pour les crimes sionistes \u00e0 Ghaza\u00a0: \u00ab\u00a0O\u00f9 est la justice dans le monde\u00a0?\u00a0\u00bb\",\"datePublished\":\"2023-11-07T08:53:01+00:00\",\"dateModified\":\"2023-11-07T08:53:10+00:00\",\"mainEntityOfPage\":{\"@id\":\"https:\\\/\\\/lasentinelle.dz\\\/index.php\\\/2023\\\/11\\\/07\\\/le-president-tebboune-appelle-a-saisir-la-cpi-pour-les-crimes-sionistes-a-ghaza-ou-est-la-justice-dans-le-monde\\\/\"},\"wordCount\":774,\"commentCount\":0,\"publisher\":{\"@id\":\"https:\\\/\\\/lasentinelle.dz\\\/#organization\"},\"image\":{\"@id\":\"https:\\\/\\\/lasentinelle.dz\\\/index.php\\\/2023\\\/11\\\/07\\\/le-president-tebboune-appelle-a-saisir-la-cpi-pour-les-crimes-sionistes-a-ghaza-ou-est-la-justice-dans-le-monde\\\/#primaryimage\"},\"thumbnailUrl\":\"https:\\\/\\\/lasentinelle.dz\\\/wp-content\\\/uploads\\\/2023\\\/11\\\/tebboune-judiciaire-1.png\",\"articleSection\":[\"\u00c0 la Une\",\"Actualit\u00e9\"],\"inLanguage\":\"fr-FR\",\"potentialAction\":[{\"@type\":\"CommentAction\",\"name\":\"Comment\",\"target\":[\"https:\\\/\\\/lasentinelle.dz\\\/index.php\\\/2023\\\/11\\\/07\\\/le-president-tebboune-appelle-a-saisir-la-cpi-pour-les-crimes-sionistes-a-ghaza-ou-est-la-justice-dans-le-monde\\\/#respond\"]}]},{\"@type\":\"WebPage\",\"@id\":\"https:\\\/\\\/lasentinelle.dz\\\/index.php\\\/2023\\\/11\\\/07\\\/le-president-tebboune-appelle-a-saisir-la-cpi-pour-les-crimes-sionistes-a-ghaza-ou-est-la-justice-dans-le-monde\\\/\",\"url\":\"https:\\\/\\\/lasentinelle.dz\\\/index.php\\\/2023\\\/11\\\/07\\\/le-president-tebboune-appelle-a-saisir-la-cpi-pour-les-crimes-sionistes-a-ghaza-ou-est-la-justice-dans-le-monde\\\/\",\"name\":\"Le Pr\u00e9sident Tebboune appelle \u00e0 saisir la CPI pour les crimes sionistes \u00e0 Ghaza\u00a0: \u00ab\u00a0O\u00f9 est la justice dans le monde\u00a0?\u00a0\u00bb - La Sentinelle\",\"isPartOf\":{\"@id\":\"https:\\\/\\\/lasentinelle.dz\\\/#website\"},\"primaryImageOfPage\":{\"@id\":\"https:\\\/\\\/lasentinelle.dz\\\/index.php\\\/2023\\\/11\\\/07\\\/le-president-tebboune-appelle-a-saisir-la-cpi-pour-les-crimes-sionistes-a-ghaza-ou-est-la-justice-dans-le-monde\\\/#primaryimage\"},\"image\":{\"@id\":\"https:\\\/\\\/lasentinelle.dz\\\/index.php\\\/2023\\\/11\\\/07\\\/le-president-tebboune-appelle-a-saisir-la-cpi-pour-les-crimes-sionistes-a-ghaza-ou-est-la-justice-dans-le-monde\\\/#primaryimage\"},\"thumbnailUrl\":\"https:\\\/\\\/lasentinelle.dz\\\/wp-content\\\/uploads\\\/2023\\\/11\\\/tebboune-judiciaire-1.png\",\"datePublished\":\"2023-11-07T08:53:01+00:00\",\"dateModified\":\"2023-11-07T08:53:10+00:00\",\"breadcrumb\":{\"@id\":\"https:\\\/\\\/lasentinelle.dz\\\/index.php\\\/2023\\\/11\\\/07\\\/le-president-tebboune-appelle-a-saisir-la-cpi-pour-les-crimes-sionistes-a-ghaza-ou-est-la-justice-dans-le-monde\\\/#breadcrumb\"},\"inLanguage\":\"fr-FR\",\"potentialAction\":[{\"@type\":\"ReadAction\",\"target\":[\"https:\\\/\\\/lasentinelle.dz\\\/index.php\\\/2023\\\/11\\\/07\\\/le-president-tebboune-appelle-a-saisir-la-cpi-pour-les-crimes-sionistes-a-ghaza-ou-est-la-justice-dans-le-monde\\\/\"]}]},{\"@type\":\"ImageObject\",\"inLanguage\":\"fr-FR\",\"@id\":\"https:\\\/\\\/lasentinelle.dz\\\/index.php\\\/2023\\\/11\\\/07\\\/le-president-tebboune-appelle-a-saisir-la-cpi-pour-les-crimes-sionistes-a-ghaza-ou-est-la-justice-dans-le-monde\\\/#primaryimage\",\"url\":\"https:\\\/\\\/lasentinelle.dz\\\/wp-content\\\/uploads\\\/2023\\\/11\\\/tebboune-judiciaire-1.png\",\"contentUrl\":\"https:\\\/\\\/lasentinelle.dz\\\/wp-content\\\/uploads\\\/2023\\\/11\\\/tebboune-judiciaire-1.png\",\"width\":900,\"height\":601},{\"@type\":\"BreadcrumbList\",\"@id\":\"https:\\\/\\\/lasentinelle.dz\\\/index.php\\\/2023\\\/11\\\/07\\\/le-president-tebboune-appelle-a-saisir-la-cpi-pour-les-crimes-sionistes-a-ghaza-ou-est-la-justice-dans-le-monde\\\/#breadcrumb\",\"itemListElement\":[{\"@type\":\"ListItem\",\"position\":1,\"name\":\"Accueil\",\"item\":\"https:\\\/\\\/lasentinelle.dz\\\/\"},{\"@type\":\"ListItem\",\"position\":2,\"name\":\"Le Pr\u00e9sident Tebboune appelle \u00e0 saisir la CPI pour les crimes sionistes \u00e0 Ghaza\u00a0: \u00ab\u00a0O\u00f9 est la justice dans le monde\u00a0?\u00a0\u00bb\"}]},{\"@type\":\"WebSite\",\"@id\":\"https:\\\/\\\/lasentinelle.dz\\\/#website\",\"url\":\"https:\\\/\\\/lasentinelle.dz\\\/\",\"name\":\"La Sentinelle\",\"description\":\"Quotidien national d&#039;information\",\"publisher\":{\"@id\":\"https:\\\/\\\/lasentinelle.dz\\\/#organization\"},\"potentialAction\":[{\"@type\":\"SearchAction\",\"target\":{\"@type\":\"EntryPoint\",\"urlTemplate\":\"https:\\\/\\\/lasentinelle.dz\\\/?s={search_term_string}\"},\"query-input\":{\"@type\":\"PropertyValueSpecification\",\"valueRequired\":true,\"valueName\":\"search_term_string\"}}],\"inLanguage\":\"fr-FR\"},{\"@type\":\"Organization\",\"@id\":\"https:\\\/\\\/lasentinelle.dz\\\/#organization\",\"name\":\"Quotidien La Sentinelle\",\"url\":\"https:\\\/\\\/lasentinelle.dz\\\/\",\"logo\":{\"@type\":\"ImageObject\",\"inLanguage\":\"fr-FR\",\"@id\":\"https:\\\/\\\/lasentinelle.dz\\\/#\\\/schema\\\/logo\\\/image\\\/\",\"url\":\"https:\\\/\\\/lasentinelle.dz\\\/wp-content\\\/uploads\\\/2021\\\/09\\\/logo-sentinelleSLOGAN-1.png\",\"contentUrl\":\"https:\\\/\\\/lasentinelle.dz\\\/wp-content\\\/uploads\\\/2021\\\/09\\\/logo-sentinelleSLOGAN-1.png\",\"width\":615,\"height\":142,\"caption\":\"Quotidien La Sentinelle\"},\"image\":{\"@id\":\"https:\\\/\\\/lasentinelle.dz\\\/#\\\/schema\\\/logo\\\/image\\\/\"},\"sameAs\":[\"https:\\\/\\\/www.facebook.com\\\/La-Sentinelle-104059864394773\"]},{\"@type\":\"Person\",\"@id\":\"https:\\\/\\\/lasentinelle.dz\\\/#\\\/schema\\\/person\\\/d865044e22e70a75174ce8bcad3acfb3\",\"name\":\"La Sentinelle\",\"image\":{\"@type\":\"ImageObject\",\"inLanguage\":\"fr-FR\",\"@id\":\"https:\\\/\\\/secure.gravatar.com\\\/avatar\\\/57de8e5d4b15d43fb361a71fbb36338450fe67865b528a43dd10ef7c51a20392?s=96&d=mm&r=g\",\"url\":\"https:\\\/\\\/secure.gravatar.com\\\/avatar\\\/57de8e5d4b15d43fb361a71fbb36338450fe67865b528a43dd10ef7c51a20392?s=96&d=mm&r=g\",\"contentUrl\":\"https:\\\/\\\/secure.gravatar.com\\\/avatar\\\/57de8e5d4b15d43fb361a71fbb36338450fe67865b528a43dd10ef7c51a20392?s=96&d=mm&r=g\",\"caption\":\"La Sentinelle\"},\"sameAs\":[\"http:\\\/\\\/www.lasentinelle.dz\"],\"url\":\"https:\\\/\\\/lasentinelle.dz\\\/author\\\/redaction\\\/\"}]}<\/script>\n<!-- \/ Yoast SEO plugin. -->","yoast_head_json":{"title":"Le Pr\u00e9sident Tebboune appelle \u00e0 saisir la CPI pour les crimes sionistes \u00e0 Ghaza\u00a0: \u00ab\u00a0O\u00f9 est la justice dans le monde\u00a0?\u00a0\u00bb - La Sentinelle","robots":{"index":"index","follow":"follow","max-snippet":"max-snippet:-1","max-image-preview":"max-image-preview:large","max-video-preview":"max-video-preview:-1"},"canonical":"https:\/\/lasentinelle.dz\/index.php\/2023\/11\/07\/le-president-tebboune-appelle-a-saisir-la-cpi-pour-les-crimes-sionistes-a-ghaza-ou-est-la-justice-dans-le-monde\/","og_locale":"fr_FR","og_type":"article","og_title":"Le Pr\u00e9sident Tebboune appelle \u00e0 saisir la CPI pour les crimes sionistes \u00e0 Ghaza\u00a0: \u00ab\u00a0O\u00f9 est la justice dans le monde\u00a0?\u00a0\u00bb - La Sentinelle","og_description":"Le pr\u00e9sident de la R\u00e9publique, Abdelmadjid Tebboune, a soulign\u00e9 hier la n\u00e9cessit\u00e9 de ne point laisser le g\u00e9nocide op\u00e9r\u00e9 hier","og_url":"https:\/\/lasentinelle.dz\/index.php\/2023\/11\/07\/le-president-tebboune-appelle-a-saisir-la-cpi-pour-les-crimes-sionistes-a-ghaza-ou-est-la-justice-dans-le-monde\/","og_site_name":"La Sentinelle","article_publisher":"https:\/\/www.facebook.com\/La-Sentinelle-104059864394773","article_published_time":"2023-11-07T08:53:01+00:00","article_modified_time":"2023-11-07T08:53:10+00:00","og_image":[{"width":900,"height":601,"url":"https:\/\/lasentinelle.dz\/wp-content\/uploads\/2023\/11\/tebboune-judiciaire-1.png","type":"image\/png"}],"author":"La Sentinelle","twitter_card":"summary_large_image","twitter_misc":{"\u00c9crit par":"La Sentinelle","Dur\u00e9e de lecture estim\u00e9e":"4 minutes"},"schema":{"@context":"https:\/\/schema.org","@graph":[{"@type":"Article","@id":"https:\/\/lasentinelle.dz\/index.php\/2023\/11\/07\/le-president-tebboune-appelle-a-saisir-la-cpi-pour-les-crimes-sionistes-a-ghaza-ou-est-la-justice-dans-le-monde\/#article","isPartOf":{"@id":"https:\/\/lasentinelle.dz\/index.php\/2023\/11\/07\/le-president-tebboune-appelle-a-saisir-la-cpi-pour-les-crimes-sionistes-a-ghaza-ou-est-la-justice-dans-le-monde\/"},"author":{"name":"La Sentinelle","@id":"https:\/\/lasentinelle.dz\/#\/schema\/person\/d865044e22e70a75174ce8bcad3acfb3"},"headline":"Le Pr\u00e9sident Tebboune appelle \u00e0 saisir la CPI pour les crimes sionistes \u00e0 Ghaza\u00a0: \u00ab\u00a0O\u00f9 est la justice dans le monde\u00a0?\u00a0\u00bb","datePublished":"2023-11-07T08:53:01+00:00","dateModified":"2023-11-07T08:53:10+00:00","mainEntityOfPage":{"@id":"https:\/\/lasentinelle.dz\/index.php\/2023\/11\/07\/le-president-tebboune-appelle-a-saisir-la-cpi-pour-les-crimes-sionistes-a-ghaza-ou-est-la-justice-dans-le-monde\/"},"wordCount":774,"commentCount":0,"publisher":{"@id":"https:\/\/lasentinelle.dz\/#organization"},"image":{"@id":"https:\/\/lasentinelle.dz\/index.php\/2023\/11\/07\/le-president-tebboune-appelle-a-saisir-la-cpi-pour-les-crimes-sionistes-a-ghaza-ou-est-la-justice-dans-le-monde\/#primaryimage"},"thumbnailUrl":"https:\/\/lasentinelle.dz\/wp-content\/uploads\/2023\/11\/tebboune-judiciaire-1.png","articleSection":["\u00c0 la Une","Actualit\u00e9"],"inLanguage":"fr-FR","potentialAction":[{"@type":"CommentAction","name":"Comment","target":["https:\/\/lasentinelle.dz\/index.php\/2023\/11\/07\/le-president-tebboune-appelle-a-saisir-la-cpi-pour-les-crimes-sionistes-a-ghaza-ou-est-la-justice-dans-le-monde\/#respond"]}]},{"@type":"WebPage","@id":"https:\/\/lasentinelle.dz\/index.php\/2023\/11\/07\/le-president-tebboune-appelle-a-saisir-la-cpi-pour-les-crimes-sionistes-a-ghaza-ou-est-la-justice-dans-le-monde\/","url":"https:\/\/lasentinelle.dz\/index.php\/2023\/11\/07\/le-president-tebboune-appelle-a-saisir-la-cpi-pour-les-crimes-sionistes-a-ghaza-ou-est-la-justice-dans-le-monde\/","name":"Le Pr\u00e9sident Tebboune appelle \u00e0 saisir la CPI pour les crimes sionistes \u00e0 Ghaza\u00a0: \u00ab\u00a0O\u00f9 est la justice dans le monde\u00a0?\u00a0\u00bb - La Sentinelle","isPartOf":{"@id":"https:\/\/lasentinelle.dz\/#website"},"primaryImageOfPage":{"@id":"https:\/\/lasentinelle.dz\/index.php\/2023\/11\/07\/le-president-tebboune-appelle-a-saisir-la-cpi-pour-les-crimes-sionistes-a-ghaza-ou-est-la-justice-dans-le-monde\/#primaryimage"},"image":{"@id":"https:\/\/lasentinelle.dz\/index.php\/2023\/11\/07\/le-president-tebboune-appelle-a-saisir-la-cpi-pour-les-crimes-sionistes-a-ghaza-ou-est-la-justice-dans-le-monde\/#primaryimage"},"thumbnailUrl":"https:\/\/lasentinelle.dz\/wp-content\/uploads\/2023\/11\/tebboune-judiciaire-1.png","datePublished":"2023-11-07T08:53:01+00:00","dateModified":"2023-11-07T08:53:10+00:00","breadcrumb":{"@id":"https:\/\/lasentinelle.dz\/index.php\/2023\/11\/07\/le-president-tebboune-appelle-a-saisir-la-cpi-pour-les-crimes-sionistes-a-ghaza-ou-est-la-justice-dans-le-monde\/#breadcrumb"},"inLanguage":"fr-FR","potentialAction":[{"@type":"ReadAction","target":["https:\/\/lasentinelle.dz\/index.php\/2023\/11\/07\/le-president-tebboune-appelle-a-saisir-la-cpi-pour-les-crimes-sionistes-a-ghaza-ou-est-la-justice-dans-le-monde\/"]}]},{"@type":"ImageObject","inLanguage":"fr-FR","@id":"https:\/\/lasentinelle.dz\/index.php\/2023\/11\/07\/le-president-tebboune-appelle-a-saisir-la-cpi-pour-les-crimes-sionistes-a-ghaza-ou-est-la-justice-dans-le-monde\/#primaryimage","url":"https:\/\/lasentinelle.dz\/wp-content\/uploads\/2023\/11\/tebboune-judiciaire-1.png","contentUrl":"https:\/\/lasentinelle.dz\/wp-content\/uploads\/2023\/11\/tebboune-judiciaire-1.png","width":900,"height":601},{"@type":"BreadcrumbList","@id":"https:\/\/lasentinelle.dz\/index.php\/2023\/11\/07\/le-president-tebboune-appelle-a-saisir-la-cpi-pour-les-crimes-sionistes-a-ghaza-ou-est-la-justice-dans-le-monde\/#breadcrumb","itemListElement":[{"@type":"ListItem","position":1,"name":"Accueil","item":"https:\/\/lasentinelle.dz\/"},{"@type":"ListItem","position":2,"name":"Le Pr\u00e9sident Tebboune appelle \u00e0 saisir la CPI pour les crimes sionistes \u00e0 Ghaza\u00a0: \u00ab\u00a0O\u00f9 est la justice dans le monde\u00a0?\u00a0\u00bb"}]},{"@type":"WebSite","@id":"https:\/\/lasentinelle.dz\/#website","url":"https:\/\/lasentinelle.dz\/","name":"La Sentinelle","description":"Quotidien national d&#039;information","publisher":{"@id":"https:\/\/lasentinelle.dz\/#organization"},"potentialAction":[{"@type":"SearchAction","target":{"@type":"EntryPoint","urlTemplate":"https:\/\/lasentinelle.dz\/?s={search_term_string}"},"query-input":{"@type":"PropertyValueSpecification","valueRequired":true,"valueName":"search_term_string"}}],"inLanguage":"fr-FR"},{"@type":"Organization","@id":"https:\/\/lasentinelle.dz\/#organization","name":"Quotidien La Sentinelle","url":"https:\/\/lasentinelle.dz\/","logo":{"@type":"ImageObject","inLanguage":"fr-FR","@id":"https:\/\/lasentinelle.dz\/#\/schema\/logo\/image\/","url":"https:\/\/lasentinelle.dz\/wp-content\/uploads\/2021\/09\/logo-sentinelleSLOGAN-1.png","contentUrl":"https:\/\/lasentinelle.dz\/wp-content\/uploads\/2021\/09\/logo-sentinelleSLOGAN-1.png","width":615,"height":142,"caption":"Quotidien La Sentinelle"},"image":{"@id":"https:\/\/lasentinelle.dz\/#\/schema\/logo\/image\/"},"sameAs":["https:\/\/www.facebook.com\/La-Sentinelle-104059864394773"]},{"@type":"Person","@id":"https:\/\/lasentinelle.dz\/#\/schema\/person\/d865044e22e70a75174ce8bcad3acfb3","name":"La Sentinelle","image":{"@type":"ImageObject","inLanguage":"fr-FR","@id":"https:\/\/secure.gravatar.com\/avatar\/57de8e5d4b15d43fb361a71fbb36338450fe67865b528a43dd10ef7c51a20392?s=96&d=mm&r=g","url":"https:\/\/secure.gravatar.com\/avatar\/57de8e5d4b15d43fb361a71fbb36338450fe67865b528a43dd10ef7c51a20392?s=96&d=mm&r=g","contentUrl":"https:\/\/secure.gravatar.com\/avatar\/57de8e5d4b15d43fb361a71fbb36338450fe67865b528a43dd10ef7c51a20392?s=96&d=mm&r=g","caption":"La Sentinelle"},"sameAs":["http:\/\/www.lasentinelle.dz"],"url":"https:\/\/lasentinelle.dz\/author\/redaction\/"}]}},"_links":{"self":[{"href":"https:\/\/lasentinelle.dz\/index.php\/wp-json\/wp\/v2\/posts\/46918","targetHints":{"allow":["GET"]}}],"collection":[{"href":"https:\/\/lasentinelle.dz\/index.php\/wp-json\/wp\/v2\/posts"}],"about":[{"href":"https:\/\/lasentinelle.dz\/index.php\/wp-json\/wp\/v2\/types\/post"}],"author":[{"embeddable":true,"href":"https:\/\/lasentinelle.dz\/index.php\/wp-json\/wp\/v2\/users\/3"}],"replies":[{"embeddable":true,"href":"https:\/\/lasentinelle.dz\/index.php\/wp-json\/wp\/v2\/comments?post=46918"}],"version-history":[{"count":1,"href":"https:\/\/lasentinelle.dz\/index.php\/wp-json\/wp\/v2\/posts\/46918\/revisions"}],"predecessor-version":[{"id":46920,"href":"https:\/\/lasentinelle.dz\/index.php\/wp-json\/wp\/v2\/posts\/46918\/revisions\/46920"}],"wp:featuredmedia":[{"embeddable":true,"href":"https:\/\/lasentinelle.dz\/index.php\/wp-json\/wp\/v2\/media\/46919"}],"wp:attachment":[{"href":"https:\/\/lasentinelle.dz\/index.php\/wp-json\/wp\/v2\/media?parent=46918"}],"wp:term":[{"taxonomy":"category","embeddable":true,"href":"https:\/\/lasentinelle.dz\/index.php\/wp-json\/wp\/v2\/categories?post=46918"},{"taxonomy":"post_tag","embeddable":true,"href":"https:\/\/lasentinelle.dz\/index.php\/wp-json\/wp\/v2\/tags?post=46918"}],"curies":[{"name":"wp","href":"https:\/\/api.w.org\/{rel}","templated":true}]}}