{"id":46956,"date":"2023-11-07T22:11:15","date_gmt":"2023-11-07T21:11:15","guid":{"rendered":"https:\/\/lasentinelle.dz\/?p=46956"},"modified":"2023-11-07T22:11:26","modified_gmt":"2023-11-07T21:11:26","slug":"la-position-de-letat-algerien-en-faveur-de-la-cause-palestinienne-saluee","status":"publish","type":"post","link":"https:\/\/lasentinelle.dz\/index.php\/2023\/11\/07\/la-position-de-letat-algerien-en-faveur-de-la-cause-palestinienne-saluee\/","title":{"rendered":"La position de l&rsquo;Etat alg\u00e9rien en faveur de la cause palestinienne salu\u00e9e"},"content":{"rendered":"\n<p>Le pr\u00e9sident de la R\u00e9publique, Abdelmadjid Tebboune, a re\u00e7u hier en audience, le pr\u00e9sident du Mouvement de la soci\u00e9t\u00e9 pour la paix (MSP), Abdelali Hassani, \u00e0 la demande de ce dernier. La rencontre a permis d\u2019\u00e9voquer plusieurs questions nationales et internationales, notamment la situation en Palestine. Ainsi et au sortir de l\u2019audience le pr\u00e9sident de la formation politique d\u2019opposition a salu\u00e9, dans une d\u00e9claration \u00e0 la presse la position de l&rsquo;Etat alg\u00e9rien, sous la direction du pr\u00e9sident de la R\u00e9publique en faveur du peuple palestinien et de la cause palestinienne. Le pr\u00e9sident du MSP a soulign\u00e9 que cette rencontre tenue \u00e0 sa demande avait \u00e9t\u00e9 l&rsquo;occasion de \u00ab\u00a0se concerter autour de diff\u00e9rentes questions d&rsquo;int\u00e9r\u00eat pour notre pays et la cause palestinienne\u00a0\u00bb, saluant, par l\u00e0 m\u00eame, \u00ab\u00a0la position officielle alg\u00e9rienne, la dynamique diplomatique et la position humanitaire et juridique\u00a0\u00bb en faveur du peuple palestinien et de sa juste cause. La rencontre a \u00e9galement permis d&rsquo;\u00e9voquer \u00ab\u00a0les questions d&rsquo;int\u00e9r\u00eat national, \u00e0 leur t\u00eate le front social et la situation \u00e9conomique\u00a0\u00bb, a-t-il ajout\u00e9, insistant sur la n\u00e9cessit\u00e9 d&rsquo;une \u00ab\u00a0entente nationale regroupant les Alg\u00e9riens autour d&rsquo;une vision favorisant le d\u00e9veloppement du pays et le renforcement de ses capacit\u00e9s en vue de l&rsquo;immuniser et de d\u00e9fendre son unit\u00e9 et sa coh\u00e9sion\u00a0\u00bb. Le pr\u00e9sident du MSP a soulign\u00e9 que l&rsquo;Alg\u00e9rie est \u00ab\u00a0un Etat pivot en Afrique et en M\u00e9diterran\u00e9e\u00a0\u00bb. \u00ab\u00a0D\u00e9sormais repr\u00e9sent\u00e9e au Conseil de s\u00e9curit\u00e9, sa voix doit \u00eatre entendue et peut influer sur le cours des \u00e9v\u00e9nements\u00a0\u00bb, a-t-il conclu.<\/p>\n\n\n\n<p>Pour rappel, le pr\u00e9sident de la R\u00e9publique a r\u00e9affirm\u00e9 \u00e0 plusieurs reprises le soutien de l\u2019Alg\u00e9rie \u00e0 la cause palestinienne, et ce avant le d\u00e9but de l\u2019agression sioniste barbare sur Ghaza. D\u2019ailleurs, \u00e0 la tribune de l\u2019ONU le 19 septembre dernier le pr\u00e9sident Tebboune a plaid\u00e9 pour la solution \u00e0 deux \u00c9tat et pour la n\u00e9cessit\u00e9 d\u2019accorder \u00e0 la Palestine le statut de membre \u00e0 part enti\u00e8re de l\u2019ONU. Depuis le d\u00e9but de l\u2019agression le 7 octobre, le Pr\u00e9sident Tebboune a d\u00e9nonc\u00e9 \u00e0 diverses occasions le g\u00e9nocide perp\u00e9tr\u00e9 par l\u2019occupation isra\u00e9lienne \u00e0 Ghaza. Il a ainsi appel\u00e9 lundi les juristes \u00e0 d\u00e9poser une plainte aupr\u00e8s de la Cour p\u00e9nale internationale contre les crimes sionistes. Notons \u00e0 ce propos que plusieurs barreaux d\u2019avocats de plusieurs pays, dont l\u2019Alg\u00e9rie, a pr\u00e9vu de d\u00e9poser demain une plainte \u00e0 la CPI.<\/p>\n\n\n\n<p><strong>Samir Benisid<\/strong><\/p>\n","protected":false},"excerpt":{"rendered":"<p>Le pr\u00e9sident de la R\u00e9publique, Abdelmadjid Tebboune, a re\u00e7u hier en audience, le pr\u00e9sident du Mouvement de la soci\u00e9t\u00e9 pour<\/p>\n","protected":false},"author":3,"featured_media":46957,"comment_status":"open","ping_status":"closed","sticky":false,"template":"","format":"standard","meta":{"colormag_page_container_layout":"default_layout","colormag_page_sidebar_layout":"default_layout","om_disable_all_campaigns":false,"_monsterinsights_skip_tracking":false,"_monsterinsights_sitenote_active":false,"_monsterinsights_sitenote_note":"","_monsterinsights_sitenote_category":0,"footnotes":"","_wpscppro_dont_share_socialmedia":false,"_wpscppro_custom_social_share_image":0,"_facebook_share_type":"","_twitter_share_type":"","_linkedin_share_type":"","_pinterest_share_type":"","_linkedin_share_type_page":"","_instagram_share_type":"","_medium_share_type":"","_threads_share_type":"","_google_business_share_type":"","_selected_social_profile":[],"_wpsp_enable_custom_social_template":false,"_wpsp_social_scheduling":{"enabled":false,"datetime":null,"platforms":[],"status":"template_only","dateOption":"today","timeOption":"now","customDays":"","customHours":"","customDate":"","customTime":"","schedulingType":"absolute"},"_wpsp_active_default_template":true},"categories":[27],"tags":[],"class_list":["post-46956","post","type-post","status-publish","format-standard","has-post-thumbnail","hentry","category-actualite"],"aioseo_notices":[],"yoast_head":"<!-- This site is optimized with the Yoast SEO plugin v27.5 - https:\/\/yoast.com\/product\/yoast-seo-wordpress\/ -->\n<title>La position de l&rsquo;Etat alg\u00e9rien en faveur de la cause palestinienne salu\u00e9e - La Sentinelle<\/title>\n<meta name=\"robots\" content=\"index, follow, max-snippet:-1, max-image-preview:large, max-video-preview:-1\" \/>\n<link rel=\"canonical\" href=\"https:\/\/lasentinelle.dz\/index.php\/2023\/11\/07\/la-position-de-letat-algerien-en-faveur-de-la-cause-palestinienne-saluee\/\" \/>\n<meta property=\"og:locale\" content=\"fr_FR\" \/>\n<meta property=\"og:type\" content=\"article\" \/>\n<meta property=\"og:title\" content=\"La position de l&rsquo;Etat alg\u00e9rien en faveur de la cause palestinienne salu\u00e9e - La Sentinelle\" \/>\n<meta property=\"og:description\" content=\"Le pr\u00e9sident de la R\u00e9publique, Abdelmadjid Tebboune, a re\u00e7u hier en audience, le pr\u00e9sident du Mouvement de la soci\u00e9t\u00e9 pour\" \/>\n<meta property=\"og:url\" content=\"https:\/\/lasentinelle.dz\/index.php\/2023\/11\/07\/la-position-de-letat-algerien-en-faveur-de-la-cause-palestinienne-saluee\/\" \/>\n<meta property=\"og:site_name\" content=\"La Sentinelle\" \/>\n<meta property=\"article:publisher\" content=\"https:\/\/www.facebook.com\/La-Sentinelle-104059864394773\" \/>\n<meta property=\"article:published_time\" content=\"2023-11-07T21:11:15+00:00\" \/>\n<meta property=\"article:modified_time\" content=\"2023-11-07T21:11:26+00:00\" \/>\n<meta property=\"og:image\" content=\"https:\/\/lasentinelle.dz\/wp-content\/uploads\/2023\/11\/tebboune-hassani.jpeg\" \/>\n\t<meta property=\"og:image:width\" content=\"1280\" \/>\n\t<meta property=\"og:image:height\" content=\"853\" \/>\n\t<meta property=\"og:image:type\" content=\"image\/jpeg\" \/>\n<meta name=\"author\" content=\"La Sentinelle\" \/>\n<meta name=\"twitter:card\" content=\"summary_large_image\" \/>\n<meta name=\"twitter:label1\" content=\"\u00c9crit par\" \/>\n\t<meta name=\"twitter:data1\" content=\"La Sentinelle\" \/>\n\t<meta name=\"twitter:label2\" content=\"Dur\u00e9e de lecture estim\u00e9e\" \/>\n\t<meta name=\"twitter:data2\" content=\"2 minutes\" \/>\n<script type=\"application\/ld+json\" class=\"yoast-schema-graph\">{\"@context\":\"https:\\\/\\\/schema.org\",\"@graph\":[{\"@type\":\"Article\",\"@id\":\"https:\\\/\\\/lasentinelle.dz\\\/index.php\\\/2023\\\/11\\\/07\\\/la-position-de-letat-algerien-en-faveur-de-la-cause-palestinienne-saluee\\\/#article\",\"isPartOf\":{\"@id\":\"https:\\\/\\\/lasentinelle.dz\\\/index.php\\\/2023\\\/11\\\/07\\\/la-position-de-letat-algerien-en-faveur-de-la-cause-palestinienne-saluee\\\/\"},\"author\":{\"name\":\"La Sentinelle\",\"@id\":\"https:\\\/\\\/lasentinelle.dz\\\/#\\\/schema\\\/person\\\/d865044e22e70a75174ce8bcad3acfb3\"},\"headline\":\"La position de l&rsquo;Etat alg\u00e9rien en faveur de la cause palestinienne salu\u00e9e\",\"datePublished\":\"2023-11-07T21:11:15+00:00\",\"dateModified\":\"2023-11-07T21:11:26+00:00\",\"mainEntityOfPage\":{\"@id\":\"https:\\\/\\\/lasentinelle.dz\\\/index.php\\\/2023\\\/11\\\/07\\\/la-position-de-letat-algerien-en-faveur-de-la-cause-palestinienne-saluee\\\/\"},\"wordCount\":458,\"commentCount\":0,\"publisher\":{\"@id\":\"https:\\\/\\\/lasentinelle.dz\\\/#organization\"},\"image\":{\"@id\":\"https:\\\/\\\/lasentinelle.dz\\\/index.php\\\/2023\\\/11\\\/07\\\/la-position-de-letat-algerien-en-faveur-de-la-cause-palestinienne-saluee\\\/#primaryimage\"},\"thumbnailUrl\":\"https:\\\/\\\/lasentinelle.dz\\\/wp-content\\\/uploads\\\/2023\\\/11\\\/tebboune-hassani.jpeg\",\"articleSection\":[\"Actualit\u00e9\"],\"inLanguage\":\"fr-FR\",\"potentialAction\":[{\"@type\":\"CommentAction\",\"name\":\"Comment\",\"target\":[\"https:\\\/\\\/lasentinelle.dz\\\/index.php\\\/2023\\\/11\\\/07\\\/la-position-de-letat-algerien-en-faveur-de-la-cause-palestinienne-saluee\\\/#respond\"]}]},{\"@type\":\"WebPage\",\"@id\":\"https:\\\/\\\/lasentinelle.dz\\\/index.php\\\/2023\\\/11\\\/07\\\/la-position-de-letat-algerien-en-faveur-de-la-cause-palestinienne-saluee\\\/\",\"url\":\"https:\\\/\\\/lasentinelle.dz\\\/index.php\\\/2023\\\/11\\\/07\\\/la-position-de-letat-algerien-en-faveur-de-la-cause-palestinienne-saluee\\\/\",\"name\":\"La position de l&rsquo;Etat alg\u00e9rien en faveur de la cause palestinienne salu\u00e9e - La Sentinelle\",\"isPartOf\":{\"@id\":\"https:\\\/\\\/lasentinelle.dz\\\/#website\"},\"primaryImageOfPage\":{\"@id\":\"https:\\\/\\\/lasentinelle.dz\\\/index.php\\\/2023\\\/11\\\/07\\\/la-position-de-letat-algerien-en-faveur-de-la-cause-palestinienne-saluee\\\/#primaryimage\"},\"image\":{\"@id\":\"https:\\\/\\\/lasentinelle.dz\\\/index.php\\\/2023\\\/11\\\/07\\\/la-position-de-letat-algerien-en-faveur-de-la-cause-palestinienne-saluee\\\/#primaryimage\"},\"thumbnailUrl\":\"https:\\\/\\\/lasentinelle.dz\\\/wp-content\\\/uploads\\\/2023\\\/11\\\/tebboune-hassani.jpeg\",\"datePublished\":\"2023-11-07T21:11:15+00:00\",\"dateModified\":\"2023-11-07T21:11:26+00:00\",\"breadcrumb\":{\"@id\":\"https:\\\/\\\/lasentinelle.dz\\\/index.php\\\/2023\\\/11\\\/07\\\/la-position-de-letat-algerien-en-faveur-de-la-cause-palestinienne-saluee\\\/#breadcrumb\"},\"inLanguage\":\"fr-FR\",\"potentialAction\":[{\"@type\":\"ReadAction\",\"target\":[\"https:\\\/\\\/lasentinelle.dz\\\/index.php\\\/2023\\\/11\\\/07\\\/la-position-de-letat-algerien-en-faveur-de-la-cause-palestinienne-saluee\\\/\"]}]},{\"@type\":\"ImageObject\",\"inLanguage\":\"fr-FR\",\"@id\":\"https:\\\/\\\/lasentinelle.dz\\\/index.php\\\/2023\\\/11\\\/07\\\/la-position-de-letat-algerien-en-faveur-de-la-cause-palestinienne-saluee\\\/#primaryimage\",\"url\":\"https:\\\/\\\/lasentinelle.dz\\\/wp-content\\\/uploads\\\/2023\\\/11\\\/tebboune-hassani.jpeg\",\"contentUrl\":\"https:\\\/\\\/lasentinelle.dz\\\/wp-content\\\/uploads\\\/2023\\\/11\\\/tebboune-hassani.jpeg\",\"width\":1280,\"height\":853},{\"@type\":\"BreadcrumbList\",\"@id\":\"https:\\\/\\\/lasentinelle.dz\\\/index.php\\\/2023\\\/11\\\/07\\\/la-position-de-letat-algerien-en-faveur-de-la-cause-palestinienne-saluee\\\/#breadcrumb\",\"itemListElement\":[{\"@type\":\"ListItem\",\"position\":1,\"name\":\"Accueil\",\"item\":\"https:\\\/\\\/lasentinelle.dz\\\/\"},{\"@type\":\"ListItem\",\"position\":2,\"name\":\"La position de l&rsquo;Etat alg\u00e9rien en faveur de la cause palestinienne salu\u00e9e\"}]},{\"@type\":\"WebSite\",\"@id\":\"https:\\\/\\\/lasentinelle.dz\\\/#website\",\"url\":\"https:\\\/\\\/lasentinelle.dz\\\/\",\"name\":\"La Sentinelle\",\"description\":\"Quotidien national d&#039;information\",\"publisher\":{\"@id\":\"https:\\\/\\\/lasentinelle.dz\\\/#organization\"},\"potentialAction\":[{\"@type\":\"SearchAction\",\"target\":{\"@type\":\"EntryPoint\",\"urlTemplate\":\"https:\\\/\\\/lasentinelle.dz\\\/?s={search_term_string}\"},\"query-input\":{\"@type\":\"PropertyValueSpecification\",\"valueRequired\":true,\"valueName\":\"search_term_string\"}}],\"inLanguage\":\"fr-FR\"},{\"@type\":\"Organization\",\"@id\":\"https:\\\/\\\/lasentinelle.dz\\\/#organization\",\"name\":\"Quotidien La Sentinelle\",\"url\":\"https:\\\/\\\/lasentinelle.dz\\\/\",\"logo\":{\"@type\":\"ImageObject\",\"inLanguage\":\"fr-FR\",\"@id\":\"https:\\\/\\\/lasentinelle.dz\\\/#\\\/schema\\\/logo\\\/image\\\/\",\"url\":\"https:\\\/\\\/lasentinelle.dz\\\/wp-content\\\/uploads\\\/2021\\\/09\\\/logo-sentinelleSLOGAN-1.png\",\"contentUrl\":\"https:\\\/\\\/lasentinelle.dz\\\/wp-content\\\/uploads\\\/2021\\\/09\\\/logo-sentinelleSLOGAN-1.png\",\"width\":615,\"height\":142,\"caption\":\"Quotidien La Sentinelle\"},\"image\":{\"@id\":\"https:\\\/\\\/lasentinelle.dz\\\/#\\\/schema\\\/logo\\\/image\\\/\"},\"sameAs\":[\"https:\\\/\\\/www.facebook.com\\\/La-Sentinelle-104059864394773\"]},{\"@type\":\"Person\",\"@id\":\"https:\\\/\\\/lasentinelle.dz\\\/#\\\/schema\\\/person\\\/d865044e22e70a75174ce8bcad3acfb3\",\"name\":\"La Sentinelle\",\"image\":{\"@type\":\"ImageObject\",\"inLanguage\":\"fr-FR\",\"@id\":\"https:\\\/\\\/secure.gravatar.com\\\/avatar\\\/57de8e5d4b15d43fb361a71fbb36338450fe67865b528a43dd10ef7c51a20392?s=96&d=mm&r=g\",\"url\":\"https:\\\/\\\/secure.gravatar.com\\\/avatar\\\/57de8e5d4b15d43fb361a71fbb36338450fe67865b528a43dd10ef7c51a20392?s=96&d=mm&r=g\",\"contentUrl\":\"https:\\\/\\\/secure.gravatar.com\\\/avatar\\\/57de8e5d4b15d43fb361a71fbb36338450fe67865b528a43dd10ef7c51a20392?s=96&d=mm&r=g\",\"caption\":\"La Sentinelle\"},\"sameAs\":[\"http:\\\/\\\/www.lasentinelle.dz\"],\"url\":\"https:\\\/\\\/lasentinelle.dz\\\/author\\\/redaction\\\/\"}]}<\/script>\n<!-- \/ Yoast SEO plugin. -->","yoast_head_json":{"title":"La position de l&rsquo;Etat alg\u00e9rien en faveur de la cause palestinienne salu\u00e9e - La Sentinelle","robots":{"index":"index","follow":"follow","max-snippet":"max-snippet:-1","max-image-preview":"max-image-preview:large","max-video-preview":"max-video-preview:-1"},"canonical":"https:\/\/lasentinelle.dz\/index.php\/2023\/11\/07\/la-position-de-letat-algerien-en-faveur-de-la-cause-palestinienne-saluee\/","og_locale":"fr_FR","og_type":"article","og_title":"La position de l&rsquo;Etat alg\u00e9rien en faveur de la cause palestinienne salu\u00e9e - La Sentinelle","og_description":"Le pr\u00e9sident de la R\u00e9publique, Abdelmadjid Tebboune, a re\u00e7u hier en audience, le pr\u00e9sident du Mouvement de la soci\u00e9t\u00e9 pour","og_url":"https:\/\/lasentinelle.dz\/index.php\/2023\/11\/07\/la-position-de-letat-algerien-en-faveur-de-la-cause-palestinienne-saluee\/","og_site_name":"La Sentinelle","article_publisher":"https:\/\/www.facebook.com\/La-Sentinelle-104059864394773","article_published_time":"2023-11-07T21:11:15+00:00","article_modified_time":"2023-11-07T21:11:26+00:00","og_image":[{"width":1280,"height":853,"url":"https:\/\/lasentinelle.dz\/wp-content\/uploads\/2023\/11\/tebboune-hassani.jpeg","type":"image\/jpeg"}],"author":"La Sentinelle","twitter_card":"summary_large_image","twitter_misc":{"\u00c9crit par":"La Sentinelle","Dur\u00e9e de lecture estim\u00e9e":"2 minutes"},"schema":{"@context":"https:\/\/schema.org","@graph":[{"@type":"Article","@id":"https:\/\/lasentinelle.dz\/index.php\/2023\/11\/07\/la-position-de-letat-algerien-en-faveur-de-la-cause-palestinienne-saluee\/#article","isPartOf":{"@id":"https:\/\/lasentinelle.dz\/index.php\/2023\/11\/07\/la-position-de-letat-algerien-en-faveur-de-la-cause-palestinienne-saluee\/"},"author":{"name":"La Sentinelle","@id":"https:\/\/lasentinelle.dz\/#\/schema\/person\/d865044e22e70a75174ce8bcad3acfb3"},"headline":"La position de l&rsquo;Etat alg\u00e9rien en faveur de la cause palestinienne salu\u00e9e","datePublished":"2023-11-07T21:11:15+00:00","dateModified":"2023-11-07T21:11:26+00:00","mainEntityOfPage":{"@id":"https:\/\/lasentinelle.dz\/index.php\/2023\/11\/07\/la-position-de-letat-algerien-en-faveur-de-la-cause-palestinienne-saluee\/"},"wordCount":458,"commentCount":0,"publisher":{"@id":"https:\/\/lasentinelle.dz\/#organization"},"image":{"@id":"https:\/\/lasentinelle.dz\/index.php\/2023\/11\/07\/la-position-de-letat-algerien-en-faveur-de-la-cause-palestinienne-saluee\/#primaryimage"},"thumbnailUrl":"https:\/\/lasentinelle.dz\/wp-content\/uploads\/2023\/11\/tebboune-hassani.jpeg","articleSection":["Actualit\u00e9"],"inLanguage":"fr-FR","potentialAction":[{"@type":"CommentAction","name":"Comment","target":["https:\/\/lasentinelle.dz\/index.php\/2023\/11\/07\/la-position-de-letat-algerien-en-faveur-de-la-cause-palestinienne-saluee\/#respond"]}]},{"@type":"WebPage","@id":"https:\/\/lasentinelle.dz\/index.php\/2023\/11\/07\/la-position-de-letat-algerien-en-faveur-de-la-cause-palestinienne-saluee\/","url":"https:\/\/lasentinelle.dz\/index.php\/2023\/11\/07\/la-position-de-letat-algerien-en-faveur-de-la-cause-palestinienne-saluee\/","name":"La position de l&rsquo;Etat alg\u00e9rien en faveur de la cause palestinienne salu\u00e9e - La Sentinelle","isPartOf":{"@id":"https:\/\/lasentinelle.dz\/#website"},"primaryImageOfPage":{"@id":"https:\/\/lasentinelle.dz\/index.php\/2023\/11\/07\/la-position-de-letat-algerien-en-faveur-de-la-cause-palestinienne-saluee\/#primaryimage"},"image":{"@id":"https:\/\/lasentinelle.dz\/index.php\/2023\/11\/07\/la-position-de-letat-algerien-en-faveur-de-la-cause-palestinienne-saluee\/#primaryimage"},"thumbnailUrl":"https:\/\/lasentinelle.dz\/wp-content\/uploads\/2023\/11\/tebboune-hassani.jpeg","datePublished":"2023-11-07T21:11:15+00:00","dateModified":"2023-11-07T21:11:26+00:00","breadcrumb":{"@id":"https:\/\/lasentinelle.dz\/index.php\/2023\/11\/07\/la-position-de-letat-algerien-en-faveur-de-la-cause-palestinienne-saluee\/#breadcrumb"},"inLanguage":"fr-FR","potentialAction":[{"@type":"ReadAction","target":["https:\/\/lasentinelle.dz\/index.php\/2023\/11\/07\/la-position-de-letat-algerien-en-faveur-de-la-cause-palestinienne-saluee\/"]}]},{"@type":"ImageObject","inLanguage":"fr-FR","@id":"https:\/\/lasentinelle.dz\/index.php\/2023\/11\/07\/la-position-de-letat-algerien-en-faveur-de-la-cause-palestinienne-saluee\/#primaryimage","url":"https:\/\/lasentinelle.dz\/wp-content\/uploads\/2023\/11\/tebboune-hassani.jpeg","contentUrl":"https:\/\/lasentinelle.dz\/wp-content\/uploads\/2023\/11\/tebboune-hassani.jpeg","width":1280,"height":853},{"@type":"BreadcrumbList","@id":"https:\/\/lasentinelle.dz\/index.php\/2023\/11\/07\/la-position-de-letat-algerien-en-faveur-de-la-cause-palestinienne-saluee\/#breadcrumb","itemListElement":[{"@type":"ListItem","position":1,"name":"Accueil","item":"https:\/\/lasentinelle.dz\/"},{"@type":"ListItem","position":2,"name":"La position de l&rsquo;Etat alg\u00e9rien en faveur de la cause palestinienne salu\u00e9e"}]},{"@type":"WebSite","@id":"https:\/\/lasentinelle.dz\/#website","url":"https:\/\/lasentinelle.dz\/","name":"La Sentinelle","description":"Quotidien national d&#039;information","publisher":{"@id":"https:\/\/lasentinelle.dz\/#organization"},"potentialAction":[{"@type":"SearchAction","target":{"@type":"EntryPoint","urlTemplate":"https:\/\/lasentinelle.dz\/?s={search_term_string}"},"query-input":{"@type":"PropertyValueSpecification","valueRequired":true,"valueName":"search_term_string"}}],"inLanguage":"fr-FR"},{"@type":"Organization","@id":"https:\/\/lasentinelle.dz\/#organization","name":"Quotidien La Sentinelle","url":"https:\/\/lasentinelle.dz\/","logo":{"@type":"ImageObject","inLanguage":"fr-FR","@id":"https:\/\/lasentinelle.dz\/#\/schema\/logo\/image\/","url":"https:\/\/lasentinelle.dz\/wp-content\/uploads\/2021\/09\/logo-sentinelleSLOGAN-1.png","contentUrl":"https:\/\/lasentinelle.dz\/wp-content\/uploads\/2021\/09\/logo-sentinelleSLOGAN-1.png","width":615,"height":142,"caption":"Quotidien La Sentinelle"},"image":{"@id":"https:\/\/lasentinelle.dz\/#\/schema\/logo\/image\/"},"sameAs":["https:\/\/www.facebook.com\/La-Sentinelle-104059864394773"]},{"@type":"Person","@id":"https:\/\/lasentinelle.dz\/#\/schema\/person\/d865044e22e70a75174ce8bcad3acfb3","name":"La Sentinelle","image":{"@type":"ImageObject","inLanguage":"fr-FR","@id":"https:\/\/secure.gravatar.com\/avatar\/57de8e5d4b15d43fb361a71fbb36338450fe67865b528a43dd10ef7c51a20392?s=96&d=mm&r=g","url":"https:\/\/secure.gravatar.com\/avatar\/57de8e5d4b15d43fb361a71fbb36338450fe67865b528a43dd10ef7c51a20392?s=96&d=mm&r=g","contentUrl":"https:\/\/secure.gravatar.com\/avatar\/57de8e5d4b15d43fb361a71fbb36338450fe67865b528a43dd10ef7c51a20392?s=96&d=mm&r=g","caption":"La Sentinelle"},"sameAs":["http:\/\/www.lasentinelle.dz"],"url":"https:\/\/lasentinelle.dz\/author\/redaction\/"}]}},"_links":{"self":[{"href":"https:\/\/lasentinelle.dz\/index.php\/wp-json\/wp\/v2\/posts\/46956","targetHints":{"allow":["GET"]}}],"collection":[{"href":"https:\/\/lasentinelle.dz\/index.php\/wp-json\/wp\/v2\/posts"}],"about":[{"href":"https:\/\/lasentinelle.dz\/index.php\/wp-json\/wp\/v2\/types\/post"}],"author":[{"embeddable":true,"href":"https:\/\/lasentinelle.dz\/index.php\/wp-json\/wp\/v2\/users\/3"}],"replies":[{"embeddable":true,"href":"https:\/\/lasentinelle.dz\/index.php\/wp-json\/wp\/v2\/comments?post=46956"}],"version-history":[{"count":1,"href":"https:\/\/lasentinelle.dz\/index.php\/wp-json\/wp\/v2\/posts\/46956\/revisions"}],"predecessor-version":[{"id":46958,"href":"https:\/\/lasentinelle.dz\/index.php\/wp-json\/wp\/v2\/posts\/46956\/revisions\/46958"}],"wp:featuredmedia":[{"embeddable":true,"href":"https:\/\/lasentinelle.dz\/index.php\/wp-json\/wp\/v2\/media\/46957"}],"wp:attachment":[{"href":"https:\/\/lasentinelle.dz\/index.php\/wp-json\/wp\/v2\/media?parent=46956"}],"wp:term":[{"taxonomy":"category","embeddable":true,"href":"https:\/\/lasentinelle.dz\/index.php\/wp-json\/wp\/v2\/categories?post=46956"},{"taxonomy":"post_tag","embeddable":true,"href":"https:\/\/lasentinelle.dz\/index.php\/wp-json\/wp\/v2\/tags?post=46956"}],"curies":[{"name":"wp","href":"https:\/\/api.w.org\/{rel}","templated":true}]}}