{"id":47006,"date":"2023-11-11T22:04:01","date_gmt":"2023-11-11T21:04:01","guid":{"rendered":"https:\/\/lasentinelle.dz\/?p=47006"},"modified":"2023-11-11T22:18:49","modified_gmt":"2023-11-11T21:18:49","slug":"exploitation-de-la-mine-de-zinc-de-bejaia-le-projet-officiellement-lance","status":"publish","type":"post","link":"https:\/\/lasentinelle.dz\/index.php\/2023\/11\/11\/exploitation-de-la-mine-de-zinc-de-bejaia-le-projet-officiellement-lance\/","title":{"rendered":"Exploitation de la mine de zinc de B\u00e9ja\u00efa\u00a0: Le projet officiellement lanc\u00e9"},"content":{"rendered":"\n<p>L\u2019un des trois grands projets du plan national de d\u00e9veloppement minier a \u00e9t\u00e9 lanc\u00e9. Le ministre de l\u2019\u00c9nergie et des Mines Mohamed Arkab a, en effet, proc\u00e9d\u00e9 hier \u00e0 la pose de la premi\u00e8re pierre du projet d\u2019exploitation du gisement de zinc-plomb de Tala Hamza-Amizour dans la wilaya de B\u00e9ja\u00efa.<\/p>\n\n\n\n<p>Aux c\u00f4t\u00e9s du projet d\u2019exploitation et de valorisation du minerai de fer de Ghar Djebilet et du projet phosphate int\u00e9gr\u00e9 \u00e0 l\u2019Est du pays, l\u2019exploitation de la mine de zinc et de plomb de B\u00e9ja\u00efa est l\u2019une des assises du plan national de diversification de l\u2019\u00e9conomie nationale en valorisant les ressources mini\u00e8res du pays et fournir des intrants pour l\u2019industrie nationale. L\u2019exploitation de la mine de Tala Hamza-Amizour dans le cadre d\u2019un alg\u00e9ro-australien, doit permettre l\u2019extraction de 2 millions de tonnes de min\u00e9raux bruts par an de cette mine qui renferme 34 millions de tonnes, avec pour produire 170.000 tonnes de concentr\u00e9 de zinc et 30.000 tonnes de concentr\u00e9 de plomb. Le projet permettra la cr\u00e9ation la cr\u00e9ation de 700 emplois directs et 4.000 emplois indirects, la r\u00e9duction des importations, la satisfaction du march\u00e9 national et l&rsquo;exportation des exc\u00e9dents, ainsi que la contribution au d\u00e9veloppement de la wilaya de B\u00e9jaia. En sus de r\u00e9duire la facture \u00e0 l\u2019importation de ces deux minerais dont les cours ne cessent d\u2019augmenter sur les march\u00e9s internationaux, le projet compte \u00e9galement un volet li\u00e9 \u00e0 la valorisation industrielle du minerai, comme c\u2019est le cas des deux autres grands projets miniers en cours de d\u00e9veloppement. Dans ce sens, le PDG du groupe public Sonarem, Mohamed Sakhr Harami, a indiqu\u00e9 en marge de la c\u00e9r\u00e9monie organis\u00e9 hier que ce gisement fournira l\u2019usine de Ghazaouet (Tlemcen) dans le cadre de la valorisation des ressources mini\u00e8res nationales, selon M. Harami, ajoutant que le projet permettra d\u2019exporter les produits miniers lorsqu\u2019il y aura un exc\u00e9dent de production afin de cr\u00e9er de nouvelles recettes en devises pour l\u2019Etat. Il a indiqu\u00e9 \u00e0 ce propos que ce projet, devant entamer la phase d\u2019exploitation d\u2019ici deux ans, constituait \u00ab un exemple en mati\u00e8re d\u2019exploitation mini\u00e8re aux standards internationaux \u00bb.<\/p>\n\n\n\n<p>Notons que le ministre de l\u2019\u00c9nergie et des Mines a prononc\u00e9 une allocution pour l\u2019occasion au cours de laquelle il a insist\u00e9 sur la prise en charge du volet environnemental du projet. Il a ainsi soulign\u00e9 l\u2019importance de ce projet qui \u00ab permet de renforcer et hisser les capacit\u00e9s mini\u00e8res du pays et cr\u00e9er de la valeur ajout\u00e9e afin de soutenir la diversification de l\u2019\u00e9conomie nationale \u00bb. Cela, a-t-il assur\u00e9, avec \u00ab la stricte attention li\u00e9e au respect de l\u2019aspect environnemental, avec la prise en compte des objectifs de d\u00e9veloppement durable \u00bb Ainsi, les technologies modernes utilis\u00e9es dans ce projet permettent, selon le ministre, \u00ab d\u2019entamer les travaux avec toute la s\u00e9curit\u00e9 n\u00e9cessaire et le respect de l\u2019environnement, et ce, gr\u00e2ce \u00e0 l\u2019engagement des op\u00e9rateurs et un suivi r\u00e9gulier du respect des normes de s\u00e9curit\u00e9 et environnementales depuis la pr\u00e9paration du gisement jusqu\u2019\u00e0 l\u2019exploitation \u00bb. Le ministre a insist\u00e9 aussi sur la valorisation locale des produits miniers et la r\u00e9alisation d\u2019unit\u00e9s de transformation pour cr\u00e9er une forte valeur ajout\u00e9e.<\/p>\n\n\n\n<p>Pour sa part, le PDG de la compagnie mini\u00e8re australienne \u00ab Terramin \u00bb, partenaire de Sonarem dans ce projet, Feng Cheng, s\u2019est f\u00e9licit\u00e9 de la collaboration avec les autorit\u00e9s alg\u00e9riennes pour mener \u00e0 bien ce projet. Il a assur\u00e9 que l\u2019entreprise australienne fournira des technologies les plus avanc\u00e9es dans le secteur minier en Alg\u00e9rie.<\/p>\n\n\n\n<p>Notons que la soci\u00e9t\u00e9 mixte alg\u00e9ro-australienne \u00ab Western Mediterranean Zinc -WMZ-\u00ab , est charg\u00e9e de la r\u00e9alisation et de l\u2019exploitation du projet. La structure du capital de cette soci\u00e9t\u00e9 a \u00e9t\u00e9 reconfigur\u00e9 il y a quelques mois permettant ainsi \u00e0 la partie alg\u00e9rienne repr\u00e9sent\u00e9e par filiales du groupe Manadjim El-Djazair, l&rsquo;Entreprise nationale des produits miniers non-ferreux et des substances utiles (ENOF-SPA) et l&rsquo;Office national de recherche g\u00e9ologique et mini\u00e8re (ORGM) de d\u00e9tenir la majorit\u00e9 des parts \u00e0 51% de la soci\u00e9t\u00e9 contre 49% pour l&rsquo;entreprise australienne Terramin. Rappelons enfin que la soci\u00e9t\u00e9 en charge du projet a obtenu les permis d\u2019exploitation de la mine au mois de mai dernier, tandis que l\u2019ensemble des \u00e9tudes du projet ont \u00e9t\u00e9 finalis\u00e9es en juillet.<\/p>\n\n\n\n<p><strong>Sabrina Aziouez<\/strong><\/p>\n","protected":false},"excerpt":{"rendered":"<p>L\u2019un des trois grands projets du plan national de d\u00e9veloppement minier a \u00e9t\u00e9 lanc\u00e9. Le ministre de l\u2019\u00c9nergie et des<\/p>\n","protected":false},"author":3,"featured_media":18802,"comment_status":"open","ping_status":"closed","sticky":false,"template":"","format":"standard","meta":{"colormag_page_container_layout":"default_layout","colormag_page_sidebar_layout":"default_layout","om_disable_all_campaigns":false,"_monsterinsights_skip_tracking":false,"_monsterinsights_sitenote_active":false,"_monsterinsights_sitenote_note":"","_monsterinsights_sitenote_category":0,"footnotes":"","_wpscppro_dont_share_socialmedia":false,"_wpscppro_custom_social_share_image":0,"_facebook_share_type":"","_twitter_share_type":"","_linkedin_share_type":"","_pinterest_share_type":"","_linkedin_share_type_page":"","_instagram_share_type":"","_medium_share_type":"","_threads_share_type":"","_google_business_share_type":"","_selected_social_profile":[],"_wpsp_enable_custom_social_template":false,"_wpsp_social_scheduling":{"enabled":false,"datetime":null,"platforms":[],"status":"template_only","dateOption":"today","timeOption":"now","customDays":"","customHours":"","customDate":"","customTime":"","schedulingType":"absolute"},"_wpsp_active_default_template":true},"categories":[52,29],"tags":[],"class_list":["post-47006","post","type-post","status-publish","format-standard","has-post-thumbnail","hentry","category-a-la-une","category-economie"],"aioseo_notices":[],"yoast_head":"<!-- This site is optimized with the Yoast SEO plugin v27.4 - https:\/\/yoast.com\/product\/yoast-seo-wordpress\/ -->\n<title>Exploitation de la mine de zinc de B\u00e9ja\u00efa\u00a0: Le projet officiellement lanc\u00e9 - La Sentinelle<\/title>\n<meta name=\"robots\" content=\"index, follow, max-snippet:-1, max-image-preview:large, max-video-preview:-1\" \/>\n<link rel=\"canonical\" href=\"https:\/\/lasentinelle.dz\/index.php\/2023\/11\/11\/exploitation-de-la-mine-de-zinc-de-bejaia-le-projet-officiellement-lance\/\" \/>\n<meta property=\"og:locale\" content=\"fr_FR\" \/>\n<meta property=\"og:type\" content=\"article\" \/>\n<meta property=\"og:title\" content=\"Exploitation de la mine de zinc de B\u00e9ja\u00efa\u00a0: Le projet officiellement lanc\u00e9 - La Sentinelle\" \/>\n<meta property=\"og:description\" content=\"L\u2019un des trois grands projets du plan national de d\u00e9veloppement minier a \u00e9t\u00e9 lanc\u00e9. Le ministre de l\u2019\u00c9nergie et des\" \/>\n<meta property=\"og:url\" content=\"https:\/\/lasentinelle.dz\/index.php\/2023\/11\/11\/exploitation-de-la-mine-de-zinc-de-bejaia-le-projet-officiellement-lance\/\" \/>\n<meta property=\"og:site_name\" content=\"La Sentinelle\" \/>\n<meta property=\"article:publisher\" content=\"https:\/\/www.facebook.com\/La-Sentinelle-104059864394773\" \/>\n<meta property=\"article:published_time\" content=\"2023-11-11T21:04:01+00:00\" \/>\n<meta property=\"article:modified_time\" content=\"2023-11-11T21:18:49+00:00\" \/>\n<meta property=\"og:image\" content=\"https:\/\/lasentinelle.dz\/wp-content\/uploads\/2022\/03\/Mines.png\" \/>\n\t<meta property=\"og:image:width\" content=\"1200\" \/>\n\t<meta property=\"og:image:height\" content=\"900\" \/>\n\t<meta property=\"og:image:type\" content=\"image\/png\" \/>\n<meta name=\"author\" content=\"La Sentinelle\" \/>\n<meta name=\"twitter:card\" content=\"summary_large_image\" \/>\n<meta name=\"twitter:label1\" content=\"\u00c9crit par\" \/>\n\t<meta name=\"twitter:data1\" content=\"La Sentinelle\" \/>\n\t<meta name=\"twitter:label2\" content=\"Dur\u00e9e de lecture estim\u00e9e\" \/>\n\t<meta name=\"twitter:data2\" content=\"4 minutes\" \/>\n<script type=\"application\/ld+json\" class=\"yoast-schema-graph\">{\"@context\":\"https:\\\/\\\/schema.org\",\"@graph\":[{\"@type\":\"Article\",\"@id\":\"https:\\\/\\\/lasentinelle.dz\\\/index.php\\\/2023\\\/11\\\/11\\\/exploitation-de-la-mine-de-zinc-de-bejaia-le-projet-officiellement-lance\\\/#article\",\"isPartOf\":{\"@id\":\"https:\\\/\\\/lasentinelle.dz\\\/index.php\\\/2023\\\/11\\\/11\\\/exploitation-de-la-mine-de-zinc-de-bejaia-le-projet-officiellement-lance\\\/\"},\"author\":{\"name\":\"La Sentinelle\",\"@id\":\"https:\\\/\\\/lasentinelle.dz\\\/#\\\/schema\\\/person\\\/d865044e22e70a75174ce8bcad3acfb3\"},\"headline\":\"Exploitation de la mine de zinc de B\u00e9ja\u00efa\u00a0: Le projet officiellement lanc\u00e9\",\"datePublished\":\"2023-11-11T21:04:01+00:00\",\"dateModified\":\"2023-11-11T21:18:49+00:00\",\"mainEntityOfPage\":{\"@id\":\"https:\\\/\\\/lasentinelle.dz\\\/index.php\\\/2023\\\/11\\\/11\\\/exploitation-de-la-mine-de-zinc-de-bejaia-le-projet-officiellement-lance\\\/\"},\"wordCount\":785,\"commentCount\":0,\"publisher\":{\"@id\":\"https:\\\/\\\/lasentinelle.dz\\\/#organization\"},\"image\":{\"@id\":\"https:\\\/\\\/lasentinelle.dz\\\/index.php\\\/2023\\\/11\\\/11\\\/exploitation-de-la-mine-de-zinc-de-bejaia-le-projet-officiellement-lance\\\/#primaryimage\"},\"thumbnailUrl\":\"https:\\\/\\\/lasentinelle.dz\\\/wp-content\\\/uploads\\\/2022\\\/03\\\/Mines.png\",\"articleSection\":[\"\u00c0 la Une\",\"\u00c9conomie\"],\"inLanguage\":\"fr-FR\",\"potentialAction\":[{\"@type\":\"CommentAction\",\"name\":\"Comment\",\"target\":[\"https:\\\/\\\/lasentinelle.dz\\\/index.php\\\/2023\\\/11\\\/11\\\/exploitation-de-la-mine-de-zinc-de-bejaia-le-projet-officiellement-lance\\\/#respond\"]}]},{\"@type\":\"WebPage\",\"@id\":\"https:\\\/\\\/lasentinelle.dz\\\/index.php\\\/2023\\\/11\\\/11\\\/exploitation-de-la-mine-de-zinc-de-bejaia-le-projet-officiellement-lance\\\/\",\"url\":\"https:\\\/\\\/lasentinelle.dz\\\/index.php\\\/2023\\\/11\\\/11\\\/exploitation-de-la-mine-de-zinc-de-bejaia-le-projet-officiellement-lance\\\/\",\"name\":\"Exploitation de la mine de zinc de B\u00e9ja\u00efa\u00a0: Le projet officiellement lanc\u00e9 - La Sentinelle\",\"isPartOf\":{\"@id\":\"https:\\\/\\\/lasentinelle.dz\\\/#website\"},\"primaryImageOfPage\":{\"@id\":\"https:\\\/\\\/lasentinelle.dz\\\/index.php\\\/2023\\\/11\\\/11\\\/exploitation-de-la-mine-de-zinc-de-bejaia-le-projet-officiellement-lance\\\/#primaryimage\"},\"image\":{\"@id\":\"https:\\\/\\\/lasentinelle.dz\\\/index.php\\\/2023\\\/11\\\/11\\\/exploitation-de-la-mine-de-zinc-de-bejaia-le-projet-officiellement-lance\\\/#primaryimage\"},\"thumbnailUrl\":\"https:\\\/\\\/lasentinelle.dz\\\/wp-content\\\/uploads\\\/2022\\\/03\\\/Mines.png\",\"datePublished\":\"2023-11-11T21:04:01+00:00\",\"dateModified\":\"2023-11-11T21:18:49+00:00\",\"breadcrumb\":{\"@id\":\"https:\\\/\\\/lasentinelle.dz\\\/index.php\\\/2023\\\/11\\\/11\\\/exploitation-de-la-mine-de-zinc-de-bejaia-le-projet-officiellement-lance\\\/#breadcrumb\"},\"inLanguage\":\"fr-FR\",\"potentialAction\":[{\"@type\":\"ReadAction\",\"target\":[\"https:\\\/\\\/lasentinelle.dz\\\/index.php\\\/2023\\\/11\\\/11\\\/exploitation-de-la-mine-de-zinc-de-bejaia-le-projet-officiellement-lance\\\/\"]}]},{\"@type\":\"ImageObject\",\"inLanguage\":\"fr-FR\",\"@id\":\"https:\\\/\\\/lasentinelle.dz\\\/index.php\\\/2023\\\/11\\\/11\\\/exploitation-de-la-mine-de-zinc-de-bejaia-le-projet-officiellement-lance\\\/#primaryimage\",\"url\":\"https:\\\/\\\/lasentinelle.dz\\\/wp-content\\\/uploads\\\/2022\\\/03\\\/Mines.png\",\"contentUrl\":\"https:\\\/\\\/lasentinelle.dz\\\/wp-content\\\/uploads\\\/2022\\\/03\\\/Mines.png\",\"width\":1200,\"height\":900},{\"@type\":\"BreadcrumbList\",\"@id\":\"https:\\\/\\\/lasentinelle.dz\\\/index.php\\\/2023\\\/11\\\/11\\\/exploitation-de-la-mine-de-zinc-de-bejaia-le-projet-officiellement-lance\\\/#breadcrumb\",\"itemListElement\":[{\"@type\":\"ListItem\",\"position\":1,\"name\":\"Accueil\",\"item\":\"https:\\\/\\\/lasentinelle.dz\\\/\"},{\"@type\":\"ListItem\",\"position\":2,\"name\":\"Exploitation de la mine de zinc de B\u00e9ja\u00efa\u00a0: Le projet officiellement lanc\u00e9\"}]},{\"@type\":\"WebSite\",\"@id\":\"https:\\\/\\\/lasentinelle.dz\\\/#website\",\"url\":\"https:\\\/\\\/lasentinelle.dz\\\/\",\"name\":\"La Sentinelle\",\"description\":\"Quotidien national d&#039;information\",\"publisher\":{\"@id\":\"https:\\\/\\\/lasentinelle.dz\\\/#organization\"},\"potentialAction\":[{\"@type\":\"SearchAction\",\"target\":{\"@type\":\"EntryPoint\",\"urlTemplate\":\"https:\\\/\\\/lasentinelle.dz\\\/?s={search_term_string}\"},\"query-input\":{\"@type\":\"PropertyValueSpecification\",\"valueRequired\":true,\"valueName\":\"search_term_string\"}}],\"inLanguage\":\"fr-FR\"},{\"@type\":\"Organization\",\"@id\":\"https:\\\/\\\/lasentinelle.dz\\\/#organization\",\"name\":\"Quotidien La Sentinelle\",\"url\":\"https:\\\/\\\/lasentinelle.dz\\\/\",\"logo\":{\"@type\":\"ImageObject\",\"inLanguage\":\"fr-FR\",\"@id\":\"https:\\\/\\\/lasentinelle.dz\\\/#\\\/schema\\\/logo\\\/image\\\/\",\"url\":\"https:\\\/\\\/lasentinelle.dz\\\/wp-content\\\/uploads\\\/2021\\\/09\\\/logo-sentinelleSLOGAN-1.png\",\"contentUrl\":\"https:\\\/\\\/lasentinelle.dz\\\/wp-content\\\/uploads\\\/2021\\\/09\\\/logo-sentinelleSLOGAN-1.png\",\"width\":615,\"height\":142,\"caption\":\"Quotidien La Sentinelle\"},\"image\":{\"@id\":\"https:\\\/\\\/lasentinelle.dz\\\/#\\\/schema\\\/logo\\\/image\\\/\"},\"sameAs\":[\"https:\\\/\\\/www.facebook.com\\\/La-Sentinelle-104059864394773\"]},{\"@type\":\"Person\",\"@id\":\"https:\\\/\\\/lasentinelle.dz\\\/#\\\/schema\\\/person\\\/d865044e22e70a75174ce8bcad3acfb3\",\"name\":\"La Sentinelle\",\"image\":{\"@type\":\"ImageObject\",\"inLanguage\":\"fr-FR\",\"@id\":\"https:\\\/\\\/secure.gravatar.com\\\/avatar\\\/57de8e5d4b15d43fb361a71fbb36338450fe67865b528a43dd10ef7c51a20392?s=96&d=mm&r=g\",\"url\":\"https:\\\/\\\/secure.gravatar.com\\\/avatar\\\/57de8e5d4b15d43fb361a71fbb36338450fe67865b528a43dd10ef7c51a20392?s=96&d=mm&r=g\",\"contentUrl\":\"https:\\\/\\\/secure.gravatar.com\\\/avatar\\\/57de8e5d4b15d43fb361a71fbb36338450fe67865b528a43dd10ef7c51a20392?s=96&d=mm&r=g\",\"caption\":\"La Sentinelle\"},\"sameAs\":[\"http:\\\/\\\/www.lasentinelle.dz\"],\"url\":\"https:\\\/\\\/lasentinelle.dz\\\/author\\\/redaction\\\/\"}]}<\/script>\n<!-- \/ Yoast SEO plugin. -->","yoast_head_json":{"title":"Exploitation de la mine de zinc de B\u00e9ja\u00efa\u00a0: Le projet officiellement lanc\u00e9 - La Sentinelle","robots":{"index":"index","follow":"follow","max-snippet":"max-snippet:-1","max-image-preview":"max-image-preview:large","max-video-preview":"max-video-preview:-1"},"canonical":"https:\/\/lasentinelle.dz\/index.php\/2023\/11\/11\/exploitation-de-la-mine-de-zinc-de-bejaia-le-projet-officiellement-lance\/","og_locale":"fr_FR","og_type":"article","og_title":"Exploitation de la mine de zinc de B\u00e9ja\u00efa\u00a0: Le projet officiellement lanc\u00e9 - La Sentinelle","og_description":"L\u2019un des trois grands projets du plan national de d\u00e9veloppement minier a \u00e9t\u00e9 lanc\u00e9. Le ministre de l\u2019\u00c9nergie et des","og_url":"https:\/\/lasentinelle.dz\/index.php\/2023\/11\/11\/exploitation-de-la-mine-de-zinc-de-bejaia-le-projet-officiellement-lance\/","og_site_name":"La Sentinelle","article_publisher":"https:\/\/www.facebook.com\/La-Sentinelle-104059864394773","article_published_time":"2023-11-11T21:04:01+00:00","article_modified_time":"2023-11-11T21:18:49+00:00","og_image":[{"width":1200,"height":900,"url":"https:\/\/lasentinelle.dz\/wp-content\/uploads\/2022\/03\/Mines.png","type":"image\/png"}],"author":"La Sentinelle","twitter_card":"summary_large_image","twitter_misc":{"\u00c9crit par":"La Sentinelle","Dur\u00e9e de lecture estim\u00e9e":"4 minutes"},"schema":{"@context":"https:\/\/schema.org","@graph":[{"@type":"Article","@id":"https:\/\/lasentinelle.dz\/index.php\/2023\/11\/11\/exploitation-de-la-mine-de-zinc-de-bejaia-le-projet-officiellement-lance\/#article","isPartOf":{"@id":"https:\/\/lasentinelle.dz\/index.php\/2023\/11\/11\/exploitation-de-la-mine-de-zinc-de-bejaia-le-projet-officiellement-lance\/"},"author":{"name":"La Sentinelle","@id":"https:\/\/lasentinelle.dz\/#\/schema\/person\/d865044e22e70a75174ce8bcad3acfb3"},"headline":"Exploitation de la mine de zinc de B\u00e9ja\u00efa\u00a0: Le projet officiellement lanc\u00e9","datePublished":"2023-11-11T21:04:01+00:00","dateModified":"2023-11-11T21:18:49+00:00","mainEntityOfPage":{"@id":"https:\/\/lasentinelle.dz\/index.php\/2023\/11\/11\/exploitation-de-la-mine-de-zinc-de-bejaia-le-projet-officiellement-lance\/"},"wordCount":785,"commentCount":0,"publisher":{"@id":"https:\/\/lasentinelle.dz\/#organization"},"image":{"@id":"https:\/\/lasentinelle.dz\/index.php\/2023\/11\/11\/exploitation-de-la-mine-de-zinc-de-bejaia-le-projet-officiellement-lance\/#primaryimage"},"thumbnailUrl":"https:\/\/lasentinelle.dz\/wp-content\/uploads\/2022\/03\/Mines.png","articleSection":["\u00c0 la Une","\u00c9conomie"],"inLanguage":"fr-FR","potentialAction":[{"@type":"CommentAction","name":"Comment","target":["https:\/\/lasentinelle.dz\/index.php\/2023\/11\/11\/exploitation-de-la-mine-de-zinc-de-bejaia-le-projet-officiellement-lance\/#respond"]}]},{"@type":"WebPage","@id":"https:\/\/lasentinelle.dz\/index.php\/2023\/11\/11\/exploitation-de-la-mine-de-zinc-de-bejaia-le-projet-officiellement-lance\/","url":"https:\/\/lasentinelle.dz\/index.php\/2023\/11\/11\/exploitation-de-la-mine-de-zinc-de-bejaia-le-projet-officiellement-lance\/","name":"Exploitation de la mine de zinc de B\u00e9ja\u00efa\u00a0: Le projet officiellement lanc\u00e9 - La Sentinelle","isPartOf":{"@id":"https:\/\/lasentinelle.dz\/#website"},"primaryImageOfPage":{"@id":"https:\/\/lasentinelle.dz\/index.php\/2023\/11\/11\/exploitation-de-la-mine-de-zinc-de-bejaia-le-projet-officiellement-lance\/#primaryimage"},"image":{"@id":"https:\/\/lasentinelle.dz\/index.php\/2023\/11\/11\/exploitation-de-la-mine-de-zinc-de-bejaia-le-projet-officiellement-lance\/#primaryimage"},"thumbnailUrl":"https:\/\/lasentinelle.dz\/wp-content\/uploads\/2022\/03\/Mines.png","datePublished":"2023-11-11T21:04:01+00:00","dateModified":"2023-11-11T21:18:49+00:00","breadcrumb":{"@id":"https:\/\/lasentinelle.dz\/index.php\/2023\/11\/11\/exploitation-de-la-mine-de-zinc-de-bejaia-le-projet-officiellement-lance\/#breadcrumb"},"inLanguage":"fr-FR","potentialAction":[{"@type":"ReadAction","target":["https:\/\/lasentinelle.dz\/index.php\/2023\/11\/11\/exploitation-de-la-mine-de-zinc-de-bejaia-le-projet-officiellement-lance\/"]}]},{"@type":"ImageObject","inLanguage":"fr-FR","@id":"https:\/\/lasentinelle.dz\/index.php\/2023\/11\/11\/exploitation-de-la-mine-de-zinc-de-bejaia-le-projet-officiellement-lance\/#primaryimage","url":"https:\/\/lasentinelle.dz\/wp-content\/uploads\/2022\/03\/Mines.png","contentUrl":"https:\/\/lasentinelle.dz\/wp-content\/uploads\/2022\/03\/Mines.png","width":1200,"height":900},{"@type":"BreadcrumbList","@id":"https:\/\/lasentinelle.dz\/index.php\/2023\/11\/11\/exploitation-de-la-mine-de-zinc-de-bejaia-le-projet-officiellement-lance\/#breadcrumb","itemListElement":[{"@type":"ListItem","position":1,"name":"Accueil","item":"https:\/\/lasentinelle.dz\/"},{"@type":"ListItem","position":2,"name":"Exploitation de la mine de zinc de B\u00e9ja\u00efa\u00a0: Le projet officiellement lanc\u00e9"}]},{"@type":"WebSite","@id":"https:\/\/lasentinelle.dz\/#website","url":"https:\/\/lasentinelle.dz\/","name":"La Sentinelle","description":"Quotidien national d&#039;information","publisher":{"@id":"https:\/\/lasentinelle.dz\/#organization"},"potentialAction":[{"@type":"SearchAction","target":{"@type":"EntryPoint","urlTemplate":"https:\/\/lasentinelle.dz\/?s={search_term_string}"},"query-input":{"@type":"PropertyValueSpecification","valueRequired":true,"valueName":"search_term_string"}}],"inLanguage":"fr-FR"},{"@type":"Organization","@id":"https:\/\/lasentinelle.dz\/#organization","name":"Quotidien La Sentinelle","url":"https:\/\/lasentinelle.dz\/","logo":{"@type":"ImageObject","inLanguage":"fr-FR","@id":"https:\/\/lasentinelle.dz\/#\/schema\/logo\/image\/","url":"https:\/\/lasentinelle.dz\/wp-content\/uploads\/2021\/09\/logo-sentinelleSLOGAN-1.png","contentUrl":"https:\/\/lasentinelle.dz\/wp-content\/uploads\/2021\/09\/logo-sentinelleSLOGAN-1.png","width":615,"height":142,"caption":"Quotidien La Sentinelle"},"image":{"@id":"https:\/\/lasentinelle.dz\/#\/schema\/logo\/image\/"},"sameAs":["https:\/\/www.facebook.com\/La-Sentinelle-104059864394773"]},{"@type":"Person","@id":"https:\/\/lasentinelle.dz\/#\/schema\/person\/d865044e22e70a75174ce8bcad3acfb3","name":"La Sentinelle","image":{"@type":"ImageObject","inLanguage":"fr-FR","@id":"https:\/\/secure.gravatar.com\/avatar\/57de8e5d4b15d43fb361a71fbb36338450fe67865b528a43dd10ef7c51a20392?s=96&d=mm&r=g","url":"https:\/\/secure.gravatar.com\/avatar\/57de8e5d4b15d43fb361a71fbb36338450fe67865b528a43dd10ef7c51a20392?s=96&d=mm&r=g","contentUrl":"https:\/\/secure.gravatar.com\/avatar\/57de8e5d4b15d43fb361a71fbb36338450fe67865b528a43dd10ef7c51a20392?s=96&d=mm&r=g","caption":"La Sentinelle"},"sameAs":["http:\/\/www.lasentinelle.dz"],"url":"https:\/\/lasentinelle.dz\/author\/redaction\/"}]}},"_links":{"self":[{"href":"https:\/\/lasentinelle.dz\/index.php\/wp-json\/wp\/v2\/posts\/47006","targetHints":{"allow":["GET"]}}],"collection":[{"href":"https:\/\/lasentinelle.dz\/index.php\/wp-json\/wp\/v2\/posts"}],"about":[{"href":"https:\/\/lasentinelle.dz\/index.php\/wp-json\/wp\/v2\/types\/post"}],"author":[{"embeddable":true,"href":"https:\/\/lasentinelle.dz\/index.php\/wp-json\/wp\/v2\/users\/3"}],"replies":[{"embeddable":true,"href":"https:\/\/lasentinelle.dz\/index.php\/wp-json\/wp\/v2\/comments?post=47006"}],"version-history":[{"count":1,"href":"https:\/\/lasentinelle.dz\/index.php\/wp-json\/wp\/v2\/posts\/47006\/revisions"}],"predecessor-version":[{"id":47007,"href":"https:\/\/lasentinelle.dz\/index.php\/wp-json\/wp\/v2\/posts\/47006\/revisions\/47007"}],"wp:featuredmedia":[{"embeddable":true,"href":"https:\/\/lasentinelle.dz\/index.php\/wp-json\/wp\/v2\/media\/18802"}],"wp:attachment":[{"href":"https:\/\/lasentinelle.dz\/index.php\/wp-json\/wp\/v2\/media?parent=47006"}],"wp:term":[{"taxonomy":"category","embeddable":true,"href":"https:\/\/lasentinelle.dz\/index.php\/wp-json\/wp\/v2\/categories?post=47006"},{"taxonomy":"post_tag","embeddable":true,"href":"https:\/\/lasentinelle.dz\/index.php\/wp-json\/wp\/v2\/tags?post=47006"}],"curies":[{"name":"wp","href":"https:\/\/api.w.org\/{rel}","templated":true}]}}