{"id":47028,"date":"2023-11-12T21:02:30","date_gmt":"2023-11-12T20:02:30","guid":{"rendered":"https:\/\/lasentinelle.dz\/?p=47028"},"modified":"2023-11-12T21:02:33","modified_gmt":"2023-11-12T20:02:33","slug":"entrepreneuriat-une-campagne-de-sensibilisation-au-sein-des-universites","status":"publish","type":"post","link":"https:\/\/lasentinelle.dz\/index.php\/2023\/11\/12\/entrepreneuriat-une-campagne-de-sensibilisation-au-sein-des-universites\/","title":{"rendered":"Entrepreneuriat\u00a0: Une campagne de sensibilisation au sein des universit\u00e9s"},"content":{"rendered":"\n<p>Le minist\u00e8re de l\u2019Enseignement sup\u00e9rieur et de la Recherche scientifique entend bien ancrer l\u2019esprit entrepreneurial au sein des \u00e9tudiants. En plus des mesures prises afin d\u2019encourager les universitaires \u00e0 cr\u00e9er des PME, notamment \u00e0 travers l\u2019institution d\u2019un dipl\u00f4me start-ups, le d\u00e9partement de Kamel Badari entend saisir l\u2019occasion de la semaine de l\u2019entrepreneuriat afin de sensibiliser les \u00e9tudiants sur la question. C\u2019est ainsi qu\u2019une campagne nationale de sensibilisation sur l&rsquo;entrepreneuriat a \u00e9t\u00e9 lanc\u00e9e, hier, au profit d&rsquo;un million d&rsquo;\u00e9tudiants universitaires \u00e0 travers les \u00e9tablissements du secteur de l&rsquo;enseignement sup\u00e9rieur et de la recherche scientifique.<\/p>\n\n\n\n<p>Pr\u00e9sidant le coup d&rsquo;envoi de cette campagne pr\u00e9vue jusqu&rsquo;au 19 novembre en cours et donn\u00e9 \u00e0 partir de la Maison de l&rsquo;intelligence artificielle \u00e0 l&rsquo;Universit\u00e9 d&rsquo;Alger 1 Benyoucef Benkhedda, le recteur de l&rsquo;Universit\u00e9, Fares Mokhtari et la secr\u00e9taire g\u00e9n\u00e9rale du minist\u00e8re de l&rsquo;Economie de la connaissance, des Startup et des Micro-entreprises, Nassima Rehab ont affirm\u00e9 que cet \u00e9v\u00e8nement co\u00efncidant avec la Semaine mondiale de l&rsquo;entrepreneuriat, \u00ab\u00a0s&rsquo;inscrit dans le cadre de la mise en \u0153uvre du programme annuel 2023-2024 visant \u00e0 accompagner les \u00e9tudiants universitaires dans leurs projets de fin d&rsquo;\u00e9tude afin de cr\u00e9er des startup et des micro-entreprises apr\u00e8s l&rsquo;obtention du label\u00a0\u00bb. M.Mokhtari a pr\u00e9cis\u00e9 que l&rsquo;organisation de cette campagne vise \u00e0 \u00ab\u00a0diffuser la culture de l&rsquo;entrepreneuriat en milieu universitaire \u00e0 travers l&rsquo;explication des m\u00e9canismes et des diff\u00e9rentes proc\u00e9dures \u00e0 suivre par l&rsquo;\u00e9tudiant pour cr\u00e9er sa propre startup ou micro-entreprise et partant, cr\u00e9er des postes d&#8217;emploi et passer de dipl\u00f4m\u00e9 universitaire chercheur d&#8217;emploi \u00e0 propri\u00e9taire d&rsquo;entreprise\u00a0\u00bb. Pour sa part, Mme Rehab a indiqu\u00e9 que les \u00e9tudiants \u00ab\u00a0recevront durant cette campagne des explications sur les \u00e9tapes de cr\u00e9ation des startup ou des micro-entreprises, les modalit\u00e9s d&rsquo;obtention du label, du registre de commerce et de cotisation aux caisses d&rsquo;assurance et les facilitations accord\u00e9es par les dispositifs d&rsquo;aide et de financement, en sus de conf\u00e9rences sur l&rsquo;\u00e9tude de faisabilit\u00e9 des microprojets, la propri\u00e9t\u00e9 intellectuelle et la valorisation des r\u00e9sultats de recherche\u00a0\u00bb.<\/p>\n\n\n\n<p>R.N.<\/p>\n","protected":false},"excerpt":{"rendered":"<p>Le minist\u00e8re de l\u2019Enseignement sup\u00e9rieur et de la Recherche scientifique entend bien ancrer l\u2019esprit entrepreneurial au sein des \u00e9tudiants. En<\/p>\n","protected":false},"author":3,"featured_media":47029,"comment_status":"open","ping_status":"closed","sticky":false,"template":"","format":"standard","meta":{"colormag_page_container_layout":"default_layout","colormag_page_sidebar_layout":"default_layout","om_disable_all_campaigns":false,"_monsterinsights_skip_tracking":false,"_monsterinsights_sitenote_active":false,"_monsterinsights_sitenote_note":"","_monsterinsights_sitenote_category":0,"footnotes":"","_wpscppro_dont_share_socialmedia":false,"_wpscppro_custom_social_share_image":0,"_facebook_share_type":"","_twitter_share_type":"","_linkedin_share_type":"","_pinterest_share_type":"","_linkedin_share_type_page":"","_instagram_share_type":"","_medium_share_type":"","_threads_share_type":"","_google_business_share_type":"","_selected_social_profile":[],"_wpsp_enable_custom_social_template":false,"_wpsp_social_scheduling":{"enabled":false,"datetime":null,"platforms":[],"status":"template_only","dateOption":"today","timeOption":"now","customDays":"","customHours":"","customDate":"","customTime":"","schedulingType":"absolute"},"_wpsp_active_default_template":true},"categories":[27],"tags":[],"class_list":["post-47028","post","type-post","status-publish","format-standard","has-post-thumbnail","hentry","category-actualite"],"aioseo_notices":[],"yoast_head":"<!-- This site is optimized with the Yoast SEO plugin v27.5 - https:\/\/yoast.com\/product\/yoast-seo-wordpress\/ -->\n<title>Entrepreneuriat\u00a0: Une campagne de sensibilisation au sein des universit\u00e9s - La Sentinelle<\/title>\n<meta name=\"robots\" content=\"index, follow, max-snippet:-1, max-image-preview:large, max-video-preview:-1\" \/>\n<link rel=\"canonical\" href=\"https:\/\/lasentinelle.dz\/index.php\/2023\/11\/12\/entrepreneuriat-une-campagne-de-sensibilisation-au-sein-des-universites\/\" \/>\n<meta property=\"og:locale\" content=\"fr_FR\" \/>\n<meta property=\"og:type\" content=\"article\" \/>\n<meta property=\"og:title\" content=\"Entrepreneuriat\u00a0: Une campagne de sensibilisation au sein des universit\u00e9s - La Sentinelle\" \/>\n<meta property=\"og:description\" content=\"Le minist\u00e8re de l\u2019Enseignement sup\u00e9rieur et de la Recherche scientifique entend bien ancrer l\u2019esprit entrepreneurial au sein des \u00e9tudiants. En\" \/>\n<meta property=\"og:url\" content=\"https:\/\/lasentinelle.dz\/index.php\/2023\/11\/12\/entrepreneuriat-une-campagne-de-sensibilisation-au-sein-des-universites\/\" \/>\n<meta property=\"og:site_name\" content=\"La Sentinelle\" \/>\n<meta property=\"article:publisher\" content=\"https:\/\/www.facebook.com\/La-Sentinelle-104059864394773\" \/>\n<meta property=\"article:published_time\" content=\"2023-11-12T20:02:30+00:00\" \/>\n<meta property=\"article:modified_time\" content=\"2023-11-12T20:02:33+00:00\" \/>\n<meta property=\"og:image\" content=\"https:\/\/lasentinelle.dz\/wp-content\/uploads\/2023\/11\/entrepreneuriat.jpeg\" \/>\n\t<meta property=\"og:image:width\" content=\"869\" \/>\n\t<meta property=\"og:image:height\" content=\"546\" \/>\n\t<meta property=\"og:image:type\" content=\"image\/jpeg\" \/>\n<meta name=\"author\" content=\"La Sentinelle\" \/>\n<meta name=\"twitter:card\" content=\"summary_large_image\" \/>\n<meta name=\"twitter:label1\" content=\"\u00c9crit par\" \/>\n\t<meta name=\"twitter:data1\" content=\"La Sentinelle\" \/>\n\t<meta name=\"twitter:label2\" content=\"Dur\u00e9e de lecture estim\u00e9e\" \/>\n\t<meta name=\"twitter:data2\" content=\"2 minutes\" \/>\n<script type=\"application\/ld+json\" class=\"yoast-schema-graph\">{\"@context\":\"https:\\\/\\\/schema.org\",\"@graph\":[{\"@type\":\"Article\",\"@id\":\"https:\\\/\\\/lasentinelle.dz\\\/index.php\\\/2023\\\/11\\\/12\\\/entrepreneuriat-une-campagne-de-sensibilisation-au-sein-des-universites\\\/#article\",\"isPartOf\":{\"@id\":\"https:\\\/\\\/lasentinelle.dz\\\/index.php\\\/2023\\\/11\\\/12\\\/entrepreneuriat-une-campagne-de-sensibilisation-au-sein-des-universites\\\/\"},\"author\":{\"name\":\"La Sentinelle\",\"@id\":\"https:\\\/\\\/lasentinelle.dz\\\/#\\\/schema\\\/person\\\/d865044e22e70a75174ce8bcad3acfb3\"},\"headline\":\"Entrepreneuriat\u00a0: Une campagne de sensibilisation au sein des universit\u00e9s\",\"datePublished\":\"2023-11-12T20:02:30+00:00\",\"dateModified\":\"2023-11-12T20:02:33+00:00\",\"mainEntityOfPage\":{\"@id\":\"https:\\\/\\\/lasentinelle.dz\\\/index.php\\\/2023\\\/11\\\/12\\\/entrepreneuriat-une-campagne-de-sensibilisation-au-sein-des-universites\\\/\"},\"wordCount\":388,\"commentCount\":0,\"publisher\":{\"@id\":\"https:\\\/\\\/lasentinelle.dz\\\/#organization\"},\"image\":{\"@id\":\"https:\\\/\\\/lasentinelle.dz\\\/index.php\\\/2023\\\/11\\\/12\\\/entrepreneuriat-une-campagne-de-sensibilisation-au-sein-des-universites\\\/#primaryimage\"},\"thumbnailUrl\":\"https:\\\/\\\/lasentinelle.dz\\\/wp-content\\\/uploads\\\/2023\\\/11\\\/entrepreneuriat.jpeg\",\"articleSection\":[\"Actualit\u00e9\"],\"inLanguage\":\"fr-FR\",\"potentialAction\":[{\"@type\":\"CommentAction\",\"name\":\"Comment\",\"target\":[\"https:\\\/\\\/lasentinelle.dz\\\/index.php\\\/2023\\\/11\\\/12\\\/entrepreneuriat-une-campagne-de-sensibilisation-au-sein-des-universites\\\/#respond\"]}]},{\"@type\":\"WebPage\",\"@id\":\"https:\\\/\\\/lasentinelle.dz\\\/index.php\\\/2023\\\/11\\\/12\\\/entrepreneuriat-une-campagne-de-sensibilisation-au-sein-des-universites\\\/\",\"url\":\"https:\\\/\\\/lasentinelle.dz\\\/index.php\\\/2023\\\/11\\\/12\\\/entrepreneuriat-une-campagne-de-sensibilisation-au-sein-des-universites\\\/\",\"name\":\"Entrepreneuriat\u00a0: Une campagne de sensibilisation au sein des universit\u00e9s - La Sentinelle\",\"isPartOf\":{\"@id\":\"https:\\\/\\\/lasentinelle.dz\\\/#website\"},\"primaryImageOfPage\":{\"@id\":\"https:\\\/\\\/lasentinelle.dz\\\/index.php\\\/2023\\\/11\\\/12\\\/entrepreneuriat-une-campagne-de-sensibilisation-au-sein-des-universites\\\/#primaryimage\"},\"image\":{\"@id\":\"https:\\\/\\\/lasentinelle.dz\\\/index.php\\\/2023\\\/11\\\/12\\\/entrepreneuriat-une-campagne-de-sensibilisation-au-sein-des-universites\\\/#primaryimage\"},\"thumbnailUrl\":\"https:\\\/\\\/lasentinelle.dz\\\/wp-content\\\/uploads\\\/2023\\\/11\\\/entrepreneuriat.jpeg\",\"datePublished\":\"2023-11-12T20:02:30+00:00\",\"dateModified\":\"2023-11-12T20:02:33+00:00\",\"breadcrumb\":{\"@id\":\"https:\\\/\\\/lasentinelle.dz\\\/index.php\\\/2023\\\/11\\\/12\\\/entrepreneuriat-une-campagne-de-sensibilisation-au-sein-des-universites\\\/#breadcrumb\"},\"inLanguage\":\"fr-FR\",\"potentialAction\":[{\"@type\":\"ReadAction\",\"target\":[\"https:\\\/\\\/lasentinelle.dz\\\/index.php\\\/2023\\\/11\\\/12\\\/entrepreneuriat-une-campagne-de-sensibilisation-au-sein-des-universites\\\/\"]}]},{\"@type\":\"ImageObject\",\"inLanguage\":\"fr-FR\",\"@id\":\"https:\\\/\\\/lasentinelle.dz\\\/index.php\\\/2023\\\/11\\\/12\\\/entrepreneuriat-une-campagne-de-sensibilisation-au-sein-des-universites\\\/#primaryimage\",\"url\":\"https:\\\/\\\/lasentinelle.dz\\\/wp-content\\\/uploads\\\/2023\\\/11\\\/entrepreneuriat.jpeg\",\"contentUrl\":\"https:\\\/\\\/lasentinelle.dz\\\/wp-content\\\/uploads\\\/2023\\\/11\\\/entrepreneuriat.jpeg\",\"width\":869,\"height\":546},{\"@type\":\"BreadcrumbList\",\"@id\":\"https:\\\/\\\/lasentinelle.dz\\\/index.php\\\/2023\\\/11\\\/12\\\/entrepreneuriat-une-campagne-de-sensibilisation-au-sein-des-universites\\\/#breadcrumb\",\"itemListElement\":[{\"@type\":\"ListItem\",\"position\":1,\"name\":\"Accueil\",\"item\":\"https:\\\/\\\/lasentinelle.dz\\\/\"},{\"@type\":\"ListItem\",\"position\":2,\"name\":\"Entrepreneuriat\u00a0: Une campagne de sensibilisation au sein des universit\u00e9s\"}]},{\"@type\":\"WebSite\",\"@id\":\"https:\\\/\\\/lasentinelle.dz\\\/#website\",\"url\":\"https:\\\/\\\/lasentinelle.dz\\\/\",\"name\":\"La Sentinelle\",\"description\":\"Quotidien national d&#039;information\",\"publisher\":{\"@id\":\"https:\\\/\\\/lasentinelle.dz\\\/#organization\"},\"potentialAction\":[{\"@type\":\"SearchAction\",\"target\":{\"@type\":\"EntryPoint\",\"urlTemplate\":\"https:\\\/\\\/lasentinelle.dz\\\/?s={search_term_string}\"},\"query-input\":{\"@type\":\"PropertyValueSpecification\",\"valueRequired\":true,\"valueName\":\"search_term_string\"}}],\"inLanguage\":\"fr-FR\"},{\"@type\":\"Organization\",\"@id\":\"https:\\\/\\\/lasentinelle.dz\\\/#organization\",\"name\":\"Quotidien La Sentinelle\",\"url\":\"https:\\\/\\\/lasentinelle.dz\\\/\",\"logo\":{\"@type\":\"ImageObject\",\"inLanguage\":\"fr-FR\",\"@id\":\"https:\\\/\\\/lasentinelle.dz\\\/#\\\/schema\\\/logo\\\/image\\\/\",\"url\":\"https:\\\/\\\/lasentinelle.dz\\\/wp-content\\\/uploads\\\/2021\\\/09\\\/logo-sentinelleSLOGAN-1.png\",\"contentUrl\":\"https:\\\/\\\/lasentinelle.dz\\\/wp-content\\\/uploads\\\/2021\\\/09\\\/logo-sentinelleSLOGAN-1.png\",\"width\":615,\"height\":142,\"caption\":\"Quotidien La Sentinelle\"},\"image\":{\"@id\":\"https:\\\/\\\/lasentinelle.dz\\\/#\\\/schema\\\/logo\\\/image\\\/\"},\"sameAs\":[\"https:\\\/\\\/www.facebook.com\\\/La-Sentinelle-104059864394773\"]},{\"@type\":\"Person\",\"@id\":\"https:\\\/\\\/lasentinelle.dz\\\/#\\\/schema\\\/person\\\/d865044e22e70a75174ce8bcad3acfb3\",\"name\":\"La Sentinelle\",\"image\":{\"@type\":\"ImageObject\",\"inLanguage\":\"fr-FR\",\"@id\":\"https:\\\/\\\/secure.gravatar.com\\\/avatar\\\/57de8e5d4b15d43fb361a71fbb36338450fe67865b528a43dd10ef7c51a20392?s=96&d=mm&r=g\",\"url\":\"https:\\\/\\\/secure.gravatar.com\\\/avatar\\\/57de8e5d4b15d43fb361a71fbb36338450fe67865b528a43dd10ef7c51a20392?s=96&d=mm&r=g\",\"contentUrl\":\"https:\\\/\\\/secure.gravatar.com\\\/avatar\\\/57de8e5d4b15d43fb361a71fbb36338450fe67865b528a43dd10ef7c51a20392?s=96&d=mm&r=g\",\"caption\":\"La Sentinelle\"},\"sameAs\":[\"http:\\\/\\\/www.lasentinelle.dz\"],\"url\":\"https:\\\/\\\/lasentinelle.dz\\\/author\\\/redaction\\\/\"}]}<\/script>\n<!-- \/ Yoast SEO plugin. -->","yoast_head_json":{"title":"Entrepreneuriat\u00a0: Une campagne de sensibilisation au sein des universit\u00e9s - La Sentinelle","robots":{"index":"index","follow":"follow","max-snippet":"max-snippet:-1","max-image-preview":"max-image-preview:large","max-video-preview":"max-video-preview:-1"},"canonical":"https:\/\/lasentinelle.dz\/index.php\/2023\/11\/12\/entrepreneuriat-une-campagne-de-sensibilisation-au-sein-des-universites\/","og_locale":"fr_FR","og_type":"article","og_title":"Entrepreneuriat\u00a0: Une campagne de sensibilisation au sein des universit\u00e9s - La Sentinelle","og_description":"Le minist\u00e8re de l\u2019Enseignement sup\u00e9rieur et de la Recherche scientifique entend bien ancrer l\u2019esprit entrepreneurial au sein des \u00e9tudiants. En","og_url":"https:\/\/lasentinelle.dz\/index.php\/2023\/11\/12\/entrepreneuriat-une-campagne-de-sensibilisation-au-sein-des-universites\/","og_site_name":"La Sentinelle","article_publisher":"https:\/\/www.facebook.com\/La-Sentinelle-104059864394773","article_published_time":"2023-11-12T20:02:30+00:00","article_modified_time":"2023-11-12T20:02:33+00:00","og_image":[{"width":869,"height":546,"url":"https:\/\/lasentinelle.dz\/wp-content\/uploads\/2023\/11\/entrepreneuriat.jpeg","type":"image\/jpeg"}],"author":"La Sentinelle","twitter_card":"summary_large_image","twitter_misc":{"\u00c9crit par":"La Sentinelle","Dur\u00e9e de lecture estim\u00e9e":"2 minutes"},"schema":{"@context":"https:\/\/schema.org","@graph":[{"@type":"Article","@id":"https:\/\/lasentinelle.dz\/index.php\/2023\/11\/12\/entrepreneuriat-une-campagne-de-sensibilisation-au-sein-des-universites\/#article","isPartOf":{"@id":"https:\/\/lasentinelle.dz\/index.php\/2023\/11\/12\/entrepreneuriat-une-campagne-de-sensibilisation-au-sein-des-universites\/"},"author":{"name":"La Sentinelle","@id":"https:\/\/lasentinelle.dz\/#\/schema\/person\/d865044e22e70a75174ce8bcad3acfb3"},"headline":"Entrepreneuriat\u00a0: Une campagne de sensibilisation au sein des universit\u00e9s","datePublished":"2023-11-12T20:02:30+00:00","dateModified":"2023-11-12T20:02:33+00:00","mainEntityOfPage":{"@id":"https:\/\/lasentinelle.dz\/index.php\/2023\/11\/12\/entrepreneuriat-une-campagne-de-sensibilisation-au-sein-des-universites\/"},"wordCount":388,"commentCount":0,"publisher":{"@id":"https:\/\/lasentinelle.dz\/#organization"},"image":{"@id":"https:\/\/lasentinelle.dz\/index.php\/2023\/11\/12\/entrepreneuriat-une-campagne-de-sensibilisation-au-sein-des-universites\/#primaryimage"},"thumbnailUrl":"https:\/\/lasentinelle.dz\/wp-content\/uploads\/2023\/11\/entrepreneuriat.jpeg","articleSection":["Actualit\u00e9"],"inLanguage":"fr-FR","potentialAction":[{"@type":"CommentAction","name":"Comment","target":["https:\/\/lasentinelle.dz\/index.php\/2023\/11\/12\/entrepreneuriat-une-campagne-de-sensibilisation-au-sein-des-universites\/#respond"]}]},{"@type":"WebPage","@id":"https:\/\/lasentinelle.dz\/index.php\/2023\/11\/12\/entrepreneuriat-une-campagne-de-sensibilisation-au-sein-des-universites\/","url":"https:\/\/lasentinelle.dz\/index.php\/2023\/11\/12\/entrepreneuriat-une-campagne-de-sensibilisation-au-sein-des-universites\/","name":"Entrepreneuriat\u00a0: Une campagne de sensibilisation au sein des universit\u00e9s - La Sentinelle","isPartOf":{"@id":"https:\/\/lasentinelle.dz\/#website"},"primaryImageOfPage":{"@id":"https:\/\/lasentinelle.dz\/index.php\/2023\/11\/12\/entrepreneuriat-une-campagne-de-sensibilisation-au-sein-des-universites\/#primaryimage"},"image":{"@id":"https:\/\/lasentinelle.dz\/index.php\/2023\/11\/12\/entrepreneuriat-une-campagne-de-sensibilisation-au-sein-des-universites\/#primaryimage"},"thumbnailUrl":"https:\/\/lasentinelle.dz\/wp-content\/uploads\/2023\/11\/entrepreneuriat.jpeg","datePublished":"2023-11-12T20:02:30+00:00","dateModified":"2023-11-12T20:02:33+00:00","breadcrumb":{"@id":"https:\/\/lasentinelle.dz\/index.php\/2023\/11\/12\/entrepreneuriat-une-campagne-de-sensibilisation-au-sein-des-universites\/#breadcrumb"},"inLanguage":"fr-FR","potentialAction":[{"@type":"ReadAction","target":["https:\/\/lasentinelle.dz\/index.php\/2023\/11\/12\/entrepreneuriat-une-campagne-de-sensibilisation-au-sein-des-universites\/"]}]},{"@type":"ImageObject","inLanguage":"fr-FR","@id":"https:\/\/lasentinelle.dz\/index.php\/2023\/11\/12\/entrepreneuriat-une-campagne-de-sensibilisation-au-sein-des-universites\/#primaryimage","url":"https:\/\/lasentinelle.dz\/wp-content\/uploads\/2023\/11\/entrepreneuriat.jpeg","contentUrl":"https:\/\/lasentinelle.dz\/wp-content\/uploads\/2023\/11\/entrepreneuriat.jpeg","width":869,"height":546},{"@type":"BreadcrumbList","@id":"https:\/\/lasentinelle.dz\/index.php\/2023\/11\/12\/entrepreneuriat-une-campagne-de-sensibilisation-au-sein-des-universites\/#breadcrumb","itemListElement":[{"@type":"ListItem","position":1,"name":"Accueil","item":"https:\/\/lasentinelle.dz\/"},{"@type":"ListItem","position":2,"name":"Entrepreneuriat\u00a0: Une campagne de sensibilisation au sein des universit\u00e9s"}]},{"@type":"WebSite","@id":"https:\/\/lasentinelle.dz\/#website","url":"https:\/\/lasentinelle.dz\/","name":"La Sentinelle","description":"Quotidien national d&#039;information","publisher":{"@id":"https:\/\/lasentinelle.dz\/#organization"},"potentialAction":[{"@type":"SearchAction","target":{"@type":"EntryPoint","urlTemplate":"https:\/\/lasentinelle.dz\/?s={search_term_string}"},"query-input":{"@type":"PropertyValueSpecification","valueRequired":true,"valueName":"search_term_string"}}],"inLanguage":"fr-FR"},{"@type":"Organization","@id":"https:\/\/lasentinelle.dz\/#organization","name":"Quotidien La Sentinelle","url":"https:\/\/lasentinelle.dz\/","logo":{"@type":"ImageObject","inLanguage":"fr-FR","@id":"https:\/\/lasentinelle.dz\/#\/schema\/logo\/image\/","url":"https:\/\/lasentinelle.dz\/wp-content\/uploads\/2021\/09\/logo-sentinelleSLOGAN-1.png","contentUrl":"https:\/\/lasentinelle.dz\/wp-content\/uploads\/2021\/09\/logo-sentinelleSLOGAN-1.png","width":615,"height":142,"caption":"Quotidien La Sentinelle"},"image":{"@id":"https:\/\/lasentinelle.dz\/#\/schema\/logo\/image\/"},"sameAs":["https:\/\/www.facebook.com\/La-Sentinelle-104059864394773"]},{"@type":"Person","@id":"https:\/\/lasentinelle.dz\/#\/schema\/person\/d865044e22e70a75174ce8bcad3acfb3","name":"La Sentinelle","image":{"@type":"ImageObject","inLanguage":"fr-FR","@id":"https:\/\/secure.gravatar.com\/avatar\/57de8e5d4b15d43fb361a71fbb36338450fe67865b528a43dd10ef7c51a20392?s=96&d=mm&r=g","url":"https:\/\/secure.gravatar.com\/avatar\/57de8e5d4b15d43fb361a71fbb36338450fe67865b528a43dd10ef7c51a20392?s=96&d=mm&r=g","contentUrl":"https:\/\/secure.gravatar.com\/avatar\/57de8e5d4b15d43fb361a71fbb36338450fe67865b528a43dd10ef7c51a20392?s=96&d=mm&r=g","caption":"La Sentinelle"},"sameAs":["http:\/\/www.lasentinelle.dz"],"url":"https:\/\/lasentinelle.dz\/author\/redaction\/"}]}},"_links":{"self":[{"href":"https:\/\/lasentinelle.dz\/index.php\/wp-json\/wp\/v2\/posts\/47028","targetHints":{"allow":["GET"]}}],"collection":[{"href":"https:\/\/lasentinelle.dz\/index.php\/wp-json\/wp\/v2\/posts"}],"about":[{"href":"https:\/\/lasentinelle.dz\/index.php\/wp-json\/wp\/v2\/types\/post"}],"author":[{"embeddable":true,"href":"https:\/\/lasentinelle.dz\/index.php\/wp-json\/wp\/v2\/users\/3"}],"replies":[{"embeddable":true,"href":"https:\/\/lasentinelle.dz\/index.php\/wp-json\/wp\/v2\/comments?post=47028"}],"version-history":[{"count":1,"href":"https:\/\/lasentinelle.dz\/index.php\/wp-json\/wp\/v2\/posts\/47028\/revisions"}],"predecessor-version":[{"id":47030,"href":"https:\/\/lasentinelle.dz\/index.php\/wp-json\/wp\/v2\/posts\/47028\/revisions\/47030"}],"wp:featuredmedia":[{"embeddable":true,"href":"https:\/\/lasentinelle.dz\/index.php\/wp-json\/wp\/v2\/media\/47029"}],"wp:attachment":[{"href":"https:\/\/lasentinelle.dz\/index.php\/wp-json\/wp\/v2\/media?parent=47028"}],"wp:term":[{"taxonomy":"category","embeddable":true,"href":"https:\/\/lasentinelle.dz\/index.php\/wp-json\/wp\/v2\/categories?post=47028"},{"taxonomy":"post_tag","embeddable":true,"href":"https:\/\/lasentinelle.dz\/index.php\/wp-json\/wp\/v2\/tags?post=47028"}],"curies":[{"name":"wp","href":"https:\/\/api.w.org\/{rel}","templated":true}]}}