{"id":47085,"date":"2023-11-13T22:31:49","date_gmt":"2023-11-13T21:31:49","guid":{"rendered":"https:\/\/lasentinelle.dz\/?p=47085"},"modified":"2023-11-13T22:31:50","modified_gmt":"2023-11-13T21:31:50","slug":"les-chefs-des-dairas-dannaba-et-del-gourara-limoges","status":"publish","type":"post","link":"https:\/\/lasentinelle.dz\/index.php\/2023\/11\/13\/les-chefs-des-dairas-dannaba-et-del-gourara-limoges\/","title":{"rendered":"Les chefs des da\u00efras d\u2019Annaba et d\u2019El-Gourara limog\u00e9s"},"content":{"rendered":"\n<p>Le pr\u00e9sident de la R\u00e9publique a limog\u00e9 hier deux responsables locaux, le chef de la da\u00efra d\u2019Annaba et celui d\u2019El-Gourara dans la wilaya de Gharda\u00efa, en raison de manquements \u00e0 leurs responsabilit\u00e9s.<\/p>\n\n\n\n<p>En effet, un communiqu\u00e9 des services de la pr\u00e9sidence de la R\u00e9publique a indiqu\u00e9 hier apr\u00e8s-midi que le Pr\u00e9sident Abdelmadjid Tebboune a sign\u00e9 \u00ab&nbsp;un d\u00e9cret pr\u00e9sidentiel mettant fin aux fonctions de MM. Benoudina Lamnaouer et S\u00e9rim Youcef, respectivement Chef de la Da\u00efra de Annaba, et de celle de d\u2019El-Gourara dans la wilaya de Gharda\u00efa, pour motif de manquement \u00e0 leurs responsabilit\u00e9s et faillite au devoir de r\u00e9serve. Et d\u2019ajouter que \u00ab&nbsp;cette mesure traduit la veille permanente du pr\u00e9sident de la R\u00e9publique \u00e0 la prise en charge des pr\u00e9occupations quotidiennes des citoyens qui ne peut supporter aucune complaisance, ainsi que son engagement au suivi continu des affaires publiques sur la base du respect du principe que les int\u00e9r\u00eats des citoyens demeurent au c\u0153ur des priorit\u00e9s de l\u2019Etat. Un crit\u00e8re d\u00e9terminant pour l\u2019\u00e9valuation de tous les cadres que ce soit au niveau local ou central&nbsp;\u00bb.&nbsp;<\/p>\n\n\n\n<p>Notons qu\u2019une source proche de la wilaya d\u2019Annaba nous confiait hier matin que le chef de da\u00efra d\u2019Annaba Benoudina Lamnaouer avait \u00e9t\u00e9 relev\u00e9 de ses fonctions, expliquant que ce limogeage serait en rapport avec le rapport accablant, \u00e9tabli par l\u2019ex-wali d\u2019Annaba. Selon la m\u00eame source, le d\u00e9sormais ex-chef de daira d\u2019Annaba a \u00e9t\u00e9 \u00e9vinc\u00e9 de son poste sur d\u00e9cision des hautes instances du pays. Selon la m\u00eame source,&nbsp; l\u2019ex-chef de da\u00efra d\u2019Annaba, a \u00e9t\u00e9 notifi\u00e9 dimanche par la hi\u00e9rarchie de son limogeage, pour mauvaise gestion semblerait-il. Car, et selon certaines indiscr\u00e9tions, cette d\u00e9cision est intervenue sur la proposition de Djamel Eddine Berrimi, ancien&nbsp; wali&nbsp; d\u2019Annaba, \u00e0 qui il a \u00e9t\u00e9, \u00e9galement&nbsp; mis fin aux fonctions lors du dernier mouvement op\u00e9r\u00e9 par le chef de l\u2019\u00c9tat, dans le corps des walis. Selon les m\u00eames indiscr\u00e9tions, l\u2019ex-wali d\u2019Annaba aurait soumis au ministre de l&rsquo;Int\u00e9rieur, des Collectivit\u00e9s Locales et de l\u2019Am\u00e9nagement du territoire un rapport accablant sur une affaire de mauvaise gestion.&nbsp; Rappelons que le d\u00e9sormais ex-chef de da\u00efra d\u2019Annaba,&nbsp; avait&nbsp; occup\u00e9 en&nbsp; 2020, le m\u00eame poste \u00e0 la da\u00efra de Berrahal, pour une p\u00e9riode de deux ans,&nbsp; avant&nbsp; d&rsquo;\u00eatre nomm\u00e9 \u00e0 la t\u00eate de celle d&rsquo;Annaba.<\/p>\n\n\n\n<p>Sofia Chahine<\/p>\n","protected":false},"excerpt":{"rendered":"<p>Le pr\u00e9sident de la R\u00e9publique a limog\u00e9 hier deux responsables locaux, le chef de la da\u00efra d\u2019Annaba et celui d\u2019El-Gourara<\/p>\n","protected":false},"author":3,"featured_media":47086,"comment_status":"open","ping_status":"closed","sticky":false,"template":"","format":"standard","meta":{"colormag_page_container_layout":"default_layout","colormag_page_sidebar_layout":"default_layout","om_disable_all_campaigns":false,"_monsterinsights_skip_tracking":false,"_monsterinsights_sitenote_active":false,"_monsterinsights_sitenote_note":"","_monsterinsights_sitenote_category":0,"footnotes":"","_wpscppro_dont_share_socialmedia":false,"_wpscppro_custom_social_share_image":0,"_facebook_share_type":"","_twitter_share_type":"","_linkedin_share_type":"","_pinterest_share_type":"","_linkedin_share_type_page":"","_instagram_share_type":"","_medium_share_type":"","_threads_share_type":"","_google_business_share_type":"","_selected_social_profile":[],"_wpsp_enable_custom_social_template":false,"_wpsp_social_scheduling":{"enabled":false,"datetime":null,"platforms":[],"status":"template_only","dateOption":"today","timeOption":"now","customDays":"","customHours":"","customDate":"","customTime":"","schedulingType":"absolute"},"_wpsp_active_default_template":true},"categories":[52,27],"tags":[],"class_list":["post-47085","post","type-post","status-publish","format-standard","has-post-thumbnail","hentry","category-a-la-une","category-actualite"],"aioseo_notices":[],"yoast_head":"<!-- This site is optimized with the Yoast SEO plugin v27.5 - https:\/\/yoast.com\/product\/yoast-seo-wordpress\/ -->\n<title>Les chefs des da\u00efras d\u2019Annaba et d\u2019El-Gourara limog\u00e9s - La Sentinelle<\/title>\n<meta name=\"robots\" content=\"index, follow, max-snippet:-1, max-image-preview:large, max-video-preview:-1\" \/>\n<link rel=\"canonical\" href=\"https:\/\/lasentinelle.dz\/index.php\/2023\/11\/13\/les-chefs-des-dairas-dannaba-et-del-gourara-limoges\/\" \/>\n<meta property=\"og:locale\" content=\"fr_FR\" \/>\n<meta property=\"og:type\" content=\"article\" \/>\n<meta property=\"og:title\" content=\"Les chefs des da\u00efras d\u2019Annaba et d\u2019El-Gourara limog\u00e9s - La Sentinelle\" \/>\n<meta property=\"og:description\" content=\"Le pr\u00e9sident de la R\u00e9publique a limog\u00e9 hier deux responsables locaux, le chef de la da\u00efra d\u2019Annaba et celui d\u2019El-Gourara\" \/>\n<meta property=\"og:url\" content=\"https:\/\/lasentinelle.dz\/index.php\/2023\/11\/13\/les-chefs-des-dairas-dannaba-et-del-gourara-limoges\/\" \/>\n<meta property=\"og:site_name\" content=\"La Sentinelle\" \/>\n<meta property=\"article:publisher\" content=\"https:\/\/www.facebook.com\/La-Sentinelle-104059864394773\" \/>\n<meta property=\"article:published_time\" content=\"2023-11-13T21:31:49+00:00\" \/>\n<meta property=\"article:modified_time\" content=\"2023-11-13T21:31:50+00:00\" \/>\n<meta property=\"og:image\" content=\"https:\/\/lasentinelle.dz\/wp-content\/uploads\/2023\/11\/tebboune.jpeg\" \/>\n\t<meta property=\"og:image:width\" content=\"620\" \/>\n\t<meta property=\"og:image:height\" content=\"413\" \/>\n\t<meta property=\"og:image:type\" content=\"image\/jpeg\" \/>\n<meta name=\"author\" content=\"La Sentinelle\" \/>\n<meta name=\"twitter:card\" content=\"summary_large_image\" \/>\n<meta name=\"twitter:label1\" content=\"\u00c9crit par\" \/>\n\t<meta name=\"twitter:data1\" content=\"La Sentinelle\" \/>\n\t<meta name=\"twitter:label2\" content=\"Dur\u00e9e de lecture estim\u00e9e\" \/>\n\t<meta name=\"twitter:data2\" content=\"2 minutes\" \/>\n<script type=\"application\/ld+json\" class=\"yoast-schema-graph\">{\"@context\":\"https:\\\/\\\/schema.org\",\"@graph\":[{\"@type\":\"Article\",\"@id\":\"https:\\\/\\\/lasentinelle.dz\\\/index.php\\\/2023\\\/11\\\/13\\\/les-chefs-des-dairas-dannaba-et-del-gourara-limoges\\\/#article\",\"isPartOf\":{\"@id\":\"https:\\\/\\\/lasentinelle.dz\\\/index.php\\\/2023\\\/11\\\/13\\\/les-chefs-des-dairas-dannaba-et-del-gourara-limoges\\\/\"},\"author\":{\"name\":\"La Sentinelle\",\"@id\":\"https:\\\/\\\/lasentinelle.dz\\\/#\\\/schema\\\/person\\\/d865044e22e70a75174ce8bcad3acfb3\"},\"headline\":\"Les chefs des da\u00efras d\u2019Annaba et d\u2019El-Gourara limog\u00e9s\",\"datePublished\":\"2023-11-13T21:31:49+00:00\",\"dateModified\":\"2023-11-13T21:31:50+00:00\",\"mainEntityOfPage\":{\"@id\":\"https:\\\/\\\/lasentinelle.dz\\\/index.php\\\/2023\\\/11\\\/13\\\/les-chefs-des-dairas-dannaba-et-del-gourara-limoges\\\/\"},\"wordCount\":459,\"commentCount\":0,\"publisher\":{\"@id\":\"https:\\\/\\\/lasentinelle.dz\\\/#organization\"},\"image\":{\"@id\":\"https:\\\/\\\/lasentinelle.dz\\\/index.php\\\/2023\\\/11\\\/13\\\/les-chefs-des-dairas-dannaba-et-del-gourara-limoges\\\/#primaryimage\"},\"thumbnailUrl\":\"https:\\\/\\\/lasentinelle.dz\\\/wp-content\\\/uploads\\\/2023\\\/11\\\/tebboune.jpeg\",\"articleSection\":[\"\u00c0 la Une\",\"Actualit\u00e9\"],\"inLanguage\":\"fr-FR\",\"potentialAction\":[{\"@type\":\"CommentAction\",\"name\":\"Comment\",\"target\":[\"https:\\\/\\\/lasentinelle.dz\\\/index.php\\\/2023\\\/11\\\/13\\\/les-chefs-des-dairas-dannaba-et-del-gourara-limoges\\\/#respond\"]}]},{\"@type\":\"WebPage\",\"@id\":\"https:\\\/\\\/lasentinelle.dz\\\/index.php\\\/2023\\\/11\\\/13\\\/les-chefs-des-dairas-dannaba-et-del-gourara-limoges\\\/\",\"url\":\"https:\\\/\\\/lasentinelle.dz\\\/index.php\\\/2023\\\/11\\\/13\\\/les-chefs-des-dairas-dannaba-et-del-gourara-limoges\\\/\",\"name\":\"Les chefs des da\u00efras d\u2019Annaba et d\u2019El-Gourara limog\u00e9s - La Sentinelle\",\"isPartOf\":{\"@id\":\"https:\\\/\\\/lasentinelle.dz\\\/#website\"},\"primaryImageOfPage\":{\"@id\":\"https:\\\/\\\/lasentinelle.dz\\\/index.php\\\/2023\\\/11\\\/13\\\/les-chefs-des-dairas-dannaba-et-del-gourara-limoges\\\/#primaryimage\"},\"image\":{\"@id\":\"https:\\\/\\\/lasentinelle.dz\\\/index.php\\\/2023\\\/11\\\/13\\\/les-chefs-des-dairas-dannaba-et-del-gourara-limoges\\\/#primaryimage\"},\"thumbnailUrl\":\"https:\\\/\\\/lasentinelle.dz\\\/wp-content\\\/uploads\\\/2023\\\/11\\\/tebboune.jpeg\",\"datePublished\":\"2023-11-13T21:31:49+00:00\",\"dateModified\":\"2023-11-13T21:31:50+00:00\",\"breadcrumb\":{\"@id\":\"https:\\\/\\\/lasentinelle.dz\\\/index.php\\\/2023\\\/11\\\/13\\\/les-chefs-des-dairas-dannaba-et-del-gourara-limoges\\\/#breadcrumb\"},\"inLanguage\":\"fr-FR\",\"potentialAction\":[{\"@type\":\"ReadAction\",\"target\":[\"https:\\\/\\\/lasentinelle.dz\\\/index.php\\\/2023\\\/11\\\/13\\\/les-chefs-des-dairas-dannaba-et-del-gourara-limoges\\\/\"]}]},{\"@type\":\"ImageObject\",\"inLanguage\":\"fr-FR\",\"@id\":\"https:\\\/\\\/lasentinelle.dz\\\/index.php\\\/2023\\\/11\\\/13\\\/les-chefs-des-dairas-dannaba-et-del-gourara-limoges\\\/#primaryimage\",\"url\":\"https:\\\/\\\/lasentinelle.dz\\\/wp-content\\\/uploads\\\/2023\\\/11\\\/tebboune.jpeg\",\"contentUrl\":\"https:\\\/\\\/lasentinelle.dz\\\/wp-content\\\/uploads\\\/2023\\\/11\\\/tebboune.jpeg\",\"width\":620,\"height\":413},{\"@type\":\"BreadcrumbList\",\"@id\":\"https:\\\/\\\/lasentinelle.dz\\\/index.php\\\/2023\\\/11\\\/13\\\/les-chefs-des-dairas-dannaba-et-del-gourara-limoges\\\/#breadcrumb\",\"itemListElement\":[{\"@type\":\"ListItem\",\"position\":1,\"name\":\"Accueil\",\"item\":\"https:\\\/\\\/lasentinelle.dz\\\/\"},{\"@type\":\"ListItem\",\"position\":2,\"name\":\"Les chefs des da\u00efras d\u2019Annaba et d\u2019El-Gourara limog\u00e9s\"}]},{\"@type\":\"WebSite\",\"@id\":\"https:\\\/\\\/lasentinelle.dz\\\/#website\",\"url\":\"https:\\\/\\\/lasentinelle.dz\\\/\",\"name\":\"La Sentinelle\",\"description\":\"Quotidien national d&#039;information\",\"publisher\":{\"@id\":\"https:\\\/\\\/lasentinelle.dz\\\/#organization\"},\"potentialAction\":[{\"@type\":\"SearchAction\",\"target\":{\"@type\":\"EntryPoint\",\"urlTemplate\":\"https:\\\/\\\/lasentinelle.dz\\\/?s={search_term_string}\"},\"query-input\":{\"@type\":\"PropertyValueSpecification\",\"valueRequired\":true,\"valueName\":\"search_term_string\"}}],\"inLanguage\":\"fr-FR\"},{\"@type\":\"Organization\",\"@id\":\"https:\\\/\\\/lasentinelle.dz\\\/#organization\",\"name\":\"Quotidien La Sentinelle\",\"url\":\"https:\\\/\\\/lasentinelle.dz\\\/\",\"logo\":{\"@type\":\"ImageObject\",\"inLanguage\":\"fr-FR\",\"@id\":\"https:\\\/\\\/lasentinelle.dz\\\/#\\\/schema\\\/logo\\\/image\\\/\",\"url\":\"https:\\\/\\\/lasentinelle.dz\\\/wp-content\\\/uploads\\\/2021\\\/09\\\/logo-sentinelleSLOGAN-1.png\",\"contentUrl\":\"https:\\\/\\\/lasentinelle.dz\\\/wp-content\\\/uploads\\\/2021\\\/09\\\/logo-sentinelleSLOGAN-1.png\",\"width\":615,\"height\":142,\"caption\":\"Quotidien La Sentinelle\"},\"image\":{\"@id\":\"https:\\\/\\\/lasentinelle.dz\\\/#\\\/schema\\\/logo\\\/image\\\/\"},\"sameAs\":[\"https:\\\/\\\/www.facebook.com\\\/La-Sentinelle-104059864394773\"]},{\"@type\":\"Person\",\"@id\":\"https:\\\/\\\/lasentinelle.dz\\\/#\\\/schema\\\/person\\\/d865044e22e70a75174ce8bcad3acfb3\",\"name\":\"La Sentinelle\",\"image\":{\"@type\":\"ImageObject\",\"inLanguage\":\"fr-FR\",\"@id\":\"https:\\\/\\\/secure.gravatar.com\\\/avatar\\\/57de8e5d4b15d43fb361a71fbb36338450fe67865b528a43dd10ef7c51a20392?s=96&d=mm&r=g\",\"url\":\"https:\\\/\\\/secure.gravatar.com\\\/avatar\\\/57de8e5d4b15d43fb361a71fbb36338450fe67865b528a43dd10ef7c51a20392?s=96&d=mm&r=g\",\"contentUrl\":\"https:\\\/\\\/secure.gravatar.com\\\/avatar\\\/57de8e5d4b15d43fb361a71fbb36338450fe67865b528a43dd10ef7c51a20392?s=96&d=mm&r=g\",\"caption\":\"La Sentinelle\"},\"sameAs\":[\"http:\\\/\\\/www.lasentinelle.dz\"],\"url\":\"https:\\\/\\\/lasentinelle.dz\\\/author\\\/redaction\\\/\"}]}<\/script>\n<!-- \/ Yoast SEO plugin. -->","yoast_head_json":{"title":"Les chefs des da\u00efras d\u2019Annaba et d\u2019El-Gourara limog\u00e9s - La Sentinelle","robots":{"index":"index","follow":"follow","max-snippet":"max-snippet:-1","max-image-preview":"max-image-preview:large","max-video-preview":"max-video-preview:-1"},"canonical":"https:\/\/lasentinelle.dz\/index.php\/2023\/11\/13\/les-chefs-des-dairas-dannaba-et-del-gourara-limoges\/","og_locale":"fr_FR","og_type":"article","og_title":"Les chefs des da\u00efras d\u2019Annaba et d\u2019El-Gourara limog\u00e9s - La Sentinelle","og_description":"Le pr\u00e9sident de la R\u00e9publique a limog\u00e9 hier deux responsables locaux, le chef de la da\u00efra d\u2019Annaba et celui d\u2019El-Gourara","og_url":"https:\/\/lasentinelle.dz\/index.php\/2023\/11\/13\/les-chefs-des-dairas-dannaba-et-del-gourara-limoges\/","og_site_name":"La Sentinelle","article_publisher":"https:\/\/www.facebook.com\/La-Sentinelle-104059864394773","article_published_time":"2023-11-13T21:31:49+00:00","article_modified_time":"2023-11-13T21:31:50+00:00","og_image":[{"width":620,"height":413,"url":"https:\/\/lasentinelle.dz\/wp-content\/uploads\/2023\/11\/tebboune.jpeg","type":"image\/jpeg"}],"author":"La Sentinelle","twitter_card":"summary_large_image","twitter_misc":{"\u00c9crit par":"La Sentinelle","Dur\u00e9e de lecture estim\u00e9e":"2 minutes"},"schema":{"@context":"https:\/\/schema.org","@graph":[{"@type":"Article","@id":"https:\/\/lasentinelle.dz\/index.php\/2023\/11\/13\/les-chefs-des-dairas-dannaba-et-del-gourara-limoges\/#article","isPartOf":{"@id":"https:\/\/lasentinelle.dz\/index.php\/2023\/11\/13\/les-chefs-des-dairas-dannaba-et-del-gourara-limoges\/"},"author":{"name":"La Sentinelle","@id":"https:\/\/lasentinelle.dz\/#\/schema\/person\/d865044e22e70a75174ce8bcad3acfb3"},"headline":"Les chefs des da\u00efras d\u2019Annaba et d\u2019El-Gourara limog\u00e9s","datePublished":"2023-11-13T21:31:49+00:00","dateModified":"2023-11-13T21:31:50+00:00","mainEntityOfPage":{"@id":"https:\/\/lasentinelle.dz\/index.php\/2023\/11\/13\/les-chefs-des-dairas-dannaba-et-del-gourara-limoges\/"},"wordCount":459,"commentCount":0,"publisher":{"@id":"https:\/\/lasentinelle.dz\/#organization"},"image":{"@id":"https:\/\/lasentinelle.dz\/index.php\/2023\/11\/13\/les-chefs-des-dairas-dannaba-et-del-gourara-limoges\/#primaryimage"},"thumbnailUrl":"https:\/\/lasentinelle.dz\/wp-content\/uploads\/2023\/11\/tebboune.jpeg","articleSection":["\u00c0 la Une","Actualit\u00e9"],"inLanguage":"fr-FR","potentialAction":[{"@type":"CommentAction","name":"Comment","target":["https:\/\/lasentinelle.dz\/index.php\/2023\/11\/13\/les-chefs-des-dairas-dannaba-et-del-gourara-limoges\/#respond"]}]},{"@type":"WebPage","@id":"https:\/\/lasentinelle.dz\/index.php\/2023\/11\/13\/les-chefs-des-dairas-dannaba-et-del-gourara-limoges\/","url":"https:\/\/lasentinelle.dz\/index.php\/2023\/11\/13\/les-chefs-des-dairas-dannaba-et-del-gourara-limoges\/","name":"Les chefs des da\u00efras d\u2019Annaba et d\u2019El-Gourara limog\u00e9s - La Sentinelle","isPartOf":{"@id":"https:\/\/lasentinelle.dz\/#website"},"primaryImageOfPage":{"@id":"https:\/\/lasentinelle.dz\/index.php\/2023\/11\/13\/les-chefs-des-dairas-dannaba-et-del-gourara-limoges\/#primaryimage"},"image":{"@id":"https:\/\/lasentinelle.dz\/index.php\/2023\/11\/13\/les-chefs-des-dairas-dannaba-et-del-gourara-limoges\/#primaryimage"},"thumbnailUrl":"https:\/\/lasentinelle.dz\/wp-content\/uploads\/2023\/11\/tebboune.jpeg","datePublished":"2023-11-13T21:31:49+00:00","dateModified":"2023-11-13T21:31:50+00:00","breadcrumb":{"@id":"https:\/\/lasentinelle.dz\/index.php\/2023\/11\/13\/les-chefs-des-dairas-dannaba-et-del-gourara-limoges\/#breadcrumb"},"inLanguage":"fr-FR","potentialAction":[{"@type":"ReadAction","target":["https:\/\/lasentinelle.dz\/index.php\/2023\/11\/13\/les-chefs-des-dairas-dannaba-et-del-gourara-limoges\/"]}]},{"@type":"ImageObject","inLanguage":"fr-FR","@id":"https:\/\/lasentinelle.dz\/index.php\/2023\/11\/13\/les-chefs-des-dairas-dannaba-et-del-gourara-limoges\/#primaryimage","url":"https:\/\/lasentinelle.dz\/wp-content\/uploads\/2023\/11\/tebboune.jpeg","contentUrl":"https:\/\/lasentinelle.dz\/wp-content\/uploads\/2023\/11\/tebboune.jpeg","width":620,"height":413},{"@type":"BreadcrumbList","@id":"https:\/\/lasentinelle.dz\/index.php\/2023\/11\/13\/les-chefs-des-dairas-dannaba-et-del-gourara-limoges\/#breadcrumb","itemListElement":[{"@type":"ListItem","position":1,"name":"Accueil","item":"https:\/\/lasentinelle.dz\/"},{"@type":"ListItem","position":2,"name":"Les chefs des da\u00efras d\u2019Annaba et d\u2019El-Gourara limog\u00e9s"}]},{"@type":"WebSite","@id":"https:\/\/lasentinelle.dz\/#website","url":"https:\/\/lasentinelle.dz\/","name":"La Sentinelle","description":"Quotidien national d&#039;information","publisher":{"@id":"https:\/\/lasentinelle.dz\/#organization"},"potentialAction":[{"@type":"SearchAction","target":{"@type":"EntryPoint","urlTemplate":"https:\/\/lasentinelle.dz\/?s={search_term_string}"},"query-input":{"@type":"PropertyValueSpecification","valueRequired":true,"valueName":"search_term_string"}}],"inLanguage":"fr-FR"},{"@type":"Organization","@id":"https:\/\/lasentinelle.dz\/#organization","name":"Quotidien La Sentinelle","url":"https:\/\/lasentinelle.dz\/","logo":{"@type":"ImageObject","inLanguage":"fr-FR","@id":"https:\/\/lasentinelle.dz\/#\/schema\/logo\/image\/","url":"https:\/\/lasentinelle.dz\/wp-content\/uploads\/2021\/09\/logo-sentinelleSLOGAN-1.png","contentUrl":"https:\/\/lasentinelle.dz\/wp-content\/uploads\/2021\/09\/logo-sentinelleSLOGAN-1.png","width":615,"height":142,"caption":"Quotidien La Sentinelle"},"image":{"@id":"https:\/\/lasentinelle.dz\/#\/schema\/logo\/image\/"},"sameAs":["https:\/\/www.facebook.com\/La-Sentinelle-104059864394773"]},{"@type":"Person","@id":"https:\/\/lasentinelle.dz\/#\/schema\/person\/d865044e22e70a75174ce8bcad3acfb3","name":"La Sentinelle","image":{"@type":"ImageObject","inLanguage":"fr-FR","@id":"https:\/\/secure.gravatar.com\/avatar\/57de8e5d4b15d43fb361a71fbb36338450fe67865b528a43dd10ef7c51a20392?s=96&d=mm&r=g","url":"https:\/\/secure.gravatar.com\/avatar\/57de8e5d4b15d43fb361a71fbb36338450fe67865b528a43dd10ef7c51a20392?s=96&d=mm&r=g","contentUrl":"https:\/\/secure.gravatar.com\/avatar\/57de8e5d4b15d43fb361a71fbb36338450fe67865b528a43dd10ef7c51a20392?s=96&d=mm&r=g","caption":"La Sentinelle"},"sameAs":["http:\/\/www.lasentinelle.dz"],"url":"https:\/\/lasentinelle.dz\/author\/redaction\/"}]}},"_links":{"self":[{"href":"https:\/\/lasentinelle.dz\/index.php\/wp-json\/wp\/v2\/posts\/47085","targetHints":{"allow":["GET"]}}],"collection":[{"href":"https:\/\/lasentinelle.dz\/index.php\/wp-json\/wp\/v2\/posts"}],"about":[{"href":"https:\/\/lasentinelle.dz\/index.php\/wp-json\/wp\/v2\/types\/post"}],"author":[{"embeddable":true,"href":"https:\/\/lasentinelle.dz\/index.php\/wp-json\/wp\/v2\/users\/3"}],"replies":[{"embeddable":true,"href":"https:\/\/lasentinelle.dz\/index.php\/wp-json\/wp\/v2\/comments?post=47085"}],"version-history":[{"count":1,"href":"https:\/\/lasentinelle.dz\/index.php\/wp-json\/wp\/v2\/posts\/47085\/revisions"}],"predecessor-version":[{"id":47087,"href":"https:\/\/lasentinelle.dz\/index.php\/wp-json\/wp\/v2\/posts\/47085\/revisions\/47087"}],"wp:featuredmedia":[{"embeddable":true,"href":"https:\/\/lasentinelle.dz\/index.php\/wp-json\/wp\/v2\/media\/47086"}],"wp:attachment":[{"href":"https:\/\/lasentinelle.dz\/index.php\/wp-json\/wp\/v2\/media?parent=47085"}],"wp:term":[{"taxonomy":"category","embeddable":true,"href":"https:\/\/lasentinelle.dz\/index.php\/wp-json\/wp\/v2\/categories?post=47085"},{"taxonomy":"post_tag","embeddable":true,"href":"https:\/\/lasentinelle.dz\/index.php\/wp-json\/wp\/v2\/tags?post=47085"}],"curies":[{"name":"wp","href":"https:\/\/api.w.org\/{rel}","templated":true}]}}