{"id":47091,"date":"2023-11-13T22:36:59","date_gmt":"2023-11-13T21:36:59","guid":{"rendered":"https:\/\/lasentinelle.dz\/?p=47091"},"modified":"2023-11-13T22:37:01","modified_gmt":"2023-11-13T21:37:01","slug":"cloture-du-11e-congres-du-fln-abdelkrim-benmebarek-nouveau-secretaire-general","status":"publish","type":"post","link":"https:\/\/lasentinelle.dz\/index.php\/2023\/11\/13\/cloture-du-11e-congres-du-fln-abdelkrim-benmebarek-nouveau-secretaire-general\/","title":{"rendered":"Cl\u00f4ture du 11e congr\u00e8s du FLN\u00a0: Abdelkrim Benmebarek nouveau secr\u00e9taire g\u00e9n\u00e9ral"},"content":{"rendered":"\n<p>Le 11<sup>e<\/sup> congr\u00e8s du parti du Front de lib\u00e9ration national a pris fin hier apr\u00e8s trois jours de d\u00e9bats et de discussions qui ont abouti \u00e0 la publication d\u2019une \u00ab&nbsp;D\u00e9claration de politique g\u00e9n\u00e9rale&nbsp;\u00bb, mais aussi de l\u2019\u00e9lection d\u2019Abdelkrim Benmebarek qui succ\u00e8de ainsi \u00e0 Abou Al Fadhll Ba\u00e2dji.<\/p>\n\n\n\n<p>L\u2019\u00e9lection d\u2019un nouveau SG ainsi que d\u2019un nouveau comit\u00e9 central doit permettre, selon le v\u0153u des congressistes, d\u2019ouvrir une nouvelle page au sein du Vieux parti apr\u00e8s pr\u00e8s de 5 ann\u00e9es de turbulences. Les participants au congr\u00e8s n\u2019ont pas cach\u00e9 leur ambition de rendre la formation \u00e0 sa base militante, d\u2019\u00e9loigner l\u2019influence de l\u2019argent et de permettre au FLN de se red\u00e9ployer et jouer pleinement son r\u00f4le de principale formation politique. Des objectifs qui ont \u00e9t\u00e9 refl\u00e9t\u00e9s dans les premi\u00e8res d\u00e9clarations du nouveau SG intronis\u00e9 et qui doit repr\u00e9senter la rupture avec l\u2019\u00e8re Ba\u00e2dji, mais aussi une p\u00e9riode d\u2019incertitudes depuis le dernier congr\u00e8s du FLN tenu en 2015. P\u00e9riode marqu\u00e9e par la d\u00e9signation puis l\u2019\u00e9viction de cinq secr\u00e9taires g\u00e9n\u00e9raux. Un congr\u00e8s et une \u00e9lection qui doivent mettre fin \u00e0 une situation d\u2019exception au sein du Parti, dont les structures et organes ont prolong\u00e9 leur mandat lequel s\u2019est achev\u00e9 en 2020, et qui a induit des tensions au sein de la formation.<\/p>\n\n\n\n<p>Ainsi et apr\u00e8s son \u00e9lection \u00e0 la t\u00eate du FLN, Abdelkrim Benmebarek, ancien d\u00e9put\u00e9 et membre de l\u2019APW d\u2019Alger, affich\u00e9 ses objectifs et voulu marquer cette rupture en soulignant que le 11<sup>e<\/sup> congr\u00e8s du FLN \u00e9tait un exemple de d\u00e9mocratie partisane qui permis de d\u00e9passer les divergences et les conflits. Il a \u00e9galement insist\u00e9 sur la transparence qui ont marqu\u00e9 les d\u00e9bats et les \u00e9lections. Il a \u00e9galement mis en avant les objectifs de la strat\u00e9gie future du parti pour restaurer la confiance au sein de la base militante du parti. Il enfin mis en avant \u00ab&nbsp;l\u2019importance&nbsp;\u00bb du congr\u00e8s qui intervient dans un contexte caract\u00e9ris\u00e9 par les r\u00e9formes engag\u00e9es par le pr\u00e9sident de la R\u00e9publique que le Vieux parti a tenu d\u2019ailleurs \u00e0 saluer et s\u2019est engag\u00e9 \u00e0 accompagner le chef de l\u2019\u00c9tat dans sa d\u00e9marche. Il faut dire que la grand-messe du FLN a \u00e9t\u00e9 marqu\u00e9e par publication d\u2019une \u00ab&nbsp;D\u00e9claration de politique g\u00e9n\u00e9rale&nbsp;\u00bb qui a mis en avant \u00ab&nbsp;les acquis et les r\u00e9formes initi\u00e9es par le pr\u00e9sident de la R\u00e9publique, M. Abdelmadjid Tebboune, ainsi que ses d\u00e9marches visant \u00e0 consolider l\u2019\u00e9dification de l\u2019Etat-nation&nbsp;\u00bb. &nbsp;&nbsp;Lue par le rapporteur de la Commission de politique g\u00e9n\u00e9rale, Nadir Boulegroune, la D\u00e9claration a mis en avant \u00ab la s\u00e9curit\u00e9 et la stabilit\u00e9 dont jouit aujourd\u2019hui l\u2019Alg\u00e9rie, du fait de la politique judicieuse du pr\u00e9sident de la R\u00e9publique et de l\u2019esprit de sacrifice pour la patrie, dont font montre l\u2019Arm\u00e9e nationale populaire (ANP) et les diff\u00e9rents corps de s\u00e9curit\u00e9 \u00bb. Dans le m\u00eame contexte, la D\u00e9claration a salu\u00e9 \u00ab les acquis r\u00e9alis\u00e9s par l\u2019Alg\u00e9rie, en peu de temps, en concr\u00e9tisation des engagements du Pr\u00e9sident Tebboune devant le peuple, \u00e0 travers le parach\u00e8vement de l\u2019\u00e9dification des institutions de l\u2019Etat avec une nouvelle logique dont l\u2019int\u00e9grit\u00e9 n\u2019est plus \u00e0 prouver, l\u2019installation des instances constitutionnelles, l\u2019adoption d\u2019une strat\u00e9gie fond\u00e9e sur la d\u00e9mocratie participative qui a r\u00e9habilit\u00e9 la soci\u00e9t\u00e9 civile, en sus des d\u00e9marches de cr\u00e9ation de richesses et l\u2019encouragement de l\u2019investissement \u00bb. Le parti du FLN s\u2019est dit dispos\u00e9 \u00e0 \u00ab contribuer, de mani\u00e8re s\u00e9rieuse et efficace, \u00e0 l\u2019aboutissement des r\u00e9formes globales conduites par le Pr\u00e9sident Tebboune, en vue de barrer la route aux parties qui s\u2019efforcent d\u2019entraver le processus d\u2019\u00e9dification de l\u2019Alg\u00e9rie nouvelle, partant de sa conviction que l\u2019adh\u00e9sion du peuple alg\u00e9rien autour de son arm\u00e9e, permettra de d\u00e9jouer toutes les tentatives d\u00e9sesp\u00e9r\u00e9es qui visent \u00e0 d\u00e9stabiliser le pays \u00bb. Quant aux affaires internes du parti, la D\u00e9claration salue \u00ab le progr\u00e8s enregistr\u00e9 dans le mode de gestion, gr\u00e2ce aux profondes r\u00e9formes op\u00e9r\u00e9es \u00bb, et les r\u00e9sultats r\u00e9alis\u00e9s lors des deux derni\u00e8res \u00e9ch\u00e9ances \u00e9lectorales. La D\u00e9claration a mis en valeur, \u00e9galement, les points forts du 11\u00e8me congr\u00e8s, \u00e0 savoir, \u00ab la cons\u00e9cration des traditions du parti en termes d\u2019alternance au poste de SG dans la s\u00e9r\u00e9nit\u00e9 et la solidarit\u00e9 et en faisant pr\u00e9valoir l\u2019int\u00e9r\u00eat du parti, son unit\u00e9 et la coh\u00e9sion de ses militants, ainsi que le caract\u00e8re d\u00e9mocratique qui a r\u00e9gn\u00e9 lors des travaux du congr\u00e8s \u00bb. Le slogan du congr\u00e8s \u00ab Nous nous renouvelons, sans nous dissiper \u00bb, constitue un fort appui qui atteste de la grande capacit\u00e9 du parti \u00e0 se renouveler et \u00e0 pers\u00e9v\u00e9rer en tant que force politique au pays, ainsi que son attachement aux objectifs et aux valeurs de la Proclamation du 1er novembre 1954, au caract\u00e8re r\u00e9publicain de l\u2019Etat alg\u00e9rien, au militantisme d\u00e9mocratique pluraliste, et au soutien au mouvement de changement qu\u2019a men\u00e9 le peuple alg\u00e9rien \u00bb, a-t-on soulign\u00e9 de m\u00eame source. &nbsp;&nbsp;La D\u00e9claration a, \u00e9galement, salu\u00e9 \u00ab la cons\u00e9cration par la Constitution, de la pr\u00e9servation de l\u2019identit\u00e9 nationale et le renforcement des m\u00e9canismes de lutte contre la corruption \u00bb, mettant en avant que la prochaine p\u00e9riode \u00ab n\u00e9cessit\u00e9 la conjugaison des efforts de tous les Alg\u00e9riens pour pr\u00e9server les acquis du pays \u00bb.<\/p>\n\n\n\n<p><strong>Hocine Fadheli<\/strong><\/p>\n","protected":false},"excerpt":{"rendered":"<p>Le 11e congr\u00e8s du parti du Front de lib\u00e9ration national a pris fin hier apr\u00e8s trois jours de d\u00e9bats et<\/p>\n","protected":false},"author":3,"featured_media":47092,"comment_status":"open","ping_status":"closed","sticky":false,"template":"","format":"standard","meta":{"colormag_page_container_layout":"default_layout","colormag_page_sidebar_layout":"default_layout","om_disable_all_campaigns":false,"_monsterinsights_skip_tracking":false,"_monsterinsights_sitenote_active":false,"_monsterinsights_sitenote_note":"","_monsterinsights_sitenote_category":0,"footnotes":"","_wpscppro_dont_share_socialmedia":false,"_wpscppro_custom_social_share_image":0,"_facebook_share_type":"","_twitter_share_type":"","_linkedin_share_type":"","_pinterest_share_type":"","_linkedin_share_type_page":"","_instagram_share_type":"","_medium_share_type":"","_threads_share_type":"","_google_business_share_type":"","_selected_social_profile":[],"_wpsp_enable_custom_social_template":false,"_wpsp_social_scheduling":{"enabled":false,"datetime":null,"platforms":[],"status":"template_only","dateOption":"today","timeOption":"now","customDays":"","customHours":"","customDate":"","customTime":"","schedulingType":"absolute"},"_wpsp_active_default_template":true},"categories":[52,27,28],"tags":[],"class_list":["post-47091","post","type-post","status-publish","format-standard","has-post-thumbnail","hentry","category-a-la-une","category-actualite","category-politique"],"aioseo_notices":[],"yoast_head":"<!-- This site is optimized with the Yoast SEO plugin v27.5 - https:\/\/yoast.com\/product\/yoast-seo-wordpress\/ -->\n<title>Cl\u00f4ture du 11e congr\u00e8s du FLN\u00a0: Abdelkrim Benmebarek nouveau secr\u00e9taire g\u00e9n\u00e9ral - La Sentinelle<\/title>\n<meta name=\"robots\" content=\"index, follow, max-snippet:-1, max-image-preview:large, max-video-preview:-1\" \/>\n<link rel=\"canonical\" href=\"https:\/\/lasentinelle.dz\/index.php\/2023\/11\/13\/cloture-du-11e-congres-du-fln-abdelkrim-benmebarek-nouveau-secretaire-general\/\" \/>\n<meta property=\"og:locale\" content=\"fr_FR\" \/>\n<meta property=\"og:type\" content=\"article\" \/>\n<meta property=\"og:title\" content=\"Cl\u00f4ture du 11e congr\u00e8s du FLN\u00a0: Abdelkrim Benmebarek nouveau secr\u00e9taire g\u00e9n\u00e9ral - La Sentinelle\" \/>\n<meta property=\"og:description\" content=\"Le 11e congr\u00e8s du parti du Front de lib\u00e9ration national a pris fin hier apr\u00e8s trois jours de d\u00e9bats et\" \/>\n<meta property=\"og:url\" content=\"https:\/\/lasentinelle.dz\/index.php\/2023\/11\/13\/cloture-du-11e-congres-du-fln-abdelkrim-benmebarek-nouveau-secretaire-general\/\" \/>\n<meta property=\"og:site_name\" content=\"La Sentinelle\" \/>\n<meta property=\"article:publisher\" content=\"https:\/\/www.facebook.com\/La-Sentinelle-104059864394773\" \/>\n<meta property=\"article:published_time\" content=\"2023-11-13T21:36:59+00:00\" \/>\n<meta property=\"article:modified_time\" content=\"2023-11-13T21:37:01+00:00\" \/>\n<meta property=\"og:image\" content=\"https:\/\/lasentinelle.dz\/wp-content\/uploads\/2023\/11\/Abdelkrim-Benmebarek-.webp\" \/>\n\t<meta property=\"og:image:width\" content=\"780\" \/>\n\t<meta property=\"og:image:height\" content=\"445\" \/>\n\t<meta property=\"og:image:type\" content=\"image\/webp\" \/>\n<meta name=\"author\" content=\"La Sentinelle\" \/>\n<meta name=\"twitter:card\" content=\"summary_large_image\" \/>\n<meta name=\"twitter:label1\" content=\"\u00c9crit par\" \/>\n\t<meta name=\"twitter:data1\" content=\"La Sentinelle\" \/>\n\t<meta name=\"twitter:label2\" content=\"Dur\u00e9e de lecture estim\u00e9e\" \/>\n\t<meta name=\"twitter:data2\" content=\"5 minutes\" \/>\n<script type=\"application\/ld+json\" class=\"yoast-schema-graph\">{\"@context\":\"https:\\\/\\\/schema.org\",\"@graph\":[{\"@type\":\"Article\",\"@id\":\"https:\\\/\\\/lasentinelle.dz\\\/index.php\\\/2023\\\/11\\\/13\\\/cloture-du-11e-congres-du-fln-abdelkrim-benmebarek-nouveau-secretaire-general\\\/#article\",\"isPartOf\":{\"@id\":\"https:\\\/\\\/lasentinelle.dz\\\/index.php\\\/2023\\\/11\\\/13\\\/cloture-du-11e-congres-du-fln-abdelkrim-benmebarek-nouveau-secretaire-general\\\/\"},\"author\":{\"name\":\"La Sentinelle\",\"@id\":\"https:\\\/\\\/lasentinelle.dz\\\/#\\\/schema\\\/person\\\/d865044e22e70a75174ce8bcad3acfb3\"},\"headline\":\"Cl\u00f4ture du 11e congr\u00e8s du FLN\u00a0: Abdelkrim Benmebarek nouveau secr\u00e9taire g\u00e9n\u00e9ral\",\"datePublished\":\"2023-11-13T21:36:59+00:00\",\"dateModified\":\"2023-11-13T21:37:01+00:00\",\"mainEntityOfPage\":{\"@id\":\"https:\\\/\\\/lasentinelle.dz\\\/index.php\\\/2023\\\/11\\\/13\\\/cloture-du-11e-congres-du-fln-abdelkrim-benmebarek-nouveau-secretaire-general\\\/\"},\"wordCount\":1011,\"commentCount\":0,\"publisher\":{\"@id\":\"https:\\\/\\\/lasentinelle.dz\\\/#organization\"},\"image\":{\"@id\":\"https:\\\/\\\/lasentinelle.dz\\\/index.php\\\/2023\\\/11\\\/13\\\/cloture-du-11e-congres-du-fln-abdelkrim-benmebarek-nouveau-secretaire-general\\\/#primaryimage\"},\"thumbnailUrl\":\"https:\\\/\\\/lasentinelle.dz\\\/wp-content\\\/uploads\\\/2023\\\/11\\\/Abdelkrim-Benmebarek-.webp\",\"articleSection\":[\"\u00c0 la Une\",\"Actualit\u00e9\",\"Politique\"],\"inLanguage\":\"fr-FR\",\"potentialAction\":[{\"@type\":\"CommentAction\",\"name\":\"Comment\",\"target\":[\"https:\\\/\\\/lasentinelle.dz\\\/index.php\\\/2023\\\/11\\\/13\\\/cloture-du-11e-congres-du-fln-abdelkrim-benmebarek-nouveau-secretaire-general\\\/#respond\"]}]},{\"@type\":\"WebPage\",\"@id\":\"https:\\\/\\\/lasentinelle.dz\\\/index.php\\\/2023\\\/11\\\/13\\\/cloture-du-11e-congres-du-fln-abdelkrim-benmebarek-nouveau-secretaire-general\\\/\",\"url\":\"https:\\\/\\\/lasentinelle.dz\\\/index.php\\\/2023\\\/11\\\/13\\\/cloture-du-11e-congres-du-fln-abdelkrim-benmebarek-nouveau-secretaire-general\\\/\",\"name\":\"Cl\u00f4ture du 11e congr\u00e8s du FLN\u00a0: Abdelkrim Benmebarek nouveau secr\u00e9taire g\u00e9n\u00e9ral - La Sentinelle\",\"isPartOf\":{\"@id\":\"https:\\\/\\\/lasentinelle.dz\\\/#website\"},\"primaryImageOfPage\":{\"@id\":\"https:\\\/\\\/lasentinelle.dz\\\/index.php\\\/2023\\\/11\\\/13\\\/cloture-du-11e-congres-du-fln-abdelkrim-benmebarek-nouveau-secretaire-general\\\/#primaryimage\"},\"image\":{\"@id\":\"https:\\\/\\\/lasentinelle.dz\\\/index.php\\\/2023\\\/11\\\/13\\\/cloture-du-11e-congres-du-fln-abdelkrim-benmebarek-nouveau-secretaire-general\\\/#primaryimage\"},\"thumbnailUrl\":\"https:\\\/\\\/lasentinelle.dz\\\/wp-content\\\/uploads\\\/2023\\\/11\\\/Abdelkrim-Benmebarek-.webp\",\"datePublished\":\"2023-11-13T21:36:59+00:00\",\"dateModified\":\"2023-11-13T21:37:01+00:00\",\"breadcrumb\":{\"@id\":\"https:\\\/\\\/lasentinelle.dz\\\/index.php\\\/2023\\\/11\\\/13\\\/cloture-du-11e-congres-du-fln-abdelkrim-benmebarek-nouveau-secretaire-general\\\/#breadcrumb\"},\"inLanguage\":\"fr-FR\",\"potentialAction\":[{\"@type\":\"ReadAction\",\"target\":[\"https:\\\/\\\/lasentinelle.dz\\\/index.php\\\/2023\\\/11\\\/13\\\/cloture-du-11e-congres-du-fln-abdelkrim-benmebarek-nouveau-secretaire-general\\\/\"]}]},{\"@type\":\"ImageObject\",\"inLanguage\":\"fr-FR\",\"@id\":\"https:\\\/\\\/lasentinelle.dz\\\/index.php\\\/2023\\\/11\\\/13\\\/cloture-du-11e-congres-du-fln-abdelkrim-benmebarek-nouveau-secretaire-general\\\/#primaryimage\",\"url\":\"https:\\\/\\\/lasentinelle.dz\\\/wp-content\\\/uploads\\\/2023\\\/11\\\/Abdelkrim-Benmebarek-.webp\",\"contentUrl\":\"https:\\\/\\\/lasentinelle.dz\\\/wp-content\\\/uploads\\\/2023\\\/11\\\/Abdelkrim-Benmebarek-.webp\",\"width\":780,\"height\":445},{\"@type\":\"BreadcrumbList\",\"@id\":\"https:\\\/\\\/lasentinelle.dz\\\/index.php\\\/2023\\\/11\\\/13\\\/cloture-du-11e-congres-du-fln-abdelkrim-benmebarek-nouveau-secretaire-general\\\/#breadcrumb\",\"itemListElement\":[{\"@type\":\"ListItem\",\"position\":1,\"name\":\"Accueil\",\"item\":\"https:\\\/\\\/lasentinelle.dz\\\/\"},{\"@type\":\"ListItem\",\"position\":2,\"name\":\"Cl\u00f4ture du 11e congr\u00e8s du FLN\u00a0: Abdelkrim Benmebarek nouveau secr\u00e9taire g\u00e9n\u00e9ral\"}]},{\"@type\":\"WebSite\",\"@id\":\"https:\\\/\\\/lasentinelle.dz\\\/#website\",\"url\":\"https:\\\/\\\/lasentinelle.dz\\\/\",\"name\":\"La Sentinelle\",\"description\":\"Quotidien national d&#039;information\",\"publisher\":{\"@id\":\"https:\\\/\\\/lasentinelle.dz\\\/#organization\"},\"potentialAction\":[{\"@type\":\"SearchAction\",\"target\":{\"@type\":\"EntryPoint\",\"urlTemplate\":\"https:\\\/\\\/lasentinelle.dz\\\/?s={search_term_string}\"},\"query-input\":{\"@type\":\"PropertyValueSpecification\",\"valueRequired\":true,\"valueName\":\"search_term_string\"}}],\"inLanguage\":\"fr-FR\"},{\"@type\":\"Organization\",\"@id\":\"https:\\\/\\\/lasentinelle.dz\\\/#organization\",\"name\":\"Quotidien La Sentinelle\",\"url\":\"https:\\\/\\\/lasentinelle.dz\\\/\",\"logo\":{\"@type\":\"ImageObject\",\"inLanguage\":\"fr-FR\",\"@id\":\"https:\\\/\\\/lasentinelle.dz\\\/#\\\/schema\\\/logo\\\/image\\\/\",\"url\":\"https:\\\/\\\/lasentinelle.dz\\\/wp-content\\\/uploads\\\/2021\\\/09\\\/logo-sentinelleSLOGAN-1.png\",\"contentUrl\":\"https:\\\/\\\/lasentinelle.dz\\\/wp-content\\\/uploads\\\/2021\\\/09\\\/logo-sentinelleSLOGAN-1.png\",\"width\":615,\"height\":142,\"caption\":\"Quotidien La Sentinelle\"},\"image\":{\"@id\":\"https:\\\/\\\/lasentinelle.dz\\\/#\\\/schema\\\/logo\\\/image\\\/\"},\"sameAs\":[\"https:\\\/\\\/www.facebook.com\\\/La-Sentinelle-104059864394773\"]},{\"@type\":\"Person\",\"@id\":\"https:\\\/\\\/lasentinelle.dz\\\/#\\\/schema\\\/person\\\/d865044e22e70a75174ce8bcad3acfb3\",\"name\":\"La Sentinelle\",\"image\":{\"@type\":\"ImageObject\",\"inLanguage\":\"fr-FR\",\"@id\":\"https:\\\/\\\/secure.gravatar.com\\\/avatar\\\/57de8e5d4b15d43fb361a71fbb36338450fe67865b528a43dd10ef7c51a20392?s=96&d=mm&r=g\",\"url\":\"https:\\\/\\\/secure.gravatar.com\\\/avatar\\\/57de8e5d4b15d43fb361a71fbb36338450fe67865b528a43dd10ef7c51a20392?s=96&d=mm&r=g\",\"contentUrl\":\"https:\\\/\\\/secure.gravatar.com\\\/avatar\\\/57de8e5d4b15d43fb361a71fbb36338450fe67865b528a43dd10ef7c51a20392?s=96&d=mm&r=g\",\"caption\":\"La Sentinelle\"},\"sameAs\":[\"http:\\\/\\\/www.lasentinelle.dz\"],\"url\":\"https:\\\/\\\/lasentinelle.dz\\\/author\\\/redaction\\\/\"}]}<\/script>\n<!-- \/ Yoast SEO plugin. -->","yoast_head_json":{"title":"Cl\u00f4ture du 11e congr\u00e8s du FLN\u00a0: Abdelkrim Benmebarek nouveau secr\u00e9taire g\u00e9n\u00e9ral - La Sentinelle","robots":{"index":"index","follow":"follow","max-snippet":"max-snippet:-1","max-image-preview":"max-image-preview:large","max-video-preview":"max-video-preview:-1"},"canonical":"https:\/\/lasentinelle.dz\/index.php\/2023\/11\/13\/cloture-du-11e-congres-du-fln-abdelkrim-benmebarek-nouveau-secretaire-general\/","og_locale":"fr_FR","og_type":"article","og_title":"Cl\u00f4ture du 11e congr\u00e8s du FLN\u00a0: Abdelkrim Benmebarek nouveau secr\u00e9taire g\u00e9n\u00e9ral - La Sentinelle","og_description":"Le 11e congr\u00e8s du parti du Front de lib\u00e9ration national a pris fin hier apr\u00e8s trois jours de d\u00e9bats et","og_url":"https:\/\/lasentinelle.dz\/index.php\/2023\/11\/13\/cloture-du-11e-congres-du-fln-abdelkrim-benmebarek-nouveau-secretaire-general\/","og_site_name":"La Sentinelle","article_publisher":"https:\/\/www.facebook.com\/La-Sentinelle-104059864394773","article_published_time":"2023-11-13T21:36:59+00:00","article_modified_time":"2023-11-13T21:37:01+00:00","og_image":[{"width":780,"height":445,"url":"https:\/\/lasentinelle.dz\/wp-content\/uploads\/2023\/11\/Abdelkrim-Benmebarek-.webp","type":"image\/webp"}],"author":"La Sentinelle","twitter_card":"summary_large_image","twitter_misc":{"\u00c9crit par":"La Sentinelle","Dur\u00e9e de lecture estim\u00e9e":"5 minutes"},"schema":{"@context":"https:\/\/schema.org","@graph":[{"@type":"Article","@id":"https:\/\/lasentinelle.dz\/index.php\/2023\/11\/13\/cloture-du-11e-congres-du-fln-abdelkrim-benmebarek-nouveau-secretaire-general\/#article","isPartOf":{"@id":"https:\/\/lasentinelle.dz\/index.php\/2023\/11\/13\/cloture-du-11e-congres-du-fln-abdelkrim-benmebarek-nouveau-secretaire-general\/"},"author":{"name":"La Sentinelle","@id":"https:\/\/lasentinelle.dz\/#\/schema\/person\/d865044e22e70a75174ce8bcad3acfb3"},"headline":"Cl\u00f4ture du 11e congr\u00e8s du FLN\u00a0: Abdelkrim Benmebarek nouveau secr\u00e9taire g\u00e9n\u00e9ral","datePublished":"2023-11-13T21:36:59+00:00","dateModified":"2023-11-13T21:37:01+00:00","mainEntityOfPage":{"@id":"https:\/\/lasentinelle.dz\/index.php\/2023\/11\/13\/cloture-du-11e-congres-du-fln-abdelkrim-benmebarek-nouveau-secretaire-general\/"},"wordCount":1011,"commentCount":0,"publisher":{"@id":"https:\/\/lasentinelle.dz\/#organization"},"image":{"@id":"https:\/\/lasentinelle.dz\/index.php\/2023\/11\/13\/cloture-du-11e-congres-du-fln-abdelkrim-benmebarek-nouveau-secretaire-general\/#primaryimage"},"thumbnailUrl":"https:\/\/lasentinelle.dz\/wp-content\/uploads\/2023\/11\/Abdelkrim-Benmebarek-.webp","articleSection":["\u00c0 la Une","Actualit\u00e9","Politique"],"inLanguage":"fr-FR","potentialAction":[{"@type":"CommentAction","name":"Comment","target":["https:\/\/lasentinelle.dz\/index.php\/2023\/11\/13\/cloture-du-11e-congres-du-fln-abdelkrim-benmebarek-nouveau-secretaire-general\/#respond"]}]},{"@type":"WebPage","@id":"https:\/\/lasentinelle.dz\/index.php\/2023\/11\/13\/cloture-du-11e-congres-du-fln-abdelkrim-benmebarek-nouveau-secretaire-general\/","url":"https:\/\/lasentinelle.dz\/index.php\/2023\/11\/13\/cloture-du-11e-congres-du-fln-abdelkrim-benmebarek-nouveau-secretaire-general\/","name":"Cl\u00f4ture du 11e congr\u00e8s du FLN\u00a0: Abdelkrim Benmebarek nouveau secr\u00e9taire g\u00e9n\u00e9ral - La Sentinelle","isPartOf":{"@id":"https:\/\/lasentinelle.dz\/#website"},"primaryImageOfPage":{"@id":"https:\/\/lasentinelle.dz\/index.php\/2023\/11\/13\/cloture-du-11e-congres-du-fln-abdelkrim-benmebarek-nouveau-secretaire-general\/#primaryimage"},"image":{"@id":"https:\/\/lasentinelle.dz\/index.php\/2023\/11\/13\/cloture-du-11e-congres-du-fln-abdelkrim-benmebarek-nouveau-secretaire-general\/#primaryimage"},"thumbnailUrl":"https:\/\/lasentinelle.dz\/wp-content\/uploads\/2023\/11\/Abdelkrim-Benmebarek-.webp","datePublished":"2023-11-13T21:36:59+00:00","dateModified":"2023-11-13T21:37:01+00:00","breadcrumb":{"@id":"https:\/\/lasentinelle.dz\/index.php\/2023\/11\/13\/cloture-du-11e-congres-du-fln-abdelkrim-benmebarek-nouveau-secretaire-general\/#breadcrumb"},"inLanguage":"fr-FR","potentialAction":[{"@type":"ReadAction","target":["https:\/\/lasentinelle.dz\/index.php\/2023\/11\/13\/cloture-du-11e-congres-du-fln-abdelkrim-benmebarek-nouveau-secretaire-general\/"]}]},{"@type":"ImageObject","inLanguage":"fr-FR","@id":"https:\/\/lasentinelle.dz\/index.php\/2023\/11\/13\/cloture-du-11e-congres-du-fln-abdelkrim-benmebarek-nouveau-secretaire-general\/#primaryimage","url":"https:\/\/lasentinelle.dz\/wp-content\/uploads\/2023\/11\/Abdelkrim-Benmebarek-.webp","contentUrl":"https:\/\/lasentinelle.dz\/wp-content\/uploads\/2023\/11\/Abdelkrim-Benmebarek-.webp","width":780,"height":445},{"@type":"BreadcrumbList","@id":"https:\/\/lasentinelle.dz\/index.php\/2023\/11\/13\/cloture-du-11e-congres-du-fln-abdelkrim-benmebarek-nouveau-secretaire-general\/#breadcrumb","itemListElement":[{"@type":"ListItem","position":1,"name":"Accueil","item":"https:\/\/lasentinelle.dz\/"},{"@type":"ListItem","position":2,"name":"Cl\u00f4ture du 11e congr\u00e8s du FLN\u00a0: Abdelkrim Benmebarek nouveau secr\u00e9taire g\u00e9n\u00e9ral"}]},{"@type":"WebSite","@id":"https:\/\/lasentinelle.dz\/#website","url":"https:\/\/lasentinelle.dz\/","name":"La Sentinelle","description":"Quotidien national d&#039;information","publisher":{"@id":"https:\/\/lasentinelle.dz\/#organization"},"potentialAction":[{"@type":"SearchAction","target":{"@type":"EntryPoint","urlTemplate":"https:\/\/lasentinelle.dz\/?s={search_term_string}"},"query-input":{"@type":"PropertyValueSpecification","valueRequired":true,"valueName":"search_term_string"}}],"inLanguage":"fr-FR"},{"@type":"Organization","@id":"https:\/\/lasentinelle.dz\/#organization","name":"Quotidien La Sentinelle","url":"https:\/\/lasentinelle.dz\/","logo":{"@type":"ImageObject","inLanguage":"fr-FR","@id":"https:\/\/lasentinelle.dz\/#\/schema\/logo\/image\/","url":"https:\/\/lasentinelle.dz\/wp-content\/uploads\/2021\/09\/logo-sentinelleSLOGAN-1.png","contentUrl":"https:\/\/lasentinelle.dz\/wp-content\/uploads\/2021\/09\/logo-sentinelleSLOGAN-1.png","width":615,"height":142,"caption":"Quotidien La Sentinelle"},"image":{"@id":"https:\/\/lasentinelle.dz\/#\/schema\/logo\/image\/"},"sameAs":["https:\/\/www.facebook.com\/La-Sentinelle-104059864394773"]},{"@type":"Person","@id":"https:\/\/lasentinelle.dz\/#\/schema\/person\/d865044e22e70a75174ce8bcad3acfb3","name":"La Sentinelle","image":{"@type":"ImageObject","inLanguage":"fr-FR","@id":"https:\/\/secure.gravatar.com\/avatar\/57de8e5d4b15d43fb361a71fbb36338450fe67865b528a43dd10ef7c51a20392?s=96&d=mm&r=g","url":"https:\/\/secure.gravatar.com\/avatar\/57de8e5d4b15d43fb361a71fbb36338450fe67865b528a43dd10ef7c51a20392?s=96&d=mm&r=g","contentUrl":"https:\/\/secure.gravatar.com\/avatar\/57de8e5d4b15d43fb361a71fbb36338450fe67865b528a43dd10ef7c51a20392?s=96&d=mm&r=g","caption":"La Sentinelle"},"sameAs":["http:\/\/www.lasentinelle.dz"],"url":"https:\/\/lasentinelle.dz\/author\/redaction\/"}]}},"_links":{"self":[{"href":"https:\/\/lasentinelle.dz\/index.php\/wp-json\/wp\/v2\/posts\/47091","targetHints":{"allow":["GET"]}}],"collection":[{"href":"https:\/\/lasentinelle.dz\/index.php\/wp-json\/wp\/v2\/posts"}],"about":[{"href":"https:\/\/lasentinelle.dz\/index.php\/wp-json\/wp\/v2\/types\/post"}],"author":[{"embeddable":true,"href":"https:\/\/lasentinelle.dz\/index.php\/wp-json\/wp\/v2\/users\/3"}],"replies":[{"embeddable":true,"href":"https:\/\/lasentinelle.dz\/index.php\/wp-json\/wp\/v2\/comments?post=47091"}],"version-history":[{"count":1,"href":"https:\/\/lasentinelle.dz\/index.php\/wp-json\/wp\/v2\/posts\/47091\/revisions"}],"predecessor-version":[{"id":47093,"href":"https:\/\/lasentinelle.dz\/index.php\/wp-json\/wp\/v2\/posts\/47091\/revisions\/47093"}],"wp:featuredmedia":[{"embeddable":true,"href":"https:\/\/lasentinelle.dz\/index.php\/wp-json\/wp\/v2\/media\/47092"}],"wp:attachment":[{"href":"https:\/\/lasentinelle.dz\/index.php\/wp-json\/wp\/v2\/media?parent=47091"}],"wp:term":[{"taxonomy":"category","embeddable":true,"href":"https:\/\/lasentinelle.dz\/index.php\/wp-json\/wp\/v2\/categories?post=47091"},{"taxonomy":"post_tag","embeddable":true,"href":"https:\/\/lasentinelle.dz\/index.php\/wp-json\/wp\/v2\/tags?post=47091"}],"curies":[{"name":"wp","href":"https:\/\/api.w.org\/{rel}","templated":true}]}}