{"id":47126,"date":"2023-11-14T22:27:07","date_gmt":"2023-11-14T21:27:07","guid":{"rendered":"https:\/\/lasentinelle.dz\/?p=47126"},"modified":"2023-11-14T22:27:14","modified_gmt":"2023-11-14T21:27:14","slug":"annaba-lex-p-apc-dain-el-berda-condamne-a-2-ans-de-prison","status":"publish","type":"post","link":"https:\/\/lasentinelle.dz\/index.php\/2023\/11\/14\/annaba-lex-p-apc-dain-el-berda-condamne-a-2-ans-de-prison\/","title":{"rendered":"Annaba\u00a0: L\u2019ex-P\/APC d\u2019Ain El Berda condamn\u00e9 \u00e0 2 ans de prison"},"content":{"rendered":"\n<p>L\u2019ancien \u00e9lu est accus\u00e9 ainsi que quatre de ses coaccus\u00e9s de n\u00e9gligence ayant occasionn\u00e9 le vol et la perte de deniers publics.<\/p>\n\n\n\n<p>L\u2019ancien pr\u00e9sident de l\u2019Assembl\u00e9e populaire communale d\u2019Ain El Berda et ses quatre coaccus\u00e9s ont comparu, hier, devant le tribunal correctionnel, pr\u00e8s la cours de justice d\u2019Annaba n\u00e9gligence ayant occasionn\u00e9 le vol et la perte de deniers publics. L\u2019ex-P\/APC, l\u2019ancien maire par int\u00e9rim, deux adjoints et une employ\u00e9e sont accus\u00e9s dans cette affaire, avons-nous constat\u00e9 sur place. Au cours du proc\u00e8s, le premier mis en cause, le P\/APC en l\u2019occurrence a \u00e9t\u00e9 condamn\u00e9 \u00e0 une peine de deux ans de prison ferme assortie d\u2019une amende de 100 millions de centimes, alors que l\u2019ex-maire par int\u00e9rim et l\u2019un des adjoints ont \u00e9t\u00e9 condamn\u00e9s quant \u00e0 eux \u00e0 un an de prison assortie d\u2019une amende de 100 millions de centimes. Quant \u00e0 l\u2019employ\u00e9e et les autres \u00e9diles ont \u00e9t\u00e9 blanchis par la m\u00eame instance de justice, a-t-on encore constat\u00e9. On rappelle que la gen\u00e8se de l\u2019affaire remonte \u00e0 l\u2019ann\u00e9e 2019, lorsqu&rsquo;un cambriolage a \u00e9t\u00e9 enregistr\u00e9, ciblant divers \u00e9quipements de la maison de jeune sis la cit\u00e9 el Harouchi, relevant de la commune d\u2019Ain El Berda. Un cambriolage qui, apr\u00e8s six mois, n\u2019a fait l\u2019objet d\u2019aucun rapport pour le signaler et aucune plainte n\u2019a \u00e9t\u00e9 d\u00e9pos\u00e9e, ni par le P\/APC, ni par, le maire-adjoint nomm\u00e9 maire par int\u00e9rim \u00e0 la t\u00eate de l\u2019APC. Ayant \u00e9t\u00e9 inform\u00e9 par des sources internes \u00e0 l\u2019APC d\u2019Ain El Berda, Toufik Mezhoud, ancien wali d\u2019Annaba, a aussit\u00f4t mis fin aux fonctions de l\u2019ancien P\/APC et a intent\u00e9 une action en justice contre lui et contre son int\u00e9rimaire. L\u2019ancien chef de l\u2019ex\u00e9cutif local a \u00e9galement est\u00e9 en justice le d\u00e9put\u00e9 charg\u00e9 des affaires sociales, l&rsquo;adjointe charg\u00e9e des affaires sociales et celle qui occupait un poste au bureau des biens de commune. Il est reproch\u00e9 aux fonctionnaires susmentionn\u00e9s n&rsquo;avoir pr\u00e9sent\u00e9 aucun rapport ou de plainte indiquant que la maison de jeunes ait fait l&rsquo;objet d&rsquo;un vol. D&rsquo;autant que Le cambriolage a cibl\u00e9 du mat\u00e9riel bureautique et du mat\u00e9riel informatique important et surtout co\u00fbteux. \u00c0 l\u2019issue de la plainte d\u00e9pos\u00e9e par l\u2019ancien wali d\u2019Annaba, une information judiciaire a \u00e9t\u00e9 ouverte par la Gendarmerie nationale, sur instruction du procureur de la R\u00e9publique, pr\u00e8s le tribunal d\u2019Ain El Berda. Les cinq mis en cause, dont deux femmes, ont \u00e9t\u00e9 poursuivis pour n\u00e9gligence ayant entra\u00een\u00e9 le vol et la perte de deniers publics.<\/p>\n\n\n\n<p><strong>Sofia Chahine<\/strong><\/p>\n","protected":false},"excerpt":{"rendered":"<p>L\u2019ancien \u00e9lu est accus\u00e9 ainsi que quatre de ses coaccus\u00e9s de n\u00e9gligence ayant occasionn\u00e9 le vol et la perte de<\/p>\n","protected":false},"author":3,"featured_media":28876,"comment_status":"open","ping_status":"closed","sticky":false,"template":"","format":"standard","meta":{"colormag_page_container_layout":"default_layout","colormag_page_sidebar_layout":"default_layout","om_disable_all_campaigns":false,"_monsterinsights_skip_tracking":false,"_monsterinsights_sitenote_active":false,"_monsterinsights_sitenote_note":"","_monsterinsights_sitenote_category":0,"footnotes":"","_wpscppro_dont_share_socialmedia":false,"_wpscppro_custom_social_share_image":0,"_facebook_share_type":"","_twitter_share_type":"","_linkedin_share_type":"","_pinterest_share_type":"","_linkedin_share_type_page":"","_instagram_share_type":"","_medium_share_type":"","_threads_share_type":"","_google_business_share_type":"","_selected_social_profile":[],"_wpsp_enable_custom_social_template":false,"_wpsp_social_scheduling":{"enabled":false,"datetime":null,"platforms":[],"status":"template_only","dateOption":"today","timeOption":"now","customDays":"","customHours":"","customDate":"","customTime":"","schedulingType":"absolute"},"_wpsp_active_default_template":true},"categories":[31],"tags":[],"class_list":["post-47126","post","type-post","status-publish","format-standard","has-post-thumbnail","hentry","category-regions"],"aioseo_notices":[],"yoast_head":"<!-- This site is optimized with the Yoast SEO plugin v27.5 - https:\/\/yoast.com\/product\/yoast-seo-wordpress\/ -->\n<title>Annaba\u00a0: L\u2019ex-P\/APC d\u2019Ain El Berda condamn\u00e9 \u00e0 2 ans de prison - La Sentinelle<\/title>\n<meta name=\"robots\" content=\"index, follow, max-snippet:-1, max-image-preview:large, max-video-preview:-1\" \/>\n<link rel=\"canonical\" href=\"https:\/\/lasentinelle.dz\/index.php\/2023\/11\/14\/annaba-lex-p-apc-dain-el-berda-condamne-a-2-ans-de-prison\/\" \/>\n<meta property=\"og:locale\" content=\"fr_FR\" \/>\n<meta property=\"og:type\" content=\"article\" \/>\n<meta property=\"og:title\" content=\"Annaba\u00a0: L\u2019ex-P\/APC d\u2019Ain El Berda condamn\u00e9 \u00e0 2 ans de prison - La Sentinelle\" \/>\n<meta property=\"og:description\" content=\"L\u2019ancien \u00e9lu est accus\u00e9 ainsi que quatre de ses coaccus\u00e9s de n\u00e9gligence ayant occasionn\u00e9 le vol et la perte de\" \/>\n<meta property=\"og:url\" content=\"https:\/\/lasentinelle.dz\/index.php\/2023\/11\/14\/annaba-lex-p-apc-dain-el-berda-condamne-a-2-ans-de-prison\/\" \/>\n<meta property=\"og:site_name\" content=\"La Sentinelle\" \/>\n<meta property=\"article:publisher\" content=\"https:\/\/www.facebook.com\/La-Sentinelle-104059864394773\" \/>\n<meta property=\"article:published_time\" content=\"2023-11-14T21:27:07+00:00\" \/>\n<meta property=\"article:modified_time\" content=\"2023-11-14T21:27:14+00:00\" \/>\n<meta property=\"og:image\" content=\"https:\/\/lasentinelle.dz\/wp-content\/uploads\/2022\/10\/Justice.png\" \/>\n\t<meta property=\"og:image:width\" content=\"1349\" \/>\n\t<meta property=\"og:image:height\" content=\"900\" \/>\n\t<meta property=\"og:image:type\" content=\"image\/png\" \/>\n<meta name=\"author\" content=\"La Sentinelle\" \/>\n<meta name=\"twitter:card\" content=\"summary_large_image\" \/>\n<meta name=\"twitter:label1\" content=\"\u00c9crit par\" \/>\n\t<meta name=\"twitter:data1\" content=\"La Sentinelle\" \/>\n\t<meta name=\"twitter:label2\" content=\"Dur\u00e9e de lecture estim\u00e9e\" \/>\n\t<meta name=\"twitter:data2\" content=\"3 minutes\" \/>\n<script type=\"application\/ld+json\" class=\"yoast-schema-graph\">{\"@context\":\"https:\\\/\\\/schema.org\",\"@graph\":[{\"@type\":\"Article\",\"@id\":\"https:\\\/\\\/lasentinelle.dz\\\/index.php\\\/2023\\\/11\\\/14\\\/annaba-lex-p-apc-dain-el-berda-condamne-a-2-ans-de-prison\\\/#article\",\"isPartOf\":{\"@id\":\"https:\\\/\\\/lasentinelle.dz\\\/index.php\\\/2023\\\/11\\\/14\\\/annaba-lex-p-apc-dain-el-berda-condamne-a-2-ans-de-prison\\\/\"},\"author\":{\"name\":\"La Sentinelle\",\"@id\":\"https:\\\/\\\/lasentinelle.dz\\\/#\\\/schema\\\/person\\\/d865044e22e70a75174ce8bcad3acfb3\"},\"headline\":\"Annaba\u00a0: L\u2019ex-P\\\/APC d\u2019Ain El Berda condamn\u00e9 \u00e0 2 ans de prison\",\"datePublished\":\"2023-11-14T21:27:07+00:00\",\"dateModified\":\"2023-11-14T21:27:14+00:00\",\"mainEntityOfPage\":{\"@id\":\"https:\\\/\\\/lasentinelle.dz\\\/index.php\\\/2023\\\/11\\\/14\\\/annaba-lex-p-apc-dain-el-berda-condamne-a-2-ans-de-prison\\\/\"},\"wordCount\":482,\"commentCount\":0,\"publisher\":{\"@id\":\"https:\\\/\\\/lasentinelle.dz\\\/#organization\"},\"image\":{\"@id\":\"https:\\\/\\\/lasentinelle.dz\\\/index.php\\\/2023\\\/11\\\/14\\\/annaba-lex-p-apc-dain-el-berda-condamne-a-2-ans-de-prison\\\/#primaryimage\"},\"thumbnailUrl\":\"https:\\\/\\\/lasentinelle.dz\\\/wp-content\\\/uploads\\\/2022\\\/10\\\/Justice.png\",\"articleSection\":[\"R\u00e9gions\"],\"inLanguage\":\"fr-FR\",\"potentialAction\":[{\"@type\":\"CommentAction\",\"name\":\"Comment\",\"target\":[\"https:\\\/\\\/lasentinelle.dz\\\/index.php\\\/2023\\\/11\\\/14\\\/annaba-lex-p-apc-dain-el-berda-condamne-a-2-ans-de-prison\\\/#respond\"]}]},{\"@type\":\"WebPage\",\"@id\":\"https:\\\/\\\/lasentinelle.dz\\\/index.php\\\/2023\\\/11\\\/14\\\/annaba-lex-p-apc-dain-el-berda-condamne-a-2-ans-de-prison\\\/\",\"url\":\"https:\\\/\\\/lasentinelle.dz\\\/index.php\\\/2023\\\/11\\\/14\\\/annaba-lex-p-apc-dain-el-berda-condamne-a-2-ans-de-prison\\\/\",\"name\":\"Annaba\u00a0: L\u2019ex-P\\\/APC d\u2019Ain El Berda condamn\u00e9 \u00e0 2 ans de prison - La Sentinelle\",\"isPartOf\":{\"@id\":\"https:\\\/\\\/lasentinelle.dz\\\/#website\"},\"primaryImageOfPage\":{\"@id\":\"https:\\\/\\\/lasentinelle.dz\\\/index.php\\\/2023\\\/11\\\/14\\\/annaba-lex-p-apc-dain-el-berda-condamne-a-2-ans-de-prison\\\/#primaryimage\"},\"image\":{\"@id\":\"https:\\\/\\\/lasentinelle.dz\\\/index.php\\\/2023\\\/11\\\/14\\\/annaba-lex-p-apc-dain-el-berda-condamne-a-2-ans-de-prison\\\/#primaryimage\"},\"thumbnailUrl\":\"https:\\\/\\\/lasentinelle.dz\\\/wp-content\\\/uploads\\\/2022\\\/10\\\/Justice.png\",\"datePublished\":\"2023-11-14T21:27:07+00:00\",\"dateModified\":\"2023-11-14T21:27:14+00:00\",\"breadcrumb\":{\"@id\":\"https:\\\/\\\/lasentinelle.dz\\\/index.php\\\/2023\\\/11\\\/14\\\/annaba-lex-p-apc-dain-el-berda-condamne-a-2-ans-de-prison\\\/#breadcrumb\"},\"inLanguage\":\"fr-FR\",\"potentialAction\":[{\"@type\":\"ReadAction\",\"target\":[\"https:\\\/\\\/lasentinelle.dz\\\/index.php\\\/2023\\\/11\\\/14\\\/annaba-lex-p-apc-dain-el-berda-condamne-a-2-ans-de-prison\\\/\"]}]},{\"@type\":\"ImageObject\",\"inLanguage\":\"fr-FR\",\"@id\":\"https:\\\/\\\/lasentinelle.dz\\\/index.php\\\/2023\\\/11\\\/14\\\/annaba-lex-p-apc-dain-el-berda-condamne-a-2-ans-de-prison\\\/#primaryimage\",\"url\":\"https:\\\/\\\/lasentinelle.dz\\\/wp-content\\\/uploads\\\/2022\\\/10\\\/Justice.png\",\"contentUrl\":\"https:\\\/\\\/lasentinelle.dz\\\/wp-content\\\/uploads\\\/2022\\\/10\\\/Justice.png\",\"width\":1349,\"height\":900},{\"@type\":\"BreadcrumbList\",\"@id\":\"https:\\\/\\\/lasentinelle.dz\\\/index.php\\\/2023\\\/11\\\/14\\\/annaba-lex-p-apc-dain-el-berda-condamne-a-2-ans-de-prison\\\/#breadcrumb\",\"itemListElement\":[{\"@type\":\"ListItem\",\"position\":1,\"name\":\"Accueil\",\"item\":\"https:\\\/\\\/lasentinelle.dz\\\/\"},{\"@type\":\"ListItem\",\"position\":2,\"name\":\"Annaba\u00a0: L\u2019ex-P\\\/APC d\u2019Ain El Berda condamn\u00e9 \u00e0 2 ans de prison\"}]},{\"@type\":\"WebSite\",\"@id\":\"https:\\\/\\\/lasentinelle.dz\\\/#website\",\"url\":\"https:\\\/\\\/lasentinelle.dz\\\/\",\"name\":\"La Sentinelle\",\"description\":\"Quotidien national d&#039;information\",\"publisher\":{\"@id\":\"https:\\\/\\\/lasentinelle.dz\\\/#organization\"},\"potentialAction\":[{\"@type\":\"SearchAction\",\"target\":{\"@type\":\"EntryPoint\",\"urlTemplate\":\"https:\\\/\\\/lasentinelle.dz\\\/?s={search_term_string}\"},\"query-input\":{\"@type\":\"PropertyValueSpecification\",\"valueRequired\":true,\"valueName\":\"search_term_string\"}}],\"inLanguage\":\"fr-FR\"},{\"@type\":\"Organization\",\"@id\":\"https:\\\/\\\/lasentinelle.dz\\\/#organization\",\"name\":\"Quotidien La Sentinelle\",\"url\":\"https:\\\/\\\/lasentinelle.dz\\\/\",\"logo\":{\"@type\":\"ImageObject\",\"inLanguage\":\"fr-FR\",\"@id\":\"https:\\\/\\\/lasentinelle.dz\\\/#\\\/schema\\\/logo\\\/image\\\/\",\"url\":\"https:\\\/\\\/lasentinelle.dz\\\/wp-content\\\/uploads\\\/2021\\\/09\\\/logo-sentinelleSLOGAN-1.png\",\"contentUrl\":\"https:\\\/\\\/lasentinelle.dz\\\/wp-content\\\/uploads\\\/2021\\\/09\\\/logo-sentinelleSLOGAN-1.png\",\"width\":615,\"height\":142,\"caption\":\"Quotidien La Sentinelle\"},\"image\":{\"@id\":\"https:\\\/\\\/lasentinelle.dz\\\/#\\\/schema\\\/logo\\\/image\\\/\"},\"sameAs\":[\"https:\\\/\\\/www.facebook.com\\\/La-Sentinelle-104059864394773\"]},{\"@type\":\"Person\",\"@id\":\"https:\\\/\\\/lasentinelle.dz\\\/#\\\/schema\\\/person\\\/d865044e22e70a75174ce8bcad3acfb3\",\"name\":\"La Sentinelle\",\"image\":{\"@type\":\"ImageObject\",\"inLanguage\":\"fr-FR\",\"@id\":\"https:\\\/\\\/secure.gravatar.com\\\/avatar\\\/57de8e5d4b15d43fb361a71fbb36338450fe67865b528a43dd10ef7c51a20392?s=96&d=mm&r=g\",\"url\":\"https:\\\/\\\/secure.gravatar.com\\\/avatar\\\/57de8e5d4b15d43fb361a71fbb36338450fe67865b528a43dd10ef7c51a20392?s=96&d=mm&r=g\",\"contentUrl\":\"https:\\\/\\\/secure.gravatar.com\\\/avatar\\\/57de8e5d4b15d43fb361a71fbb36338450fe67865b528a43dd10ef7c51a20392?s=96&d=mm&r=g\",\"caption\":\"La Sentinelle\"},\"sameAs\":[\"http:\\\/\\\/www.lasentinelle.dz\"],\"url\":\"https:\\\/\\\/lasentinelle.dz\\\/author\\\/redaction\\\/\"}]}<\/script>\n<!-- \/ Yoast SEO plugin. -->","yoast_head_json":{"title":"Annaba\u00a0: L\u2019ex-P\/APC d\u2019Ain El Berda condamn\u00e9 \u00e0 2 ans de prison - La Sentinelle","robots":{"index":"index","follow":"follow","max-snippet":"max-snippet:-1","max-image-preview":"max-image-preview:large","max-video-preview":"max-video-preview:-1"},"canonical":"https:\/\/lasentinelle.dz\/index.php\/2023\/11\/14\/annaba-lex-p-apc-dain-el-berda-condamne-a-2-ans-de-prison\/","og_locale":"fr_FR","og_type":"article","og_title":"Annaba\u00a0: L\u2019ex-P\/APC d\u2019Ain El Berda condamn\u00e9 \u00e0 2 ans de prison - La Sentinelle","og_description":"L\u2019ancien \u00e9lu est accus\u00e9 ainsi que quatre de ses coaccus\u00e9s de n\u00e9gligence ayant occasionn\u00e9 le vol et la perte de","og_url":"https:\/\/lasentinelle.dz\/index.php\/2023\/11\/14\/annaba-lex-p-apc-dain-el-berda-condamne-a-2-ans-de-prison\/","og_site_name":"La Sentinelle","article_publisher":"https:\/\/www.facebook.com\/La-Sentinelle-104059864394773","article_published_time":"2023-11-14T21:27:07+00:00","article_modified_time":"2023-11-14T21:27:14+00:00","og_image":[{"width":1349,"height":900,"url":"https:\/\/lasentinelle.dz\/wp-content\/uploads\/2022\/10\/Justice.png","type":"image\/png"}],"author":"La Sentinelle","twitter_card":"summary_large_image","twitter_misc":{"\u00c9crit par":"La Sentinelle","Dur\u00e9e de lecture estim\u00e9e":"3 minutes"},"schema":{"@context":"https:\/\/schema.org","@graph":[{"@type":"Article","@id":"https:\/\/lasentinelle.dz\/index.php\/2023\/11\/14\/annaba-lex-p-apc-dain-el-berda-condamne-a-2-ans-de-prison\/#article","isPartOf":{"@id":"https:\/\/lasentinelle.dz\/index.php\/2023\/11\/14\/annaba-lex-p-apc-dain-el-berda-condamne-a-2-ans-de-prison\/"},"author":{"name":"La Sentinelle","@id":"https:\/\/lasentinelle.dz\/#\/schema\/person\/d865044e22e70a75174ce8bcad3acfb3"},"headline":"Annaba\u00a0: L\u2019ex-P\/APC d\u2019Ain El Berda condamn\u00e9 \u00e0 2 ans de prison","datePublished":"2023-11-14T21:27:07+00:00","dateModified":"2023-11-14T21:27:14+00:00","mainEntityOfPage":{"@id":"https:\/\/lasentinelle.dz\/index.php\/2023\/11\/14\/annaba-lex-p-apc-dain-el-berda-condamne-a-2-ans-de-prison\/"},"wordCount":482,"commentCount":0,"publisher":{"@id":"https:\/\/lasentinelle.dz\/#organization"},"image":{"@id":"https:\/\/lasentinelle.dz\/index.php\/2023\/11\/14\/annaba-lex-p-apc-dain-el-berda-condamne-a-2-ans-de-prison\/#primaryimage"},"thumbnailUrl":"https:\/\/lasentinelle.dz\/wp-content\/uploads\/2022\/10\/Justice.png","articleSection":["R\u00e9gions"],"inLanguage":"fr-FR","potentialAction":[{"@type":"CommentAction","name":"Comment","target":["https:\/\/lasentinelle.dz\/index.php\/2023\/11\/14\/annaba-lex-p-apc-dain-el-berda-condamne-a-2-ans-de-prison\/#respond"]}]},{"@type":"WebPage","@id":"https:\/\/lasentinelle.dz\/index.php\/2023\/11\/14\/annaba-lex-p-apc-dain-el-berda-condamne-a-2-ans-de-prison\/","url":"https:\/\/lasentinelle.dz\/index.php\/2023\/11\/14\/annaba-lex-p-apc-dain-el-berda-condamne-a-2-ans-de-prison\/","name":"Annaba\u00a0: L\u2019ex-P\/APC d\u2019Ain El Berda condamn\u00e9 \u00e0 2 ans de prison - La Sentinelle","isPartOf":{"@id":"https:\/\/lasentinelle.dz\/#website"},"primaryImageOfPage":{"@id":"https:\/\/lasentinelle.dz\/index.php\/2023\/11\/14\/annaba-lex-p-apc-dain-el-berda-condamne-a-2-ans-de-prison\/#primaryimage"},"image":{"@id":"https:\/\/lasentinelle.dz\/index.php\/2023\/11\/14\/annaba-lex-p-apc-dain-el-berda-condamne-a-2-ans-de-prison\/#primaryimage"},"thumbnailUrl":"https:\/\/lasentinelle.dz\/wp-content\/uploads\/2022\/10\/Justice.png","datePublished":"2023-11-14T21:27:07+00:00","dateModified":"2023-11-14T21:27:14+00:00","breadcrumb":{"@id":"https:\/\/lasentinelle.dz\/index.php\/2023\/11\/14\/annaba-lex-p-apc-dain-el-berda-condamne-a-2-ans-de-prison\/#breadcrumb"},"inLanguage":"fr-FR","potentialAction":[{"@type":"ReadAction","target":["https:\/\/lasentinelle.dz\/index.php\/2023\/11\/14\/annaba-lex-p-apc-dain-el-berda-condamne-a-2-ans-de-prison\/"]}]},{"@type":"ImageObject","inLanguage":"fr-FR","@id":"https:\/\/lasentinelle.dz\/index.php\/2023\/11\/14\/annaba-lex-p-apc-dain-el-berda-condamne-a-2-ans-de-prison\/#primaryimage","url":"https:\/\/lasentinelle.dz\/wp-content\/uploads\/2022\/10\/Justice.png","contentUrl":"https:\/\/lasentinelle.dz\/wp-content\/uploads\/2022\/10\/Justice.png","width":1349,"height":900},{"@type":"BreadcrumbList","@id":"https:\/\/lasentinelle.dz\/index.php\/2023\/11\/14\/annaba-lex-p-apc-dain-el-berda-condamne-a-2-ans-de-prison\/#breadcrumb","itemListElement":[{"@type":"ListItem","position":1,"name":"Accueil","item":"https:\/\/lasentinelle.dz\/"},{"@type":"ListItem","position":2,"name":"Annaba\u00a0: L\u2019ex-P\/APC d\u2019Ain El Berda condamn\u00e9 \u00e0 2 ans de prison"}]},{"@type":"WebSite","@id":"https:\/\/lasentinelle.dz\/#website","url":"https:\/\/lasentinelle.dz\/","name":"La Sentinelle","description":"Quotidien national d&#039;information","publisher":{"@id":"https:\/\/lasentinelle.dz\/#organization"},"potentialAction":[{"@type":"SearchAction","target":{"@type":"EntryPoint","urlTemplate":"https:\/\/lasentinelle.dz\/?s={search_term_string}"},"query-input":{"@type":"PropertyValueSpecification","valueRequired":true,"valueName":"search_term_string"}}],"inLanguage":"fr-FR"},{"@type":"Organization","@id":"https:\/\/lasentinelle.dz\/#organization","name":"Quotidien La Sentinelle","url":"https:\/\/lasentinelle.dz\/","logo":{"@type":"ImageObject","inLanguage":"fr-FR","@id":"https:\/\/lasentinelle.dz\/#\/schema\/logo\/image\/","url":"https:\/\/lasentinelle.dz\/wp-content\/uploads\/2021\/09\/logo-sentinelleSLOGAN-1.png","contentUrl":"https:\/\/lasentinelle.dz\/wp-content\/uploads\/2021\/09\/logo-sentinelleSLOGAN-1.png","width":615,"height":142,"caption":"Quotidien La Sentinelle"},"image":{"@id":"https:\/\/lasentinelle.dz\/#\/schema\/logo\/image\/"},"sameAs":["https:\/\/www.facebook.com\/La-Sentinelle-104059864394773"]},{"@type":"Person","@id":"https:\/\/lasentinelle.dz\/#\/schema\/person\/d865044e22e70a75174ce8bcad3acfb3","name":"La Sentinelle","image":{"@type":"ImageObject","inLanguage":"fr-FR","@id":"https:\/\/secure.gravatar.com\/avatar\/57de8e5d4b15d43fb361a71fbb36338450fe67865b528a43dd10ef7c51a20392?s=96&d=mm&r=g","url":"https:\/\/secure.gravatar.com\/avatar\/57de8e5d4b15d43fb361a71fbb36338450fe67865b528a43dd10ef7c51a20392?s=96&d=mm&r=g","contentUrl":"https:\/\/secure.gravatar.com\/avatar\/57de8e5d4b15d43fb361a71fbb36338450fe67865b528a43dd10ef7c51a20392?s=96&d=mm&r=g","caption":"La Sentinelle"},"sameAs":["http:\/\/www.lasentinelle.dz"],"url":"https:\/\/lasentinelle.dz\/author\/redaction\/"}]}},"_links":{"self":[{"href":"https:\/\/lasentinelle.dz\/index.php\/wp-json\/wp\/v2\/posts\/47126","targetHints":{"allow":["GET"]}}],"collection":[{"href":"https:\/\/lasentinelle.dz\/index.php\/wp-json\/wp\/v2\/posts"}],"about":[{"href":"https:\/\/lasentinelle.dz\/index.php\/wp-json\/wp\/v2\/types\/post"}],"author":[{"embeddable":true,"href":"https:\/\/lasentinelle.dz\/index.php\/wp-json\/wp\/v2\/users\/3"}],"replies":[{"embeddable":true,"href":"https:\/\/lasentinelle.dz\/index.php\/wp-json\/wp\/v2\/comments?post=47126"}],"version-history":[{"count":1,"href":"https:\/\/lasentinelle.dz\/index.php\/wp-json\/wp\/v2\/posts\/47126\/revisions"}],"predecessor-version":[{"id":47127,"href":"https:\/\/lasentinelle.dz\/index.php\/wp-json\/wp\/v2\/posts\/47126\/revisions\/47127"}],"wp:featuredmedia":[{"embeddable":true,"href":"https:\/\/lasentinelle.dz\/index.php\/wp-json\/wp\/v2\/media\/28876"}],"wp:attachment":[{"href":"https:\/\/lasentinelle.dz\/index.php\/wp-json\/wp\/v2\/media?parent=47126"}],"wp:term":[{"taxonomy":"category","embeddable":true,"href":"https:\/\/lasentinelle.dz\/index.php\/wp-json\/wp\/v2\/categories?post=47126"},{"taxonomy":"post_tag","embeddable":true,"href":"https:\/\/lasentinelle.dz\/index.php\/wp-json\/wp\/v2\/tags?post=47126"}],"curies":[{"name":"wp","href":"https:\/\/api.w.org\/{rel}","templated":true}]}}