{"id":47130,"date":"2023-11-14T22:32:33","date_gmt":"2023-11-14T21:32:33","guid":{"rendered":"https:\/\/lasentinelle.dz\/?p=47130"},"modified":"2023-11-14T22:32:35","modified_gmt":"2023-11-14T21:32:35","slug":"coup-de-pression-sur-les-concessionnaires-automobiles","status":"publish","type":"post","link":"https:\/\/lasentinelle.dz\/index.php\/2023\/11\/14\/coup-de-pression-sur-les-concessionnaires-automobiles\/","title":{"rendered":"Coup de pression sur les concessionnaires automobiles"},"content":{"rendered":"\n<p>L\u2019arriv\u00e9e de nouvelles marques de v\u00e9hicules sur le march\u00e9 alg\u00e9rien doit permettre de pousser les prix \u00e0 la baisse.<\/p>\n\n\n\n<p>L&rsquo;entreprise \u00ab\u00a0SODIVEM\u00a0\u00bb, concessionnaire agr\u00e9\u00e9 de la marque chinoise \u00ab\u00a0Geely\u00a0\u00bb a lanc\u00e9 ses activit\u00e9s jeudi et fait d\u00e9j\u00e0 sensation avec ses v\u00e9hicules propos\u00e9s \u00e0 des prix cass\u00e9s. Pour sa part, le groupe Halil repr\u00e9sentant de la marque allemande Opel, doit lancer ses activit\u00e9s aujourd\u2019hui. Deux nouvelles marques de v\u00e9hicules qui arrivent sur le march\u00e9 en attendant le lancement des activit\u00e9s de 38 autres concessionnaires agr\u00e9\u00e9s dont 14 sont d\u00e9j\u00e0 pr\u00eats \u00e0 lancer les op\u00e9rations d\u2019importation. Le march\u00e9 automobile alg\u00e9rien s\u2019ouvre donc progressivement ce qui doit permettre de pousser les prix \u00e0 la baisse dans le sillage de l\u2019intensification de la concurrence. Dans ce contexte, le ministre de l\u2019Industrie et de la Production pharmaceutique Ali Aoun veut acc\u00e9l\u00e9rer le processus et met un coup de pression sur les concessionnaires. Ainsi, lors d\u2019une entrevue, lundi avec le Directeur g\u00e9n\u00e9ral de l&rsquo;entreprise \u00ab\u00a0SODIVEM\u00a0\u00bb, concessionnaire agr\u00e9\u00e9 de la marque \u00ab\u00a0Geely\u00a0\u00bb en Alg\u00e9rie, Sabri Brahimi, le ministre a appel\u00e9 le concessionnaire \u00e0 lancer l&rsquo;op\u00e9ration de commercialisation avant la fin du mois de novembre. Selon un communiqu\u00e9 du minist\u00e8re, Ali Aoun a insist\u00e9, par la m\u00eame occasion, sur \u00ab\u00a0la n\u00e9cessit\u00e9 de revoir les prix des voitures qui seront commercialis\u00e9es afin qu&rsquo;ils soient abordables pour le citoyen alg\u00e9rien\u00a0\u00bb. De son c\u00f4t\u00e9, M. Brahimi a r\u00e9v\u00e9l\u00e9 que la marque \u00ab\u00a0Geely\u00a0\u00bb en Alg\u00e9rie proc\u00e8dera \u00e0 la commercialisation de quatre mod\u00e8les, dont les prix commencent \u00e0 partir de 1.970.000 DA. Deux autres mod\u00e8les seront commercialis\u00e9s d\u00e9but 2024, en attendant le lancement du projet de l&rsquo;usine de fabrication automobile avec le partenaire chinois, note le communiqu\u00e9.<\/p>\n\n\n\n<p>Proposer des v\u00e9hicules \u00e0 des prix accessibles aux m\u00e9nages alg\u00e9riens semble d\u2019ailleurs \u00eatre une pr\u00e9occupation des autorit\u00e9s. La question a ainsi \u00e9t\u00e9 au c\u0153ur d\u2019entretiens entre le ministre et un autre concessionnaire automobile.&nbsp; Le ministre qui a re\u00e7u le PDG de la filiale automobile du groupe Halil repr\u00e9sentant de la marque Opel en Alg\u00e9rie, Nacim Ben Gharghora, a discut\u00e9 des mod\u00e8les qui seront pr\u00e9sents sur le march\u00e9. Il a dans ce sens plaid\u00e9 pour l\u2019introduction des voitures Opel Corsa sur le march\u00e9 alg\u00e9rien, estimant que les prix actuels sont \u00e9lev\u00e9s et qu\u2019il est n\u00e9cessaire de les rendre plus accessibles aux moyennes bourses. En effet, le ministre a pris connaissance des prix, les jugeant \u00e9lev\u00e9s. Il insiste sur la n\u00e9cessit\u00e9 de les r\u00e9duire pour les rendre accessibles \u00e0 la classe moyenne, surtout avec l\u2019arriv\u00e9e d\u2019autres marques d\u2019ici la fin de l\u2019ann\u00e9e. Au-del\u00e0 de l\u2019introduction de trois mod\u00e8les d\u2019Opel \u00e0 des prix jug\u00e9s prohibitifs, Ali Aoun insiste sur l\u2019importance d\u2019inclure le mod\u00e8le Corsa, dont le prix est consid\u00e9r\u00e9 comme abordable, faisant ainsi de quatre le nombre total de mod\u00e8les d\u2019Opel disponibles.<\/p>\n\n\n\n<p>Pour rappel, D\u00e9but octobre, le ministre de l\u2019Industrie et de la Production pharmaceutique, Ali Aoun, a annonc\u00e9, \u00e0 l\u2019Assembl\u00e9e populaire nationale, que 2,6 milliards de dollars ont \u00e9t\u00e9 consacr\u00e9s \u00e0 l\u2019importation de v\u00e9hicules en 2023, dont 40% ont \u00e9t\u00e9 consomm\u00e9s. Le ministre a \u00e9galement annonc\u00e9 l\u2019importation de plus de &nbsp;180.000 unit\u00e9s de v\u00e9hicules, de motocyclettes, de camions et de v\u00e9hicules agricoles d\u2019ici la fin de l\u2019ann\u00e9e.<\/p>\n\n\n\n<p><strong>Samir Benisid<\/strong><\/p>\n","protected":false},"excerpt":{"rendered":"<p>L\u2019arriv\u00e9e de nouvelles marques de v\u00e9hicules sur le march\u00e9 alg\u00e9rien doit permettre de pousser les prix \u00e0 la baisse. L&rsquo;entreprise<\/p>\n","protected":false},"author":3,"featured_media":47131,"comment_status":"open","ping_status":"closed","sticky":false,"template":"","format":"standard","meta":{"colormag_page_container_layout":"default_layout","colormag_page_sidebar_layout":"default_layout","om_disable_all_campaigns":false,"_monsterinsights_skip_tracking":false,"_monsterinsights_sitenote_active":false,"_monsterinsights_sitenote_note":"","_monsterinsights_sitenote_category":0,"footnotes":"","_wpscppro_dont_share_socialmedia":false,"_wpscppro_custom_social_share_image":0,"_facebook_share_type":"","_twitter_share_type":"","_linkedin_share_type":"","_pinterest_share_type":"","_linkedin_share_type_page":"","_instagram_share_type":"","_medium_share_type":"","_threads_share_type":"","_google_business_share_type":"","_selected_social_profile":[],"_wpsp_enable_custom_social_template":false,"_wpsp_social_scheduling":{"enabled":false,"datetime":null,"platforms":[],"status":"template_only","dateOption":"today","timeOption":"now","customDays":"","customHours":"","customDate":"","customTime":"","schedulingType":"absolute"},"_wpsp_active_default_template":true},"categories":[52,29],"tags":[],"class_list":["post-47130","post","type-post","status-publish","format-standard","has-post-thumbnail","hentry","category-a-la-une","category-economie"],"aioseo_notices":[],"yoast_head":"<!-- This site is optimized with the Yoast SEO plugin v27.5 - https:\/\/yoast.com\/product\/yoast-seo-wordpress\/ -->\n<title>Coup de pression sur les concessionnaires automobiles - La Sentinelle<\/title>\n<meta name=\"robots\" content=\"index, follow, max-snippet:-1, max-image-preview:large, max-video-preview:-1\" \/>\n<link rel=\"canonical\" href=\"https:\/\/lasentinelle.dz\/index.php\/2023\/11\/14\/coup-de-pression-sur-les-concessionnaires-automobiles\/\" \/>\n<meta property=\"og:locale\" content=\"fr_FR\" \/>\n<meta property=\"og:type\" content=\"article\" \/>\n<meta property=\"og:title\" content=\"Coup de pression sur les concessionnaires automobiles - La Sentinelle\" \/>\n<meta property=\"og:description\" content=\"L\u2019arriv\u00e9e de nouvelles marques de v\u00e9hicules sur le march\u00e9 alg\u00e9rien doit permettre de pousser les prix \u00e0 la baisse. L&rsquo;entreprise\" \/>\n<meta property=\"og:url\" content=\"https:\/\/lasentinelle.dz\/index.php\/2023\/11\/14\/coup-de-pression-sur-les-concessionnaires-automobiles\/\" \/>\n<meta property=\"og:site_name\" content=\"La Sentinelle\" \/>\n<meta property=\"article:publisher\" content=\"https:\/\/www.facebook.com\/La-Sentinelle-104059864394773\" \/>\n<meta property=\"article:published_time\" content=\"2023-11-14T21:32:33+00:00\" \/>\n<meta property=\"article:modified_time\" content=\"2023-11-14T21:32:35+00:00\" \/>\n<meta property=\"og:image\" content=\"https:\/\/lasentinelle.dz\/wp-content\/uploads\/2023\/11\/geely.webp\" \/>\n\t<meta property=\"og:image:width\" content=\"835\" \/>\n\t<meta property=\"og:image:height\" content=\"430\" \/>\n\t<meta property=\"og:image:type\" content=\"image\/webp\" \/>\n<meta name=\"author\" content=\"La Sentinelle\" \/>\n<meta name=\"twitter:card\" content=\"summary_large_image\" \/>\n<meta name=\"twitter:label1\" content=\"\u00c9crit par\" \/>\n\t<meta name=\"twitter:data1\" content=\"La Sentinelle\" \/>\n\t<meta name=\"twitter:label2\" content=\"Dur\u00e9e de lecture estim\u00e9e\" \/>\n\t<meta name=\"twitter:data2\" content=\"3 minutes\" \/>\n<script type=\"application\/ld+json\" class=\"yoast-schema-graph\">{\"@context\":\"https:\\\/\\\/schema.org\",\"@graph\":[{\"@type\":\"Article\",\"@id\":\"https:\\\/\\\/lasentinelle.dz\\\/index.php\\\/2023\\\/11\\\/14\\\/coup-de-pression-sur-les-concessionnaires-automobiles\\\/#article\",\"isPartOf\":{\"@id\":\"https:\\\/\\\/lasentinelle.dz\\\/index.php\\\/2023\\\/11\\\/14\\\/coup-de-pression-sur-les-concessionnaires-automobiles\\\/\"},\"author\":{\"name\":\"La Sentinelle\",\"@id\":\"https:\\\/\\\/lasentinelle.dz\\\/#\\\/schema\\\/person\\\/d865044e22e70a75174ce8bcad3acfb3\"},\"headline\":\"Coup de pression sur les concessionnaires automobiles\",\"datePublished\":\"2023-11-14T21:32:33+00:00\",\"dateModified\":\"2023-11-14T21:32:35+00:00\",\"mainEntityOfPage\":{\"@id\":\"https:\\\/\\\/lasentinelle.dz\\\/index.php\\\/2023\\\/11\\\/14\\\/coup-de-pression-sur-les-concessionnaires-automobiles\\\/\"},\"wordCount\":610,\"commentCount\":0,\"publisher\":{\"@id\":\"https:\\\/\\\/lasentinelle.dz\\\/#organization\"},\"image\":{\"@id\":\"https:\\\/\\\/lasentinelle.dz\\\/index.php\\\/2023\\\/11\\\/14\\\/coup-de-pression-sur-les-concessionnaires-automobiles\\\/#primaryimage\"},\"thumbnailUrl\":\"https:\\\/\\\/lasentinelle.dz\\\/wp-content\\\/uploads\\\/2023\\\/11\\\/geely.webp\",\"articleSection\":[\"\u00c0 la Une\",\"\u00c9conomie\"],\"inLanguage\":\"fr-FR\",\"potentialAction\":[{\"@type\":\"CommentAction\",\"name\":\"Comment\",\"target\":[\"https:\\\/\\\/lasentinelle.dz\\\/index.php\\\/2023\\\/11\\\/14\\\/coup-de-pression-sur-les-concessionnaires-automobiles\\\/#respond\"]}]},{\"@type\":\"WebPage\",\"@id\":\"https:\\\/\\\/lasentinelle.dz\\\/index.php\\\/2023\\\/11\\\/14\\\/coup-de-pression-sur-les-concessionnaires-automobiles\\\/\",\"url\":\"https:\\\/\\\/lasentinelle.dz\\\/index.php\\\/2023\\\/11\\\/14\\\/coup-de-pression-sur-les-concessionnaires-automobiles\\\/\",\"name\":\"Coup de pression sur les concessionnaires automobiles - La Sentinelle\",\"isPartOf\":{\"@id\":\"https:\\\/\\\/lasentinelle.dz\\\/#website\"},\"primaryImageOfPage\":{\"@id\":\"https:\\\/\\\/lasentinelle.dz\\\/index.php\\\/2023\\\/11\\\/14\\\/coup-de-pression-sur-les-concessionnaires-automobiles\\\/#primaryimage\"},\"image\":{\"@id\":\"https:\\\/\\\/lasentinelle.dz\\\/index.php\\\/2023\\\/11\\\/14\\\/coup-de-pression-sur-les-concessionnaires-automobiles\\\/#primaryimage\"},\"thumbnailUrl\":\"https:\\\/\\\/lasentinelle.dz\\\/wp-content\\\/uploads\\\/2023\\\/11\\\/geely.webp\",\"datePublished\":\"2023-11-14T21:32:33+00:00\",\"dateModified\":\"2023-11-14T21:32:35+00:00\",\"breadcrumb\":{\"@id\":\"https:\\\/\\\/lasentinelle.dz\\\/index.php\\\/2023\\\/11\\\/14\\\/coup-de-pression-sur-les-concessionnaires-automobiles\\\/#breadcrumb\"},\"inLanguage\":\"fr-FR\",\"potentialAction\":[{\"@type\":\"ReadAction\",\"target\":[\"https:\\\/\\\/lasentinelle.dz\\\/index.php\\\/2023\\\/11\\\/14\\\/coup-de-pression-sur-les-concessionnaires-automobiles\\\/\"]}]},{\"@type\":\"ImageObject\",\"inLanguage\":\"fr-FR\",\"@id\":\"https:\\\/\\\/lasentinelle.dz\\\/index.php\\\/2023\\\/11\\\/14\\\/coup-de-pression-sur-les-concessionnaires-automobiles\\\/#primaryimage\",\"url\":\"https:\\\/\\\/lasentinelle.dz\\\/wp-content\\\/uploads\\\/2023\\\/11\\\/geely.webp\",\"contentUrl\":\"https:\\\/\\\/lasentinelle.dz\\\/wp-content\\\/uploads\\\/2023\\\/11\\\/geely.webp\",\"width\":835,\"height\":430},{\"@type\":\"BreadcrumbList\",\"@id\":\"https:\\\/\\\/lasentinelle.dz\\\/index.php\\\/2023\\\/11\\\/14\\\/coup-de-pression-sur-les-concessionnaires-automobiles\\\/#breadcrumb\",\"itemListElement\":[{\"@type\":\"ListItem\",\"position\":1,\"name\":\"Accueil\",\"item\":\"https:\\\/\\\/lasentinelle.dz\\\/\"},{\"@type\":\"ListItem\",\"position\":2,\"name\":\"Coup de pression sur les concessionnaires automobiles\"}]},{\"@type\":\"WebSite\",\"@id\":\"https:\\\/\\\/lasentinelle.dz\\\/#website\",\"url\":\"https:\\\/\\\/lasentinelle.dz\\\/\",\"name\":\"La Sentinelle\",\"description\":\"Quotidien national d&#039;information\",\"publisher\":{\"@id\":\"https:\\\/\\\/lasentinelle.dz\\\/#organization\"},\"potentialAction\":[{\"@type\":\"SearchAction\",\"target\":{\"@type\":\"EntryPoint\",\"urlTemplate\":\"https:\\\/\\\/lasentinelle.dz\\\/?s={search_term_string}\"},\"query-input\":{\"@type\":\"PropertyValueSpecification\",\"valueRequired\":true,\"valueName\":\"search_term_string\"}}],\"inLanguage\":\"fr-FR\"},{\"@type\":\"Organization\",\"@id\":\"https:\\\/\\\/lasentinelle.dz\\\/#organization\",\"name\":\"Quotidien La Sentinelle\",\"url\":\"https:\\\/\\\/lasentinelle.dz\\\/\",\"logo\":{\"@type\":\"ImageObject\",\"inLanguage\":\"fr-FR\",\"@id\":\"https:\\\/\\\/lasentinelle.dz\\\/#\\\/schema\\\/logo\\\/image\\\/\",\"url\":\"https:\\\/\\\/lasentinelle.dz\\\/wp-content\\\/uploads\\\/2021\\\/09\\\/logo-sentinelleSLOGAN-1.png\",\"contentUrl\":\"https:\\\/\\\/lasentinelle.dz\\\/wp-content\\\/uploads\\\/2021\\\/09\\\/logo-sentinelleSLOGAN-1.png\",\"width\":615,\"height\":142,\"caption\":\"Quotidien La Sentinelle\"},\"image\":{\"@id\":\"https:\\\/\\\/lasentinelle.dz\\\/#\\\/schema\\\/logo\\\/image\\\/\"},\"sameAs\":[\"https:\\\/\\\/www.facebook.com\\\/La-Sentinelle-104059864394773\"]},{\"@type\":\"Person\",\"@id\":\"https:\\\/\\\/lasentinelle.dz\\\/#\\\/schema\\\/person\\\/d865044e22e70a75174ce8bcad3acfb3\",\"name\":\"La Sentinelle\",\"image\":{\"@type\":\"ImageObject\",\"inLanguage\":\"fr-FR\",\"@id\":\"https:\\\/\\\/secure.gravatar.com\\\/avatar\\\/57de8e5d4b15d43fb361a71fbb36338450fe67865b528a43dd10ef7c51a20392?s=96&d=mm&r=g\",\"url\":\"https:\\\/\\\/secure.gravatar.com\\\/avatar\\\/57de8e5d4b15d43fb361a71fbb36338450fe67865b528a43dd10ef7c51a20392?s=96&d=mm&r=g\",\"contentUrl\":\"https:\\\/\\\/secure.gravatar.com\\\/avatar\\\/57de8e5d4b15d43fb361a71fbb36338450fe67865b528a43dd10ef7c51a20392?s=96&d=mm&r=g\",\"caption\":\"La Sentinelle\"},\"sameAs\":[\"http:\\\/\\\/www.lasentinelle.dz\"],\"url\":\"https:\\\/\\\/lasentinelle.dz\\\/author\\\/redaction\\\/\"}]}<\/script>\n<!-- \/ Yoast SEO plugin. -->","yoast_head_json":{"title":"Coup de pression sur les concessionnaires automobiles - La Sentinelle","robots":{"index":"index","follow":"follow","max-snippet":"max-snippet:-1","max-image-preview":"max-image-preview:large","max-video-preview":"max-video-preview:-1"},"canonical":"https:\/\/lasentinelle.dz\/index.php\/2023\/11\/14\/coup-de-pression-sur-les-concessionnaires-automobiles\/","og_locale":"fr_FR","og_type":"article","og_title":"Coup de pression sur les concessionnaires automobiles - La Sentinelle","og_description":"L\u2019arriv\u00e9e de nouvelles marques de v\u00e9hicules sur le march\u00e9 alg\u00e9rien doit permettre de pousser les prix \u00e0 la baisse. L&rsquo;entreprise","og_url":"https:\/\/lasentinelle.dz\/index.php\/2023\/11\/14\/coup-de-pression-sur-les-concessionnaires-automobiles\/","og_site_name":"La Sentinelle","article_publisher":"https:\/\/www.facebook.com\/La-Sentinelle-104059864394773","article_published_time":"2023-11-14T21:32:33+00:00","article_modified_time":"2023-11-14T21:32:35+00:00","og_image":[{"width":835,"height":430,"url":"https:\/\/lasentinelle.dz\/wp-content\/uploads\/2023\/11\/geely.webp","type":"image\/webp"}],"author":"La Sentinelle","twitter_card":"summary_large_image","twitter_misc":{"\u00c9crit par":"La Sentinelle","Dur\u00e9e de lecture estim\u00e9e":"3 minutes"},"schema":{"@context":"https:\/\/schema.org","@graph":[{"@type":"Article","@id":"https:\/\/lasentinelle.dz\/index.php\/2023\/11\/14\/coup-de-pression-sur-les-concessionnaires-automobiles\/#article","isPartOf":{"@id":"https:\/\/lasentinelle.dz\/index.php\/2023\/11\/14\/coup-de-pression-sur-les-concessionnaires-automobiles\/"},"author":{"name":"La Sentinelle","@id":"https:\/\/lasentinelle.dz\/#\/schema\/person\/d865044e22e70a75174ce8bcad3acfb3"},"headline":"Coup de pression sur les concessionnaires automobiles","datePublished":"2023-11-14T21:32:33+00:00","dateModified":"2023-11-14T21:32:35+00:00","mainEntityOfPage":{"@id":"https:\/\/lasentinelle.dz\/index.php\/2023\/11\/14\/coup-de-pression-sur-les-concessionnaires-automobiles\/"},"wordCount":610,"commentCount":0,"publisher":{"@id":"https:\/\/lasentinelle.dz\/#organization"},"image":{"@id":"https:\/\/lasentinelle.dz\/index.php\/2023\/11\/14\/coup-de-pression-sur-les-concessionnaires-automobiles\/#primaryimage"},"thumbnailUrl":"https:\/\/lasentinelle.dz\/wp-content\/uploads\/2023\/11\/geely.webp","articleSection":["\u00c0 la Une","\u00c9conomie"],"inLanguage":"fr-FR","potentialAction":[{"@type":"CommentAction","name":"Comment","target":["https:\/\/lasentinelle.dz\/index.php\/2023\/11\/14\/coup-de-pression-sur-les-concessionnaires-automobiles\/#respond"]}]},{"@type":"WebPage","@id":"https:\/\/lasentinelle.dz\/index.php\/2023\/11\/14\/coup-de-pression-sur-les-concessionnaires-automobiles\/","url":"https:\/\/lasentinelle.dz\/index.php\/2023\/11\/14\/coup-de-pression-sur-les-concessionnaires-automobiles\/","name":"Coup de pression sur les concessionnaires automobiles - La Sentinelle","isPartOf":{"@id":"https:\/\/lasentinelle.dz\/#website"},"primaryImageOfPage":{"@id":"https:\/\/lasentinelle.dz\/index.php\/2023\/11\/14\/coup-de-pression-sur-les-concessionnaires-automobiles\/#primaryimage"},"image":{"@id":"https:\/\/lasentinelle.dz\/index.php\/2023\/11\/14\/coup-de-pression-sur-les-concessionnaires-automobiles\/#primaryimage"},"thumbnailUrl":"https:\/\/lasentinelle.dz\/wp-content\/uploads\/2023\/11\/geely.webp","datePublished":"2023-11-14T21:32:33+00:00","dateModified":"2023-11-14T21:32:35+00:00","breadcrumb":{"@id":"https:\/\/lasentinelle.dz\/index.php\/2023\/11\/14\/coup-de-pression-sur-les-concessionnaires-automobiles\/#breadcrumb"},"inLanguage":"fr-FR","potentialAction":[{"@type":"ReadAction","target":["https:\/\/lasentinelle.dz\/index.php\/2023\/11\/14\/coup-de-pression-sur-les-concessionnaires-automobiles\/"]}]},{"@type":"ImageObject","inLanguage":"fr-FR","@id":"https:\/\/lasentinelle.dz\/index.php\/2023\/11\/14\/coup-de-pression-sur-les-concessionnaires-automobiles\/#primaryimage","url":"https:\/\/lasentinelle.dz\/wp-content\/uploads\/2023\/11\/geely.webp","contentUrl":"https:\/\/lasentinelle.dz\/wp-content\/uploads\/2023\/11\/geely.webp","width":835,"height":430},{"@type":"BreadcrumbList","@id":"https:\/\/lasentinelle.dz\/index.php\/2023\/11\/14\/coup-de-pression-sur-les-concessionnaires-automobiles\/#breadcrumb","itemListElement":[{"@type":"ListItem","position":1,"name":"Accueil","item":"https:\/\/lasentinelle.dz\/"},{"@type":"ListItem","position":2,"name":"Coup de pression sur les concessionnaires automobiles"}]},{"@type":"WebSite","@id":"https:\/\/lasentinelle.dz\/#website","url":"https:\/\/lasentinelle.dz\/","name":"La Sentinelle","description":"Quotidien national d&#039;information","publisher":{"@id":"https:\/\/lasentinelle.dz\/#organization"},"potentialAction":[{"@type":"SearchAction","target":{"@type":"EntryPoint","urlTemplate":"https:\/\/lasentinelle.dz\/?s={search_term_string}"},"query-input":{"@type":"PropertyValueSpecification","valueRequired":true,"valueName":"search_term_string"}}],"inLanguage":"fr-FR"},{"@type":"Organization","@id":"https:\/\/lasentinelle.dz\/#organization","name":"Quotidien La Sentinelle","url":"https:\/\/lasentinelle.dz\/","logo":{"@type":"ImageObject","inLanguage":"fr-FR","@id":"https:\/\/lasentinelle.dz\/#\/schema\/logo\/image\/","url":"https:\/\/lasentinelle.dz\/wp-content\/uploads\/2021\/09\/logo-sentinelleSLOGAN-1.png","contentUrl":"https:\/\/lasentinelle.dz\/wp-content\/uploads\/2021\/09\/logo-sentinelleSLOGAN-1.png","width":615,"height":142,"caption":"Quotidien La Sentinelle"},"image":{"@id":"https:\/\/lasentinelle.dz\/#\/schema\/logo\/image\/"},"sameAs":["https:\/\/www.facebook.com\/La-Sentinelle-104059864394773"]},{"@type":"Person","@id":"https:\/\/lasentinelle.dz\/#\/schema\/person\/d865044e22e70a75174ce8bcad3acfb3","name":"La Sentinelle","image":{"@type":"ImageObject","inLanguage":"fr-FR","@id":"https:\/\/secure.gravatar.com\/avatar\/57de8e5d4b15d43fb361a71fbb36338450fe67865b528a43dd10ef7c51a20392?s=96&d=mm&r=g","url":"https:\/\/secure.gravatar.com\/avatar\/57de8e5d4b15d43fb361a71fbb36338450fe67865b528a43dd10ef7c51a20392?s=96&d=mm&r=g","contentUrl":"https:\/\/secure.gravatar.com\/avatar\/57de8e5d4b15d43fb361a71fbb36338450fe67865b528a43dd10ef7c51a20392?s=96&d=mm&r=g","caption":"La Sentinelle"},"sameAs":["http:\/\/www.lasentinelle.dz"],"url":"https:\/\/lasentinelle.dz\/author\/redaction\/"}]}},"_links":{"self":[{"href":"https:\/\/lasentinelle.dz\/index.php\/wp-json\/wp\/v2\/posts\/47130","targetHints":{"allow":["GET"]}}],"collection":[{"href":"https:\/\/lasentinelle.dz\/index.php\/wp-json\/wp\/v2\/posts"}],"about":[{"href":"https:\/\/lasentinelle.dz\/index.php\/wp-json\/wp\/v2\/types\/post"}],"author":[{"embeddable":true,"href":"https:\/\/lasentinelle.dz\/index.php\/wp-json\/wp\/v2\/users\/3"}],"replies":[{"embeddable":true,"href":"https:\/\/lasentinelle.dz\/index.php\/wp-json\/wp\/v2\/comments?post=47130"}],"version-history":[{"count":1,"href":"https:\/\/lasentinelle.dz\/index.php\/wp-json\/wp\/v2\/posts\/47130\/revisions"}],"predecessor-version":[{"id":47132,"href":"https:\/\/lasentinelle.dz\/index.php\/wp-json\/wp\/v2\/posts\/47130\/revisions\/47132"}],"wp:featuredmedia":[{"embeddable":true,"href":"https:\/\/lasentinelle.dz\/index.php\/wp-json\/wp\/v2\/media\/47131"}],"wp:attachment":[{"href":"https:\/\/lasentinelle.dz\/index.php\/wp-json\/wp\/v2\/media?parent=47130"}],"wp:term":[{"taxonomy":"category","embeddable":true,"href":"https:\/\/lasentinelle.dz\/index.php\/wp-json\/wp\/v2\/categories?post=47130"},{"taxonomy":"post_tag","embeddable":true,"href":"https:\/\/lasentinelle.dz\/index.php\/wp-json\/wp\/v2\/tags?post=47130"}],"curies":[{"name":"wp","href":"https:\/\/api.w.org\/{rel}","templated":true}]}}