{"id":47209,"date":"2023-11-18T22:10:49","date_gmt":"2023-11-18T21:10:49","guid":{"rendered":"https:\/\/lasentinelle.dz\/?p=47209"},"modified":"2023-11-18T22:10:54","modified_gmt":"2023-11-18T21:10:54","slug":"tournoi-de-lunaf-u20-les-verts-cedent-face-aux-jeunes-pharaons","status":"publish","type":"post","link":"https:\/\/lasentinelle.dz\/index.php\/2023\/11\/18\/tournoi-de-lunaf-u20-les-verts-cedent-face-aux-jeunes-pharaons\/","title":{"rendered":"Tournoi de l\u2019Unaf U20\u00a0: Les Verts c\u00e9dent face aux jeunes Pharaons"},"content":{"rendered":"\n<p>Pour son troisi\u00e8me match dans le tournoi de l\u2019Union nord-africaine de football (UNAF) de la cat\u00e9gorie U20 (joueurs n\u00e9s en 2005 \u2013 2006), la s\u00e9lection nationale a c\u00e9d\u00e9 face \u00e0 son homologue Egyptienne sur le score de (0 \u00e0 3).<\/p>\n\n\n\n<p>A l\u2019entame du match, le s\u00e9lectionneur national, Yacine Manaa, a opt\u00e9 pour un team port\u00e9 r\u00e9solument sur l\u2019offensif o\u00f9 Akhrib et Kohili firent leur r\u00e9apparition dans le onze rentrant. Mais comme pour les pr\u00e9c\u00e9dents matchs, la d\u00e9fense alg\u00e9rienne a rapidement l\u00e2ch\u00e9 puisqu\u2019elle c\u00e8de rapidement devant Abderrahmane Khaled Mahmoud qui pique une t\u00eate au fond des filets de Boudjedda (11\u2019). Les Verts se retrouvent une nouvelle fois dans l\u2019obligation de revenir au score. Seulement, leurs actions sont rest\u00e9es timides pour esp\u00e9rer apporter un changement au tableau d\u2019affichage. En seconde mi-temps, le sc\u00e9nario n\u2019a pas chang\u00e9 avec une \u00e9quipe \u00e9gyptienne qui cherche \u00e0 pr\u00e9server le score et en face, une autre qui court derri\u00e8re le r\u00e9sultat et qui encaisse un second but par Ali Mohamed Abdellah, qui plongea les camarades de Mansouri dans le doute. Pis encore, les Alg\u00e9riens vont \u00eatre r\u00e9duits \u00e0 dix apr\u00e8s l\u2019expulsion de Dendaoui qui a irr\u00e9guli\u00e8rement stopp\u00e9 un attaquant \u00e9gyptien qui se dirigeait vers les buts. Dans cette posture d\u00e9favorable, les Verts vont encaisser un troisi\u00e8me but sign\u00e9 Ahmed Gomaa sur un penalty, scellant d\u00e9finitivement le sort de cette rencontre. Derni\u00e8re au classement avec z\u00e9ro point au compteur, la s\u00e9lection nationale, qui fait son apprentissage dans ce tournoi, devra aller chercher une victoire pour l\u2019honneur lors de son dernier match face \u00e0 la Libye, aujourd\u2019hui.<\/p>\n\n\n\n<p>R.S.<\/p>\n","protected":false},"excerpt":{"rendered":"<p>Pour son troisi\u00e8me match dans le tournoi de l\u2019Union nord-africaine de football (UNAF) de la cat\u00e9gorie U20 (joueurs n\u00e9s en<\/p>\n","protected":false},"author":3,"featured_media":47210,"comment_status":"open","ping_status":"closed","sticky":false,"template":"","format":"standard","meta":{"colormag_page_container_layout":"default_layout","colormag_page_sidebar_layout":"default_layout","om_disable_all_campaigns":false,"_monsterinsights_skip_tracking":false,"_monsterinsights_sitenote_active":false,"_monsterinsights_sitenote_note":"","_monsterinsights_sitenote_category":0,"footnotes":"","_wpscppro_dont_share_socialmedia":false,"_wpscppro_custom_social_share_image":0,"_facebook_share_type":"","_twitter_share_type":"","_linkedin_share_type":"","_pinterest_share_type":"","_linkedin_share_type_page":"","_instagram_share_type":"","_medium_share_type":"","_threads_share_type":"","_google_business_share_type":"","_selected_social_profile":[],"_wpsp_enable_custom_social_template":false,"_wpsp_social_scheduling":{"enabled":false,"datetime":null,"platforms":[],"status":"template_only","dateOption":"today","timeOption":"now","customDays":"","customHours":"","customDate":"","customTime":"","schedulingType":"absolute"},"_wpsp_active_default_template":true},"categories":[33],"tags":[],"class_list":["post-47209","post","type-post","status-publish","format-standard","has-post-thumbnail","hentry","category-sports"],"aioseo_notices":[],"yoast_head":"<!-- This site is optimized with the Yoast SEO plugin v27.5 - https:\/\/yoast.com\/product\/yoast-seo-wordpress\/ -->\n<title>Tournoi de l\u2019Unaf U20\u00a0: Les Verts c\u00e9dent face aux jeunes Pharaons - La Sentinelle<\/title>\n<meta name=\"robots\" content=\"index, follow, max-snippet:-1, max-image-preview:large, max-video-preview:-1\" \/>\n<link rel=\"canonical\" href=\"https:\/\/lasentinelle.dz\/index.php\/2023\/11\/18\/tournoi-de-lunaf-u20-les-verts-cedent-face-aux-jeunes-pharaons\/\" \/>\n<meta property=\"og:locale\" content=\"fr_FR\" \/>\n<meta property=\"og:type\" content=\"article\" \/>\n<meta property=\"og:title\" content=\"Tournoi de l\u2019Unaf U20\u00a0: Les Verts c\u00e9dent face aux jeunes Pharaons - La Sentinelle\" \/>\n<meta property=\"og:description\" content=\"Pour son troisi\u00e8me match dans le tournoi de l\u2019Union nord-africaine de football (UNAF) de la cat\u00e9gorie U20 (joueurs n\u00e9s en\" \/>\n<meta property=\"og:url\" content=\"https:\/\/lasentinelle.dz\/index.php\/2023\/11\/18\/tournoi-de-lunaf-u20-les-verts-cedent-face-aux-jeunes-pharaons\/\" \/>\n<meta property=\"og:site_name\" content=\"La Sentinelle\" \/>\n<meta property=\"article:publisher\" content=\"https:\/\/www.facebook.com\/La-Sentinelle-104059864394773\" \/>\n<meta property=\"article:published_time\" content=\"2023-11-18T21:10:49+00:00\" \/>\n<meta property=\"article:modified_time\" content=\"2023-11-18T21:10:54+00:00\" \/>\n<meta property=\"og:image\" content=\"https:\/\/lasentinelle.dz\/wp-content\/uploads\/2023\/11\/U20-2.jpeg\" \/>\n\t<meta property=\"og:image:width\" content=\"750\" \/>\n\t<meta property=\"og:image:height\" content=\"430\" \/>\n\t<meta property=\"og:image:type\" content=\"image\/jpeg\" \/>\n<meta name=\"author\" content=\"La Sentinelle\" \/>\n<meta name=\"twitter:card\" content=\"summary_large_image\" \/>\n<meta name=\"twitter:label1\" content=\"\u00c9crit par\" \/>\n\t<meta name=\"twitter:data1\" content=\"La Sentinelle\" \/>\n\t<meta name=\"twitter:label2\" content=\"Dur\u00e9e de lecture estim\u00e9e\" \/>\n\t<meta name=\"twitter:data2\" content=\"2 minutes\" \/>\n<script type=\"application\/ld+json\" class=\"yoast-schema-graph\">{\"@context\":\"https:\\\/\\\/schema.org\",\"@graph\":[{\"@type\":\"Article\",\"@id\":\"https:\\\/\\\/lasentinelle.dz\\\/index.php\\\/2023\\\/11\\\/18\\\/tournoi-de-lunaf-u20-les-verts-cedent-face-aux-jeunes-pharaons\\\/#article\",\"isPartOf\":{\"@id\":\"https:\\\/\\\/lasentinelle.dz\\\/index.php\\\/2023\\\/11\\\/18\\\/tournoi-de-lunaf-u20-les-verts-cedent-face-aux-jeunes-pharaons\\\/\"},\"author\":{\"name\":\"La Sentinelle\",\"@id\":\"https:\\\/\\\/lasentinelle.dz\\\/#\\\/schema\\\/person\\\/d865044e22e70a75174ce8bcad3acfb3\"},\"headline\":\"Tournoi de l\u2019Unaf U20\u00a0: Les Verts c\u00e9dent face aux jeunes Pharaons\",\"datePublished\":\"2023-11-18T21:10:49+00:00\",\"dateModified\":\"2023-11-18T21:10:54+00:00\",\"mainEntityOfPage\":{\"@id\":\"https:\\\/\\\/lasentinelle.dz\\\/index.php\\\/2023\\\/11\\\/18\\\/tournoi-de-lunaf-u20-les-verts-cedent-face-aux-jeunes-pharaons\\\/\"},\"wordCount\":304,\"commentCount\":0,\"publisher\":{\"@id\":\"https:\\\/\\\/lasentinelle.dz\\\/#organization\"},\"image\":{\"@id\":\"https:\\\/\\\/lasentinelle.dz\\\/index.php\\\/2023\\\/11\\\/18\\\/tournoi-de-lunaf-u20-les-verts-cedent-face-aux-jeunes-pharaons\\\/#primaryimage\"},\"thumbnailUrl\":\"https:\\\/\\\/lasentinelle.dz\\\/wp-content\\\/uploads\\\/2023\\\/11\\\/U20-2.jpeg\",\"articleSection\":[\"Sports\"],\"inLanguage\":\"fr-FR\",\"potentialAction\":[{\"@type\":\"CommentAction\",\"name\":\"Comment\",\"target\":[\"https:\\\/\\\/lasentinelle.dz\\\/index.php\\\/2023\\\/11\\\/18\\\/tournoi-de-lunaf-u20-les-verts-cedent-face-aux-jeunes-pharaons\\\/#respond\"]}]},{\"@type\":\"WebPage\",\"@id\":\"https:\\\/\\\/lasentinelle.dz\\\/index.php\\\/2023\\\/11\\\/18\\\/tournoi-de-lunaf-u20-les-verts-cedent-face-aux-jeunes-pharaons\\\/\",\"url\":\"https:\\\/\\\/lasentinelle.dz\\\/index.php\\\/2023\\\/11\\\/18\\\/tournoi-de-lunaf-u20-les-verts-cedent-face-aux-jeunes-pharaons\\\/\",\"name\":\"Tournoi de l\u2019Unaf U20\u00a0: Les Verts c\u00e9dent face aux jeunes Pharaons - La Sentinelle\",\"isPartOf\":{\"@id\":\"https:\\\/\\\/lasentinelle.dz\\\/#website\"},\"primaryImageOfPage\":{\"@id\":\"https:\\\/\\\/lasentinelle.dz\\\/index.php\\\/2023\\\/11\\\/18\\\/tournoi-de-lunaf-u20-les-verts-cedent-face-aux-jeunes-pharaons\\\/#primaryimage\"},\"image\":{\"@id\":\"https:\\\/\\\/lasentinelle.dz\\\/index.php\\\/2023\\\/11\\\/18\\\/tournoi-de-lunaf-u20-les-verts-cedent-face-aux-jeunes-pharaons\\\/#primaryimage\"},\"thumbnailUrl\":\"https:\\\/\\\/lasentinelle.dz\\\/wp-content\\\/uploads\\\/2023\\\/11\\\/U20-2.jpeg\",\"datePublished\":\"2023-11-18T21:10:49+00:00\",\"dateModified\":\"2023-11-18T21:10:54+00:00\",\"breadcrumb\":{\"@id\":\"https:\\\/\\\/lasentinelle.dz\\\/index.php\\\/2023\\\/11\\\/18\\\/tournoi-de-lunaf-u20-les-verts-cedent-face-aux-jeunes-pharaons\\\/#breadcrumb\"},\"inLanguage\":\"fr-FR\",\"potentialAction\":[{\"@type\":\"ReadAction\",\"target\":[\"https:\\\/\\\/lasentinelle.dz\\\/index.php\\\/2023\\\/11\\\/18\\\/tournoi-de-lunaf-u20-les-verts-cedent-face-aux-jeunes-pharaons\\\/\"]}]},{\"@type\":\"ImageObject\",\"inLanguage\":\"fr-FR\",\"@id\":\"https:\\\/\\\/lasentinelle.dz\\\/index.php\\\/2023\\\/11\\\/18\\\/tournoi-de-lunaf-u20-les-verts-cedent-face-aux-jeunes-pharaons\\\/#primaryimage\",\"url\":\"https:\\\/\\\/lasentinelle.dz\\\/wp-content\\\/uploads\\\/2023\\\/11\\\/U20-2.jpeg\",\"contentUrl\":\"https:\\\/\\\/lasentinelle.dz\\\/wp-content\\\/uploads\\\/2023\\\/11\\\/U20-2.jpeg\",\"width\":750,\"height\":430},{\"@type\":\"BreadcrumbList\",\"@id\":\"https:\\\/\\\/lasentinelle.dz\\\/index.php\\\/2023\\\/11\\\/18\\\/tournoi-de-lunaf-u20-les-verts-cedent-face-aux-jeunes-pharaons\\\/#breadcrumb\",\"itemListElement\":[{\"@type\":\"ListItem\",\"position\":1,\"name\":\"Accueil\",\"item\":\"https:\\\/\\\/lasentinelle.dz\\\/\"},{\"@type\":\"ListItem\",\"position\":2,\"name\":\"Tournoi de l\u2019Unaf U20\u00a0: Les Verts c\u00e9dent face aux jeunes Pharaons\"}]},{\"@type\":\"WebSite\",\"@id\":\"https:\\\/\\\/lasentinelle.dz\\\/#website\",\"url\":\"https:\\\/\\\/lasentinelle.dz\\\/\",\"name\":\"La Sentinelle\",\"description\":\"Quotidien national d&#039;information\",\"publisher\":{\"@id\":\"https:\\\/\\\/lasentinelle.dz\\\/#organization\"},\"potentialAction\":[{\"@type\":\"SearchAction\",\"target\":{\"@type\":\"EntryPoint\",\"urlTemplate\":\"https:\\\/\\\/lasentinelle.dz\\\/?s={search_term_string}\"},\"query-input\":{\"@type\":\"PropertyValueSpecification\",\"valueRequired\":true,\"valueName\":\"search_term_string\"}}],\"inLanguage\":\"fr-FR\"},{\"@type\":\"Organization\",\"@id\":\"https:\\\/\\\/lasentinelle.dz\\\/#organization\",\"name\":\"Quotidien La Sentinelle\",\"url\":\"https:\\\/\\\/lasentinelle.dz\\\/\",\"logo\":{\"@type\":\"ImageObject\",\"inLanguage\":\"fr-FR\",\"@id\":\"https:\\\/\\\/lasentinelle.dz\\\/#\\\/schema\\\/logo\\\/image\\\/\",\"url\":\"https:\\\/\\\/lasentinelle.dz\\\/wp-content\\\/uploads\\\/2021\\\/09\\\/logo-sentinelleSLOGAN-1.png\",\"contentUrl\":\"https:\\\/\\\/lasentinelle.dz\\\/wp-content\\\/uploads\\\/2021\\\/09\\\/logo-sentinelleSLOGAN-1.png\",\"width\":615,\"height\":142,\"caption\":\"Quotidien La Sentinelle\"},\"image\":{\"@id\":\"https:\\\/\\\/lasentinelle.dz\\\/#\\\/schema\\\/logo\\\/image\\\/\"},\"sameAs\":[\"https:\\\/\\\/www.facebook.com\\\/La-Sentinelle-104059864394773\"]},{\"@type\":\"Person\",\"@id\":\"https:\\\/\\\/lasentinelle.dz\\\/#\\\/schema\\\/person\\\/d865044e22e70a75174ce8bcad3acfb3\",\"name\":\"La Sentinelle\",\"image\":{\"@type\":\"ImageObject\",\"inLanguage\":\"fr-FR\",\"@id\":\"https:\\\/\\\/secure.gravatar.com\\\/avatar\\\/57de8e5d4b15d43fb361a71fbb36338450fe67865b528a43dd10ef7c51a20392?s=96&d=mm&r=g\",\"url\":\"https:\\\/\\\/secure.gravatar.com\\\/avatar\\\/57de8e5d4b15d43fb361a71fbb36338450fe67865b528a43dd10ef7c51a20392?s=96&d=mm&r=g\",\"contentUrl\":\"https:\\\/\\\/secure.gravatar.com\\\/avatar\\\/57de8e5d4b15d43fb361a71fbb36338450fe67865b528a43dd10ef7c51a20392?s=96&d=mm&r=g\",\"caption\":\"La Sentinelle\"},\"sameAs\":[\"http:\\\/\\\/www.lasentinelle.dz\"],\"url\":\"https:\\\/\\\/lasentinelle.dz\\\/author\\\/redaction\\\/\"}]}<\/script>\n<!-- \/ Yoast SEO plugin. -->","yoast_head_json":{"title":"Tournoi de l\u2019Unaf U20\u00a0: Les Verts c\u00e9dent face aux jeunes Pharaons - La Sentinelle","robots":{"index":"index","follow":"follow","max-snippet":"max-snippet:-1","max-image-preview":"max-image-preview:large","max-video-preview":"max-video-preview:-1"},"canonical":"https:\/\/lasentinelle.dz\/index.php\/2023\/11\/18\/tournoi-de-lunaf-u20-les-verts-cedent-face-aux-jeunes-pharaons\/","og_locale":"fr_FR","og_type":"article","og_title":"Tournoi de l\u2019Unaf U20\u00a0: Les Verts c\u00e9dent face aux jeunes Pharaons - La Sentinelle","og_description":"Pour son troisi\u00e8me match dans le tournoi de l\u2019Union nord-africaine de football (UNAF) de la cat\u00e9gorie U20 (joueurs n\u00e9s en","og_url":"https:\/\/lasentinelle.dz\/index.php\/2023\/11\/18\/tournoi-de-lunaf-u20-les-verts-cedent-face-aux-jeunes-pharaons\/","og_site_name":"La Sentinelle","article_publisher":"https:\/\/www.facebook.com\/La-Sentinelle-104059864394773","article_published_time":"2023-11-18T21:10:49+00:00","article_modified_time":"2023-11-18T21:10:54+00:00","og_image":[{"width":750,"height":430,"url":"https:\/\/lasentinelle.dz\/wp-content\/uploads\/2023\/11\/U20-2.jpeg","type":"image\/jpeg"}],"author":"La Sentinelle","twitter_card":"summary_large_image","twitter_misc":{"\u00c9crit par":"La Sentinelle","Dur\u00e9e de lecture estim\u00e9e":"2 minutes"},"schema":{"@context":"https:\/\/schema.org","@graph":[{"@type":"Article","@id":"https:\/\/lasentinelle.dz\/index.php\/2023\/11\/18\/tournoi-de-lunaf-u20-les-verts-cedent-face-aux-jeunes-pharaons\/#article","isPartOf":{"@id":"https:\/\/lasentinelle.dz\/index.php\/2023\/11\/18\/tournoi-de-lunaf-u20-les-verts-cedent-face-aux-jeunes-pharaons\/"},"author":{"name":"La Sentinelle","@id":"https:\/\/lasentinelle.dz\/#\/schema\/person\/d865044e22e70a75174ce8bcad3acfb3"},"headline":"Tournoi de l\u2019Unaf U20\u00a0: Les Verts c\u00e9dent face aux jeunes Pharaons","datePublished":"2023-11-18T21:10:49+00:00","dateModified":"2023-11-18T21:10:54+00:00","mainEntityOfPage":{"@id":"https:\/\/lasentinelle.dz\/index.php\/2023\/11\/18\/tournoi-de-lunaf-u20-les-verts-cedent-face-aux-jeunes-pharaons\/"},"wordCount":304,"commentCount":0,"publisher":{"@id":"https:\/\/lasentinelle.dz\/#organization"},"image":{"@id":"https:\/\/lasentinelle.dz\/index.php\/2023\/11\/18\/tournoi-de-lunaf-u20-les-verts-cedent-face-aux-jeunes-pharaons\/#primaryimage"},"thumbnailUrl":"https:\/\/lasentinelle.dz\/wp-content\/uploads\/2023\/11\/U20-2.jpeg","articleSection":["Sports"],"inLanguage":"fr-FR","potentialAction":[{"@type":"CommentAction","name":"Comment","target":["https:\/\/lasentinelle.dz\/index.php\/2023\/11\/18\/tournoi-de-lunaf-u20-les-verts-cedent-face-aux-jeunes-pharaons\/#respond"]}]},{"@type":"WebPage","@id":"https:\/\/lasentinelle.dz\/index.php\/2023\/11\/18\/tournoi-de-lunaf-u20-les-verts-cedent-face-aux-jeunes-pharaons\/","url":"https:\/\/lasentinelle.dz\/index.php\/2023\/11\/18\/tournoi-de-lunaf-u20-les-verts-cedent-face-aux-jeunes-pharaons\/","name":"Tournoi de l\u2019Unaf U20\u00a0: Les Verts c\u00e9dent face aux jeunes Pharaons - La Sentinelle","isPartOf":{"@id":"https:\/\/lasentinelle.dz\/#website"},"primaryImageOfPage":{"@id":"https:\/\/lasentinelle.dz\/index.php\/2023\/11\/18\/tournoi-de-lunaf-u20-les-verts-cedent-face-aux-jeunes-pharaons\/#primaryimage"},"image":{"@id":"https:\/\/lasentinelle.dz\/index.php\/2023\/11\/18\/tournoi-de-lunaf-u20-les-verts-cedent-face-aux-jeunes-pharaons\/#primaryimage"},"thumbnailUrl":"https:\/\/lasentinelle.dz\/wp-content\/uploads\/2023\/11\/U20-2.jpeg","datePublished":"2023-11-18T21:10:49+00:00","dateModified":"2023-11-18T21:10:54+00:00","breadcrumb":{"@id":"https:\/\/lasentinelle.dz\/index.php\/2023\/11\/18\/tournoi-de-lunaf-u20-les-verts-cedent-face-aux-jeunes-pharaons\/#breadcrumb"},"inLanguage":"fr-FR","potentialAction":[{"@type":"ReadAction","target":["https:\/\/lasentinelle.dz\/index.php\/2023\/11\/18\/tournoi-de-lunaf-u20-les-verts-cedent-face-aux-jeunes-pharaons\/"]}]},{"@type":"ImageObject","inLanguage":"fr-FR","@id":"https:\/\/lasentinelle.dz\/index.php\/2023\/11\/18\/tournoi-de-lunaf-u20-les-verts-cedent-face-aux-jeunes-pharaons\/#primaryimage","url":"https:\/\/lasentinelle.dz\/wp-content\/uploads\/2023\/11\/U20-2.jpeg","contentUrl":"https:\/\/lasentinelle.dz\/wp-content\/uploads\/2023\/11\/U20-2.jpeg","width":750,"height":430},{"@type":"BreadcrumbList","@id":"https:\/\/lasentinelle.dz\/index.php\/2023\/11\/18\/tournoi-de-lunaf-u20-les-verts-cedent-face-aux-jeunes-pharaons\/#breadcrumb","itemListElement":[{"@type":"ListItem","position":1,"name":"Accueil","item":"https:\/\/lasentinelle.dz\/"},{"@type":"ListItem","position":2,"name":"Tournoi de l\u2019Unaf U20\u00a0: Les Verts c\u00e9dent face aux jeunes Pharaons"}]},{"@type":"WebSite","@id":"https:\/\/lasentinelle.dz\/#website","url":"https:\/\/lasentinelle.dz\/","name":"La Sentinelle","description":"Quotidien national d&#039;information","publisher":{"@id":"https:\/\/lasentinelle.dz\/#organization"},"potentialAction":[{"@type":"SearchAction","target":{"@type":"EntryPoint","urlTemplate":"https:\/\/lasentinelle.dz\/?s={search_term_string}"},"query-input":{"@type":"PropertyValueSpecification","valueRequired":true,"valueName":"search_term_string"}}],"inLanguage":"fr-FR"},{"@type":"Organization","@id":"https:\/\/lasentinelle.dz\/#organization","name":"Quotidien La Sentinelle","url":"https:\/\/lasentinelle.dz\/","logo":{"@type":"ImageObject","inLanguage":"fr-FR","@id":"https:\/\/lasentinelle.dz\/#\/schema\/logo\/image\/","url":"https:\/\/lasentinelle.dz\/wp-content\/uploads\/2021\/09\/logo-sentinelleSLOGAN-1.png","contentUrl":"https:\/\/lasentinelle.dz\/wp-content\/uploads\/2021\/09\/logo-sentinelleSLOGAN-1.png","width":615,"height":142,"caption":"Quotidien La Sentinelle"},"image":{"@id":"https:\/\/lasentinelle.dz\/#\/schema\/logo\/image\/"},"sameAs":["https:\/\/www.facebook.com\/La-Sentinelle-104059864394773"]},{"@type":"Person","@id":"https:\/\/lasentinelle.dz\/#\/schema\/person\/d865044e22e70a75174ce8bcad3acfb3","name":"La Sentinelle","image":{"@type":"ImageObject","inLanguage":"fr-FR","@id":"https:\/\/secure.gravatar.com\/avatar\/57de8e5d4b15d43fb361a71fbb36338450fe67865b528a43dd10ef7c51a20392?s=96&d=mm&r=g","url":"https:\/\/secure.gravatar.com\/avatar\/57de8e5d4b15d43fb361a71fbb36338450fe67865b528a43dd10ef7c51a20392?s=96&d=mm&r=g","contentUrl":"https:\/\/secure.gravatar.com\/avatar\/57de8e5d4b15d43fb361a71fbb36338450fe67865b528a43dd10ef7c51a20392?s=96&d=mm&r=g","caption":"La Sentinelle"},"sameAs":["http:\/\/www.lasentinelle.dz"],"url":"https:\/\/lasentinelle.dz\/author\/redaction\/"}]}},"_links":{"self":[{"href":"https:\/\/lasentinelle.dz\/index.php\/wp-json\/wp\/v2\/posts\/47209","targetHints":{"allow":["GET"]}}],"collection":[{"href":"https:\/\/lasentinelle.dz\/index.php\/wp-json\/wp\/v2\/posts"}],"about":[{"href":"https:\/\/lasentinelle.dz\/index.php\/wp-json\/wp\/v2\/types\/post"}],"author":[{"embeddable":true,"href":"https:\/\/lasentinelle.dz\/index.php\/wp-json\/wp\/v2\/users\/3"}],"replies":[{"embeddable":true,"href":"https:\/\/lasentinelle.dz\/index.php\/wp-json\/wp\/v2\/comments?post=47209"}],"version-history":[{"count":1,"href":"https:\/\/lasentinelle.dz\/index.php\/wp-json\/wp\/v2\/posts\/47209\/revisions"}],"predecessor-version":[{"id":47211,"href":"https:\/\/lasentinelle.dz\/index.php\/wp-json\/wp\/v2\/posts\/47209\/revisions\/47211"}],"wp:featuredmedia":[{"embeddable":true,"href":"https:\/\/lasentinelle.dz\/index.php\/wp-json\/wp\/v2\/media\/47210"}],"wp:attachment":[{"href":"https:\/\/lasentinelle.dz\/index.php\/wp-json\/wp\/v2\/media?parent=47209"}],"wp:term":[{"taxonomy":"category","embeddable":true,"href":"https:\/\/lasentinelle.dz\/index.php\/wp-json\/wp\/v2\/categories?post=47209"},{"taxonomy":"post_tag","embeddable":true,"href":"https:\/\/lasentinelle.dz\/index.php\/wp-json\/wp\/v2\/tags?post=47209"}],"curies":[{"name":"wp","href":"https:\/\/api.w.org\/{rel}","templated":true}]}}