{"id":47212,"date":"2023-11-18T22:12:44","date_gmt":"2023-11-18T21:12:44","guid":{"rendered":"https:\/\/lasentinelle.dz\/?p=47212"},"modified":"2023-11-18T22:12:47","modified_gmt":"2023-11-18T21:12:47","slug":"belmadi-notre-objectif-est-daller-au-mondial","status":"publish","type":"post","link":"https:\/\/lasentinelle.dz\/index.php\/2023\/11\/18\/belmadi-notre-objectif-est-daller-au-mondial\/","title":{"rendered":"Belmadi\u00a0: \u00ab\u00a0Notre objectif est d\u2019aller au Mondial\u00a0\u00bb"},"content":{"rendered":"\n<p>L\u2019\u00c9quipe nationale de football affrontera cet apr\u00e8s-midi son homologue mozambicaine \u00e0 Maputo pour le compte de seconde journ\u00e9e de qualifications au Mondial 2026. Apr\u00e8s avoir domin\u00e9, jeudi, la Somalie, les Fennecs esp\u00e8rent d\u00e9crocher une nouvelle victoire en d\u00e9placement, pour conserver enti\u00e8res leurs chances de qualification. Une mission qui s\u2019annonce, toutefois moins ais\u00e9e et de cela, le s\u00e9lectionneur national est bien conscient.<\/p>\n\n\n\n<p>La victoire de jeudi face \u00e0 la Somalie devrait mettre les Verts dans de bonnes dispositions en pr\u00e9vision de leur second match de qualif. Une victoire qui laisse un go\u00fbt d\u2019inachev\u00e9 et donne des raisons de se faire du mouron, dans la mesure o\u00f9 les poulains de Belmadi n\u2019ont pas vraiment convaincu face \u00e0 une s\u00e9lection somalienne loin de constituer un adversaire de taille, face aux Mozambicains que le Verts affront aujourd\u2019hui chez eux. D\u2019ailleurs Djamel Belmadi pr\u00e9vient, le second match de l\u2019EN dans ce tournois qualificatif sera difficile. \u00ab&nbsp;L\u2019Alg\u00e9rie et le Mozambique ont bien d\u00e9marr\u00e9 cette compagne de qualification. Le Mozambique est all\u00e9 chercher une victoire \u00e0 l\u2019ext\u00e9rieur chez le Botswana, et ils auront bien sur \u00e0 c\u0153ur de remporter une nouvelle victoire \u00e0 domicile&nbsp;\u00bb, a indiqu\u00e9 le s\u00e9lectionneur national en conf\u00e9rence de presse hier \u00e0 Maputo \u00e0 la vielle du match. Il mettra \u00e9galement \u00e0 l\u2019index le calendrier qui a impos\u00e9 \u00e0 ses poulains de jouer le Mozambique trois jours apr\u00e8s la Somalie et en lui imposant un long d\u00e9placement. Il estimera que cela d\u00e9coule certainement de la volont\u00e9 d\u2019imposer une difficult\u00e9 suppl\u00e9mentaire \u00e0 ses poulains avant d\u2019affronter son adversaire mozambicain. Cela n\u2019entame cependant pas la volont\u00e9 des Verts qui entendent obtenir un r\u00e9sultat positif et conserver leurs chances de qualification. Belmadi a soulign\u00e9 que l\u2019objectif reste de se qualifier au Mondial.&nbsp; \u00abNe pas aller \u00e0 la Coupe du monde 2022 au Qatar a \u00e9t\u00e9 tr\u00e8s d\u00e9cevant, que ce soit pour le peuple alg\u00e9rien, les joueurs, ou encore le staff technique. Cela fait partie du pass\u00e9, et maintenant nous devons pr\u00e9parer la Coupe du monde 2026 et nous voulons participer \u00e0 ce tournoi.\u00bb En homme averti, le s\u00e9lectionneur national a d\u00e9j\u00e0 pris toutes les dispositions n\u00e9cessaires afin de mettre ses joueurs dans les meilleures conditions possibles avant ce choc de la 2e journ\u00e9e. En plus du choix de faire le d\u00e9placement \u00e0 Maputo, jeudi soir, il a align\u00e9 un onze largement remani\u00e9 face \u00e0 la Somalie, histoire de pr\u00e9server certains cadres de l\u2019\u00e9quipe en vue du rendez-vous de cet apr\u00e8s-midi, \u00e0 l\u2019image des Bensebaini, Ait-Nouri et Feghouli.<\/p>\n\n\n\n<p>Notons que la s\u00e9lection nationale de football a effectu\u00e9, vendredi, au stade de Costa Do Sol de Maputo une l\u00e9g\u00e8re s\u00e9ance d\u2019entra\u00eenement consacr\u00e9e \u00e0 la r\u00e9cup\u00e9ration, en pr\u00e9vision de la rencontre face au Mozambique pr\u00e9vue aujourd\u2019hui &nbsp;\u00e0 l\u2019Estadio do Zimpeto (14h00), pour le compte de la 2e journ\u00e9e (Gr.G) des qualifications de la Coupe du monde 2026, indique la F\u00e9d\u00e9ration alg\u00e9rienne de football (FAF) sur on site officiel. Pour ce premier galop d\u2019entra\u00eenement, programm\u00e9 \u00e0 16h30 sur un terrain synth\u00e9tique, les co\u00e9quipiers de Far\u00e8s Chaibi se sont adonn\u00e9s \u00e0 une s\u00e9ance plut\u00f4t l\u00e9g\u00e8re par un temps gris et une brise marine venue de l\u2019oc\u00e9an Indien.L&rsquo;\u00e9quipe nationale de football a r\u00e9ussi ses d\u00e9buts aux qualifications de la Coupe du monde 2026, en battant non sans difficult\u00e9s, la Somalie 3-1 (mi-temps : 2-0), jeudi soir au stade Nelson-Mandela de Baraki, pour le compte de la 1re journ\u00e9e (Gr.G). Le premier \u00e0 l&rsquo;issue des dix journ\u00e9es se qualifiera directement pour le Mondial 2026 pr\u00e9vu aux Etats-Unis, Mexique et Canada.<\/p>\n\n\n\n<p><strong>Moncef Dahleb<\/strong><\/p>\n","protected":false},"excerpt":{"rendered":"<p>L\u2019\u00c9quipe nationale de football affrontera cet apr\u00e8s-midi son homologue mozambicaine \u00e0 Maputo pour le compte de seconde journ\u00e9e de qualifications<\/p>\n","protected":false},"author":3,"featured_media":38467,"comment_status":"open","ping_status":"closed","sticky":false,"template":"","format":"standard","meta":{"colormag_page_container_layout":"default_layout","colormag_page_sidebar_layout":"default_layout","om_disable_all_campaigns":false,"_monsterinsights_skip_tracking":false,"_monsterinsights_sitenote_active":false,"_monsterinsights_sitenote_note":"","_monsterinsights_sitenote_category":0,"footnotes":"","_wpscppro_dont_share_socialmedia":false,"_wpscppro_custom_social_share_image":0,"_facebook_share_type":"","_twitter_share_type":"","_linkedin_share_type":"","_pinterest_share_type":"","_linkedin_share_type_page":"","_instagram_share_type":"","_medium_share_type":"","_threads_share_type":"","_google_business_share_type":"","_selected_social_profile":[],"_wpsp_enable_custom_social_template":false,"_wpsp_social_scheduling":{"enabled":false,"datetime":null,"platforms":[],"status":"template_only","dateOption":"today","timeOption":"now","customDays":"","customHours":"","customDate":"","customTime":"","schedulingType":"absolute"},"_wpsp_active_default_template":true},"categories":[52,33],"tags":[],"class_list":["post-47212","post","type-post","status-publish","format-standard","has-post-thumbnail","hentry","category-a-la-une","category-sports"],"aioseo_notices":[],"yoast_head":"<!-- This site is optimized with the Yoast SEO plugin v27.5 - https:\/\/yoast.com\/product\/yoast-seo-wordpress\/ -->\n<title>Belmadi\u00a0: \u00ab\u00a0Notre objectif est d\u2019aller au Mondial\u00a0\u00bb - La Sentinelle<\/title>\n<meta name=\"robots\" content=\"index, follow, max-snippet:-1, max-image-preview:large, max-video-preview:-1\" \/>\n<link rel=\"canonical\" href=\"https:\/\/lasentinelle.dz\/index.php\/2023\/11\/18\/belmadi-notre-objectif-est-daller-au-mondial\/\" \/>\n<meta property=\"og:locale\" content=\"fr_FR\" \/>\n<meta property=\"og:type\" content=\"article\" \/>\n<meta property=\"og:title\" content=\"Belmadi\u00a0: \u00ab\u00a0Notre objectif est d\u2019aller au Mondial\u00a0\u00bb - La Sentinelle\" \/>\n<meta property=\"og:description\" content=\"L\u2019\u00c9quipe nationale de football affrontera cet apr\u00e8s-midi son homologue mozambicaine \u00e0 Maputo pour le compte de seconde journ\u00e9e de qualifications\" \/>\n<meta property=\"og:url\" content=\"https:\/\/lasentinelle.dz\/index.php\/2023\/11\/18\/belmadi-notre-objectif-est-daller-au-mondial\/\" \/>\n<meta property=\"og:site_name\" content=\"La Sentinelle\" \/>\n<meta property=\"article:publisher\" content=\"https:\/\/www.facebook.com\/La-Sentinelle-104059864394773\" \/>\n<meta property=\"article:published_time\" content=\"2023-11-18T21:12:44+00:00\" \/>\n<meta property=\"article:modified_time\" content=\"2023-11-18T21:12:47+00:00\" \/>\n<meta property=\"og:image\" content=\"https:\/\/lasentinelle.dz\/wp-content\/uploads\/2023\/03\/belmadi-3.png\" \/>\n\t<meta property=\"og:image:width\" content=\"1748\" \/>\n\t<meta property=\"og:image:height\" content=\"900\" \/>\n\t<meta property=\"og:image:type\" content=\"image\/png\" \/>\n<meta name=\"author\" content=\"La Sentinelle\" \/>\n<meta name=\"twitter:card\" content=\"summary_large_image\" \/>\n<meta name=\"twitter:label1\" content=\"\u00c9crit par\" \/>\n\t<meta name=\"twitter:data1\" content=\"La Sentinelle\" \/>\n\t<meta name=\"twitter:label2\" content=\"Dur\u00e9e de lecture estim\u00e9e\" \/>\n\t<meta name=\"twitter:data2\" content=\"3 minutes\" \/>\n<script type=\"application\/ld+json\" class=\"yoast-schema-graph\">{\"@context\":\"https:\\\/\\\/schema.org\",\"@graph\":[{\"@type\":\"Article\",\"@id\":\"https:\\\/\\\/lasentinelle.dz\\\/index.php\\\/2023\\\/11\\\/18\\\/belmadi-notre-objectif-est-daller-au-mondial\\\/#article\",\"isPartOf\":{\"@id\":\"https:\\\/\\\/lasentinelle.dz\\\/index.php\\\/2023\\\/11\\\/18\\\/belmadi-notre-objectif-est-daller-au-mondial\\\/\"},\"author\":{\"name\":\"La Sentinelle\",\"@id\":\"https:\\\/\\\/lasentinelle.dz\\\/#\\\/schema\\\/person\\\/d865044e22e70a75174ce8bcad3acfb3\"},\"headline\":\"Belmadi\u00a0: \u00ab\u00a0Notre objectif est d\u2019aller au Mondial\u00a0\u00bb\",\"datePublished\":\"2023-11-18T21:12:44+00:00\",\"dateModified\":\"2023-11-18T21:12:47+00:00\",\"mainEntityOfPage\":{\"@id\":\"https:\\\/\\\/lasentinelle.dz\\\/index.php\\\/2023\\\/11\\\/18\\\/belmadi-notre-objectif-est-daller-au-mondial\\\/\"},\"wordCount\":653,\"commentCount\":0,\"publisher\":{\"@id\":\"https:\\\/\\\/lasentinelle.dz\\\/#organization\"},\"image\":{\"@id\":\"https:\\\/\\\/lasentinelle.dz\\\/index.php\\\/2023\\\/11\\\/18\\\/belmadi-notre-objectif-est-daller-au-mondial\\\/#primaryimage\"},\"thumbnailUrl\":\"https:\\\/\\\/lasentinelle.dz\\\/wp-content\\\/uploads\\\/2023\\\/03\\\/belmadi-3.png\",\"articleSection\":[\"\u00c0 la Une\",\"Sports\"],\"inLanguage\":\"fr-FR\",\"potentialAction\":[{\"@type\":\"CommentAction\",\"name\":\"Comment\",\"target\":[\"https:\\\/\\\/lasentinelle.dz\\\/index.php\\\/2023\\\/11\\\/18\\\/belmadi-notre-objectif-est-daller-au-mondial\\\/#respond\"]}]},{\"@type\":\"WebPage\",\"@id\":\"https:\\\/\\\/lasentinelle.dz\\\/index.php\\\/2023\\\/11\\\/18\\\/belmadi-notre-objectif-est-daller-au-mondial\\\/\",\"url\":\"https:\\\/\\\/lasentinelle.dz\\\/index.php\\\/2023\\\/11\\\/18\\\/belmadi-notre-objectif-est-daller-au-mondial\\\/\",\"name\":\"Belmadi\u00a0: \u00ab\u00a0Notre objectif est d\u2019aller au Mondial\u00a0\u00bb - La Sentinelle\",\"isPartOf\":{\"@id\":\"https:\\\/\\\/lasentinelle.dz\\\/#website\"},\"primaryImageOfPage\":{\"@id\":\"https:\\\/\\\/lasentinelle.dz\\\/index.php\\\/2023\\\/11\\\/18\\\/belmadi-notre-objectif-est-daller-au-mondial\\\/#primaryimage\"},\"image\":{\"@id\":\"https:\\\/\\\/lasentinelle.dz\\\/index.php\\\/2023\\\/11\\\/18\\\/belmadi-notre-objectif-est-daller-au-mondial\\\/#primaryimage\"},\"thumbnailUrl\":\"https:\\\/\\\/lasentinelle.dz\\\/wp-content\\\/uploads\\\/2023\\\/03\\\/belmadi-3.png\",\"datePublished\":\"2023-11-18T21:12:44+00:00\",\"dateModified\":\"2023-11-18T21:12:47+00:00\",\"breadcrumb\":{\"@id\":\"https:\\\/\\\/lasentinelle.dz\\\/index.php\\\/2023\\\/11\\\/18\\\/belmadi-notre-objectif-est-daller-au-mondial\\\/#breadcrumb\"},\"inLanguage\":\"fr-FR\",\"potentialAction\":[{\"@type\":\"ReadAction\",\"target\":[\"https:\\\/\\\/lasentinelle.dz\\\/index.php\\\/2023\\\/11\\\/18\\\/belmadi-notre-objectif-est-daller-au-mondial\\\/\"]}]},{\"@type\":\"ImageObject\",\"inLanguage\":\"fr-FR\",\"@id\":\"https:\\\/\\\/lasentinelle.dz\\\/index.php\\\/2023\\\/11\\\/18\\\/belmadi-notre-objectif-est-daller-au-mondial\\\/#primaryimage\",\"url\":\"https:\\\/\\\/lasentinelle.dz\\\/wp-content\\\/uploads\\\/2023\\\/03\\\/belmadi-3.png\",\"contentUrl\":\"https:\\\/\\\/lasentinelle.dz\\\/wp-content\\\/uploads\\\/2023\\\/03\\\/belmadi-3.png\",\"width\":1748,\"height\":900},{\"@type\":\"BreadcrumbList\",\"@id\":\"https:\\\/\\\/lasentinelle.dz\\\/index.php\\\/2023\\\/11\\\/18\\\/belmadi-notre-objectif-est-daller-au-mondial\\\/#breadcrumb\",\"itemListElement\":[{\"@type\":\"ListItem\",\"position\":1,\"name\":\"Accueil\",\"item\":\"https:\\\/\\\/lasentinelle.dz\\\/\"},{\"@type\":\"ListItem\",\"position\":2,\"name\":\"Belmadi\u00a0: \u00ab\u00a0Notre objectif est d\u2019aller au Mondial\u00a0\u00bb\"}]},{\"@type\":\"WebSite\",\"@id\":\"https:\\\/\\\/lasentinelle.dz\\\/#website\",\"url\":\"https:\\\/\\\/lasentinelle.dz\\\/\",\"name\":\"La Sentinelle\",\"description\":\"Quotidien national d&#039;information\",\"publisher\":{\"@id\":\"https:\\\/\\\/lasentinelle.dz\\\/#organization\"},\"potentialAction\":[{\"@type\":\"SearchAction\",\"target\":{\"@type\":\"EntryPoint\",\"urlTemplate\":\"https:\\\/\\\/lasentinelle.dz\\\/?s={search_term_string}\"},\"query-input\":{\"@type\":\"PropertyValueSpecification\",\"valueRequired\":true,\"valueName\":\"search_term_string\"}}],\"inLanguage\":\"fr-FR\"},{\"@type\":\"Organization\",\"@id\":\"https:\\\/\\\/lasentinelle.dz\\\/#organization\",\"name\":\"Quotidien La Sentinelle\",\"url\":\"https:\\\/\\\/lasentinelle.dz\\\/\",\"logo\":{\"@type\":\"ImageObject\",\"inLanguage\":\"fr-FR\",\"@id\":\"https:\\\/\\\/lasentinelle.dz\\\/#\\\/schema\\\/logo\\\/image\\\/\",\"url\":\"https:\\\/\\\/lasentinelle.dz\\\/wp-content\\\/uploads\\\/2021\\\/09\\\/logo-sentinelleSLOGAN-1.png\",\"contentUrl\":\"https:\\\/\\\/lasentinelle.dz\\\/wp-content\\\/uploads\\\/2021\\\/09\\\/logo-sentinelleSLOGAN-1.png\",\"width\":615,\"height\":142,\"caption\":\"Quotidien La Sentinelle\"},\"image\":{\"@id\":\"https:\\\/\\\/lasentinelle.dz\\\/#\\\/schema\\\/logo\\\/image\\\/\"},\"sameAs\":[\"https:\\\/\\\/www.facebook.com\\\/La-Sentinelle-104059864394773\"]},{\"@type\":\"Person\",\"@id\":\"https:\\\/\\\/lasentinelle.dz\\\/#\\\/schema\\\/person\\\/d865044e22e70a75174ce8bcad3acfb3\",\"name\":\"La Sentinelle\",\"image\":{\"@type\":\"ImageObject\",\"inLanguage\":\"fr-FR\",\"@id\":\"https:\\\/\\\/secure.gravatar.com\\\/avatar\\\/57de8e5d4b15d43fb361a71fbb36338450fe67865b528a43dd10ef7c51a20392?s=96&d=mm&r=g\",\"url\":\"https:\\\/\\\/secure.gravatar.com\\\/avatar\\\/57de8e5d4b15d43fb361a71fbb36338450fe67865b528a43dd10ef7c51a20392?s=96&d=mm&r=g\",\"contentUrl\":\"https:\\\/\\\/secure.gravatar.com\\\/avatar\\\/57de8e5d4b15d43fb361a71fbb36338450fe67865b528a43dd10ef7c51a20392?s=96&d=mm&r=g\",\"caption\":\"La Sentinelle\"},\"sameAs\":[\"http:\\\/\\\/www.lasentinelle.dz\"],\"url\":\"https:\\\/\\\/lasentinelle.dz\\\/author\\\/redaction\\\/\"}]}<\/script>\n<!-- \/ Yoast SEO plugin. -->","yoast_head_json":{"title":"Belmadi\u00a0: \u00ab\u00a0Notre objectif est d\u2019aller au Mondial\u00a0\u00bb - La Sentinelle","robots":{"index":"index","follow":"follow","max-snippet":"max-snippet:-1","max-image-preview":"max-image-preview:large","max-video-preview":"max-video-preview:-1"},"canonical":"https:\/\/lasentinelle.dz\/index.php\/2023\/11\/18\/belmadi-notre-objectif-est-daller-au-mondial\/","og_locale":"fr_FR","og_type":"article","og_title":"Belmadi\u00a0: \u00ab\u00a0Notre objectif est d\u2019aller au Mondial\u00a0\u00bb - La Sentinelle","og_description":"L\u2019\u00c9quipe nationale de football affrontera cet apr\u00e8s-midi son homologue mozambicaine \u00e0 Maputo pour le compte de seconde journ\u00e9e de qualifications","og_url":"https:\/\/lasentinelle.dz\/index.php\/2023\/11\/18\/belmadi-notre-objectif-est-daller-au-mondial\/","og_site_name":"La Sentinelle","article_publisher":"https:\/\/www.facebook.com\/La-Sentinelle-104059864394773","article_published_time":"2023-11-18T21:12:44+00:00","article_modified_time":"2023-11-18T21:12:47+00:00","og_image":[{"width":1748,"height":900,"url":"https:\/\/lasentinelle.dz\/wp-content\/uploads\/2023\/03\/belmadi-3.png","type":"image\/png"}],"author":"La Sentinelle","twitter_card":"summary_large_image","twitter_misc":{"\u00c9crit par":"La Sentinelle","Dur\u00e9e de lecture estim\u00e9e":"3 minutes"},"schema":{"@context":"https:\/\/schema.org","@graph":[{"@type":"Article","@id":"https:\/\/lasentinelle.dz\/index.php\/2023\/11\/18\/belmadi-notre-objectif-est-daller-au-mondial\/#article","isPartOf":{"@id":"https:\/\/lasentinelle.dz\/index.php\/2023\/11\/18\/belmadi-notre-objectif-est-daller-au-mondial\/"},"author":{"name":"La Sentinelle","@id":"https:\/\/lasentinelle.dz\/#\/schema\/person\/d865044e22e70a75174ce8bcad3acfb3"},"headline":"Belmadi\u00a0: \u00ab\u00a0Notre objectif est d\u2019aller au Mondial\u00a0\u00bb","datePublished":"2023-11-18T21:12:44+00:00","dateModified":"2023-11-18T21:12:47+00:00","mainEntityOfPage":{"@id":"https:\/\/lasentinelle.dz\/index.php\/2023\/11\/18\/belmadi-notre-objectif-est-daller-au-mondial\/"},"wordCount":653,"commentCount":0,"publisher":{"@id":"https:\/\/lasentinelle.dz\/#organization"},"image":{"@id":"https:\/\/lasentinelle.dz\/index.php\/2023\/11\/18\/belmadi-notre-objectif-est-daller-au-mondial\/#primaryimage"},"thumbnailUrl":"https:\/\/lasentinelle.dz\/wp-content\/uploads\/2023\/03\/belmadi-3.png","articleSection":["\u00c0 la Une","Sports"],"inLanguage":"fr-FR","potentialAction":[{"@type":"CommentAction","name":"Comment","target":["https:\/\/lasentinelle.dz\/index.php\/2023\/11\/18\/belmadi-notre-objectif-est-daller-au-mondial\/#respond"]}]},{"@type":"WebPage","@id":"https:\/\/lasentinelle.dz\/index.php\/2023\/11\/18\/belmadi-notre-objectif-est-daller-au-mondial\/","url":"https:\/\/lasentinelle.dz\/index.php\/2023\/11\/18\/belmadi-notre-objectif-est-daller-au-mondial\/","name":"Belmadi\u00a0: \u00ab\u00a0Notre objectif est d\u2019aller au Mondial\u00a0\u00bb - La Sentinelle","isPartOf":{"@id":"https:\/\/lasentinelle.dz\/#website"},"primaryImageOfPage":{"@id":"https:\/\/lasentinelle.dz\/index.php\/2023\/11\/18\/belmadi-notre-objectif-est-daller-au-mondial\/#primaryimage"},"image":{"@id":"https:\/\/lasentinelle.dz\/index.php\/2023\/11\/18\/belmadi-notre-objectif-est-daller-au-mondial\/#primaryimage"},"thumbnailUrl":"https:\/\/lasentinelle.dz\/wp-content\/uploads\/2023\/03\/belmadi-3.png","datePublished":"2023-11-18T21:12:44+00:00","dateModified":"2023-11-18T21:12:47+00:00","breadcrumb":{"@id":"https:\/\/lasentinelle.dz\/index.php\/2023\/11\/18\/belmadi-notre-objectif-est-daller-au-mondial\/#breadcrumb"},"inLanguage":"fr-FR","potentialAction":[{"@type":"ReadAction","target":["https:\/\/lasentinelle.dz\/index.php\/2023\/11\/18\/belmadi-notre-objectif-est-daller-au-mondial\/"]}]},{"@type":"ImageObject","inLanguage":"fr-FR","@id":"https:\/\/lasentinelle.dz\/index.php\/2023\/11\/18\/belmadi-notre-objectif-est-daller-au-mondial\/#primaryimage","url":"https:\/\/lasentinelle.dz\/wp-content\/uploads\/2023\/03\/belmadi-3.png","contentUrl":"https:\/\/lasentinelle.dz\/wp-content\/uploads\/2023\/03\/belmadi-3.png","width":1748,"height":900},{"@type":"BreadcrumbList","@id":"https:\/\/lasentinelle.dz\/index.php\/2023\/11\/18\/belmadi-notre-objectif-est-daller-au-mondial\/#breadcrumb","itemListElement":[{"@type":"ListItem","position":1,"name":"Accueil","item":"https:\/\/lasentinelle.dz\/"},{"@type":"ListItem","position":2,"name":"Belmadi\u00a0: \u00ab\u00a0Notre objectif est d\u2019aller au Mondial\u00a0\u00bb"}]},{"@type":"WebSite","@id":"https:\/\/lasentinelle.dz\/#website","url":"https:\/\/lasentinelle.dz\/","name":"La Sentinelle","description":"Quotidien national d&#039;information","publisher":{"@id":"https:\/\/lasentinelle.dz\/#organization"},"potentialAction":[{"@type":"SearchAction","target":{"@type":"EntryPoint","urlTemplate":"https:\/\/lasentinelle.dz\/?s={search_term_string}"},"query-input":{"@type":"PropertyValueSpecification","valueRequired":true,"valueName":"search_term_string"}}],"inLanguage":"fr-FR"},{"@type":"Organization","@id":"https:\/\/lasentinelle.dz\/#organization","name":"Quotidien La Sentinelle","url":"https:\/\/lasentinelle.dz\/","logo":{"@type":"ImageObject","inLanguage":"fr-FR","@id":"https:\/\/lasentinelle.dz\/#\/schema\/logo\/image\/","url":"https:\/\/lasentinelle.dz\/wp-content\/uploads\/2021\/09\/logo-sentinelleSLOGAN-1.png","contentUrl":"https:\/\/lasentinelle.dz\/wp-content\/uploads\/2021\/09\/logo-sentinelleSLOGAN-1.png","width":615,"height":142,"caption":"Quotidien La Sentinelle"},"image":{"@id":"https:\/\/lasentinelle.dz\/#\/schema\/logo\/image\/"},"sameAs":["https:\/\/www.facebook.com\/La-Sentinelle-104059864394773"]},{"@type":"Person","@id":"https:\/\/lasentinelle.dz\/#\/schema\/person\/d865044e22e70a75174ce8bcad3acfb3","name":"La Sentinelle","image":{"@type":"ImageObject","inLanguage":"fr-FR","@id":"https:\/\/secure.gravatar.com\/avatar\/57de8e5d4b15d43fb361a71fbb36338450fe67865b528a43dd10ef7c51a20392?s=96&d=mm&r=g","url":"https:\/\/secure.gravatar.com\/avatar\/57de8e5d4b15d43fb361a71fbb36338450fe67865b528a43dd10ef7c51a20392?s=96&d=mm&r=g","contentUrl":"https:\/\/secure.gravatar.com\/avatar\/57de8e5d4b15d43fb361a71fbb36338450fe67865b528a43dd10ef7c51a20392?s=96&d=mm&r=g","caption":"La Sentinelle"},"sameAs":["http:\/\/www.lasentinelle.dz"],"url":"https:\/\/lasentinelle.dz\/author\/redaction\/"}]}},"_links":{"self":[{"href":"https:\/\/lasentinelle.dz\/index.php\/wp-json\/wp\/v2\/posts\/47212","targetHints":{"allow":["GET"]}}],"collection":[{"href":"https:\/\/lasentinelle.dz\/index.php\/wp-json\/wp\/v2\/posts"}],"about":[{"href":"https:\/\/lasentinelle.dz\/index.php\/wp-json\/wp\/v2\/types\/post"}],"author":[{"embeddable":true,"href":"https:\/\/lasentinelle.dz\/index.php\/wp-json\/wp\/v2\/users\/3"}],"replies":[{"embeddable":true,"href":"https:\/\/lasentinelle.dz\/index.php\/wp-json\/wp\/v2\/comments?post=47212"}],"version-history":[{"count":1,"href":"https:\/\/lasentinelle.dz\/index.php\/wp-json\/wp\/v2\/posts\/47212\/revisions"}],"predecessor-version":[{"id":47213,"href":"https:\/\/lasentinelle.dz\/index.php\/wp-json\/wp\/v2\/posts\/47212\/revisions\/47213"}],"wp:featuredmedia":[{"embeddable":true,"href":"https:\/\/lasentinelle.dz\/index.php\/wp-json\/wp\/v2\/media\/38467"}],"wp:attachment":[{"href":"https:\/\/lasentinelle.dz\/index.php\/wp-json\/wp\/v2\/media?parent=47212"}],"wp:term":[{"taxonomy":"category","embeddable":true,"href":"https:\/\/lasentinelle.dz\/index.php\/wp-json\/wp\/v2\/categories?post=47212"},{"taxonomy":"post_tag","embeddable":true,"href":"https:\/\/lasentinelle.dz\/index.php\/wp-json\/wp\/v2\/tags?post=47212"}],"curies":[{"name":"wp","href":"https:\/\/api.w.org\/{rel}","templated":true}]}}