{"id":47223,"date":"2023-11-18T22:20:42","date_gmt":"2023-11-18T21:20:42","guid":{"rendered":"https:\/\/lasentinelle.dz\/?p=47223"},"modified":"2023-11-18T22:20:44","modified_gmt":"2023-11-18T21:20:44","slug":"batna-une-centrale-photovoltaique-a-ouled-fadel","status":"publish","type":"post","link":"https:\/\/lasentinelle.dz\/index.php\/2023\/11\/18\/batna-une-centrale-photovoltaique-a-ouled-fadel\/","title":{"rendered":"Batna\u00a0: Une centrale photovolta\u00efque \u00e0 Ouled Fadel"},"content":{"rendered":"\n<p>Un projet de centrale photovolta\u00efque devrait \u00eatre lanc\u00e9 en 2024, dans le but de renforcer des capacit\u00e9s \u00e9nerg\u00e9tiques pour satisfaire les besoins en \u00e9lectricit\u00e9 de la wilaya de Batna et des wilayas limitrophes. Outre cela, ce projet structurel d\u2019envergure, dont vient de b\u00e9n\u00e9ficier la wilaya de Batna, a une port\u00e9e socio-\u00e9conomique, \u00e0 travers la cr\u00e9ation de postes d\u2019emplois, l\u2019adh\u00e9sion \u00e0 la politique du d\u00e9veloppement durable et la transition \u00e9nerg\u00e9tique. D\u2019une capacit\u00e9 de 80 m\u00e9gawatts, repr\u00e9sentant un investissement de 720 milliards de centimes, cette centrale solaire photovolta\u00efque sera implant\u00e9e dans la commune d\u2019Ouled Fadel. Cet acquis majeur pour la r\u00e9gion des Aur\u00e8s, dont les travaux de r\u00e9alisation seront lanc\u00e9s en 2024, par le groupe Sonelgaz (Soci\u00e9t\u00e9 nationale de l\u2019\u00e9lectricit\u00e9, ndlr), par le biais de sa filiale \u2018\u2019\u00c9nergies Renouvelables\u2019\u2019, entre dans le cadre d\u2019un programme plus large qui pr\u00e9voit le lancement progressif des travaux de r\u00e9alisation de 15 centrales solaires photovolta\u00efques dans la r\u00e9gion sud-est du pays. Pour rappel, l\u2019Alg\u00e9rie a mis en place un programme national de d\u00e9veloppement des \u00e9nergies renouvelables s\u2019\u00e9talant jusqu\u2019en 2035. L\u2019objectif de ce programme est d\u2019assurer \u00e0 long terme 15 % de l\u2019\u00e9lectricit\u00e9 provenant de sources solaires. Soulignons que la vaste r\u00e9gion des Aur\u00e8s, qui comprend les wilayas de Batna, de T\u00e9bessa, Khenchela, Oum El Bouaghi, et Biskra, a connu, depuis les ann\u00e9es 1990, l\u2019installation de kits solaires d\u00e9di\u00e9s aux t\u00e9l\u00e9communications, au pompage des puits de parcours, ainsi qu\u2019\u00e0 l\u2019alimentation des \u00e9coles, des salles de soins et d\u2019autres infrastructures en milieu rural. Rappelons que la wilaya de Batna, qui utilise d\u00e9j\u00e0 des kits d\u2019une capacit\u00e9 de 8.000 watts, est choisie pour l\u2019installation de multiples \u00e9quipements photovolta\u00efques visant \u00e0 fournir de l\u2019\u00e9lectricit\u00e9 \u00e0 des habitations dispers\u00e9es et aux hameaux situ\u00e9s dans des zones difficiles d\u2019acc\u00e8s. Lesdits kits se distinguent par leur co\u00fbt abordable, leur facilit\u00e9 d\u2019installation et leur capacit\u00e9 \u00e0 r\u00e9pondre aux besoins \u00e9nerg\u00e9tiques, m\u00eame dans les foyers les plus enclav\u00e9s. Par ailleurs, il est utile de noter que la wilaya de Batna a le potentiel humain pour pr\u00e9tendre \u00e0 cette centrale photovolta\u00efque, car, elle dispose d\u2019une \u00e9cole sup\u00e9rieure des \u00e9nergies renouvelables op\u00e9rant d\u00e9j\u00e0 au sein de l\u2019universit\u00e9 de Batna-2 (Fesdis). \u00c9quip\u00e9 d\u2019une station solaire couvrant huit hectares, cet \u00e9tablissement d\u2019enseignement sup\u00e9rieur et de recherche scientifique a \u00e9t\u00e9 cr\u00e9\u00e9 pour dynamiser ce secteur en vue de r\u00e9pondre aux exigences \u00e9nerg\u00e9tiques actuelles et futures. En tout \u00e9tat de cause, ces investissements contribuent de mani\u00e8re significative \u00e0 la concr\u00e9tisation de la transition \u00e9nerg\u00e9tique escompt\u00e9e par l\u2019Alg\u00e9rie. Ces investissements visent \u00e0 s\u00e9curiser et r\u00e9pondre aux besoins nationaux en la mati\u00e8re, tout en r\u00e9duisant la d\u00e9pendance aux hydrocarbures, avec pour perspective l\u2019exportation d\u2019\u00e9nergie \u00e9lectrique renouvelable.<\/p>\n\n\n\n<p><strong>S<\/strong><strong>. Chahine<\/strong><\/p>\n","protected":false},"excerpt":{"rendered":"<p>Un projet de centrale photovolta\u00efque devrait \u00eatre lanc\u00e9 en 2024, dans le but de renforcer des capacit\u00e9s \u00e9nerg\u00e9tiques pour satisfaire<\/p>\n","protected":false},"author":3,"featured_media":13892,"comment_status":"open","ping_status":"closed","sticky":false,"template":"","format":"standard","meta":{"colormag_page_container_layout":"default_layout","colormag_page_sidebar_layout":"default_layout","om_disable_all_campaigns":false,"_monsterinsights_skip_tracking":false,"_monsterinsights_sitenote_active":false,"_monsterinsights_sitenote_note":"","_monsterinsights_sitenote_category":0,"footnotes":"","_wpscppro_dont_share_socialmedia":false,"_wpscppro_custom_social_share_image":0,"_facebook_share_type":"","_twitter_share_type":"","_linkedin_share_type":"","_pinterest_share_type":"","_linkedin_share_type_page":"","_instagram_share_type":"","_medium_share_type":"","_threads_share_type":"","_google_business_share_type":"","_selected_social_profile":[],"_wpsp_enable_custom_social_template":false,"_wpsp_social_scheduling":{"enabled":false,"datetime":null,"platforms":[],"status":"template_only","dateOption":"today","timeOption":"now","customDays":"","customHours":"","customDate":"","customTime":"","schedulingType":"absolute"},"_wpsp_active_default_template":true},"categories":[31],"tags":[],"class_list":["post-47223","post","type-post","status-publish","format-standard","has-post-thumbnail","hentry","category-regions"],"aioseo_notices":[],"yoast_head":"<!-- This site is optimized with the Yoast SEO plugin v27.5 - https:\/\/yoast.com\/product\/yoast-seo-wordpress\/ -->\n<title>Batna\u00a0: Une centrale photovolta\u00efque \u00e0 Ouled Fadel - La Sentinelle<\/title>\n<meta name=\"robots\" content=\"index, follow, max-snippet:-1, max-image-preview:large, max-video-preview:-1\" \/>\n<link rel=\"canonical\" href=\"https:\/\/lasentinelle.dz\/index.php\/2023\/11\/18\/batna-une-centrale-photovoltaique-a-ouled-fadel\/\" \/>\n<meta property=\"og:locale\" content=\"fr_FR\" \/>\n<meta property=\"og:type\" content=\"article\" \/>\n<meta property=\"og:title\" content=\"Batna\u00a0: Une centrale photovolta\u00efque \u00e0 Ouled Fadel - La Sentinelle\" \/>\n<meta property=\"og:description\" content=\"Un projet de centrale photovolta\u00efque devrait \u00eatre lanc\u00e9 en 2024, dans le but de renforcer des capacit\u00e9s \u00e9nerg\u00e9tiques pour satisfaire\" \/>\n<meta property=\"og:url\" content=\"https:\/\/lasentinelle.dz\/index.php\/2023\/11\/18\/batna-une-centrale-photovoltaique-a-ouled-fadel\/\" \/>\n<meta property=\"og:site_name\" content=\"La Sentinelle\" \/>\n<meta property=\"article:publisher\" content=\"https:\/\/www.facebook.com\/La-Sentinelle-104059864394773\" \/>\n<meta property=\"article:published_time\" content=\"2023-11-18T21:20:42+00:00\" \/>\n<meta property=\"article:modified_time\" content=\"2023-11-18T21:20:44+00:00\" \/>\n<meta property=\"og:image\" content=\"https:\/\/lasentinelle.dz\/wp-content\/uploads\/2021\/11\/transition-energetique.jpeg\" \/>\n\t<meta property=\"og:image:width\" content=\"810\" \/>\n\t<meta property=\"og:image:height\" content=\"540\" \/>\n\t<meta property=\"og:image:type\" content=\"image\/jpeg\" \/>\n<meta name=\"author\" content=\"La Sentinelle\" \/>\n<meta name=\"twitter:card\" content=\"summary_large_image\" \/>\n<meta name=\"twitter:label1\" content=\"\u00c9crit par\" \/>\n\t<meta name=\"twitter:data1\" content=\"La Sentinelle\" \/>\n\t<meta name=\"twitter:label2\" content=\"Dur\u00e9e de lecture estim\u00e9e\" \/>\n\t<meta name=\"twitter:data2\" content=\"3 minutes\" \/>\n<script type=\"application\/ld+json\" class=\"yoast-schema-graph\">{\"@context\":\"https:\\\/\\\/schema.org\",\"@graph\":[{\"@type\":\"Article\",\"@id\":\"https:\\\/\\\/lasentinelle.dz\\\/index.php\\\/2023\\\/11\\\/18\\\/batna-une-centrale-photovoltaique-a-ouled-fadel\\\/#article\",\"isPartOf\":{\"@id\":\"https:\\\/\\\/lasentinelle.dz\\\/index.php\\\/2023\\\/11\\\/18\\\/batna-une-centrale-photovoltaique-a-ouled-fadel\\\/\"},\"author\":{\"name\":\"La Sentinelle\",\"@id\":\"https:\\\/\\\/lasentinelle.dz\\\/#\\\/schema\\\/person\\\/d865044e22e70a75174ce8bcad3acfb3\"},\"headline\":\"Batna\u00a0: Une centrale photovolta\u00efque \u00e0 Ouled Fadel\",\"datePublished\":\"2023-11-18T21:20:42+00:00\",\"dateModified\":\"2023-11-18T21:20:44+00:00\",\"mainEntityOfPage\":{\"@id\":\"https:\\\/\\\/lasentinelle.dz\\\/index.php\\\/2023\\\/11\\\/18\\\/batna-une-centrale-photovoltaique-a-ouled-fadel\\\/\"},\"wordCount\":513,\"commentCount\":0,\"publisher\":{\"@id\":\"https:\\\/\\\/lasentinelle.dz\\\/#organization\"},\"image\":{\"@id\":\"https:\\\/\\\/lasentinelle.dz\\\/index.php\\\/2023\\\/11\\\/18\\\/batna-une-centrale-photovoltaique-a-ouled-fadel\\\/#primaryimage\"},\"thumbnailUrl\":\"https:\\\/\\\/lasentinelle.dz\\\/wp-content\\\/uploads\\\/2021\\\/11\\\/transition-energetique.jpeg\",\"articleSection\":[\"R\u00e9gions\"],\"inLanguage\":\"fr-FR\",\"potentialAction\":[{\"@type\":\"CommentAction\",\"name\":\"Comment\",\"target\":[\"https:\\\/\\\/lasentinelle.dz\\\/index.php\\\/2023\\\/11\\\/18\\\/batna-une-centrale-photovoltaique-a-ouled-fadel\\\/#respond\"]}]},{\"@type\":\"WebPage\",\"@id\":\"https:\\\/\\\/lasentinelle.dz\\\/index.php\\\/2023\\\/11\\\/18\\\/batna-une-centrale-photovoltaique-a-ouled-fadel\\\/\",\"url\":\"https:\\\/\\\/lasentinelle.dz\\\/index.php\\\/2023\\\/11\\\/18\\\/batna-une-centrale-photovoltaique-a-ouled-fadel\\\/\",\"name\":\"Batna\u00a0: Une centrale photovolta\u00efque \u00e0 Ouled Fadel - La Sentinelle\",\"isPartOf\":{\"@id\":\"https:\\\/\\\/lasentinelle.dz\\\/#website\"},\"primaryImageOfPage\":{\"@id\":\"https:\\\/\\\/lasentinelle.dz\\\/index.php\\\/2023\\\/11\\\/18\\\/batna-une-centrale-photovoltaique-a-ouled-fadel\\\/#primaryimage\"},\"image\":{\"@id\":\"https:\\\/\\\/lasentinelle.dz\\\/index.php\\\/2023\\\/11\\\/18\\\/batna-une-centrale-photovoltaique-a-ouled-fadel\\\/#primaryimage\"},\"thumbnailUrl\":\"https:\\\/\\\/lasentinelle.dz\\\/wp-content\\\/uploads\\\/2021\\\/11\\\/transition-energetique.jpeg\",\"datePublished\":\"2023-11-18T21:20:42+00:00\",\"dateModified\":\"2023-11-18T21:20:44+00:00\",\"breadcrumb\":{\"@id\":\"https:\\\/\\\/lasentinelle.dz\\\/index.php\\\/2023\\\/11\\\/18\\\/batna-une-centrale-photovoltaique-a-ouled-fadel\\\/#breadcrumb\"},\"inLanguage\":\"fr-FR\",\"potentialAction\":[{\"@type\":\"ReadAction\",\"target\":[\"https:\\\/\\\/lasentinelle.dz\\\/index.php\\\/2023\\\/11\\\/18\\\/batna-une-centrale-photovoltaique-a-ouled-fadel\\\/\"]}]},{\"@type\":\"ImageObject\",\"inLanguage\":\"fr-FR\",\"@id\":\"https:\\\/\\\/lasentinelle.dz\\\/index.php\\\/2023\\\/11\\\/18\\\/batna-une-centrale-photovoltaique-a-ouled-fadel\\\/#primaryimage\",\"url\":\"https:\\\/\\\/lasentinelle.dz\\\/wp-content\\\/uploads\\\/2021\\\/11\\\/transition-energetique.jpeg\",\"contentUrl\":\"https:\\\/\\\/lasentinelle.dz\\\/wp-content\\\/uploads\\\/2021\\\/11\\\/transition-energetique.jpeg\",\"width\":810,\"height\":540,\"caption\":\"-- TIPER Solaire -- Ester (Electricit\u00e9 Solaire des Territoires) est le fruit d\u2019une alliance unique entre 3 parties : la R\u00e9gion Poitou-Charentes, Solairedirect et S\u00e9olis. La R\u00e9gion Poitou-Charentes a fait le choix, d\u00e8s 2008, de soutenir la fili\u00e8re photovolta\u00efque, avec le Plan Solaire R\u00e9gional puis, en mars 2011, avec la mise en place d'un fonds de r\u00e9sistance photovolta\u00efque, et le soutien \u00e0 l'\u00e9mergence d'un nouveau mod\u00e8le \u00e9conomique de production d'\u00e9lectricit\u00e9 solaire \u00e0 prix de march\u00e9. Solairedirect est le premier op\u00e9rateur photovolta\u00efque ind\u00e9pendant en France. La soci\u00e9t\u00e9 a d\u00e9velopp\u00e9 un mod\u00e8le int\u00e9gr\u00e9 original permettant d\u2019industrialiser chacune des grandes \u00e9tapes conduisant \u00e0 la production et la vente d\u2019\u00e9lectricit\u00e9 solaire. Gr\u00e2ce \u00e0 la tr\u00e8s forte baisse des co\u00fbts des syst\u00e8mes photovolta\u00efques, Solairedirect se positionne aujourd\u2019hui comme un pionnier de l\u2019\u00e9lectricit\u00e9 solaire comp\u00e9titive. S\u00e9olis, entreprise locale d\u2019\u00e9lectricit\u00e9 des Deux S\u00e8vres, dans un souci de diversification de ses sources d'acc\u00e8s \u00e0 l'\u00e9nergie, a souhait\u00e9 disposer d'un approvisionnement en \u00e9lectricit\u00e9 solaire \u00e0 prix de march\u00e9 sur le long terme. En combinant des co\u00fbts de construction optimis\u00e9s et des co\u00fbts de financement bas sur le long terme, il permet dans un contexte d\u2019augmentation du prix de l\u2019\u00e9nergie de fournir d\u00e8s \u00e0 pr\u00e9sent de l\u2019\u00e9lectricit\u00e9 solaire \u00e0 un \u00e9nerg\u00e9ticien \u00e0 un prix inf\u00e9rieur \u00e0 celui pay\u00e9 par les particuliers en France. La R\u00e9gion Poitou-Charentes et Solairedirect ont constitu\u00e9 une Soci\u00e9t\u00e9 d\u2019\u00e9conomie mixte, SEM Ester (d\u00e9tenue \u00e0 65 % par la R\u00e9gion Poitou-Charentes et \u00e0 35 % par Solairedirect). Son objectif est de promouvoir la cr\u00e9ation de parcs solaires, donner acc\u00e8s \u00e0 une \u00e9lectricit\u00e9 d\u00e9centralis\u00e9e, propre et comp\u00e9titive et contribuer au d\u00e9veloppement industriel de la r\u00e9gion. -- Contexte G\u00e9n\u00e9ral -- Lanc\u00e9 en 2005, le projet TIPER, parc des Technologies Innovantes pour la Production d\u2019Energies Renouvelables, a pour objectif de d\u00e9velopper un p\u00f4le li\u00e9 aux \u00e9nergies renouvelables dans le Thouarsais, sur les anciens terrains militaires de l'ETAMAT. Soutenu par la R\u00e9gion Poitou-Charentes, le Conseil G\u00e9n\u00e9ral des Deux-S\u00e8vres et la Communaut\u00e9 de Communes du Thouarsais, le parc TIPER permettra de d\u00e9velopper un nouveau mod\u00e8le de production d'\u00e9nergie, plus respectueux de l'environnement et qui favorisera le d\u00e9veloppement \u00e9conomique du territoire. TIPER s'articule autour de deux volets, la partie production d'\u00e9nergie renouvelable et la partie d\u00e9couverte, qui permettront de d\u00e9velopper une offre compl\u00e9mentaire et d'int\u00e9grer durablement les diff\u00e9rentes activit\u00e9s li\u00e9es \u00e0 la production d'\u00e9nergies renouvelables dans l'\u00e9conomie locale. TIPER Production permettra d'installer les techniques de production d'\u00e9nergie renouvelables suivantes sur le territoire : - Une usine de m\u00e9thanisation (utilisation des sous-produits agricoles et agro-alimentaires appel\u00e9s biomasse pour produire de l'\u00e9lectricit\u00e9 et de la chaleur) d'une puissance de 3Mwc - Deux parcs \u00e9oliens, l'un de 3 \u00e9oliennes \u00e0 Mauz\u00e9-Thouarsais et l'autre de 3 \u00e9oliennes au nord de l'ex-ETAMAT, d'une puissance totale de 14,1 Mwc - Trois parcs solaires de 15, 16 et 21 hectares d'une puissance totale de 28,2 MW. Ces trois parcs formeront le plus grand parc solaire de Poitou-Charentes. Ce dernier sera situ\u00e9 sur les groupes I, II et III de l'ex-ETAMAT. La partie TIPER D\u00e9couverte regroupe diff\u00e9rentes activit\u00e9s : - La formation. Diff\u00e9rentes formations sont propos\u00e9es sur le territoire afin de former des sp\u00e9cialistes des \u00e9nergies renouvelables et de la maitrise de l'\u00e9nergie. - Un sentier des \u00e9nergies renouvelables. Le long du parc TIPER ce sentier sera un espace de d\u00e9tente et de promenade en lien avec les \u00e9nergies renouvelables pour sensibiliser aux enjeux de l'environnement. Il sera possible de d\u00e9couvrir l\u2019ensemble des techniques de production d'\u00e9nergie renouvelables install\u00e9es sur le site.\"},{\"@type\":\"BreadcrumbList\",\"@id\":\"https:\\\/\\\/lasentinelle.dz\\\/index.php\\\/2023\\\/11\\\/18\\\/batna-une-centrale-photovoltaique-a-ouled-fadel\\\/#breadcrumb\",\"itemListElement\":[{\"@type\":\"ListItem\",\"position\":1,\"name\":\"Accueil\",\"item\":\"https:\\\/\\\/lasentinelle.dz\\\/\"},{\"@type\":\"ListItem\",\"position\":2,\"name\":\"Batna\u00a0: Une centrale photovolta\u00efque \u00e0 Ouled Fadel\"}]},{\"@type\":\"WebSite\",\"@id\":\"https:\\\/\\\/lasentinelle.dz\\\/#website\",\"url\":\"https:\\\/\\\/lasentinelle.dz\\\/\",\"name\":\"La Sentinelle\",\"description\":\"Quotidien national d&#039;information\",\"publisher\":{\"@id\":\"https:\\\/\\\/lasentinelle.dz\\\/#organization\"},\"potentialAction\":[{\"@type\":\"SearchAction\",\"target\":{\"@type\":\"EntryPoint\",\"urlTemplate\":\"https:\\\/\\\/lasentinelle.dz\\\/?s={search_term_string}\"},\"query-input\":{\"@type\":\"PropertyValueSpecification\",\"valueRequired\":true,\"valueName\":\"search_term_string\"}}],\"inLanguage\":\"fr-FR\"},{\"@type\":\"Organization\",\"@id\":\"https:\\\/\\\/lasentinelle.dz\\\/#organization\",\"name\":\"Quotidien La Sentinelle\",\"url\":\"https:\\\/\\\/lasentinelle.dz\\\/\",\"logo\":{\"@type\":\"ImageObject\",\"inLanguage\":\"fr-FR\",\"@id\":\"https:\\\/\\\/lasentinelle.dz\\\/#\\\/schema\\\/logo\\\/image\\\/\",\"url\":\"https:\\\/\\\/lasentinelle.dz\\\/wp-content\\\/uploads\\\/2021\\\/09\\\/logo-sentinelleSLOGAN-1.png\",\"contentUrl\":\"https:\\\/\\\/lasentinelle.dz\\\/wp-content\\\/uploads\\\/2021\\\/09\\\/logo-sentinelleSLOGAN-1.png\",\"width\":615,\"height\":142,\"caption\":\"Quotidien La Sentinelle\"},\"image\":{\"@id\":\"https:\\\/\\\/lasentinelle.dz\\\/#\\\/schema\\\/logo\\\/image\\\/\"},\"sameAs\":[\"https:\\\/\\\/www.facebook.com\\\/La-Sentinelle-104059864394773\"]},{\"@type\":\"Person\",\"@id\":\"https:\\\/\\\/lasentinelle.dz\\\/#\\\/schema\\\/person\\\/d865044e22e70a75174ce8bcad3acfb3\",\"name\":\"La Sentinelle\",\"image\":{\"@type\":\"ImageObject\",\"inLanguage\":\"fr-FR\",\"@id\":\"https:\\\/\\\/secure.gravatar.com\\\/avatar\\\/57de8e5d4b15d43fb361a71fbb36338450fe67865b528a43dd10ef7c51a20392?s=96&d=mm&r=g\",\"url\":\"https:\\\/\\\/secure.gravatar.com\\\/avatar\\\/57de8e5d4b15d43fb361a71fbb36338450fe67865b528a43dd10ef7c51a20392?s=96&d=mm&r=g\",\"contentUrl\":\"https:\\\/\\\/secure.gravatar.com\\\/avatar\\\/57de8e5d4b15d43fb361a71fbb36338450fe67865b528a43dd10ef7c51a20392?s=96&d=mm&r=g\",\"caption\":\"La Sentinelle\"},\"sameAs\":[\"http:\\\/\\\/www.lasentinelle.dz\"],\"url\":\"https:\\\/\\\/lasentinelle.dz\\\/author\\\/redaction\\\/\"}]}<\/script>\n<!-- \/ Yoast SEO plugin. -->","yoast_head_json":{"title":"Batna\u00a0: Une centrale photovolta\u00efque \u00e0 Ouled Fadel - La Sentinelle","robots":{"index":"index","follow":"follow","max-snippet":"max-snippet:-1","max-image-preview":"max-image-preview:large","max-video-preview":"max-video-preview:-1"},"canonical":"https:\/\/lasentinelle.dz\/index.php\/2023\/11\/18\/batna-une-centrale-photovoltaique-a-ouled-fadel\/","og_locale":"fr_FR","og_type":"article","og_title":"Batna\u00a0: Une centrale photovolta\u00efque \u00e0 Ouled Fadel - La Sentinelle","og_description":"Un projet de centrale photovolta\u00efque devrait \u00eatre lanc\u00e9 en 2024, dans le but de renforcer des capacit\u00e9s \u00e9nerg\u00e9tiques pour satisfaire","og_url":"https:\/\/lasentinelle.dz\/index.php\/2023\/11\/18\/batna-une-centrale-photovoltaique-a-ouled-fadel\/","og_site_name":"La Sentinelle","article_publisher":"https:\/\/www.facebook.com\/La-Sentinelle-104059864394773","article_published_time":"2023-11-18T21:20:42+00:00","article_modified_time":"2023-11-18T21:20:44+00:00","og_image":[{"width":810,"height":540,"url":"https:\/\/lasentinelle.dz\/wp-content\/uploads\/2021\/11\/transition-energetique.jpeg","type":"image\/jpeg"}],"author":"La Sentinelle","twitter_card":"summary_large_image","twitter_misc":{"\u00c9crit par":"La Sentinelle","Dur\u00e9e de lecture estim\u00e9e":"3 minutes"},"schema":{"@context":"https:\/\/schema.org","@graph":[{"@type":"Article","@id":"https:\/\/lasentinelle.dz\/index.php\/2023\/11\/18\/batna-une-centrale-photovoltaique-a-ouled-fadel\/#article","isPartOf":{"@id":"https:\/\/lasentinelle.dz\/index.php\/2023\/11\/18\/batna-une-centrale-photovoltaique-a-ouled-fadel\/"},"author":{"name":"La Sentinelle","@id":"https:\/\/lasentinelle.dz\/#\/schema\/person\/d865044e22e70a75174ce8bcad3acfb3"},"headline":"Batna\u00a0: Une centrale photovolta\u00efque \u00e0 Ouled Fadel","datePublished":"2023-11-18T21:20:42+00:00","dateModified":"2023-11-18T21:20:44+00:00","mainEntityOfPage":{"@id":"https:\/\/lasentinelle.dz\/index.php\/2023\/11\/18\/batna-une-centrale-photovoltaique-a-ouled-fadel\/"},"wordCount":513,"commentCount":0,"publisher":{"@id":"https:\/\/lasentinelle.dz\/#organization"},"image":{"@id":"https:\/\/lasentinelle.dz\/index.php\/2023\/11\/18\/batna-une-centrale-photovoltaique-a-ouled-fadel\/#primaryimage"},"thumbnailUrl":"https:\/\/lasentinelle.dz\/wp-content\/uploads\/2021\/11\/transition-energetique.jpeg","articleSection":["R\u00e9gions"],"inLanguage":"fr-FR","potentialAction":[{"@type":"CommentAction","name":"Comment","target":["https:\/\/lasentinelle.dz\/index.php\/2023\/11\/18\/batna-une-centrale-photovoltaique-a-ouled-fadel\/#respond"]}]},{"@type":"WebPage","@id":"https:\/\/lasentinelle.dz\/index.php\/2023\/11\/18\/batna-une-centrale-photovoltaique-a-ouled-fadel\/","url":"https:\/\/lasentinelle.dz\/index.php\/2023\/11\/18\/batna-une-centrale-photovoltaique-a-ouled-fadel\/","name":"Batna\u00a0: Une centrale photovolta\u00efque \u00e0 Ouled Fadel - La Sentinelle","isPartOf":{"@id":"https:\/\/lasentinelle.dz\/#website"},"primaryImageOfPage":{"@id":"https:\/\/lasentinelle.dz\/index.php\/2023\/11\/18\/batna-une-centrale-photovoltaique-a-ouled-fadel\/#primaryimage"},"image":{"@id":"https:\/\/lasentinelle.dz\/index.php\/2023\/11\/18\/batna-une-centrale-photovoltaique-a-ouled-fadel\/#primaryimage"},"thumbnailUrl":"https:\/\/lasentinelle.dz\/wp-content\/uploads\/2021\/11\/transition-energetique.jpeg","datePublished":"2023-11-18T21:20:42+00:00","dateModified":"2023-11-18T21:20:44+00:00","breadcrumb":{"@id":"https:\/\/lasentinelle.dz\/index.php\/2023\/11\/18\/batna-une-centrale-photovoltaique-a-ouled-fadel\/#breadcrumb"},"inLanguage":"fr-FR","potentialAction":[{"@type":"ReadAction","target":["https:\/\/lasentinelle.dz\/index.php\/2023\/11\/18\/batna-une-centrale-photovoltaique-a-ouled-fadel\/"]}]},{"@type":"ImageObject","inLanguage":"fr-FR","@id":"https:\/\/lasentinelle.dz\/index.php\/2023\/11\/18\/batna-une-centrale-photovoltaique-a-ouled-fadel\/#primaryimage","url":"https:\/\/lasentinelle.dz\/wp-content\/uploads\/2021\/11\/transition-energetique.jpeg","contentUrl":"https:\/\/lasentinelle.dz\/wp-content\/uploads\/2021\/11\/transition-energetique.jpeg","width":810,"height":540,"caption":"-- TIPER Solaire -- Ester (Electricit\u00e9 Solaire des Territoires) est le fruit d\u2019une alliance unique entre 3 parties : la R\u00e9gion Poitou-Charentes, Solairedirect et S\u00e9olis. La R\u00e9gion Poitou-Charentes a fait le choix, d\u00e8s 2008, de soutenir la fili\u00e8re photovolta\u00efque, avec le Plan Solaire R\u00e9gional puis, en mars 2011, avec la mise en place d'un fonds de r\u00e9sistance photovolta\u00efque, et le soutien \u00e0 l'\u00e9mergence d'un nouveau mod\u00e8le \u00e9conomique de production d'\u00e9lectricit\u00e9 solaire \u00e0 prix de march\u00e9. Solairedirect est le premier op\u00e9rateur photovolta\u00efque ind\u00e9pendant en France. La soci\u00e9t\u00e9 a d\u00e9velopp\u00e9 un mod\u00e8le int\u00e9gr\u00e9 original permettant d\u2019industrialiser chacune des grandes \u00e9tapes conduisant \u00e0 la production et la vente d\u2019\u00e9lectricit\u00e9 solaire. Gr\u00e2ce \u00e0 la tr\u00e8s forte baisse des co\u00fbts des syst\u00e8mes photovolta\u00efques, Solairedirect se positionne aujourd\u2019hui comme un pionnier de l\u2019\u00e9lectricit\u00e9 solaire comp\u00e9titive. S\u00e9olis, entreprise locale d\u2019\u00e9lectricit\u00e9 des Deux S\u00e8vres, dans un souci de diversification de ses sources d'acc\u00e8s \u00e0 l'\u00e9nergie, a souhait\u00e9 disposer d'un approvisionnement en \u00e9lectricit\u00e9 solaire \u00e0 prix de march\u00e9 sur le long terme. En combinant des co\u00fbts de construction optimis\u00e9s et des co\u00fbts de financement bas sur le long terme, il permet dans un contexte d\u2019augmentation du prix de l\u2019\u00e9nergie de fournir d\u00e8s \u00e0 pr\u00e9sent de l\u2019\u00e9lectricit\u00e9 solaire \u00e0 un \u00e9nerg\u00e9ticien \u00e0 un prix inf\u00e9rieur \u00e0 celui pay\u00e9 par les particuliers en France. La R\u00e9gion Poitou-Charentes et Solairedirect ont constitu\u00e9 une Soci\u00e9t\u00e9 d\u2019\u00e9conomie mixte, SEM Ester (d\u00e9tenue \u00e0 65 % par la R\u00e9gion Poitou-Charentes et \u00e0 35 % par Solairedirect). Son objectif est de promouvoir la cr\u00e9ation de parcs solaires, donner acc\u00e8s \u00e0 une \u00e9lectricit\u00e9 d\u00e9centralis\u00e9e, propre et comp\u00e9titive et contribuer au d\u00e9veloppement industriel de la r\u00e9gion. -- Contexte G\u00e9n\u00e9ral -- Lanc\u00e9 en 2005, le projet TIPER, parc des Technologies Innovantes pour la Production d\u2019Energies Renouvelables, a pour objectif de d\u00e9velopper un p\u00f4le li\u00e9 aux \u00e9nergies renouvelables dans le Thouarsais, sur les anciens terrains militaires de l'ETAMAT. Soutenu par la R\u00e9gion Poitou-Charentes, le Conseil G\u00e9n\u00e9ral des Deux-S\u00e8vres et la Communaut\u00e9 de Communes du Thouarsais, le parc TIPER permettra de d\u00e9velopper un nouveau mod\u00e8le de production d'\u00e9nergie, plus respectueux de l'environnement et qui favorisera le d\u00e9veloppement \u00e9conomique du territoire. TIPER s'articule autour de deux volets, la partie production d'\u00e9nergie renouvelable et la partie d\u00e9couverte, qui permettront de d\u00e9velopper une offre compl\u00e9mentaire et d'int\u00e9grer durablement les diff\u00e9rentes activit\u00e9s li\u00e9es \u00e0 la production d'\u00e9nergies renouvelables dans l'\u00e9conomie locale. TIPER Production permettra d'installer les techniques de production d'\u00e9nergie renouvelables suivantes sur le territoire : - Une usine de m\u00e9thanisation (utilisation des sous-produits agricoles et agro-alimentaires appel\u00e9s biomasse pour produire de l'\u00e9lectricit\u00e9 et de la chaleur) d'une puissance de 3Mwc - Deux parcs \u00e9oliens, l'un de 3 \u00e9oliennes \u00e0 Mauz\u00e9-Thouarsais et l'autre de 3 \u00e9oliennes au nord de l'ex-ETAMAT, d'une puissance totale de 14,1 Mwc - Trois parcs solaires de 15, 16 et 21 hectares d'une puissance totale de 28,2 MW. Ces trois parcs formeront le plus grand parc solaire de Poitou-Charentes. Ce dernier sera situ\u00e9 sur les groupes I, II et III de l'ex-ETAMAT. La partie TIPER D\u00e9couverte regroupe diff\u00e9rentes activit\u00e9s : - La formation. Diff\u00e9rentes formations sont propos\u00e9es sur le territoire afin de former des sp\u00e9cialistes des \u00e9nergies renouvelables et de la maitrise de l'\u00e9nergie. - Un sentier des \u00e9nergies renouvelables. Le long du parc TIPER ce sentier sera un espace de d\u00e9tente et de promenade en lien avec les \u00e9nergies renouvelables pour sensibiliser aux enjeux de l'environnement. Il sera possible de d\u00e9couvrir l\u2019ensemble des techniques de production d'\u00e9nergie renouvelables install\u00e9es sur le site."},{"@type":"BreadcrumbList","@id":"https:\/\/lasentinelle.dz\/index.php\/2023\/11\/18\/batna-une-centrale-photovoltaique-a-ouled-fadel\/#breadcrumb","itemListElement":[{"@type":"ListItem","position":1,"name":"Accueil","item":"https:\/\/lasentinelle.dz\/"},{"@type":"ListItem","position":2,"name":"Batna\u00a0: Une centrale photovolta\u00efque \u00e0 Ouled Fadel"}]},{"@type":"WebSite","@id":"https:\/\/lasentinelle.dz\/#website","url":"https:\/\/lasentinelle.dz\/","name":"La Sentinelle","description":"Quotidien national d&#039;information","publisher":{"@id":"https:\/\/lasentinelle.dz\/#organization"},"potentialAction":[{"@type":"SearchAction","target":{"@type":"EntryPoint","urlTemplate":"https:\/\/lasentinelle.dz\/?s={search_term_string}"},"query-input":{"@type":"PropertyValueSpecification","valueRequired":true,"valueName":"search_term_string"}}],"inLanguage":"fr-FR"},{"@type":"Organization","@id":"https:\/\/lasentinelle.dz\/#organization","name":"Quotidien La Sentinelle","url":"https:\/\/lasentinelle.dz\/","logo":{"@type":"ImageObject","inLanguage":"fr-FR","@id":"https:\/\/lasentinelle.dz\/#\/schema\/logo\/image\/","url":"https:\/\/lasentinelle.dz\/wp-content\/uploads\/2021\/09\/logo-sentinelleSLOGAN-1.png","contentUrl":"https:\/\/lasentinelle.dz\/wp-content\/uploads\/2021\/09\/logo-sentinelleSLOGAN-1.png","width":615,"height":142,"caption":"Quotidien La Sentinelle"},"image":{"@id":"https:\/\/lasentinelle.dz\/#\/schema\/logo\/image\/"},"sameAs":["https:\/\/www.facebook.com\/La-Sentinelle-104059864394773"]},{"@type":"Person","@id":"https:\/\/lasentinelle.dz\/#\/schema\/person\/d865044e22e70a75174ce8bcad3acfb3","name":"La Sentinelle","image":{"@type":"ImageObject","inLanguage":"fr-FR","@id":"https:\/\/secure.gravatar.com\/avatar\/57de8e5d4b15d43fb361a71fbb36338450fe67865b528a43dd10ef7c51a20392?s=96&d=mm&r=g","url":"https:\/\/secure.gravatar.com\/avatar\/57de8e5d4b15d43fb361a71fbb36338450fe67865b528a43dd10ef7c51a20392?s=96&d=mm&r=g","contentUrl":"https:\/\/secure.gravatar.com\/avatar\/57de8e5d4b15d43fb361a71fbb36338450fe67865b528a43dd10ef7c51a20392?s=96&d=mm&r=g","caption":"La Sentinelle"},"sameAs":["http:\/\/www.lasentinelle.dz"],"url":"https:\/\/lasentinelle.dz\/author\/redaction\/"}]}},"_links":{"self":[{"href":"https:\/\/lasentinelle.dz\/index.php\/wp-json\/wp\/v2\/posts\/47223","targetHints":{"allow":["GET"]}}],"collection":[{"href":"https:\/\/lasentinelle.dz\/index.php\/wp-json\/wp\/v2\/posts"}],"about":[{"href":"https:\/\/lasentinelle.dz\/index.php\/wp-json\/wp\/v2\/types\/post"}],"author":[{"embeddable":true,"href":"https:\/\/lasentinelle.dz\/index.php\/wp-json\/wp\/v2\/users\/3"}],"replies":[{"embeddable":true,"href":"https:\/\/lasentinelle.dz\/index.php\/wp-json\/wp\/v2\/comments?post=47223"}],"version-history":[{"count":1,"href":"https:\/\/lasentinelle.dz\/index.php\/wp-json\/wp\/v2\/posts\/47223\/revisions"}],"predecessor-version":[{"id":47224,"href":"https:\/\/lasentinelle.dz\/index.php\/wp-json\/wp\/v2\/posts\/47223\/revisions\/47224"}],"wp:featuredmedia":[{"embeddable":true,"href":"https:\/\/lasentinelle.dz\/index.php\/wp-json\/wp\/v2\/media\/13892"}],"wp:attachment":[{"href":"https:\/\/lasentinelle.dz\/index.php\/wp-json\/wp\/v2\/media?parent=47223"}],"wp:term":[{"taxonomy":"category","embeddable":true,"href":"https:\/\/lasentinelle.dz\/index.php\/wp-json\/wp\/v2\/categories?post=47223"},{"taxonomy":"post_tag","embeddable":true,"href":"https:\/\/lasentinelle.dz\/index.php\/wp-json\/wp\/v2\/tags?post=47223"}],"curies":[{"name":"wp","href":"https:\/\/api.w.org\/{rel}","templated":true}]}}