{"id":47246,"date":"2023-11-19T21:27:08","date_gmt":"2023-11-19T20:27:08","guid":{"rendered":"https:\/\/lasentinelle.dz\/?p=47246"},"modified":"2023-11-19T21:27:10","modified_gmt":"2023-11-19T20:27:10","slug":"burkina-faso-larmee-dejoue-une-attaque-d-une-grande-ampleur-au-sahel","status":"publish","type":"post","link":"https:\/\/lasentinelle.dz\/index.php\/2023\/11\/19\/burkina-faso-larmee-dejoue-une-attaque-d-une-grande-ampleur-au-sahel\/","title":{"rendered":"Burkina Faso\u00a0: L\u2019arm\u00e9e d\u00e9joue une attaque d\u2019\u00ab\u00a0une grande ampleur \u00bb au Sahel"},"content":{"rendered":"\n<p>Les forces arm\u00e9es du Burkina Faso ont d\u00e9jou\u00e9 une attaque d&rsquo; \u00bbune grande ampleur \u00bb dans la r\u00e9gion du Sahel, rapportent samedi des m\u00e9dias locaux.<\/p>\n\n\n\n<p>\u00ab Depuis vendredi, des groupes arm\u00e9s terroristes planifiaient une sanglante attaque contre les Forces combattantes et les populations au niveau de la r\u00e9gion du Sahel \u00bb, selon l\u2019agence d\u2019information du Burkina Faso (AIB). D\u2019apr\u00e8s l\u2019agence, les forces arm\u00e9s par des moyens a\u00e9riens ont commenc\u00e9 \u00e0 suivre leurs (les terroristes) mouvements, et dans la matin\u00e9e du samedi, alors qu\u2019ils allaient au ravitaillement dans le Nord de Koutoukou, ils ont \u00e9t\u00e9 intercept\u00e9s par les forces burkinab\u00e9s. Au m\u00eame moment, d\u2019autres appareils de l\u2019arm\u00e9e surveillaient une quarantaine de terroristes sur des motos. Les criminels attendaient de faire jonction avec le premier groupe au niveau de K\u00e9r\u00e9boul\u00e9, \u00e0 une trentaine de kilom\u00e8tres de Nassoumbou. Au cours de la nuit, un autre groupe terroriste \u00e0 bord d\u2019un pick-up quitte la zone des trois fronti\u00e8res et p\u00e9n\u00e8tre sur le territoire burkinab\u00e8. Selon les informations relay\u00e9es par l\u2019AIB, \u00ab tous ces groupes terroristes en mouvement dans le Sahel ces derni\u00e8res heures ont \u00e9t\u00e9 neutralis\u00e9s, alors que les op\u00e9rations se poursuivent \u00bb. Pour rappel, l\u2019arm\u00e9e burkinab\u00e9 a annonc\u00e9 avoir r\u00e9ussi \u00e0 neutraliser une centaine de terroristes dans le nord du pays, dans le cadre d\u2019une op\u00e9ration conjointe avec le Mal. Le Burkina Faso tout comme le Mali sont confront\u00e9s \u00e0 la mont\u00e9e des violences. Les deux pays avaient \u00e9t\u00e9 confront\u00e9s \u00e0 l\u2019assaut de plusieurs centaines de terroristes dans la r\u00e9gion de la Boucle du Mouhoun, d\u00e9but novembre.<\/p>\n\n\n\n<p><strong>R.I.<\/strong><\/p>\n","protected":false},"excerpt":{"rendered":"<p>Les forces arm\u00e9es du Burkina Faso ont d\u00e9jou\u00e9 une attaque d&rsquo; \u00bbune grande ampleur \u00bb dans la r\u00e9gion du Sahel,<\/p>\n","protected":false},"author":3,"featured_media":47247,"comment_status":"open","ping_status":"closed","sticky":false,"template":"","format":"standard","meta":{"colormag_page_container_layout":"default_layout","colormag_page_sidebar_layout":"default_layout","om_disable_all_campaigns":false,"_monsterinsights_skip_tracking":false,"_monsterinsights_sitenote_active":false,"_monsterinsights_sitenote_note":"","_monsterinsights_sitenote_category":0,"footnotes":"","_wpscppro_dont_share_socialmedia":false,"_wpscppro_custom_social_share_image":0,"_facebook_share_type":"","_twitter_share_type":"","_linkedin_share_type":"","_pinterest_share_type":"","_linkedin_share_type_page":"","_instagram_share_type":"","_medium_share_type":"","_threads_share_type":"","_google_business_share_type":"","_selected_social_profile":[],"_wpsp_enable_custom_social_template":false,"_wpsp_social_scheduling":{"enabled":false,"datetime":null,"platforms":[],"status":"template_only","dateOption":"today","timeOption":"now","customDays":"","customHours":"","customDate":"","customTime":"","schedulingType":"absolute"},"_wpsp_active_default_template":true},"categories":[52,37],"tags":[],"class_list":["post-47246","post","type-post","status-publish","format-standard","has-post-thumbnail","hentry","category-a-la-une","category-monde"],"aioseo_notices":[],"yoast_head":"<!-- This site is optimized with the Yoast SEO plugin v27.4 - https:\/\/yoast.com\/product\/yoast-seo-wordpress\/ -->\n<title>Burkina Faso\u00a0: L\u2019arm\u00e9e d\u00e9joue une attaque d\u2019\u00ab\u00a0une grande ampleur \u00bb au Sahel - La Sentinelle<\/title>\n<meta name=\"robots\" content=\"index, follow, max-snippet:-1, max-image-preview:large, max-video-preview:-1\" \/>\n<link rel=\"canonical\" href=\"https:\/\/lasentinelle.dz\/index.php\/2023\/11\/19\/burkina-faso-larmee-dejoue-une-attaque-d-une-grande-ampleur-au-sahel\/\" \/>\n<meta property=\"og:locale\" content=\"fr_FR\" \/>\n<meta property=\"og:type\" content=\"article\" \/>\n<meta property=\"og:title\" content=\"Burkina Faso\u00a0: L\u2019arm\u00e9e d\u00e9joue une attaque d\u2019\u00ab\u00a0une grande ampleur \u00bb au Sahel - La Sentinelle\" \/>\n<meta property=\"og:description\" content=\"Les forces arm\u00e9es du Burkina Faso ont d\u00e9jou\u00e9 une attaque d&rsquo; \u00bbune grande ampleur \u00bb dans la r\u00e9gion du Sahel,\" \/>\n<meta property=\"og:url\" content=\"https:\/\/lasentinelle.dz\/index.php\/2023\/11\/19\/burkina-faso-larmee-dejoue-une-attaque-d-une-grande-ampleur-au-sahel\/\" \/>\n<meta property=\"og:site_name\" content=\"La Sentinelle\" \/>\n<meta property=\"article:publisher\" content=\"https:\/\/www.facebook.com\/La-Sentinelle-104059864394773\" \/>\n<meta property=\"article:published_time\" content=\"2023-11-19T20:27:08+00:00\" \/>\n<meta property=\"article:modified_time\" content=\"2023-11-19T20:27:10+00:00\" \/>\n<meta property=\"og:image\" content=\"https:\/\/lasentinelle.dz\/wp-content\/uploads\/2023\/11\/burkina.jpeg\" \/>\n\t<meta property=\"og:image:width\" content=\"811\" \/>\n\t<meta property=\"og:image:height\" content=\"376\" \/>\n\t<meta property=\"og:image:type\" content=\"image\/jpeg\" \/>\n<meta name=\"author\" content=\"La Sentinelle\" \/>\n<meta name=\"twitter:card\" content=\"summary_large_image\" \/>\n<meta name=\"twitter:label1\" content=\"\u00c9crit par\" \/>\n\t<meta name=\"twitter:data1\" content=\"La Sentinelle\" \/>\n\t<meta name=\"twitter:label2\" content=\"Dur\u00e9e de lecture estim\u00e9e\" \/>\n\t<meta name=\"twitter:data2\" content=\"2 minutes\" \/>\n<script type=\"application\/ld+json\" class=\"yoast-schema-graph\">{\"@context\":\"https:\\\/\\\/schema.org\",\"@graph\":[{\"@type\":\"Article\",\"@id\":\"https:\\\/\\\/lasentinelle.dz\\\/index.php\\\/2023\\\/11\\\/19\\\/burkina-faso-larmee-dejoue-une-attaque-d-une-grande-ampleur-au-sahel\\\/#article\",\"isPartOf\":{\"@id\":\"https:\\\/\\\/lasentinelle.dz\\\/index.php\\\/2023\\\/11\\\/19\\\/burkina-faso-larmee-dejoue-une-attaque-d-une-grande-ampleur-au-sahel\\\/\"},\"author\":{\"name\":\"La Sentinelle\",\"@id\":\"https:\\\/\\\/lasentinelle.dz\\\/#\\\/schema\\\/person\\\/d865044e22e70a75174ce8bcad3acfb3\"},\"headline\":\"Burkina Faso\u00a0: L\u2019arm\u00e9e d\u00e9joue une attaque d\u2019\u00ab\u00a0une grande ampleur \u00bb au Sahel\",\"datePublished\":\"2023-11-19T20:27:08+00:00\",\"dateModified\":\"2023-11-19T20:27:10+00:00\",\"mainEntityOfPage\":{\"@id\":\"https:\\\/\\\/lasentinelle.dz\\\/index.php\\\/2023\\\/11\\\/19\\\/burkina-faso-larmee-dejoue-une-attaque-d-une-grande-ampleur-au-sahel\\\/\"},\"wordCount\":304,\"commentCount\":0,\"publisher\":{\"@id\":\"https:\\\/\\\/lasentinelle.dz\\\/#organization\"},\"image\":{\"@id\":\"https:\\\/\\\/lasentinelle.dz\\\/index.php\\\/2023\\\/11\\\/19\\\/burkina-faso-larmee-dejoue-une-attaque-d-une-grande-ampleur-au-sahel\\\/#primaryimage\"},\"thumbnailUrl\":\"https:\\\/\\\/lasentinelle.dz\\\/wp-content\\\/uploads\\\/2023\\\/11\\\/burkina.jpeg\",\"articleSection\":[\"\u00c0 la Une\",\"Monde\"],\"inLanguage\":\"fr-FR\",\"potentialAction\":[{\"@type\":\"CommentAction\",\"name\":\"Comment\",\"target\":[\"https:\\\/\\\/lasentinelle.dz\\\/index.php\\\/2023\\\/11\\\/19\\\/burkina-faso-larmee-dejoue-une-attaque-d-une-grande-ampleur-au-sahel\\\/#respond\"]}]},{\"@type\":\"WebPage\",\"@id\":\"https:\\\/\\\/lasentinelle.dz\\\/index.php\\\/2023\\\/11\\\/19\\\/burkina-faso-larmee-dejoue-une-attaque-d-une-grande-ampleur-au-sahel\\\/\",\"url\":\"https:\\\/\\\/lasentinelle.dz\\\/index.php\\\/2023\\\/11\\\/19\\\/burkina-faso-larmee-dejoue-une-attaque-d-une-grande-ampleur-au-sahel\\\/\",\"name\":\"Burkina Faso\u00a0: L\u2019arm\u00e9e d\u00e9joue une attaque d\u2019\u00ab\u00a0une grande ampleur \u00bb au Sahel - La Sentinelle\",\"isPartOf\":{\"@id\":\"https:\\\/\\\/lasentinelle.dz\\\/#website\"},\"primaryImageOfPage\":{\"@id\":\"https:\\\/\\\/lasentinelle.dz\\\/index.php\\\/2023\\\/11\\\/19\\\/burkina-faso-larmee-dejoue-une-attaque-d-une-grande-ampleur-au-sahel\\\/#primaryimage\"},\"image\":{\"@id\":\"https:\\\/\\\/lasentinelle.dz\\\/index.php\\\/2023\\\/11\\\/19\\\/burkina-faso-larmee-dejoue-une-attaque-d-une-grande-ampleur-au-sahel\\\/#primaryimage\"},\"thumbnailUrl\":\"https:\\\/\\\/lasentinelle.dz\\\/wp-content\\\/uploads\\\/2023\\\/11\\\/burkina.jpeg\",\"datePublished\":\"2023-11-19T20:27:08+00:00\",\"dateModified\":\"2023-11-19T20:27:10+00:00\",\"breadcrumb\":{\"@id\":\"https:\\\/\\\/lasentinelle.dz\\\/index.php\\\/2023\\\/11\\\/19\\\/burkina-faso-larmee-dejoue-une-attaque-d-une-grande-ampleur-au-sahel\\\/#breadcrumb\"},\"inLanguage\":\"fr-FR\",\"potentialAction\":[{\"@type\":\"ReadAction\",\"target\":[\"https:\\\/\\\/lasentinelle.dz\\\/index.php\\\/2023\\\/11\\\/19\\\/burkina-faso-larmee-dejoue-une-attaque-d-une-grande-ampleur-au-sahel\\\/\"]}]},{\"@type\":\"ImageObject\",\"inLanguage\":\"fr-FR\",\"@id\":\"https:\\\/\\\/lasentinelle.dz\\\/index.php\\\/2023\\\/11\\\/19\\\/burkina-faso-larmee-dejoue-une-attaque-d-une-grande-ampleur-au-sahel\\\/#primaryimage\",\"url\":\"https:\\\/\\\/lasentinelle.dz\\\/wp-content\\\/uploads\\\/2023\\\/11\\\/burkina.jpeg\",\"contentUrl\":\"https:\\\/\\\/lasentinelle.dz\\\/wp-content\\\/uploads\\\/2023\\\/11\\\/burkina.jpeg\",\"width\":811,\"height\":376},{\"@type\":\"BreadcrumbList\",\"@id\":\"https:\\\/\\\/lasentinelle.dz\\\/index.php\\\/2023\\\/11\\\/19\\\/burkina-faso-larmee-dejoue-une-attaque-d-une-grande-ampleur-au-sahel\\\/#breadcrumb\",\"itemListElement\":[{\"@type\":\"ListItem\",\"position\":1,\"name\":\"Accueil\",\"item\":\"https:\\\/\\\/lasentinelle.dz\\\/\"},{\"@type\":\"ListItem\",\"position\":2,\"name\":\"Burkina Faso\u00a0: L\u2019arm\u00e9e d\u00e9joue une attaque d\u2019\u00ab\u00a0une grande ampleur \u00bb au Sahel\"}]},{\"@type\":\"WebSite\",\"@id\":\"https:\\\/\\\/lasentinelle.dz\\\/#website\",\"url\":\"https:\\\/\\\/lasentinelle.dz\\\/\",\"name\":\"La Sentinelle\",\"description\":\"Quotidien national d&#039;information\",\"publisher\":{\"@id\":\"https:\\\/\\\/lasentinelle.dz\\\/#organization\"},\"potentialAction\":[{\"@type\":\"SearchAction\",\"target\":{\"@type\":\"EntryPoint\",\"urlTemplate\":\"https:\\\/\\\/lasentinelle.dz\\\/?s={search_term_string}\"},\"query-input\":{\"@type\":\"PropertyValueSpecification\",\"valueRequired\":true,\"valueName\":\"search_term_string\"}}],\"inLanguage\":\"fr-FR\"},{\"@type\":\"Organization\",\"@id\":\"https:\\\/\\\/lasentinelle.dz\\\/#organization\",\"name\":\"Quotidien La Sentinelle\",\"url\":\"https:\\\/\\\/lasentinelle.dz\\\/\",\"logo\":{\"@type\":\"ImageObject\",\"inLanguage\":\"fr-FR\",\"@id\":\"https:\\\/\\\/lasentinelle.dz\\\/#\\\/schema\\\/logo\\\/image\\\/\",\"url\":\"https:\\\/\\\/lasentinelle.dz\\\/wp-content\\\/uploads\\\/2021\\\/09\\\/logo-sentinelleSLOGAN-1.png\",\"contentUrl\":\"https:\\\/\\\/lasentinelle.dz\\\/wp-content\\\/uploads\\\/2021\\\/09\\\/logo-sentinelleSLOGAN-1.png\",\"width\":615,\"height\":142,\"caption\":\"Quotidien La Sentinelle\"},\"image\":{\"@id\":\"https:\\\/\\\/lasentinelle.dz\\\/#\\\/schema\\\/logo\\\/image\\\/\"},\"sameAs\":[\"https:\\\/\\\/www.facebook.com\\\/La-Sentinelle-104059864394773\"]},{\"@type\":\"Person\",\"@id\":\"https:\\\/\\\/lasentinelle.dz\\\/#\\\/schema\\\/person\\\/d865044e22e70a75174ce8bcad3acfb3\",\"name\":\"La Sentinelle\",\"image\":{\"@type\":\"ImageObject\",\"inLanguage\":\"fr-FR\",\"@id\":\"https:\\\/\\\/secure.gravatar.com\\\/avatar\\\/57de8e5d4b15d43fb361a71fbb36338450fe67865b528a43dd10ef7c51a20392?s=96&d=mm&r=g\",\"url\":\"https:\\\/\\\/secure.gravatar.com\\\/avatar\\\/57de8e5d4b15d43fb361a71fbb36338450fe67865b528a43dd10ef7c51a20392?s=96&d=mm&r=g\",\"contentUrl\":\"https:\\\/\\\/secure.gravatar.com\\\/avatar\\\/57de8e5d4b15d43fb361a71fbb36338450fe67865b528a43dd10ef7c51a20392?s=96&d=mm&r=g\",\"caption\":\"La Sentinelle\"},\"sameAs\":[\"http:\\\/\\\/www.lasentinelle.dz\"],\"url\":\"https:\\\/\\\/lasentinelle.dz\\\/author\\\/redaction\\\/\"}]}<\/script>\n<!-- \/ Yoast SEO plugin. -->","yoast_head_json":{"title":"Burkina Faso\u00a0: L\u2019arm\u00e9e d\u00e9joue une attaque d\u2019\u00ab\u00a0une grande ampleur \u00bb au Sahel - La Sentinelle","robots":{"index":"index","follow":"follow","max-snippet":"max-snippet:-1","max-image-preview":"max-image-preview:large","max-video-preview":"max-video-preview:-1"},"canonical":"https:\/\/lasentinelle.dz\/index.php\/2023\/11\/19\/burkina-faso-larmee-dejoue-une-attaque-d-une-grande-ampleur-au-sahel\/","og_locale":"fr_FR","og_type":"article","og_title":"Burkina Faso\u00a0: L\u2019arm\u00e9e d\u00e9joue une attaque d\u2019\u00ab\u00a0une grande ampleur \u00bb au Sahel - La Sentinelle","og_description":"Les forces arm\u00e9es du Burkina Faso ont d\u00e9jou\u00e9 une attaque d&rsquo; \u00bbune grande ampleur \u00bb dans la r\u00e9gion du Sahel,","og_url":"https:\/\/lasentinelle.dz\/index.php\/2023\/11\/19\/burkina-faso-larmee-dejoue-une-attaque-d-une-grande-ampleur-au-sahel\/","og_site_name":"La Sentinelle","article_publisher":"https:\/\/www.facebook.com\/La-Sentinelle-104059864394773","article_published_time":"2023-11-19T20:27:08+00:00","article_modified_time":"2023-11-19T20:27:10+00:00","og_image":[{"width":811,"height":376,"url":"https:\/\/lasentinelle.dz\/wp-content\/uploads\/2023\/11\/burkina.jpeg","type":"image\/jpeg"}],"author":"La Sentinelle","twitter_card":"summary_large_image","twitter_misc":{"\u00c9crit par":"La Sentinelle","Dur\u00e9e de lecture estim\u00e9e":"2 minutes"},"schema":{"@context":"https:\/\/schema.org","@graph":[{"@type":"Article","@id":"https:\/\/lasentinelle.dz\/index.php\/2023\/11\/19\/burkina-faso-larmee-dejoue-une-attaque-d-une-grande-ampleur-au-sahel\/#article","isPartOf":{"@id":"https:\/\/lasentinelle.dz\/index.php\/2023\/11\/19\/burkina-faso-larmee-dejoue-une-attaque-d-une-grande-ampleur-au-sahel\/"},"author":{"name":"La Sentinelle","@id":"https:\/\/lasentinelle.dz\/#\/schema\/person\/d865044e22e70a75174ce8bcad3acfb3"},"headline":"Burkina Faso\u00a0: L\u2019arm\u00e9e d\u00e9joue une attaque d\u2019\u00ab\u00a0une grande ampleur \u00bb au Sahel","datePublished":"2023-11-19T20:27:08+00:00","dateModified":"2023-11-19T20:27:10+00:00","mainEntityOfPage":{"@id":"https:\/\/lasentinelle.dz\/index.php\/2023\/11\/19\/burkina-faso-larmee-dejoue-une-attaque-d-une-grande-ampleur-au-sahel\/"},"wordCount":304,"commentCount":0,"publisher":{"@id":"https:\/\/lasentinelle.dz\/#organization"},"image":{"@id":"https:\/\/lasentinelle.dz\/index.php\/2023\/11\/19\/burkina-faso-larmee-dejoue-une-attaque-d-une-grande-ampleur-au-sahel\/#primaryimage"},"thumbnailUrl":"https:\/\/lasentinelle.dz\/wp-content\/uploads\/2023\/11\/burkina.jpeg","articleSection":["\u00c0 la Une","Monde"],"inLanguage":"fr-FR","potentialAction":[{"@type":"CommentAction","name":"Comment","target":["https:\/\/lasentinelle.dz\/index.php\/2023\/11\/19\/burkina-faso-larmee-dejoue-une-attaque-d-une-grande-ampleur-au-sahel\/#respond"]}]},{"@type":"WebPage","@id":"https:\/\/lasentinelle.dz\/index.php\/2023\/11\/19\/burkina-faso-larmee-dejoue-une-attaque-d-une-grande-ampleur-au-sahel\/","url":"https:\/\/lasentinelle.dz\/index.php\/2023\/11\/19\/burkina-faso-larmee-dejoue-une-attaque-d-une-grande-ampleur-au-sahel\/","name":"Burkina Faso\u00a0: L\u2019arm\u00e9e d\u00e9joue une attaque d\u2019\u00ab\u00a0une grande ampleur \u00bb au Sahel - La Sentinelle","isPartOf":{"@id":"https:\/\/lasentinelle.dz\/#website"},"primaryImageOfPage":{"@id":"https:\/\/lasentinelle.dz\/index.php\/2023\/11\/19\/burkina-faso-larmee-dejoue-une-attaque-d-une-grande-ampleur-au-sahel\/#primaryimage"},"image":{"@id":"https:\/\/lasentinelle.dz\/index.php\/2023\/11\/19\/burkina-faso-larmee-dejoue-une-attaque-d-une-grande-ampleur-au-sahel\/#primaryimage"},"thumbnailUrl":"https:\/\/lasentinelle.dz\/wp-content\/uploads\/2023\/11\/burkina.jpeg","datePublished":"2023-11-19T20:27:08+00:00","dateModified":"2023-11-19T20:27:10+00:00","breadcrumb":{"@id":"https:\/\/lasentinelle.dz\/index.php\/2023\/11\/19\/burkina-faso-larmee-dejoue-une-attaque-d-une-grande-ampleur-au-sahel\/#breadcrumb"},"inLanguage":"fr-FR","potentialAction":[{"@type":"ReadAction","target":["https:\/\/lasentinelle.dz\/index.php\/2023\/11\/19\/burkina-faso-larmee-dejoue-une-attaque-d-une-grande-ampleur-au-sahel\/"]}]},{"@type":"ImageObject","inLanguage":"fr-FR","@id":"https:\/\/lasentinelle.dz\/index.php\/2023\/11\/19\/burkina-faso-larmee-dejoue-une-attaque-d-une-grande-ampleur-au-sahel\/#primaryimage","url":"https:\/\/lasentinelle.dz\/wp-content\/uploads\/2023\/11\/burkina.jpeg","contentUrl":"https:\/\/lasentinelle.dz\/wp-content\/uploads\/2023\/11\/burkina.jpeg","width":811,"height":376},{"@type":"BreadcrumbList","@id":"https:\/\/lasentinelle.dz\/index.php\/2023\/11\/19\/burkina-faso-larmee-dejoue-une-attaque-d-une-grande-ampleur-au-sahel\/#breadcrumb","itemListElement":[{"@type":"ListItem","position":1,"name":"Accueil","item":"https:\/\/lasentinelle.dz\/"},{"@type":"ListItem","position":2,"name":"Burkina Faso\u00a0: L\u2019arm\u00e9e d\u00e9joue une attaque d\u2019\u00ab\u00a0une grande ampleur \u00bb au Sahel"}]},{"@type":"WebSite","@id":"https:\/\/lasentinelle.dz\/#website","url":"https:\/\/lasentinelle.dz\/","name":"La Sentinelle","description":"Quotidien national d&#039;information","publisher":{"@id":"https:\/\/lasentinelle.dz\/#organization"},"potentialAction":[{"@type":"SearchAction","target":{"@type":"EntryPoint","urlTemplate":"https:\/\/lasentinelle.dz\/?s={search_term_string}"},"query-input":{"@type":"PropertyValueSpecification","valueRequired":true,"valueName":"search_term_string"}}],"inLanguage":"fr-FR"},{"@type":"Organization","@id":"https:\/\/lasentinelle.dz\/#organization","name":"Quotidien La Sentinelle","url":"https:\/\/lasentinelle.dz\/","logo":{"@type":"ImageObject","inLanguage":"fr-FR","@id":"https:\/\/lasentinelle.dz\/#\/schema\/logo\/image\/","url":"https:\/\/lasentinelle.dz\/wp-content\/uploads\/2021\/09\/logo-sentinelleSLOGAN-1.png","contentUrl":"https:\/\/lasentinelle.dz\/wp-content\/uploads\/2021\/09\/logo-sentinelleSLOGAN-1.png","width":615,"height":142,"caption":"Quotidien La Sentinelle"},"image":{"@id":"https:\/\/lasentinelle.dz\/#\/schema\/logo\/image\/"},"sameAs":["https:\/\/www.facebook.com\/La-Sentinelle-104059864394773"]},{"@type":"Person","@id":"https:\/\/lasentinelle.dz\/#\/schema\/person\/d865044e22e70a75174ce8bcad3acfb3","name":"La Sentinelle","image":{"@type":"ImageObject","inLanguage":"fr-FR","@id":"https:\/\/secure.gravatar.com\/avatar\/57de8e5d4b15d43fb361a71fbb36338450fe67865b528a43dd10ef7c51a20392?s=96&d=mm&r=g","url":"https:\/\/secure.gravatar.com\/avatar\/57de8e5d4b15d43fb361a71fbb36338450fe67865b528a43dd10ef7c51a20392?s=96&d=mm&r=g","contentUrl":"https:\/\/secure.gravatar.com\/avatar\/57de8e5d4b15d43fb361a71fbb36338450fe67865b528a43dd10ef7c51a20392?s=96&d=mm&r=g","caption":"La Sentinelle"},"sameAs":["http:\/\/www.lasentinelle.dz"],"url":"https:\/\/lasentinelle.dz\/author\/redaction\/"}]}},"_links":{"self":[{"href":"https:\/\/lasentinelle.dz\/index.php\/wp-json\/wp\/v2\/posts\/47246","targetHints":{"allow":["GET"]}}],"collection":[{"href":"https:\/\/lasentinelle.dz\/index.php\/wp-json\/wp\/v2\/posts"}],"about":[{"href":"https:\/\/lasentinelle.dz\/index.php\/wp-json\/wp\/v2\/types\/post"}],"author":[{"embeddable":true,"href":"https:\/\/lasentinelle.dz\/index.php\/wp-json\/wp\/v2\/users\/3"}],"replies":[{"embeddable":true,"href":"https:\/\/lasentinelle.dz\/index.php\/wp-json\/wp\/v2\/comments?post=47246"}],"version-history":[{"count":1,"href":"https:\/\/lasentinelle.dz\/index.php\/wp-json\/wp\/v2\/posts\/47246\/revisions"}],"predecessor-version":[{"id":47248,"href":"https:\/\/lasentinelle.dz\/index.php\/wp-json\/wp\/v2\/posts\/47246\/revisions\/47248"}],"wp:featuredmedia":[{"embeddable":true,"href":"https:\/\/lasentinelle.dz\/index.php\/wp-json\/wp\/v2\/media\/47247"}],"wp:attachment":[{"href":"https:\/\/lasentinelle.dz\/index.php\/wp-json\/wp\/v2\/media?parent=47246"}],"wp:term":[{"taxonomy":"category","embeddable":true,"href":"https:\/\/lasentinelle.dz\/index.php\/wp-json\/wp\/v2\/categories?post=47246"},{"taxonomy":"post_tag","embeddable":true,"href":"https:\/\/lasentinelle.dz\/index.php\/wp-json\/wp\/v2\/tags?post=47246"}],"curies":[{"name":"wp","href":"https:\/\/api.w.org\/{rel}","templated":true}]}}