{"id":47261,"date":"2023-11-19T21:57:21","date_gmt":"2023-11-19T20:57:21","guid":{"rendered":"https:\/\/lasentinelle.dz\/?p=47261"},"modified":"2023-11-19T21:57:24","modified_gmt":"2023-11-19T20:57:24","slug":"annaba-actes-de-vandalisme-sur-le-reseau-aep","status":"publish","type":"post","link":"https:\/\/lasentinelle.dz\/index.php\/2023\/11\/19\/annaba-actes-de-vandalisme-sur-le-reseau-aep\/","title":{"rendered":"Annaba\u00a0: Actes de vandalisme sur le r\u00e9seau AEP"},"content":{"rendered":"\n<p>Les vols et actes vandalismes perp\u00e9tr\u00e9s depuis une semaine contre diff\u00e9rents \u00e9quipements de l\u2019Alg\u00e9rienne des eaux \u00e0 Annaba sont devenus un v\u00e9ritable casse-t\u00eate.<\/p>\n\n\n\n<p>Une tentative de vol d\u2019\u00e9quipements a cibl\u00e9, cette fois-ci, la station de pompage, sise \u00e0 la cit\u00e9 Dorban. L\u2019acte de vandalisme a endommag\u00e9 consid\u00e9rablement les installations de cette station de pompage, entra\u00eenant une interruption de la distribution d\u2019eau dans toute la zone nord de la ville d\u2019Annaba. L\u2019incident a \u00e9t\u00e9 constat\u00e9 par les \u00e9quipes du centre de distribution d\u2019Oued Forcha, relevant de l\u2019ADE unit\u00e9 d\u2019Annaba. \u00c0 l\u2019issue d\u2019une inspection sur le site, il a \u00e9t\u00e9 d\u00e9couvert, une tentative de vol inachev\u00e9e et une agression flagrante \u00e0 l\u2019int\u00e9rieur de la station de pompage. Il est \u00e0 signaler que cette station de pompage alimente, entre autres, les 300 logements EPLF Dorban, la cit\u00e9 180 logements Belaid Belkacem et Fakharine3. Cet acte irresponsable a occasionn\u00e9 , outre l\u2019interruption de la distribution d\u2019eau \u00e0 des milliers de dans les zones p\u00e9riph\u00e9riques de la ville, la d\u00e9perdition de milliers de m\u00e8tres cubes d\u2019eau. Ces incidents soudains perturbent les op\u00e9rations quotidiennes de stockage, de pompage et de distribution d\u2019eau, provoquant des p\u00e9nuries aigu\u00ebs qui affectent directement les habitants de la wilaya. Il est \u00e0 noter que cet \u00e9ni\u00e8me acte est malheureusement loin d\u2019\u00eatre un cas isol\u00e9. Rien qu\u2019au courant de la semaine derni\u00e8re, un incident similaire a \u00e9t\u00e9 enregistr\u00e9, avec le vol d\u2019une partie du canal de distribution de diam\u00e8tre 150 m, approvisionnant les habitations situ\u00e9es \u00e0 proximit\u00e9 de l\u2019h\u00f4pital Ibn Sina du chef-lieu de la wilaya. L\u2019acte a \u00e9t\u00e9 signal\u00e9 par des citoyens aux services de l\u2019ADE dont les \u00e9quipes sont d\u00e9couverts, outre le vol d\u2019une section importante du canal de distribution d\u2019eau potable, la vandalisation perp\u00e9tr\u00e9e sur le reste du canal. Aussit\u00f4t les services de l\u2019ADE ont pris des mesures urgentes en installant un nouveau canal \u00e0 une distance de 6 m\u00e8tres. Ce qui repr\u00e9sente un v\u00e9ritable d\u00e9fi, compte tenu du relief difficile de la localit\u00e9 et de la complexit\u00e9 de l\u2019intervention. Par ailleurs, conscient de l&rsquo;impact de ces actes criminels sur le r\u00e9seau de distribution et l\u2019alimentation en eau potable, notamment dans ce contexte de stress hydrique, les citoyens ont adh\u00e9r\u00e9 aux appels de d\u00e9nonciation de tous actes suspects. En t\u00e9moigne cette d\u00e9nonciation aux services de l\u2019ADE via son num\u00e9ro de t\u00e9l\u00e9phone mentionn\u00e9 sur les r\u00e9seaux sociaux, signalant le saccage de la station de pompage de Dorban. Ce geste de citoyennet\u00e9 a \u00e9t\u00e9 fortement f\u00e9licit\u00e9 et encourag\u00e9 par la direction de l\u2019Alg\u00e9rienne Des Eaux \u00e0 Annaba, qui a appel\u00e9 les citoyens \u00e0 signaler tout incident ou probl\u00e8me affectant les \u00e9quipements n\u00e9cessaires pour la distribution d\u2019eau potable aux habitants de la wilaya.<\/p>\n\n\n\n<p><strong>Sofia Chahine<\/strong><\/p>\n","protected":false},"excerpt":{"rendered":"<p>Les vols et actes vandalismes perp\u00e9tr\u00e9s depuis une semaine contre diff\u00e9rents \u00e9quipements de l\u2019Alg\u00e9rienne des eaux \u00e0 Annaba sont devenus<\/p>\n","protected":false},"author":3,"featured_media":40123,"comment_status":"open","ping_status":"closed","sticky":false,"template":"","format":"standard","meta":{"colormag_page_container_layout":"default_layout","colormag_page_sidebar_layout":"default_layout","om_disable_all_campaigns":false,"_monsterinsights_skip_tracking":false,"_monsterinsights_sitenote_active":false,"_monsterinsights_sitenote_note":"","_monsterinsights_sitenote_category":0,"footnotes":"","_wpscppro_dont_share_socialmedia":false,"_wpscppro_custom_social_share_image":0,"_facebook_share_type":"","_twitter_share_type":"","_linkedin_share_type":"","_pinterest_share_type":"","_linkedin_share_type_page":"","_instagram_share_type":"","_medium_share_type":"","_threads_share_type":"","_google_business_share_type":"","_selected_social_profile":[],"_wpsp_enable_custom_social_template":false,"_wpsp_social_scheduling":{"enabled":false,"datetime":null,"platforms":[],"status":"template_only","dateOption":"today","timeOption":"now","customDays":"","customHours":"","customDate":"","customTime":"","schedulingType":"absolute"},"_wpsp_active_default_template":true},"categories":[31],"tags":[],"class_list":["post-47261","post","type-post","status-publish","format-standard","has-post-thumbnail","hentry","category-regions"],"aioseo_notices":[],"yoast_head":"<!-- This site is optimized with the Yoast SEO plugin v27.4 - https:\/\/yoast.com\/product\/yoast-seo-wordpress\/ -->\n<title>Annaba\u00a0: Actes de vandalisme sur le r\u00e9seau AEP - La Sentinelle<\/title>\n<meta name=\"robots\" content=\"index, follow, max-snippet:-1, max-image-preview:large, max-video-preview:-1\" \/>\n<link rel=\"canonical\" href=\"https:\/\/lasentinelle.dz\/index.php\/2023\/11\/19\/annaba-actes-de-vandalisme-sur-le-reseau-aep\/\" \/>\n<meta property=\"og:locale\" content=\"fr_FR\" \/>\n<meta property=\"og:type\" content=\"article\" \/>\n<meta property=\"og:title\" content=\"Annaba\u00a0: Actes de vandalisme sur le r\u00e9seau AEP - La Sentinelle\" \/>\n<meta property=\"og:description\" content=\"Les vols et actes vandalismes perp\u00e9tr\u00e9s depuis une semaine contre diff\u00e9rents \u00e9quipements de l\u2019Alg\u00e9rienne des eaux \u00e0 Annaba sont devenus\" \/>\n<meta property=\"og:url\" content=\"https:\/\/lasentinelle.dz\/index.php\/2023\/11\/19\/annaba-actes-de-vandalisme-sur-le-reseau-aep\/\" \/>\n<meta property=\"og:site_name\" content=\"La Sentinelle\" \/>\n<meta property=\"article:publisher\" content=\"https:\/\/www.facebook.com\/La-Sentinelle-104059864394773\" \/>\n<meta property=\"article:published_time\" content=\"2023-11-19T20:57:21+00:00\" \/>\n<meta property=\"article:modified_time\" content=\"2023-11-19T20:57:24+00:00\" \/>\n<meta property=\"og:image\" content=\"https:\/\/lasentinelle.dz\/wp-content\/uploads\/2023\/04\/ADE.jpeg\" \/>\n\t<meta property=\"og:image:width\" content=\"960\" \/>\n\t<meta property=\"og:image:height\" content=\"960\" \/>\n\t<meta property=\"og:image:type\" content=\"image\/jpeg\" \/>\n<meta name=\"author\" content=\"La Sentinelle\" \/>\n<meta name=\"twitter:card\" content=\"summary_large_image\" \/>\n<meta name=\"twitter:label1\" content=\"\u00c9crit par\" \/>\n\t<meta name=\"twitter:data1\" content=\"La Sentinelle\" \/>\n\t<meta name=\"twitter:label2\" content=\"Dur\u00e9e de lecture estim\u00e9e\" \/>\n\t<meta name=\"twitter:data2\" content=\"3 minutes\" \/>\n<script type=\"application\/ld+json\" class=\"yoast-schema-graph\">{\"@context\":\"https:\\\/\\\/schema.org\",\"@graph\":[{\"@type\":\"Article\",\"@id\":\"https:\\\/\\\/lasentinelle.dz\\\/index.php\\\/2023\\\/11\\\/19\\\/annaba-actes-de-vandalisme-sur-le-reseau-aep\\\/#article\",\"isPartOf\":{\"@id\":\"https:\\\/\\\/lasentinelle.dz\\\/index.php\\\/2023\\\/11\\\/19\\\/annaba-actes-de-vandalisme-sur-le-reseau-aep\\\/\"},\"author\":{\"name\":\"La Sentinelle\",\"@id\":\"https:\\\/\\\/lasentinelle.dz\\\/#\\\/schema\\\/person\\\/d865044e22e70a75174ce8bcad3acfb3\"},\"headline\":\"Annaba\u00a0: Actes de vandalisme sur le r\u00e9seau AEP\",\"datePublished\":\"2023-11-19T20:57:21+00:00\",\"dateModified\":\"2023-11-19T20:57:24+00:00\",\"mainEntityOfPage\":{\"@id\":\"https:\\\/\\\/lasentinelle.dz\\\/index.php\\\/2023\\\/11\\\/19\\\/annaba-actes-de-vandalisme-sur-le-reseau-aep\\\/\"},\"wordCount\":511,\"commentCount\":0,\"publisher\":{\"@id\":\"https:\\\/\\\/lasentinelle.dz\\\/#organization\"},\"image\":{\"@id\":\"https:\\\/\\\/lasentinelle.dz\\\/index.php\\\/2023\\\/11\\\/19\\\/annaba-actes-de-vandalisme-sur-le-reseau-aep\\\/#primaryimage\"},\"thumbnailUrl\":\"https:\\\/\\\/lasentinelle.dz\\\/wp-content\\\/uploads\\\/2023\\\/04\\\/ADE.jpeg\",\"articleSection\":[\"R\u00e9gions\"],\"inLanguage\":\"fr-FR\",\"potentialAction\":[{\"@type\":\"CommentAction\",\"name\":\"Comment\",\"target\":[\"https:\\\/\\\/lasentinelle.dz\\\/index.php\\\/2023\\\/11\\\/19\\\/annaba-actes-de-vandalisme-sur-le-reseau-aep\\\/#respond\"]}]},{\"@type\":\"WebPage\",\"@id\":\"https:\\\/\\\/lasentinelle.dz\\\/index.php\\\/2023\\\/11\\\/19\\\/annaba-actes-de-vandalisme-sur-le-reseau-aep\\\/\",\"url\":\"https:\\\/\\\/lasentinelle.dz\\\/index.php\\\/2023\\\/11\\\/19\\\/annaba-actes-de-vandalisme-sur-le-reseau-aep\\\/\",\"name\":\"Annaba\u00a0: Actes de vandalisme sur le r\u00e9seau AEP - La Sentinelle\",\"isPartOf\":{\"@id\":\"https:\\\/\\\/lasentinelle.dz\\\/#website\"},\"primaryImageOfPage\":{\"@id\":\"https:\\\/\\\/lasentinelle.dz\\\/index.php\\\/2023\\\/11\\\/19\\\/annaba-actes-de-vandalisme-sur-le-reseau-aep\\\/#primaryimage\"},\"image\":{\"@id\":\"https:\\\/\\\/lasentinelle.dz\\\/index.php\\\/2023\\\/11\\\/19\\\/annaba-actes-de-vandalisme-sur-le-reseau-aep\\\/#primaryimage\"},\"thumbnailUrl\":\"https:\\\/\\\/lasentinelle.dz\\\/wp-content\\\/uploads\\\/2023\\\/04\\\/ADE.jpeg\",\"datePublished\":\"2023-11-19T20:57:21+00:00\",\"dateModified\":\"2023-11-19T20:57:24+00:00\",\"breadcrumb\":{\"@id\":\"https:\\\/\\\/lasentinelle.dz\\\/index.php\\\/2023\\\/11\\\/19\\\/annaba-actes-de-vandalisme-sur-le-reseau-aep\\\/#breadcrumb\"},\"inLanguage\":\"fr-FR\",\"potentialAction\":[{\"@type\":\"ReadAction\",\"target\":[\"https:\\\/\\\/lasentinelle.dz\\\/index.php\\\/2023\\\/11\\\/19\\\/annaba-actes-de-vandalisme-sur-le-reseau-aep\\\/\"]}]},{\"@type\":\"ImageObject\",\"inLanguage\":\"fr-FR\",\"@id\":\"https:\\\/\\\/lasentinelle.dz\\\/index.php\\\/2023\\\/11\\\/19\\\/annaba-actes-de-vandalisme-sur-le-reseau-aep\\\/#primaryimage\",\"url\":\"https:\\\/\\\/lasentinelle.dz\\\/wp-content\\\/uploads\\\/2023\\\/04\\\/ADE.jpeg\",\"contentUrl\":\"https:\\\/\\\/lasentinelle.dz\\\/wp-content\\\/uploads\\\/2023\\\/04\\\/ADE.jpeg\",\"width\":960,\"height\":960},{\"@type\":\"BreadcrumbList\",\"@id\":\"https:\\\/\\\/lasentinelle.dz\\\/index.php\\\/2023\\\/11\\\/19\\\/annaba-actes-de-vandalisme-sur-le-reseau-aep\\\/#breadcrumb\",\"itemListElement\":[{\"@type\":\"ListItem\",\"position\":1,\"name\":\"Accueil\",\"item\":\"https:\\\/\\\/lasentinelle.dz\\\/\"},{\"@type\":\"ListItem\",\"position\":2,\"name\":\"Annaba\u00a0: Actes de vandalisme sur le r\u00e9seau AEP\"}]},{\"@type\":\"WebSite\",\"@id\":\"https:\\\/\\\/lasentinelle.dz\\\/#website\",\"url\":\"https:\\\/\\\/lasentinelle.dz\\\/\",\"name\":\"La Sentinelle\",\"description\":\"Quotidien national d&#039;information\",\"publisher\":{\"@id\":\"https:\\\/\\\/lasentinelle.dz\\\/#organization\"},\"potentialAction\":[{\"@type\":\"SearchAction\",\"target\":{\"@type\":\"EntryPoint\",\"urlTemplate\":\"https:\\\/\\\/lasentinelle.dz\\\/?s={search_term_string}\"},\"query-input\":{\"@type\":\"PropertyValueSpecification\",\"valueRequired\":true,\"valueName\":\"search_term_string\"}}],\"inLanguage\":\"fr-FR\"},{\"@type\":\"Organization\",\"@id\":\"https:\\\/\\\/lasentinelle.dz\\\/#organization\",\"name\":\"Quotidien La Sentinelle\",\"url\":\"https:\\\/\\\/lasentinelle.dz\\\/\",\"logo\":{\"@type\":\"ImageObject\",\"inLanguage\":\"fr-FR\",\"@id\":\"https:\\\/\\\/lasentinelle.dz\\\/#\\\/schema\\\/logo\\\/image\\\/\",\"url\":\"https:\\\/\\\/lasentinelle.dz\\\/wp-content\\\/uploads\\\/2021\\\/09\\\/logo-sentinelleSLOGAN-1.png\",\"contentUrl\":\"https:\\\/\\\/lasentinelle.dz\\\/wp-content\\\/uploads\\\/2021\\\/09\\\/logo-sentinelleSLOGAN-1.png\",\"width\":615,\"height\":142,\"caption\":\"Quotidien La Sentinelle\"},\"image\":{\"@id\":\"https:\\\/\\\/lasentinelle.dz\\\/#\\\/schema\\\/logo\\\/image\\\/\"},\"sameAs\":[\"https:\\\/\\\/www.facebook.com\\\/La-Sentinelle-104059864394773\"]},{\"@type\":\"Person\",\"@id\":\"https:\\\/\\\/lasentinelle.dz\\\/#\\\/schema\\\/person\\\/d865044e22e70a75174ce8bcad3acfb3\",\"name\":\"La Sentinelle\",\"image\":{\"@type\":\"ImageObject\",\"inLanguage\":\"fr-FR\",\"@id\":\"https:\\\/\\\/secure.gravatar.com\\\/avatar\\\/57de8e5d4b15d43fb361a71fbb36338450fe67865b528a43dd10ef7c51a20392?s=96&d=mm&r=g\",\"url\":\"https:\\\/\\\/secure.gravatar.com\\\/avatar\\\/57de8e5d4b15d43fb361a71fbb36338450fe67865b528a43dd10ef7c51a20392?s=96&d=mm&r=g\",\"contentUrl\":\"https:\\\/\\\/secure.gravatar.com\\\/avatar\\\/57de8e5d4b15d43fb361a71fbb36338450fe67865b528a43dd10ef7c51a20392?s=96&d=mm&r=g\",\"caption\":\"La Sentinelle\"},\"sameAs\":[\"http:\\\/\\\/www.lasentinelle.dz\"],\"url\":\"https:\\\/\\\/lasentinelle.dz\\\/author\\\/redaction\\\/\"}]}<\/script>\n<!-- \/ Yoast SEO plugin. -->","yoast_head_json":{"title":"Annaba\u00a0: Actes de vandalisme sur le r\u00e9seau AEP - La Sentinelle","robots":{"index":"index","follow":"follow","max-snippet":"max-snippet:-1","max-image-preview":"max-image-preview:large","max-video-preview":"max-video-preview:-1"},"canonical":"https:\/\/lasentinelle.dz\/index.php\/2023\/11\/19\/annaba-actes-de-vandalisme-sur-le-reseau-aep\/","og_locale":"fr_FR","og_type":"article","og_title":"Annaba\u00a0: Actes de vandalisme sur le r\u00e9seau AEP - La Sentinelle","og_description":"Les vols et actes vandalismes perp\u00e9tr\u00e9s depuis une semaine contre diff\u00e9rents \u00e9quipements de l\u2019Alg\u00e9rienne des eaux \u00e0 Annaba sont devenus","og_url":"https:\/\/lasentinelle.dz\/index.php\/2023\/11\/19\/annaba-actes-de-vandalisme-sur-le-reseau-aep\/","og_site_name":"La Sentinelle","article_publisher":"https:\/\/www.facebook.com\/La-Sentinelle-104059864394773","article_published_time":"2023-11-19T20:57:21+00:00","article_modified_time":"2023-11-19T20:57:24+00:00","og_image":[{"width":960,"height":960,"url":"https:\/\/lasentinelle.dz\/wp-content\/uploads\/2023\/04\/ADE.jpeg","type":"image\/jpeg"}],"author":"La Sentinelle","twitter_card":"summary_large_image","twitter_misc":{"\u00c9crit par":"La Sentinelle","Dur\u00e9e de lecture estim\u00e9e":"3 minutes"},"schema":{"@context":"https:\/\/schema.org","@graph":[{"@type":"Article","@id":"https:\/\/lasentinelle.dz\/index.php\/2023\/11\/19\/annaba-actes-de-vandalisme-sur-le-reseau-aep\/#article","isPartOf":{"@id":"https:\/\/lasentinelle.dz\/index.php\/2023\/11\/19\/annaba-actes-de-vandalisme-sur-le-reseau-aep\/"},"author":{"name":"La Sentinelle","@id":"https:\/\/lasentinelle.dz\/#\/schema\/person\/d865044e22e70a75174ce8bcad3acfb3"},"headline":"Annaba\u00a0: Actes de vandalisme sur le r\u00e9seau AEP","datePublished":"2023-11-19T20:57:21+00:00","dateModified":"2023-11-19T20:57:24+00:00","mainEntityOfPage":{"@id":"https:\/\/lasentinelle.dz\/index.php\/2023\/11\/19\/annaba-actes-de-vandalisme-sur-le-reseau-aep\/"},"wordCount":511,"commentCount":0,"publisher":{"@id":"https:\/\/lasentinelle.dz\/#organization"},"image":{"@id":"https:\/\/lasentinelle.dz\/index.php\/2023\/11\/19\/annaba-actes-de-vandalisme-sur-le-reseau-aep\/#primaryimage"},"thumbnailUrl":"https:\/\/lasentinelle.dz\/wp-content\/uploads\/2023\/04\/ADE.jpeg","articleSection":["R\u00e9gions"],"inLanguage":"fr-FR","potentialAction":[{"@type":"CommentAction","name":"Comment","target":["https:\/\/lasentinelle.dz\/index.php\/2023\/11\/19\/annaba-actes-de-vandalisme-sur-le-reseau-aep\/#respond"]}]},{"@type":"WebPage","@id":"https:\/\/lasentinelle.dz\/index.php\/2023\/11\/19\/annaba-actes-de-vandalisme-sur-le-reseau-aep\/","url":"https:\/\/lasentinelle.dz\/index.php\/2023\/11\/19\/annaba-actes-de-vandalisme-sur-le-reseau-aep\/","name":"Annaba\u00a0: Actes de vandalisme sur le r\u00e9seau AEP - La Sentinelle","isPartOf":{"@id":"https:\/\/lasentinelle.dz\/#website"},"primaryImageOfPage":{"@id":"https:\/\/lasentinelle.dz\/index.php\/2023\/11\/19\/annaba-actes-de-vandalisme-sur-le-reseau-aep\/#primaryimage"},"image":{"@id":"https:\/\/lasentinelle.dz\/index.php\/2023\/11\/19\/annaba-actes-de-vandalisme-sur-le-reseau-aep\/#primaryimage"},"thumbnailUrl":"https:\/\/lasentinelle.dz\/wp-content\/uploads\/2023\/04\/ADE.jpeg","datePublished":"2023-11-19T20:57:21+00:00","dateModified":"2023-11-19T20:57:24+00:00","breadcrumb":{"@id":"https:\/\/lasentinelle.dz\/index.php\/2023\/11\/19\/annaba-actes-de-vandalisme-sur-le-reseau-aep\/#breadcrumb"},"inLanguage":"fr-FR","potentialAction":[{"@type":"ReadAction","target":["https:\/\/lasentinelle.dz\/index.php\/2023\/11\/19\/annaba-actes-de-vandalisme-sur-le-reseau-aep\/"]}]},{"@type":"ImageObject","inLanguage":"fr-FR","@id":"https:\/\/lasentinelle.dz\/index.php\/2023\/11\/19\/annaba-actes-de-vandalisme-sur-le-reseau-aep\/#primaryimage","url":"https:\/\/lasentinelle.dz\/wp-content\/uploads\/2023\/04\/ADE.jpeg","contentUrl":"https:\/\/lasentinelle.dz\/wp-content\/uploads\/2023\/04\/ADE.jpeg","width":960,"height":960},{"@type":"BreadcrumbList","@id":"https:\/\/lasentinelle.dz\/index.php\/2023\/11\/19\/annaba-actes-de-vandalisme-sur-le-reseau-aep\/#breadcrumb","itemListElement":[{"@type":"ListItem","position":1,"name":"Accueil","item":"https:\/\/lasentinelle.dz\/"},{"@type":"ListItem","position":2,"name":"Annaba\u00a0: Actes de vandalisme sur le r\u00e9seau AEP"}]},{"@type":"WebSite","@id":"https:\/\/lasentinelle.dz\/#website","url":"https:\/\/lasentinelle.dz\/","name":"La Sentinelle","description":"Quotidien national d&#039;information","publisher":{"@id":"https:\/\/lasentinelle.dz\/#organization"},"potentialAction":[{"@type":"SearchAction","target":{"@type":"EntryPoint","urlTemplate":"https:\/\/lasentinelle.dz\/?s={search_term_string}"},"query-input":{"@type":"PropertyValueSpecification","valueRequired":true,"valueName":"search_term_string"}}],"inLanguage":"fr-FR"},{"@type":"Organization","@id":"https:\/\/lasentinelle.dz\/#organization","name":"Quotidien La Sentinelle","url":"https:\/\/lasentinelle.dz\/","logo":{"@type":"ImageObject","inLanguage":"fr-FR","@id":"https:\/\/lasentinelle.dz\/#\/schema\/logo\/image\/","url":"https:\/\/lasentinelle.dz\/wp-content\/uploads\/2021\/09\/logo-sentinelleSLOGAN-1.png","contentUrl":"https:\/\/lasentinelle.dz\/wp-content\/uploads\/2021\/09\/logo-sentinelleSLOGAN-1.png","width":615,"height":142,"caption":"Quotidien La Sentinelle"},"image":{"@id":"https:\/\/lasentinelle.dz\/#\/schema\/logo\/image\/"},"sameAs":["https:\/\/www.facebook.com\/La-Sentinelle-104059864394773"]},{"@type":"Person","@id":"https:\/\/lasentinelle.dz\/#\/schema\/person\/d865044e22e70a75174ce8bcad3acfb3","name":"La Sentinelle","image":{"@type":"ImageObject","inLanguage":"fr-FR","@id":"https:\/\/secure.gravatar.com\/avatar\/57de8e5d4b15d43fb361a71fbb36338450fe67865b528a43dd10ef7c51a20392?s=96&d=mm&r=g","url":"https:\/\/secure.gravatar.com\/avatar\/57de8e5d4b15d43fb361a71fbb36338450fe67865b528a43dd10ef7c51a20392?s=96&d=mm&r=g","contentUrl":"https:\/\/secure.gravatar.com\/avatar\/57de8e5d4b15d43fb361a71fbb36338450fe67865b528a43dd10ef7c51a20392?s=96&d=mm&r=g","caption":"La Sentinelle"},"sameAs":["http:\/\/www.lasentinelle.dz"],"url":"https:\/\/lasentinelle.dz\/author\/redaction\/"}]}},"_links":{"self":[{"href":"https:\/\/lasentinelle.dz\/index.php\/wp-json\/wp\/v2\/posts\/47261","targetHints":{"allow":["GET"]}}],"collection":[{"href":"https:\/\/lasentinelle.dz\/index.php\/wp-json\/wp\/v2\/posts"}],"about":[{"href":"https:\/\/lasentinelle.dz\/index.php\/wp-json\/wp\/v2\/types\/post"}],"author":[{"embeddable":true,"href":"https:\/\/lasentinelle.dz\/index.php\/wp-json\/wp\/v2\/users\/3"}],"replies":[{"embeddable":true,"href":"https:\/\/lasentinelle.dz\/index.php\/wp-json\/wp\/v2\/comments?post=47261"}],"version-history":[{"count":1,"href":"https:\/\/lasentinelle.dz\/index.php\/wp-json\/wp\/v2\/posts\/47261\/revisions"}],"predecessor-version":[{"id":47262,"href":"https:\/\/lasentinelle.dz\/index.php\/wp-json\/wp\/v2\/posts\/47261\/revisions\/47262"}],"wp:featuredmedia":[{"embeddable":true,"href":"https:\/\/lasentinelle.dz\/index.php\/wp-json\/wp\/v2\/media\/40123"}],"wp:attachment":[{"href":"https:\/\/lasentinelle.dz\/index.php\/wp-json\/wp\/v2\/media?parent=47261"}],"wp:term":[{"taxonomy":"category","embeddable":true,"href":"https:\/\/lasentinelle.dz\/index.php\/wp-json\/wp\/v2\/categories?post=47261"},{"taxonomy":"post_tag","embeddable":true,"href":"https:\/\/lasentinelle.dz\/index.php\/wp-json\/wp\/v2\/tags?post=47261"}],"curies":[{"name":"wp","href":"https:\/\/api.w.org\/{rel}","templated":true}]}}