{"id":47263,"date":"2023-11-19T21:59:36","date_gmt":"2023-11-19T20:59:36","guid":{"rendered":"https:\/\/lasentinelle.dz\/?p=47263"},"modified":"2023-11-19T21:59:37","modified_gmt":"2023-11-19T20:59:37","slug":"societe-civile-lancement-prochain-dune-plateforme-dediee-a-la-formation","status":"publish","type":"post","link":"https:\/\/lasentinelle.dz\/index.php\/2023\/11\/19\/societe-civile-lancement-prochain-dune-plateforme-dediee-a-la-formation\/","title":{"rendered":"Soci\u00e9t\u00e9 civile\u00a0: Lancement prochain d\u2019une plateforme d\u00e9di\u00e9e \u00e0 la formation"},"content":{"rendered":"\n<p>Le pr\u00e9sident de l\u2019Observatoire national de la soci\u00e9t\u00e9 civile, Noureddine Benbraham, a annonc\u00e9, hier lors &nbsp;du \u00ab\u00a0Forum de la soci\u00e9t\u00e9 civile pour le dialogue et la citoyennet\u00e9 et le d\u00e9veloppement local\u00a0\u00bb, qui s\u2019est d\u00e9roul\u00e9 au si\u00e8ge de l\u2019Assembl\u00e9e populaire de wilaya de Tlemcen que son instance lancera, prochainement, une plateforme \u00e9lectronique pour la formation des associations de la soci\u00e9t\u00e9 civile sur la mani\u00e8re de g\u00e9rer une association et ses finances, et nouer des relations avec les collectivit\u00e9s locales, afin de renforcer ses capacit\u00e9s et la prot\u00e9ger contre la fraude et la corruption. Insistant sur l\u2019importance de la formation de la soci\u00e9t\u00e9 civile et son implication dans la num\u00e9risation, Benbrahem a estim\u00e9 que \u00ab\u00a0la d\u00e9mocratie (&#8230;) a besoin d\u2019une soci\u00e9t\u00e9 civile form\u00e9e, en contact quotidien avec les probl\u00e8mes du citoyen et cette soci\u00e9t\u00e9 civile constitue l\u2019un des affluents de participation et de dialogue au sein des communes pour pr\u00e9senter des opinions et des id\u00e9es, en plus de proposer des solutions aux d\u00e9fis de d\u00e9veloppement\u00a0\u00bb. Selon lui, il est temps que la soci\u00e9t\u00e9 civile soit form\u00e9e \u00e0 travers le coaching et ouverte au travail b\u00e9n\u00e9vole en contact avec les \u00e9lites pour tirer profit des id\u00e9es et des exp\u00e9riences, afin qu\u2019elle soit capable de cr\u00e9er des clubs sp\u00e9cialis\u00e9s au profit de ces \u00e9lites, qui ont la capacit\u00e9 d\u2019exprimer des opinions et de proposer des solutions \u00e0 plusieurs probl\u00e8mes li\u00e9s \u00e0 la r\u00e9alit\u00e9 du d\u00e9veloppement. Le m\u00eame responsable a fait, \u00e0 cette occasion, part d&rsquo;un forum national qui sera organis\u00e9, d\u00e9cembre prochain, et r\u00e9unira plus de 600 associations pour d\u00e9battre de trois th\u00e9matiques majeures, \u00e0 savoir \u00ab\u00a0le dialogue et la participation de la soci\u00e9t\u00e9 civile\u00a0\u00bb, \u00ab\u00a0l\u2019\u00e9conomie solidaire\u00a0\u00bb et la \u00ab\u00a0responsabilit\u00e9 \u00e9conomique et soci\u00e9tale des partenariats publics\u00a0\u00bb.<\/p>\n\n\n\n<p>Il a appel\u00e9, dans ce sens les acteurs de la soci\u00e9t\u00e9 civile \u00e0 s\u2019engager dans la num\u00e9risation pour atteindre plusieurs objectifs, dont la citoyennet\u00e9 num\u00e9rique qui, selon lui, facilite l\u2019insertion de la soci\u00e9t\u00e9 civile en tant que partenaire dans toutes les questions. Notons que le pr\u00e9sident de l\u2019ONSC a \u00e9galement saisi cette tribune offerte par le forum qui se tient alors que l\u2019actualit\u00e9 est marqu\u00e9e par l\u2019agression sioniste barbare \u00e0 Ghaza pour r\u00e9affirmer la solidarit\u00e9 du peuple alg\u00e9rien avec les fr\u00e8res palestiniens qui sont quotidiennement expos\u00e9s aux bombardements et attaques de l\u2019occupation, en t\u00e9moignent les massacres d\u2019enfants, de femmes et des vieillards.<\/p>\n\n\n\n<p><strong>Chokri Hafed<\/strong><\/p>\n","protected":false},"excerpt":{"rendered":"<p>Le pr\u00e9sident de l\u2019Observatoire national de la soci\u00e9t\u00e9 civile, Noureddine Benbraham, a annonc\u00e9, hier lors &nbsp;du \u00ab\u00a0Forum de la soci\u00e9t\u00e9<\/p>\n","protected":false},"author":3,"featured_media":45934,"comment_status":"open","ping_status":"closed","sticky":false,"template":"","format":"standard","meta":{"colormag_page_container_layout":"default_layout","colormag_page_sidebar_layout":"default_layout","om_disable_all_campaigns":false,"_monsterinsights_skip_tracking":false,"_monsterinsights_sitenote_active":false,"_monsterinsights_sitenote_note":"","_monsterinsights_sitenote_category":0,"footnotes":"","_wpscppro_dont_share_socialmedia":false,"_wpscppro_custom_social_share_image":0,"_facebook_share_type":"","_twitter_share_type":"","_linkedin_share_type":"","_pinterest_share_type":"","_linkedin_share_type_page":"","_instagram_share_type":"","_medium_share_type":"","_threads_share_type":"","_google_business_share_type":"","_selected_social_profile":[],"_wpsp_enable_custom_social_template":false,"_wpsp_social_scheduling":{"enabled":false,"datetime":null,"platforms":[],"status":"template_only","dateOption":"today","timeOption":"now","customDays":"","customHours":"","customDate":"","customTime":"","schedulingType":"absolute"},"_wpsp_active_default_template":true},"categories":[27],"tags":[],"class_list":["post-47263","post","type-post","status-publish","format-standard","has-post-thumbnail","hentry","category-actualite"],"aioseo_notices":[],"yoast_head":"<!-- This site is optimized with the Yoast SEO plugin v27.4 - https:\/\/yoast.com\/product\/yoast-seo-wordpress\/ -->\n<title>Soci\u00e9t\u00e9 civile\u00a0: Lancement prochain d\u2019une plateforme d\u00e9di\u00e9e \u00e0 la formation - La Sentinelle<\/title>\n<meta name=\"robots\" content=\"index, follow, max-snippet:-1, max-image-preview:large, max-video-preview:-1\" \/>\n<link rel=\"canonical\" href=\"https:\/\/lasentinelle.dz\/index.php\/2023\/11\/19\/societe-civile-lancement-prochain-dune-plateforme-dediee-a-la-formation\/\" \/>\n<meta property=\"og:locale\" content=\"fr_FR\" \/>\n<meta property=\"og:type\" content=\"article\" \/>\n<meta property=\"og:title\" content=\"Soci\u00e9t\u00e9 civile\u00a0: Lancement prochain d\u2019une plateforme d\u00e9di\u00e9e \u00e0 la formation - La Sentinelle\" \/>\n<meta property=\"og:description\" content=\"Le pr\u00e9sident de l\u2019Observatoire national de la soci\u00e9t\u00e9 civile, Noureddine Benbraham, a annonc\u00e9, hier lors &nbsp;du \u00ab\u00a0Forum de la soci\u00e9t\u00e9\" \/>\n<meta property=\"og:url\" content=\"https:\/\/lasentinelle.dz\/index.php\/2023\/11\/19\/societe-civile-lancement-prochain-dune-plateforme-dediee-a-la-formation\/\" \/>\n<meta property=\"og:site_name\" content=\"La Sentinelle\" \/>\n<meta property=\"article:publisher\" content=\"https:\/\/www.facebook.com\/La-Sentinelle-104059864394773\" \/>\n<meta property=\"article:published_time\" content=\"2023-11-19T20:59:36+00:00\" \/>\n<meta property=\"article:modified_time\" content=\"2023-11-19T20:59:37+00:00\" \/>\n<meta property=\"og:image\" content=\"https:\/\/lasentinelle.dz\/wp-content\/uploads\/2023\/09\/benbrahem.png\" \/>\n\t<meta property=\"og:image:width\" content=\"780\" \/>\n\t<meta property=\"og:image:height\" content=\"472\" \/>\n\t<meta property=\"og:image:type\" content=\"image\/png\" \/>\n<meta name=\"author\" content=\"La Sentinelle\" \/>\n<meta name=\"twitter:card\" content=\"summary_large_image\" \/>\n<meta name=\"twitter:label1\" content=\"\u00c9crit par\" \/>\n\t<meta name=\"twitter:data1\" content=\"La Sentinelle\" \/>\n\t<meta name=\"twitter:label2\" content=\"Dur\u00e9e de lecture estim\u00e9e\" \/>\n\t<meta name=\"twitter:data2\" content=\"2 minutes\" \/>\n<script type=\"application\/ld+json\" class=\"yoast-schema-graph\">{\"@context\":\"https:\\\/\\\/schema.org\",\"@graph\":[{\"@type\":\"Article\",\"@id\":\"https:\\\/\\\/lasentinelle.dz\\\/index.php\\\/2023\\\/11\\\/19\\\/societe-civile-lancement-prochain-dune-plateforme-dediee-a-la-formation\\\/#article\",\"isPartOf\":{\"@id\":\"https:\\\/\\\/lasentinelle.dz\\\/index.php\\\/2023\\\/11\\\/19\\\/societe-civile-lancement-prochain-dune-plateforme-dediee-a-la-formation\\\/\"},\"author\":{\"name\":\"La Sentinelle\",\"@id\":\"https:\\\/\\\/lasentinelle.dz\\\/#\\\/schema\\\/person\\\/d865044e22e70a75174ce8bcad3acfb3\"},\"headline\":\"Soci\u00e9t\u00e9 civile\u00a0: Lancement prochain d\u2019une plateforme d\u00e9di\u00e9e \u00e0 la formation\",\"datePublished\":\"2023-11-19T20:59:36+00:00\",\"dateModified\":\"2023-11-19T20:59:37+00:00\",\"mainEntityOfPage\":{\"@id\":\"https:\\\/\\\/lasentinelle.dz\\\/index.php\\\/2023\\\/11\\\/19\\\/societe-civile-lancement-prochain-dune-plateforme-dediee-a-la-formation\\\/\"},\"wordCount\":463,\"commentCount\":0,\"publisher\":{\"@id\":\"https:\\\/\\\/lasentinelle.dz\\\/#organization\"},\"image\":{\"@id\":\"https:\\\/\\\/lasentinelle.dz\\\/index.php\\\/2023\\\/11\\\/19\\\/societe-civile-lancement-prochain-dune-plateforme-dediee-a-la-formation\\\/#primaryimage\"},\"thumbnailUrl\":\"https:\\\/\\\/lasentinelle.dz\\\/wp-content\\\/uploads\\\/2023\\\/09\\\/benbrahem.png\",\"articleSection\":[\"Actualit\u00e9\"],\"inLanguage\":\"fr-FR\",\"potentialAction\":[{\"@type\":\"CommentAction\",\"name\":\"Comment\",\"target\":[\"https:\\\/\\\/lasentinelle.dz\\\/index.php\\\/2023\\\/11\\\/19\\\/societe-civile-lancement-prochain-dune-plateforme-dediee-a-la-formation\\\/#respond\"]}]},{\"@type\":\"WebPage\",\"@id\":\"https:\\\/\\\/lasentinelle.dz\\\/index.php\\\/2023\\\/11\\\/19\\\/societe-civile-lancement-prochain-dune-plateforme-dediee-a-la-formation\\\/\",\"url\":\"https:\\\/\\\/lasentinelle.dz\\\/index.php\\\/2023\\\/11\\\/19\\\/societe-civile-lancement-prochain-dune-plateforme-dediee-a-la-formation\\\/\",\"name\":\"Soci\u00e9t\u00e9 civile\u00a0: Lancement prochain d\u2019une plateforme d\u00e9di\u00e9e \u00e0 la formation - La Sentinelle\",\"isPartOf\":{\"@id\":\"https:\\\/\\\/lasentinelle.dz\\\/#website\"},\"primaryImageOfPage\":{\"@id\":\"https:\\\/\\\/lasentinelle.dz\\\/index.php\\\/2023\\\/11\\\/19\\\/societe-civile-lancement-prochain-dune-plateforme-dediee-a-la-formation\\\/#primaryimage\"},\"image\":{\"@id\":\"https:\\\/\\\/lasentinelle.dz\\\/index.php\\\/2023\\\/11\\\/19\\\/societe-civile-lancement-prochain-dune-plateforme-dediee-a-la-formation\\\/#primaryimage\"},\"thumbnailUrl\":\"https:\\\/\\\/lasentinelle.dz\\\/wp-content\\\/uploads\\\/2023\\\/09\\\/benbrahem.png\",\"datePublished\":\"2023-11-19T20:59:36+00:00\",\"dateModified\":\"2023-11-19T20:59:37+00:00\",\"breadcrumb\":{\"@id\":\"https:\\\/\\\/lasentinelle.dz\\\/index.php\\\/2023\\\/11\\\/19\\\/societe-civile-lancement-prochain-dune-plateforme-dediee-a-la-formation\\\/#breadcrumb\"},\"inLanguage\":\"fr-FR\",\"potentialAction\":[{\"@type\":\"ReadAction\",\"target\":[\"https:\\\/\\\/lasentinelle.dz\\\/index.php\\\/2023\\\/11\\\/19\\\/societe-civile-lancement-prochain-dune-plateforme-dediee-a-la-formation\\\/\"]}]},{\"@type\":\"ImageObject\",\"inLanguage\":\"fr-FR\",\"@id\":\"https:\\\/\\\/lasentinelle.dz\\\/index.php\\\/2023\\\/11\\\/19\\\/societe-civile-lancement-prochain-dune-plateforme-dediee-a-la-formation\\\/#primaryimage\",\"url\":\"https:\\\/\\\/lasentinelle.dz\\\/wp-content\\\/uploads\\\/2023\\\/09\\\/benbrahem.png\",\"contentUrl\":\"https:\\\/\\\/lasentinelle.dz\\\/wp-content\\\/uploads\\\/2023\\\/09\\\/benbrahem.png\",\"width\":780,\"height\":472},{\"@type\":\"BreadcrumbList\",\"@id\":\"https:\\\/\\\/lasentinelle.dz\\\/index.php\\\/2023\\\/11\\\/19\\\/societe-civile-lancement-prochain-dune-plateforme-dediee-a-la-formation\\\/#breadcrumb\",\"itemListElement\":[{\"@type\":\"ListItem\",\"position\":1,\"name\":\"Accueil\",\"item\":\"https:\\\/\\\/lasentinelle.dz\\\/\"},{\"@type\":\"ListItem\",\"position\":2,\"name\":\"Soci\u00e9t\u00e9 civile\u00a0: Lancement prochain d\u2019une plateforme d\u00e9di\u00e9e \u00e0 la formation\"}]},{\"@type\":\"WebSite\",\"@id\":\"https:\\\/\\\/lasentinelle.dz\\\/#website\",\"url\":\"https:\\\/\\\/lasentinelle.dz\\\/\",\"name\":\"La Sentinelle\",\"description\":\"Quotidien national d&#039;information\",\"publisher\":{\"@id\":\"https:\\\/\\\/lasentinelle.dz\\\/#organization\"},\"potentialAction\":[{\"@type\":\"SearchAction\",\"target\":{\"@type\":\"EntryPoint\",\"urlTemplate\":\"https:\\\/\\\/lasentinelle.dz\\\/?s={search_term_string}\"},\"query-input\":{\"@type\":\"PropertyValueSpecification\",\"valueRequired\":true,\"valueName\":\"search_term_string\"}}],\"inLanguage\":\"fr-FR\"},{\"@type\":\"Organization\",\"@id\":\"https:\\\/\\\/lasentinelle.dz\\\/#organization\",\"name\":\"Quotidien La Sentinelle\",\"url\":\"https:\\\/\\\/lasentinelle.dz\\\/\",\"logo\":{\"@type\":\"ImageObject\",\"inLanguage\":\"fr-FR\",\"@id\":\"https:\\\/\\\/lasentinelle.dz\\\/#\\\/schema\\\/logo\\\/image\\\/\",\"url\":\"https:\\\/\\\/lasentinelle.dz\\\/wp-content\\\/uploads\\\/2021\\\/09\\\/logo-sentinelleSLOGAN-1.png\",\"contentUrl\":\"https:\\\/\\\/lasentinelle.dz\\\/wp-content\\\/uploads\\\/2021\\\/09\\\/logo-sentinelleSLOGAN-1.png\",\"width\":615,\"height\":142,\"caption\":\"Quotidien La Sentinelle\"},\"image\":{\"@id\":\"https:\\\/\\\/lasentinelle.dz\\\/#\\\/schema\\\/logo\\\/image\\\/\"},\"sameAs\":[\"https:\\\/\\\/www.facebook.com\\\/La-Sentinelle-104059864394773\"]},{\"@type\":\"Person\",\"@id\":\"https:\\\/\\\/lasentinelle.dz\\\/#\\\/schema\\\/person\\\/d865044e22e70a75174ce8bcad3acfb3\",\"name\":\"La Sentinelle\",\"image\":{\"@type\":\"ImageObject\",\"inLanguage\":\"fr-FR\",\"@id\":\"https:\\\/\\\/secure.gravatar.com\\\/avatar\\\/57de8e5d4b15d43fb361a71fbb36338450fe67865b528a43dd10ef7c51a20392?s=96&d=mm&r=g\",\"url\":\"https:\\\/\\\/secure.gravatar.com\\\/avatar\\\/57de8e5d4b15d43fb361a71fbb36338450fe67865b528a43dd10ef7c51a20392?s=96&d=mm&r=g\",\"contentUrl\":\"https:\\\/\\\/secure.gravatar.com\\\/avatar\\\/57de8e5d4b15d43fb361a71fbb36338450fe67865b528a43dd10ef7c51a20392?s=96&d=mm&r=g\",\"caption\":\"La Sentinelle\"},\"sameAs\":[\"http:\\\/\\\/www.lasentinelle.dz\"],\"url\":\"https:\\\/\\\/lasentinelle.dz\\\/author\\\/redaction\\\/\"}]}<\/script>\n<!-- \/ Yoast SEO plugin. -->","yoast_head_json":{"title":"Soci\u00e9t\u00e9 civile\u00a0: Lancement prochain d\u2019une plateforme d\u00e9di\u00e9e \u00e0 la formation - La Sentinelle","robots":{"index":"index","follow":"follow","max-snippet":"max-snippet:-1","max-image-preview":"max-image-preview:large","max-video-preview":"max-video-preview:-1"},"canonical":"https:\/\/lasentinelle.dz\/index.php\/2023\/11\/19\/societe-civile-lancement-prochain-dune-plateforme-dediee-a-la-formation\/","og_locale":"fr_FR","og_type":"article","og_title":"Soci\u00e9t\u00e9 civile\u00a0: Lancement prochain d\u2019une plateforme d\u00e9di\u00e9e \u00e0 la formation - La Sentinelle","og_description":"Le pr\u00e9sident de l\u2019Observatoire national de la soci\u00e9t\u00e9 civile, Noureddine Benbraham, a annonc\u00e9, hier lors &nbsp;du \u00ab\u00a0Forum de la soci\u00e9t\u00e9","og_url":"https:\/\/lasentinelle.dz\/index.php\/2023\/11\/19\/societe-civile-lancement-prochain-dune-plateforme-dediee-a-la-formation\/","og_site_name":"La Sentinelle","article_publisher":"https:\/\/www.facebook.com\/La-Sentinelle-104059864394773","article_published_time":"2023-11-19T20:59:36+00:00","article_modified_time":"2023-11-19T20:59:37+00:00","og_image":[{"width":780,"height":472,"url":"https:\/\/lasentinelle.dz\/wp-content\/uploads\/2023\/09\/benbrahem.png","type":"image\/png"}],"author":"La Sentinelle","twitter_card":"summary_large_image","twitter_misc":{"\u00c9crit par":"La Sentinelle","Dur\u00e9e de lecture estim\u00e9e":"2 minutes"},"schema":{"@context":"https:\/\/schema.org","@graph":[{"@type":"Article","@id":"https:\/\/lasentinelle.dz\/index.php\/2023\/11\/19\/societe-civile-lancement-prochain-dune-plateforme-dediee-a-la-formation\/#article","isPartOf":{"@id":"https:\/\/lasentinelle.dz\/index.php\/2023\/11\/19\/societe-civile-lancement-prochain-dune-plateforme-dediee-a-la-formation\/"},"author":{"name":"La Sentinelle","@id":"https:\/\/lasentinelle.dz\/#\/schema\/person\/d865044e22e70a75174ce8bcad3acfb3"},"headline":"Soci\u00e9t\u00e9 civile\u00a0: Lancement prochain d\u2019une plateforme d\u00e9di\u00e9e \u00e0 la formation","datePublished":"2023-11-19T20:59:36+00:00","dateModified":"2023-11-19T20:59:37+00:00","mainEntityOfPage":{"@id":"https:\/\/lasentinelle.dz\/index.php\/2023\/11\/19\/societe-civile-lancement-prochain-dune-plateforme-dediee-a-la-formation\/"},"wordCount":463,"commentCount":0,"publisher":{"@id":"https:\/\/lasentinelle.dz\/#organization"},"image":{"@id":"https:\/\/lasentinelle.dz\/index.php\/2023\/11\/19\/societe-civile-lancement-prochain-dune-plateforme-dediee-a-la-formation\/#primaryimage"},"thumbnailUrl":"https:\/\/lasentinelle.dz\/wp-content\/uploads\/2023\/09\/benbrahem.png","articleSection":["Actualit\u00e9"],"inLanguage":"fr-FR","potentialAction":[{"@type":"CommentAction","name":"Comment","target":["https:\/\/lasentinelle.dz\/index.php\/2023\/11\/19\/societe-civile-lancement-prochain-dune-plateforme-dediee-a-la-formation\/#respond"]}]},{"@type":"WebPage","@id":"https:\/\/lasentinelle.dz\/index.php\/2023\/11\/19\/societe-civile-lancement-prochain-dune-plateforme-dediee-a-la-formation\/","url":"https:\/\/lasentinelle.dz\/index.php\/2023\/11\/19\/societe-civile-lancement-prochain-dune-plateforme-dediee-a-la-formation\/","name":"Soci\u00e9t\u00e9 civile\u00a0: Lancement prochain d\u2019une plateforme d\u00e9di\u00e9e \u00e0 la formation - La Sentinelle","isPartOf":{"@id":"https:\/\/lasentinelle.dz\/#website"},"primaryImageOfPage":{"@id":"https:\/\/lasentinelle.dz\/index.php\/2023\/11\/19\/societe-civile-lancement-prochain-dune-plateforme-dediee-a-la-formation\/#primaryimage"},"image":{"@id":"https:\/\/lasentinelle.dz\/index.php\/2023\/11\/19\/societe-civile-lancement-prochain-dune-plateforme-dediee-a-la-formation\/#primaryimage"},"thumbnailUrl":"https:\/\/lasentinelle.dz\/wp-content\/uploads\/2023\/09\/benbrahem.png","datePublished":"2023-11-19T20:59:36+00:00","dateModified":"2023-11-19T20:59:37+00:00","breadcrumb":{"@id":"https:\/\/lasentinelle.dz\/index.php\/2023\/11\/19\/societe-civile-lancement-prochain-dune-plateforme-dediee-a-la-formation\/#breadcrumb"},"inLanguage":"fr-FR","potentialAction":[{"@type":"ReadAction","target":["https:\/\/lasentinelle.dz\/index.php\/2023\/11\/19\/societe-civile-lancement-prochain-dune-plateforme-dediee-a-la-formation\/"]}]},{"@type":"ImageObject","inLanguage":"fr-FR","@id":"https:\/\/lasentinelle.dz\/index.php\/2023\/11\/19\/societe-civile-lancement-prochain-dune-plateforme-dediee-a-la-formation\/#primaryimage","url":"https:\/\/lasentinelle.dz\/wp-content\/uploads\/2023\/09\/benbrahem.png","contentUrl":"https:\/\/lasentinelle.dz\/wp-content\/uploads\/2023\/09\/benbrahem.png","width":780,"height":472},{"@type":"BreadcrumbList","@id":"https:\/\/lasentinelle.dz\/index.php\/2023\/11\/19\/societe-civile-lancement-prochain-dune-plateforme-dediee-a-la-formation\/#breadcrumb","itemListElement":[{"@type":"ListItem","position":1,"name":"Accueil","item":"https:\/\/lasentinelle.dz\/"},{"@type":"ListItem","position":2,"name":"Soci\u00e9t\u00e9 civile\u00a0: Lancement prochain d\u2019une plateforme d\u00e9di\u00e9e \u00e0 la formation"}]},{"@type":"WebSite","@id":"https:\/\/lasentinelle.dz\/#website","url":"https:\/\/lasentinelle.dz\/","name":"La Sentinelle","description":"Quotidien national d&#039;information","publisher":{"@id":"https:\/\/lasentinelle.dz\/#organization"},"potentialAction":[{"@type":"SearchAction","target":{"@type":"EntryPoint","urlTemplate":"https:\/\/lasentinelle.dz\/?s={search_term_string}"},"query-input":{"@type":"PropertyValueSpecification","valueRequired":true,"valueName":"search_term_string"}}],"inLanguage":"fr-FR"},{"@type":"Organization","@id":"https:\/\/lasentinelle.dz\/#organization","name":"Quotidien La Sentinelle","url":"https:\/\/lasentinelle.dz\/","logo":{"@type":"ImageObject","inLanguage":"fr-FR","@id":"https:\/\/lasentinelle.dz\/#\/schema\/logo\/image\/","url":"https:\/\/lasentinelle.dz\/wp-content\/uploads\/2021\/09\/logo-sentinelleSLOGAN-1.png","contentUrl":"https:\/\/lasentinelle.dz\/wp-content\/uploads\/2021\/09\/logo-sentinelleSLOGAN-1.png","width":615,"height":142,"caption":"Quotidien La Sentinelle"},"image":{"@id":"https:\/\/lasentinelle.dz\/#\/schema\/logo\/image\/"},"sameAs":["https:\/\/www.facebook.com\/La-Sentinelle-104059864394773"]},{"@type":"Person","@id":"https:\/\/lasentinelle.dz\/#\/schema\/person\/d865044e22e70a75174ce8bcad3acfb3","name":"La Sentinelle","image":{"@type":"ImageObject","inLanguage":"fr-FR","@id":"https:\/\/secure.gravatar.com\/avatar\/57de8e5d4b15d43fb361a71fbb36338450fe67865b528a43dd10ef7c51a20392?s=96&d=mm&r=g","url":"https:\/\/secure.gravatar.com\/avatar\/57de8e5d4b15d43fb361a71fbb36338450fe67865b528a43dd10ef7c51a20392?s=96&d=mm&r=g","contentUrl":"https:\/\/secure.gravatar.com\/avatar\/57de8e5d4b15d43fb361a71fbb36338450fe67865b528a43dd10ef7c51a20392?s=96&d=mm&r=g","caption":"La Sentinelle"},"sameAs":["http:\/\/www.lasentinelle.dz"],"url":"https:\/\/lasentinelle.dz\/author\/redaction\/"}]}},"_links":{"self":[{"href":"https:\/\/lasentinelle.dz\/index.php\/wp-json\/wp\/v2\/posts\/47263","targetHints":{"allow":["GET"]}}],"collection":[{"href":"https:\/\/lasentinelle.dz\/index.php\/wp-json\/wp\/v2\/posts"}],"about":[{"href":"https:\/\/lasentinelle.dz\/index.php\/wp-json\/wp\/v2\/types\/post"}],"author":[{"embeddable":true,"href":"https:\/\/lasentinelle.dz\/index.php\/wp-json\/wp\/v2\/users\/3"}],"replies":[{"embeddable":true,"href":"https:\/\/lasentinelle.dz\/index.php\/wp-json\/wp\/v2\/comments?post=47263"}],"version-history":[{"count":1,"href":"https:\/\/lasentinelle.dz\/index.php\/wp-json\/wp\/v2\/posts\/47263\/revisions"}],"predecessor-version":[{"id":47264,"href":"https:\/\/lasentinelle.dz\/index.php\/wp-json\/wp\/v2\/posts\/47263\/revisions\/47264"}],"wp:featuredmedia":[{"embeddable":true,"href":"https:\/\/lasentinelle.dz\/index.php\/wp-json\/wp\/v2\/media\/45934"}],"wp:attachment":[{"href":"https:\/\/lasentinelle.dz\/index.php\/wp-json\/wp\/v2\/media?parent=47263"}],"wp:term":[{"taxonomy":"category","embeddable":true,"href":"https:\/\/lasentinelle.dz\/index.php\/wp-json\/wp\/v2\/categories?post=47263"},{"taxonomy":"post_tag","embeddable":true,"href":"https:\/\/lasentinelle.dz\/index.php\/wp-json\/wp\/v2\/tags?post=47263"}],"curies":[{"name":"wp","href":"https:\/\/api.w.org\/{rel}","templated":true}]}}