{"id":47296,"date":"2023-11-21T12:56:02","date_gmt":"2023-11-21T11:56:02","guid":{"rendered":"https:\/\/lasentinelle.dz\/?p=47296"},"modified":"2023-11-21T12:56:03","modified_gmt":"2023-11-21T11:56:03","slug":"de-grandes-quantites-de-viandes-rouges-importees","status":"publish","type":"post","link":"https:\/\/lasentinelle.dz\/index.php\/2023\/11\/21\/de-grandes-quantites-de-viandes-rouges-importees\/","title":{"rendered":"De grandes quantit\u00e9s de viandes rouges import\u00e9es"},"content":{"rendered":"\n<p>Le minist\u00e8re de l\u2019Agriculture et du D\u00e9veloppement rural a annonc\u00e9 hier une s\u00e9rie de mesures pour endiguer la hausse des prix des viandes blanche enregistr\u00e9e au d\u00e9but de la semaine, tandis que le premier responsable du secteur a indiqu\u00e9 que de grandes quantit\u00e9s de viandes rouges seront import\u00e9es pour \u00eatre commercialis\u00e9es \u00e0 des prix accessibles.<\/p>\n\n\n\n<p>Les pouvoirs publics multiplient les mesures pour endiguer l\u2019inflation et la hausse des prix, notamment sur le march\u00e9 des viandes rouges et blanches. Il faut dire qu\u2019apr\u00e8s une baisse enregistr\u00e9e au mois d\u2019octobre dernier, les prix du poulet sont repartis \u00e0 la hausse cette semaine, tandis que les prix des viandes rouges restent \u00e9lev\u00e9s. C\u2019est dans ce contexte que le minist\u00e8re de l&rsquo;Agriculture et du D\u00e9veloppement rural a annonc\u00e9 des mesures pour endiguer la hausse des prix, articuler entre autres autour de l\u2019acc\u00e9l\u00e9ration des importations afin d\u2019inonder le march\u00e9. Le premier responsable du secteur, Mohamed Abdelhafid Henni a annonc\u00e9 hier en marge d\u2019une s\u00e9ance pl\u00e9ni\u00e8re \u00e0 l\u2019Assembl\u00e9e populaire nationale l\u2019importation d&rsquo;\u00ab&nbsp;importantes quantit\u00e9s \u00bb de viandes rouges, en vue de les commercialiser \u00e0 des prix oscillant entre 1.200 et 1.300 DA le kilo.Henni a indiqu\u00e9 que&nbsp; \u00bb les op\u00e9rations d\u2019importation des viandes rouges ont d\u00e9but\u00e9, la semaine \u00e9coul\u00e9e, \u00e0 travers plusieurs ports, dont les deux ports de Skikda et de Mostaganem et se poursuivront, \u00e0 travers l\u2019entr\u00e9e d\u2019importantes quantit\u00e9s cette semaine \u00bb. Selon le ministre, il a \u00e9t\u00e9 convenu avec les op\u00e9rateurs \u00e9conomiques concern\u00e9s de commercialiser ces quantit\u00e9s \u00e0 un prix \u00e0 la port\u00e9e des citoyens, fix\u00e9 entre 1.200 DA et 1.300 DA le kilogramme. A ce titre, le ministre a assur\u00e9 que l\u2019impact de cette op\u00e9ration sera palpable dans quelques semaines, soit apr\u00e8s l\u2019acheminement des quantit\u00e9s import\u00e9es vers les diff\u00e9rents march\u00e9s, sur tout le territoire national. S\u2019agissant des viandes blanches, M. Henni a fait \u00e9tat du lancement d\u2019une enqu\u00eate sur le terrain qui sera men\u00e9e par les laboratoires relevant du secteur et les inspections v\u00e9t\u00e9rinaires au niveau du territoire national, dans l\u2019objectif d\u2019\u00e9valuer les syst\u00e8mes de travail des diff\u00e9rentes unit\u00e9s avicoles et de leurs abattoirs. Ceci intervient apr\u00e8s la tenue d\u2019une r\u00e9union, dimanche, entre le ministre et les principaux intervenants dans la fili\u00e8re.<\/p>\n\n\n\n<p>Notons \u00e0 ce propos que son d\u00e9partement a annonc\u00e9 dans un communiqu\u00e9 publi\u00e9 hier \u00ab\u00a0des mesures urgentes\u00a0\u00bb par rapport \u00e0 la flamb\u00e9e des prix injustifi\u00e9e, enregistr\u00e9e r\u00e9cemment malgr\u00e9 une abondante production. Il s\u2019agit de l&rsquo;augmentation des capacit\u00e9s de production \u00e0 travers l&rsquo;approvisionnement du march\u00e9 en produits locaux et la r\u00e9duction des d\u00e9lais d&rsquo;approvisionnement du march\u00e9 en viandes blanches import\u00e9es. &nbsp;Il a \u00e9t\u00e9 \u00e9galement d\u00e9cid\u00e9 de lancer des enqu\u00eates par les services v\u00e9t\u00e9rinaires, d&rsquo;acc\u00e9l\u00e9rer la cadence de mise \u00e0 disposition des intrants (aliments pour volailles) au profit des petits \u00e9leveurs, contre la pr\u00e9sentation de l&rsquo;agr\u00e9ment sanitaire \u00e9manant uniquement des services v\u00e9t\u00e9rinaires de la wilaya et de communiquer les prix (le plus bas au niveau du march\u00e9 national) des aliments commercialis\u00e9s par l&rsquo;Office national des aliments de b\u00e9tail (ONAB), des prix fermes \u00e0 longueur d&rsquo;ann\u00e9e, ajoute la m\u00eame source. Il a \u00e9t\u00e9 d\u00e9cid\u00e9 en outre de communiquer le prix de l&rsquo;unit\u00e9 du Poussin Chair 1 Jour, fix\u00e9 \u00e0 120 dinars pour l&rsquo;unit\u00e9, selon la m\u00eame source qui souligne que la vente reste libre avec le syst\u00e8me de tra\u00e7abilit\u00e9 des \u00e9leveurs et les coop\u00e9ratives d&rsquo;\u00e9levage avicoles. Par ailleurs, il a \u00e9t\u00e9 d\u00e9cid\u00e9 de tenir des concertations avec les repr\u00e9sentants de la F\u00e9d\u00e9ration nationale des aviculteurs, en vue de parvenir \u00e0 une convention de branche dans les meilleurs d\u00e9lais, dans l&rsquo;objectif de fixer le mod\u00e8le d&rsquo;organisation et une gestion idoine de la fili\u00e8re, \u00e0 l&rsquo;effet de garantir la stabilit\u00e9 des prix au niveau du march\u00e9.&nbsp; &nbsp;Le minist\u00e8re de l&rsquo;Agriculture et du D\u00e9veloppement rural a annonc\u00e9 dans un autre communiqu\u00e9, \u00a0\u00bb la mobilisation de toutes les inspections v\u00e9t\u00e9rinaires r\u00e9parties au niveau national, pour mener les enqu\u00eates et proc\u00e9der \u00e0 l&rsquo;\u00e9valuation sur le terrain, de toutes les unit\u00e9s avicoles, de l&rsquo;\u00e9tat des abattoirs avicoles \u00e0 travers l&rsquo;ensemble des wilayas du pays, et ce \u00e0 partir de lundi 20 novembre 2023&Prime;.<\/p>\n\n\n\n<p>Samir Benisid<\/p>\n","protected":false},"excerpt":{"rendered":"<p>Le minist\u00e8re de l\u2019Agriculture et du D\u00e9veloppement rural a annonc\u00e9 hier une s\u00e9rie de mesures pour endiguer la hausse des<\/p>\n","protected":false},"author":3,"featured_media":45428,"comment_status":"open","ping_status":"closed","sticky":false,"template":"","format":"standard","meta":{"colormag_page_container_layout":"default_layout","colormag_page_sidebar_layout":"default_layout","om_disable_all_campaigns":false,"_monsterinsights_skip_tracking":false,"_monsterinsights_sitenote_active":false,"_monsterinsights_sitenote_note":"","_monsterinsights_sitenote_category":0,"footnotes":"","_wpscppro_dont_share_socialmedia":false,"_wpscppro_custom_social_share_image":0,"_facebook_share_type":"","_twitter_share_type":"","_linkedin_share_type":"","_pinterest_share_type":"","_linkedin_share_type_page":"","_instagram_share_type":"","_medium_share_type":"","_threads_share_type":"","_google_business_share_type":"","_selected_social_profile":[],"_wpsp_enable_custom_social_template":false,"_wpsp_social_scheduling":{"enabled":false,"datetime":null,"platforms":[],"status":"template_only","dateOption":"today","timeOption":"now","customDays":"","customHours":"","customDate":"","customTime":"","schedulingType":"absolute"},"_wpsp_active_default_template":true},"categories":[52,29],"tags":[],"class_list":["post-47296","post","type-post","status-publish","format-standard","has-post-thumbnail","hentry","category-a-la-une","category-economie"],"aioseo_notices":[],"yoast_head":"<!-- This site is optimized with the Yoast SEO plugin v27.5 - https:\/\/yoast.com\/product\/yoast-seo-wordpress\/ -->\n<title>De grandes quantit\u00e9s de viandes rouges import\u00e9es - La Sentinelle<\/title>\n<meta name=\"robots\" content=\"index, follow, max-snippet:-1, max-image-preview:large, max-video-preview:-1\" \/>\n<link rel=\"canonical\" href=\"https:\/\/lasentinelle.dz\/index.php\/2023\/11\/21\/de-grandes-quantites-de-viandes-rouges-importees\/\" \/>\n<meta property=\"og:locale\" content=\"fr_FR\" \/>\n<meta property=\"og:type\" content=\"article\" \/>\n<meta property=\"og:title\" content=\"De grandes quantit\u00e9s de viandes rouges import\u00e9es - La Sentinelle\" \/>\n<meta property=\"og:description\" content=\"Le minist\u00e8re de l\u2019Agriculture et du D\u00e9veloppement rural a annonc\u00e9 hier une s\u00e9rie de mesures pour endiguer la hausse des\" \/>\n<meta property=\"og:url\" content=\"https:\/\/lasentinelle.dz\/index.php\/2023\/11\/21\/de-grandes-quantites-de-viandes-rouges-importees\/\" \/>\n<meta property=\"og:site_name\" content=\"La Sentinelle\" \/>\n<meta property=\"article:publisher\" content=\"https:\/\/www.facebook.com\/La-Sentinelle-104059864394773\" \/>\n<meta property=\"article:published_time\" content=\"2023-11-21T11:56:02+00:00\" \/>\n<meta property=\"article:modified_time\" content=\"2023-11-21T11:56:03+00:00\" \/>\n<meta property=\"og:image\" content=\"https:\/\/lasentinelle.dz\/wp-content\/uploads\/2023\/09\/viande.webp\" \/>\n\t<meta property=\"og:image:width\" content=\"1200\" \/>\n\t<meta property=\"og:image:height\" content=\"800\" \/>\n\t<meta property=\"og:image:type\" content=\"image\/webp\" \/>\n<meta name=\"author\" content=\"La Sentinelle\" \/>\n<meta name=\"twitter:card\" content=\"summary_large_image\" \/>\n<meta name=\"twitter:label1\" content=\"\u00c9crit par\" \/>\n\t<meta name=\"twitter:data1\" content=\"La Sentinelle\" \/>\n\t<meta name=\"twitter:label2\" content=\"Dur\u00e9e de lecture estim\u00e9e\" \/>\n\t<meta name=\"twitter:data2\" content=\"4 minutes\" \/>\n<script type=\"application\/ld+json\" class=\"yoast-schema-graph\">{\"@context\":\"https:\\\/\\\/schema.org\",\"@graph\":[{\"@type\":\"Article\",\"@id\":\"https:\\\/\\\/lasentinelle.dz\\\/index.php\\\/2023\\\/11\\\/21\\\/de-grandes-quantites-de-viandes-rouges-importees\\\/#article\",\"isPartOf\":{\"@id\":\"https:\\\/\\\/lasentinelle.dz\\\/index.php\\\/2023\\\/11\\\/21\\\/de-grandes-quantites-de-viandes-rouges-importees\\\/\"},\"author\":{\"name\":\"La Sentinelle\",\"@id\":\"https:\\\/\\\/lasentinelle.dz\\\/#\\\/schema\\\/person\\\/d865044e22e70a75174ce8bcad3acfb3\"},\"headline\":\"De grandes quantit\u00e9s de viandes rouges import\u00e9es\",\"datePublished\":\"2023-11-21T11:56:02+00:00\",\"dateModified\":\"2023-11-21T11:56:03+00:00\",\"mainEntityOfPage\":{\"@id\":\"https:\\\/\\\/lasentinelle.dz\\\/index.php\\\/2023\\\/11\\\/21\\\/de-grandes-quantites-de-viandes-rouges-importees\\\/\"},\"wordCount\":776,\"commentCount\":0,\"publisher\":{\"@id\":\"https:\\\/\\\/lasentinelle.dz\\\/#organization\"},\"image\":{\"@id\":\"https:\\\/\\\/lasentinelle.dz\\\/index.php\\\/2023\\\/11\\\/21\\\/de-grandes-quantites-de-viandes-rouges-importees\\\/#primaryimage\"},\"thumbnailUrl\":\"https:\\\/\\\/lasentinelle.dz\\\/wp-content\\\/uploads\\\/2023\\\/09\\\/viande.webp\",\"articleSection\":[\"\u00c0 la Une\",\"\u00c9conomie\"],\"inLanguage\":\"fr-FR\",\"potentialAction\":[{\"@type\":\"CommentAction\",\"name\":\"Comment\",\"target\":[\"https:\\\/\\\/lasentinelle.dz\\\/index.php\\\/2023\\\/11\\\/21\\\/de-grandes-quantites-de-viandes-rouges-importees\\\/#respond\"]}]},{\"@type\":\"WebPage\",\"@id\":\"https:\\\/\\\/lasentinelle.dz\\\/index.php\\\/2023\\\/11\\\/21\\\/de-grandes-quantites-de-viandes-rouges-importees\\\/\",\"url\":\"https:\\\/\\\/lasentinelle.dz\\\/index.php\\\/2023\\\/11\\\/21\\\/de-grandes-quantites-de-viandes-rouges-importees\\\/\",\"name\":\"De grandes quantit\u00e9s de viandes rouges import\u00e9es - La Sentinelle\",\"isPartOf\":{\"@id\":\"https:\\\/\\\/lasentinelle.dz\\\/#website\"},\"primaryImageOfPage\":{\"@id\":\"https:\\\/\\\/lasentinelle.dz\\\/index.php\\\/2023\\\/11\\\/21\\\/de-grandes-quantites-de-viandes-rouges-importees\\\/#primaryimage\"},\"image\":{\"@id\":\"https:\\\/\\\/lasentinelle.dz\\\/index.php\\\/2023\\\/11\\\/21\\\/de-grandes-quantites-de-viandes-rouges-importees\\\/#primaryimage\"},\"thumbnailUrl\":\"https:\\\/\\\/lasentinelle.dz\\\/wp-content\\\/uploads\\\/2023\\\/09\\\/viande.webp\",\"datePublished\":\"2023-11-21T11:56:02+00:00\",\"dateModified\":\"2023-11-21T11:56:03+00:00\",\"breadcrumb\":{\"@id\":\"https:\\\/\\\/lasentinelle.dz\\\/index.php\\\/2023\\\/11\\\/21\\\/de-grandes-quantites-de-viandes-rouges-importees\\\/#breadcrumb\"},\"inLanguage\":\"fr-FR\",\"potentialAction\":[{\"@type\":\"ReadAction\",\"target\":[\"https:\\\/\\\/lasentinelle.dz\\\/index.php\\\/2023\\\/11\\\/21\\\/de-grandes-quantites-de-viandes-rouges-importees\\\/\"]}]},{\"@type\":\"ImageObject\",\"inLanguage\":\"fr-FR\",\"@id\":\"https:\\\/\\\/lasentinelle.dz\\\/index.php\\\/2023\\\/11\\\/21\\\/de-grandes-quantites-de-viandes-rouges-importees\\\/#primaryimage\",\"url\":\"https:\\\/\\\/lasentinelle.dz\\\/wp-content\\\/uploads\\\/2023\\\/09\\\/viande.webp\",\"contentUrl\":\"https:\\\/\\\/lasentinelle.dz\\\/wp-content\\\/uploads\\\/2023\\\/09\\\/viande.webp\",\"width\":1200,\"height\":800},{\"@type\":\"BreadcrumbList\",\"@id\":\"https:\\\/\\\/lasentinelle.dz\\\/index.php\\\/2023\\\/11\\\/21\\\/de-grandes-quantites-de-viandes-rouges-importees\\\/#breadcrumb\",\"itemListElement\":[{\"@type\":\"ListItem\",\"position\":1,\"name\":\"Accueil\",\"item\":\"https:\\\/\\\/lasentinelle.dz\\\/\"},{\"@type\":\"ListItem\",\"position\":2,\"name\":\"De grandes quantit\u00e9s de viandes rouges import\u00e9es\"}]},{\"@type\":\"WebSite\",\"@id\":\"https:\\\/\\\/lasentinelle.dz\\\/#website\",\"url\":\"https:\\\/\\\/lasentinelle.dz\\\/\",\"name\":\"La Sentinelle\",\"description\":\"Quotidien national d&#039;information\",\"publisher\":{\"@id\":\"https:\\\/\\\/lasentinelle.dz\\\/#organization\"},\"potentialAction\":[{\"@type\":\"SearchAction\",\"target\":{\"@type\":\"EntryPoint\",\"urlTemplate\":\"https:\\\/\\\/lasentinelle.dz\\\/?s={search_term_string}\"},\"query-input\":{\"@type\":\"PropertyValueSpecification\",\"valueRequired\":true,\"valueName\":\"search_term_string\"}}],\"inLanguage\":\"fr-FR\"},{\"@type\":\"Organization\",\"@id\":\"https:\\\/\\\/lasentinelle.dz\\\/#organization\",\"name\":\"Quotidien La Sentinelle\",\"url\":\"https:\\\/\\\/lasentinelle.dz\\\/\",\"logo\":{\"@type\":\"ImageObject\",\"inLanguage\":\"fr-FR\",\"@id\":\"https:\\\/\\\/lasentinelle.dz\\\/#\\\/schema\\\/logo\\\/image\\\/\",\"url\":\"https:\\\/\\\/lasentinelle.dz\\\/wp-content\\\/uploads\\\/2021\\\/09\\\/logo-sentinelleSLOGAN-1.png\",\"contentUrl\":\"https:\\\/\\\/lasentinelle.dz\\\/wp-content\\\/uploads\\\/2021\\\/09\\\/logo-sentinelleSLOGAN-1.png\",\"width\":615,\"height\":142,\"caption\":\"Quotidien La Sentinelle\"},\"image\":{\"@id\":\"https:\\\/\\\/lasentinelle.dz\\\/#\\\/schema\\\/logo\\\/image\\\/\"},\"sameAs\":[\"https:\\\/\\\/www.facebook.com\\\/La-Sentinelle-104059864394773\"]},{\"@type\":\"Person\",\"@id\":\"https:\\\/\\\/lasentinelle.dz\\\/#\\\/schema\\\/person\\\/d865044e22e70a75174ce8bcad3acfb3\",\"name\":\"La Sentinelle\",\"image\":{\"@type\":\"ImageObject\",\"inLanguage\":\"fr-FR\",\"@id\":\"https:\\\/\\\/secure.gravatar.com\\\/avatar\\\/57de8e5d4b15d43fb361a71fbb36338450fe67865b528a43dd10ef7c51a20392?s=96&d=mm&r=g\",\"url\":\"https:\\\/\\\/secure.gravatar.com\\\/avatar\\\/57de8e5d4b15d43fb361a71fbb36338450fe67865b528a43dd10ef7c51a20392?s=96&d=mm&r=g\",\"contentUrl\":\"https:\\\/\\\/secure.gravatar.com\\\/avatar\\\/57de8e5d4b15d43fb361a71fbb36338450fe67865b528a43dd10ef7c51a20392?s=96&d=mm&r=g\",\"caption\":\"La Sentinelle\"},\"sameAs\":[\"http:\\\/\\\/www.lasentinelle.dz\"],\"url\":\"https:\\\/\\\/lasentinelle.dz\\\/author\\\/redaction\\\/\"}]}<\/script>\n<!-- \/ Yoast SEO plugin. -->","yoast_head_json":{"title":"De grandes quantit\u00e9s de viandes rouges import\u00e9es - La Sentinelle","robots":{"index":"index","follow":"follow","max-snippet":"max-snippet:-1","max-image-preview":"max-image-preview:large","max-video-preview":"max-video-preview:-1"},"canonical":"https:\/\/lasentinelle.dz\/index.php\/2023\/11\/21\/de-grandes-quantites-de-viandes-rouges-importees\/","og_locale":"fr_FR","og_type":"article","og_title":"De grandes quantit\u00e9s de viandes rouges import\u00e9es - La Sentinelle","og_description":"Le minist\u00e8re de l\u2019Agriculture et du D\u00e9veloppement rural a annonc\u00e9 hier une s\u00e9rie de mesures pour endiguer la hausse des","og_url":"https:\/\/lasentinelle.dz\/index.php\/2023\/11\/21\/de-grandes-quantites-de-viandes-rouges-importees\/","og_site_name":"La Sentinelle","article_publisher":"https:\/\/www.facebook.com\/La-Sentinelle-104059864394773","article_published_time":"2023-11-21T11:56:02+00:00","article_modified_time":"2023-11-21T11:56:03+00:00","og_image":[{"width":1200,"height":800,"url":"https:\/\/lasentinelle.dz\/wp-content\/uploads\/2023\/09\/viande.webp","type":"image\/webp"}],"author":"La Sentinelle","twitter_card":"summary_large_image","twitter_misc":{"\u00c9crit par":"La Sentinelle","Dur\u00e9e de lecture estim\u00e9e":"4 minutes"},"schema":{"@context":"https:\/\/schema.org","@graph":[{"@type":"Article","@id":"https:\/\/lasentinelle.dz\/index.php\/2023\/11\/21\/de-grandes-quantites-de-viandes-rouges-importees\/#article","isPartOf":{"@id":"https:\/\/lasentinelle.dz\/index.php\/2023\/11\/21\/de-grandes-quantites-de-viandes-rouges-importees\/"},"author":{"name":"La Sentinelle","@id":"https:\/\/lasentinelle.dz\/#\/schema\/person\/d865044e22e70a75174ce8bcad3acfb3"},"headline":"De grandes quantit\u00e9s de viandes rouges import\u00e9es","datePublished":"2023-11-21T11:56:02+00:00","dateModified":"2023-11-21T11:56:03+00:00","mainEntityOfPage":{"@id":"https:\/\/lasentinelle.dz\/index.php\/2023\/11\/21\/de-grandes-quantites-de-viandes-rouges-importees\/"},"wordCount":776,"commentCount":0,"publisher":{"@id":"https:\/\/lasentinelle.dz\/#organization"},"image":{"@id":"https:\/\/lasentinelle.dz\/index.php\/2023\/11\/21\/de-grandes-quantites-de-viandes-rouges-importees\/#primaryimage"},"thumbnailUrl":"https:\/\/lasentinelle.dz\/wp-content\/uploads\/2023\/09\/viande.webp","articleSection":["\u00c0 la Une","\u00c9conomie"],"inLanguage":"fr-FR","potentialAction":[{"@type":"CommentAction","name":"Comment","target":["https:\/\/lasentinelle.dz\/index.php\/2023\/11\/21\/de-grandes-quantites-de-viandes-rouges-importees\/#respond"]}]},{"@type":"WebPage","@id":"https:\/\/lasentinelle.dz\/index.php\/2023\/11\/21\/de-grandes-quantites-de-viandes-rouges-importees\/","url":"https:\/\/lasentinelle.dz\/index.php\/2023\/11\/21\/de-grandes-quantites-de-viandes-rouges-importees\/","name":"De grandes quantit\u00e9s de viandes rouges import\u00e9es - La Sentinelle","isPartOf":{"@id":"https:\/\/lasentinelle.dz\/#website"},"primaryImageOfPage":{"@id":"https:\/\/lasentinelle.dz\/index.php\/2023\/11\/21\/de-grandes-quantites-de-viandes-rouges-importees\/#primaryimage"},"image":{"@id":"https:\/\/lasentinelle.dz\/index.php\/2023\/11\/21\/de-grandes-quantites-de-viandes-rouges-importees\/#primaryimage"},"thumbnailUrl":"https:\/\/lasentinelle.dz\/wp-content\/uploads\/2023\/09\/viande.webp","datePublished":"2023-11-21T11:56:02+00:00","dateModified":"2023-11-21T11:56:03+00:00","breadcrumb":{"@id":"https:\/\/lasentinelle.dz\/index.php\/2023\/11\/21\/de-grandes-quantites-de-viandes-rouges-importees\/#breadcrumb"},"inLanguage":"fr-FR","potentialAction":[{"@type":"ReadAction","target":["https:\/\/lasentinelle.dz\/index.php\/2023\/11\/21\/de-grandes-quantites-de-viandes-rouges-importees\/"]}]},{"@type":"ImageObject","inLanguage":"fr-FR","@id":"https:\/\/lasentinelle.dz\/index.php\/2023\/11\/21\/de-grandes-quantites-de-viandes-rouges-importees\/#primaryimage","url":"https:\/\/lasentinelle.dz\/wp-content\/uploads\/2023\/09\/viande.webp","contentUrl":"https:\/\/lasentinelle.dz\/wp-content\/uploads\/2023\/09\/viande.webp","width":1200,"height":800},{"@type":"BreadcrumbList","@id":"https:\/\/lasentinelle.dz\/index.php\/2023\/11\/21\/de-grandes-quantites-de-viandes-rouges-importees\/#breadcrumb","itemListElement":[{"@type":"ListItem","position":1,"name":"Accueil","item":"https:\/\/lasentinelle.dz\/"},{"@type":"ListItem","position":2,"name":"De grandes quantit\u00e9s de viandes rouges import\u00e9es"}]},{"@type":"WebSite","@id":"https:\/\/lasentinelle.dz\/#website","url":"https:\/\/lasentinelle.dz\/","name":"La Sentinelle","description":"Quotidien national d&#039;information","publisher":{"@id":"https:\/\/lasentinelle.dz\/#organization"},"potentialAction":[{"@type":"SearchAction","target":{"@type":"EntryPoint","urlTemplate":"https:\/\/lasentinelle.dz\/?s={search_term_string}"},"query-input":{"@type":"PropertyValueSpecification","valueRequired":true,"valueName":"search_term_string"}}],"inLanguage":"fr-FR"},{"@type":"Organization","@id":"https:\/\/lasentinelle.dz\/#organization","name":"Quotidien La Sentinelle","url":"https:\/\/lasentinelle.dz\/","logo":{"@type":"ImageObject","inLanguage":"fr-FR","@id":"https:\/\/lasentinelle.dz\/#\/schema\/logo\/image\/","url":"https:\/\/lasentinelle.dz\/wp-content\/uploads\/2021\/09\/logo-sentinelleSLOGAN-1.png","contentUrl":"https:\/\/lasentinelle.dz\/wp-content\/uploads\/2021\/09\/logo-sentinelleSLOGAN-1.png","width":615,"height":142,"caption":"Quotidien La Sentinelle"},"image":{"@id":"https:\/\/lasentinelle.dz\/#\/schema\/logo\/image\/"},"sameAs":["https:\/\/www.facebook.com\/La-Sentinelle-104059864394773"]},{"@type":"Person","@id":"https:\/\/lasentinelle.dz\/#\/schema\/person\/d865044e22e70a75174ce8bcad3acfb3","name":"La Sentinelle","image":{"@type":"ImageObject","inLanguage":"fr-FR","@id":"https:\/\/secure.gravatar.com\/avatar\/57de8e5d4b15d43fb361a71fbb36338450fe67865b528a43dd10ef7c51a20392?s=96&d=mm&r=g","url":"https:\/\/secure.gravatar.com\/avatar\/57de8e5d4b15d43fb361a71fbb36338450fe67865b528a43dd10ef7c51a20392?s=96&d=mm&r=g","contentUrl":"https:\/\/secure.gravatar.com\/avatar\/57de8e5d4b15d43fb361a71fbb36338450fe67865b528a43dd10ef7c51a20392?s=96&d=mm&r=g","caption":"La Sentinelle"},"sameAs":["http:\/\/www.lasentinelle.dz"],"url":"https:\/\/lasentinelle.dz\/author\/redaction\/"}]}},"_links":{"self":[{"href":"https:\/\/lasentinelle.dz\/index.php\/wp-json\/wp\/v2\/posts\/47296","targetHints":{"allow":["GET"]}}],"collection":[{"href":"https:\/\/lasentinelle.dz\/index.php\/wp-json\/wp\/v2\/posts"}],"about":[{"href":"https:\/\/lasentinelle.dz\/index.php\/wp-json\/wp\/v2\/types\/post"}],"author":[{"embeddable":true,"href":"https:\/\/lasentinelle.dz\/index.php\/wp-json\/wp\/v2\/users\/3"}],"replies":[{"embeddable":true,"href":"https:\/\/lasentinelle.dz\/index.php\/wp-json\/wp\/v2\/comments?post=47296"}],"version-history":[{"count":1,"href":"https:\/\/lasentinelle.dz\/index.php\/wp-json\/wp\/v2\/posts\/47296\/revisions"}],"predecessor-version":[{"id":47297,"href":"https:\/\/lasentinelle.dz\/index.php\/wp-json\/wp\/v2\/posts\/47296\/revisions\/47297"}],"wp:featuredmedia":[{"embeddable":true,"href":"https:\/\/lasentinelle.dz\/index.php\/wp-json\/wp\/v2\/media\/45428"}],"wp:attachment":[{"href":"https:\/\/lasentinelle.dz\/index.php\/wp-json\/wp\/v2\/media?parent=47296"}],"wp:term":[{"taxonomy":"category","embeddable":true,"href":"https:\/\/lasentinelle.dz\/index.php\/wp-json\/wp\/v2\/categories?post=47296"},{"taxonomy":"post_tag","embeddable":true,"href":"https:\/\/lasentinelle.dz\/index.php\/wp-json\/wp\/v2\/tags?post=47296"}],"curies":[{"name":"wp","href":"https:\/\/api.w.org\/{rel}","templated":true}]}}