{"id":47363,"date":"2023-11-22T21:35:02","date_gmt":"2023-11-22T20:35:02","guid":{"rendered":"https:\/\/lasentinelle.dz\/?p=47363"},"modified":"2023-11-22T21:35:06","modified_gmt":"2023-11-22T20:35:06","slug":"eliminatoires-mondial-2026-la-fifa-rend-hommage-a-belmadi-et-slimani","status":"publish","type":"post","link":"https:\/\/lasentinelle.dz\/index.php\/2023\/11\/22\/eliminatoires-mondial-2026-la-fifa-rend-hommage-a-belmadi-et-slimani\/","title":{"rendered":"Eliminatoires Mondial 2026\u00a0: La FIFA rend hommage \u00e0 Belmadi et Slimani"},"content":{"rendered":"\n<p>F\u00e9d\u00e9ration internationale de football (FIFA) a rendu hommage au s\u00e9lectionneur de l&rsquo;\u00e9quipe nationale Djamel Belmadi et \u00e0 l&rsquo;attaquant Islam Slimani, qui se sont distingu\u00e9s, chacun dans son registre, \u00e0 l&rsquo;occasion des deux premi\u00e8res journ\u00e9es (Zone Afrique) des qualifications de la Coupe du monde 2026, disput\u00e9es du 15 au 21 novembre.<\/p>\n\n\n\n<p>\u00ab\u00a0Belmadi a atteint, \u00e0 l&rsquo;occasion de la deuxi\u00e8me journ\u00e9e au Mozambique (victoire 2-0), la deuxi\u00e8me marche du classement des entra\u00eeneurs ayant dirig\u00e9 le plus souvent les Fennecs : 59 fois, \u00e0 \u00e9galit\u00e9 avec Rachid Mekhloufi. Il lui reste un peu de marge pour atteindre le record absolu de 72 matches qui appartient \u00e0 Rabah Sa\u00e2dane\u00a0\u00bb, a \u00e9crit&nbsp; l&rsquo;instance internationale dans un article publi\u00e9 mercredi sur son site officiel intitul\u00e9 \u00ab\u00a0les quatre faits marquants des 1re et 2e journ\u00e9es.\u00a0\u00bb<\/p>\n\n\n\n<p>De son c\u00f4t\u00e9, l&rsquo;actuel meilleur buteur historique de la s\u00e9lection Islam Slimani a \u00e9galement fait parler de lui \u00e0 l&rsquo;occasion de cette fen\u00eatre internationale. \u00ab\u00a0D\u00e8s la premi\u00e8re journ\u00e9e, Islam Slimani a \u00e9gal\u00e9 un record : celui du plus grand nombre de buts inscrits en \u00e9liminatoires africains, soit 18. Il s&rsquo;est mis au niveau de l\u2019Ivoirien Didier Drogba, du Camerounais Samuel Eto&rsquo;o et du Burkinab\u00e8 Moumouni Dagano. \u00ab\u00a0C&rsquo;est vrai ? C&rsquo;est bien, \u00e7a !\u00a0\u00bb, s&rsquo;est r\u00e9joui l&rsquo;attaquant en zone mixte lorsqu\u2019un journaliste lui a appris qu\u2019il \u00e9tait d\u00e9tenteur du record\u00a0\u00bb, ajoute la m\u00eame source.&nbsp;&nbsp;&nbsp;&nbsp;&nbsp;&nbsp;&nbsp;&nbsp;&nbsp;&nbsp;&nbsp;<\/p>\n\n\n\n<p>La C\u00f4te d&rsquo;Ivoire, pays h\u00f4te de la prochaine CAN-2023 (report\u00e9e \u00e0 2024), large vainqueur \u00e0 domicile face aux Seychelles (9-0), a battu, quant \u00e0 elle, le record de la plus large victoire en qualifications africaines. Les \u00ab\u00a0El\u00e9phants\u00a0\u00bb ont effac\u00e9 le record \u00e0 la RD Congo, vainqueur de Djibouti 9-1 en \u00e9liminatoires du Mondial 2002. De leur c\u00f4t\u00e9, \u00ab\u00a0les Comoriens ont remport\u00e9 leur toute premi\u00e8re victoire en qualifications pour la Coupe du Monde, 4-2 face \u00e0 la R\u00e9publique centrafricaine, avant de cr\u00e9er la sensation quatre jours plus tard en battant le Ghana (1-0) \u00e0 Moroni gr\u00e2ce \u00e0 Myziane Maolida. Il s&rsquo;agit de la deuxi\u00e8me participation des Comores aux qualifications d&rsquo;un Mondial, apr\u00e8s l&rsquo;\u00e9dition 2010. Ils avaient auparavant enregistr\u00e9 six d\u00e9faites et quatre matches nuls. Enfin, le Nigeria est dans le dur. les \u00ab\u00a0Super Eagles\u00a0\u00bb \u00ab\u00a0n&rsquo;ont pas perdu lors des deux premi\u00e8res journ\u00e9es, mais il n&rsquo;ont pas gagn\u00e9 non plus. Les hommes de Jos\u00e9 Peseiro ont conc\u00e9d\u00e9 deux matches nuls 1-1 contre le Lesotho \u00e0 la maison et contre le Zimbabwe \u00e0 l\u2019ext\u00e9rieur, apr\u00e8s avoir encaiss\u00e9 l\u2019ouverture du score \u00e0 chaque fois. Les Nig\u00e9rians pourront se consoler en sachant qu\u2019ils restent sur 46 matchs sans d\u00e9faite en qualifications pour le Mondial.\u00a0\u00bb \u00ab\u00a0En s\u2019imposant 4-0 contre S?o Tom\u00e9-et-Principe et 1-0 contre le Malawi, la Tunisie est en revanche pass\u00e9e devant le Nigeria au nombre de victoires en \u00e9liminatoires du Mondial : 64, contre 62 pour les Super Eagles\u00a0\u00bb, conclut la FIFA. Log\u00e9e dans le groupe G, l&rsquo;Alg\u00e9rie a bien entam\u00e9 sa campagne qualificative en battant d&rsquo;entr\u00e9e la Somalie (3-1) au stade de Baraki, avant de r\u00e9cidiver trois jours plus tard en disposant du Mozambique \u00e0 Maputo (2-0). Deux succ\u00e8s qui ont permis aux \u00ab\u00a0Verts\u00a0\u00bb de s&#8217;emparer de la t\u00eate du classement avec 6 points, \u00e0 trois longueurs de ses poursuivants directs. Les 3e et 4e journ\u00e9es se joueront du 3 au 11 juin 2024. Pour rappel, seul le premier de chaque poule se qualifie directement pour le mondial 2026 pr\u00e9vu aux Etats-Unis, Mexique et Candada.<\/p>\n\n\n\n<p>R.S.<\/p>\n","protected":false},"excerpt":{"rendered":"<p>F\u00e9d\u00e9ration internationale de football (FIFA) a rendu hommage au s\u00e9lectionneur de l&rsquo;\u00e9quipe nationale Djamel Belmadi et \u00e0 l&rsquo;attaquant Islam Slimani,<\/p>\n","protected":false},"author":3,"featured_media":47364,"comment_status":"open","ping_status":"closed","sticky":false,"template":"","format":"standard","meta":{"colormag_page_container_layout":"default_layout","colormag_page_sidebar_layout":"default_layout","om_disable_all_campaigns":false,"_monsterinsights_skip_tracking":false,"_monsterinsights_sitenote_active":false,"_monsterinsights_sitenote_note":"","_monsterinsights_sitenote_category":0,"footnotes":"","_wpscppro_dont_share_socialmedia":false,"_wpscppro_custom_social_share_image":0,"_facebook_share_type":"","_twitter_share_type":"","_linkedin_share_type":"","_pinterest_share_type":"","_linkedin_share_type_page":"","_instagram_share_type":"","_medium_share_type":"","_threads_share_type":"","_google_business_share_type":"","_selected_social_profile":[],"_wpsp_enable_custom_social_template":false,"_wpsp_social_scheduling":{"enabled":false,"datetime":null,"platforms":[],"status":"template_only","dateOption":"today","timeOption":"now","customDays":"","customHours":"","customDate":"","customTime":"","schedulingType":"absolute"},"_wpsp_active_default_template":true},"categories":[52,33],"tags":[],"class_list":["post-47363","post","type-post","status-publish","format-standard","has-post-thumbnail","hentry","category-a-la-une","category-sports"],"aioseo_notices":[],"yoast_head":"<!-- This site is optimized with the Yoast SEO plugin v27.5 - https:\/\/yoast.com\/product\/yoast-seo-wordpress\/ -->\n<title>Eliminatoires Mondial 2026\u00a0: La FIFA rend hommage \u00e0 Belmadi et Slimani - La Sentinelle<\/title>\n<meta name=\"robots\" content=\"index, follow, max-snippet:-1, max-image-preview:large, max-video-preview:-1\" \/>\n<link rel=\"canonical\" href=\"https:\/\/lasentinelle.dz\/index.php\/2023\/11\/22\/eliminatoires-mondial-2026-la-fifa-rend-hommage-a-belmadi-et-slimani\/\" \/>\n<meta property=\"og:locale\" content=\"fr_FR\" \/>\n<meta property=\"og:type\" content=\"article\" \/>\n<meta property=\"og:title\" content=\"Eliminatoires Mondial 2026\u00a0: La FIFA rend hommage \u00e0 Belmadi et Slimani - La Sentinelle\" \/>\n<meta property=\"og:description\" content=\"F\u00e9d\u00e9ration internationale de football (FIFA) a rendu hommage au s\u00e9lectionneur de l&rsquo;\u00e9quipe nationale Djamel Belmadi et \u00e0 l&rsquo;attaquant Islam Slimani,\" \/>\n<meta property=\"og:url\" content=\"https:\/\/lasentinelle.dz\/index.php\/2023\/11\/22\/eliminatoires-mondial-2026-la-fifa-rend-hommage-a-belmadi-et-slimani\/\" \/>\n<meta property=\"og:site_name\" content=\"La Sentinelle\" \/>\n<meta property=\"article:publisher\" content=\"https:\/\/www.facebook.com\/La-Sentinelle-104059864394773\" \/>\n<meta property=\"article:published_time\" content=\"2023-11-22T20:35:02+00:00\" \/>\n<meta property=\"article:modified_time\" content=\"2023-11-22T20:35:06+00:00\" \/>\n<meta property=\"og:image\" content=\"https:\/\/lasentinelle.dz\/wp-content\/uploads\/2023\/11\/belmadi-slimani.webp\" \/>\n\t<meta property=\"og:image:width\" content=\"780\" \/>\n\t<meta property=\"og:image:height\" content=\"470\" \/>\n\t<meta property=\"og:image:type\" content=\"image\/webp\" \/>\n<meta name=\"author\" content=\"La Sentinelle\" \/>\n<meta name=\"twitter:card\" content=\"summary_large_image\" \/>\n<meta name=\"twitter:label1\" content=\"\u00c9crit par\" \/>\n\t<meta name=\"twitter:data1\" content=\"La Sentinelle\" \/>\n\t<meta name=\"twitter:label2\" content=\"Dur\u00e9e de lecture estim\u00e9e\" \/>\n\t<meta name=\"twitter:data2\" content=\"3 minutes\" \/>\n<script type=\"application\/ld+json\" class=\"yoast-schema-graph\">{\"@context\":\"https:\\\/\\\/schema.org\",\"@graph\":[{\"@type\":\"Article\",\"@id\":\"https:\\\/\\\/lasentinelle.dz\\\/index.php\\\/2023\\\/11\\\/22\\\/eliminatoires-mondial-2026-la-fifa-rend-hommage-a-belmadi-et-slimani\\\/#article\",\"isPartOf\":{\"@id\":\"https:\\\/\\\/lasentinelle.dz\\\/index.php\\\/2023\\\/11\\\/22\\\/eliminatoires-mondial-2026-la-fifa-rend-hommage-a-belmadi-et-slimani\\\/\"},\"author\":{\"name\":\"La Sentinelle\",\"@id\":\"https:\\\/\\\/lasentinelle.dz\\\/#\\\/schema\\\/person\\\/d865044e22e70a75174ce8bcad3acfb3\"},\"headline\":\"Eliminatoires Mondial 2026\u00a0: La FIFA rend hommage \u00e0 Belmadi et Slimani\",\"datePublished\":\"2023-11-22T20:35:02+00:00\",\"dateModified\":\"2023-11-22T20:35:06+00:00\",\"mainEntityOfPage\":{\"@id\":\"https:\\\/\\\/lasentinelle.dz\\\/index.php\\\/2023\\\/11\\\/22\\\/eliminatoires-mondial-2026-la-fifa-rend-hommage-a-belmadi-et-slimani\\\/\"},\"wordCount\":617,\"commentCount\":0,\"publisher\":{\"@id\":\"https:\\\/\\\/lasentinelle.dz\\\/#organization\"},\"image\":{\"@id\":\"https:\\\/\\\/lasentinelle.dz\\\/index.php\\\/2023\\\/11\\\/22\\\/eliminatoires-mondial-2026-la-fifa-rend-hommage-a-belmadi-et-slimani\\\/#primaryimage\"},\"thumbnailUrl\":\"https:\\\/\\\/lasentinelle.dz\\\/wp-content\\\/uploads\\\/2023\\\/11\\\/belmadi-slimani.webp\",\"articleSection\":[\"\u00c0 la Une\",\"Sports\"],\"inLanguage\":\"fr-FR\",\"potentialAction\":[{\"@type\":\"CommentAction\",\"name\":\"Comment\",\"target\":[\"https:\\\/\\\/lasentinelle.dz\\\/index.php\\\/2023\\\/11\\\/22\\\/eliminatoires-mondial-2026-la-fifa-rend-hommage-a-belmadi-et-slimani\\\/#respond\"]}]},{\"@type\":\"WebPage\",\"@id\":\"https:\\\/\\\/lasentinelle.dz\\\/index.php\\\/2023\\\/11\\\/22\\\/eliminatoires-mondial-2026-la-fifa-rend-hommage-a-belmadi-et-slimani\\\/\",\"url\":\"https:\\\/\\\/lasentinelle.dz\\\/index.php\\\/2023\\\/11\\\/22\\\/eliminatoires-mondial-2026-la-fifa-rend-hommage-a-belmadi-et-slimani\\\/\",\"name\":\"Eliminatoires Mondial 2026\u00a0: La FIFA rend hommage \u00e0 Belmadi et Slimani - La Sentinelle\",\"isPartOf\":{\"@id\":\"https:\\\/\\\/lasentinelle.dz\\\/#website\"},\"primaryImageOfPage\":{\"@id\":\"https:\\\/\\\/lasentinelle.dz\\\/index.php\\\/2023\\\/11\\\/22\\\/eliminatoires-mondial-2026-la-fifa-rend-hommage-a-belmadi-et-slimani\\\/#primaryimage\"},\"image\":{\"@id\":\"https:\\\/\\\/lasentinelle.dz\\\/index.php\\\/2023\\\/11\\\/22\\\/eliminatoires-mondial-2026-la-fifa-rend-hommage-a-belmadi-et-slimani\\\/#primaryimage\"},\"thumbnailUrl\":\"https:\\\/\\\/lasentinelle.dz\\\/wp-content\\\/uploads\\\/2023\\\/11\\\/belmadi-slimani.webp\",\"datePublished\":\"2023-11-22T20:35:02+00:00\",\"dateModified\":\"2023-11-22T20:35:06+00:00\",\"breadcrumb\":{\"@id\":\"https:\\\/\\\/lasentinelle.dz\\\/index.php\\\/2023\\\/11\\\/22\\\/eliminatoires-mondial-2026-la-fifa-rend-hommage-a-belmadi-et-slimani\\\/#breadcrumb\"},\"inLanguage\":\"fr-FR\",\"potentialAction\":[{\"@type\":\"ReadAction\",\"target\":[\"https:\\\/\\\/lasentinelle.dz\\\/index.php\\\/2023\\\/11\\\/22\\\/eliminatoires-mondial-2026-la-fifa-rend-hommage-a-belmadi-et-slimani\\\/\"]}]},{\"@type\":\"ImageObject\",\"inLanguage\":\"fr-FR\",\"@id\":\"https:\\\/\\\/lasentinelle.dz\\\/index.php\\\/2023\\\/11\\\/22\\\/eliminatoires-mondial-2026-la-fifa-rend-hommage-a-belmadi-et-slimani\\\/#primaryimage\",\"url\":\"https:\\\/\\\/lasentinelle.dz\\\/wp-content\\\/uploads\\\/2023\\\/11\\\/belmadi-slimani.webp\",\"contentUrl\":\"https:\\\/\\\/lasentinelle.dz\\\/wp-content\\\/uploads\\\/2023\\\/11\\\/belmadi-slimani.webp\",\"width\":780,\"height\":470},{\"@type\":\"BreadcrumbList\",\"@id\":\"https:\\\/\\\/lasentinelle.dz\\\/index.php\\\/2023\\\/11\\\/22\\\/eliminatoires-mondial-2026-la-fifa-rend-hommage-a-belmadi-et-slimani\\\/#breadcrumb\",\"itemListElement\":[{\"@type\":\"ListItem\",\"position\":1,\"name\":\"Accueil\",\"item\":\"https:\\\/\\\/lasentinelle.dz\\\/\"},{\"@type\":\"ListItem\",\"position\":2,\"name\":\"Eliminatoires Mondial 2026\u00a0: La FIFA rend hommage \u00e0 Belmadi et Slimani\"}]},{\"@type\":\"WebSite\",\"@id\":\"https:\\\/\\\/lasentinelle.dz\\\/#website\",\"url\":\"https:\\\/\\\/lasentinelle.dz\\\/\",\"name\":\"La Sentinelle\",\"description\":\"Quotidien national d&#039;information\",\"publisher\":{\"@id\":\"https:\\\/\\\/lasentinelle.dz\\\/#organization\"},\"potentialAction\":[{\"@type\":\"SearchAction\",\"target\":{\"@type\":\"EntryPoint\",\"urlTemplate\":\"https:\\\/\\\/lasentinelle.dz\\\/?s={search_term_string}\"},\"query-input\":{\"@type\":\"PropertyValueSpecification\",\"valueRequired\":true,\"valueName\":\"search_term_string\"}}],\"inLanguage\":\"fr-FR\"},{\"@type\":\"Organization\",\"@id\":\"https:\\\/\\\/lasentinelle.dz\\\/#organization\",\"name\":\"Quotidien La Sentinelle\",\"url\":\"https:\\\/\\\/lasentinelle.dz\\\/\",\"logo\":{\"@type\":\"ImageObject\",\"inLanguage\":\"fr-FR\",\"@id\":\"https:\\\/\\\/lasentinelle.dz\\\/#\\\/schema\\\/logo\\\/image\\\/\",\"url\":\"https:\\\/\\\/lasentinelle.dz\\\/wp-content\\\/uploads\\\/2021\\\/09\\\/logo-sentinelleSLOGAN-1.png\",\"contentUrl\":\"https:\\\/\\\/lasentinelle.dz\\\/wp-content\\\/uploads\\\/2021\\\/09\\\/logo-sentinelleSLOGAN-1.png\",\"width\":615,\"height\":142,\"caption\":\"Quotidien La Sentinelle\"},\"image\":{\"@id\":\"https:\\\/\\\/lasentinelle.dz\\\/#\\\/schema\\\/logo\\\/image\\\/\"},\"sameAs\":[\"https:\\\/\\\/www.facebook.com\\\/La-Sentinelle-104059864394773\"]},{\"@type\":\"Person\",\"@id\":\"https:\\\/\\\/lasentinelle.dz\\\/#\\\/schema\\\/person\\\/d865044e22e70a75174ce8bcad3acfb3\",\"name\":\"La Sentinelle\",\"image\":{\"@type\":\"ImageObject\",\"inLanguage\":\"fr-FR\",\"@id\":\"https:\\\/\\\/secure.gravatar.com\\\/avatar\\\/57de8e5d4b15d43fb361a71fbb36338450fe67865b528a43dd10ef7c51a20392?s=96&d=mm&r=g\",\"url\":\"https:\\\/\\\/secure.gravatar.com\\\/avatar\\\/57de8e5d4b15d43fb361a71fbb36338450fe67865b528a43dd10ef7c51a20392?s=96&d=mm&r=g\",\"contentUrl\":\"https:\\\/\\\/secure.gravatar.com\\\/avatar\\\/57de8e5d4b15d43fb361a71fbb36338450fe67865b528a43dd10ef7c51a20392?s=96&d=mm&r=g\",\"caption\":\"La Sentinelle\"},\"sameAs\":[\"http:\\\/\\\/www.lasentinelle.dz\"],\"url\":\"https:\\\/\\\/lasentinelle.dz\\\/author\\\/redaction\\\/\"}]}<\/script>\n<!-- \/ Yoast SEO plugin. -->","yoast_head_json":{"title":"Eliminatoires Mondial 2026\u00a0: La FIFA rend hommage \u00e0 Belmadi et Slimani - La Sentinelle","robots":{"index":"index","follow":"follow","max-snippet":"max-snippet:-1","max-image-preview":"max-image-preview:large","max-video-preview":"max-video-preview:-1"},"canonical":"https:\/\/lasentinelle.dz\/index.php\/2023\/11\/22\/eliminatoires-mondial-2026-la-fifa-rend-hommage-a-belmadi-et-slimani\/","og_locale":"fr_FR","og_type":"article","og_title":"Eliminatoires Mondial 2026\u00a0: La FIFA rend hommage \u00e0 Belmadi et Slimani - La Sentinelle","og_description":"F\u00e9d\u00e9ration internationale de football (FIFA) a rendu hommage au s\u00e9lectionneur de l&rsquo;\u00e9quipe nationale Djamel Belmadi et \u00e0 l&rsquo;attaquant Islam Slimani,","og_url":"https:\/\/lasentinelle.dz\/index.php\/2023\/11\/22\/eliminatoires-mondial-2026-la-fifa-rend-hommage-a-belmadi-et-slimani\/","og_site_name":"La Sentinelle","article_publisher":"https:\/\/www.facebook.com\/La-Sentinelle-104059864394773","article_published_time":"2023-11-22T20:35:02+00:00","article_modified_time":"2023-11-22T20:35:06+00:00","og_image":[{"width":780,"height":470,"url":"https:\/\/lasentinelle.dz\/wp-content\/uploads\/2023\/11\/belmadi-slimani.webp","type":"image\/webp"}],"author":"La Sentinelle","twitter_card":"summary_large_image","twitter_misc":{"\u00c9crit par":"La Sentinelle","Dur\u00e9e de lecture estim\u00e9e":"3 minutes"},"schema":{"@context":"https:\/\/schema.org","@graph":[{"@type":"Article","@id":"https:\/\/lasentinelle.dz\/index.php\/2023\/11\/22\/eliminatoires-mondial-2026-la-fifa-rend-hommage-a-belmadi-et-slimani\/#article","isPartOf":{"@id":"https:\/\/lasentinelle.dz\/index.php\/2023\/11\/22\/eliminatoires-mondial-2026-la-fifa-rend-hommage-a-belmadi-et-slimani\/"},"author":{"name":"La Sentinelle","@id":"https:\/\/lasentinelle.dz\/#\/schema\/person\/d865044e22e70a75174ce8bcad3acfb3"},"headline":"Eliminatoires Mondial 2026\u00a0: La FIFA rend hommage \u00e0 Belmadi et Slimani","datePublished":"2023-11-22T20:35:02+00:00","dateModified":"2023-11-22T20:35:06+00:00","mainEntityOfPage":{"@id":"https:\/\/lasentinelle.dz\/index.php\/2023\/11\/22\/eliminatoires-mondial-2026-la-fifa-rend-hommage-a-belmadi-et-slimani\/"},"wordCount":617,"commentCount":0,"publisher":{"@id":"https:\/\/lasentinelle.dz\/#organization"},"image":{"@id":"https:\/\/lasentinelle.dz\/index.php\/2023\/11\/22\/eliminatoires-mondial-2026-la-fifa-rend-hommage-a-belmadi-et-slimani\/#primaryimage"},"thumbnailUrl":"https:\/\/lasentinelle.dz\/wp-content\/uploads\/2023\/11\/belmadi-slimani.webp","articleSection":["\u00c0 la Une","Sports"],"inLanguage":"fr-FR","potentialAction":[{"@type":"CommentAction","name":"Comment","target":["https:\/\/lasentinelle.dz\/index.php\/2023\/11\/22\/eliminatoires-mondial-2026-la-fifa-rend-hommage-a-belmadi-et-slimani\/#respond"]}]},{"@type":"WebPage","@id":"https:\/\/lasentinelle.dz\/index.php\/2023\/11\/22\/eliminatoires-mondial-2026-la-fifa-rend-hommage-a-belmadi-et-slimani\/","url":"https:\/\/lasentinelle.dz\/index.php\/2023\/11\/22\/eliminatoires-mondial-2026-la-fifa-rend-hommage-a-belmadi-et-slimani\/","name":"Eliminatoires Mondial 2026\u00a0: La FIFA rend hommage \u00e0 Belmadi et Slimani - La Sentinelle","isPartOf":{"@id":"https:\/\/lasentinelle.dz\/#website"},"primaryImageOfPage":{"@id":"https:\/\/lasentinelle.dz\/index.php\/2023\/11\/22\/eliminatoires-mondial-2026-la-fifa-rend-hommage-a-belmadi-et-slimani\/#primaryimage"},"image":{"@id":"https:\/\/lasentinelle.dz\/index.php\/2023\/11\/22\/eliminatoires-mondial-2026-la-fifa-rend-hommage-a-belmadi-et-slimani\/#primaryimage"},"thumbnailUrl":"https:\/\/lasentinelle.dz\/wp-content\/uploads\/2023\/11\/belmadi-slimani.webp","datePublished":"2023-11-22T20:35:02+00:00","dateModified":"2023-11-22T20:35:06+00:00","breadcrumb":{"@id":"https:\/\/lasentinelle.dz\/index.php\/2023\/11\/22\/eliminatoires-mondial-2026-la-fifa-rend-hommage-a-belmadi-et-slimani\/#breadcrumb"},"inLanguage":"fr-FR","potentialAction":[{"@type":"ReadAction","target":["https:\/\/lasentinelle.dz\/index.php\/2023\/11\/22\/eliminatoires-mondial-2026-la-fifa-rend-hommage-a-belmadi-et-slimani\/"]}]},{"@type":"ImageObject","inLanguage":"fr-FR","@id":"https:\/\/lasentinelle.dz\/index.php\/2023\/11\/22\/eliminatoires-mondial-2026-la-fifa-rend-hommage-a-belmadi-et-slimani\/#primaryimage","url":"https:\/\/lasentinelle.dz\/wp-content\/uploads\/2023\/11\/belmadi-slimani.webp","contentUrl":"https:\/\/lasentinelle.dz\/wp-content\/uploads\/2023\/11\/belmadi-slimani.webp","width":780,"height":470},{"@type":"BreadcrumbList","@id":"https:\/\/lasentinelle.dz\/index.php\/2023\/11\/22\/eliminatoires-mondial-2026-la-fifa-rend-hommage-a-belmadi-et-slimani\/#breadcrumb","itemListElement":[{"@type":"ListItem","position":1,"name":"Accueil","item":"https:\/\/lasentinelle.dz\/"},{"@type":"ListItem","position":2,"name":"Eliminatoires Mondial 2026\u00a0: La FIFA rend hommage \u00e0 Belmadi et Slimani"}]},{"@type":"WebSite","@id":"https:\/\/lasentinelle.dz\/#website","url":"https:\/\/lasentinelle.dz\/","name":"La Sentinelle","description":"Quotidien national d&#039;information","publisher":{"@id":"https:\/\/lasentinelle.dz\/#organization"},"potentialAction":[{"@type":"SearchAction","target":{"@type":"EntryPoint","urlTemplate":"https:\/\/lasentinelle.dz\/?s={search_term_string}"},"query-input":{"@type":"PropertyValueSpecification","valueRequired":true,"valueName":"search_term_string"}}],"inLanguage":"fr-FR"},{"@type":"Organization","@id":"https:\/\/lasentinelle.dz\/#organization","name":"Quotidien La Sentinelle","url":"https:\/\/lasentinelle.dz\/","logo":{"@type":"ImageObject","inLanguage":"fr-FR","@id":"https:\/\/lasentinelle.dz\/#\/schema\/logo\/image\/","url":"https:\/\/lasentinelle.dz\/wp-content\/uploads\/2021\/09\/logo-sentinelleSLOGAN-1.png","contentUrl":"https:\/\/lasentinelle.dz\/wp-content\/uploads\/2021\/09\/logo-sentinelleSLOGAN-1.png","width":615,"height":142,"caption":"Quotidien La Sentinelle"},"image":{"@id":"https:\/\/lasentinelle.dz\/#\/schema\/logo\/image\/"},"sameAs":["https:\/\/www.facebook.com\/La-Sentinelle-104059864394773"]},{"@type":"Person","@id":"https:\/\/lasentinelle.dz\/#\/schema\/person\/d865044e22e70a75174ce8bcad3acfb3","name":"La Sentinelle","image":{"@type":"ImageObject","inLanguage":"fr-FR","@id":"https:\/\/secure.gravatar.com\/avatar\/57de8e5d4b15d43fb361a71fbb36338450fe67865b528a43dd10ef7c51a20392?s=96&d=mm&r=g","url":"https:\/\/secure.gravatar.com\/avatar\/57de8e5d4b15d43fb361a71fbb36338450fe67865b528a43dd10ef7c51a20392?s=96&d=mm&r=g","contentUrl":"https:\/\/secure.gravatar.com\/avatar\/57de8e5d4b15d43fb361a71fbb36338450fe67865b528a43dd10ef7c51a20392?s=96&d=mm&r=g","caption":"La Sentinelle"},"sameAs":["http:\/\/www.lasentinelle.dz"],"url":"https:\/\/lasentinelle.dz\/author\/redaction\/"}]}},"_links":{"self":[{"href":"https:\/\/lasentinelle.dz\/index.php\/wp-json\/wp\/v2\/posts\/47363","targetHints":{"allow":["GET"]}}],"collection":[{"href":"https:\/\/lasentinelle.dz\/index.php\/wp-json\/wp\/v2\/posts"}],"about":[{"href":"https:\/\/lasentinelle.dz\/index.php\/wp-json\/wp\/v2\/types\/post"}],"author":[{"embeddable":true,"href":"https:\/\/lasentinelle.dz\/index.php\/wp-json\/wp\/v2\/users\/3"}],"replies":[{"embeddable":true,"href":"https:\/\/lasentinelle.dz\/index.php\/wp-json\/wp\/v2\/comments?post=47363"}],"version-history":[{"count":1,"href":"https:\/\/lasentinelle.dz\/index.php\/wp-json\/wp\/v2\/posts\/47363\/revisions"}],"predecessor-version":[{"id":47365,"href":"https:\/\/lasentinelle.dz\/index.php\/wp-json\/wp\/v2\/posts\/47363\/revisions\/47365"}],"wp:featuredmedia":[{"embeddable":true,"href":"https:\/\/lasentinelle.dz\/index.php\/wp-json\/wp\/v2\/media\/47364"}],"wp:attachment":[{"href":"https:\/\/lasentinelle.dz\/index.php\/wp-json\/wp\/v2\/media?parent=47363"}],"wp:term":[{"taxonomy":"category","embeddable":true,"href":"https:\/\/lasentinelle.dz\/index.php\/wp-json\/wp\/v2\/categories?post=47363"},{"taxonomy":"post_tag","embeddable":true,"href":"https:\/\/lasentinelle.dz\/index.php\/wp-json\/wp\/v2\/tags?post=47363"}],"curies":[{"name":"wp","href":"https:\/\/api.w.org\/{rel}","templated":true}]}}