{"id":47366,"date":"2023-11-22T21:36:48","date_gmt":"2023-11-22T20:36:48","guid":{"rendered":"https:\/\/lasentinelle.dz\/?p=47366"},"modified":"2023-11-22T21:36:49","modified_gmt":"2023-11-22T20:36:49","slug":"annaba-un-nouveau-directeur-general-pour-le-chu-ibn-roched","status":"publish","type":"post","link":"https:\/\/lasentinelle.dz\/index.php\/2023\/11\/22\/annaba-un-nouveau-directeur-general-pour-le-chu-ibn-roched\/","title":{"rendered":"Annaba\u00a0: Un nouveau directeur g\u00e9n\u00e9ral pour le CHU Ibn Roched"},"content":{"rendered":"\n<p class=\"wp-block-paragraph\">Mohamed Amine Ahbeb a \u00e9t\u00e9 install\u00e9 hier dans ses fonctions de directeur g\u00e9n\u00e9ral (DG) du CHU Ibn Roched d\u2019Annaba, apprend-on aupr\u00e8s de la Direction de la sant\u00e9 publique (DSA) d\u2019Annaba. Selon la m\u00eame source, le nouveau dirigeant a \u00e9t\u00e9 install\u00e9 par le DSP de la wilaya d\u2019Annaba, Mohamed Nacer Daameche. Le nouveau patron du CHU Ibn Roched vient en remplacement \u00e0 l\u2019ex Directeur g\u00e9n\u00e9ral limog\u00e9 par l\u2019ancien ministre de la sant\u00e9 de la population et de la r\u00e9forme hospitali\u00e8re. On rappelle qu\u2019avant la nomination de Mohamed Amine Ahbeb, le centre hospitalo-universitaire \u00e9tait dirig\u00e9, pendant plus d&rsquo;une ann\u00e9e par le directeur des ressources humaines (DRH), en tant qu&rsquo; int\u00e9rimaire. Le nouveau responsable nomm\u00e9 \u00e0 la t\u00eate du plus grand et important l\u2019\u00e9tablissement hospitalier de la wilaya d\u2019Annaba a dirig\u00e9 d\u2019importantes infrastructures hospitali\u00e8res avant sa nomination \u00e0 Annaba. La population esp\u00e8re que ce renouveau entra\u00eenera une am\u00e9lioration de la prise en charge, notamment par la mise en fonction des appareils d\u2019\u00e9chographie, d\u2019Imagerie \u00e0 R\u00e9sonance Magn\u00e9tique (IRM) et surtout des scanners, d\u00e9clar\u00e9s souvent en panne selon les responsables de leur maintenance.<\/p>\n\n\n\n<p class=\"wp-block-paragraph\"><strong>S<\/strong><strong>. C<\/strong><strong>.<\/strong><\/p>\n","protected":false},"excerpt":{"rendered":"<p>Mohamed Amine Ahbeb a \u00e9t\u00e9 install\u00e9 hier dans ses fonctions de directeur g\u00e9n\u00e9ral (DG) du CHU Ibn Roched d\u2019Annaba, apprend-on<\/p>\n","protected":false},"author":3,"featured_media":13962,"comment_status":"open","ping_status":"closed","sticky":false,"template":"","format":"standard","meta":{"colormag_page_container_layout":"default_layout","colormag_page_sidebar_layout":"default_layout","om_disable_all_campaigns":false,"_monsterinsights_skip_tracking":false,"footnotes":"","_wpscppro_dont_share_socialmedia":false,"_wpscppro_custom_social_share_image":0,"_facebook_share_type":"","_twitter_share_type":"","_linkedin_share_type":"","_pinterest_share_type":"","_linkedin_share_type_page":"","_instagram_share_type":"","_medium_share_type":"","_threads_share_type":"","_google_business_share_type":"","_bluesky_share_type":"","_mastodon_share_type":"","_selected_social_profile":[],"_wpsp_enable_custom_social_template":false,"_wpsp_social_scheduling":{"enabled":false,"datetime":null,"platforms":[],"status":"template_only","dateOption":"today","timeOption":"now","customDays":"","customHours":"","customDate":"","customTime":"","schedulingType":"absolute"},"_wpsp_active_default_template":true},"categories":[31],"tags":[],"class_list":["post-47366","post","type-post","status-publish","format-standard","has-post-thumbnail","hentry","category-regions"],"aioseo_notices":[],"aioseo_head":"\n\t\t<!-- All in One SEO 5.0.0.1 - aioseo.com -->\n\t<meta name=\"description\" content=\"Mohamed Amine Ahbeb a \u00e9t\u00e9 install\u00e9 hier dans ses fonctions de directeur g\u00e9n\u00e9ral (DG) du CHU Ibn Roched d\u2019Annaba, apprend-on aupr\u00e8s de la Direction de la sant\u00e9 publique (DSA) d\u2019Annaba. Selon la m\u00eame source, le nouveau dirigeant a \u00e9t\u00e9 install\u00e9 par le DSP de la wilaya d\u2019Annaba, Mohamed Nacer Daameche. Le nouveau patron du CHU\" \/>\n\t<meta name=\"robots\" content=\"max-image-preview:large\" \/>\n\t<meta name=\"author\" content=\"La Sentinelle\"\/>\n\t<link rel=\"canonical\" href=\"https:\/\/lasentinelle.dz\/index.php\/2023\/11\/22\/annaba-un-nouveau-directeur-general-pour-le-chu-ibn-roched\/\" \/>\n\t<meta name=\"generator\" content=\"All in One SEO (AIOSEO) 5.0.0.1\" \/>\n\t\t<meta property=\"og:locale\" content=\"fr_FR\" \/>\n\t\t<meta property=\"og:site_name\" content=\"La Sentinelle - Quotidien national d&#039;information\" \/>\n\t\t<meta property=\"og:type\" content=\"article\" \/>\n\t\t<meta property=\"og:title\" content=\"Annaba : Un nouveau directeur g\u00e9n\u00e9ral pour le CHU Ibn Roched - La Sentinelle\" \/>\n\t\t<meta property=\"og:description\" content=\"Mohamed Amine Ahbeb a \u00e9t\u00e9 install\u00e9 hier dans ses fonctions de directeur g\u00e9n\u00e9ral (DG) du CHU Ibn Roched d\u2019Annaba, apprend-on aupr\u00e8s de la Direction de la sant\u00e9 publique (DSA) d\u2019Annaba. Selon la m\u00eame source, le nouveau dirigeant a \u00e9t\u00e9 install\u00e9 par le DSP de la wilaya d\u2019Annaba, Mohamed Nacer Daameche. Le nouveau patron du CHU\" \/>\n\t\t<meta property=\"og:url\" content=\"https:\/\/lasentinelle.dz\/index.php\/2023\/11\/22\/annaba-un-nouveau-directeur-general-pour-le-chu-ibn-roched\/\" \/>\n\t\t<meta property=\"og:image\" content=\"https:\/\/lasentinelle.dz\/wp-content\/uploads\/2021\/09\/cropped-la-sentinelle-earth-golden-anima-5.gif\" \/>\n\t\t<meta property=\"og:image:secure_url\" content=\"https:\/\/lasentinelle.dz\/wp-content\/uploads\/2021\/09\/cropped-la-sentinelle-earth-golden-anima-5.gif\" \/>\n\t\t<meta property=\"og:image:width\" content=\"450\" \/>\n\t\t<meta property=\"og:image:height\" content=\"213\" \/>\n\t\t<meta property=\"article:published_time\" content=\"2023-11-22T20:36:48+00:00\" \/>\n\t\t<meta property=\"article:modified_time\" content=\"2023-11-22T20:36:49+00:00\" \/>\n\t\t<meta property=\"article:publisher\" content=\"https:\/\/www.facebook.com\/azzedine.lasentinelle.1\" \/>\n\t\t<meta name=\"twitter:card\" content=\"summary_large_image\" \/>\n\t\t<meta name=\"twitter:title\" content=\"Annaba : Un nouveau directeur g\u00e9n\u00e9ral pour le CHU Ibn Roched - La Sentinelle\" \/>\n\t\t<meta name=\"twitter:description\" content=\"Mohamed Amine Ahbeb a \u00e9t\u00e9 install\u00e9 hier dans ses fonctions de directeur g\u00e9n\u00e9ral (DG) du CHU Ibn Roched d\u2019Annaba, apprend-on aupr\u00e8s de la Direction de la sant\u00e9 publique (DSA) d\u2019Annaba. Selon la m\u00eame source, le nouveau dirigeant a \u00e9t\u00e9 install\u00e9 par le DSP de la wilaya d\u2019Annaba, Mohamed Nacer Daameche. Le nouveau patron du CHU\" \/>\n\t\t<meta name=\"twitter:image\" content=\"https:\/\/lasentinelle.dz\/wp-content\/uploads\/2021\/09\/cropped-la-sentinelle-earth-golden-anima-5.gif\" \/>\n\t\t<script type=\"application\/ld+json\" class=\"aioseo-schema\">\n\t\t\t{\"@context\":\"https:\\\/\\\/schema.org\",\"@graph\":[{\"@type\":\"BlogPosting\",\"@id\":\"https:\\\/\\\/lasentinelle.dz\\\/index.php\\\/2023\\\/11\\\/22\\\/annaba-un-nouveau-directeur-general-pour-le-chu-ibn-roched\\\/#blogposting\",\"name\":\"Annaba : Un nouveau directeur g\\u00e9n\\u00e9ral pour le CHU Ibn Roched - La Sentinelle\",\"headline\":\"Annaba\\u00a0: Un nouveau directeur g\\u00e9n\\u00e9ral pour le CHU Ibn Roched\",\"author\":{\"@id\":\"https:\\\/\\\/lasentinelle.dz\\\/author\\\/redaction\\\/#author\"},\"publisher\":{\"@id\":\"https:\\\/\\\/lasentinelle.dz\\\/#organization\"},\"image\":{\"@type\":\"ImageObject\",\"url\":\"https:\\\/\\\/lasentinelle.dz\\\/wp-content\\\/uploads\\\/2021\\\/11\\\/CHU-annaba.gif\",\"width\":1000,\"height\":704},\"datePublished\":\"2023-11-22T21:36:48+01:00\",\"dateModified\":\"2023-11-22T21:36:49+01:00\",\"inLanguage\":\"fr-FR\",\"mainEntityOfPage\":{\"@id\":\"https:\\\/\\\/lasentinelle.dz\\\/index.php\\\/2023\\\/11\\\/22\\\/annaba-un-nouveau-directeur-general-pour-le-chu-ibn-roched\\\/#webpage\"},\"isPartOf\":{\"@id\":\"https:\\\/\\\/lasentinelle.dz\\\/index.php\\\/2023\\\/11\\\/22\\\/annaba-un-nouveau-directeur-general-pour-le-chu-ibn-roched\\\/#webpage\"},\"articleSection\":\"R\\u00e9gions\"},{\"@type\":\"BreadcrumbList\",\"@id\":\"https:\\\/\\\/lasentinelle.dz\\\/index.php\\\/2023\\\/11\\\/22\\\/annaba-un-nouveau-directeur-general-pour-le-chu-ibn-roched\\\/#breadcrumblist\",\"itemListElement\":[{\"@type\":\"ListItem\",\"@id\":\"https:\\\/\\\/lasentinelle.dz#listItem\",\"position\":1,\"name\":\"Home\",\"item\":\"https:\\\/\\\/lasentinelle.dz\",\"nextItem\":{\"@type\":\"ListItem\",\"@id\":\"https:\\\/\\\/lasentinelle.dz\\\/index.php\\\/category\\\/regions\\\/#listItem\",\"name\":\"R\\u00e9gions\"}},{\"@type\":\"ListItem\",\"@id\":\"https:\\\/\\\/lasentinelle.dz\\\/index.php\\\/category\\\/regions\\\/#listItem\",\"position\":2,\"name\":\"R\\u00e9gions\",\"item\":\"https:\\\/\\\/lasentinelle.dz\\\/index.php\\\/category\\\/regions\\\/\",\"nextItem\":{\"@type\":\"ListItem\",\"@id\":\"https:\\\/\\\/lasentinelle.dz\\\/index.php\\\/2023\\\/11\\\/22\\\/annaba-un-nouveau-directeur-general-pour-le-chu-ibn-roched\\\/#listItem\",\"name\":\"Annaba\\u00a0: Un nouveau directeur g\\u00e9n\\u00e9ral pour le CHU Ibn Roched\"},\"previousItem\":{\"@type\":\"ListItem\",\"@id\":\"https:\\\/\\\/lasentinelle.dz#listItem\",\"name\":\"Home\"}},{\"@type\":\"ListItem\",\"@id\":\"https:\\\/\\\/lasentinelle.dz\\\/index.php\\\/2023\\\/11\\\/22\\\/annaba-un-nouveau-directeur-general-pour-le-chu-ibn-roched\\\/#listItem\",\"position\":3,\"name\":\"Annaba\\u00a0: Un nouveau directeur g\\u00e9n\\u00e9ral pour le CHU Ibn Roched\",\"previousItem\":{\"@type\":\"ListItem\",\"@id\":\"https:\\\/\\\/lasentinelle.dz\\\/index.php\\\/category\\\/regions\\\/#listItem\",\"name\":\"R\\u00e9gions\"}}]},{\"@type\":\"Organization\",\"@id\":\"https:\\\/\\\/lasentinelle.dz\\\/#organization\",\"name\":\"La Sentinelle La Sentinelle\",\"description\":\"Quotidien national d'information\",\"url\":\"https:\\\/\\\/lasentinelle.dz\\\/\",\"logo\":{\"@type\":\"ImageObject\",\"url\":\"https:\\\/\\\/lasentinelle.dz\\\/wp-content\\\/uploads\\\/2021\\\/09\\\/cropped-la-sentinelle-earth-golden-anima-5.gif\",\"@id\":\"https:\\\/\\\/lasentinelle.dz\\\/index.php\\\/2023\\\/11\\\/22\\\/annaba-un-nouveau-directeur-general-pour-le-chu-ibn-roched\\\/#organizationLogo\",\"width\":450,\"height\":213},\"image\":{\"@id\":\"https:\\\/\\\/lasentinelle.dz\\\/index.php\\\/2023\\\/11\\\/22\\\/annaba-un-nouveau-directeur-general-pour-le-chu-ibn-roched\\\/#organizationLogo\"},\"sameAs\":[\"https:\\\/\\\/www.facebook.com\\\/azzedine.lasentinelle.1\"]},{\"@type\":\"Person\",\"@id\":\"https:\\\/\\\/lasentinelle.dz\\\/author\\\/redaction\\\/#author\",\"url\":\"https:\\\/\\\/lasentinelle.dz\\\/author\\\/redaction\\\/\",\"name\":\"La Sentinelle\",\"image\":{\"@type\":\"ImageObject\",\"@id\":\"https:\\\/\\\/lasentinelle.dz\\\/index.php\\\/2023\\\/11\\\/22\\\/annaba-un-nouveau-directeur-general-pour-le-chu-ibn-roched\\\/#authorImage\",\"url\":\"https:\\\/\\\/secure.gravatar.com\\\/avatar\\\/57de8e5d4b15d43fb361a71fbb36338450fe67865b528a43dd10ef7c51a20392?s=96&d=mm&r=g\",\"width\":96,\"height\":96,\"caption\":\"La Sentinelle\"}},{\"@type\":\"WebPage\",\"@id\":\"https:\\\/\\\/lasentinelle.dz\\\/index.php\\\/2023\\\/11\\\/22\\\/annaba-un-nouveau-directeur-general-pour-le-chu-ibn-roched\\\/#webpage\",\"url\":\"https:\\\/\\\/lasentinelle.dz\\\/index.php\\\/2023\\\/11\\\/22\\\/annaba-un-nouveau-directeur-general-pour-le-chu-ibn-roched\\\/\",\"name\":\"Annaba : Un nouveau directeur g\\u00e9n\\u00e9ral pour le CHU Ibn Roched - La Sentinelle\",\"description\":\"Mohamed Amine Ahbeb a \\u00e9t\\u00e9 install\\u00e9 hier dans ses fonctions de directeur g\\u00e9n\\u00e9ral (DG) du CHU Ibn Roched d\\u2019Annaba, apprend-on aupr\\u00e8s de la Direction de la sant\\u00e9 publique (DSA) d\\u2019Annaba. Selon la m\\u00eame source, le nouveau dirigeant a \\u00e9t\\u00e9 install\\u00e9 par le DSP de la wilaya d\\u2019Annaba, Mohamed Nacer Daameche. Le nouveau patron du CHU\",\"inLanguage\":\"fr-FR\",\"isPartOf\":{\"@id\":\"https:\\\/\\\/lasentinelle.dz\\\/#website\"},\"breadcrumb\":{\"@id\":\"https:\\\/\\\/lasentinelle.dz\\\/index.php\\\/2023\\\/11\\\/22\\\/annaba-un-nouveau-directeur-general-pour-le-chu-ibn-roched\\\/#breadcrumblist\"},\"author\":{\"@id\":\"https:\\\/\\\/lasentinelle.dz\\\/author\\\/redaction\\\/#author\"},\"creator\":{\"@id\":\"https:\\\/\\\/lasentinelle.dz\\\/author\\\/redaction\\\/#author\"},\"image\":{\"@type\":\"ImageObject\",\"url\":\"https:\\\/\\\/lasentinelle.dz\\\/wp-content\\\/uploads\\\/2021\\\/11\\\/CHU-annaba.gif\",\"@id\":\"https:\\\/\\\/lasentinelle.dz\\\/index.php\\\/2023\\\/11\\\/22\\\/annaba-un-nouveau-directeur-general-pour-le-chu-ibn-roched\\\/#mainImage\",\"width\":1000,\"height\":704},\"primaryImageOfPage\":{\"@id\":\"https:\\\/\\\/lasentinelle.dz\\\/index.php\\\/2023\\\/11\\\/22\\\/annaba-un-nouveau-directeur-general-pour-le-chu-ibn-roched\\\/#mainImage\"},\"datePublished\":\"2023-11-22T21:36:48+01:00\",\"dateModified\":\"2023-11-22T21:36:49+01:00\"},{\"@type\":\"WebSite\",\"@id\":\"https:\\\/\\\/lasentinelle.dz\\\/#website\",\"url\":\"https:\\\/\\\/lasentinelle.dz\\\/\",\"name\":\"La Sentinelle\",\"description\":\"Quotidien national d'information\",\"inLanguage\":\"fr-FR\",\"publisher\":{\"@id\":\"https:\\\/\\\/lasentinelle.dz\\\/#organization\"}}]}\n\t\t<\/script>\n\t\t<!-- All in One SEO -->\n\n","aioseo_head_json":{"title":"Annaba : Un nouveau directeur g\u00e9n\u00e9ral pour le CHU Ibn Roched - La Sentinelle","description":"Mohamed Amine Ahbeb a \u00e9t\u00e9 install\u00e9 hier dans ses fonctions de directeur g\u00e9n\u00e9ral (DG) du CHU Ibn Roched d\u2019Annaba, apprend-on aupr\u00e8s de la Direction de la sant\u00e9 publique (DSA) d\u2019Annaba. Selon la m\u00eame source, le nouveau dirigeant a \u00e9t\u00e9 install\u00e9 par le DSP de la wilaya d\u2019Annaba, Mohamed Nacer Daameche. Le nouveau patron du CHU","canonical_url":"https:\/\/lasentinelle.dz\/index.php\/2023\/11\/22\/annaba-un-nouveau-directeur-general-pour-le-chu-ibn-roched\/","robots":"max-image-preview:large","keywords":"","webmasterTools":{"miscellaneous":""},"schema":{"@context":"https:\/\/schema.org","@graph":[{"@type":"BlogPosting","@id":"https:\/\/lasentinelle.dz\/index.php\/2023\/11\/22\/annaba-un-nouveau-directeur-general-pour-le-chu-ibn-roched\/#blogposting","name":"Annaba : Un nouveau directeur g\u00e9n\u00e9ral pour le CHU Ibn Roched - La Sentinelle","headline":"Annaba\u00a0: Un nouveau directeur g\u00e9n\u00e9ral pour le CHU Ibn Roched","author":{"@id":"https:\/\/lasentinelle.dz\/author\/redaction\/#author"},"publisher":{"@id":"https:\/\/lasentinelle.dz\/#organization"},"image":{"@type":"ImageObject","url":"https:\/\/lasentinelle.dz\/wp-content\/uploads\/2021\/11\/CHU-annaba.gif","width":1000,"height":704},"datePublished":"2023-11-22T21:36:48+01:00","dateModified":"2023-11-22T21:36:49+01:00","inLanguage":"fr-FR","mainEntityOfPage":{"@id":"https:\/\/lasentinelle.dz\/index.php\/2023\/11\/22\/annaba-un-nouveau-directeur-general-pour-le-chu-ibn-roched\/#webpage"},"isPartOf":{"@id":"https:\/\/lasentinelle.dz\/index.php\/2023\/11\/22\/annaba-un-nouveau-directeur-general-pour-le-chu-ibn-roched\/#webpage"},"articleSection":"R\u00e9gions"},{"@type":"BreadcrumbList","@id":"https:\/\/lasentinelle.dz\/index.php\/2023\/11\/22\/annaba-un-nouveau-directeur-general-pour-le-chu-ibn-roched\/#breadcrumblist","itemListElement":[{"@type":"ListItem","@id":"https:\/\/lasentinelle.dz#listItem","position":1,"name":"Home","item":"https:\/\/lasentinelle.dz","nextItem":{"@type":"ListItem","@id":"https:\/\/lasentinelle.dz\/index.php\/category\/regions\/#listItem","name":"R\u00e9gions"}},{"@type":"ListItem","@id":"https:\/\/lasentinelle.dz\/index.php\/category\/regions\/#listItem","position":2,"name":"R\u00e9gions","item":"https:\/\/lasentinelle.dz\/index.php\/category\/regions\/","nextItem":{"@type":"ListItem","@id":"https:\/\/lasentinelle.dz\/index.php\/2023\/11\/22\/annaba-un-nouveau-directeur-general-pour-le-chu-ibn-roched\/#listItem","name":"Annaba\u00a0: Un nouveau directeur g\u00e9n\u00e9ral pour le CHU Ibn Roched"},"previousItem":{"@type":"ListItem","@id":"https:\/\/lasentinelle.dz#listItem","name":"Home"}},{"@type":"ListItem","@id":"https:\/\/lasentinelle.dz\/index.php\/2023\/11\/22\/annaba-un-nouveau-directeur-general-pour-le-chu-ibn-roched\/#listItem","position":3,"name":"Annaba\u00a0: Un nouveau directeur g\u00e9n\u00e9ral pour le CHU Ibn Roched","previousItem":{"@type":"ListItem","@id":"https:\/\/lasentinelle.dz\/index.php\/category\/regions\/#listItem","name":"R\u00e9gions"}}]},{"@type":"Organization","@id":"https:\/\/lasentinelle.dz\/#organization","name":"La Sentinelle La Sentinelle","description":"Quotidien national d'information","url":"https:\/\/lasentinelle.dz\/","logo":{"@type":"ImageObject","url":"https:\/\/lasentinelle.dz\/wp-content\/uploads\/2021\/09\/cropped-la-sentinelle-earth-golden-anima-5.gif","@id":"https:\/\/lasentinelle.dz\/index.php\/2023\/11\/22\/annaba-un-nouveau-directeur-general-pour-le-chu-ibn-roched\/#organizationLogo","width":450,"height":213},"image":{"@id":"https:\/\/lasentinelle.dz\/index.php\/2023\/11\/22\/annaba-un-nouveau-directeur-general-pour-le-chu-ibn-roched\/#organizationLogo"},"sameAs":["https:\/\/www.facebook.com\/azzedine.lasentinelle.1"]},{"@type":"Person","@id":"https:\/\/lasentinelle.dz\/author\/redaction\/#author","url":"https:\/\/lasentinelle.dz\/author\/redaction\/","name":"La Sentinelle","image":{"@type":"ImageObject","@id":"https:\/\/lasentinelle.dz\/index.php\/2023\/11\/22\/annaba-un-nouveau-directeur-general-pour-le-chu-ibn-roched\/#authorImage","url":"https:\/\/secure.gravatar.com\/avatar\/57de8e5d4b15d43fb361a71fbb36338450fe67865b528a43dd10ef7c51a20392?s=96&d=mm&r=g","width":96,"height":96,"caption":"La Sentinelle"}},{"@type":"WebPage","@id":"https:\/\/lasentinelle.dz\/index.php\/2023\/11\/22\/annaba-un-nouveau-directeur-general-pour-le-chu-ibn-roched\/#webpage","url":"https:\/\/lasentinelle.dz\/index.php\/2023\/11\/22\/annaba-un-nouveau-directeur-general-pour-le-chu-ibn-roched\/","name":"Annaba : Un nouveau directeur g\u00e9n\u00e9ral pour le CHU Ibn Roched - La Sentinelle","description":"Mohamed Amine Ahbeb a \u00e9t\u00e9 install\u00e9 hier dans ses fonctions de directeur g\u00e9n\u00e9ral (DG) du CHU Ibn Roched d\u2019Annaba, apprend-on aupr\u00e8s de la Direction de la sant\u00e9 publique (DSA) d\u2019Annaba. Selon la m\u00eame source, le nouveau dirigeant a \u00e9t\u00e9 install\u00e9 par le DSP de la wilaya d\u2019Annaba, Mohamed Nacer Daameche. Le nouveau patron du CHU","inLanguage":"fr-FR","isPartOf":{"@id":"https:\/\/lasentinelle.dz\/#website"},"breadcrumb":{"@id":"https:\/\/lasentinelle.dz\/index.php\/2023\/11\/22\/annaba-un-nouveau-directeur-general-pour-le-chu-ibn-roched\/#breadcrumblist"},"author":{"@id":"https:\/\/lasentinelle.dz\/author\/redaction\/#author"},"creator":{"@id":"https:\/\/lasentinelle.dz\/author\/redaction\/#author"},"image":{"@type":"ImageObject","url":"https:\/\/lasentinelle.dz\/wp-content\/uploads\/2021\/11\/CHU-annaba.gif","@id":"https:\/\/lasentinelle.dz\/index.php\/2023\/11\/22\/annaba-un-nouveau-directeur-general-pour-le-chu-ibn-roched\/#mainImage","width":1000,"height":704},"primaryImageOfPage":{"@id":"https:\/\/lasentinelle.dz\/index.php\/2023\/11\/22\/annaba-un-nouveau-directeur-general-pour-le-chu-ibn-roched\/#mainImage"},"datePublished":"2023-11-22T21:36:48+01:00","dateModified":"2023-11-22T21:36:49+01:00"},{"@type":"WebSite","@id":"https:\/\/lasentinelle.dz\/#website","url":"https:\/\/lasentinelle.dz\/","name":"La Sentinelle","description":"Quotidien national d'information","inLanguage":"fr-FR","publisher":{"@id":"https:\/\/lasentinelle.dz\/#organization"}}]},"og:locale":"fr_FR","og:site_name":"La Sentinelle - Quotidien national d'information","og:type":"article","og:title":"Annaba : Un nouveau directeur g\u00e9n\u00e9ral pour le CHU Ibn Roched - La Sentinelle","og:description":"Mohamed Amine Ahbeb a \u00e9t\u00e9 install\u00e9 hier dans ses fonctions de directeur g\u00e9n\u00e9ral (DG) du CHU Ibn Roched d\u2019Annaba, apprend-on aupr\u00e8s de la Direction de la sant\u00e9 publique (DSA) d\u2019Annaba. Selon la m\u00eame source, le nouveau dirigeant a \u00e9t\u00e9 install\u00e9 par le DSP de la wilaya d\u2019Annaba, Mohamed Nacer Daameche. Le nouveau patron du CHU","og:url":"https:\/\/lasentinelle.dz\/index.php\/2023\/11\/22\/annaba-un-nouveau-directeur-general-pour-le-chu-ibn-roched\/","og:image":"https:\/\/lasentinelle.dz\/wp-content\/uploads\/2021\/09\/cropped-la-sentinelle-earth-golden-anima-5.gif","og:image:secure_url":"https:\/\/lasentinelle.dz\/wp-content\/uploads\/2021\/09\/cropped-la-sentinelle-earth-golden-anima-5.gif","og:image:width":450,"og:image:height":213,"article:published_time":"2023-11-22T20:36:48+00:00","article:modified_time":"2023-11-22T20:36:49+00:00","article:publisher":"https:\/\/www.facebook.com\/azzedine.lasentinelle.1","twitter:card":"summary_large_image","twitter:title":"Annaba : Un nouveau directeur g\u00e9n\u00e9ral pour le CHU Ibn Roched - La Sentinelle","twitter:description":"Mohamed Amine Ahbeb a \u00e9t\u00e9 install\u00e9 hier dans ses fonctions de directeur g\u00e9n\u00e9ral (DG) du CHU Ibn Roched d\u2019Annaba, apprend-on aupr\u00e8s de la Direction de la sant\u00e9 publique (DSA) d\u2019Annaba. Selon la m\u00eame source, le nouveau dirigeant a \u00e9t\u00e9 install\u00e9 par le DSP de la wilaya d\u2019Annaba, Mohamed Nacer Daameche. Le nouveau patron du CHU","twitter:image":"https:\/\/lasentinelle.dz\/wp-content\/uploads\/2021\/09\/cropped-la-sentinelle-earth-golden-anima-5.gif"},"aioseo_meta_data":{"post_id":"47366","title":null,"description":null,"keywords":null,"keyphrases":null,"primary_term":null,"canonical_url":null,"og_title":null,"og_description":null,"og_object_type":"default","og_image_type":"default","og_image_url":null,"og_image_width":null,"og_image_height":null,"og_image_custom_url":null,"og_image_custom_fields":null,"og_video":null,"og_custom_url":null,"og_article_section":null,"og_article_tags":null,"twitter_use_og":false,"twitter_card":"default","twitter_image_type":"default","twitter_image_url":null,"twitter_image_custom_url":null,"twitter_image_custom_fields":null,"twitter_title":null,"twitter_description":null,"schema":{"blockGraphs":[],"customGraphs":[],"default":{"data":{"Article":[],"Course":[],"Dataset":[],"FAQPage":[],"Movie":[],"Person":[],"Product":[],"ProductReview":[],"Car":[],"Recipe":[],"Service":[],"SoftwareApplication":[],"WebPage":[]},"graphName":"","isEnabled":true},"graphs":[]},"schema_type":"default","schema_type_options":null,"pillar_content":false,"robots_default":true,"robots_noindex":false,"robots_noarchive":false,"robots_nosnippet":false,"robots_nofollow":false,"robots_noimageindex":false,"robots_noodp":false,"robots_notranslate":false,"robots_max_snippet":null,"robots_max_videopreview":null,"robots_max_imagepreview":"large","priority":null,"frequency":null,"local_seo":null,"breadcrumb_settings":null,"limit_modified_date":false,"ai":null,"created":"2026-05-07 22:02:58","updated":"2026-05-07 22:02:58","focus_keyword":null,"additional_keywords":null,"truseo_locale":null,"seo_analyzer_scan_date":null},"aioseo_breadcrumb":"<div class=\"aioseo-breadcrumbs\"><span class=\"aioseo-breadcrumb\">\n\t\t\t<a href=\"https:\/\/lasentinelle.dz\" title=\"Home\">Home<\/a>\n\t\t<\/span><span class=\"aioseo-breadcrumb-separator\">&raquo;<\/span><span class=\"aioseo-breadcrumb\">\n\t\t\t<a href=\"https:\/\/lasentinelle.dz\/index.php\/category\/regions\/\" title=\"R\u00e9gions\">R\u00e9gions<\/a>\n\t\t<\/span><span class=\"aioseo-breadcrumb-separator\">&raquo;<\/span><span class=\"aioseo-breadcrumb\">\n\t\t\tAnnaba : Un nouveau directeur g\u00e9n\u00e9ral pour le CHU Ibn Roched\n\t\t<\/span><\/div>","aioseo_breadcrumb_json":[{"label":"Home","link":"https:\/\/lasentinelle.dz"},{"label":"R\u00e9gions","link":"https:\/\/lasentinelle.dz\/index.php\/category\/regions\/"},{"label":"Annaba\u00a0: Un nouveau directeur g\u00e9n\u00e9ral pour le CHU Ibn Roched","link":"https:\/\/lasentinelle.dz\/index.php\/2023\/11\/22\/annaba-un-nouveau-directeur-general-pour-le-chu-ibn-roched\/"}],"yoast_head":"<!-- This site is optimized with the Yoast SEO plugin v28.3 - https:\/\/yoast.com\/product\/yoast-seo-wordpress\/ -->\n<title>Annaba\u00a0: Un nouveau directeur g\u00e9n\u00e9ral pour le CHU Ibn Roched - La Sentinelle<\/title>\n<meta name=\"robots\" content=\"index, follow, max-snippet:-1, max-image-preview:large, max-video-preview:-1\" \/>\n<link rel=\"canonical\" href=\"https:\/\/lasentinelle.dz\/index.php\/2023\/11\/22\/annaba-un-nouveau-directeur-general-pour-le-chu-ibn-roched\/\" \/>\n<meta property=\"og:locale\" content=\"fr_FR\" \/>\n<meta property=\"og:type\" content=\"article\" \/>\n<meta property=\"og:title\" content=\"Annaba\u00a0: Un nouveau directeur g\u00e9n\u00e9ral pour le CHU Ibn Roched - La Sentinelle\" \/>\n<meta property=\"og:description\" content=\"Mohamed Amine Ahbeb a \u00e9t\u00e9 install\u00e9 hier dans ses fonctions de directeur g\u00e9n\u00e9ral (DG) du CHU Ibn Roched d\u2019Annaba, apprend-on\" \/>\n<meta property=\"og:url\" content=\"https:\/\/lasentinelle.dz\/index.php\/2023\/11\/22\/annaba-un-nouveau-directeur-general-pour-le-chu-ibn-roched\/\" \/>\n<meta property=\"og:site_name\" content=\"La Sentinelle\" \/>\n<meta property=\"article:publisher\" content=\"https:\/\/www.facebook.com\/La-Sentinelle-104059864394773\" \/>\n<meta property=\"article:published_time\" content=\"2023-11-22T20:36:48+00:00\" \/>\n<meta property=\"article:modified_time\" content=\"2023-11-22T20:36:49+00:00\" \/>\n<meta property=\"og:image\" content=\"https:\/\/lasentinelle.dz\/wp-content\/uploads\/2021\/11\/CHU-annaba.gif\" \/>\n\t<meta property=\"og:image:width\" content=\"1000\" \/>\n\t<meta property=\"og:image:height\" content=\"704\" \/>\n\t<meta property=\"og:image:type\" content=\"image\/gif\" \/>\n<meta name=\"author\" content=\"La Sentinelle\" \/>\n<meta name=\"twitter:card\" content=\"summary_large_image\" \/>\n<meta name=\"twitter:label1\" content=\"\u00c9crit par\" \/>\n\t<meta name=\"twitter:data1\" content=\"La Sentinelle\" \/>\n\t<meta name=\"twitter:label2\" content=\"Dur\u00e9e de lecture estim\u00e9e\" \/>\n\t<meta name=\"twitter:data2\" content=\"1 minute\" \/>\n<script type=\"application\/ld+json\" class=\"yoast-schema-graph\">{\"@context\":\"https:\\\/\\\/schema.org\",\"@graph\":[{\"@type\":\"Article\",\"@id\":\"https:\\\/\\\/lasentinelle.dz\\\/index.php\\\/2023\\\/11\\\/22\\\/annaba-un-nouveau-directeur-general-pour-le-chu-ibn-roched\\\/#article\",\"isPartOf\":{\"@id\":\"https:\\\/\\\/lasentinelle.dz\\\/index.php\\\/2023\\\/11\\\/22\\\/annaba-un-nouveau-directeur-general-pour-le-chu-ibn-roched\\\/\"},\"author\":{\"name\":\"La Sentinelle\",\"@id\":\"https:\\\/\\\/lasentinelle.dz\\\/#\\\/schema\\\/person\\\/d865044e22e70a75174ce8bcad3acfb3\"},\"headline\":\"Annaba\u00a0: Un nouveau directeur g\u00e9n\u00e9ral pour le CHU Ibn Roched\",\"datePublished\":\"2023-11-22T20:36:48+00:00\",\"dateModified\":\"2023-11-22T20:36:49+00:00\",\"mainEntityOfPage\":{\"@id\":\"https:\\\/\\\/lasentinelle.dz\\\/index.php\\\/2023\\\/11\\\/22\\\/annaba-un-nouveau-directeur-general-pour-le-chu-ibn-roched\\\/\"},\"wordCount\":219,\"commentCount\":0,\"publisher\":{\"@id\":\"https:\\\/\\\/lasentinelle.dz\\\/#organization\"},\"image\":{\"@id\":\"https:\\\/\\\/lasentinelle.dz\\\/index.php\\\/2023\\\/11\\\/22\\\/annaba-un-nouveau-directeur-general-pour-le-chu-ibn-roched\\\/#primaryimage\"},\"thumbnailUrl\":\"https:\\\/\\\/lasentinelle.dz\\\/wp-content\\\/uploads\\\/2021\\\/11\\\/CHU-annaba.gif\",\"articleSection\":[\"R\u00e9gions\"],\"inLanguage\":\"fr-FR\",\"potentialAction\":[{\"@type\":\"CommentAction\",\"name\":\"Comment\",\"target\":[\"https:\\\/\\\/lasentinelle.dz\\\/index.php\\\/2023\\\/11\\\/22\\\/annaba-un-nouveau-directeur-general-pour-le-chu-ibn-roched\\\/#respond\"]}]},{\"@type\":\"WebPage\",\"@id\":\"https:\\\/\\\/lasentinelle.dz\\\/index.php\\\/2023\\\/11\\\/22\\\/annaba-un-nouveau-directeur-general-pour-le-chu-ibn-roched\\\/\",\"url\":\"https:\\\/\\\/lasentinelle.dz\\\/index.php\\\/2023\\\/11\\\/22\\\/annaba-un-nouveau-directeur-general-pour-le-chu-ibn-roched\\\/\",\"name\":\"Annaba\u00a0: Un nouveau directeur g\u00e9n\u00e9ral pour le CHU Ibn Roched - La Sentinelle\",\"isPartOf\":{\"@id\":\"https:\\\/\\\/lasentinelle.dz\\\/#website\"},\"primaryImageOfPage\":{\"@id\":\"https:\\\/\\\/lasentinelle.dz\\\/index.php\\\/2023\\\/11\\\/22\\\/annaba-un-nouveau-directeur-general-pour-le-chu-ibn-roched\\\/#primaryimage\"},\"image\":{\"@id\":\"https:\\\/\\\/lasentinelle.dz\\\/index.php\\\/2023\\\/11\\\/22\\\/annaba-un-nouveau-directeur-general-pour-le-chu-ibn-roched\\\/#primaryimage\"},\"thumbnailUrl\":\"https:\\\/\\\/lasentinelle.dz\\\/wp-content\\\/uploads\\\/2021\\\/11\\\/CHU-annaba.gif\",\"datePublished\":\"2023-11-22T20:36:48+00:00\",\"dateModified\":\"2023-11-22T20:36:49+00:00\",\"breadcrumb\":{\"@id\":\"https:\\\/\\\/lasentinelle.dz\\\/index.php\\\/2023\\\/11\\\/22\\\/annaba-un-nouveau-directeur-general-pour-le-chu-ibn-roched\\\/#breadcrumb\"},\"inLanguage\":\"fr-FR\",\"potentialAction\":[{\"@type\":\"ReadAction\",\"target\":[\"https:\\\/\\\/lasentinelle.dz\\\/index.php\\\/2023\\\/11\\\/22\\\/annaba-un-nouveau-directeur-general-pour-le-chu-ibn-roched\\\/\"]}]},{\"@type\":\"ImageObject\",\"inLanguage\":\"fr-FR\",\"@id\":\"https:\\\/\\\/lasentinelle.dz\\\/index.php\\\/2023\\\/11\\\/22\\\/annaba-un-nouveau-directeur-general-pour-le-chu-ibn-roched\\\/#primaryimage\",\"url\":\"https:\\\/\\\/lasentinelle.dz\\\/wp-content\\\/uploads\\\/2021\\\/11\\\/CHU-annaba.gif\",\"contentUrl\":\"https:\\\/\\\/lasentinelle.dz\\\/wp-content\\\/uploads\\\/2021\\\/11\\\/CHU-annaba.gif\",\"width\":1000,\"height\":704},{\"@type\":\"BreadcrumbList\",\"@id\":\"https:\\\/\\\/lasentinelle.dz\\\/index.php\\\/2023\\\/11\\\/22\\\/annaba-un-nouveau-directeur-general-pour-le-chu-ibn-roched\\\/#breadcrumb\",\"itemListElement\":[{\"@type\":\"ListItem\",\"position\":1,\"name\":\"Accueil\",\"item\":\"https:\\\/\\\/lasentinelle.dz\\\/\"},{\"@type\":\"ListItem\",\"position\":2,\"name\":\"Annaba\u00a0: Un nouveau directeur g\u00e9n\u00e9ral pour le CHU Ibn Roched\"}]},{\"@type\":\"WebSite\",\"@id\":\"https:\\\/\\\/lasentinelle.dz\\\/#website\",\"url\":\"https:\\\/\\\/lasentinelle.dz\\\/\",\"name\":\"La Sentinelle\",\"description\":\"Quotidien national d&#039;information\",\"publisher\":{\"@id\":\"https:\\\/\\\/lasentinelle.dz\\\/#organization\"},\"potentialAction\":[{\"@type\":\"SearchAction\",\"target\":{\"@type\":\"EntryPoint\",\"urlTemplate\":\"https:\\\/\\\/lasentinelle.dz\\\/?s={search_term_string}\"},\"query-input\":{\"@type\":\"PropertyValueSpecification\",\"valueRequired\":true,\"valueName\":\"search_term_string\"}}],\"inLanguage\":\"fr-FR\"},{\"@type\":\"Organization\",\"@id\":\"https:\\\/\\\/lasentinelle.dz\\\/#organization\",\"name\":\"Quotidien La Sentinelle\",\"url\":\"https:\\\/\\\/lasentinelle.dz\\\/\",\"logo\":{\"@type\":\"ImageObject\",\"inLanguage\":\"fr-FR\",\"@id\":\"https:\\\/\\\/lasentinelle.dz\\\/#\\\/schema\\\/logo\\\/image\\\/\",\"url\":\"https:\\\/\\\/lasentinelle.dz\\\/wp-content\\\/uploads\\\/2021\\\/09\\\/logo-sentinelleSLOGAN-1.png\",\"contentUrl\":\"https:\\\/\\\/lasentinelle.dz\\\/wp-content\\\/uploads\\\/2021\\\/09\\\/logo-sentinelleSLOGAN-1.png\",\"width\":615,\"height\":142,\"caption\":\"Quotidien La Sentinelle\"},\"image\":{\"@id\":\"https:\\\/\\\/lasentinelle.dz\\\/#\\\/schema\\\/logo\\\/image\\\/\"},\"sameAs\":[\"https:\\\/\\\/www.facebook.com\\\/La-Sentinelle-104059864394773\"]},{\"@type\":\"Person\",\"@id\":\"https:\\\/\\\/lasentinelle.dz\\\/#\\\/schema\\\/person\\\/d865044e22e70a75174ce8bcad3acfb3\",\"name\":\"La Sentinelle\",\"image\":{\"@type\":\"ImageObject\",\"inLanguage\":\"fr-FR\",\"@id\":\"https:\\\/\\\/secure.gravatar.com\\\/avatar\\\/57de8e5d4b15d43fb361a71fbb36338450fe67865b528a43dd10ef7c51a20392?s=96&d=mm&r=g\",\"url\":\"https:\\\/\\\/secure.gravatar.com\\\/avatar\\\/57de8e5d4b15d43fb361a71fbb36338450fe67865b528a43dd10ef7c51a20392?s=96&d=mm&r=g\",\"contentUrl\":\"https:\\\/\\\/secure.gravatar.com\\\/avatar\\\/57de8e5d4b15d43fb361a71fbb36338450fe67865b528a43dd10ef7c51a20392?s=96&d=mm&r=g\",\"caption\":\"La Sentinelle\"},\"sameAs\":[\"http:\\\/\\\/www.lasentinelle.dz\"],\"url\":\"https:\\\/\\\/lasentinelle.dz\\\/author\\\/redaction\\\/\"}]}<\/script>\n<!-- \/ Yoast SEO plugin. -->","yoast_head_json":{"title":"Annaba\u00a0: Un nouveau directeur g\u00e9n\u00e9ral pour le CHU Ibn Roched - La Sentinelle","robots":{"index":"index","follow":"follow","max-snippet":"max-snippet:-1","max-image-preview":"max-image-preview:large","max-video-preview":"max-video-preview:-1"},"canonical":"https:\/\/lasentinelle.dz\/index.php\/2023\/11\/22\/annaba-un-nouveau-directeur-general-pour-le-chu-ibn-roched\/","og_locale":"fr_FR","og_type":"article","og_title":"Annaba\u00a0: Un nouveau directeur g\u00e9n\u00e9ral pour le CHU Ibn Roched - La Sentinelle","og_description":"Mohamed Amine Ahbeb a \u00e9t\u00e9 install\u00e9 hier dans ses fonctions de directeur g\u00e9n\u00e9ral (DG) du CHU Ibn Roched d\u2019Annaba, apprend-on","og_url":"https:\/\/lasentinelle.dz\/index.php\/2023\/11\/22\/annaba-un-nouveau-directeur-general-pour-le-chu-ibn-roched\/","og_site_name":"La Sentinelle","article_publisher":"https:\/\/www.facebook.com\/La-Sentinelle-104059864394773","article_published_time":"2023-11-22T20:36:48+00:00","article_modified_time":"2023-11-22T20:36:49+00:00","og_image":[{"width":1000,"height":704,"url":"https:\/\/lasentinelle.dz\/wp-content\/uploads\/2021\/11\/CHU-annaba.gif","type":"image\/gif"}],"author":"La Sentinelle","twitter_card":"summary_large_image","twitter_misc":{"\u00c9crit par":"La Sentinelle","Dur\u00e9e de lecture estim\u00e9e":"1 minute"},"schema":{"@context":"https:\/\/schema.org","@graph":[{"@type":"Article","@id":"https:\/\/lasentinelle.dz\/index.php\/2023\/11\/22\/annaba-un-nouveau-directeur-general-pour-le-chu-ibn-roched\/#article","isPartOf":{"@id":"https:\/\/lasentinelle.dz\/index.php\/2023\/11\/22\/annaba-un-nouveau-directeur-general-pour-le-chu-ibn-roched\/"},"author":{"name":"La Sentinelle","@id":"https:\/\/lasentinelle.dz\/#\/schema\/person\/d865044e22e70a75174ce8bcad3acfb3"},"headline":"Annaba\u00a0: Un nouveau directeur g\u00e9n\u00e9ral pour le CHU Ibn Roched","datePublished":"2023-11-22T20:36:48+00:00","dateModified":"2023-11-22T20:36:49+00:00","mainEntityOfPage":{"@id":"https:\/\/lasentinelle.dz\/index.php\/2023\/11\/22\/annaba-un-nouveau-directeur-general-pour-le-chu-ibn-roched\/"},"wordCount":219,"commentCount":0,"publisher":{"@id":"https:\/\/lasentinelle.dz\/#organization"},"image":{"@id":"https:\/\/lasentinelle.dz\/index.php\/2023\/11\/22\/annaba-un-nouveau-directeur-general-pour-le-chu-ibn-roched\/#primaryimage"},"thumbnailUrl":"https:\/\/lasentinelle.dz\/wp-content\/uploads\/2021\/11\/CHU-annaba.gif","articleSection":["R\u00e9gions"],"inLanguage":"fr-FR","potentialAction":[{"@type":"CommentAction","name":"Comment","target":["https:\/\/lasentinelle.dz\/index.php\/2023\/11\/22\/annaba-un-nouveau-directeur-general-pour-le-chu-ibn-roched\/#respond"]}]},{"@type":"WebPage","@id":"https:\/\/lasentinelle.dz\/index.php\/2023\/11\/22\/annaba-un-nouveau-directeur-general-pour-le-chu-ibn-roched\/","url":"https:\/\/lasentinelle.dz\/index.php\/2023\/11\/22\/annaba-un-nouveau-directeur-general-pour-le-chu-ibn-roched\/","name":"Annaba\u00a0: Un nouveau directeur g\u00e9n\u00e9ral pour le CHU Ibn Roched - La Sentinelle","isPartOf":{"@id":"https:\/\/lasentinelle.dz\/#website"},"primaryImageOfPage":{"@id":"https:\/\/lasentinelle.dz\/index.php\/2023\/11\/22\/annaba-un-nouveau-directeur-general-pour-le-chu-ibn-roched\/#primaryimage"},"image":{"@id":"https:\/\/lasentinelle.dz\/index.php\/2023\/11\/22\/annaba-un-nouveau-directeur-general-pour-le-chu-ibn-roched\/#primaryimage"},"thumbnailUrl":"https:\/\/lasentinelle.dz\/wp-content\/uploads\/2021\/11\/CHU-annaba.gif","datePublished":"2023-11-22T20:36:48+00:00","dateModified":"2023-11-22T20:36:49+00:00","breadcrumb":{"@id":"https:\/\/lasentinelle.dz\/index.php\/2023\/11\/22\/annaba-un-nouveau-directeur-general-pour-le-chu-ibn-roched\/#breadcrumb"},"inLanguage":"fr-FR","potentialAction":[{"@type":"ReadAction","target":["https:\/\/lasentinelle.dz\/index.php\/2023\/11\/22\/annaba-un-nouveau-directeur-general-pour-le-chu-ibn-roched\/"]}]},{"@type":"ImageObject","inLanguage":"fr-FR","@id":"https:\/\/lasentinelle.dz\/index.php\/2023\/11\/22\/annaba-un-nouveau-directeur-general-pour-le-chu-ibn-roched\/#primaryimage","url":"https:\/\/lasentinelle.dz\/wp-content\/uploads\/2021\/11\/CHU-annaba.gif","contentUrl":"https:\/\/lasentinelle.dz\/wp-content\/uploads\/2021\/11\/CHU-annaba.gif","width":1000,"height":704},{"@type":"BreadcrumbList","@id":"https:\/\/lasentinelle.dz\/index.php\/2023\/11\/22\/annaba-un-nouveau-directeur-general-pour-le-chu-ibn-roched\/#breadcrumb","itemListElement":[{"@type":"ListItem","position":1,"name":"Accueil","item":"https:\/\/lasentinelle.dz\/"},{"@type":"ListItem","position":2,"name":"Annaba\u00a0: Un nouveau directeur g\u00e9n\u00e9ral pour le CHU Ibn Roched"}]},{"@type":"WebSite","@id":"https:\/\/lasentinelle.dz\/#website","url":"https:\/\/lasentinelle.dz\/","name":"La Sentinelle","description":"Quotidien national d&#039;information","publisher":{"@id":"https:\/\/lasentinelle.dz\/#organization"},"potentialAction":[{"@type":"SearchAction","target":{"@type":"EntryPoint","urlTemplate":"https:\/\/lasentinelle.dz\/?s={search_term_string}"},"query-input":{"@type":"PropertyValueSpecification","valueRequired":true,"valueName":"search_term_string"}}],"inLanguage":"fr-FR"},{"@type":"Organization","@id":"https:\/\/lasentinelle.dz\/#organization","name":"Quotidien La Sentinelle","url":"https:\/\/lasentinelle.dz\/","logo":{"@type":"ImageObject","inLanguage":"fr-FR","@id":"https:\/\/lasentinelle.dz\/#\/schema\/logo\/image\/","url":"https:\/\/lasentinelle.dz\/wp-content\/uploads\/2021\/09\/logo-sentinelleSLOGAN-1.png","contentUrl":"https:\/\/lasentinelle.dz\/wp-content\/uploads\/2021\/09\/logo-sentinelleSLOGAN-1.png","width":615,"height":142,"caption":"Quotidien La Sentinelle"},"image":{"@id":"https:\/\/lasentinelle.dz\/#\/schema\/logo\/image\/"},"sameAs":["https:\/\/www.facebook.com\/La-Sentinelle-104059864394773"]},{"@type":"Person","@id":"https:\/\/lasentinelle.dz\/#\/schema\/person\/d865044e22e70a75174ce8bcad3acfb3","name":"La Sentinelle","image":{"@type":"ImageObject","inLanguage":"fr-FR","@id":"https:\/\/secure.gravatar.com\/avatar\/57de8e5d4b15d43fb361a71fbb36338450fe67865b528a43dd10ef7c51a20392?s=96&d=mm&r=g","url":"https:\/\/secure.gravatar.com\/avatar\/57de8e5d4b15d43fb361a71fbb36338450fe67865b528a43dd10ef7c51a20392?s=96&d=mm&r=g","contentUrl":"https:\/\/secure.gravatar.com\/avatar\/57de8e5d4b15d43fb361a71fbb36338450fe67865b528a43dd10ef7c51a20392?s=96&d=mm&r=g","caption":"La Sentinelle"},"sameAs":["http:\/\/www.lasentinelle.dz"],"url":"https:\/\/lasentinelle.dz\/author\/redaction\/"}]}},"_links":{"self":[{"href":"https:\/\/lasentinelle.dz\/index.php\/wp-json\/wp\/v2\/posts\/47366","targetHints":{"allow":["GET"]}}],"collection":[{"href":"https:\/\/lasentinelle.dz\/index.php\/wp-json\/wp\/v2\/posts"}],"about":[{"href":"https:\/\/lasentinelle.dz\/index.php\/wp-json\/wp\/v2\/types\/post"}],"author":[{"embeddable":true,"href":"https:\/\/lasentinelle.dz\/index.php\/wp-json\/wp\/v2\/users\/3"}],"replies":[{"embeddable":true,"href":"https:\/\/lasentinelle.dz\/index.php\/wp-json\/wp\/v2\/comments?post=47366"}],"version-history":[{"count":1,"href":"https:\/\/lasentinelle.dz\/index.php\/wp-json\/wp\/v2\/posts\/47366\/revisions"}],"predecessor-version":[{"id":47367,"href":"https:\/\/lasentinelle.dz\/index.php\/wp-json\/wp\/v2\/posts\/47366\/revisions\/47367"}],"wp:featuredmedia":[{"embeddable":true,"href":"https:\/\/lasentinelle.dz\/index.php\/wp-json\/wp\/v2\/media\/13962"}],"wp:attachment":[{"href":"https:\/\/lasentinelle.dz\/index.php\/wp-json\/wp\/v2\/media?parent=47366"}],"wp:term":[{"taxonomy":"category","embeddable":true,"href":"https:\/\/lasentinelle.dz\/index.php\/wp-json\/wp\/v2\/categories?post=47366"},{"taxonomy":"post_tag","embeddable":true,"href":"https:\/\/lasentinelle.dz\/index.php\/wp-json\/wp\/v2\/tags?post=47366"}],"curies":[{"name":"wp","href":"https:\/\/api.w.org\/{rel}","templated":true}]}}