{"id":47411,"date":"2023-11-26T10:27:00","date_gmt":"2023-11-26T09:27:00","guid":{"rendered":"https:\/\/lasentinelle.dz\/?p=47411"},"modified":"2023-11-26T13:28:36","modified_gmt":"2023-11-26T12:28:36","slug":"opep-un-compromis-proche-avec-les-producteurs-africains","status":"publish","type":"post","link":"https:\/\/lasentinelle.dz\/index.php\/2023\/11\/26\/opep-un-compromis-proche-avec-les-producteurs-africains\/","title":{"rendered":"Opep+\u00a0: Un \u00ab\u00a0compromis proche\u00a0\u00bb avec les producteurs africains"},"content":{"rendered":"\n<p>Certains producteurs africains de l\u2019Opep aspirent \u00e0 des quotas de production plus \u00e9lev\u00e9s en 2024.<\/p>\n\n\n\n<p>Pr\u00e9vue initialement aujourd\u2019hui la r\u00e9union minist\u00e9rielle de l\u2019Opep+ a finalement \u00e9t\u00e9 report\u00e9e \u00e0 jeudi prochain. Une r\u00e9union qui se tiendra virtuellement. &nbsp;\u00c0 l\u2019origine du report, on \u00e9voque un diff\u00e9rend concernant les quotas de production pour 2024 avec certains producteurs africains, le Nig\u00e9ria et l\u2019Angola notamment. Des n\u00e9gociations en coulisses ont \u00e9t\u00e9 engag\u00e9es en coulisses et un compromis serait sur le point d\u2019\u00eatre trouv\u00e9. C\u2019est du moins ce qu\u2019annonce l\u2019agence de presse britannique Reuters, laquelle cite des sources proches de l\u2019alliance. Selon Reuters l&rsquo;une de ces sources a d\u00e9clar\u00e9, sous couvert d&rsquo;anonymat, &nbsp;qu&rsquo;elle \u00e9tait certaines \u00ab\u00a0\u00e0 99% \u00a0\u00bb que l&rsquo;OPEC+ pourrait parvenir \u00e0 un accord le 30 novembre. Une deuxi\u00e8me source a d\u00e9clar\u00e9 qu&rsquo;un \u00ab\u00a0compromis a \u00e9t\u00e9 atteinte\u00a0\u00bb concernant la question des producteurs africains. Deux autres sources ont affirm\u00e9 qu&rsquo;un accord \u00e9tait proche, ajoute l\u2019agence.<\/p>\n\n\n\n<p>Il est utile de rappeler dans ce contexte qu\u2019un accord pr\u00e9liminaire avait \u00e9t\u00e9 trouv\u00e9 lors de la r\u00e9union du mois de juin dernier pour les quotas de 2024, et qui pr\u00e9voit une hausse du quota des \u00c9mirats arabes unis et une baisse de ceux de certains producteurs africains dont la production n\u2019atteint pas les quotas fix\u00e9s. Et alors que l\u2019alliance cherche non seulement \u00e0 prolonger l\u2019accords sur la baisse de l\u2019offre de p\u00e9trole en 2024 et pourrait \u00e9galement opter pour de nouvelles coupes pour r\u00e9\u00e9quilibrer le march\u00e9 et redresser les cours, des divergences apparaissent notamment en ce qui concerne certains producteurs africains. L&rsquo;Angola et le Nigeria visaient une allocation de production de p\u00e9trole plus \u00e9lev\u00e9e, ont ainsi indiqu\u00e9 des responsables de l\u2019Opep+ \u00e0 Reuters jeudi. L\u2019agence rappelle dans ce sens que le Nigeria et l&rsquo;Angola faisaient partie de plusieurs pays auxquels des objectifs inf\u00e9rieurs avaient \u00e9t\u00e9 fix\u00e9s lors de la derni\u00e8re r\u00e9union d&rsquo;OPEC+ en juin, apr\u00e8s des l\u2019\u00e9chec \u00e0 atteindre les objectifs pr\u00eat les quotas fix\u00e9s. En octobre, selon des \u00e9valuations de sources ind\u00e9pendantes cit\u00e9es par l&rsquo;OPEP, l&rsquo;Angola pompait moins que sa quota. Idem pour le Nigeria. Notons que le report de la r\u00e9union de l\u2019Opep+ a provoqu\u00e9 un d\u00e9clin des cours sur les march\u00e9s. Vendredi les cours du baril de Brent de la mer du Nord pour livraison en janvier a clos la semaine de cotation avec un d\u00e9clin 1,03%, pour cl\u00f4turer \u00e0 80,58 dollars. Son \u00e9quivalent am\u00e9ricain, le West Texas Intermediate (WTI) de m\u00eame \u00e9ch\u00e9ance, a c\u00e9d\u00e9 2,02%, \u00e0 75,54 dollars.<\/p>\n\n\n\n<p>Sabrina Aziouez<\/p>\n","protected":false},"excerpt":{"rendered":"<p>Certains producteurs africains de l\u2019Opep aspirent \u00e0 des quotas de production plus \u00e9lev\u00e9s en 2024. Pr\u00e9vue initialement aujourd\u2019hui la r\u00e9union<\/p>\n","protected":false},"author":3,"featured_media":38971,"comment_status":"open","ping_status":"closed","sticky":false,"template":"","format":"standard","meta":{"colormag_page_container_layout":"default_layout","colormag_page_sidebar_layout":"default_layout","om_disable_all_campaigns":false,"_monsterinsights_skip_tracking":false,"_monsterinsights_sitenote_active":false,"_monsterinsights_sitenote_note":"","_monsterinsights_sitenote_category":0,"footnotes":"","_wpscppro_dont_share_socialmedia":false,"_wpscppro_custom_social_share_image":0,"_facebook_share_type":"","_twitter_share_type":"","_linkedin_share_type":"","_pinterest_share_type":"","_linkedin_share_type_page":"","_instagram_share_type":"","_medium_share_type":"","_threads_share_type":"","_google_business_share_type":"","_selected_social_profile":[],"_wpsp_enable_custom_social_template":false,"_wpsp_social_scheduling":{"enabled":false,"datetime":null,"platforms":[],"status":"template_only","dateOption":"today","timeOption":"now","customDays":"","customHours":"","customDate":"","customTime":"","schedulingType":"absolute"},"_wpsp_active_default_template":true},"categories":[52,29],"tags":[],"class_list":["post-47411","post","type-post","status-publish","format-standard","has-post-thumbnail","hentry","category-a-la-une","category-economie"],"aioseo_notices":[],"yoast_head":"<!-- This site is optimized with the Yoast SEO plugin v27.5 - https:\/\/yoast.com\/product\/yoast-seo-wordpress\/ -->\n<title>Opep+\u00a0: Un \u00ab\u00a0compromis proche\u00a0\u00bb avec les producteurs africains - La Sentinelle<\/title>\n<meta name=\"robots\" content=\"index, follow, max-snippet:-1, max-image-preview:large, max-video-preview:-1\" \/>\n<link rel=\"canonical\" href=\"https:\/\/lasentinelle.dz\/index.php\/2023\/11\/26\/opep-un-compromis-proche-avec-les-producteurs-africains\/\" \/>\n<meta property=\"og:locale\" content=\"fr_FR\" \/>\n<meta property=\"og:type\" content=\"article\" \/>\n<meta property=\"og:title\" content=\"Opep+\u00a0: Un \u00ab\u00a0compromis proche\u00a0\u00bb avec les producteurs africains - La Sentinelle\" \/>\n<meta property=\"og:description\" content=\"Certains producteurs africains de l\u2019Opep aspirent \u00e0 des quotas de production plus \u00e9lev\u00e9s en 2024. Pr\u00e9vue initialement aujourd\u2019hui la r\u00e9union\" \/>\n<meta property=\"og:url\" content=\"https:\/\/lasentinelle.dz\/index.php\/2023\/11\/26\/opep-un-compromis-proche-avec-les-producteurs-africains\/\" \/>\n<meta property=\"og:site_name\" content=\"La Sentinelle\" \/>\n<meta property=\"article:publisher\" content=\"https:\/\/www.facebook.com\/La-Sentinelle-104059864394773\" \/>\n<meta property=\"article:published_time\" content=\"2023-11-26T09:27:00+00:00\" \/>\n<meta property=\"article:modified_time\" content=\"2023-11-26T12:28:36+00:00\" \/>\n<meta property=\"og:image\" content=\"https:\/\/lasentinelle.dz\/wp-content\/uploads\/2023\/04\/opep-1.png\" \/>\n\t<meta property=\"og:image:width\" content=\"1349\" \/>\n\t<meta property=\"og:image:height\" content=\"900\" \/>\n\t<meta property=\"og:image:type\" content=\"image\/png\" \/>\n<meta name=\"author\" content=\"La Sentinelle\" \/>\n<meta name=\"twitter:card\" content=\"summary_large_image\" \/>\n<meta name=\"twitter:label1\" content=\"\u00c9crit par\" \/>\n\t<meta name=\"twitter:data1\" content=\"La Sentinelle\" \/>\n\t<meta name=\"twitter:label2\" content=\"Dur\u00e9e de lecture estim\u00e9e\" \/>\n\t<meta name=\"twitter:data2\" content=\"3 minutes\" \/>\n<script type=\"application\/ld+json\" class=\"yoast-schema-graph\">{\"@context\":\"https:\\\/\\\/schema.org\",\"@graph\":[{\"@type\":\"Article\",\"@id\":\"https:\\\/\\\/lasentinelle.dz\\\/index.php\\\/2023\\\/11\\\/26\\\/opep-un-compromis-proche-avec-les-producteurs-africains\\\/#article\",\"isPartOf\":{\"@id\":\"https:\\\/\\\/lasentinelle.dz\\\/index.php\\\/2023\\\/11\\\/26\\\/opep-un-compromis-proche-avec-les-producteurs-africains\\\/\"},\"author\":{\"name\":\"La Sentinelle\",\"@id\":\"https:\\\/\\\/lasentinelle.dz\\\/#\\\/schema\\\/person\\\/d865044e22e70a75174ce8bcad3acfb3\"},\"headline\":\"Opep+\u00a0: Un \u00ab\u00a0compromis proche\u00a0\u00bb avec les producteurs africains\",\"datePublished\":\"2023-11-26T09:27:00+00:00\",\"dateModified\":\"2023-11-26T12:28:36+00:00\",\"mainEntityOfPage\":{\"@id\":\"https:\\\/\\\/lasentinelle.dz\\\/index.php\\\/2023\\\/11\\\/26\\\/opep-un-compromis-proche-avec-les-producteurs-africains\\\/\"},\"wordCount\":463,\"commentCount\":0,\"publisher\":{\"@id\":\"https:\\\/\\\/lasentinelle.dz\\\/#organization\"},\"image\":{\"@id\":\"https:\\\/\\\/lasentinelle.dz\\\/index.php\\\/2023\\\/11\\\/26\\\/opep-un-compromis-proche-avec-les-producteurs-africains\\\/#primaryimage\"},\"thumbnailUrl\":\"https:\\\/\\\/lasentinelle.dz\\\/wp-content\\\/uploads\\\/2023\\\/04\\\/opep-1.png\",\"articleSection\":[\"\u00c0 la Une\",\"\u00c9conomie\"],\"inLanguage\":\"fr-FR\",\"potentialAction\":[{\"@type\":\"CommentAction\",\"name\":\"Comment\",\"target\":[\"https:\\\/\\\/lasentinelle.dz\\\/index.php\\\/2023\\\/11\\\/26\\\/opep-un-compromis-proche-avec-les-producteurs-africains\\\/#respond\"]}]},{\"@type\":\"WebPage\",\"@id\":\"https:\\\/\\\/lasentinelle.dz\\\/index.php\\\/2023\\\/11\\\/26\\\/opep-un-compromis-proche-avec-les-producteurs-africains\\\/\",\"url\":\"https:\\\/\\\/lasentinelle.dz\\\/index.php\\\/2023\\\/11\\\/26\\\/opep-un-compromis-proche-avec-les-producteurs-africains\\\/\",\"name\":\"Opep+\u00a0: Un \u00ab\u00a0compromis proche\u00a0\u00bb avec les producteurs africains - La Sentinelle\",\"isPartOf\":{\"@id\":\"https:\\\/\\\/lasentinelle.dz\\\/#website\"},\"primaryImageOfPage\":{\"@id\":\"https:\\\/\\\/lasentinelle.dz\\\/index.php\\\/2023\\\/11\\\/26\\\/opep-un-compromis-proche-avec-les-producteurs-africains\\\/#primaryimage\"},\"image\":{\"@id\":\"https:\\\/\\\/lasentinelle.dz\\\/index.php\\\/2023\\\/11\\\/26\\\/opep-un-compromis-proche-avec-les-producteurs-africains\\\/#primaryimage\"},\"thumbnailUrl\":\"https:\\\/\\\/lasentinelle.dz\\\/wp-content\\\/uploads\\\/2023\\\/04\\\/opep-1.png\",\"datePublished\":\"2023-11-26T09:27:00+00:00\",\"dateModified\":\"2023-11-26T12:28:36+00:00\",\"breadcrumb\":{\"@id\":\"https:\\\/\\\/lasentinelle.dz\\\/index.php\\\/2023\\\/11\\\/26\\\/opep-un-compromis-proche-avec-les-producteurs-africains\\\/#breadcrumb\"},\"inLanguage\":\"fr-FR\",\"potentialAction\":[{\"@type\":\"ReadAction\",\"target\":[\"https:\\\/\\\/lasentinelle.dz\\\/index.php\\\/2023\\\/11\\\/26\\\/opep-un-compromis-proche-avec-les-producteurs-africains\\\/\"]}]},{\"@type\":\"ImageObject\",\"inLanguage\":\"fr-FR\",\"@id\":\"https:\\\/\\\/lasentinelle.dz\\\/index.php\\\/2023\\\/11\\\/26\\\/opep-un-compromis-proche-avec-les-producteurs-africains\\\/#primaryimage\",\"url\":\"https:\\\/\\\/lasentinelle.dz\\\/wp-content\\\/uploads\\\/2023\\\/04\\\/opep-1.png\",\"contentUrl\":\"https:\\\/\\\/lasentinelle.dz\\\/wp-content\\\/uploads\\\/2023\\\/04\\\/opep-1.png\",\"width\":1349,\"height\":900},{\"@type\":\"BreadcrumbList\",\"@id\":\"https:\\\/\\\/lasentinelle.dz\\\/index.php\\\/2023\\\/11\\\/26\\\/opep-un-compromis-proche-avec-les-producteurs-africains\\\/#breadcrumb\",\"itemListElement\":[{\"@type\":\"ListItem\",\"position\":1,\"name\":\"Accueil\",\"item\":\"https:\\\/\\\/lasentinelle.dz\\\/\"},{\"@type\":\"ListItem\",\"position\":2,\"name\":\"Opep+\u00a0: Un \u00ab\u00a0compromis proche\u00a0\u00bb avec les producteurs africains\"}]},{\"@type\":\"WebSite\",\"@id\":\"https:\\\/\\\/lasentinelle.dz\\\/#website\",\"url\":\"https:\\\/\\\/lasentinelle.dz\\\/\",\"name\":\"La Sentinelle\",\"description\":\"Quotidien national d&#039;information\",\"publisher\":{\"@id\":\"https:\\\/\\\/lasentinelle.dz\\\/#organization\"},\"potentialAction\":[{\"@type\":\"SearchAction\",\"target\":{\"@type\":\"EntryPoint\",\"urlTemplate\":\"https:\\\/\\\/lasentinelle.dz\\\/?s={search_term_string}\"},\"query-input\":{\"@type\":\"PropertyValueSpecification\",\"valueRequired\":true,\"valueName\":\"search_term_string\"}}],\"inLanguage\":\"fr-FR\"},{\"@type\":\"Organization\",\"@id\":\"https:\\\/\\\/lasentinelle.dz\\\/#organization\",\"name\":\"Quotidien La Sentinelle\",\"url\":\"https:\\\/\\\/lasentinelle.dz\\\/\",\"logo\":{\"@type\":\"ImageObject\",\"inLanguage\":\"fr-FR\",\"@id\":\"https:\\\/\\\/lasentinelle.dz\\\/#\\\/schema\\\/logo\\\/image\\\/\",\"url\":\"https:\\\/\\\/lasentinelle.dz\\\/wp-content\\\/uploads\\\/2021\\\/09\\\/logo-sentinelleSLOGAN-1.png\",\"contentUrl\":\"https:\\\/\\\/lasentinelle.dz\\\/wp-content\\\/uploads\\\/2021\\\/09\\\/logo-sentinelleSLOGAN-1.png\",\"width\":615,\"height\":142,\"caption\":\"Quotidien La Sentinelle\"},\"image\":{\"@id\":\"https:\\\/\\\/lasentinelle.dz\\\/#\\\/schema\\\/logo\\\/image\\\/\"},\"sameAs\":[\"https:\\\/\\\/www.facebook.com\\\/La-Sentinelle-104059864394773\"]},{\"@type\":\"Person\",\"@id\":\"https:\\\/\\\/lasentinelle.dz\\\/#\\\/schema\\\/person\\\/d865044e22e70a75174ce8bcad3acfb3\",\"name\":\"La Sentinelle\",\"image\":{\"@type\":\"ImageObject\",\"inLanguage\":\"fr-FR\",\"@id\":\"https:\\\/\\\/secure.gravatar.com\\\/avatar\\\/57de8e5d4b15d43fb361a71fbb36338450fe67865b528a43dd10ef7c51a20392?s=96&d=mm&r=g\",\"url\":\"https:\\\/\\\/secure.gravatar.com\\\/avatar\\\/57de8e5d4b15d43fb361a71fbb36338450fe67865b528a43dd10ef7c51a20392?s=96&d=mm&r=g\",\"contentUrl\":\"https:\\\/\\\/secure.gravatar.com\\\/avatar\\\/57de8e5d4b15d43fb361a71fbb36338450fe67865b528a43dd10ef7c51a20392?s=96&d=mm&r=g\",\"caption\":\"La Sentinelle\"},\"sameAs\":[\"http:\\\/\\\/www.lasentinelle.dz\"],\"url\":\"https:\\\/\\\/lasentinelle.dz\\\/author\\\/redaction\\\/\"}]}<\/script>\n<!-- \/ Yoast SEO plugin. -->","yoast_head_json":{"title":"Opep+\u00a0: Un \u00ab\u00a0compromis proche\u00a0\u00bb avec les producteurs africains - La Sentinelle","robots":{"index":"index","follow":"follow","max-snippet":"max-snippet:-1","max-image-preview":"max-image-preview:large","max-video-preview":"max-video-preview:-1"},"canonical":"https:\/\/lasentinelle.dz\/index.php\/2023\/11\/26\/opep-un-compromis-proche-avec-les-producteurs-africains\/","og_locale":"fr_FR","og_type":"article","og_title":"Opep+\u00a0: Un \u00ab\u00a0compromis proche\u00a0\u00bb avec les producteurs africains - La Sentinelle","og_description":"Certains producteurs africains de l\u2019Opep aspirent \u00e0 des quotas de production plus \u00e9lev\u00e9s en 2024. Pr\u00e9vue initialement aujourd\u2019hui la r\u00e9union","og_url":"https:\/\/lasentinelle.dz\/index.php\/2023\/11\/26\/opep-un-compromis-proche-avec-les-producteurs-africains\/","og_site_name":"La Sentinelle","article_publisher":"https:\/\/www.facebook.com\/La-Sentinelle-104059864394773","article_published_time":"2023-11-26T09:27:00+00:00","article_modified_time":"2023-11-26T12:28:36+00:00","og_image":[{"width":1349,"height":900,"url":"https:\/\/lasentinelle.dz\/wp-content\/uploads\/2023\/04\/opep-1.png","type":"image\/png"}],"author":"La Sentinelle","twitter_card":"summary_large_image","twitter_misc":{"\u00c9crit par":"La Sentinelle","Dur\u00e9e de lecture estim\u00e9e":"3 minutes"},"schema":{"@context":"https:\/\/schema.org","@graph":[{"@type":"Article","@id":"https:\/\/lasentinelle.dz\/index.php\/2023\/11\/26\/opep-un-compromis-proche-avec-les-producteurs-africains\/#article","isPartOf":{"@id":"https:\/\/lasentinelle.dz\/index.php\/2023\/11\/26\/opep-un-compromis-proche-avec-les-producteurs-africains\/"},"author":{"name":"La Sentinelle","@id":"https:\/\/lasentinelle.dz\/#\/schema\/person\/d865044e22e70a75174ce8bcad3acfb3"},"headline":"Opep+\u00a0: Un \u00ab\u00a0compromis proche\u00a0\u00bb avec les producteurs africains","datePublished":"2023-11-26T09:27:00+00:00","dateModified":"2023-11-26T12:28:36+00:00","mainEntityOfPage":{"@id":"https:\/\/lasentinelle.dz\/index.php\/2023\/11\/26\/opep-un-compromis-proche-avec-les-producteurs-africains\/"},"wordCount":463,"commentCount":0,"publisher":{"@id":"https:\/\/lasentinelle.dz\/#organization"},"image":{"@id":"https:\/\/lasentinelle.dz\/index.php\/2023\/11\/26\/opep-un-compromis-proche-avec-les-producteurs-africains\/#primaryimage"},"thumbnailUrl":"https:\/\/lasentinelle.dz\/wp-content\/uploads\/2023\/04\/opep-1.png","articleSection":["\u00c0 la Une","\u00c9conomie"],"inLanguage":"fr-FR","potentialAction":[{"@type":"CommentAction","name":"Comment","target":["https:\/\/lasentinelle.dz\/index.php\/2023\/11\/26\/opep-un-compromis-proche-avec-les-producteurs-africains\/#respond"]}]},{"@type":"WebPage","@id":"https:\/\/lasentinelle.dz\/index.php\/2023\/11\/26\/opep-un-compromis-proche-avec-les-producteurs-africains\/","url":"https:\/\/lasentinelle.dz\/index.php\/2023\/11\/26\/opep-un-compromis-proche-avec-les-producteurs-africains\/","name":"Opep+\u00a0: Un \u00ab\u00a0compromis proche\u00a0\u00bb avec les producteurs africains - La Sentinelle","isPartOf":{"@id":"https:\/\/lasentinelle.dz\/#website"},"primaryImageOfPage":{"@id":"https:\/\/lasentinelle.dz\/index.php\/2023\/11\/26\/opep-un-compromis-proche-avec-les-producteurs-africains\/#primaryimage"},"image":{"@id":"https:\/\/lasentinelle.dz\/index.php\/2023\/11\/26\/opep-un-compromis-proche-avec-les-producteurs-africains\/#primaryimage"},"thumbnailUrl":"https:\/\/lasentinelle.dz\/wp-content\/uploads\/2023\/04\/opep-1.png","datePublished":"2023-11-26T09:27:00+00:00","dateModified":"2023-11-26T12:28:36+00:00","breadcrumb":{"@id":"https:\/\/lasentinelle.dz\/index.php\/2023\/11\/26\/opep-un-compromis-proche-avec-les-producteurs-africains\/#breadcrumb"},"inLanguage":"fr-FR","potentialAction":[{"@type":"ReadAction","target":["https:\/\/lasentinelle.dz\/index.php\/2023\/11\/26\/opep-un-compromis-proche-avec-les-producteurs-africains\/"]}]},{"@type":"ImageObject","inLanguage":"fr-FR","@id":"https:\/\/lasentinelle.dz\/index.php\/2023\/11\/26\/opep-un-compromis-proche-avec-les-producteurs-africains\/#primaryimage","url":"https:\/\/lasentinelle.dz\/wp-content\/uploads\/2023\/04\/opep-1.png","contentUrl":"https:\/\/lasentinelle.dz\/wp-content\/uploads\/2023\/04\/opep-1.png","width":1349,"height":900},{"@type":"BreadcrumbList","@id":"https:\/\/lasentinelle.dz\/index.php\/2023\/11\/26\/opep-un-compromis-proche-avec-les-producteurs-africains\/#breadcrumb","itemListElement":[{"@type":"ListItem","position":1,"name":"Accueil","item":"https:\/\/lasentinelle.dz\/"},{"@type":"ListItem","position":2,"name":"Opep+\u00a0: Un \u00ab\u00a0compromis proche\u00a0\u00bb avec les producteurs africains"}]},{"@type":"WebSite","@id":"https:\/\/lasentinelle.dz\/#website","url":"https:\/\/lasentinelle.dz\/","name":"La Sentinelle","description":"Quotidien national d&#039;information","publisher":{"@id":"https:\/\/lasentinelle.dz\/#organization"},"potentialAction":[{"@type":"SearchAction","target":{"@type":"EntryPoint","urlTemplate":"https:\/\/lasentinelle.dz\/?s={search_term_string}"},"query-input":{"@type":"PropertyValueSpecification","valueRequired":true,"valueName":"search_term_string"}}],"inLanguage":"fr-FR"},{"@type":"Organization","@id":"https:\/\/lasentinelle.dz\/#organization","name":"Quotidien La Sentinelle","url":"https:\/\/lasentinelle.dz\/","logo":{"@type":"ImageObject","inLanguage":"fr-FR","@id":"https:\/\/lasentinelle.dz\/#\/schema\/logo\/image\/","url":"https:\/\/lasentinelle.dz\/wp-content\/uploads\/2021\/09\/logo-sentinelleSLOGAN-1.png","contentUrl":"https:\/\/lasentinelle.dz\/wp-content\/uploads\/2021\/09\/logo-sentinelleSLOGAN-1.png","width":615,"height":142,"caption":"Quotidien La Sentinelle"},"image":{"@id":"https:\/\/lasentinelle.dz\/#\/schema\/logo\/image\/"},"sameAs":["https:\/\/www.facebook.com\/La-Sentinelle-104059864394773"]},{"@type":"Person","@id":"https:\/\/lasentinelle.dz\/#\/schema\/person\/d865044e22e70a75174ce8bcad3acfb3","name":"La Sentinelle","image":{"@type":"ImageObject","inLanguage":"fr-FR","@id":"https:\/\/secure.gravatar.com\/avatar\/57de8e5d4b15d43fb361a71fbb36338450fe67865b528a43dd10ef7c51a20392?s=96&d=mm&r=g","url":"https:\/\/secure.gravatar.com\/avatar\/57de8e5d4b15d43fb361a71fbb36338450fe67865b528a43dd10ef7c51a20392?s=96&d=mm&r=g","contentUrl":"https:\/\/secure.gravatar.com\/avatar\/57de8e5d4b15d43fb361a71fbb36338450fe67865b528a43dd10ef7c51a20392?s=96&d=mm&r=g","caption":"La Sentinelle"},"sameAs":["http:\/\/www.lasentinelle.dz"],"url":"https:\/\/lasentinelle.dz\/author\/redaction\/"}]}},"_links":{"self":[{"href":"https:\/\/lasentinelle.dz\/index.php\/wp-json\/wp\/v2\/posts\/47411","targetHints":{"allow":["GET"]}}],"collection":[{"href":"https:\/\/lasentinelle.dz\/index.php\/wp-json\/wp\/v2\/posts"}],"about":[{"href":"https:\/\/lasentinelle.dz\/index.php\/wp-json\/wp\/v2\/types\/post"}],"author":[{"embeddable":true,"href":"https:\/\/lasentinelle.dz\/index.php\/wp-json\/wp\/v2\/users\/3"}],"replies":[{"embeddable":true,"href":"https:\/\/lasentinelle.dz\/index.php\/wp-json\/wp\/v2\/comments?post=47411"}],"version-history":[{"count":1,"href":"https:\/\/lasentinelle.dz\/index.php\/wp-json\/wp\/v2\/posts\/47411\/revisions"}],"predecessor-version":[{"id":47412,"href":"https:\/\/lasentinelle.dz\/index.php\/wp-json\/wp\/v2\/posts\/47411\/revisions\/47412"}],"wp:featuredmedia":[{"embeddable":true,"href":"https:\/\/lasentinelle.dz\/index.php\/wp-json\/wp\/v2\/media\/38971"}],"wp:attachment":[{"href":"https:\/\/lasentinelle.dz\/index.php\/wp-json\/wp\/v2\/media?parent=47411"}],"wp:term":[{"taxonomy":"category","embeddable":true,"href":"https:\/\/lasentinelle.dz\/index.php\/wp-json\/wp\/v2\/categories?post=47411"},{"taxonomy":"post_tag","embeddable":true,"href":"https:\/\/lasentinelle.dz\/index.php\/wp-json\/wp\/v2\/tags?post=47411"}],"curies":[{"name":"wp","href":"https:\/\/api.w.org\/{rel}","templated":true}]}}