{"id":47413,"date":"2023-11-26T10:29:58","date_gmt":"2023-11-26T09:29:58","guid":{"rendered":"https:\/\/lasentinelle.dz\/?p=47413"},"modified":"2023-11-26T13:34:44","modified_gmt":"2023-11-26T12:34:44","slug":"sante-une-hausse-de-plus-de-6-du-budget-dedie-a-la-recherche-cette-annee","status":"publish","type":"post","link":"https:\/\/lasentinelle.dz\/index.php\/2023\/11\/26\/sante-une-hausse-de-plus-de-6-du-budget-dedie-a-la-recherche-cette-annee\/","title":{"rendered":"Sant\u00e9\u00a0: Une hausse de plus de 6 % du budget d\u00e9di\u00e9 \u00e0 la recherche cette ann\u00e9e"},"content":{"rendered":"\n<p>Le ministre de la Sant\u00e9, Abdelhak Saihi, soulign\u00e9 vendredi \u00e0 l&rsquo;ouverture des travaux du 1er congr\u00e8s de la Soci\u00e9t\u00e9 alg\u00e9rienne de Pneumologie (SAP), toute l\u2019importance que rev\u00eat la question du d\u00e9veloppement de la recherche dans le domaine de la Sant\u00e9, estimant qu\u2019elle est \u00ab&nbsp;centrale&nbsp;\u00bb. Le premier responsable du secteur a dans ce sens soulign\u00e9 que le budget attribu\u00e9 par le secteur \u00e0 la recherche scientifique a a b\u00e9n\u00e9fici\u00e9, en 2023, d&rsquo;une hausse de plus de 6% du budget.&nbsp; \u00ab\u00a0En plus des prestations de sant\u00e9 \u00e0 assurer, le secteur de la sant\u00e9 se doit de promouvoir la recherche scientifique pour laquelle nous avons consacr\u00e9 une hausse de plus de 6% du budget du secteur\u00a0\u00bb, a-t-il pr\u00e9cis\u00e9 lors de son intervention. Tout en soulignant que cette question est \u00ab\u00a0centrale pour toutes les disciplines scientifiques de sant\u00e9\u00a0\u00bb, il a ajout\u00e9 que son secteur\u00a0\u00bb ne peut \u00e9voluer sans le d\u00e9veloppement du savoir, des connaissances et de la recherche scientifique\u00a0\u00bb. M.Saihi a, \u00e0 ce propos, mis en avant \u00a0\u00bb l&rsquo;aide et l&rsquo;appui\u00a0\u00bb qu&rsquo;apporte son d\u00e9partement aux diff\u00e9rentes manifestations scientifiques, avant d&rsquo;encourager les responsables des services de sant\u00e9, les praticiens et tous les intervenants dans le domaine de la recherche scientifique \u00e0 \u00ab\u00a0arriver \u00e0 des r\u00e9sultats\u00a0\u00bb. De son c\u00f4t\u00e9, le pr\u00e9sident de la SAP, le Pr Merzak Gharnaout, s&rsquo;est f\u00e9licit\u00e9 des \u00ab\u00a0r\u00e9alisations importantes, ces derni\u00e8res ann\u00e9es, en mati\u00e8re de personnalisation du diagnostic et du traitement, \u00e0 savoir la m\u00e9decine de pr\u00e9cision\u00a0\u00bb. Celle-ci, a-t-il poursuivi, permet \u00ab\u00a0une approche plus cibl\u00e9e et plus efficace et visant \u00e0 optimiser les r\u00e9sultats th\u00e9rapeutiques, tout en minimisant les effets ind\u00e9sirables chez les patients\u00a0\u00bb. Et d&rsquo;annoncer, \u00e0 cette occasion, l&rsquo;institution de 2 prix, r\u00e9compensant chaque ann\u00e9e le travail distingu\u00e9 de 2 sp\u00e9cialistes alg\u00e9riens en phtisio-pneumologie. Le 1er perp\u00e9tuant la m\u00e9moire et l&rsquo;apport exceptionnel \u00e0 cette discipline, du Pr Pierre Chaulet, d\u00e9c\u00e9d\u00e9 en 2012, et le second, en hommage \u00e0 l&#8217;empreinte tout aussi grande du Pr Djilali Larbaoui, d\u00e9c\u00e9d\u00e9 en 2011. Des distinctions honorifiques ont \u00e9t\u00e9 d\u00e9cern\u00e9es, \u00e0 titre posthume, respectivement \u00e0 leurs fils et petit-fils.<\/p>\n\n\n\n<p>R.N.<\/p>\n","protected":false},"excerpt":{"rendered":"<p>Le ministre de la Sant\u00e9, Abdelhak Saihi, soulign\u00e9 vendredi \u00e0 l&rsquo;ouverture des travaux du 1er congr\u00e8s de la Soci\u00e9t\u00e9 alg\u00e9rienne<\/p>\n","protected":false},"author":3,"featured_media":35776,"comment_status":"open","ping_status":"closed","sticky":false,"template":"","format":"standard","meta":{"colormag_page_container_layout":"default_layout","colormag_page_sidebar_layout":"default_layout","om_disable_all_campaigns":false,"_monsterinsights_skip_tracking":false,"_monsterinsights_sitenote_active":false,"_monsterinsights_sitenote_note":"","_monsterinsights_sitenote_category":0,"footnotes":"","_wpscppro_dont_share_socialmedia":false,"_wpscppro_custom_social_share_image":0,"_facebook_share_type":"","_twitter_share_type":"","_linkedin_share_type":"","_pinterest_share_type":"","_linkedin_share_type_page":"","_instagram_share_type":"","_medium_share_type":"","_threads_share_type":"","_google_business_share_type":"","_selected_social_profile":[],"_wpsp_enable_custom_social_template":false,"_wpsp_social_scheduling":{"enabled":false,"datetime":null,"platforms":[],"status":"template_only","dateOption":"today","timeOption":"now","customDays":"","customHours":"","customDate":"","customTime":"","schedulingType":"absolute"},"_wpsp_active_default_template":true},"categories":[27],"tags":[],"class_list":["post-47413","post","type-post","status-publish","format-standard","has-post-thumbnail","hentry","category-actualite"],"aioseo_notices":[],"yoast_head":"<!-- This site is optimized with the Yoast SEO plugin v27.5 - https:\/\/yoast.com\/product\/yoast-seo-wordpress\/ -->\n<title>Sant\u00e9\u00a0: Une hausse de plus de 6 % du budget d\u00e9di\u00e9 \u00e0 la recherche cette ann\u00e9e - La Sentinelle<\/title>\n<meta name=\"robots\" content=\"index, follow, max-snippet:-1, max-image-preview:large, max-video-preview:-1\" \/>\n<link rel=\"canonical\" href=\"https:\/\/lasentinelle.dz\/index.php\/2023\/11\/26\/sante-une-hausse-de-plus-de-6-du-budget-dedie-a-la-recherche-cette-annee\/\" \/>\n<meta property=\"og:locale\" content=\"fr_FR\" \/>\n<meta property=\"og:type\" content=\"article\" \/>\n<meta property=\"og:title\" content=\"Sant\u00e9\u00a0: Une hausse de plus de 6 % du budget d\u00e9di\u00e9 \u00e0 la recherche cette ann\u00e9e - La Sentinelle\" \/>\n<meta property=\"og:description\" content=\"Le ministre de la Sant\u00e9, Abdelhak Saihi, soulign\u00e9 vendredi \u00e0 l&rsquo;ouverture des travaux du 1er congr\u00e8s de la Soci\u00e9t\u00e9 alg\u00e9rienne\" \/>\n<meta property=\"og:url\" content=\"https:\/\/lasentinelle.dz\/index.php\/2023\/11\/26\/sante-une-hausse-de-plus-de-6-du-budget-dedie-a-la-recherche-cette-annee\/\" \/>\n<meta property=\"og:site_name\" content=\"La Sentinelle\" \/>\n<meta property=\"article:publisher\" content=\"https:\/\/www.facebook.com\/La-Sentinelle-104059864394773\" \/>\n<meta property=\"article:published_time\" content=\"2023-11-26T09:29:58+00:00\" \/>\n<meta property=\"article:modified_time\" content=\"2023-11-26T12:34:44+00:00\" \/>\n<meta property=\"og:image\" content=\"https:\/\/lasentinelle.dz\/wp-content\/uploads\/2023\/02\/saihi.png\" \/>\n\t<meta property=\"og:image:width\" content=\"1351\" \/>\n\t<meta property=\"og:image:height\" content=\"900\" \/>\n\t<meta property=\"og:image:type\" content=\"image\/png\" \/>\n<meta name=\"author\" content=\"La Sentinelle\" \/>\n<meta name=\"twitter:card\" content=\"summary_large_image\" \/>\n<meta name=\"twitter:label1\" content=\"\u00c9crit par\" \/>\n\t<meta name=\"twitter:data1\" content=\"La Sentinelle\" \/>\n\t<meta name=\"twitter:label2\" content=\"Dur\u00e9e de lecture estim\u00e9e\" \/>\n\t<meta name=\"twitter:data2\" content=\"2 minutes\" \/>\n<script type=\"application\/ld+json\" class=\"yoast-schema-graph\">{\"@context\":\"https:\\\/\\\/schema.org\",\"@graph\":[{\"@type\":\"Article\",\"@id\":\"https:\\\/\\\/lasentinelle.dz\\\/index.php\\\/2023\\\/11\\\/26\\\/sante-une-hausse-de-plus-de-6-du-budget-dedie-a-la-recherche-cette-annee\\\/#article\",\"isPartOf\":{\"@id\":\"https:\\\/\\\/lasentinelle.dz\\\/index.php\\\/2023\\\/11\\\/26\\\/sante-une-hausse-de-plus-de-6-du-budget-dedie-a-la-recherche-cette-annee\\\/\"},\"author\":{\"name\":\"La Sentinelle\",\"@id\":\"https:\\\/\\\/lasentinelle.dz\\\/#\\\/schema\\\/person\\\/d865044e22e70a75174ce8bcad3acfb3\"},\"headline\":\"Sant\u00e9\u00a0: Une hausse de plus de 6 % du budget d\u00e9di\u00e9 \u00e0 la recherche cette ann\u00e9e\",\"datePublished\":\"2023-11-26T09:29:58+00:00\",\"dateModified\":\"2023-11-26T12:34:44+00:00\",\"mainEntityOfPage\":{\"@id\":\"https:\\\/\\\/lasentinelle.dz\\\/index.php\\\/2023\\\/11\\\/26\\\/sante-une-hausse-de-plus-de-6-du-budget-dedie-a-la-recherche-cette-annee\\\/\"},\"wordCount\":383,\"commentCount\":0,\"publisher\":{\"@id\":\"https:\\\/\\\/lasentinelle.dz\\\/#organization\"},\"image\":{\"@id\":\"https:\\\/\\\/lasentinelle.dz\\\/index.php\\\/2023\\\/11\\\/26\\\/sante-une-hausse-de-plus-de-6-du-budget-dedie-a-la-recherche-cette-annee\\\/#primaryimage\"},\"thumbnailUrl\":\"https:\\\/\\\/lasentinelle.dz\\\/wp-content\\\/uploads\\\/2023\\\/02\\\/saihi.png\",\"articleSection\":[\"Actualit\u00e9\"],\"inLanguage\":\"fr-FR\",\"potentialAction\":[{\"@type\":\"CommentAction\",\"name\":\"Comment\",\"target\":[\"https:\\\/\\\/lasentinelle.dz\\\/index.php\\\/2023\\\/11\\\/26\\\/sante-une-hausse-de-plus-de-6-du-budget-dedie-a-la-recherche-cette-annee\\\/#respond\"]}]},{\"@type\":\"WebPage\",\"@id\":\"https:\\\/\\\/lasentinelle.dz\\\/index.php\\\/2023\\\/11\\\/26\\\/sante-une-hausse-de-plus-de-6-du-budget-dedie-a-la-recherche-cette-annee\\\/\",\"url\":\"https:\\\/\\\/lasentinelle.dz\\\/index.php\\\/2023\\\/11\\\/26\\\/sante-une-hausse-de-plus-de-6-du-budget-dedie-a-la-recherche-cette-annee\\\/\",\"name\":\"Sant\u00e9\u00a0: Une hausse de plus de 6 % du budget d\u00e9di\u00e9 \u00e0 la recherche cette ann\u00e9e - La Sentinelle\",\"isPartOf\":{\"@id\":\"https:\\\/\\\/lasentinelle.dz\\\/#website\"},\"primaryImageOfPage\":{\"@id\":\"https:\\\/\\\/lasentinelle.dz\\\/index.php\\\/2023\\\/11\\\/26\\\/sante-une-hausse-de-plus-de-6-du-budget-dedie-a-la-recherche-cette-annee\\\/#primaryimage\"},\"image\":{\"@id\":\"https:\\\/\\\/lasentinelle.dz\\\/index.php\\\/2023\\\/11\\\/26\\\/sante-une-hausse-de-plus-de-6-du-budget-dedie-a-la-recherche-cette-annee\\\/#primaryimage\"},\"thumbnailUrl\":\"https:\\\/\\\/lasentinelle.dz\\\/wp-content\\\/uploads\\\/2023\\\/02\\\/saihi.png\",\"datePublished\":\"2023-11-26T09:29:58+00:00\",\"dateModified\":\"2023-11-26T12:34:44+00:00\",\"breadcrumb\":{\"@id\":\"https:\\\/\\\/lasentinelle.dz\\\/index.php\\\/2023\\\/11\\\/26\\\/sante-une-hausse-de-plus-de-6-du-budget-dedie-a-la-recherche-cette-annee\\\/#breadcrumb\"},\"inLanguage\":\"fr-FR\",\"potentialAction\":[{\"@type\":\"ReadAction\",\"target\":[\"https:\\\/\\\/lasentinelle.dz\\\/index.php\\\/2023\\\/11\\\/26\\\/sante-une-hausse-de-plus-de-6-du-budget-dedie-a-la-recherche-cette-annee\\\/\"]}]},{\"@type\":\"ImageObject\",\"inLanguage\":\"fr-FR\",\"@id\":\"https:\\\/\\\/lasentinelle.dz\\\/index.php\\\/2023\\\/11\\\/26\\\/sante-une-hausse-de-plus-de-6-du-budget-dedie-a-la-recherche-cette-annee\\\/#primaryimage\",\"url\":\"https:\\\/\\\/lasentinelle.dz\\\/wp-content\\\/uploads\\\/2023\\\/02\\\/saihi.png\",\"contentUrl\":\"https:\\\/\\\/lasentinelle.dz\\\/wp-content\\\/uploads\\\/2023\\\/02\\\/saihi.png\",\"width\":1351,\"height\":900},{\"@type\":\"BreadcrumbList\",\"@id\":\"https:\\\/\\\/lasentinelle.dz\\\/index.php\\\/2023\\\/11\\\/26\\\/sante-une-hausse-de-plus-de-6-du-budget-dedie-a-la-recherche-cette-annee\\\/#breadcrumb\",\"itemListElement\":[{\"@type\":\"ListItem\",\"position\":1,\"name\":\"Accueil\",\"item\":\"https:\\\/\\\/lasentinelle.dz\\\/\"},{\"@type\":\"ListItem\",\"position\":2,\"name\":\"Sant\u00e9\u00a0: Une hausse de plus de 6 % du budget d\u00e9di\u00e9 \u00e0 la recherche cette ann\u00e9e\"}]},{\"@type\":\"WebSite\",\"@id\":\"https:\\\/\\\/lasentinelle.dz\\\/#website\",\"url\":\"https:\\\/\\\/lasentinelle.dz\\\/\",\"name\":\"La Sentinelle\",\"description\":\"Quotidien national d&#039;information\",\"publisher\":{\"@id\":\"https:\\\/\\\/lasentinelle.dz\\\/#organization\"},\"potentialAction\":[{\"@type\":\"SearchAction\",\"target\":{\"@type\":\"EntryPoint\",\"urlTemplate\":\"https:\\\/\\\/lasentinelle.dz\\\/?s={search_term_string}\"},\"query-input\":{\"@type\":\"PropertyValueSpecification\",\"valueRequired\":true,\"valueName\":\"search_term_string\"}}],\"inLanguage\":\"fr-FR\"},{\"@type\":\"Organization\",\"@id\":\"https:\\\/\\\/lasentinelle.dz\\\/#organization\",\"name\":\"Quotidien La Sentinelle\",\"url\":\"https:\\\/\\\/lasentinelle.dz\\\/\",\"logo\":{\"@type\":\"ImageObject\",\"inLanguage\":\"fr-FR\",\"@id\":\"https:\\\/\\\/lasentinelle.dz\\\/#\\\/schema\\\/logo\\\/image\\\/\",\"url\":\"https:\\\/\\\/lasentinelle.dz\\\/wp-content\\\/uploads\\\/2021\\\/09\\\/logo-sentinelleSLOGAN-1.png\",\"contentUrl\":\"https:\\\/\\\/lasentinelle.dz\\\/wp-content\\\/uploads\\\/2021\\\/09\\\/logo-sentinelleSLOGAN-1.png\",\"width\":615,\"height\":142,\"caption\":\"Quotidien La Sentinelle\"},\"image\":{\"@id\":\"https:\\\/\\\/lasentinelle.dz\\\/#\\\/schema\\\/logo\\\/image\\\/\"},\"sameAs\":[\"https:\\\/\\\/www.facebook.com\\\/La-Sentinelle-104059864394773\"]},{\"@type\":\"Person\",\"@id\":\"https:\\\/\\\/lasentinelle.dz\\\/#\\\/schema\\\/person\\\/d865044e22e70a75174ce8bcad3acfb3\",\"name\":\"La Sentinelle\",\"image\":{\"@type\":\"ImageObject\",\"inLanguage\":\"fr-FR\",\"@id\":\"https:\\\/\\\/secure.gravatar.com\\\/avatar\\\/57de8e5d4b15d43fb361a71fbb36338450fe67865b528a43dd10ef7c51a20392?s=96&d=mm&r=g\",\"url\":\"https:\\\/\\\/secure.gravatar.com\\\/avatar\\\/57de8e5d4b15d43fb361a71fbb36338450fe67865b528a43dd10ef7c51a20392?s=96&d=mm&r=g\",\"contentUrl\":\"https:\\\/\\\/secure.gravatar.com\\\/avatar\\\/57de8e5d4b15d43fb361a71fbb36338450fe67865b528a43dd10ef7c51a20392?s=96&d=mm&r=g\",\"caption\":\"La Sentinelle\"},\"sameAs\":[\"http:\\\/\\\/www.lasentinelle.dz\"],\"url\":\"https:\\\/\\\/lasentinelle.dz\\\/author\\\/redaction\\\/\"}]}<\/script>\n<!-- \/ Yoast SEO plugin. -->","yoast_head_json":{"title":"Sant\u00e9\u00a0: Une hausse de plus de 6 % du budget d\u00e9di\u00e9 \u00e0 la recherche cette ann\u00e9e - La Sentinelle","robots":{"index":"index","follow":"follow","max-snippet":"max-snippet:-1","max-image-preview":"max-image-preview:large","max-video-preview":"max-video-preview:-1"},"canonical":"https:\/\/lasentinelle.dz\/index.php\/2023\/11\/26\/sante-une-hausse-de-plus-de-6-du-budget-dedie-a-la-recherche-cette-annee\/","og_locale":"fr_FR","og_type":"article","og_title":"Sant\u00e9\u00a0: Une hausse de plus de 6 % du budget d\u00e9di\u00e9 \u00e0 la recherche cette ann\u00e9e - La Sentinelle","og_description":"Le ministre de la Sant\u00e9, Abdelhak Saihi, soulign\u00e9 vendredi \u00e0 l&rsquo;ouverture des travaux du 1er congr\u00e8s de la Soci\u00e9t\u00e9 alg\u00e9rienne","og_url":"https:\/\/lasentinelle.dz\/index.php\/2023\/11\/26\/sante-une-hausse-de-plus-de-6-du-budget-dedie-a-la-recherche-cette-annee\/","og_site_name":"La Sentinelle","article_publisher":"https:\/\/www.facebook.com\/La-Sentinelle-104059864394773","article_published_time":"2023-11-26T09:29:58+00:00","article_modified_time":"2023-11-26T12:34:44+00:00","og_image":[{"width":1351,"height":900,"url":"https:\/\/lasentinelle.dz\/wp-content\/uploads\/2023\/02\/saihi.png","type":"image\/png"}],"author":"La Sentinelle","twitter_card":"summary_large_image","twitter_misc":{"\u00c9crit par":"La Sentinelle","Dur\u00e9e de lecture estim\u00e9e":"2 minutes"},"schema":{"@context":"https:\/\/schema.org","@graph":[{"@type":"Article","@id":"https:\/\/lasentinelle.dz\/index.php\/2023\/11\/26\/sante-une-hausse-de-plus-de-6-du-budget-dedie-a-la-recherche-cette-annee\/#article","isPartOf":{"@id":"https:\/\/lasentinelle.dz\/index.php\/2023\/11\/26\/sante-une-hausse-de-plus-de-6-du-budget-dedie-a-la-recherche-cette-annee\/"},"author":{"name":"La Sentinelle","@id":"https:\/\/lasentinelle.dz\/#\/schema\/person\/d865044e22e70a75174ce8bcad3acfb3"},"headline":"Sant\u00e9\u00a0: Une hausse de plus de 6 % du budget d\u00e9di\u00e9 \u00e0 la recherche cette ann\u00e9e","datePublished":"2023-11-26T09:29:58+00:00","dateModified":"2023-11-26T12:34:44+00:00","mainEntityOfPage":{"@id":"https:\/\/lasentinelle.dz\/index.php\/2023\/11\/26\/sante-une-hausse-de-plus-de-6-du-budget-dedie-a-la-recherche-cette-annee\/"},"wordCount":383,"commentCount":0,"publisher":{"@id":"https:\/\/lasentinelle.dz\/#organization"},"image":{"@id":"https:\/\/lasentinelle.dz\/index.php\/2023\/11\/26\/sante-une-hausse-de-plus-de-6-du-budget-dedie-a-la-recherche-cette-annee\/#primaryimage"},"thumbnailUrl":"https:\/\/lasentinelle.dz\/wp-content\/uploads\/2023\/02\/saihi.png","articleSection":["Actualit\u00e9"],"inLanguage":"fr-FR","potentialAction":[{"@type":"CommentAction","name":"Comment","target":["https:\/\/lasentinelle.dz\/index.php\/2023\/11\/26\/sante-une-hausse-de-plus-de-6-du-budget-dedie-a-la-recherche-cette-annee\/#respond"]}]},{"@type":"WebPage","@id":"https:\/\/lasentinelle.dz\/index.php\/2023\/11\/26\/sante-une-hausse-de-plus-de-6-du-budget-dedie-a-la-recherche-cette-annee\/","url":"https:\/\/lasentinelle.dz\/index.php\/2023\/11\/26\/sante-une-hausse-de-plus-de-6-du-budget-dedie-a-la-recherche-cette-annee\/","name":"Sant\u00e9\u00a0: Une hausse de plus de 6 % du budget d\u00e9di\u00e9 \u00e0 la recherche cette ann\u00e9e - La Sentinelle","isPartOf":{"@id":"https:\/\/lasentinelle.dz\/#website"},"primaryImageOfPage":{"@id":"https:\/\/lasentinelle.dz\/index.php\/2023\/11\/26\/sante-une-hausse-de-plus-de-6-du-budget-dedie-a-la-recherche-cette-annee\/#primaryimage"},"image":{"@id":"https:\/\/lasentinelle.dz\/index.php\/2023\/11\/26\/sante-une-hausse-de-plus-de-6-du-budget-dedie-a-la-recherche-cette-annee\/#primaryimage"},"thumbnailUrl":"https:\/\/lasentinelle.dz\/wp-content\/uploads\/2023\/02\/saihi.png","datePublished":"2023-11-26T09:29:58+00:00","dateModified":"2023-11-26T12:34:44+00:00","breadcrumb":{"@id":"https:\/\/lasentinelle.dz\/index.php\/2023\/11\/26\/sante-une-hausse-de-plus-de-6-du-budget-dedie-a-la-recherche-cette-annee\/#breadcrumb"},"inLanguage":"fr-FR","potentialAction":[{"@type":"ReadAction","target":["https:\/\/lasentinelle.dz\/index.php\/2023\/11\/26\/sante-une-hausse-de-plus-de-6-du-budget-dedie-a-la-recherche-cette-annee\/"]}]},{"@type":"ImageObject","inLanguage":"fr-FR","@id":"https:\/\/lasentinelle.dz\/index.php\/2023\/11\/26\/sante-une-hausse-de-plus-de-6-du-budget-dedie-a-la-recherche-cette-annee\/#primaryimage","url":"https:\/\/lasentinelle.dz\/wp-content\/uploads\/2023\/02\/saihi.png","contentUrl":"https:\/\/lasentinelle.dz\/wp-content\/uploads\/2023\/02\/saihi.png","width":1351,"height":900},{"@type":"BreadcrumbList","@id":"https:\/\/lasentinelle.dz\/index.php\/2023\/11\/26\/sante-une-hausse-de-plus-de-6-du-budget-dedie-a-la-recherche-cette-annee\/#breadcrumb","itemListElement":[{"@type":"ListItem","position":1,"name":"Accueil","item":"https:\/\/lasentinelle.dz\/"},{"@type":"ListItem","position":2,"name":"Sant\u00e9\u00a0: Une hausse de plus de 6 % du budget d\u00e9di\u00e9 \u00e0 la recherche cette ann\u00e9e"}]},{"@type":"WebSite","@id":"https:\/\/lasentinelle.dz\/#website","url":"https:\/\/lasentinelle.dz\/","name":"La Sentinelle","description":"Quotidien national d&#039;information","publisher":{"@id":"https:\/\/lasentinelle.dz\/#organization"},"potentialAction":[{"@type":"SearchAction","target":{"@type":"EntryPoint","urlTemplate":"https:\/\/lasentinelle.dz\/?s={search_term_string}"},"query-input":{"@type":"PropertyValueSpecification","valueRequired":true,"valueName":"search_term_string"}}],"inLanguage":"fr-FR"},{"@type":"Organization","@id":"https:\/\/lasentinelle.dz\/#organization","name":"Quotidien La Sentinelle","url":"https:\/\/lasentinelle.dz\/","logo":{"@type":"ImageObject","inLanguage":"fr-FR","@id":"https:\/\/lasentinelle.dz\/#\/schema\/logo\/image\/","url":"https:\/\/lasentinelle.dz\/wp-content\/uploads\/2021\/09\/logo-sentinelleSLOGAN-1.png","contentUrl":"https:\/\/lasentinelle.dz\/wp-content\/uploads\/2021\/09\/logo-sentinelleSLOGAN-1.png","width":615,"height":142,"caption":"Quotidien La Sentinelle"},"image":{"@id":"https:\/\/lasentinelle.dz\/#\/schema\/logo\/image\/"},"sameAs":["https:\/\/www.facebook.com\/La-Sentinelle-104059864394773"]},{"@type":"Person","@id":"https:\/\/lasentinelle.dz\/#\/schema\/person\/d865044e22e70a75174ce8bcad3acfb3","name":"La Sentinelle","image":{"@type":"ImageObject","inLanguage":"fr-FR","@id":"https:\/\/secure.gravatar.com\/avatar\/57de8e5d4b15d43fb361a71fbb36338450fe67865b528a43dd10ef7c51a20392?s=96&d=mm&r=g","url":"https:\/\/secure.gravatar.com\/avatar\/57de8e5d4b15d43fb361a71fbb36338450fe67865b528a43dd10ef7c51a20392?s=96&d=mm&r=g","contentUrl":"https:\/\/secure.gravatar.com\/avatar\/57de8e5d4b15d43fb361a71fbb36338450fe67865b528a43dd10ef7c51a20392?s=96&d=mm&r=g","caption":"La Sentinelle"},"sameAs":["http:\/\/www.lasentinelle.dz"],"url":"https:\/\/lasentinelle.dz\/author\/redaction\/"}]}},"_links":{"self":[{"href":"https:\/\/lasentinelle.dz\/index.php\/wp-json\/wp\/v2\/posts\/47413","targetHints":{"allow":["GET"]}}],"collection":[{"href":"https:\/\/lasentinelle.dz\/index.php\/wp-json\/wp\/v2\/posts"}],"about":[{"href":"https:\/\/lasentinelle.dz\/index.php\/wp-json\/wp\/v2\/types\/post"}],"author":[{"embeddable":true,"href":"https:\/\/lasentinelle.dz\/index.php\/wp-json\/wp\/v2\/users\/3"}],"replies":[{"embeddable":true,"href":"https:\/\/lasentinelle.dz\/index.php\/wp-json\/wp\/v2\/comments?post=47413"}],"version-history":[{"count":1,"href":"https:\/\/lasentinelle.dz\/index.php\/wp-json\/wp\/v2\/posts\/47413\/revisions"}],"predecessor-version":[{"id":47414,"href":"https:\/\/lasentinelle.dz\/index.php\/wp-json\/wp\/v2\/posts\/47413\/revisions\/47414"}],"wp:featuredmedia":[{"embeddable":true,"href":"https:\/\/lasentinelle.dz\/index.php\/wp-json\/wp\/v2\/media\/35776"}],"wp:attachment":[{"href":"https:\/\/lasentinelle.dz\/index.php\/wp-json\/wp\/v2\/media?parent=47413"}],"wp:term":[{"taxonomy":"category","embeddable":true,"href":"https:\/\/lasentinelle.dz\/index.php\/wp-json\/wp\/v2\/categories?post=47413"},{"taxonomy":"post_tag","embeddable":true,"href":"https:\/\/lasentinelle.dz\/index.php\/wp-json\/wp\/v2\/tags?post=47413"}],"curies":[{"name":"wp","href":"https:\/\/api.w.org\/{rel}","templated":true}]}}