{"id":47418,"date":"2023-11-26T10:34:04","date_gmt":"2023-11-26T09:34:04","guid":{"rendered":"https:\/\/lasentinelle.dz\/?p=47418"},"modified":"2023-11-26T13:36:25","modified_gmt":"2023-11-26T12:36:25","slug":"assemblee-populaire-nationale-le-debat-sur-le-projet-de-loi-de-finances-pour-2024-souvre-demain","status":"publish","type":"post","link":"https:\/\/lasentinelle.dz\/index.php\/2023\/11\/26\/assemblee-populaire-nationale-le-debat-sur-le-projet-de-loi-de-finances-pour-2024-souvre-demain\/","title":{"rendered":"Assembl\u00e9e populaire nationale\u00a0: Le d\u00e9bat sur le projet de loi de finances pour 2024 s\u2019ouvre demain"},"content":{"rendered":"\n<p>Les d\u00e9bats parlementaires autour du projet de loi de finances pour 2024 doivent s\u2019ouvrir demain \u00e0 l\u2019Assembl\u00e9e populaire nationale, apr\u00e8s plusieurs jours d\u2019auditions des membres de l\u2019Ex\u00e9cutif et de divers responsables d\u2019administrations et entreprises publiques au niveau de la commission des finances et du budget. Jeudi, le bureau de l\u2019Assembl\u00e9e populaire nationale a arr\u00eat\u00e9 le calendrier des travaux de la chambre basse du Parlement qui devront reprendre demain avec la pr\u00e9sentation et l\u2019ouverture des d\u00e9bats autour du projet de budget de l\u2019\u00c9tat pour le prochain exercice. Selon un communiqu\u00e9 de l\u2019APN publi\u00e9 vendredi, le d\u00e9bat autour du PLF 2024 se poursuivra, mardi et mercredi, avant la r\u00e9ponse du ministre des Finances. Le texte devrait \u00eatre vot\u00e9 le 5 d\u00e9cembre lors d\u2019une pl\u00e9ni\u00e8re. Il est utile de souligner que le texte devra aussi \u00eatre d\u00e9battu et vot\u00e9 par le Conseil de la Nation. Le processus d\u2019examen du projet de loi de finances par les deux chambres du Parlement doit, rappelons-le s\u2019achever avant la fin du mois de d\u00e9cembre, pour \u00eatre sign\u00e9 par le pr\u00e9sident de la R\u00e9publique avant le 31 d\u00e9cembre, pour permettre sa promulgation et son entr\u00e9e en vigueur le 1<sup>er<\/sup> janvier.<\/p>\n\n\n\n<p>Rappelons que le projet de budget pour 2024 pr\u00e9voit des d\u00e9penses publiques en hausse \u00e0 15.275 milliards de DA, dont 18% destin\u00e9es \u00e0 l&rsquo;investissement public. Le PLF pr\u00e9voit une hausse des d\u00e9penses li\u00e9es au volet social li\u00e9es aux mesures prises pour am\u00e9liorer le pouvoir d\u2019achat des m\u00e9nages et prendre en charge l\u2019impact financier de la hausse des salaires de la fonction publique dans le cadre de la deuxi\u00e8me phase de la grille indiciaire et la promulgation des statuts particulier de l\u2019\u00c9ducation nationale, de l\u2019enseignement sup\u00e9rieur et de la sant\u00e9.&nbsp; Le texte pr\u00e9voit des mesures pour att\u00e9nuer les effets de la hausse de prix. &nbsp;Selon les chiffres pr\u00e9sent\u00e9s par le ministre, le projet de la loi des finances pour 2024 pr\u00e9voit des recettes de 9.105,3 milliards de DA, en l\u00e9g\u00e8re baisse de 0,82% par rapport aux recettes estim\u00e9es dans les pr\u00e9visions de cl\u00f4ture de l&rsquo;ann\u00e9e 2023, dont 3.512,3 milliards de DA de recettes pour la fiscalit\u00e9 p\u00e9troli\u00e8re. Quant aux d\u00e9penses en 2024 , elle s&rsquo;\u00e9l\u00e8veront selon le projet de la loi des finances \u00e0 15.292,47 milliards de DA pour les autorisations d&rsquo;engagement et 15.275,28 milliards de DA pour les cr\u00e9dits de paiement selon le portefeuille de programmes et conform\u00e9ment aux dispositions de la loi organique relative aux lois des finances, la structure des programmes ayant \u00e9t\u00e9 r\u00e9vis\u00e9e apr\u00e8s l&rsquo;ach\u00e8vement des d\u00e9bats budg\u00e9taires men\u00e9s avec les diff\u00e9rents d\u00e9partement minist\u00e9riels, pour atteindre 50 portefeuilles de programmes comprenant 141 programmes et 293 sous-programmes. Le budget de l&rsquo;Etat pour l&rsquo;ann\u00e9e 2024 est r\u00e9parti, selon la nature des d\u00e9penses, sur les d\u00e9penses d\u00e9di\u00e9es aux personnels, de l&rsquo;ordre de 5.155,67 milliards de DA, d\u00e9penses de gestion des services 632,87 milliards de DA, d\u00e9penses d&rsquo;investissement estim\u00e9es \u00e0 2.894,58 milliards de DA d&rsquo;autorisation d&rsquo;engagement et 2.809,36 milliards de DA de cr\u00e9dits de paiement, soit 18,9% et 18,4% respectivement du total des cr\u00e9dits du budget. S&rsquo;agissant du nouveau programme d&rsquo;investissement public, l&rsquo;enveloppe budg\u00e9taire pr\u00e9vue pour l&rsquo;ann\u00e9e 2024 d\u00e9di\u00e9e aux nouvelles op\u00e9rations est estim\u00e9e \u00e0 2.405,33 milliards de DA d&rsquo;autorisation d&rsquo;engagement et 1.356,57 milliards de DA de cr\u00e9dits de paiement.<\/p>\n\n\n\n<p><strong>Sabrina Aziouez<\/strong><\/p>\n","protected":false},"excerpt":{"rendered":"<p>Les d\u00e9bats parlementaires autour du projet de loi de finances pour 2024 doivent s\u2019ouvrir demain \u00e0 l\u2019Assembl\u00e9e populaire nationale, apr\u00e8s<\/p>\n","protected":false},"author":3,"featured_media":45267,"comment_status":"open","ping_status":"closed","sticky":false,"template":"","format":"standard","meta":{"colormag_page_container_layout":"default_layout","colormag_page_sidebar_layout":"default_layout","om_disable_all_campaigns":false,"_monsterinsights_skip_tracking":false,"_monsterinsights_sitenote_active":false,"_monsterinsights_sitenote_note":"","_monsterinsights_sitenote_category":0,"footnotes":"","_wpscppro_dont_share_socialmedia":false,"_wpscppro_custom_social_share_image":0,"_facebook_share_type":"","_twitter_share_type":"","_linkedin_share_type":"","_pinterest_share_type":"","_linkedin_share_type_page":"","_instagram_share_type":"","_medium_share_type":"","_threads_share_type":"","_google_business_share_type":"","_selected_social_profile":[],"_wpsp_enable_custom_social_template":false,"_wpsp_social_scheduling":{"enabled":false,"datetime":null,"platforms":[],"status":"template_only","dateOption":"today","timeOption":"now","customDays":"","customHours":"","customDate":"","customTime":"","schedulingType":"absolute"},"_wpsp_active_default_template":true},"categories":[27],"tags":[],"class_list":["post-47418","post","type-post","status-publish","format-standard","has-post-thumbnail","hentry","category-actualite"],"aioseo_notices":[],"yoast_head":"<!-- This site is optimized with the Yoast SEO plugin v27.5 - https:\/\/yoast.com\/product\/yoast-seo-wordpress\/ -->\n<title>Assembl\u00e9e populaire nationale\u00a0: Le d\u00e9bat sur le projet de loi de finances pour 2024 s\u2019ouvre demain - La Sentinelle<\/title>\n<meta name=\"robots\" content=\"index, follow, max-snippet:-1, max-image-preview:large, max-video-preview:-1\" \/>\n<link rel=\"canonical\" href=\"https:\/\/lasentinelle.dz\/index.php\/2023\/11\/26\/assemblee-populaire-nationale-le-debat-sur-le-projet-de-loi-de-finances-pour-2024-souvre-demain\/\" \/>\n<meta property=\"og:locale\" content=\"fr_FR\" \/>\n<meta property=\"og:type\" content=\"article\" \/>\n<meta property=\"og:title\" content=\"Assembl\u00e9e populaire nationale\u00a0: Le d\u00e9bat sur le projet de loi de finances pour 2024 s\u2019ouvre demain - La Sentinelle\" \/>\n<meta property=\"og:description\" content=\"Les d\u00e9bats parlementaires autour du projet de loi de finances pour 2024 doivent s\u2019ouvrir demain \u00e0 l\u2019Assembl\u00e9e populaire nationale, apr\u00e8s\" \/>\n<meta property=\"og:url\" content=\"https:\/\/lasentinelle.dz\/index.php\/2023\/11\/26\/assemblee-populaire-nationale-le-debat-sur-le-projet-de-loi-de-finances-pour-2024-souvre-demain\/\" \/>\n<meta property=\"og:site_name\" content=\"La Sentinelle\" \/>\n<meta property=\"article:publisher\" content=\"https:\/\/www.facebook.com\/La-Sentinelle-104059864394773\" \/>\n<meta property=\"article:published_time\" content=\"2023-11-26T09:34:04+00:00\" \/>\n<meta property=\"article:modified_time\" content=\"2023-11-26T12:36:25+00:00\" \/>\n<meta property=\"og:image\" content=\"https:\/\/lasentinelle.dz\/wp-content\/uploads\/2023\/09\/apn--scaled.jpeg\" \/>\n\t<meta property=\"og:image:width\" content=\"2560\" \/>\n\t<meta property=\"og:image:height\" content=\"1826\" \/>\n\t<meta property=\"og:image:type\" content=\"image\/jpeg\" \/>\n<meta name=\"author\" content=\"La Sentinelle\" \/>\n<meta name=\"twitter:card\" content=\"summary_large_image\" \/>\n<meta name=\"twitter:label1\" content=\"\u00c9crit par\" \/>\n\t<meta name=\"twitter:data1\" content=\"La Sentinelle\" \/>\n\t<meta name=\"twitter:label2\" content=\"Dur\u00e9e de lecture estim\u00e9e\" \/>\n\t<meta name=\"twitter:data2\" content=\"3 minutes\" \/>\n<script type=\"application\/ld+json\" class=\"yoast-schema-graph\">{\"@context\":\"https:\\\/\\\/schema.org\",\"@graph\":[{\"@type\":\"Article\",\"@id\":\"https:\\\/\\\/lasentinelle.dz\\\/index.php\\\/2023\\\/11\\\/26\\\/assemblee-populaire-nationale-le-debat-sur-le-projet-de-loi-de-finances-pour-2024-souvre-demain\\\/#article\",\"isPartOf\":{\"@id\":\"https:\\\/\\\/lasentinelle.dz\\\/index.php\\\/2023\\\/11\\\/26\\\/assemblee-populaire-nationale-le-debat-sur-le-projet-de-loi-de-finances-pour-2024-souvre-demain\\\/\"},\"author\":{\"name\":\"La Sentinelle\",\"@id\":\"https:\\\/\\\/lasentinelle.dz\\\/#\\\/schema\\\/person\\\/d865044e22e70a75174ce8bcad3acfb3\"},\"headline\":\"Assembl\u00e9e populaire nationale\u00a0: Le d\u00e9bat sur le projet de loi de finances pour 2024 s\u2019ouvre demain\",\"datePublished\":\"2023-11-26T09:34:04+00:00\",\"dateModified\":\"2023-11-26T12:36:25+00:00\",\"mainEntityOfPage\":{\"@id\":\"https:\\\/\\\/lasentinelle.dz\\\/index.php\\\/2023\\\/11\\\/26\\\/assemblee-populaire-nationale-le-debat-sur-le-projet-de-loi-de-finances-pour-2024-souvre-demain\\\/\"},\"wordCount\":627,\"commentCount\":0,\"publisher\":{\"@id\":\"https:\\\/\\\/lasentinelle.dz\\\/#organization\"},\"image\":{\"@id\":\"https:\\\/\\\/lasentinelle.dz\\\/index.php\\\/2023\\\/11\\\/26\\\/assemblee-populaire-nationale-le-debat-sur-le-projet-de-loi-de-finances-pour-2024-souvre-demain\\\/#primaryimage\"},\"thumbnailUrl\":\"https:\\\/\\\/lasentinelle.dz\\\/wp-content\\\/uploads\\\/2023\\\/09\\\/apn--scaled.jpeg\",\"articleSection\":[\"Actualit\u00e9\"],\"inLanguage\":\"fr-FR\",\"potentialAction\":[{\"@type\":\"CommentAction\",\"name\":\"Comment\",\"target\":[\"https:\\\/\\\/lasentinelle.dz\\\/index.php\\\/2023\\\/11\\\/26\\\/assemblee-populaire-nationale-le-debat-sur-le-projet-de-loi-de-finances-pour-2024-souvre-demain\\\/#respond\"]}]},{\"@type\":\"WebPage\",\"@id\":\"https:\\\/\\\/lasentinelle.dz\\\/index.php\\\/2023\\\/11\\\/26\\\/assemblee-populaire-nationale-le-debat-sur-le-projet-de-loi-de-finances-pour-2024-souvre-demain\\\/\",\"url\":\"https:\\\/\\\/lasentinelle.dz\\\/index.php\\\/2023\\\/11\\\/26\\\/assemblee-populaire-nationale-le-debat-sur-le-projet-de-loi-de-finances-pour-2024-souvre-demain\\\/\",\"name\":\"Assembl\u00e9e populaire nationale\u00a0: Le d\u00e9bat sur le projet de loi de finances pour 2024 s\u2019ouvre demain - La Sentinelle\",\"isPartOf\":{\"@id\":\"https:\\\/\\\/lasentinelle.dz\\\/#website\"},\"primaryImageOfPage\":{\"@id\":\"https:\\\/\\\/lasentinelle.dz\\\/index.php\\\/2023\\\/11\\\/26\\\/assemblee-populaire-nationale-le-debat-sur-le-projet-de-loi-de-finances-pour-2024-souvre-demain\\\/#primaryimage\"},\"image\":{\"@id\":\"https:\\\/\\\/lasentinelle.dz\\\/index.php\\\/2023\\\/11\\\/26\\\/assemblee-populaire-nationale-le-debat-sur-le-projet-de-loi-de-finances-pour-2024-souvre-demain\\\/#primaryimage\"},\"thumbnailUrl\":\"https:\\\/\\\/lasentinelle.dz\\\/wp-content\\\/uploads\\\/2023\\\/09\\\/apn--scaled.jpeg\",\"datePublished\":\"2023-11-26T09:34:04+00:00\",\"dateModified\":\"2023-11-26T12:36:25+00:00\",\"breadcrumb\":{\"@id\":\"https:\\\/\\\/lasentinelle.dz\\\/index.php\\\/2023\\\/11\\\/26\\\/assemblee-populaire-nationale-le-debat-sur-le-projet-de-loi-de-finances-pour-2024-souvre-demain\\\/#breadcrumb\"},\"inLanguage\":\"fr-FR\",\"potentialAction\":[{\"@type\":\"ReadAction\",\"target\":[\"https:\\\/\\\/lasentinelle.dz\\\/index.php\\\/2023\\\/11\\\/26\\\/assemblee-populaire-nationale-le-debat-sur-le-projet-de-loi-de-finances-pour-2024-souvre-demain\\\/\"]}]},{\"@type\":\"ImageObject\",\"inLanguage\":\"fr-FR\",\"@id\":\"https:\\\/\\\/lasentinelle.dz\\\/index.php\\\/2023\\\/11\\\/26\\\/assemblee-populaire-nationale-le-debat-sur-le-projet-de-loi-de-finances-pour-2024-souvre-demain\\\/#primaryimage\",\"url\":\"https:\\\/\\\/lasentinelle.dz\\\/wp-content\\\/uploads\\\/2023\\\/09\\\/apn--scaled.jpeg\",\"contentUrl\":\"https:\\\/\\\/lasentinelle.dz\\\/wp-content\\\/uploads\\\/2023\\\/09\\\/apn--scaled.jpeg\",\"width\":2560,\"height\":1826},{\"@type\":\"BreadcrumbList\",\"@id\":\"https:\\\/\\\/lasentinelle.dz\\\/index.php\\\/2023\\\/11\\\/26\\\/assemblee-populaire-nationale-le-debat-sur-le-projet-de-loi-de-finances-pour-2024-souvre-demain\\\/#breadcrumb\",\"itemListElement\":[{\"@type\":\"ListItem\",\"position\":1,\"name\":\"Accueil\",\"item\":\"https:\\\/\\\/lasentinelle.dz\\\/\"},{\"@type\":\"ListItem\",\"position\":2,\"name\":\"Assembl\u00e9e populaire nationale\u00a0: Le d\u00e9bat sur le projet de loi de finances pour 2024 s\u2019ouvre demain\"}]},{\"@type\":\"WebSite\",\"@id\":\"https:\\\/\\\/lasentinelle.dz\\\/#website\",\"url\":\"https:\\\/\\\/lasentinelle.dz\\\/\",\"name\":\"La Sentinelle\",\"description\":\"Quotidien national d&#039;information\",\"publisher\":{\"@id\":\"https:\\\/\\\/lasentinelle.dz\\\/#organization\"},\"potentialAction\":[{\"@type\":\"SearchAction\",\"target\":{\"@type\":\"EntryPoint\",\"urlTemplate\":\"https:\\\/\\\/lasentinelle.dz\\\/?s={search_term_string}\"},\"query-input\":{\"@type\":\"PropertyValueSpecification\",\"valueRequired\":true,\"valueName\":\"search_term_string\"}}],\"inLanguage\":\"fr-FR\"},{\"@type\":\"Organization\",\"@id\":\"https:\\\/\\\/lasentinelle.dz\\\/#organization\",\"name\":\"Quotidien La Sentinelle\",\"url\":\"https:\\\/\\\/lasentinelle.dz\\\/\",\"logo\":{\"@type\":\"ImageObject\",\"inLanguage\":\"fr-FR\",\"@id\":\"https:\\\/\\\/lasentinelle.dz\\\/#\\\/schema\\\/logo\\\/image\\\/\",\"url\":\"https:\\\/\\\/lasentinelle.dz\\\/wp-content\\\/uploads\\\/2021\\\/09\\\/logo-sentinelleSLOGAN-1.png\",\"contentUrl\":\"https:\\\/\\\/lasentinelle.dz\\\/wp-content\\\/uploads\\\/2021\\\/09\\\/logo-sentinelleSLOGAN-1.png\",\"width\":615,\"height\":142,\"caption\":\"Quotidien La Sentinelle\"},\"image\":{\"@id\":\"https:\\\/\\\/lasentinelle.dz\\\/#\\\/schema\\\/logo\\\/image\\\/\"},\"sameAs\":[\"https:\\\/\\\/www.facebook.com\\\/La-Sentinelle-104059864394773\"]},{\"@type\":\"Person\",\"@id\":\"https:\\\/\\\/lasentinelle.dz\\\/#\\\/schema\\\/person\\\/d865044e22e70a75174ce8bcad3acfb3\",\"name\":\"La Sentinelle\",\"image\":{\"@type\":\"ImageObject\",\"inLanguage\":\"fr-FR\",\"@id\":\"https:\\\/\\\/secure.gravatar.com\\\/avatar\\\/57de8e5d4b15d43fb361a71fbb36338450fe67865b528a43dd10ef7c51a20392?s=96&d=mm&r=g\",\"url\":\"https:\\\/\\\/secure.gravatar.com\\\/avatar\\\/57de8e5d4b15d43fb361a71fbb36338450fe67865b528a43dd10ef7c51a20392?s=96&d=mm&r=g\",\"contentUrl\":\"https:\\\/\\\/secure.gravatar.com\\\/avatar\\\/57de8e5d4b15d43fb361a71fbb36338450fe67865b528a43dd10ef7c51a20392?s=96&d=mm&r=g\",\"caption\":\"La Sentinelle\"},\"sameAs\":[\"http:\\\/\\\/www.lasentinelle.dz\"],\"url\":\"https:\\\/\\\/lasentinelle.dz\\\/author\\\/redaction\\\/\"}]}<\/script>\n<!-- \/ Yoast SEO plugin. -->","yoast_head_json":{"title":"Assembl\u00e9e populaire nationale\u00a0: Le d\u00e9bat sur le projet de loi de finances pour 2024 s\u2019ouvre demain - La Sentinelle","robots":{"index":"index","follow":"follow","max-snippet":"max-snippet:-1","max-image-preview":"max-image-preview:large","max-video-preview":"max-video-preview:-1"},"canonical":"https:\/\/lasentinelle.dz\/index.php\/2023\/11\/26\/assemblee-populaire-nationale-le-debat-sur-le-projet-de-loi-de-finances-pour-2024-souvre-demain\/","og_locale":"fr_FR","og_type":"article","og_title":"Assembl\u00e9e populaire nationale\u00a0: Le d\u00e9bat sur le projet de loi de finances pour 2024 s\u2019ouvre demain - La Sentinelle","og_description":"Les d\u00e9bats parlementaires autour du projet de loi de finances pour 2024 doivent s\u2019ouvrir demain \u00e0 l\u2019Assembl\u00e9e populaire nationale, apr\u00e8s","og_url":"https:\/\/lasentinelle.dz\/index.php\/2023\/11\/26\/assemblee-populaire-nationale-le-debat-sur-le-projet-de-loi-de-finances-pour-2024-souvre-demain\/","og_site_name":"La Sentinelle","article_publisher":"https:\/\/www.facebook.com\/La-Sentinelle-104059864394773","article_published_time":"2023-11-26T09:34:04+00:00","article_modified_time":"2023-11-26T12:36:25+00:00","og_image":[{"width":2560,"height":1826,"url":"https:\/\/lasentinelle.dz\/wp-content\/uploads\/2023\/09\/apn--scaled.jpeg","type":"image\/jpeg"}],"author":"La Sentinelle","twitter_card":"summary_large_image","twitter_misc":{"\u00c9crit par":"La Sentinelle","Dur\u00e9e de lecture estim\u00e9e":"3 minutes"},"schema":{"@context":"https:\/\/schema.org","@graph":[{"@type":"Article","@id":"https:\/\/lasentinelle.dz\/index.php\/2023\/11\/26\/assemblee-populaire-nationale-le-debat-sur-le-projet-de-loi-de-finances-pour-2024-souvre-demain\/#article","isPartOf":{"@id":"https:\/\/lasentinelle.dz\/index.php\/2023\/11\/26\/assemblee-populaire-nationale-le-debat-sur-le-projet-de-loi-de-finances-pour-2024-souvre-demain\/"},"author":{"name":"La Sentinelle","@id":"https:\/\/lasentinelle.dz\/#\/schema\/person\/d865044e22e70a75174ce8bcad3acfb3"},"headline":"Assembl\u00e9e populaire nationale\u00a0: Le d\u00e9bat sur le projet de loi de finances pour 2024 s\u2019ouvre demain","datePublished":"2023-11-26T09:34:04+00:00","dateModified":"2023-11-26T12:36:25+00:00","mainEntityOfPage":{"@id":"https:\/\/lasentinelle.dz\/index.php\/2023\/11\/26\/assemblee-populaire-nationale-le-debat-sur-le-projet-de-loi-de-finances-pour-2024-souvre-demain\/"},"wordCount":627,"commentCount":0,"publisher":{"@id":"https:\/\/lasentinelle.dz\/#organization"},"image":{"@id":"https:\/\/lasentinelle.dz\/index.php\/2023\/11\/26\/assemblee-populaire-nationale-le-debat-sur-le-projet-de-loi-de-finances-pour-2024-souvre-demain\/#primaryimage"},"thumbnailUrl":"https:\/\/lasentinelle.dz\/wp-content\/uploads\/2023\/09\/apn--scaled.jpeg","articleSection":["Actualit\u00e9"],"inLanguage":"fr-FR","potentialAction":[{"@type":"CommentAction","name":"Comment","target":["https:\/\/lasentinelle.dz\/index.php\/2023\/11\/26\/assemblee-populaire-nationale-le-debat-sur-le-projet-de-loi-de-finances-pour-2024-souvre-demain\/#respond"]}]},{"@type":"WebPage","@id":"https:\/\/lasentinelle.dz\/index.php\/2023\/11\/26\/assemblee-populaire-nationale-le-debat-sur-le-projet-de-loi-de-finances-pour-2024-souvre-demain\/","url":"https:\/\/lasentinelle.dz\/index.php\/2023\/11\/26\/assemblee-populaire-nationale-le-debat-sur-le-projet-de-loi-de-finances-pour-2024-souvre-demain\/","name":"Assembl\u00e9e populaire nationale\u00a0: Le d\u00e9bat sur le projet de loi de finances pour 2024 s\u2019ouvre demain - La Sentinelle","isPartOf":{"@id":"https:\/\/lasentinelle.dz\/#website"},"primaryImageOfPage":{"@id":"https:\/\/lasentinelle.dz\/index.php\/2023\/11\/26\/assemblee-populaire-nationale-le-debat-sur-le-projet-de-loi-de-finances-pour-2024-souvre-demain\/#primaryimage"},"image":{"@id":"https:\/\/lasentinelle.dz\/index.php\/2023\/11\/26\/assemblee-populaire-nationale-le-debat-sur-le-projet-de-loi-de-finances-pour-2024-souvre-demain\/#primaryimage"},"thumbnailUrl":"https:\/\/lasentinelle.dz\/wp-content\/uploads\/2023\/09\/apn--scaled.jpeg","datePublished":"2023-11-26T09:34:04+00:00","dateModified":"2023-11-26T12:36:25+00:00","breadcrumb":{"@id":"https:\/\/lasentinelle.dz\/index.php\/2023\/11\/26\/assemblee-populaire-nationale-le-debat-sur-le-projet-de-loi-de-finances-pour-2024-souvre-demain\/#breadcrumb"},"inLanguage":"fr-FR","potentialAction":[{"@type":"ReadAction","target":["https:\/\/lasentinelle.dz\/index.php\/2023\/11\/26\/assemblee-populaire-nationale-le-debat-sur-le-projet-de-loi-de-finances-pour-2024-souvre-demain\/"]}]},{"@type":"ImageObject","inLanguage":"fr-FR","@id":"https:\/\/lasentinelle.dz\/index.php\/2023\/11\/26\/assemblee-populaire-nationale-le-debat-sur-le-projet-de-loi-de-finances-pour-2024-souvre-demain\/#primaryimage","url":"https:\/\/lasentinelle.dz\/wp-content\/uploads\/2023\/09\/apn--scaled.jpeg","contentUrl":"https:\/\/lasentinelle.dz\/wp-content\/uploads\/2023\/09\/apn--scaled.jpeg","width":2560,"height":1826},{"@type":"BreadcrumbList","@id":"https:\/\/lasentinelle.dz\/index.php\/2023\/11\/26\/assemblee-populaire-nationale-le-debat-sur-le-projet-de-loi-de-finances-pour-2024-souvre-demain\/#breadcrumb","itemListElement":[{"@type":"ListItem","position":1,"name":"Accueil","item":"https:\/\/lasentinelle.dz\/"},{"@type":"ListItem","position":2,"name":"Assembl\u00e9e populaire nationale\u00a0: Le d\u00e9bat sur le projet de loi de finances pour 2024 s\u2019ouvre demain"}]},{"@type":"WebSite","@id":"https:\/\/lasentinelle.dz\/#website","url":"https:\/\/lasentinelle.dz\/","name":"La Sentinelle","description":"Quotidien national d&#039;information","publisher":{"@id":"https:\/\/lasentinelle.dz\/#organization"},"potentialAction":[{"@type":"SearchAction","target":{"@type":"EntryPoint","urlTemplate":"https:\/\/lasentinelle.dz\/?s={search_term_string}"},"query-input":{"@type":"PropertyValueSpecification","valueRequired":true,"valueName":"search_term_string"}}],"inLanguage":"fr-FR"},{"@type":"Organization","@id":"https:\/\/lasentinelle.dz\/#organization","name":"Quotidien La Sentinelle","url":"https:\/\/lasentinelle.dz\/","logo":{"@type":"ImageObject","inLanguage":"fr-FR","@id":"https:\/\/lasentinelle.dz\/#\/schema\/logo\/image\/","url":"https:\/\/lasentinelle.dz\/wp-content\/uploads\/2021\/09\/logo-sentinelleSLOGAN-1.png","contentUrl":"https:\/\/lasentinelle.dz\/wp-content\/uploads\/2021\/09\/logo-sentinelleSLOGAN-1.png","width":615,"height":142,"caption":"Quotidien La Sentinelle"},"image":{"@id":"https:\/\/lasentinelle.dz\/#\/schema\/logo\/image\/"},"sameAs":["https:\/\/www.facebook.com\/La-Sentinelle-104059864394773"]},{"@type":"Person","@id":"https:\/\/lasentinelle.dz\/#\/schema\/person\/d865044e22e70a75174ce8bcad3acfb3","name":"La Sentinelle","image":{"@type":"ImageObject","inLanguage":"fr-FR","@id":"https:\/\/secure.gravatar.com\/avatar\/57de8e5d4b15d43fb361a71fbb36338450fe67865b528a43dd10ef7c51a20392?s=96&d=mm&r=g","url":"https:\/\/secure.gravatar.com\/avatar\/57de8e5d4b15d43fb361a71fbb36338450fe67865b528a43dd10ef7c51a20392?s=96&d=mm&r=g","contentUrl":"https:\/\/secure.gravatar.com\/avatar\/57de8e5d4b15d43fb361a71fbb36338450fe67865b528a43dd10ef7c51a20392?s=96&d=mm&r=g","caption":"La Sentinelle"},"sameAs":["http:\/\/www.lasentinelle.dz"],"url":"https:\/\/lasentinelle.dz\/author\/redaction\/"}]}},"_links":{"self":[{"href":"https:\/\/lasentinelle.dz\/index.php\/wp-json\/wp\/v2\/posts\/47418","targetHints":{"allow":["GET"]}}],"collection":[{"href":"https:\/\/lasentinelle.dz\/index.php\/wp-json\/wp\/v2\/posts"}],"about":[{"href":"https:\/\/lasentinelle.dz\/index.php\/wp-json\/wp\/v2\/types\/post"}],"author":[{"embeddable":true,"href":"https:\/\/lasentinelle.dz\/index.php\/wp-json\/wp\/v2\/users\/3"}],"replies":[{"embeddable":true,"href":"https:\/\/lasentinelle.dz\/index.php\/wp-json\/wp\/v2\/comments?post=47418"}],"version-history":[{"count":1,"href":"https:\/\/lasentinelle.dz\/index.php\/wp-json\/wp\/v2\/posts\/47418\/revisions"}],"predecessor-version":[{"id":47419,"href":"https:\/\/lasentinelle.dz\/index.php\/wp-json\/wp\/v2\/posts\/47418\/revisions\/47419"}],"wp:featuredmedia":[{"embeddable":true,"href":"https:\/\/lasentinelle.dz\/index.php\/wp-json\/wp\/v2\/media\/45267"}],"wp:attachment":[{"href":"https:\/\/lasentinelle.dz\/index.php\/wp-json\/wp\/v2\/media?parent=47418"}],"wp:term":[{"taxonomy":"category","embeddable":true,"href":"https:\/\/lasentinelle.dz\/index.php\/wp-json\/wp\/v2\/categories?post=47418"},{"taxonomy":"post_tag","embeddable":true,"href":"https:\/\/lasentinelle.dz\/index.php\/wp-json\/wp\/v2\/tags?post=47418"}],"curies":[{"name":"wp","href":"https:\/\/api.w.org\/{rel}","templated":true}]}}