{"id":47444,"date":"2023-11-26T22:15:43","date_gmt":"2023-11-26T21:15:43","guid":{"rendered":"https:\/\/lasentinelle.dz\/?p=47444"},"modified":"2023-11-26T22:15:46","modified_gmt":"2023-11-26T21:15:46","slug":"setif-lex-p-apc-de-tizi-nebchar-condamne-a-5-ans-de-prison","status":"publish","type":"post","link":"https:\/\/lasentinelle.dz\/index.php\/2023\/11\/26\/setif-lex-p-apc-de-tizi-nebchar-condamne-a-5-ans-de-prison\/","title":{"rendered":"S\u00e9tif\u00a0: L\u2019ex P\/APC de Tizi Nebchar condamn\u00e9 \u00e0 5 ans de prison"},"content":{"rendered":"\n<p>L\u2019ancien P\/APC de Tizi Nebcharet plusieurs de ses complices sont poursuivis de faux usage de faux et abus de fonction.<\/p>\n\n\n\n<p>Le tribunal correctionnel de premi\u00e8re instance d\u2019El Eulma, relevant de la cours de justice de S\u00e9tif, a condamn\u00e9 (S.A) ancien P\/APC et (B.A) le secr\u00e9taire g\u00e9n\u00e9ral de l\u2019assembl\u00e9e communale populaire de Tizi Nebchar \u00e0 5 ans de prison ferme avec mandat de d\u00e9p\u00f4t en s\u00e9ance, apprend-t-on, de source judiciaire. La m\u00eame instance de justice a condamn\u00e9 (B.M) ancien adjoint du P\/APC, \u00e0 2 ans de prison avec sursis, a ajout\u00e9 la m\u00eame source. Les autres accus\u00e9s ont \u00e9cop\u00e9 de peines allant de six mois \u00e0 un an de prison avec sursis. Les deux premiers mis en cause dans cette affaire de corruption ont \u00e9t\u00e9 reconnus coupables de faux et usage de faux dans des \u00e9critures publics, de dilapidation de deniers publics et d\u2019abus de fonction. Les autres accus\u00e9s, quant \u00e0 eux, sont accus\u00e9s d&rsquo;intrusion dans un bien immobilier, d&rsquo;escroquerie et de cr\u00e9ation et vente au d\u00e9tail d\u2019un lotissement sans autorisation et autres d\u00e9passements. La g\u00e9n\u00e8re de l\u2019affaire remonte \u00e0 la contraction d\u2019une convention de transport scolaire avec des transporteurs priv\u00e9s, durant la p\u00e9riode allant de 2012 \u00e0 2017. D\u2019une valeur de 12 millions DA, le dit accord n\u2019\u00e9tait pas conforme aux proc\u00e9dures l\u00e9gales. Bien que l\u2019accord pr\u00e9sentait plusieurs violations et transgressions, dont le d\u00e9faut de publication sur au moins un m\u00e9dia du march\u00e9, il a avait \u00e9t\u00e9 approuv\u00e9, sans un examen approfondi, par les membres de l\u2019APC de l&rsquo;\u00e9poque par un vote \u00e0 main lev\u00e9e, nous dit-on. Ce qui repr\u00e9sente une transgression \u00e0 la r\u00e9glementation r\u00e9gissant le code des march\u00e9s publics, a-t-on expliqu\u00e9. En plus d\u2019autres violations, telles le d\u00e9faut d\u2019enregistrement du proc\u00e8s -verbal de la r\u00e9union du comit\u00e9 d\u2019ouverture et d\u2019\u00e9valuation des plis, ont \u00e9t\u00e9 constat\u00e9es. L\u2019absence de ce PV qui, a-t-on pr\u00e9cis\u00e9, n&rsquo;a pas \u00e9t\u00e9 inclus dans le dossier d&rsquo;\u00e9valuation, signifie que, les membres de la commission des march\u00e9s ne se sont jamais r\u00e9unis dans le cadre d&rsquo;une r\u00e9union officielle. Des \u00e9l\u00e9ments que l\u2019enqu\u00eate des services de s\u00e9curit\u00e9 charg\u00e9s du dossier ont mis \u00e0 nu l\u2019implication de l\u2019ex-P\/APC et ses coaccus\u00e9s dans cette affaire. D\u00e9f\u00e9r\u00e9s par devant le procureur de la r\u00e9publique du tribunal d\u2019El Eulma, le dossier de l\u2019affaire a \u00e9t\u00e9 aussit\u00f4t orient\u00e9 vers le juge d\u2019instruction de la m\u00eame instance de justice. Au bout de l\u2019instruction le magistrat instructeur \u00e0 retenu une batterie d\u2019accusations \u00e0 l\u2019encontre des accus\u00e9s, dont dilapidation de deniers publics, abus de fonction pour les uns, d\u00e9passements et transgressions de la r\u00e9glementation r\u00e9gissant le code des march\u00e9s pour les autres.<\/p>\n\n\n\n<p><strong>Sofia Chahine<\/strong><\/p>\n","protected":false},"excerpt":{"rendered":"<p>L\u2019ancien P\/APC de Tizi Nebcharet plusieurs de ses complices sont poursuivis de faux usage de faux et abus de fonction.<\/p>\n","protected":false},"author":3,"featured_media":41837,"comment_status":"open","ping_status":"closed","sticky":false,"template":"","format":"standard","meta":{"colormag_page_container_layout":"default_layout","colormag_page_sidebar_layout":"default_layout","om_disable_all_campaigns":false,"_monsterinsights_skip_tracking":false,"_monsterinsights_sitenote_active":false,"_monsterinsights_sitenote_note":"","_monsterinsights_sitenote_category":0,"footnotes":"","_wpscppro_dont_share_socialmedia":false,"_wpscppro_custom_social_share_image":0,"_facebook_share_type":"","_twitter_share_type":"","_linkedin_share_type":"","_pinterest_share_type":"","_linkedin_share_type_page":"","_instagram_share_type":"","_medium_share_type":"","_threads_share_type":"","_google_business_share_type":"","_selected_social_profile":[],"_wpsp_enable_custom_social_template":false,"_wpsp_social_scheduling":{"enabled":false,"datetime":null,"platforms":[],"status":"template_only","dateOption":"today","timeOption":"now","customDays":"","customHours":"","customDate":"","customTime":"","schedulingType":"absolute"},"_wpsp_active_default_template":true},"categories":[31],"tags":[],"class_list":["post-47444","post","type-post","status-publish","format-standard","has-post-thumbnail","hentry","category-regions"],"aioseo_notices":[],"yoast_head":"<!-- This site is optimized with the Yoast SEO plugin v27.5 - https:\/\/yoast.com\/product\/yoast-seo-wordpress\/ -->\n<title>S\u00e9tif\u00a0: L\u2019ex P\/APC de Tizi Nebchar condamn\u00e9 \u00e0 5 ans de prison - La Sentinelle<\/title>\n<meta name=\"robots\" content=\"index, follow, max-snippet:-1, max-image-preview:large, max-video-preview:-1\" \/>\n<link rel=\"canonical\" href=\"https:\/\/lasentinelle.dz\/index.php\/2023\/11\/26\/setif-lex-p-apc-de-tizi-nebchar-condamne-a-5-ans-de-prison\/\" \/>\n<meta property=\"og:locale\" content=\"fr_FR\" \/>\n<meta property=\"og:type\" content=\"article\" \/>\n<meta property=\"og:title\" content=\"S\u00e9tif\u00a0: L\u2019ex P\/APC de Tizi Nebchar condamn\u00e9 \u00e0 5 ans de prison - La Sentinelle\" \/>\n<meta property=\"og:description\" content=\"L\u2019ancien P\/APC de Tizi Nebcharet plusieurs de ses complices sont poursuivis de faux usage de faux et abus de fonction.\" \/>\n<meta property=\"og:url\" content=\"https:\/\/lasentinelle.dz\/index.php\/2023\/11\/26\/setif-lex-p-apc-de-tizi-nebchar-condamne-a-5-ans-de-prison\/\" \/>\n<meta property=\"og:site_name\" content=\"La Sentinelle\" \/>\n<meta property=\"article:publisher\" content=\"https:\/\/www.facebook.com\/La-Sentinelle-104059864394773\" \/>\n<meta property=\"article:published_time\" content=\"2023-11-26T21:15:43+00:00\" \/>\n<meta property=\"article:modified_time\" content=\"2023-11-26T21:15:46+00:00\" \/>\n<meta property=\"og:image\" content=\"https:\/\/lasentinelle.dz\/wp-content\/uploads\/2023\/05\/Justice.png\" \/>\n\t<meta property=\"og:image:width\" content=\"1579\" \/>\n\t<meta property=\"og:image:height\" content=\"900\" \/>\n\t<meta property=\"og:image:type\" content=\"image\/png\" \/>\n<meta name=\"author\" content=\"La Sentinelle\" \/>\n<meta name=\"twitter:card\" content=\"summary_large_image\" \/>\n<meta name=\"twitter:label1\" content=\"\u00c9crit par\" \/>\n\t<meta name=\"twitter:data1\" content=\"La Sentinelle\" \/>\n\t<meta name=\"twitter:label2\" content=\"Dur\u00e9e de lecture estim\u00e9e\" \/>\n\t<meta name=\"twitter:data2\" content=\"3 minutes\" \/>\n<script type=\"application\/ld+json\" class=\"yoast-schema-graph\">{\"@context\":\"https:\\\/\\\/schema.org\",\"@graph\":[{\"@type\":\"Article\",\"@id\":\"https:\\\/\\\/lasentinelle.dz\\\/index.php\\\/2023\\\/11\\\/26\\\/setif-lex-p-apc-de-tizi-nebchar-condamne-a-5-ans-de-prison\\\/#article\",\"isPartOf\":{\"@id\":\"https:\\\/\\\/lasentinelle.dz\\\/index.php\\\/2023\\\/11\\\/26\\\/setif-lex-p-apc-de-tizi-nebchar-condamne-a-5-ans-de-prison\\\/\"},\"author\":{\"name\":\"La Sentinelle\",\"@id\":\"https:\\\/\\\/lasentinelle.dz\\\/#\\\/schema\\\/person\\\/d865044e22e70a75174ce8bcad3acfb3\"},\"headline\":\"S\u00e9tif\u00a0: L\u2019ex P\\\/APC de Tizi Nebchar condamn\u00e9 \u00e0 5 ans de prison\",\"datePublished\":\"2023-11-26T21:15:43+00:00\",\"dateModified\":\"2023-11-26T21:15:46+00:00\",\"mainEntityOfPage\":{\"@id\":\"https:\\\/\\\/lasentinelle.dz\\\/index.php\\\/2023\\\/11\\\/26\\\/setif-lex-p-apc-de-tizi-nebchar-condamne-a-5-ans-de-prison\\\/\"},\"wordCount\":519,\"commentCount\":0,\"publisher\":{\"@id\":\"https:\\\/\\\/lasentinelle.dz\\\/#organization\"},\"image\":{\"@id\":\"https:\\\/\\\/lasentinelle.dz\\\/index.php\\\/2023\\\/11\\\/26\\\/setif-lex-p-apc-de-tizi-nebchar-condamne-a-5-ans-de-prison\\\/#primaryimage\"},\"thumbnailUrl\":\"https:\\\/\\\/lasentinelle.dz\\\/wp-content\\\/uploads\\\/2023\\\/05\\\/Justice.png\",\"articleSection\":[\"R\u00e9gions\"],\"inLanguage\":\"fr-FR\",\"potentialAction\":[{\"@type\":\"CommentAction\",\"name\":\"Comment\",\"target\":[\"https:\\\/\\\/lasentinelle.dz\\\/index.php\\\/2023\\\/11\\\/26\\\/setif-lex-p-apc-de-tizi-nebchar-condamne-a-5-ans-de-prison\\\/#respond\"]}]},{\"@type\":\"WebPage\",\"@id\":\"https:\\\/\\\/lasentinelle.dz\\\/index.php\\\/2023\\\/11\\\/26\\\/setif-lex-p-apc-de-tizi-nebchar-condamne-a-5-ans-de-prison\\\/\",\"url\":\"https:\\\/\\\/lasentinelle.dz\\\/index.php\\\/2023\\\/11\\\/26\\\/setif-lex-p-apc-de-tizi-nebchar-condamne-a-5-ans-de-prison\\\/\",\"name\":\"S\u00e9tif\u00a0: L\u2019ex P\\\/APC de Tizi Nebchar condamn\u00e9 \u00e0 5 ans de prison - La Sentinelle\",\"isPartOf\":{\"@id\":\"https:\\\/\\\/lasentinelle.dz\\\/#website\"},\"primaryImageOfPage\":{\"@id\":\"https:\\\/\\\/lasentinelle.dz\\\/index.php\\\/2023\\\/11\\\/26\\\/setif-lex-p-apc-de-tizi-nebchar-condamne-a-5-ans-de-prison\\\/#primaryimage\"},\"image\":{\"@id\":\"https:\\\/\\\/lasentinelle.dz\\\/index.php\\\/2023\\\/11\\\/26\\\/setif-lex-p-apc-de-tizi-nebchar-condamne-a-5-ans-de-prison\\\/#primaryimage\"},\"thumbnailUrl\":\"https:\\\/\\\/lasentinelle.dz\\\/wp-content\\\/uploads\\\/2023\\\/05\\\/Justice.png\",\"datePublished\":\"2023-11-26T21:15:43+00:00\",\"dateModified\":\"2023-11-26T21:15:46+00:00\",\"breadcrumb\":{\"@id\":\"https:\\\/\\\/lasentinelle.dz\\\/index.php\\\/2023\\\/11\\\/26\\\/setif-lex-p-apc-de-tizi-nebchar-condamne-a-5-ans-de-prison\\\/#breadcrumb\"},\"inLanguage\":\"fr-FR\",\"potentialAction\":[{\"@type\":\"ReadAction\",\"target\":[\"https:\\\/\\\/lasentinelle.dz\\\/index.php\\\/2023\\\/11\\\/26\\\/setif-lex-p-apc-de-tizi-nebchar-condamne-a-5-ans-de-prison\\\/\"]}]},{\"@type\":\"ImageObject\",\"inLanguage\":\"fr-FR\",\"@id\":\"https:\\\/\\\/lasentinelle.dz\\\/index.php\\\/2023\\\/11\\\/26\\\/setif-lex-p-apc-de-tizi-nebchar-condamne-a-5-ans-de-prison\\\/#primaryimage\",\"url\":\"https:\\\/\\\/lasentinelle.dz\\\/wp-content\\\/uploads\\\/2023\\\/05\\\/Justice.png\",\"contentUrl\":\"https:\\\/\\\/lasentinelle.dz\\\/wp-content\\\/uploads\\\/2023\\\/05\\\/Justice.png\",\"width\":1579,\"height\":900},{\"@type\":\"BreadcrumbList\",\"@id\":\"https:\\\/\\\/lasentinelle.dz\\\/index.php\\\/2023\\\/11\\\/26\\\/setif-lex-p-apc-de-tizi-nebchar-condamne-a-5-ans-de-prison\\\/#breadcrumb\",\"itemListElement\":[{\"@type\":\"ListItem\",\"position\":1,\"name\":\"Accueil\",\"item\":\"https:\\\/\\\/lasentinelle.dz\\\/\"},{\"@type\":\"ListItem\",\"position\":2,\"name\":\"S\u00e9tif\u00a0: L\u2019ex P\\\/APC de Tizi Nebchar condamn\u00e9 \u00e0 5 ans de prison\"}]},{\"@type\":\"WebSite\",\"@id\":\"https:\\\/\\\/lasentinelle.dz\\\/#website\",\"url\":\"https:\\\/\\\/lasentinelle.dz\\\/\",\"name\":\"La Sentinelle\",\"description\":\"Quotidien national d&#039;information\",\"publisher\":{\"@id\":\"https:\\\/\\\/lasentinelle.dz\\\/#organization\"},\"potentialAction\":[{\"@type\":\"SearchAction\",\"target\":{\"@type\":\"EntryPoint\",\"urlTemplate\":\"https:\\\/\\\/lasentinelle.dz\\\/?s={search_term_string}\"},\"query-input\":{\"@type\":\"PropertyValueSpecification\",\"valueRequired\":true,\"valueName\":\"search_term_string\"}}],\"inLanguage\":\"fr-FR\"},{\"@type\":\"Organization\",\"@id\":\"https:\\\/\\\/lasentinelle.dz\\\/#organization\",\"name\":\"Quotidien La Sentinelle\",\"url\":\"https:\\\/\\\/lasentinelle.dz\\\/\",\"logo\":{\"@type\":\"ImageObject\",\"inLanguage\":\"fr-FR\",\"@id\":\"https:\\\/\\\/lasentinelle.dz\\\/#\\\/schema\\\/logo\\\/image\\\/\",\"url\":\"https:\\\/\\\/lasentinelle.dz\\\/wp-content\\\/uploads\\\/2021\\\/09\\\/logo-sentinelleSLOGAN-1.png\",\"contentUrl\":\"https:\\\/\\\/lasentinelle.dz\\\/wp-content\\\/uploads\\\/2021\\\/09\\\/logo-sentinelleSLOGAN-1.png\",\"width\":615,\"height\":142,\"caption\":\"Quotidien La Sentinelle\"},\"image\":{\"@id\":\"https:\\\/\\\/lasentinelle.dz\\\/#\\\/schema\\\/logo\\\/image\\\/\"},\"sameAs\":[\"https:\\\/\\\/www.facebook.com\\\/La-Sentinelle-104059864394773\"]},{\"@type\":\"Person\",\"@id\":\"https:\\\/\\\/lasentinelle.dz\\\/#\\\/schema\\\/person\\\/d865044e22e70a75174ce8bcad3acfb3\",\"name\":\"La Sentinelle\",\"image\":{\"@type\":\"ImageObject\",\"inLanguage\":\"fr-FR\",\"@id\":\"https:\\\/\\\/secure.gravatar.com\\\/avatar\\\/57de8e5d4b15d43fb361a71fbb36338450fe67865b528a43dd10ef7c51a20392?s=96&d=mm&r=g\",\"url\":\"https:\\\/\\\/secure.gravatar.com\\\/avatar\\\/57de8e5d4b15d43fb361a71fbb36338450fe67865b528a43dd10ef7c51a20392?s=96&d=mm&r=g\",\"contentUrl\":\"https:\\\/\\\/secure.gravatar.com\\\/avatar\\\/57de8e5d4b15d43fb361a71fbb36338450fe67865b528a43dd10ef7c51a20392?s=96&d=mm&r=g\",\"caption\":\"La Sentinelle\"},\"sameAs\":[\"http:\\\/\\\/www.lasentinelle.dz\"],\"url\":\"https:\\\/\\\/lasentinelle.dz\\\/author\\\/redaction\\\/\"}]}<\/script>\n<!-- \/ Yoast SEO plugin. -->","yoast_head_json":{"title":"S\u00e9tif\u00a0: L\u2019ex P\/APC de Tizi Nebchar condamn\u00e9 \u00e0 5 ans de prison - La Sentinelle","robots":{"index":"index","follow":"follow","max-snippet":"max-snippet:-1","max-image-preview":"max-image-preview:large","max-video-preview":"max-video-preview:-1"},"canonical":"https:\/\/lasentinelle.dz\/index.php\/2023\/11\/26\/setif-lex-p-apc-de-tizi-nebchar-condamne-a-5-ans-de-prison\/","og_locale":"fr_FR","og_type":"article","og_title":"S\u00e9tif\u00a0: L\u2019ex P\/APC de Tizi Nebchar condamn\u00e9 \u00e0 5 ans de prison - La Sentinelle","og_description":"L\u2019ancien P\/APC de Tizi Nebcharet plusieurs de ses complices sont poursuivis de faux usage de faux et abus de fonction.","og_url":"https:\/\/lasentinelle.dz\/index.php\/2023\/11\/26\/setif-lex-p-apc-de-tizi-nebchar-condamne-a-5-ans-de-prison\/","og_site_name":"La Sentinelle","article_publisher":"https:\/\/www.facebook.com\/La-Sentinelle-104059864394773","article_published_time":"2023-11-26T21:15:43+00:00","article_modified_time":"2023-11-26T21:15:46+00:00","og_image":[{"width":1579,"height":900,"url":"https:\/\/lasentinelle.dz\/wp-content\/uploads\/2023\/05\/Justice.png","type":"image\/png"}],"author":"La Sentinelle","twitter_card":"summary_large_image","twitter_misc":{"\u00c9crit par":"La Sentinelle","Dur\u00e9e de lecture estim\u00e9e":"3 minutes"},"schema":{"@context":"https:\/\/schema.org","@graph":[{"@type":"Article","@id":"https:\/\/lasentinelle.dz\/index.php\/2023\/11\/26\/setif-lex-p-apc-de-tizi-nebchar-condamne-a-5-ans-de-prison\/#article","isPartOf":{"@id":"https:\/\/lasentinelle.dz\/index.php\/2023\/11\/26\/setif-lex-p-apc-de-tizi-nebchar-condamne-a-5-ans-de-prison\/"},"author":{"name":"La Sentinelle","@id":"https:\/\/lasentinelle.dz\/#\/schema\/person\/d865044e22e70a75174ce8bcad3acfb3"},"headline":"S\u00e9tif\u00a0: L\u2019ex P\/APC de Tizi Nebchar condamn\u00e9 \u00e0 5 ans de prison","datePublished":"2023-11-26T21:15:43+00:00","dateModified":"2023-11-26T21:15:46+00:00","mainEntityOfPage":{"@id":"https:\/\/lasentinelle.dz\/index.php\/2023\/11\/26\/setif-lex-p-apc-de-tizi-nebchar-condamne-a-5-ans-de-prison\/"},"wordCount":519,"commentCount":0,"publisher":{"@id":"https:\/\/lasentinelle.dz\/#organization"},"image":{"@id":"https:\/\/lasentinelle.dz\/index.php\/2023\/11\/26\/setif-lex-p-apc-de-tizi-nebchar-condamne-a-5-ans-de-prison\/#primaryimage"},"thumbnailUrl":"https:\/\/lasentinelle.dz\/wp-content\/uploads\/2023\/05\/Justice.png","articleSection":["R\u00e9gions"],"inLanguage":"fr-FR","potentialAction":[{"@type":"CommentAction","name":"Comment","target":["https:\/\/lasentinelle.dz\/index.php\/2023\/11\/26\/setif-lex-p-apc-de-tizi-nebchar-condamne-a-5-ans-de-prison\/#respond"]}]},{"@type":"WebPage","@id":"https:\/\/lasentinelle.dz\/index.php\/2023\/11\/26\/setif-lex-p-apc-de-tizi-nebchar-condamne-a-5-ans-de-prison\/","url":"https:\/\/lasentinelle.dz\/index.php\/2023\/11\/26\/setif-lex-p-apc-de-tizi-nebchar-condamne-a-5-ans-de-prison\/","name":"S\u00e9tif\u00a0: L\u2019ex P\/APC de Tizi Nebchar condamn\u00e9 \u00e0 5 ans de prison - La Sentinelle","isPartOf":{"@id":"https:\/\/lasentinelle.dz\/#website"},"primaryImageOfPage":{"@id":"https:\/\/lasentinelle.dz\/index.php\/2023\/11\/26\/setif-lex-p-apc-de-tizi-nebchar-condamne-a-5-ans-de-prison\/#primaryimage"},"image":{"@id":"https:\/\/lasentinelle.dz\/index.php\/2023\/11\/26\/setif-lex-p-apc-de-tizi-nebchar-condamne-a-5-ans-de-prison\/#primaryimage"},"thumbnailUrl":"https:\/\/lasentinelle.dz\/wp-content\/uploads\/2023\/05\/Justice.png","datePublished":"2023-11-26T21:15:43+00:00","dateModified":"2023-11-26T21:15:46+00:00","breadcrumb":{"@id":"https:\/\/lasentinelle.dz\/index.php\/2023\/11\/26\/setif-lex-p-apc-de-tizi-nebchar-condamne-a-5-ans-de-prison\/#breadcrumb"},"inLanguage":"fr-FR","potentialAction":[{"@type":"ReadAction","target":["https:\/\/lasentinelle.dz\/index.php\/2023\/11\/26\/setif-lex-p-apc-de-tizi-nebchar-condamne-a-5-ans-de-prison\/"]}]},{"@type":"ImageObject","inLanguage":"fr-FR","@id":"https:\/\/lasentinelle.dz\/index.php\/2023\/11\/26\/setif-lex-p-apc-de-tizi-nebchar-condamne-a-5-ans-de-prison\/#primaryimage","url":"https:\/\/lasentinelle.dz\/wp-content\/uploads\/2023\/05\/Justice.png","contentUrl":"https:\/\/lasentinelle.dz\/wp-content\/uploads\/2023\/05\/Justice.png","width":1579,"height":900},{"@type":"BreadcrumbList","@id":"https:\/\/lasentinelle.dz\/index.php\/2023\/11\/26\/setif-lex-p-apc-de-tizi-nebchar-condamne-a-5-ans-de-prison\/#breadcrumb","itemListElement":[{"@type":"ListItem","position":1,"name":"Accueil","item":"https:\/\/lasentinelle.dz\/"},{"@type":"ListItem","position":2,"name":"S\u00e9tif\u00a0: L\u2019ex P\/APC de Tizi Nebchar condamn\u00e9 \u00e0 5 ans de prison"}]},{"@type":"WebSite","@id":"https:\/\/lasentinelle.dz\/#website","url":"https:\/\/lasentinelle.dz\/","name":"La Sentinelle","description":"Quotidien national d&#039;information","publisher":{"@id":"https:\/\/lasentinelle.dz\/#organization"},"potentialAction":[{"@type":"SearchAction","target":{"@type":"EntryPoint","urlTemplate":"https:\/\/lasentinelle.dz\/?s={search_term_string}"},"query-input":{"@type":"PropertyValueSpecification","valueRequired":true,"valueName":"search_term_string"}}],"inLanguage":"fr-FR"},{"@type":"Organization","@id":"https:\/\/lasentinelle.dz\/#organization","name":"Quotidien La Sentinelle","url":"https:\/\/lasentinelle.dz\/","logo":{"@type":"ImageObject","inLanguage":"fr-FR","@id":"https:\/\/lasentinelle.dz\/#\/schema\/logo\/image\/","url":"https:\/\/lasentinelle.dz\/wp-content\/uploads\/2021\/09\/logo-sentinelleSLOGAN-1.png","contentUrl":"https:\/\/lasentinelle.dz\/wp-content\/uploads\/2021\/09\/logo-sentinelleSLOGAN-1.png","width":615,"height":142,"caption":"Quotidien La Sentinelle"},"image":{"@id":"https:\/\/lasentinelle.dz\/#\/schema\/logo\/image\/"},"sameAs":["https:\/\/www.facebook.com\/La-Sentinelle-104059864394773"]},{"@type":"Person","@id":"https:\/\/lasentinelle.dz\/#\/schema\/person\/d865044e22e70a75174ce8bcad3acfb3","name":"La Sentinelle","image":{"@type":"ImageObject","inLanguage":"fr-FR","@id":"https:\/\/secure.gravatar.com\/avatar\/57de8e5d4b15d43fb361a71fbb36338450fe67865b528a43dd10ef7c51a20392?s=96&d=mm&r=g","url":"https:\/\/secure.gravatar.com\/avatar\/57de8e5d4b15d43fb361a71fbb36338450fe67865b528a43dd10ef7c51a20392?s=96&d=mm&r=g","contentUrl":"https:\/\/secure.gravatar.com\/avatar\/57de8e5d4b15d43fb361a71fbb36338450fe67865b528a43dd10ef7c51a20392?s=96&d=mm&r=g","caption":"La Sentinelle"},"sameAs":["http:\/\/www.lasentinelle.dz"],"url":"https:\/\/lasentinelle.dz\/author\/redaction\/"}]}},"_links":{"self":[{"href":"https:\/\/lasentinelle.dz\/index.php\/wp-json\/wp\/v2\/posts\/47444","targetHints":{"allow":["GET"]}}],"collection":[{"href":"https:\/\/lasentinelle.dz\/index.php\/wp-json\/wp\/v2\/posts"}],"about":[{"href":"https:\/\/lasentinelle.dz\/index.php\/wp-json\/wp\/v2\/types\/post"}],"author":[{"embeddable":true,"href":"https:\/\/lasentinelle.dz\/index.php\/wp-json\/wp\/v2\/users\/3"}],"replies":[{"embeddable":true,"href":"https:\/\/lasentinelle.dz\/index.php\/wp-json\/wp\/v2\/comments?post=47444"}],"version-history":[{"count":1,"href":"https:\/\/lasentinelle.dz\/index.php\/wp-json\/wp\/v2\/posts\/47444\/revisions"}],"predecessor-version":[{"id":47445,"href":"https:\/\/lasentinelle.dz\/index.php\/wp-json\/wp\/v2\/posts\/47444\/revisions\/47445"}],"wp:featuredmedia":[{"embeddable":true,"href":"https:\/\/lasentinelle.dz\/index.php\/wp-json\/wp\/v2\/media\/41837"}],"wp:attachment":[{"href":"https:\/\/lasentinelle.dz\/index.php\/wp-json\/wp\/v2\/media?parent=47444"}],"wp:term":[{"taxonomy":"category","embeddable":true,"href":"https:\/\/lasentinelle.dz\/index.php\/wp-json\/wp\/v2\/categories?post=47444"},{"taxonomy":"post_tag","embeddable":true,"href":"https:\/\/lasentinelle.dz\/index.php\/wp-json\/wp\/v2\/tags?post=47444"}],"curies":[{"name":"wp","href":"https:\/\/api.w.org\/{rel}","templated":true}]}}