{"id":47453,"date":"2023-11-26T22:20:38","date_gmt":"2023-11-26T21:20:38","guid":{"rendered":"https:\/\/lasentinelle.dz\/?p=47453"},"modified":"2023-11-26T22:20:45","modified_gmt":"2023-11-26T21:20:45","slug":"reseau-national-des-registres-du-cancer-une-tendance-a-la-hausse-des-cas-en-algerie","status":"publish","type":"post","link":"https:\/\/lasentinelle.dz\/index.php\/2023\/11\/26\/reseau-national-des-registres-du-cancer-une-tendance-a-la-hausse-des-cas-en-algerie\/","title":{"rendered":"R\u00e9seau national des Registres du cancer\u00a0: Une tendance \u00e0 la hausse des cas en Alg\u00e9rie"},"content":{"rendered":"\n<p>Le ministre de la Sant\u00e9, Abdelhak Sa\u00efhi, a indiqu\u00e9 hier que l\u2019exploitation des donn\u00e9es des registres nationaux du cancer d\u00e9montre une tendance \u00e0 la hausse des cas de cancer en Alg\u00e9rie.<\/p>\n\n\n\n<p>La modification des modes de vie et de consommation, loin d\u2019\u00eatre sains, cr\u00e9\u00e9 les conditions favorables au d\u00e9veloppement de certaines maladies, dont le cancer. Une r\u00e9alit\u00e9 \u00e0 laquelle l\u2019Alg\u00e9rie n\u2019\u00e9chappe. Dans ce sens, le ministre de la Sant\u00e9, Abdelhak Saihi mis en avant dans une allocution lue en son nom par le Directeur g\u00e9n\u00e9ral de la pr\u00e9vention et de la promotion de la sant\u00e9 au minist\u00e8re de la Sant\u00e9, Dr Djamel Fourar \u00e0 l&rsquo;ouverture de la rencontre annuelle du R\u00e9seau national des Registres du cancer, une tendance \u00e0 la hausse des cas de cancer en Alg\u00e9rie. M. Saihi a \u00e9galement soulign\u00e9 que l&rsquo;exploitation des donn\u00e9es des registres du cancer pour les ann\u00e9es 2020 et 2021 publi\u00e9es par le R\u00e9seau national confirme \u00ab\u00a0la tendance \u00e0 la hausse du cancer en Alg\u00e9rie et dans le monde, en raison de plusieurs facteurs dont la vieillesse, une mauvaise hygi\u00e8ne de vie, l&rsquo;absence du sens de responsabilit\u00e9 individuelle et collective, les comportements pr\u00e9judiciables \u00e0 la sant\u00e9 outre les facteurs environnementaux\u00a0\u00bb. Il a ainsi soulign\u00e9 l\u2019importance d\u2019une prise en charge optimale et d\u2019un d\u00e9pistage pr\u00e9coce de cette maladie qui est aujourd\u2019hui curable. Le ministre a ainsi mis en avant les efforts d\u00e9ploy\u00e9s en Alg\u00e9rie pour am\u00e9liorer le d\u00e9pistage et de la prise en charge de cette maladie. Il a ainsi affirm\u00e9 que l&rsquo;acquisition de moyens modernes de diagnostic du cancer a permis de r\u00e9aliser des progr\u00e8s tangibles en mati\u00e8re de d\u00e9pistage et de diagnostic pr\u00e9coce qui contribueront \u00e0 r\u00e9duire le nombre de d\u00e9c\u00e8s malgr\u00e9 la tendance \u00e0 la hausse de cette maladie. Selon le ministre, la prise en charge des cas qui r\u00e9pondent au traitement, rendrait possible cette baisse&nbsp; avec la contribution de tous, soulignant que cette maladie est actuellement consid\u00e9r\u00e9e comme une maladie curable.<\/p>\n\n\n\n<p>Le premier responsable du secteur de la Sant\u00e9 a \u00e9galement insist\u00e9 sur l\u2019exploitation optimale des fichiers nationaux, et a indiqu\u00e9 que son d\u00e9partement s&rsquo;att\u00e8le \u00e0 \u00ab\u00a0former les employ\u00e9s qualifi\u00e9s dans la collecte d&rsquo;informations sur le cancer, en proc\u00e9dant \u00e0 l&rsquo;\u00e9change d&rsquo;informations \u00e0 travers l&rsquo;utilisation du logiciel de l&rsquo;Organisation mondiale de la sant\u00e9 (OMS) +Canreg5+, utilis\u00e9 par le Centre international de recherche sur le cancer (CIRC)\u00a0\u00bb. Il a soulign\u00e9 que dans le cadre du Plan national de lutte contre le cancer 2024-2030, il sera proc\u00e9d\u00e9 \u00e0 la d\u00e9finition des priorit\u00e9s sur la base des pr\u00e9visions et au d\u00e9veloppement de mod\u00e8les statistiques pour les donn\u00e9es du r\u00e9seau. Lors de cette rencontre annuelle \u00e0 laquelle a assist\u00e9 le pr\u00e9sident de l&rsquo;Instance nationale charg\u00e9e de l&rsquo;initiative de lutte contre le cancer, Adda Bounedjar, les statistiques relatives aux fichiers nationaux d\u00e9di\u00e9s au cancer pour l&rsquo;ann\u00e9e 2020 ont \u00e9t\u00e9 pr\u00e9sent\u00e9es, faisant ressortir 42.747 cas de cancer dont 24.118 de femmes atteintes et 18.629 d&rsquo;hommes atteints, le cancer du sein chez les femmes en t\u00eate. Selon les donn\u00e9es pr\u00e9sent\u00e9es le cancer du poumon est le plus fr\u00e9quent chez l\u2019homme avec une augmentation du cancer de la prostate. Le cancer du sein est le plus fr\u00e9quent chez la femme avec plus e 13.000 cas recens\u00e9s l\u2019ann\u00e9e derni\u00e8re. Les sp\u00e9cialistes recommandent un d\u00e9pistage pr\u00e9coce pour une prise en charge rapide laquelle favorise la gu\u00e9rison.<\/p>\n\n\n\n<p>Pour rappel, le pr\u00e9sident de la R\u00e9publique, Abdelmadjid Tebboune, a lanc\u00e9 au d\u00e9but du mois&nbsp; en cours une Initiative nationale de lutte contre le cancer \u00e0 laquelle il&nbsp; a d\u00e9cid\u00e9 de consacrer 70 milliards DA \u00e0 partir du Fonds national de lutte contre le cancer. Pr\u00e9cisant que \u00ab\u00a050.000 cas de cancer ont \u00e9t\u00e9 enregistr\u00e9s en Alg\u00e9rie en 2022\u00a0\u00bb, le pr\u00e9sident de la R\u00e9publique a soutenu que les cas enregistr\u00e9s \u00ab\u00a0exigent des am\u00e9liorations et des ajustements d&rsquo;urgence\u00a0\u00bb avec \u00ab\u00a0l&rsquo;inscription du suivi et de la lutte contre le cancer comme une priorit\u00e9\u00a0\u00bb.<\/p>\n\n\n\n<p><strong>Samir Benisid<\/strong><\/p>\n","protected":false},"excerpt":{"rendered":"<p>Le ministre de la Sant\u00e9, Abdelhak Sa\u00efhi, a indiqu\u00e9 hier que l\u2019exploitation des donn\u00e9es des registres nationaux du cancer d\u00e9montre<\/p>\n","protected":false},"author":3,"featured_media":47454,"comment_status":"open","ping_status":"closed","sticky":false,"template":"","format":"standard","meta":{"colormag_page_container_layout":"default_layout","colormag_page_sidebar_layout":"default_layout","om_disable_all_campaigns":false,"_monsterinsights_skip_tracking":false,"_monsterinsights_sitenote_active":false,"_monsterinsights_sitenote_note":"","_monsterinsights_sitenote_category":0,"footnotes":"","_wpscppro_dont_share_socialmedia":false,"_wpscppro_custom_social_share_image":0,"_facebook_share_type":"","_twitter_share_type":"","_linkedin_share_type":"","_pinterest_share_type":"","_linkedin_share_type_page":"","_instagram_share_type":"","_medium_share_type":"","_threads_share_type":"","_google_business_share_type":"","_selected_social_profile":[],"_wpsp_enable_custom_social_template":false,"_wpsp_social_scheduling":{"enabled":false,"datetime":null,"platforms":[],"status":"template_only","dateOption":"today","timeOption":"now","customDays":"","customHours":"","customDate":"","customTime":"","schedulingType":"absolute"},"_wpsp_active_default_template":true},"categories":[52,27],"tags":[],"class_list":["post-47453","post","type-post","status-publish","format-standard","has-post-thumbnail","hentry","category-a-la-une","category-actualite"],"aioseo_notices":[],"yoast_head":"<!-- This site is optimized with the Yoast SEO plugin v27.5 - https:\/\/yoast.com\/product\/yoast-seo-wordpress\/ -->\n<title>R\u00e9seau national des Registres du cancer\u00a0: Une tendance \u00e0 la hausse des cas en Alg\u00e9rie - La Sentinelle<\/title>\n<meta name=\"robots\" content=\"index, follow, max-snippet:-1, max-image-preview:large, max-video-preview:-1\" \/>\n<link rel=\"canonical\" href=\"https:\/\/lasentinelle.dz\/index.php\/2023\/11\/26\/reseau-national-des-registres-du-cancer-une-tendance-a-la-hausse-des-cas-en-algerie\/\" \/>\n<meta property=\"og:locale\" content=\"fr_FR\" \/>\n<meta property=\"og:type\" content=\"article\" \/>\n<meta property=\"og:title\" content=\"R\u00e9seau national des Registres du cancer\u00a0: Une tendance \u00e0 la hausse des cas en Alg\u00e9rie - La Sentinelle\" \/>\n<meta property=\"og:description\" content=\"Le ministre de la Sant\u00e9, Abdelhak Sa\u00efhi, a indiqu\u00e9 hier que l\u2019exploitation des donn\u00e9es des registres nationaux du cancer d\u00e9montre\" \/>\n<meta property=\"og:url\" content=\"https:\/\/lasentinelle.dz\/index.php\/2023\/11\/26\/reseau-national-des-registres-du-cancer-une-tendance-a-la-hausse-des-cas-en-algerie\/\" \/>\n<meta property=\"og:site_name\" content=\"La Sentinelle\" \/>\n<meta property=\"article:publisher\" content=\"https:\/\/www.facebook.com\/La-Sentinelle-104059864394773\" \/>\n<meta property=\"article:published_time\" content=\"2023-11-26T21:20:38+00:00\" \/>\n<meta property=\"article:modified_time\" content=\"2023-11-26T21:20:45+00:00\" \/>\n<meta property=\"og:image\" content=\"https:\/\/lasentinelle.dz\/wp-content\/uploads\/2023\/11\/radiotherapie.png\" \/>\n\t<meta property=\"og:image:width\" content=\"900\" \/>\n\t<meta property=\"og:image:height\" content=\"600\" \/>\n\t<meta property=\"og:image:type\" content=\"image\/png\" \/>\n<meta name=\"author\" content=\"La Sentinelle\" \/>\n<meta name=\"twitter:card\" content=\"summary_large_image\" \/>\n<meta name=\"twitter:label1\" content=\"\u00c9crit par\" \/>\n\t<meta name=\"twitter:data1\" content=\"La Sentinelle\" \/>\n\t<meta name=\"twitter:label2\" content=\"Dur\u00e9e de lecture estim\u00e9e\" \/>\n\t<meta name=\"twitter:data2\" content=\"4 minutes\" \/>\n<script type=\"application\/ld+json\" class=\"yoast-schema-graph\">{\"@context\":\"https:\\\/\\\/schema.org\",\"@graph\":[{\"@type\":\"Article\",\"@id\":\"https:\\\/\\\/lasentinelle.dz\\\/index.php\\\/2023\\\/11\\\/26\\\/reseau-national-des-registres-du-cancer-une-tendance-a-la-hausse-des-cas-en-algerie\\\/#article\",\"isPartOf\":{\"@id\":\"https:\\\/\\\/lasentinelle.dz\\\/index.php\\\/2023\\\/11\\\/26\\\/reseau-national-des-registres-du-cancer-une-tendance-a-la-hausse-des-cas-en-algerie\\\/\"},\"author\":{\"name\":\"La Sentinelle\",\"@id\":\"https:\\\/\\\/lasentinelle.dz\\\/#\\\/schema\\\/person\\\/d865044e22e70a75174ce8bcad3acfb3\"},\"headline\":\"R\u00e9seau national des Registres du cancer\u00a0: Une tendance \u00e0 la hausse des cas en Alg\u00e9rie\",\"datePublished\":\"2023-11-26T21:20:38+00:00\",\"dateModified\":\"2023-11-26T21:20:45+00:00\",\"mainEntityOfPage\":{\"@id\":\"https:\\\/\\\/lasentinelle.dz\\\/index.php\\\/2023\\\/11\\\/26\\\/reseau-national-des-registres-du-cancer-une-tendance-a-la-hausse-des-cas-en-algerie\\\/\"},\"wordCount\":740,\"commentCount\":0,\"publisher\":{\"@id\":\"https:\\\/\\\/lasentinelle.dz\\\/#organization\"},\"image\":{\"@id\":\"https:\\\/\\\/lasentinelle.dz\\\/index.php\\\/2023\\\/11\\\/26\\\/reseau-national-des-registres-du-cancer-une-tendance-a-la-hausse-des-cas-en-algerie\\\/#primaryimage\"},\"thumbnailUrl\":\"https:\\\/\\\/lasentinelle.dz\\\/wp-content\\\/uploads\\\/2023\\\/11\\\/radiotherapie.png\",\"articleSection\":[\"\u00c0 la Une\",\"Actualit\u00e9\"],\"inLanguage\":\"fr-FR\",\"potentialAction\":[{\"@type\":\"CommentAction\",\"name\":\"Comment\",\"target\":[\"https:\\\/\\\/lasentinelle.dz\\\/index.php\\\/2023\\\/11\\\/26\\\/reseau-national-des-registres-du-cancer-une-tendance-a-la-hausse-des-cas-en-algerie\\\/#respond\"]}]},{\"@type\":\"WebPage\",\"@id\":\"https:\\\/\\\/lasentinelle.dz\\\/index.php\\\/2023\\\/11\\\/26\\\/reseau-national-des-registres-du-cancer-une-tendance-a-la-hausse-des-cas-en-algerie\\\/\",\"url\":\"https:\\\/\\\/lasentinelle.dz\\\/index.php\\\/2023\\\/11\\\/26\\\/reseau-national-des-registres-du-cancer-une-tendance-a-la-hausse-des-cas-en-algerie\\\/\",\"name\":\"R\u00e9seau national des Registres du cancer\u00a0: Une tendance \u00e0 la hausse des cas en Alg\u00e9rie - La Sentinelle\",\"isPartOf\":{\"@id\":\"https:\\\/\\\/lasentinelle.dz\\\/#website\"},\"primaryImageOfPage\":{\"@id\":\"https:\\\/\\\/lasentinelle.dz\\\/index.php\\\/2023\\\/11\\\/26\\\/reseau-national-des-registres-du-cancer-une-tendance-a-la-hausse-des-cas-en-algerie\\\/#primaryimage\"},\"image\":{\"@id\":\"https:\\\/\\\/lasentinelle.dz\\\/index.php\\\/2023\\\/11\\\/26\\\/reseau-national-des-registres-du-cancer-une-tendance-a-la-hausse-des-cas-en-algerie\\\/#primaryimage\"},\"thumbnailUrl\":\"https:\\\/\\\/lasentinelle.dz\\\/wp-content\\\/uploads\\\/2023\\\/11\\\/radiotherapie.png\",\"datePublished\":\"2023-11-26T21:20:38+00:00\",\"dateModified\":\"2023-11-26T21:20:45+00:00\",\"breadcrumb\":{\"@id\":\"https:\\\/\\\/lasentinelle.dz\\\/index.php\\\/2023\\\/11\\\/26\\\/reseau-national-des-registres-du-cancer-une-tendance-a-la-hausse-des-cas-en-algerie\\\/#breadcrumb\"},\"inLanguage\":\"fr-FR\",\"potentialAction\":[{\"@type\":\"ReadAction\",\"target\":[\"https:\\\/\\\/lasentinelle.dz\\\/index.php\\\/2023\\\/11\\\/26\\\/reseau-national-des-registres-du-cancer-une-tendance-a-la-hausse-des-cas-en-algerie\\\/\"]}]},{\"@type\":\"ImageObject\",\"inLanguage\":\"fr-FR\",\"@id\":\"https:\\\/\\\/lasentinelle.dz\\\/index.php\\\/2023\\\/11\\\/26\\\/reseau-national-des-registres-du-cancer-une-tendance-a-la-hausse-des-cas-en-algerie\\\/#primaryimage\",\"url\":\"https:\\\/\\\/lasentinelle.dz\\\/wp-content\\\/uploads\\\/2023\\\/11\\\/radiotherapie.png\",\"contentUrl\":\"https:\\\/\\\/lasentinelle.dz\\\/wp-content\\\/uploads\\\/2023\\\/11\\\/radiotherapie.png\",\"width\":900,\"height\":600},{\"@type\":\"BreadcrumbList\",\"@id\":\"https:\\\/\\\/lasentinelle.dz\\\/index.php\\\/2023\\\/11\\\/26\\\/reseau-national-des-registres-du-cancer-une-tendance-a-la-hausse-des-cas-en-algerie\\\/#breadcrumb\",\"itemListElement\":[{\"@type\":\"ListItem\",\"position\":1,\"name\":\"Accueil\",\"item\":\"https:\\\/\\\/lasentinelle.dz\\\/\"},{\"@type\":\"ListItem\",\"position\":2,\"name\":\"R\u00e9seau national des Registres du cancer\u00a0: Une tendance \u00e0 la hausse des cas en Alg\u00e9rie\"}]},{\"@type\":\"WebSite\",\"@id\":\"https:\\\/\\\/lasentinelle.dz\\\/#website\",\"url\":\"https:\\\/\\\/lasentinelle.dz\\\/\",\"name\":\"La Sentinelle\",\"description\":\"Quotidien national d&#039;information\",\"publisher\":{\"@id\":\"https:\\\/\\\/lasentinelle.dz\\\/#organization\"},\"potentialAction\":[{\"@type\":\"SearchAction\",\"target\":{\"@type\":\"EntryPoint\",\"urlTemplate\":\"https:\\\/\\\/lasentinelle.dz\\\/?s={search_term_string}\"},\"query-input\":{\"@type\":\"PropertyValueSpecification\",\"valueRequired\":true,\"valueName\":\"search_term_string\"}}],\"inLanguage\":\"fr-FR\"},{\"@type\":\"Organization\",\"@id\":\"https:\\\/\\\/lasentinelle.dz\\\/#organization\",\"name\":\"Quotidien La Sentinelle\",\"url\":\"https:\\\/\\\/lasentinelle.dz\\\/\",\"logo\":{\"@type\":\"ImageObject\",\"inLanguage\":\"fr-FR\",\"@id\":\"https:\\\/\\\/lasentinelle.dz\\\/#\\\/schema\\\/logo\\\/image\\\/\",\"url\":\"https:\\\/\\\/lasentinelle.dz\\\/wp-content\\\/uploads\\\/2021\\\/09\\\/logo-sentinelleSLOGAN-1.png\",\"contentUrl\":\"https:\\\/\\\/lasentinelle.dz\\\/wp-content\\\/uploads\\\/2021\\\/09\\\/logo-sentinelleSLOGAN-1.png\",\"width\":615,\"height\":142,\"caption\":\"Quotidien La Sentinelle\"},\"image\":{\"@id\":\"https:\\\/\\\/lasentinelle.dz\\\/#\\\/schema\\\/logo\\\/image\\\/\"},\"sameAs\":[\"https:\\\/\\\/www.facebook.com\\\/La-Sentinelle-104059864394773\"]},{\"@type\":\"Person\",\"@id\":\"https:\\\/\\\/lasentinelle.dz\\\/#\\\/schema\\\/person\\\/d865044e22e70a75174ce8bcad3acfb3\",\"name\":\"La Sentinelle\",\"image\":{\"@type\":\"ImageObject\",\"inLanguage\":\"fr-FR\",\"@id\":\"https:\\\/\\\/secure.gravatar.com\\\/avatar\\\/57de8e5d4b15d43fb361a71fbb36338450fe67865b528a43dd10ef7c51a20392?s=96&d=mm&r=g\",\"url\":\"https:\\\/\\\/secure.gravatar.com\\\/avatar\\\/57de8e5d4b15d43fb361a71fbb36338450fe67865b528a43dd10ef7c51a20392?s=96&d=mm&r=g\",\"contentUrl\":\"https:\\\/\\\/secure.gravatar.com\\\/avatar\\\/57de8e5d4b15d43fb361a71fbb36338450fe67865b528a43dd10ef7c51a20392?s=96&d=mm&r=g\",\"caption\":\"La Sentinelle\"},\"sameAs\":[\"http:\\\/\\\/www.lasentinelle.dz\"],\"url\":\"https:\\\/\\\/lasentinelle.dz\\\/author\\\/redaction\\\/\"}]}<\/script>\n<!-- \/ Yoast SEO plugin. -->","yoast_head_json":{"title":"R\u00e9seau national des Registres du cancer\u00a0: Une tendance \u00e0 la hausse des cas en Alg\u00e9rie - La Sentinelle","robots":{"index":"index","follow":"follow","max-snippet":"max-snippet:-1","max-image-preview":"max-image-preview:large","max-video-preview":"max-video-preview:-1"},"canonical":"https:\/\/lasentinelle.dz\/index.php\/2023\/11\/26\/reseau-national-des-registres-du-cancer-une-tendance-a-la-hausse-des-cas-en-algerie\/","og_locale":"fr_FR","og_type":"article","og_title":"R\u00e9seau national des Registres du cancer\u00a0: Une tendance \u00e0 la hausse des cas en Alg\u00e9rie - La Sentinelle","og_description":"Le ministre de la Sant\u00e9, Abdelhak Sa\u00efhi, a indiqu\u00e9 hier que l\u2019exploitation des donn\u00e9es des registres nationaux du cancer d\u00e9montre","og_url":"https:\/\/lasentinelle.dz\/index.php\/2023\/11\/26\/reseau-national-des-registres-du-cancer-une-tendance-a-la-hausse-des-cas-en-algerie\/","og_site_name":"La Sentinelle","article_publisher":"https:\/\/www.facebook.com\/La-Sentinelle-104059864394773","article_published_time":"2023-11-26T21:20:38+00:00","article_modified_time":"2023-11-26T21:20:45+00:00","og_image":[{"width":900,"height":600,"url":"https:\/\/lasentinelle.dz\/wp-content\/uploads\/2023\/11\/radiotherapie.png","type":"image\/png"}],"author":"La Sentinelle","twitter_card":"summary_large_image","twitter_misc":{"\u00c9crit par":"La Sentinelle","Dur\u00e9e de lecture estim\u00e9e":"4 minutes"},"schema":{"@context":"https:\/\/schema.org","@graph":[{"@type":"Article","@id":"https:\/\/lasentinelle.dz\/index.php\/2023\/11\/26\/reseau-national-des-registres-du-cancer-une-tendance-a-la-hausse-des-cas-en-algerie\/#article","isPartOf":{"@id":"https:\/\/lasentinelle.dz\/index.php\/2023\/11\/26\/reseau-national-des-registres-du-cancer-une-tendance-a-la-hausse-des-cas-en-algerie\/"},"author":{"name":"La Sentinelle","@id":"https:\/\/lasentinelle.dz\/#\/schema\/person\/d865044e22e70a75174ce8bcad3acfb3"},"headline":"R\u00e9seau national des Registres du cancer\u00a0: Une tendance \u00e0 la hausse des cas en Alg\u00e9rie","datePublished":"2023-11-26T21:20:38+00:00","dateModified":"2023-11-26T21:20:45+00:00","mainEntityOfPage":{"@id":"https:\/\/lasentinelle.dz\/index.php\/2023\/11\/26\/reseau-national-des-registres-du-cancer-une-tendance-a-la-hausse-des-cas-en-algerie\/"},"wordCount":740,"commentCount":0,"publisher":{"@id":"https:\/\/lasentinelle.dz\/#organization"},"image":{"@id":"https:\/\/lasentinelle.dz\/index.php\/2023\/11\/26\/reseau-national-des-registres-du-cancer-une-tendance-a-la-hausse-des-cas-en-algerie\/#primaryimage"},"thumbnailUrl":"https:\/\/lasentinelle.dz\/wp-content\/uploads\/2023\/11\/radiotherapie.png","articleSection":["\u00c0 la Une","Actualit\u00e9"],"inLanguage":"fr-FR","potentialAction":[{"@type":"CommentAction","name":"Comment","target":["https:\/\/lasentinelle.dz\/index.php\/2023\/11\/26\/reseau-national-des-registres-du-cancer-une-tendance-a-la-hausse-des-cas-en-algerie\/#respond"]}]},{"@type":"WebPage","@id":"https:\/\/lasentinelle.dz\/index.php\/2023\/11\/26\/reseau-national-des-registres-du-cancer-une-tendance-a-la-hausse-des-cas-en-algerie\/","url":"https:\/\/lasentinelle.dz\/index.php\/2023\/11\/26\/reseau-national-des-registres-du-cancer-une-tendance-a-la-hausse-des-cas-en-algerie\/","name":"R\u00e9seau national des Registres du cancer\u00a0: Une tendance \u00e0 la hausse des cas en Alg\u00e9rie - La Sentinelle","isPartOf":{"@id":"https:\/\/lasentinelle.dz\/#website"},"primaryImageOfPage":{"@id":"https:\/\/lasentinelle.dz\/index.php\/2023\/11\/26\/reseau-national-des-registres-du-cancer-une-tendance-a-la-hausse-des-cas-en-algerie\/#primaryimage"},"image":{"@id":"https:\/\/lasentinelle.dz\/index.php\/2023\/11\/26\/reseau-national-des-registres-du-cancer-une-tendance-a-la-hausse-des-cas-en-algerie\/#primaryimage"},"thumbnailUrl":"https:\/\/lasentinelle.dz\/wp-content\/uploads\/2023\/11\/radiotherapie.png","datePublished":"2023-11-26T21:20:38+00:00","dateModified":"2023-11-26T21:20:45+00:00","breadcrumb":{"@id":"https:\/\/lasentinelle.dz\/index.php\/2023\/11\/26\/reseau-national-des-registres-du-cancer-une-tendance-a-la-hausse-des-cas-en-algerie\/#breadcrumb"},"inLanguage":"fr-FR","potentialAction":[{"@type":"ReadAction","target":["https:\/\/lasentinelle.dz\/index.php\/2023\/11\/26\/reseau-national-des-registres-du-cancer-une-tendance-a-la-hausse-des-cas-en-algerie\/"]}]},{"@type":"ImageObject","inLanguage":"fr-FR","@id":"https:\/\/lasentinelle.dz\/index.php\/2023\/11\/26\/reseau-national-des-registres-du-cancer-une-tendance-a-la-hausse-des-cas-en-algerie\/#primaryimage","url":"https:\/\/lasentinelle.dz\/wp-content\/uploads\/2023\/11\/radiotherapie.png","contentUrl":"https:\/\/lasentinelle.dz\/wp-content\/uploads\/2023\/11\/radiotherapie.png","width":900,"height":600},{"@type":"BreadcrumbList","@id":"https:\/\/lasentinelle.dz\/index.php\/2023\/11\/26\/reseau-national-des-registres-du-cancer-une-tendance-a-la-hausse-des-cas-en-algerie\/#breadcrumb","itemListElement":[{"@type":"ListItem","position":1,"name":"Accueil","item":"https:\/\/lasentinelle.dz\/"},{"@type":"ListItem","position":2,"name":"R\u00e9seau national des Registres du cancer\u00a0: Une tendance \u00e0 la hausse des cas en Alg\u00e9rie"}]},{"@type":"WebSite","@id":"https:\/\/lasentinelle.dz\/#website","url":"https:\/\/lasentinelle.dz\/","name":"La Sentinelle","description":"Quotidien national d&#039;information","publisher":{"@id":"https:\/\/lasentinelle.dz\/#organization"},"potentialAction":[{"@type":"SearchAction","target":{"@type":"EntryPoint","urlTemplate":"https:\/\/lasentinelle.dz\/?s={search_term_string}"},"query-input":{"@type":"PropertyValueSpecification","valueRequired":true,"valueName":"search_term_string"}}],"inLanguage":"fr-FR"},{"@type":"Organization","@id":"https:\/\/lasentinelle.dz\/#organization","name":"Quotidien La Sentinelle","url":"https:\/\/lasentinelle.dz\/","logo":{"@type":"ImageObject","inLanguage":"fr-FR","@id":"https:\/\/lasentinelle.dz\/#\/schema\/logo\/image\/","url":"https:\/\/lasentinelle.dz\/wp-content\/uploads\/2021\/09\/logo-sentinelleSLOGAN-1.png","contentUrl":"https:\/\/lasentinelle.dz\/wp-content\/uploads\/2021\/09\/logo-sentinelleSLOGAN-1.png","width":615,"height":142,"caption":"Quotidien La Sentinelle"},"image":{"@id":"https:\/\/lasentinelle.dz\/#\/schema\/logo\/image\/"},"sameAs":["https:\/\/www.facebook.com\/La-Sentinelle-104059864394773"]},{"@type":"Person","@id":"https:\/\/lasentinelle.dz\/#\/schema\/person\/d865044e22e70a75174ce8bcad3acfb3","name":"La Sentinelle","image":{"@type":"ImageObject","inLanguage":"fr-FR","@id":"https:\/\/secure.gravatar.com\/avatar\/57de8e5d4b15d43fb361a71fbb36338450fe67865b528a43dd10ef7c51a20392?s=96&d=mm&r=g","url":"https:\/\/secure.gravatar.com\/avatar\/57de8e5d4b15d43fb361a71fbb36338450fe67865b528a43dd10ef7c51a20392?s=96&d=mm&r=g","contentUrl":"https:\/\/secure.gravatar.com\/avatar\/57de8e5d4b15d43fb361a71fbb36338450fe67865b528a43dd10ef7c51a20392?s=96&d=mm&r=g","caption":"La Sentinelle"},"sameAs":["http:\/\/www.lasentinelle.dz"],"url":"https:\/\/lasentinelle.dz\/author\/redaction\/"}]}},"_links":{"self":[{"href":"https:\/\/lasentinelle.dz\/index.php\/wp-json\/wp\/v2\/posts\/47453","targetHints":{"allow":["GET"]}}],"collection":[{"href":"https:\/\/lasentinelle.dz\/index.php\/wp-json\/wp\/v2\/posts"}],"about":[{"href":"https:\/\/lasentinelle.dz\/index.php\/wp-json\/wp\/v2\/types\/post"}],"author":[{"embeddable":true,"href":"https:\/\/lasentinelle.dz\/index.php\/wp-json\/wp\/v2\/users\/3"}],"replies":[{"embeddable":true,"href":"https:\/\/lasentinelle.dz\/index.php\/wp-json\/wp\/v2\/comments?post=47453"}],"version-history":[{"count":1,"href":"https:\/\/lasentinelle.dz\/index.php\/wp-json\/wp\/v2\/posts\/47453\/revisions"}],"predecessor-version":[{"id":47455,"href":"https:\/\/lasentinelle.dz\/index.php\/wp-json\/wp\/v2\/posts\/47453\/revisions\/47455"}],"wp:featuredmedia":[{"embeddable":true,"href":"https:\/\/lasentinelle.dz\/index.php\/wp-json\/wp\/v2\/media\/47454"}],"wp:attachment":[{"href":"https:\/\/lasentinelle.dz\/index.php\/wp-json\/wp\/v2\/media?parent=47453"}],"wp:term":[{"taxonomy":"category","embeddable":true,"href":"https:\/\/lasentinelle.dz\/index.php\/wp-json\/wp\/v2\/categories?post=47453"},{"taxonomy":"post_tag","embeddable":true,"href":"https:\/\/lasentinelle.dz\/index.php\/wp-json\/wp\/v2\/tags?post=47453"}],"curies":[{"name":"wp","href":"https:\/\/api.w.org\/{rel}","templated":true}]}}