{"id":47475,"date":"2023-11-27T20:38:14","date_gmt":"2023-11-27T19:38:14","guid":{"rendered":"https:\/\/lasentinelle.dz\/?p=47475"},"modified":"2023-11-27T20:38:19","modified_gmt":"2023-11-27T19:38:19","slug":"coupe-de-la-caf-lusma-commence-en-beaute","status":"publish","type":"post","link":"https:\/\/lasentinelle.dz\/index.php\/2023\/11\/27\/coupe-de-la-caf-lusma-commence-en-beaute\/","title":{"rendered":"Coupe de la CAF\u00a0: L\u2019USMA commence en beaut\u00e9"},"content":{"rendered":"\n<p>Les Rouges et Noirs ont entam\u00e9 en beaut\u00e9, la phase de poules de la Coupe de la Conf\u00e9d\u00e9ration africaine de football en s\u2019imposant sur un score de 2-0 face aux Libyens d&rsquo;Al-Hilal Benghazi lors du match disput\u00e9 dimanche soir au stade olympique du 5- juillet, pour le compte de la 1re journ\u00e9e (Gr.A).<\/p>\n\n\n\n<p>Avec ce succ\u00e8s, les \u00ab\u00a0Rouge et Noir\u00a0\u00bb, vainqueurs de la pr\u00e9c\u00e9dente \u00e9dition de cette \u00e9preuve, poursuivent id\u00e9alement la d\u00e9fense de leur titre, en attendant de confirmer leur ambition lors des prochains rendez-vous. Les Alg\u00e9rois ont une nouvelle fois prouv\u00e9 qu\u2019ils \u00e9taient arm\u00e9s pour la victoire supr\u00eame, m\u00eame si le chemin vers la finale semble encore bien long. Le voisin libyen s\u2019est pr\u00e9sent\u00e9 dimanche sur la pelouse du mythique stade du 5 juillet 1962, avec de sacr\u00e9s arguments \u00e0 faire valoir. Durant la premi\u00e8re p\u00e9riode, Libyens et Alg\u00e9riens font jeu \u00e9gale. Puis, \u00e0 l&rsquo;exp\u00e9rience, les Alg\u00e9rois prennent d\u2019assaut la seconde partie du match. \u00c0 la 54e minute, suite \u00e0 une excellente combinaison avec Mohamed Amine Bouziane, Ismail Belkacemi trouve l\u2019embut et donne l\u2019avantage \u00e0 l\u2019USM Alger. Durant le temps additionnel, le Botswanais Tumisang Orebonye scelle la victoire des champions d\u2019Afrique en titre qui prennent par la m\u00eame occasion la t\u00eate de la poule A devant Modern Future.<\/p>\n\n\n\n<p>Une victoire importante pour les Rouge et Noir. L\u2019entra\u00eeneur de l\u2019USM Alger, Juan Carlos Garrido, a, lors du point de presse d\u2019apr\u00e8s-match, a estim\u00e9 que \u00abla victoire, c\u2019est la partie la plus importante, parce que le travail qui se fait dans le match, le travail tactique, le travail physique, le travail mental, l\u2019objectif c\u2019est de gagner, c\u2019est de construire la victoire&nbsp;\u00bb. \u00ab&nbsp;Nous n\u2019avons pas contr\u00f4l\u00e9 totalement la premi\u00e8re mi-temps, parce que nous avons manqu\u00e9 un peu de calme avec le ballon, patienter plus avec la circulation de balle, avoir plus de calme pour jouer, possiblement la confiance a manqu\u00e9. Si la premi\u00e8re mi-temps nous n\u2019avons pas jou\u00e9 avec ce calme que j\u2019ai dit, \u00e7a donne plus de possibilit\u00e9s \u00e0 l\u2019adversaire\u00bb, ajoutera-a-t-il indiqu\u00e9 en analysant le match. Le tecticien insistera d\u2019ailleurs sur l\u2019importance pour les joueurs de retrouver la confiance. Ce qui a \u00e9t\u00e9 le cas en seconde p\u00e9riode. \u00abLorsque nous avons jou\u00e9 un peu plus calme avec le ballon, nous avons inscrit des buts et contr\u00f4l\u00e9 le match. Nous avons eu deux ou trois occasions franches en plus des buts, mais finalement c\u2019est une victoire m\u00e9rit\u00e9e et bien travaill\u00e9e\u00bb, a-t-il d\u00e9clar\u00e9, ajoutant que \u00abla pression positive, c\u2019est pour gagner des troph\u00e9es. \u00ab&nbsp;Le public te demande la victoire, nous voulons gagner des troph\u00e9es. Nous voulons cette pression, parce que les joueurs qui jouent au football, o\u00f9 l\u2019entra\u00eeneur de football professionnel, nous voulons gagner. La victoire, c\u2019est ce qui nous stimule. C\u2019est notre d\u00e9sir, la stimulation, la motivation. Alors, cette pression pour gagner des troph\u00e9es, c\u2019est une bonne pression. Pour les joueurs de niveau comp\u00e9titif, cette pression est positive\u00bb estimera-t-il enfin. Lors de la 2e journ\u00e9e pr\u00e9vue dimanche prochain, l&rsquo;USMA se rendra \u00e0 Pretoria pour d\u00e9fier les Sud-Africains de Supersport, alors qu&rsquo;Al-Hilal Benghazi recevra Future FC. Les deux premiers du groupe se qualifient pour les quarts de finale.<\/p>\n\n\n\n<p>Moncef Dahleb<\/p>\n","protected":false},"excerpt":{"rendered":"<p>Les Rouges et Noirs ont entam\u00e9 en beaut\u00e9, la phase de poules de la Coupe de la Conf\u00e9d\u00e9ration africaine de<\/p>\n","protected":false},"author":3,"featured_media":47476,"comment_status":"open","ping_status":"closed","sticky":false,"template":"","format":"standard","meta":{"colormag_page_container_layout":"default_layout","colormag_page_sidebar_layout":"default_layout","om_disable_all_campaigns":false,"_monsterinsights_skip_tracking":false,"_monsterinsights_sitenote_active":false,"_monsterinsights_sitenote_note":"","_monsterinsights_sitenote_category":0,"footnotes":"","_wpscppro_dont_share_socialmedia":false,"_wpscppro_custom_social_share_image":0,"_facebook_share_type":"","_twitter_share_type":"","_linkedin_share_type":"","_pinterest_share_type":"","_linkedin_share_type_page":"","_instagram_share_type":"","_medium_share_type":"","_threads_share_type":"","_google_business_share_type":"","_selected_social_profile":[],"_wpsp_enable_custom_social_template":false,"_wpsp_social_scheduling":{"enabled":false,"datetime":null,"platforms":[],"status":"template_only","dateOption":"today","timeOption":"now","customDays":"","customHours":"","customDate":"","customTime":"","schedulingType":"absolute"},"_wpsp_active_default_template":true},"categories":[52,33],"tags":[],"class_list":["post-47475","post","type-post","status-publish","format-standard","has-post-thumbnail","hentry","category-a-la-une","category-sports"],"aioseo_notices":[],"yoast_head":"<!-- This site is optimized with the Yoast SEO plugin v27.5 - https:\/\/yoast.com\/product\/yoast-seo-wordpress\/ -->\n<title>Coupe de la CAF\u00a0: L\u2019USMA commence en beaut\u00e9 - La Sentinelle<\/title>\n<meta name=\"robots\" content=\"index, follow, max-snippet:-1, max-image-preview:large, max-video-preview:-1\" \/>\n<link rel=\"canonical\" href=\"https:\/\/lasentinelle.dz\/index.php\/2023\/11\/27\/coupe-de-la-caf-lusma-commence-en-beaute\/\" \/>\n<meta property=\"og:locale\" content=\"fr_FR\" \/>\n<meta property=\"og:type\" content=\"article\" \/>\n<meta property=\"og:title\" content=\"Coupe de la CAF\u00a0: L\u2019USMA commence en beaut\u00e9 - La Sentinelle\" \/>\n<meta property=\"og:description\" content=\"Les Rouges et Noirs ont entam\u00e9 en beaut\u00e9, la phase de poules de la Coupe de la Conf\u00e9d\u00e9ration africaine de\" \/>\n<meta property=\"og:url\" content=\"https:\/\/lasentinelle.dz\/index.php\/2023\/11\/27\/coupe-de-la-caf-lusma-commence-en-beaute\/\" \/>\n<meta property=\"og:site_name\" content=\"La Sentinelle\" \/>\n<meta property=\"article:publisher\" content=\"https:\/\/www.facebook.com\/La-Sentinelle-104059864394773\" \/>\n<meta property=\"article:published_time\" content=\"2023-11-27T19:38:14+00:00\" \/>\n<meta property=\"article:modified_time\" content=\"2023-11-27T19:38:19+00:00\" \/>\n<meta property=\"og:image\" content=\"https:\/\/lasentinelle.dz\/wp-content\/uploads\/2023\/11\/USMA.jpeg\" \/>\n\t<meta property=\"og:image:width\" content=\"1632\" \/>\n\t<meta property=\"og:image:height\" content=\"1088\" \/>\n\t<meta property=\"og:image:type\" content=\"image\/jpeg\" \/>\n<meta name=\"author\" content=\"La Sentinelle\" \/>\n<meta name=\"twitter:card\" content=\"summary_large_image\" \/>\n<meta name=\"twitter:label1\" content=\"\u00c9crit par\" \/>\n\t<meta name=\"twitter:data1\" content=\"La Sentinelle\" \/>\n\t<meta name=\"twitter:label2\" content=\"Dur\u00e9e de lecture estim\u00e9e\" \/>\n\t<meta name=\"twitter:data2\" content=\"3 minutes\" \/>\n<script type=\"application\/ld+json\" class=\"yoast-schema-graph\">{\"@context\":\"https:\\\/\\\/schema.org\",\"@graph\":[{\"@type\":\"Article\",\"@id\":\"https:\\\/\\\/lasentinelle.dz\\\/index.php\\\/2023\\\/11\\\/27\\\/coupe-de-la-caf-lusma-commence-en-beaute\\\/#article\",\"isPartOf\":{\"@id\":\"https:\\\/\\\/lasentinelle.dz\\\/index.php\\\/2023\\\/11\\\/27\\\/coupe-de-la-caf-lusma-commence-en-beaute\\\/\"},\"author\":{\"name\":\"La Sentinelle\",\"@id\":\"https:\\\/\\\/lasentinelle.dz\\\/#\\\/schema\\\/person\\\/d865044e22e70a75174ce8bcad3acfb3\"},\"headline\":\"Coupe de la CAF\u00a0: L\u2019USMA commence en beaut\u00e9\",\"datePublished\":\"2023-11-27T19:38:14+00:00\",\"dateModified\":\"2023-11-27T19:38:19+00:00\",\"mainEntityOfPage\":{\"@id\":\"https:\\\/\\\/lasentinelle.dz\\\/index.php\\\/2023\\\/11\\\/27\\\/coupe-de-la-caf-lusma-commence-en-beaute\\\/\"},\"wordCount\":594,\"commentCount\":0,\"publisher\":{\"@id\":\"https:\\\/\\\/lasentinelle.dz\\\/#organization\"},\"image\":{\"@id\":\"https:\\\/\\\/lasentinelle.dz\\\/index.php\\\/2023\\\/11\\\/27\\\/coupe-de-la-caf-lusma-commence-en-beaute\\\/#primaryimage\"},\"thumbnailUrl\":\"https:\\\/\\\/lasentinelle.dz\\\/wp-content\\\/uploads\\\/2023\\\/11\\\/USMA.jpeg\",\"articleSection\":[\"\u00c0 la Une\",\"Sports\"],\"inLanguage\":\"fr-FR\",\"potentialAction\":[{\"@type\":\"CommentAction\",\"name\":\"Comment\",\"target\":[\"https:\\\/\\\/lasentinelle.dz\\\/index.php\\\/2023\\\/11\\\/27\\\/coupe-de-la-caf-lusma-commence-en-beaute\\\/#respond\"]}]},{\"@type\":\"WebPage\",\"@id\":\"https:\\\/\\\/lasentinelle.dz\\\/index.php\\\/2023\\\/11\\\/27\\\/coupe-de-la-caf-lusma-commence-en-beaute\\\/\",\"url\":\"https:\\\/\\\/lasentinelle.dz\\\/index.php\\\/2023\\\/11\\\/27\\\/coupe-de-la-caf-lusma-commence-en-beaute\\\/\",\"name\":\"Coupe de la CAF\u00a0: L\u2019USMA commence en beaut\u00e9 - La Sentinelle\",\"isPartOf\":{\"@id\":\"https:\\\/\\\/lasentinelle.dz\\\/#website\"},\"primaryImageOfPage\":{\"@id\":\"https:\\\/\\\/lasentinelle.dz\\\/index.php\\\/2023\\\/11\\\/27\\\/coupe-de-la-caf-lusma-commence-en-beaute\\\/#primaryimage\"},\"image\":{\"@id\":\"https:\\\/\\\/lasentinelle.dz\\\/index.php\\\/2023\\\/11\\\/27\\\/coupe-de-la-caf-lusma-commence-en-beaute\\\/#primaryimage\"},\"thumbnailUrl\":\"https:\\\/\\\/lasentinelle.dz\\\/wp-content\\\/uploads\\\/2023\\\/11\\\/USMA.jpeg\",\"datePublished\":\"2023-11-27T19:38:14+00:00\",\"dateModified\":\"2023-11-27T19:38:19+00:00\",\"breadcrumb\":{\"@id\":\"https:\\\/\\\/lasentinelle.dz\\\/index.php\\\/2023\\\/11\\\/27\\\/coupe-de-la-caf-lusma-commence-en-beaute\\\/#breadcrumb\"},\"inLanguage\":\"fr-FR\",\"potentialAction\":[{\"@type\":\"ReadAction\",\"target\":[\"https:\\\/\\\/lasentinelle.dz\\\/index.php\\\/2023\\\/11\\\/27\\\/coupe-de-la-caf-lusma-commence-en-beaute\\\/\"]}]},{\"@type\":\"ImageObject\",\"inLanguage\":\"fr-FR\",\"@id\":\"https:\\\/\\\/lasentinelle.dz\\\/index.php\\\/2023\\\/11\\\/27\\\/coupe-de-la-caf-lusma-commence-en-beaute\\\/#primaryimage\",\"url\":\"https:\\\/\\\/lasentinelle.dz\\\/wp-content\\\/uploads\\\/2023\\\/11\\\/USMA.jpeg\",\"contentUrl\":\"https:\\\/\\\/lasentinelle.dz\\\/wp-content\\\/uploads\\\/2023\\\/11\\\/USMA.jpeg\",\"width\":1632,\"height\":1088,\"caption\":\"Islam Merili of USM Alger celebrates goal with teammates during the CAF Confederation Cup 2023\\\/24 match between USM Alger and Al Hilal Benghazi held at 5 July 1962 Stadium in Algiers , Algeria on 26 November 2023 \u00a9Djaffar Ladjal\\\/BackpagePix\"},{\"@type\":\"BreadcrumbList\",\"@id\":\"https:\\\/\\\/lasentinelle.dz\\\/index.php\\\/2023\\\/11\\\/27\\\/coupe-de-la-caf-lusma-commence-en-beaute\\\/#breadcrumb\",\"itemListElement\":[{\"@type\":\"ListItem\",\"position\":1,\"name\":\"Accueil\",\"item\":\"https:\\\/\\\/lasentinelle.dz\\\/\"},{\"@type\":\"ListItem\",\"position\":2,\"name\":\"Coupe de la CAF\u00a0: L\u2019USMA commence en beaut\u00e9\"}]},{\"@type\":\"WebSite\",\"@id\":\"https:\\\/\\\/lasentinelle.dz\\\/#website\",\"url\":\"https:\\\/\\\/lasentinelle.dz\\\/\",\"name\":\"La Sentinelle\",\"description\":\"Quotidien national d&#039;information\",\"publisher\":{\"@id\":\"https:\\\/\\\/lasentinelle.dz\\\/#organization\"},\"potentialAction\":[{\"@type\":\"SearchAction\",\"target\":{\"@type\":\"EntryPoint\",\"urlTemplate\":\"https:\\\/\\\/lasentinelle.dz\\\/?s={search_term_string}\"},\"query-input\":{\"@type\":\"PropertyValueSpecification\",\"valueRequired\":true,\"valueName\":\"search_term_string\"}}],\"inLanguage\":\"fr-FR\"},{\"@type\":\"Organization\",\"@id\":\"https:\\\/\\\/lasentinelle.dz\\\/#organization\",\"name\":\"Quotidien La Sentinelle\",\"url\":\"https:\\\/\\\/lasentinelle.dz\\\/\",\"logo\":{\"@type\":\"ImageObject\",\"inLanguage\":\"fr-FR\",\"@id\":\"https:\\\/\\\/lasentinelle.dz\\\/#\\\/schema\\\/logo\\\/image\\\/\",\"url\":\"https:\\\/\\\/lasentinelle.dz\\\/wp-content\\\/uploads\\\/2021\\\/09\\\/logo-sentinelleSLOGAN-1.png\",\"contentUrl\":\"https:\\\/\\\/lasentinelle.dz\\\/wp-content\\\/uploads\\\/2021\\\/09\\\/logo-sentinelleSLOGAN-1.png\",\"width\":615,\"height\":142,\"caption\":\"Quotidien La Sentinelle\"},\"image\":{\"@id\":\"https:\\\/\\\/lasentinelle.dz\\\/#\\\/schema\\\/logo\\\/image\\\/\"},\"sameAs\":[\"https:\\\/\\\/www.facebook.com\\\/La-Sentinelle-104059864394773\"]},{\"@type\":\"Person\",\"@id\":\"https:\\\/\\\/lasentinelle.dz\\\/#\\\/schema\\\/person\\\/d865044e22e70a75174ce8bcad3acfb3\",\"name\":\"La Sentinelle\",\"image\":{\"@type\":\"ImageObject\",\"inLanguage\":\"fr-FR\",\"@id\":\"https:\\\/\\\/secure.gravatar.com\\\/avatar\\\/57de8e5d4b15d43fb361a71fbb36338450fe67865b528a43dd10ef7c51a20392?s=96&d=mm&r=g\",\"url\":\"https:\\\/\\\/secure.gravatar.com\\\/avatar\\\/57de8e5d4b15d43fb361a71fbb36338450fe67865b528a43dd10ef7c51a20392?s=96&d=mm&r=g\",\"contentUrl\":\"https:\\\/\\\/secure.gravatar.com\\\/avatar\\\/57de8e5d4b15d43fb361a71fbb36338450fe67865b528a43dd10ef7c51a20392?s=96&d=mm&r=g\",\"caption\":\"La Sentinelle\"},\"sameAs\":[\"http:\\\/\\\/www.lasentinelle.dz\"],\"url\":\"https:\\\/\\\/lasentinelle.dz\\\/author\\\/redaction\\\/\"}]}<\/script>\n<!-- \/ Yoast SEO plugin. -->","yoast_head_json":{"title":"Coupe de la CAF\u00a0: L\u2019USMA commence en beaut\u00e9 - La Sentinelle","robots":{"index":"index","follow":"follow","max-snippet":"max-snippet:-1","max-image-preview":"max-image-preview:large","max-video-preview":"max-video-preview:-1"},"canonical":"https:\/\/lasentinelle.dz\/index.php\/2023\/11\/27\/coupe-de-la-caf-lusma-commence-en-beaute\/","og_locale":"fr_FR","og_type":"article","og_title":"Coupe de la CAF\u00a0: L\u2019USMA commence en beaut\u00e9 - La Sentinelle","og_description":"Les Rouges et Noirs ont entam\u00e9 en beaut\u00e9, la phase de poules de la Coupe de la Conf\u00e9d\u00e9ration africaine de","og_url":"https:\/\/lasentinelle.dz\/index.php\/2023\/11\/27\/coupe-de-la-caf-lusma-commence-en-beaute\/","og_site_name":"La Sentinelle","article_publisher":"https:\/\/www.facebook.com\/La-Sentinelle-104059864394773","article_published_time":"2023-11-27T19:38:14+00:00","article_modified_time":"2023-11-27T19:38:19+00:00","og_image":[{"width":1632,"height":1088,"url":"https:\/\/lasentinelle.dz\/wp-content\/uploads\/2023\/11\/USMA.jpeg","type":"image\/jpeg"}],"author":"La Sentinelle","twitter_card":"summary_large_image","twitter_misc":{"\u00c9crit par":"La Sentinelle","Dur\u00e9e de lecture estim\u00e9e":"3 minutes"},"schema":{"@context":"https:\/\/schema.org","@graph":[{"@type":"Article","@id":"https:\/\/lasentinelle.dz\/index.php\/2023\/11\/27\/coupe-de-la-caf-lusma-commence-en-beaute\/#article","isPartOf":{"@id":"https:\/\/lasentinelle.dz\/index.php\/2023\/11\/27\/coupe-de-la-caf-lusma-commence-en-beaute\/"},"author":{"name":"La Sentinelle","@id":"https:\/\/lasentinelle.dz\/#\/schema\/person\/d865044e22e70a75174ce8bcad3acfb3"},"headline":"Coupe de la CAF\u00a0: L\u2019USMA commence en beaut\u00e9","datePublished":"2023-11-27T19:38:14+00:00","dateModified":"2023-11-27T19:38:19+00:00","mainEntityOfPage":{"@id":"https:\/\/lasentinelle.dz\/index.php\/2023\/11\/27\/coupe-de-la-caf-lusma-commence-en-beaute\/"},"wordCount":594,"commentCount":0,"publisher":{"@id":"https:\/\/lasentinelle.dz\/#organization"},"image":{"@id":"https:\/\/lasentinelle.dz\/index.php\/2023\/11\/27\/coupe-de-la-caf-lusma-commence-en-beaute\/#primaryimage"},"thumbnailUrl":"https:\/\/lasentinelle.dz\/wp-content\/uploads\/2023\/11\/USMA.jpeg","articleSection":["\u00c0 la Une","Sports"],"inLanguage":"fr-FR","potentialAction":[{"@type":"CommentAction","name":"Comment","target":["https:\/\/lasentinelle.dz\/index.php\/2023\/11\/27\/coupe-de-la-caf-lusma-commence-en-beaute\/#respond"]}]},{"@type":"WebPage","@id":"https:\/\/lasentinelle.dz\/index.php\/2023\/11\/27\/coupe-de-la-caf-lusma-commence-en-beaute\/","url":"https:\/\/lasentinelle.dz\/index.php\/2023\/11\/27\/coupe-de-la-caf-lusma-commence-en-beaute\/","name":"Coupe de la CAF\u00a0: L\u2019USMA commence en beaut\u00e9 - La Sentinelle","isPartOf":{"@id":"https:\/\/lasentinelle.dz\/#website"},"primaryImageOfPage":{"@id":"https:\/\/lasentinelle.dz\/index.php\/2023\/11\/27\/coupe-de-la-caf-lusma-commence-en-beaute\/#primaryimage"},"image":{"@id":"https:\/\/lasentinelle.dz\/index.php\/2023\/11\/27\/coupe-de-la-caf-lusma-commence-en-beaute\/#primaryimage"},"thumbnailUrl":"https:\/\/lasentinelle.dz\/wp-content\/uploads\/2023\/11\/USMA.jpeg","datePublished":"2023-11-27T19:38:14+00:00","dateModified":"2023-11-27T19:38:19+00:00","breadcrumb":{"@id":"https:\/\/lasentinelle.dz\/index.php\/2023\/11\/27\/coupe-de-la-caf-lusma-commence-en-beaute\/#breadcrumb"},"inLanguage":"fr-FR","potentialAction":[{"@type":"ReadAction","target":["https:\/\/lasentinelle.dz\/index.php\/2023\/11\/27\/coupe-de-la-caf-lusma-commence-en-beaute\/"]}]},{"@type":"ImageObject","inLanguage":"fr-FR","@id":"https:\/\/lasentinelle.dz\/index.php\/2023\/11\/27\/coupe-de-la-caf-lusma-commence-en-beaute\/#primaryimage","url":"https:\/\/lasentinelle.dz\/wp-content\/uploads\/2023\/11\/USMA.jpeg","contentUrl":"https:\/\/lasentinelle.dz\/wp-content\/uploads\/2023\/11\/USMA.jpeg","width":1632,"height":1088,"caption":"Islam Merili of USM Alger celebrates goal with teammates during the CAF Confederation Cup 2023\/24 match between USM Alger and Al Hilal Benghazi held at 5 July 1962 Stadium in Algiers , Algeria on 26 November 2023 \u00a9Djaffar Ladjal\/BackpagePix"},{"@type":"BreadcrumbList","@id":"https:\/\/lasentinelle.dz\/index.php\/2023\/11\/27\/coupe-de-la-caf-lusma-commence-en-beaute\/#breadcrumb","itemListElement":[{"@type":"ListItem","position":1,"name":"Accueil","item":"https:\/\/lasentinelle.dz\/"},{"@type":"ListItem","position":2,"name":"Coupe de la CAF\u00a0: L\u2019USMA commence en beaut\u00e9"}]},{"@type":"WebSite","@id":"https:\/\/lasentinelle.dz\/#website","url":"https:\/\/lasentinelle.dz\/","name":"La Sentinelle","description":"Quotidien national d&#039;information","publisher":{"@id":"https:\/\/lasentinelle.dz\/#organization"},"potentialAction":[{"@type":"SearchAction","target":{"@type":"EntryPoint","urlTemplate":"https:\/\/lasentinelle.dz\/?s={search_term_string}"},"query-input":{"@type":"PropertyValueSpecification","valueRequired":true,"valueName":"search_term_string"}}],"inLanguage":"fr-FR"},{"@type":"Organization","@id":"https:\/\/lasentinelle.dz\/#organization","name":"Quotidien La Sentinelle","url":"https:\/\/lasentinelle.dz\/","logo":{"@type":"ImageObject","inLanguage":"fr-FR","@id":"https:\/\/lasentinelle.dz\/#\/schema\/logo\/image\/","url":"https:\/\/lasentinelle.dz\/wp-content\/uploads\/2021\/09\/logo-sentinelleSLOGAN-1.png","contentUrl":"https:\/\/lasentinelle.dz\/wp-content\/uploads\/2021\/09\/logo-sentinelleSLOGAN-1.png","width":615,"height":142,"caption":"Quotidien La Sentinelle"},"image":{"@id":"https:\/\/lasentinelle.dz\/#\/schema\/logo\/image\/"},"sameAs":["https:\/\/www.facebook.com\/La-Sentinelle-104059864394773"]},{"@type":"Person","@id":"https:\/\/lasentinelle.dz\/#\/schema\/person\/d865044e22e70a75174ce8bcad3acfb3","name":"La Sentinelle","image":{"@type":"ImageObject","inLanguage":"fr-FR","@id":"https:\/\/secure.gravatar.com\/avatar\/57de8e5d4b15d43fb361a71fbb36338450fe67865b528a43dd10ef7c51a20392?s=96&d=mm&r=g","url":"https:\/\/secure.gravatar.com\/avatar\/57de8e5d4b15d43fb361a71fbb36338450fe67865b528a43dd10ef7c51a20392?s=96&d=mm&r=g","contentUrl":"https:\/\/secure.gravatar.com\/avatar\/57de8e5d4b15d43fb361a71fbb36338450fe67865b528a43dd10ef7c51a20392?s=96&d=mm&r=g","caption":"La Sentinelle"},"sameAs":["http:\/\/www.lasentinelle.dz"],"url":"https:\/\/lasentinelle.dz\/author\/redaction\/"}]}},"_links":{"self":[{"href":"https:\/\/lasentinelle.dz\/index.php\/wp-json\/wp\/v2\/posts\/47475","targetHints":{"allow":["GET"]}}],"collection":[{"href":"https:\/\/lasentinelle.dz\/index.php\/wp-json\/wp\/v2\/posts"}],"about":[{"href":"https:\/\/lasentinelle.dz\/index.php\/wp-json\/wp\/v2\/types\/post"}],"author":[{"embeddable":true,"href":"https:\/\/lasentinelle.dz\/index.php\/wp-json\/wp\/v2\/users\/3"}],"replies":[{"embeddable":true,"href":"https:\/\/lasentinelle.dz\/index.php\/wp-json\/wp\/v2\/comments?post=47475"}],"version-history":[{"count":1,"href":"https:\/\/lasentinelle.dz\/index.php\/wp-json\/wp\/v2\/posts\/47475\/revisions"}],"predecessor-version":[{"id":47477,"href":"https:\/\/lasentinelle.dz\/index.php\/wp-json\/wp\/v2\/posts\/47475\/revisions\/47477"}],"wp:featuredmedia":[{"embeddable":true,"href":"https:\/\/lasentinelle.dz\/index.php\/wp-json\/wp\/v2\/media\/47476"}],"wp:attachment":[{"href":"https:\/\/lasentinelle.dz\/index.php\/wp-json\/wp\/v2\/media?parent=47475"}],"wp:term":[{"taxonomy":"category","embeddable":true,"href":"https:\/\/lasentinelle.dz\/index.php\/wp-json\/wp\/v2\/categories?post=47475"},{"taxonomy":"post_tag","embeddable":true,"href":"https:\/\/lasentinelle.dz\/index.php\/wp-json\/wp\/v2\/tags?post=47475"}],"curies":[{"name":"wp","href":"https:\/\/api.w.org\/{rel}","templated":true}]}}