{"id":47478,"date":"2023-11-27T20:40:02","date_gmt":"2023-11-27T19:40:02","guid":{"rendered":"https:\/\/lasentinelle.dz\/?p=47478"},"modified":"2023-11-27T20:40:04","modified_gmt":"2023-11-27T19:40:04","slug":"batna-3-enfants-meurent-par-asphyxie-au-monoxyde-de-carbone","status":"publish","type":"post","link":"https:\/\/lasentinelle.dz\/index.php\/2023\/11\/27\/batna-3-enfants-meurent-par-asphyxie-au-monoxyde-de-carbone\/","title":{"rendered":"Batna\u00a0: 3 enfants meurent par asphyxie au monoxyde de carbone"},"content":{"rendered":"\n<p>Trois enfants ont trouv\u00e9 la mort hier lundi \u00e0 Batna suite \u00e0 une intoxication au monoxyde de carbone, apprend-on de la Protection Civile. Selon cette derni\u00e8re, le drame est survenu dans un appartement sis la cit\u00e9 Douar Dis de la ville de Batna, occasionnant le d\u00e9c\u00e8s de trois enfants, alors que le p\u00e8re et la m\u00e8re ont \u00e9t\u00e9 incommod\u00e9s, suite \u00e0 l\u2019inhalation de gaz de monoxyde de carbone, provenant du chauffage. Il \u00e9tait 9h 5mm du matin, lorsqu&rsquo;un appel est parvenu aux services de la Protection civile faisant \u00e9tat de cette situation mortelle, nous dit-on. Les \u00e9l\u00e9ments de la Protection civile se sont d\u00e9p\u00each\u00e9s sur les lieux du drame o\u00f9, ils ont d\u00e9couvert trois enfants inertes, apr\u00e8s avoir \u00e9t\u00e9 asphyxi\u00e9s par le monoxyde de carbone. Ag\u00e9s respectivement de 2, 5 et 9 ans, les corps des trois victimes ont \u00e9t\u00e9 achemin\u00e9s vers la morgue de l\u2019h\u00f4pital de Batna, pendant que la m\u00e8re et le p\u00e8re qui se trouvaient dans un \u00e9tat critique ont \u00e9t\u00e9 secourus sur place avant d\u2019\u00eatre transf\u00e9r\u00e9s aux urgences du m\u00eame \u00e9tablissement hospitalier, a pr\u00e9cis\u00e9 la m\u00eame source. Ses \u00e9l\u00e9ments ont \u00e9galement port\u00e9 secours, le m\u00eame jour, \u00e0 trois personnes incommod\u00e9es par le monoxyde de carbone. Les informations apport\u00e9es sur cette autre intervention font \u00e9tat du signalement de l\u2019incident \u00e0 3 h 10 mm, dans un appartement de la cit\u00e9 Selsabil \u00e0 Batna. Les trois victimes ont inhal\u00e9 du monoxyde de carbone d\u00e9gag\u00e9 d\u2019un appareil de chauffage d\u00e9fectueux. Sauv\u00e9es in extremis d\u2019une mort certaine, les trois personnes issues d\u2019une m\u00eame famille et \u00e2g\u00e9es entre 5 et 31 ans ont \u00e9t\u00e9 \u00e9vacu\u00e9es vers les urgences de l\u2019h\u00f4pital de Batna, a-t-on conclu. Il est \u00e0 souligner que ce tueur silencieux qu\u2019est le monoxyde de carbone continue de faire des ravages occasionnant dans la plupart des cas, des d\u00e9c\u00e8s. Qu\u2019il s&rsquo;agisse de manque de vigilance ou d&rsquo;inattention notamment \u00e0 l\u2019\u00e9gard des \u00e9quipements de chauffages, les r\u00e9sultats sont toujours dramatiques. Rien que pour les derni\u00e8res 24 heures et en termes de statistiques, l\u2019asphyxie par le gaz mortel a incommod\u00e9 plus de 30 personnes qui ont \u00e9chapp\u00e9 de justesse \u00e0 une mort certaine si ce n\u2019est l\u2019intervention rapide des services de la protection civile dont les unit\u00e9s ont effectu\u00e9 des interventions, pour prodiguer des soins de premi\u00e8re urgence \u00e0 32 personnes incommod\u00e9es par le monoxyde de carbone, \u00e9manant des appareils de chauffage et chauffe-bains \u00e0 l\u2019int\u00e9rieur des habitations, selon un bilan de la protection civile. Selon la m\u00eame source, les interventions ont \u00e9t\u00e9 effectu\u00e9es \u00e0 travers les wilayas de Bordj Bou Arreridj, Mila, Blida, Mostaganem, Ouargla, Batna et MSila. Les victimes ont \u00e9t\u00e9 prises en charge sur les lieux puis \u00e9vacu\u00e9es vers les structures sanitaires locales, a conclu la m\u00eame source.<\/p>\n\n\n\n<p><strong>S<\/strong><strong>. C<\/strong><strong>.<\/strong><\/p>\n","protected":false},"excerpt":{"rendered":"<p>Trois enfants ont trouv\u00e9 la mort hier lundi \u00e0 Batna suite \u00e0 une intoxication au monoxyde de carbone, apprend-on de<\/p>\n","protected":false},"author":3,"featured_media":46893,"comment_status":"open","ping_status":"closed","sticky":false,"template":"","format":"standard","meta":{"colormag_page_container_layout":"default_layout","colormag_page_sidebar_layout":"default_layout","om_disable_all_campaigns":false,"_monsterinsights_skip_tracking":false,"_monsterinsights_sitenote_active":false,"_monsterinsights_sitenote_note":"","_monsterinsights_sitenote_category":0,"footnotes":"","_wpscppro_dont_share_socialmedia":false,"_wpscppro_custom_social_share_image":0,"_facebook_share_type":"","_twitter_share_type":"","_linkedin_share_type":"","_pinterest_share_type":"","_linkedin_share_type_page":"","_instagram_share_type":"","_medium_share_type":"","_threads_share_type":"","_google_business_share_type":"","_selected_social_profile":[],"_wpsp_enable_custom_social_template":false,"_wpsp_social_scheduling":{"enabled":false,"datetime":null,"platforms":[],"status":"template_only","dateOption":"today","timeOption":"now","customDays":"","customHours":"","customDate":"","customTime":"","schedulingType":"absolute"},"_wpsp_active_default_template":true},"categories":[31],"tags":[],"class_list":["post-47478","post","type-post","status-publish","format-standard","has-post-thumbnail","hentry","category-regions"],"aioseo_notices":[],"yoast_head":"<!-- This site is optimized with the Yoast SEO plugin v27.5 - https:\/\/yoast.com\/product\/yoast-seo-wordpress\/ -->\n<title>Batna\u00a0: 3 enfants meurent par asphyxie au monoxyde de carbone - La Sentinelle<\/title>\n<meta name=\"robots\" content=\"index, follow, max-snippet:-1, max-image-preview:large, max-video-preview:-1\" \/>\n<link rel=\"canonical\" href=\"https:\/\/lasentinelle.dz\/index.php\/2023\/11\/27\/batna-3-enfants-meurent-par-asphyxie-au-monoxyde-de-carbone\/\" \/>\n<meta property=\"og:locale\" content=\"fr_FR\" \/>\n<meta property=\"og:type\" content=\"article\" \/>\n<meta property=\"og:title\" content=\"Batna\u00a0: 3 enfants meurent par asphyxie au monoxyde de carbone - La Sentinelle\" \/>\n<meta property=\"og:description\" content=\"Trois enfants ont trouv\u00e9 la mort hier lundi \u00e0 Batna suite \u00e0 une intoxication au monoxyde de carbone, apprend-on de\" \/>\n<meta property=\"og:url\" content=\"https:\/\/lasentinelle.dz\/index.php\/2023\/11\/27\/batna-3-enfants-meurent-par-asphyxie-au-monoxyde-de-carbone\/\" \/>\n<meta property=\"og:site_name\" content=\"La Sentinelle\" \/>\n<meta property=\"article:publisher\" content=\"https:\/\/www.facebook.com\/La-Sentinelle-104059864394773\" \/>\n<meta property=\"article:published_time\" content=\"2023-11-27T19:40:02+00:00\" \/>\n<meta property=\"article:modified_time\" content=\"2023-11-27T19:40:04+00:00\" \/>\n<meta property=\"og:image\" content=\"https:\/\/lasentinelle.dz\/wp-content\/uploads\/2023\/11\/monoxyde-de-carbone.jpeg\" \/>\n\t<meta property=\"og:image:width\" content=\"580\" \/>\n\t<meta property=\"og:image:height\" content=\"350\" \/>\n\t<meta property=\"og:image:type\" content=\"image\/jpeg\" \/>\n<meta name=\"author\" content=\"La Sentinelle\" \/>\n<meta name=\"twitter:card\" content=\"summary_large_image\" \/>\n<meta name=\"twitter:label1\" content=\"\u00c9crit par\" \/>\n\t<meta name=\"twitter:data1\" content=\"La Sentinelle\" \/>\n\t<meta name=\"twitter:label2\" content=\"Dur\u00e9e de lecture estim\u00e9e\" \/>\n\t<meta name=\"twitter:data2\" content=\"3 minutes\" \/>\n<script type=\"application\/ld+json\" class=\"yoast-schema-graph\">{\"@context\":\"https:\\\/\\\/schema.org\",\"@graph\":[{\"@type\":\"Article\",\"@id\":\"https:\\\/\\\/lasentinelle.dz\\\/index.php\\\/2023\\\/11\\\/27\\\/batna-3-enfants-meurent-par-asphyxie-au-monoxyde-de-carbone\\\/#article\",\"isPartOf\":{\"@id\":\"https:\\\/\\\/lasentinelle.dz\\\/index.php\\\/2023\\\/11\\\/27\\\/batna-3-enfants-meurent-par-asphyxie-au-monoxyde-de-carbone\\\/\"},\"author\":{\"name\":\"La Sentinelle\",\"@id\":\"https:\\\/\\\/lasentinelle.dz\\\/#\\\/schema\\\/person\\\/d865044e22e70a75174ce8bcad3acfb3\"},\"headline\":\"Batna\u00a0: 3 enfants meurent par asphyxie au monoxyde de carbone\",\"datePublished\":\"2023-11-27T19:40:02+00:00\",\"dateModified\":\"2023-11-27T19:40:04+00:00\",\"mainEntityOfPage\":{\"@id\":\"https:\\\/\\\/lasentinelle.dz\\\/index.php\\\/2023\\\/11\\\/27\\\/batna-3-enfants-meurent-par-asphyxie-au-monoxyde-de-carbone\\\/\"},\"wordCount\":502,\"commentCount\":0,\"publisher\":{\"@id\":\"https:\\\/\\\/lasentinelle.dz\\\/#organization\"},\"image\":{\"@id\":\"https:\\\/\\\/lasentinelle.dz\\\/index.php\\\/2023\\\/11\\\/27\\\/batna-3-enfants-meurent-par-asphyxie-au-monoxyde-de-carbone\\\/#primaryimage\"},\"thumbnailUrl\":\"https:\\\/\\\/lasentinelle.dz\\\/wp-content\\\/uploads\\\/2023\\\/11\\\/monoxyde-de-carbone.jpeg\",\"articleSection\":[\"R\u00e9gions\"],\"inLanguage\":\"fr-FR\",\"potentialAction\":[{\"@type\":\"CommentAction\",\"name\":\"Comment\",\"target\":[\"https:\\\/\\\/lasentinelle.dz\\\/index.php\\\/2023\\\/11\\\/27\\\/batna-3-enfants-meurent-par-asphyxie-au-monoxyde-de-carbone\\\/#respond\"]}]},{\"@type\":\"WebPage\",\"@id\":\"https:\\\/\\\/lasentinelle.dz\\\/index.php\\\/2023\\\/11\\\/27\\\/batna-3-enfants-meurent-par-asphyxie-au-monoxyde-de-carbone\\\/\",\"url\":\"https:\\\/\\\/lasentinelle.dz\\\/index.php\\\/2023\\\/11\\\/27\\\/batna-3-enfants-meurent-par-asphyxie-au-monoxyde-de-carbone\\\/\",\"name\":\"Batna\u00a0: 3 enfants meurent par asphyxie au monoxyde de carbone - La Sentinelle\",\"isPartOf\":{\"@id\":\"https:\\\/\\\/lasentinelle.dz\\\/#website\"},\"primaryImageOfPage\":{\"@id\":\"https:\\\/\\\/lasentinelle.dz\\\/index.php\\\/2023\\\/11\\\/27\\\/batna-3-enfants-meurent-par-asphyxie-au-monoxyde-de-carbone\\\/#primaryimage\"},\"image\":{\"@id\":\"https:\\\/\\\/lasentinelle.dz\\\/index.php\\\/2023\\\/11\\\/27\\\/batna-3-enfants-meurent-par-asphyxie-au-monoxyde-de-carbone\\\/#primaryimage\"},\"thumbnailUrl\":\"https:\\\/\\\/lasentinelle.dz\\\/wp-content\\\/uploads\\\/2023\\\/11\\\/monoxyde-de-carbone.jpeg\",\"datePublished\":\"2023-11-27T19:40:02+00:00\",\"dateModified\":\"2023-11-27T19:40:04+00:00\",\"breadcrumb\":{\"@id\":\"https:\\\/\\\/lasentinelle.dz\\\/index.php\\\/2023\\\/11\\\/27\\\/batna-3-enfants-meurent-par-asphyxie-au-monoxyde-de-carbone\\\/#breadcrumb\"},\"inLanguage\":\"fr-FR\",\"potentialAction\":[{\"@type\":\"ReadAction\",\"target\":[\"https:\\\/\\\/lasentinelle.dz\\\/index.php\\\/2023\\\/11\\\/27\\\/batna-3-enfants-meurent-par-asphyxie-au-monoxyde-de-carbone\\\/\"]}]},{\"@type\":\"ImageObject\",\"inLanguage\":\"fr-FR\",\"@id\":\"https:\\\/\\\/lasentinelle.dz\\\/index.php\\\/2023\\\/11\\\/27\\\/batna-3-enfants-meurent-par-asphyxie-au-monoxyde-de-carbone\\\/#primaryimage\",\"url\":\"https:\\\/\\\/lasentinelle.dz\\\/wp-content\\\/uploads\\\/2023\\\/11\\\/monoxyde-de-carbone.jpeg\",\"contentUrl\":\"https:\\\/\\\/lasentinelle.dz\\\/wp-content\\\/uploads\\\/2023\\\/11\\\/monoxyde-de-carbone.jpeg\",\"width\":580,\"height\":350},{\"@type\":\"BreadcrumbList\",\"@id\":\"https:\\\/\\\/lasentinelle.dz\\\/index.php\\\/2023\\\/11\\\/27\\\/batna-3-enfants-meurent-par-asphyxie-au-monoxyde-de-carbone\\\/#breadcrumb\",\"itemListElement\":[{\"@type\":\"ListItem\",\"position\":1,\"name\":\"Accueil\",\"item\":\"https:\\\/\\\/lasentinelle.dz\\\/\"},{\"@type\":\"ListItem\",\"position\":2,\"name\":\"Batna\u00a0: 3 enfants meurent par asphyxie au monoxyde de carbone\"}]},{\"@type\":\"WebSite\",\"@id\":\"https:\\\/\\\/lasentinelle.dz\\\/#website\",\"url\":\"https:\\\/\\\/lasentinelle.dz\\\/\",\"name\":\"La Sentinelle\",\"description\":\"Quotidien national d&#039;information\",\"publisher\":{\"@id\":\"https:\\\/\\\/lasentinelle.dz\\\/#organization\"},\"potentialAction\":[{\"@type\":\"SearchAction\",\"target\":{\"@type\":\"EntryPoint\",\"urlTemplate\":\"https:\\\/\\\/lasentinelle.dz\\\/?s={search_term_string}\"},\"query-input\":{\"@type\":\"PropertyValueSpecification\",\"valueRequired\":true,\"valueName\":\"search_term_string\"}}],\"inLanguage\":\"fr-FR\"},{\"@type\":\"Organization\",\"@id\":\"https:\\\/\\\/lasentinelle.dz\\\/#organization\",\"name\":\"Quotidien La Sentinelle\",\"url\":\"https:\\\/\\\/lasentinelle.dz\\\/\",\"logo\":{\"@type\":\"ImageObject\",\"inLanguage\":\"fr-FR\",\"@id\":\"https:\\\/\\\/lasentinelle.dz\\\/#\\\/schema\\\/logo\\\/image\\\/\",\"url\":\"https:\\\/\\\/lasentinelle.dz\\\/wp-content\\\/uploads\\\/2021\\\/09\\\/logo-sentinelleSLOGAN-1.png\",\"contentUrl\":\"https:\\\/\\\/lasentinelle.dz\\\/wp-content\\\/uploads\\\/2021\\\/09\\\/logo-sentinelleSLOGAN-1.png\",\"width\":615,\"height\":142,\"caption\":\"Quotidien La Sentinelle\"},\"image\":{\"@id\":\"https:\\\/\\\/lasentinelle.dz\\\/#\\\/schema\\\/logo\\\/image\\\/\"},\"sameAs\":[\"https:\\\/\\\/www.facebook.com\\\/La-Sentinelle-104059864394773\"]},{\"@type\":\"Person\",\"@id\":\"https:\\\/\\\/lasentinelle.dz\\\/#\\\/schema\\\/person\\\/d865044e22e70a75174ce8bcad3acfb3\",\"name\":\"La Sentinelle\",\"image\":{\"@type\":\"ImageObject\",\"inLanguage\":\"fr-FR\",\"@id\":\"https:\\\/\\\/secure.gravatar.com\\\/avatar\\\/57de8e5d4b15d43fb361a71fbb36338450fe67865b528a43dd10ef7c51a20392?s=96&d=mm&r=g\",\"url\":\"https:\\\/\\\/secure.gravatar.com\\\/avatar\\\/57de8e5d4b15d43fb361a71fbb36338450fe67865b528a43dd10ef7c51a20392?s=96&d=mm&r=g\",\"contentUrl\":\"https:\\\/\\\/secure.gravatar.com\\\/avatar\\\/57de8e5d4b15d43fb361a71fbb36338450fe67865b528a43dd10ef7c51a20392?s=96&d=mm&r=g\",\"caption\":\"La Sentinelle\"},\"sameAs\":[\"http:\\\/\\\/www.lasentinelle.dz\"],\"url\":\"https:\\\/\\\/lasentinelle.dz\\\/author\\\/redaction\\\/\"}]}<\/script>\n<!-- \/ Yoast SEO plugin. -->","yoast_head_json":{"title":"Batna\u00a0: 3 enfants meurent par asphyxie au monoxyde de carbone - La Sentinelle","robots":{"index":"index","follow":"follow","max-snippet":"max-snippet:-1","max-image-preview":"max-image-preview:large","max-video-preview":"max-video-preview:-1"},"canonical":"https:\/\/lasentinelle.dz\/index.php\/2023\/11\/27\/batna-3-enfants-meurent-par-asphyxie-au-monoxyde-de-carbone\/","og_locale":"fr_FR","og_type":"article","og_title":"Batna\u00a0: 3 enfants meurent par asphyxie au monoxyde de carbone - La Sentinelle","og_description":"Trois enfants ont trouv\u00e9 la mort hier lundi \u00e0 Batna suite \u00e0 une intoxication au monoxyde de carbone, apprend-on de","og_url":"https:\/\/lasentinelle.dz\/index.php\/2023\/11\/27\/batna-3-enfants-meurent-par-asphyxie-au-monoxyde-de-carbone\/","og_site_name":"La Sentinelle","article_publisher":"https:\/\/www.facebook.com\/La-Sentinelle-104059864394773","article_published_time":"2023-11-27T19:40:02+00:00","article_modified_time":"2023-11-27T19:40:04+00:00","og_image":[{"width":580,"height":350,"url":"https:\/\/lasentinelle.dz\/wp-content\/uploads\/2023\/11\/monoxyde-de-carbone.jpeg","type":"image\/jpeg"}],"author":"La Sentinelle","twitter_card":"summary_large_image","twitter_misc":{"\u00c9crit par":"La Sentinelle","Dur\u00e9e de lecture estim\u00e9e":"3 minutes"},"schema":{"@context":"https:\/\/schema.org","@graph":[{"@type":"Article","@id":"https:\/\/lasentinelle.dz\/index.php\/2023\/11\/27\/batna-3-enfants-meurent-par-asphyxie-au-monoxyde-de-carbone\/#article","isPartOf":{"@id":"https:\/\/lasentinelle.dz\/index.php\/2023\/11\/27\/batna-3-enfants-meurent-par-asphyxie-au-monoxyde-de-carbone\/"},"author":{"name":"La Sentinelle","@id":"https:\/\/lasentinelle.dz\/#\/schema\/person\/d865044e22e70a75174ce8bcad3acfb3"},"headline":"Batna\u00a0: 3 enfants meurent par asphyxie au monoxyde de carbone","datePublished":"2023-11-27T19:40:02+00:00","dateModified":"2023-11-27T19:40:04+00:00","mainEntityOfPage":{"@id":"https:\/\/lasentinelle.dz\/index.php\/2023\/11\/27\/batna-3-enfants-meurent-par-asphyxie-au-monoxyde-de-carbone\/"},"wordCount":502,"commentCount":0,"publisher":{"@id":"https:\/\/lasentinelle.dz\/#organization"},"image":{"@id":"https:\/\/lasentinelle.dz\/index.php\/2023\/11\/27\/batna-3-enfants-meurent-par-asphyxie-au-monoxyde-de-carbone\/#primaryimage"},"thumbnailUrl":"https:\/\/lasentinelle.dz\/wp-content\/uploads\/2023\/11\/monoxyde-de-carbone.jpeg","articleSection":["R\u00e9gions"],"inLanguage":"fr-FR","potentialAction":[{"@type":"CommentAction","name":"Comment","target":["https:\/\/lasentinelle.dz\/index.php\/2023\/11\/27\/batna-3-enfants-meurent-par-asphyxie-au-monoxyde-de-carbone\/#respond"]}]},{"@type":"WebPage","@id":"https:\/\/lasentinelle.dz\/index.php\/2023\/11\/27\/batna-3-enfants-meurent-par-asphyxie-au-monoxyde-de-carbone\/","url":"https:\/\/lasentinelle.dz\/index.php\/2023\/11\/27\/batna-3-enfants-meurent-par-asphyxie-au-monoxyde-de-carbone\/","name":"Batna\u00a0: 3 enfants meurent par asphyxie au monoxyde de carbone - La Sentinelle","isPartOf":{"@id":"https:\/\/lasentinelle.dz\/#website"},"primaryImageOfPage":{"@id":"https:\/\/lasentinelle.dz\/index.php\/2023\/11\/27\/batna-3-enfants-meurent-par-asphyxie-au-monoxyde-de-carbone\/#primaryimage"},"image":{"@id":"https:\/\/lasentinelle.dz\/index.php\/2023\/11\/27\/batna-3-enfants-meurent-par-asphyxie-au-monoxyde-de-carbone\/#primaryimage"},"thumbnailUrl":"https:\/\/lasentinelle.dz\/wp-content\/uploads\/2023\/11\/monoxyde-de-carbone.jpeg","datePublished":"2023-11-27T19:40:02+00:00","dateModified":"2023-11-27T19:40:04+00:00","breadcrumb":{"@id":"https:\/\/lasentinelle.dz\/index.php\/2023\/11\/27\/batna-3-enfants-meurent-par-asphyxie-au-monoxyde-de-carbone\/#breadcrumb"},"inLanguage":"fr-FR","potentialAction":[{"@type":"ReadAction","target":["https:\/\/lasentinelle.dz\/index.php\/2023\/11\/27\/batna-3-enfants-meurent-par-asphyxie-au-monoxyde-de-carbone\/"]}]},{"@type":"ImageObject","inLanguage":"fr-FR","@id":"https:\/\/lasentinelle.dz\/index.php\/2023\/11\/27\/batna-3-enfants-meurent-par-asphyxie-au-monoxyde-de-carbone\/#primaryimage","url":"https:\/\/lasentinelle.dz\/wp-content\/uploads\/2023\/11\/monoxyde-de-carbone.jpeg","contentUrl":"https:\/\/lasentinelle.dz\/wp-content\/uploads\/2023\/11\/monoxyde-de-carbone.jpeg","width":580,"height":350},{"@type":"BreadcrumbList","@id":"https:\/\/lasentinelle.dz\/index.php\/2023\/11\/27\/batna-3-enfants-meurent-par-asphyxie-au-monoxyde-de-carbone\/#breadcrumb","itemListElement":[{"@type":"ListItem","position":1,"name":"Accueil","item":"https:\/\/lasentinelle.dz\/"},{"@type":"ListItem","position":2,"name":"Batna\u00a0: 3 enfants meurent par asphyxie au monoxyde de carbone"}]},{"@type":"WebSite","@id":"https:\/\/lasentinelle.dz\/#website","url":"https:\/\/lasentinelle.dz\/","name":"La Sentinelle","description":"Quotidien national d&#039;information","publisher":{"@id":"https:\/\/lasentinelle.dz\/#organization"},"potentialAction":[{"@type":"SearchAction","target":{"@type":"EntryPoint","urlTemplate":"https:\/\/lasentinelle.dz\/?s={search_term_string}"},"query-input":{"@type":"PropertyValueSpecification","valueRequired":true,"valueName":"search_term_string"}}],"inLanguage":"fr-FR"},{"@type":"Organization","@id":"https:\/\/lasentinelle.dz\/#organization","name":"Quotidien La Sentinelle","url":"https:\/\/lasentinelle.dz\/","logo":{"@type":"ImageObject","inLanguage":"fr-FR","@id":"https:\/\/lasentinelle.dz\/#\/schema\/logo\/image\/","url":"https:\/\/lasentinelle.dz\/wp-content\/uploads\/2021\/09\/logo-sentinelleSLOGAN-1.png","contentUrl":"https:\/\/lasentinelle.dz\/wp-content\/uploads\/2021\/09\/logo-sentinelleSLOGAN-1.png","width":615,"height":142,"caption":"Quotidien La Sentinelle"},"image":{"@id":"https:\/\/lasentinelle.dz\/#\/schema\/logo\/image\/"},"sameAs":["https:\/\/www.facebook.com\/La-Sentinelle-104059864394773"]},{"@type":"Person","@id":"https:\/\/lasentinelle.dz\/#\/schema\/person\/d865044e22e70a75174ce8bcad3acfb3","name":"La Sentinelle","image":{"@type":"ImageObject","inLanguage":"fr-FR","@id":"https:\/\/secure.gravatar.com\/avatar\/57de8e5d4b15d43fb361a71fbb36338450fe67865b528a43dd10ef7c51a20392?s=96&d=mm&r=g","url":"https:\/\/secure.gravatar.com\/avatar\/57de8e5d4b15d43fb361a71fbb36338450fe67865b528a43dd10ef7c51a20392?s=96&d=mm&r=g","contentUrl":"https:\/\/secure.gravatar.com\/avatar\/57de8e5d4b15d43fb361a71fbb36338450fe67865b528a43dd10ef7c51a20392?s=96&d=mm&r=g","caption":"La Sentinelle"},"sameAs":["http:\/\/www.lasentinelle.dz"],"url":"https:\/\/lasentinelle.dz\/author\/redaction\/"}]}},"_links":{"self":[{"href":"https:\/\/lasentinelle.dz\/index.php\/wp-json\/wp\/v2\/posts\/47478","targetHints":{"allow":["GET"]}}],"collection":[{"href":"https:\/\/lasentinelle.dz\/index.php\/wp-json\/wp\/v2\/posts"}],"about":[{"href":"https:\/\/lasentinelle.dz\/index.php\/wp-json\/wp\/v2\/types\/post"}],"author":[{"embeddable":true,"href":"https:\/\/lasentinelle.dz\/index.php\/wp-json\/wp\/v2\/users\/3"}],"replies":[{"embeddable":true,"href":"https:\/\/lasentinelle.dz\/index.php\/wp-json\/wp\/v2\/comments?post=47478"}],"version-history":[{"count":1,"href":"https:\/\/lasentinelle.dz\/index.php\/wp-json\/wp\/v2\/posts\/47478\/revisions"}],"predecessor-version":[{"id":47479,"href":"https:\/\/lasentinelle.dz\/index.php\/wp-json\/wp\/v2\/posts\/47478\/revisions\/47479"}],"wp:featuredmedia":[{"embeddable":true,"href":"https:\/\/lasentinelle.dz\/index.php\/wp-json\/wp\/v2\/media\/46893"}],"wp:attachment":[{"href":"https:\/\/lasentinelle.dz\/index.php\/wp-json\/wp\/v2\/media?parent=47478"}],"wp:term":[{"taxonomy":"category","embeddable":true,"href":"https:\/\/lasentinelle.dz\/index.php\/wp-json\/wp\/v2\/categories?post=47478"},{"taxonomy":"post_tag","embeddable":true,"href":"https:\/\/lasentinelle.dz\/index.php\/wp-json\/wp\/v2\/tags?post=47478"}],"curies":[{"name":"wp","href":"https:\/\/api.w.org\/{rel}","templated":true}]}}