{"id":47494,"date":"2023-11-27T20:51:23","date_gmt":"2023-11-27T19:51:23","guid":{"rendered":"https:\/\/lasentinelle.dz\/?p=47494"},"modified":"2023-11-27T20:51:24","modified_gmt":"2023-11-27T19:51:24","slug":"crise-libyenne-lalgerie-reitere-son-rejet-de-toute-intervention-etrangere","status":"publish","type":"post","link":"https:\/\/lasentinelle.dz\/index.php\/2023\/11\/27\/crise-libyenne-lalgerie-reitere-son-rejet-de-toute-intervention-etrangere\/","title":{"rendered":"Crise libyenne : L\u2019Alg\u00e9rie r\u00e9it\u00e8re son rejet de toute intervention \u00e9trang\u00e8re"},"content":{"rendered":"\n<p>Le ministre des Affaires \u00e9trang\u00e8res et de la Communaut\u00e9 nationale \u00e0 l&rsquo;\u00e9tranger, Ahmed Attaf, a r\u00e9affirm\u00e9 hier les positions de l\u2019Alg\u00e9rie concernant le traitement de la crise en Libye, lors d\u2019une r\u00e9union avec le repr\u00e9sentant sp\u00e9cial du Secr\u00e9taire g\u00e9n\u00e9ral des Nations unies pour la Libye et chef de la Mission d&rsquo;appui des Nations unies en Libye (MANUL), Abdoulaye Bathily, tenue \u00e0 &nbsp;Algerdans le cadre de la coordination et de la concertation sur les d\u00e9veloppements en Libye. Le chef de la diplomatie alg\u00e9rienne a ainsi soulign\u00e9 le soutien de l\u2019Alg\u00e9rie \u00e0 la r\u00e9solution de la crise libyenne dans le cadre des m\u00e9canismes mis en place aussi par l\u2019ONU que l\u2019Union africaine et qui s\u2019appuient aussi bien sur l\u2019organisation d\u2019\u00e9lections que sur un processus de r\u00e9conciliation pour mettre fin aux divisions dans ce pays voisin, de m\u00eame qu\u2019il d\u00e9nonc\u00e9 l\u2019impact n\u00e9gatif des interventions \u00e9trang\u00e8res en Libye. Ainsi, dans une d\u00e9claration \u00e0 la presse \u00e0 l\u2019issue de la rencontre, Ahmed Attaf a soulign\u00e9 que \u00ab\u00a0la crise libyenne n&rsquo;avait pas lieu d&rsquo;\u00eatre, si ce n&rsquo;est parce qu&rsquo;il y a eu intervention militaire \u00e9trang\u00e8re, de m\u00eame qu&rsquo;elle ne devait pas se prolonger, si ce n&rsquo;est parce que les ing\u00e9rences \u00e9trang\u00e8res continues ont contribu\u00e9 \u00e0 nourrir la division entre les fr\u00e8res libyens et \u00e0 compliquer davantage les d\u00e9marches visant \u00e0 les accompagner dans la formulation de consensus politiques indispensables au r\u00e8glement des diff\u00e9rends\u00a0\u00bb. Il a ainsi r\u00e9it\u00e9r\u00e9 le rejet total de l&rsquo;Alg\u00e9rie de toutes formes d&rsquo;interventions en Libye, qu&rsquo;elles soient politiques ou militaires et&nbsp; son appel \u00e0 y mettre fin. Dans le m\u00eame sillage, M. Attaf a soulign\u00e9 \u00ab\u00a0l&rsquo;imp\u00e9ratif de traiter cette question, de mani\u00e8re prioritaire, en se r\u00e9f\u00e9rant aux d\u00e9cisions pertinentes adopt\u00e9es par le Conseil de s\u00e9curit\u00e9, ainsi qu&rsquo;\u00e0 travers le respect des engagements issus des diff\u00e9rentes conf\u00e9rences internationales, notamment les deux conf\u00e9rences de Berlin 1 et 2\u00a0\u00bb.<\/p>\n\n\n\n<p>Il a tenu \u00e0 rappeler que l&rsquo;Alg\u00e9rie, qui a toujours \u00e9t\u00e9 aux c\u00f4t\u00e9s de la Libye \u00ab\u00a0par l&rsquo;acte et la parole, r\u00e9affirme aujourd&rsquo;hui qu&rsquo;elle restera fid\u00e8le \u00e0 sa politique et \u00e0 sa position sur la crise qui menace la s\u00e9curit\u00e9, la stabilit\u00e9 et l&rsquo;unit\u00e9 de ce pays fr\u00e8re et voisin, et poursuivra son soutien total et son plein engagement dans les efforts d\u00e9ploy\u00e9s aussi bien par l&rsquo;ONU que par l&rsquo;Union africaine (UA)\u00a0\u00bb. M.Attaf s&rsquo;est f\u00e9licit\u00e9 des efforts consentis sous l&rsquo;\u00e9gide des deux organisations, soulignant que les processus onusien et africain \u00ab\u00a0sont interd\u00e9pendants dans leur d\u00e9marche, compl\u00e9mentaires dans leur but et se soutiennent pour la r\u00e9alisation de l&rsquo;objectif supr\u00eame, celui de mettre fin \u00e0 la crise, de tourner la page des divisions et r\u00e9tablir la coh\u00e9sion\u00a0\u00bb entre les Libyens. Il a estim\u00e9 dans ce sens, que le processus \u00e9lectoral, dont l&rsquo;ONU \u0153uvre \u00e0 r\u00e9unir les conditions l\u00e9gales et politiques n\u00e9cessaires \u00e0 son succ\u00e8s en tant que solution permanente et durable \u00e0 la crise libyenne, a besoin \u00e9galement d&rsquo;un processus de r\u00e9conciliation nationale dont l&rsquo;UA \u0153uvre \u00e0 promouvoir en tant que plateforme consensuelle rassemblant les Libyens, \u00ab\u00a0dans le cadre d&rsquo;un projet national global et inclusif, loin de tous tiraillements et divisions, et loin de la loi du plus fort\u00a0\u00bb. Les concertations ont \u00e9t\u00e9, selon M. Attaf, \u00ab\u00a0une occasion pr\u00e9cieuse pour s&rsquo;enqu\u00e9rir du progr\u00e8s r\u00e9alis\u00e9 dans ces deux processus soutenus directement par l&rsquo;Alg\u00e9rie \u00e0 travers la mise \u00e0 profit de ses exp\u00e9riences et ses moyens au profit des fr\u00e8res libyens, et indirectement \u00e0 travers l&rsquo;ONU et l&rsquo;UA, notamment la Commission africaine de haut niveau dont l&rsquo;Alg\u00e9rie est membre actif\u00a0\u00bb.<\/p>\n\n\n\n<p>Attaf a \u00e9galement exprim\u00e9 le soutien de l&rsquo;Alg\u00e9rie aux d\u00e9marches continues et efforts inlassables de l&rsquo;\u00e9missaire onusien visant \u00e0 mettre fin \u00e0 la crise libyenne et \u00e0 permettre \u00e0 ce pays de retrouver sa place et son r\u00f4le dani s ses diff\u00e9rents espaces d&rsquo;appartenance r\u00e9gionaux et internationaux, saluant sa coordination permanente avec l&rsquo;Alg\u00e9rie. Le ministre a pr\u00e9cis\u00e9 que \u00ab\u00a0les concertations riches et approfondies qu&rsquo;il a eues avec Abdoulaye Bathily, ont permis de souligner que le contexte international et r\u00e9gional, accabl\u00e9 par les conflits, les crises et les tensions, ne doit pas nous faire oublier que le peuple libyen fr\u00e8re a toujours besoin du soutien de la communaut\u00e9 internationale pour relever les d\u00e9fis impos\u00e9s par la p\u00e9riode actuelle et unifier ses rangs pour mettre un terme \u00e0 la crise\u00a0\u00bb.<\/p>\n\n\n\n<p>&nbsp;Le ministre des Affaires \u00e9trang\u00e8res a affirm\u00e9 avoir salu\u00e9 avec l&rsquo;envoy\u00e9 onusien, les efforts \u00ab\u00a0fructueux\u00a0\u00bb consentis pour l&rsquo;adoption des textes de loi n\u00e9cessaires \u00e0 l&rsquo;encadrement du processus \u00e9lectoral en Libye, et surmonter les diff\u00e9rends qui entravent ce processus et les rencontres qu&rsquo;organise l&rsquo;UA, avec la participation des diff\u00e9rentes factions politiques libyennes, en pr\u00e9lude \u00e0 la tenue d&rsquo;une importante conf\u00e9rence de r\u00e9conciliation nationale.&nbsp;&nbsp;&nbsp; &nbsp;Pour sa part, M. Bathily a affirm\u00e9 que \u00ab\u00a0les Nations unies ont besoin de l&rsquo;exp\u00e9rience de l&rsquo;Alg\u00e9rie pour aider les Libyens \u00e0 d\u00e9passer la crise qu\u2019ils traversent maintenant depuis plusieurs ann\u00e9es, car elle joue un r\u00f4le important dans sa r\u00e9solution\u00a0\u00bb, estimant que l&rsquo;exp\u00e9rience de l&rsquo;Alg\u00e9rie en mati\u00e8re de r\u00e9conciliation nationale et sa position en tant que membre du panel de l&rsquo;Union africain pourraient servir grandement\u00a0\u00bb. De plus, le responsable onusien a mis l&rsquo;accent sur l&rsquo;importance de la tenue des \u00e9lections en Libye pour pouvoir doter le pays d&rsquo;institutions l\u00e9gitimes, faisant observer que la fragmentation politique que connait \u00e0 pr\u00e9sent la Libye \u00ab\u00a0a des r\u00e9percussions n\u00e9gatives non seulement sur la paix en Libye, mais aussi sur la paix et la stabilit\u00e9 dans les pays voisins et les pays du Sahel\u00a0\u00bb. Pour l&rsquo;envoy\u00e9 onusien, rechercher \u00ab\u00a0la paix pour la crise en Libye c&rsquo;est rechercher la paix et la stabilit\u00e9 pour toute la r\u00e9gion\u00a0\u00bb.<\/p>\n\n\n\n<p>Chokri Hafed<\/p>\n","protected":false},"excerpt":{"rendered":"<p>Le ministre des Affaires \u00e9trang\u00e8res et de la Communaut\u00e9 nationale \u00e0 l&rsquo;\u00e9tranger, Ahmed Attaf, a r\u00e9affirm\u00e9 hier les positions de<\/p>\n","protected":false},"author":3,"featured_media":47495,"comment_status":"open","ping_status":"closed","sticky":false,"template":"","format":"standard","meta":{"colormag_page_container_layout":"default_layout","colormag_page_sidebar_layout":"default_layout","om_disable_all_campaigns":false,"_monsterinsights_skip_tracking":false,"_monsterinsights_sitenote_active":false,"_monsterinsights_sitenote_note":"","_monsterinsights_sitenote_category":0,"footnotes":"","_wpscppro_dont_share_socialmedia":false,"_wpscppro_custom_social_share_image":0,"_facebook_share_type":"","_twitter_share_type":"","_linkedin_share_type":"","_pinterest_share_type":"","_linkedin_share_type_page":"","_instagram_share_type":"","_medium_share_type":"","_threads_share_type":"","_google_business_share_type":"","_selected_social_profile":[],"_wpsp_enable_custom_social_template":false,"_wpsp_social_scheduling":{"enabled":false,"datetime":null,"platforms":[],"status":"template_only","dateOption":"today","timeOption":"now","customDays":"","customHours":"","customDate":"","customTime":"","schedulingType":"absolute"},"_wpsp_active_default_template":true},"categories":[27],"tags":[],"class_list":["post-47494","post","type-post","status-publish","format-standard","has-post-thumbnail","hentry","category-actualite"],"aioseo_notices":[],"yoast_head":"<!-- This site is optimized with the Yoast SEO plugin v27.5 - https:\/\/yoast.com\/product\/yoast-seo-wordpress\/ -->\n<title>Crise libyenne : L\u2019Alg\u00e9rie r\u00e9it\u00e8re son rejet de toute intervention \u00e9trang\u00e8re - La Sentinelle<\/title>\n<meta name=\"robots\" content=\"index, follow, max-snippet:-1, max-image-preview:large, max-video-preview:-1\" \/>\n<link rel=\"canonical\" href=\"https:\/\/lasentinelle.dz\/index.php\/2023\/11\/27\/crise-libyenne-lalgerie-reitere-son-rejet-de-toute-intervention-etrangere\/\" \/>\n<meta property=\"og:locale\" content=\"fr_FR\" \/>\n<meta property=\"og:type\" content=\"article\" \/>\n<meta property=\"og:title\" content=\"Crise libyenne : L\u2019Alg\u00e9rie r\u00e9it\u00e8re son rejet de toute intervention \u00e9trang\u00e8re - La Sentinelle\" \/>\n<meta property=\"og:description\" content=\"Le ministre des Affaires \u00e9trang\u00e8res et de la Communaut\u00e9 nationale \u00e0 l&rsquo;\u00e9tranger, Ahmed Attaf, a r\u00e9affirm\u00e9 hier les positions de\" \/>\n<meta property=\"og:url\" content=\"https:\/\/lasentinelle.dz\/index.php\/2023\/11\/27\/crise-libyenne-lalgerie-reitere-son-rejet-de-toute-intervention-etrangere\/\" \/>\n<meta property=\"og:site_name\" content=\"La Sentinelle\" \/>\n<meta property=\"article:publisher\" content=\"https:\/\/www.facebook.com\/La-Sentinelle-104059864394773\" \/>\n<meta property=\"article:published_time\" content=\"2023-11-27T19:51:23+00:00\" \/>\n<meta property=\"article:modified_time\" content=\"2023-11-27T19:51:24+00:00\" \/>\n<meta property=\"og:image\" content=\"https:\/\/lasentinelle.dz\/wp-content\/uploads\/2023\/11\/attaf-bathily.jpeg\" \/>\n\t<meta property=\"og:image:width\" content=\"2048\" \/>\n\t<meta property=\"og:image:height\" content=\"1638\" \/>\n\t<meta property=\"og:image:type\" content=\"image\/jpeg\" \/>\n<meta name=\"author\" content=\"La Sentinelle\" \/>\n<meta name=\"twitter:card\" content=\"summary_large_image\" \/>\n<meta name=\"twitter:label1\" content=\"\u00c9crit par\" \/>\n\t<meta name=\"twitter:data1\" content=\"La Sentinelle\" \/>\n\t<meta name=\"twitter:label2\" content=\"Dur\u00e9e de lecture estim\u00e9e\" \/>\n\t<meta name=\"twitter:data2\" content=\"5 minutes\" \/>\n<script type=\"application\/ld+json\" class=\"yoast-schema-graph\">{\"@context\":\"https:\\\/\\\/schema.org\",\"@graph\":[{\"@type\":\"Article\",\"@id\":\"https:\\\/\\\/lasentinelle.dz\\\/index.php\\\/2023\\\/11\\\/27\\\/crise-libyenne-lalgerie-reitere-son-rejet-de-toute-intervention-etrangere\\\/#article\",\"isPartOf\":{\"@id\":\"https:\\\/\\\/lasentinelle.dz\\\/index.php\\\/2023\\\/11\\\/27\\\/crise-libyenne-lalgerie-reitere-son-rejet-de-toute-intervention-etrangere\\\/\"},\"author\":{\"name\":\"La Sentinelle\",\"@id\":\"https:\\\/\\\/lasentinelle.dz\\\/#\\\/schema\\\/person\\\/d865044e22e70a75174ce8bcad3acfb3\"},\"headline\":\"Crise libyenne : L\u2019Alg\u00e9rie r\u00e9it\u00e8re son rejet de toute intervention \u00e9trang\u00e8re\",\"datePublished\":\"2023-11-27T19:51:23+00:00\",\"dateModified\":\"2023-11-27T19:51:24+00:00\",\"mainEntityOfPage\":{\"@id\":\"https:\\\/\\\/lasentinelle.dz\\\/index.php\\\/2023\\\/11\\\/27\\\/crise-libyenne-lalgerie-reitere-son-rejet-de-toute-intervention-etrangere\\\/\"},\"wordCount\":1074,\"commentCount\":0,\"publisher\":{\"@id\":\"https:\\\/\\\/lasentinelle.dz\\\/#organization\"},\"image\":{\"@id\":\"https:\\\/\\\/lasentinelle.dz\\\/index.php\\\/2023\\\/11\\\/27\\\/crise-libyenne-lalgerie-reitere-son-rejet-de-toute-intervention-etrangere\\\/#primaryimage\"},\"thumbnailUrl\":\"https:\\\/\\\/lasentinelle.dz\\\/wp-content\\\/uploads\\\/2023\\\/11\\\/attaf-bathily.jpeg\",\"articleSection\":[\"Actualit\u00e9\"],\"inLanguage\":\"fr-FR\",\"potentialAction\":[{\"@type\":\"CommentAction\",\"name\":\"Comment\",\"target\":[\"https:\\\/\\\/lasentinelle.dz\\\/index.php\\\/2023\\\/11\\\/27\\\/crise-libyenne-lalgerie-reitere-son-rejet-de-toute-intervention-etrangere\\\/#respond\"]}]},{\"@type\":\"WebPage\",\"@id\":\"https:\\\/\\\/lasentinelle.dz\\\/index.php\\\/2023\\\/11\\\/27\\\/crise-libyenne-lalgerie-reitere-son-rejet-de-toute-intervention-etrangere\\\/\",\"url\":\"https:\\\/\\\/lasentinelle.dz\\\/index.php\\\/2023\\\/11\\\/27\\\/crise-libyenne-lalgerie-reitere-son-rejet-de-toute-intervention-etrangere\\\/\",\"name\":\"Crise libyenne : L\u2019Alg\u00e9rie r\u00e9it\u00e8re son rejet de toute intervention \u00e9trang\u00e8re - La Sentinelle\",\"isPartOf\":{\"@id\":\"https:\\\/\\\/lasentinelle.dz\\\/#website\"},\"primaryImageOfPage\":{\"@id\":\"https:\\\/\\\/lasentinelle.dz\\\/index.php\\\/2023\\\/11\\\/27\\\/crise-libyenne-lalgerie-reitere-son-rejet-de-toute-intervention-etrangere\\\/#primaryimage\"},\"image\":{\"@id\":\"https:\\\/\\\/lasentinelle.dz\\\/index.php\\\/2023\\\/11\\\/27\\\/crise-libyenne-lalgerie-reitere-son-rejet-de-toute-intervention-etrangere\\\/#primaryimage\"},\"thumbnailUrl\":\"https:\\\/\\\/lasentinelle.dz\\\/wp-content\\\/uploads\\\/2023\\\/11\\\/attaf-bathily.jpeg\",\"datePublished\":\"2023-11-27T19:51:23+00:00\",\"dateModified\":\"2023-11-27T19:51:24+00:00\",\"breadcrumb\":{\"@id\":\"https:\\\/\\\/lasentinelle.dz\\\/index.php\\\/2023\\\/11\\\/27\\\/crise-libyenne-lalgerie-reitere-son-rejet-de-toute-intervention-etrangere\\\/#breadcrumb\"},\"inLanguage\":\"fr-FR\",\"potentialAction\":[{\"@type\":\"ReadAction\",\"target\":[\"https:\\\/\\\/lasentinelle.dz\\\/index.php\\\/2023\\\/11\\\/27\\\/crise-libyenne-lalgerie-reitere-son-rejet-de-toute-intervention-etrangere\\\/\"]}]},{\"@type\":\"ImageObject\",\"inLanguage\":\"fr-FR\",\"@id\":\"https:\\\/\\\/lasentinelle.dz\\\/index.php\\\/2023\\\/11\\\/27\\\/crise-libyenne-lalgerie-reitere-son-rejet-de-toute-intervention-etrangere\\\/#primaryimage\",\"url\":\"https:\\\/\\\/lasentinelle.dz\\\/wp-content\\\/uploads\\\/2023\\\/11\\\/attaf-bathily.jpeg\",\"contentUrl\":\"https:\\\/\\\/lasentinelle.dz\\\/wp-content\\\/uploads\\\/2023\\\/11\\\/attaf-bathily.jpeg\",\"width\":2048,\"height\":1638},{\"@type\":\"BreadcrumbList\",\"@id\":\"https:\\\/\\\/lasentinelle.dz\\\/index.php\\\/2023\\\/11\\\/27\\\/crise-libyenne-lalgerie-reitere-son-rejet-de-toute-intervention-etrangere\\\/#breadcrumb\",\"itemListElement\":[{\"@type\":\"ListItem\",\"position\":1,\"name\":\"Accueil\",\"item\":\"https:\\\/\\\/lasentinelle.dz\\\/\"},{\"@type\":\"ListItem\",\"position\":2,\"name\":\"Crise libyenne : L\u2019Alg\u00e9rie r\u00e9it\u00e8re son rejet de toute intervention \u00e9trang\u00e8re\"}]},{\"@type\":\"WebSite\",\"@id\":\"https:\\\/\\\/lasentinelle.dz\\\/#website\",\"url\":\"https:\\\/\\\/lasentinelle.dz\\\/\",\"name\":\"La Sentinelle\",\"description\":\"Quotidien national d&#039;information\",\"publisher\":{\"@id\":\"https:\\\/\\\/lasentinelle.dz\\\/#organization\"},\"potentialAction\":[{\"@type\":\"SearchAction\",\"target\":{\"@type\":\"EntryPoint\",\"urlTemplate\":\"https:\\\/\\\/lasentinelle.dz\\\/?s={search_term_string}\"},\"query-input\":{\"@type\":\"PropertyValueSpecification\",\"valueRequired\":true,\"valueName\":\"search_term_string\"}}],\"inLanguage\":\"fr-FR\"},{\"@type\":\"Organization\",\"@id\":\"https:\\\/\\\/lasentinelle.dz\\\/#organization\",\"name\":\"Quotidien La Sentinelle\",\"url\":\"https:\\\/\\\/lasentinelle.dz\\\/\",\"logo\":{\"@type\":\"ImageObject\",\"inLanguage\":\"fr-FR\",\"@id\":\"https:\\\/\\\/lasentinelle.dz\\\/#\\\/schema\\\/logo\\\/image\\\/\",\"url\":\"https:\\\/\\\/lasentinelle.dz\\\/wp-content\\\/uploads\\\/2021\\\/09\\\/logo-sentinelleSLOGAN-1.png\",\"contentUrl\":\"https:\\\/\\\/lasentinelle.dz\\\/wp-content\\\/uploads\\\/2021\\\/09\\\/logo-sentinelleSLOGAN-1.png\",\"width\":615,\"height\":142,\"caption\":\"Quotidien La Sentinelle\"},\"image\":{\"@id\":\"https:\\\/\\\/lasentinelle.dz\\\/#\\\/schema\\\/logo\\\/image\\\/\"},\"sameAs\":[\"https:\\\/\\\/www.facebook.com\\\/La-Sentinelle-104059864394773\"]},{\"@type\":\"Person\",\"@id\":\"https:\\\/\\\/lasentinelle.dz\\\/#\\\/schema\\\/person\\\/d865044e22e70a75174ce8bcad3acfb3\",\"name\":\"La Sentinelle\",\"image\":{\"@type\":\"ImageObject\",\"inLanguage\":\"fr-FR\",\"@id\":\"https:\\\/\\\/secure.gravatar.com\\\/avatar\\\/57de8e5d4b15d43fb361a71fbb36338450fe67865b528a43dd10ef7c51a20392?s=96&d=mm&r=g\",\"url\":\"https:\\\/\\\/secure.gravatar.com\\\/avatar\\\/57de8e5d4b15d43fb361a71fbb36338450fe67865b528a43dd10ef7c51a20392?s=96&d=mm&r=g\",\"contentUrl\":\"https:\\\/\\\/secure.gravatar.com\\\/avatar\\\/57de8e5d4b15d43fb361a71fbb36338450fe67865b528a43dd10ef7c51a20392?s=96&d=mm&r=g\",\"caption\":\"La Sentinelle\"},\"sameAs\":[\"http:\\\/\\\/www.lasentinelle.dz\"],\"url\":\"https:\\\/\\\/lasentinelle.dz\\\/author\\\/redaction\\\/\"}]}<\/script>\n<!-- \/ Yoast SEO plugin. -->","yoast_head_json":{"title":"Crise libyenne : L\u2019Alg\u00e9rie r\u00e9it\u00e8re son rejet de toute intervention \u00e9trang\u00e8re - La Sentinelle","robots":{"index":"index","follow":"follow","max-snippet":"max-snippet:-1","max-image-preview":"max-image-preview:large","max-video-preview":"max-video-preview:-1"},"canonical":"https:\/\/lasentinelle.dz\/index.php\/2023\/11\/27\/crise-libyenne-lalgerie-reitere-son-rejet-de-toute-intervention-etrangere\/","og_locale":"fr_FR","og_type":"article","og_title":"Crise libyenne : L\u2019Alg\u00e9rie r\u00e9it\u00e8re son rejet de toute intervention \u00e9trang\u00e8re - La Sentinelle","og_description":"Le ministre des Affaires \u00e9trang\u00e8res et de la Communaut\u00e9 nationale \u00e0 l&rsquo;\u00e9tranger, Ahmed Attaf, a r\u00e9affirm\u00e9 hier les positions de","og_url":"https:\/\/lasentinelle.dz\/index.php\/2023\/11\/27\/crise-libyenne-lalgerie-reitere-son-rejet-de-toute-intervention-etrangere\/","og_site_name":"La Sentinelle","article_publisher":"https:\/\/www.facebook.com\/La-Sentinelle-104059864394773","article_published_time":"2023-11-27T19:51:23+00:00","article_modified_time":"2023-11-27T19:51:24+00:00","og_image":[{"width":2048,"height":1638,"url":"https:\/\/lasentinelle.dz\/wp-content\/uploads\/2023\/11\/attaf-bathily.jpeg","type":"image\/jpeg"}],"author":"La Sentinelle","twitter_card":"summary_large_image","twitter_misc":{"\u00c9crit par":"La Sentinelle","Dur\u00e9e de lecture estim\u00e9e":"5 minutes"},"schema":{"@context":"https:\/\/schema.org","@graph":[{"@type":"Article","@id":"https:\/\/lasentinelle.dz\/index.php\/2023\/11\/27\/crise-libyenne-lalgerie-reitere-son-rejet-de-toute-intervention-etrangere\/#article","isPartOf":{"@id":"https:\/\/lasentinelle.dz\/index.php\/2023\/11\/27\/crise-libyenne-lalgerie-reitere-son-rejet-de-toute-intervention-etrangere\/"},"author":{"name":"La Sentinelle","@id":"https:\/\/lasentinelle.dz\/#\/schema\/person\/d865044e22e70a75174ce8bcad3acfb3"},"headline":"Crise libyenne : L\u2019Alg\u00e9rie r\u00e9it\u00e8re son rejet de toute intervention \u00e9trang\u00e8re","datePublished":"2023-11-27T19:51:23+00:00","dateModified":"2023-11-27T19:51:24+00:00","mainEntityOfPage":{"@id":"https:\/\/lasentinelle.dz\/index.php\/2023\/11\/27\/crise-libyenne-lalgerie-reitere-son-rejet-de-toute-intervention-etrangere\/"},"wordCount":1074,"commentCount":0,"publisher":{"@id":"https:\/\/lasentinelle.dz\/#organization"},"image":{"@id":"https:\/\/lasentinelle.dz\/index.php\/2023\/11\/27\/crise-libyenne-lalgerie-reitere-son-rejet-de-toute-intervention-etrangere\/#primaryimage"},"thumbnailUrl":"https:\/\/lasentinelle.dz\/wp-content\/uploads\/2023\/11\/attaf-bathily.jpeg","articleSection":["Actualit\u00e9"],"inLanguage":"fr-FR","potentialAction":[{"@type":"CommentAction","name":"Comment","target":["https:\/\/lasentinelle.dz\/index.php\/2023\/11\/27\/crise-libyenne-lalgerie-reitere-son-rejet-de-toute-intervention-etrangere\/#respond"]}]},{"@type":"WebPage","@id":"https:\/\/lasentinelle.dz\/index.php\/2023\/11\/27\/crise-libyenne-lalgerie-reitere-son-rejet-de-toute-intervention-etrangere\/","url":"https:\/\/lasentinelle.dz\/index.php\/2023\/11\/27\/crise-libyenne-lalgerie-reitere-son-rejet-de-toute-intervention-etrangere\/","name":"Crise libyenne : L\u2019Alg\u00e9rie r\u00e9it\u00e8re son rejet de toute intervention \u00e9trang\u00e8re - La Sentinelle","isPartOf":{"@id":"https:\/\/lasentinelle.dz\/#website"},"primaryImageOfPage":{"@id":"https:\/\/lasentinelle.dz\/index.php\/2023\/11\/27\/crise-libyenne-lalgerie-reitere-son-rejet-de-toute-intervention-etrangere\/#primaryimage"},"image":{"@id":"https:\/\/lasentinelle.dz\/index.php\/2023\/11\/27\/crise-libyenne-lalgerie-reitere-son-rejet-de-toute-intervention-etrangere\/#primaryimage"},"thumbnailUrl":"https:\/\/lasentinelle.dz\/wp-content\/uploads\/2023\/11\/attaf-bathily.jpeg","datePublished":"2023-11-27T19:51:23+00:00","dateModified":"2023-11-27T19:51:24+00:00","breadcrumb":{"@id":"https:\/\/lasentinelle.dz\/index.php\/2023\/11\/27\/crise-libyenne-lalgerie-reitere-son-rejet-de-toute-intervention-etrangere\/#breadcrumb"},"inLanguage":"fr-FR","potentialAction":[{"@type":"ReadAction","target":["https:\/\/lasentinelle.dz\/index.php\/2023\/11\/27\/crise-libyenne-lalgerie-reitere-son-rejet-de-toute-intervention-etrangere\/"]}]},{"@type":"ImageObject","inLanguage":"fr-FR","@id":"https:\/\/lasentinelle.dz\/index.php\/2023\/11\/27\/crise-libyenne-lalgerie-reitere-son-rejet-de-toute-intervention-etrangere\/#primaryimage","url":"https:\/\/lasentinelle.dz\/wp-content\/uploads\/2023\/11\/attaf-bathily.jpeg","contentUrl":"https:\/\/lasentinelle.dz\/wp-content\/uploads\/2023\/11\/attaf-bathily.jpeg","width":2048,"height":1638},{"@type":"BreadcrumbList","@id":"https:\/\/lasentinelle.dz\/index.php\/2023\/11\/27\/crise-libyenne-lalgerie-reitere-son-rejet-de-toute-intervention-etrangere\/#breadcrumb","itemListElement":[{"@type":"ListItem","position":1,"name":"Accueil","item":"https:\/\/lasentinelle.dz\/"},{"@type":"ListItem","position":2,"name":"Crise libyenne : L\u2019Alg\u00e9rie r\u00e9it\u00e8re son rejet de toute intervention \u00e9trang\u00e8re"}]},{"@type":"WebSite","@id":"https:\/\/lasentinelle.dz\/#website","url":"https:\/\/lasentinelle.dz\/","name":"La Sentinelle","description":"Quotidien national d&#039;information","publisher":{"@id":"https:\/\/lasentinelle.dz\/#organization"},"potentialAction":[{"@type":"SearchAction","target":{"@type":"EntryPoint","urlTemplate":"https:\/\/lasentinelle.dz\/?s={search_term_string}"},"query-input":{"@type":"PropertyValueSpecification","valueRequired":true,"valueName":"search_term_string"}}],"inLanguage":"fr-FR"},{"@type":"Organization","@id":"https:\/\/lasentinelle.dz\/#organization","name":"Quotidien La Sentinelle","url":"https:\/\/lasentinelle.dz\/","logo":{"@type":"ImageObject","inLanguage":"fr-FR","@id":"https:\/\/lasentinelle.dz\/#\/schema\/logo\/image\/","url":"https:\/\/lasentinelle.dz\/wp-content\/uploads\/2021\/09\/logo-sentinelleSLOGAN-1.png","contentUrl":"https:\/\/lasentinelle.dz\/wp-content\/uploads\/2021\/09\/logo-sentinelleSLOGAN-1.png","width":615,"height":142,"caption":"Quotidien La Sentinelle"},"image":{"@id":"https:\/\/lasentinelle.dz\/#\/schema\/logo\/image\/"},"sameAs":["https:\/\/www.facebook.com\/La-Sentinelle-104059864394773"]},{"@type":"Person","@id":"https:\/\/lasentinelle.dz\/#\/schema\/person\/d865044e22e70a75174ce8bcad3acfb3","name":"La Sentinelle","image":{"@type":"ImageObject","inLanguage":"fr-FR","@id":"https:\/\/secure.gravatar.com\/avatar\/57de8e5d4b15d43fb361a71fbb36338450fe67865b528a43dd10ef7c51a20392?s=96&d=mm&r=g","url":"https:\/\/secure.gravatar.com\/avatar\/57de8e5d4b15d43fb361a71fbb36338450fe67865b528a43dd10ef7c51a20392?s=96&d=mm&r=g","contentUrl":"https:\/\/secure.gravatar.com\/avatar\/57de8e5d4b15d43fb361a71fbb36338450fe67865b528a43dd10ef7c51a20392?s=96&d=mm&r=g","caption":"La Sentinelle"},"sameAs":["http:\/\/www.lasentinelle.dz"],"url":"https:\/\/lasentinelle.dz\/author\/redaction\/"}]}},"_links":{"self":[{"href":"https:\/\/lasentinelle.dz\/index.php\/wp-json\/wp\/v2\/posts\/47494","targetHints":{"allow":["GET"]}}],"collection":[{"href":"https:\/\/lasentinelle.dz\/index.php\/wp-json\/wp\/v2\/posts"}],"about":[{"href":"https:\/\/lasentinelle.dz\/index.php\/wp-json\/wp\/v2\/types\/post"}],"author":[{"embeddable":true,"href":"https:\/\/lasentinelle.dz\/index.php\/wp-json\/wp\/v2\/users\/3"}],"replies":[{"embeddable":true,"href":"https:\/\/lasentinelle.dz\/index.php\/wp-json\/wp\/v2\/comments?post=47494"}],"version-history":[{"count":1,"href":"https:\/\/lasentinelle.dz\/index.php\/wp-json\/wp\/v2\/posts\/47494\/revisions"}],"predecessor-version":[{"id":47496,"href":"https:\/\/lasentinelle.dz\/index.php\/wp-json\/wp\/v2\/posts\/47494\/revisions\/47496"}],"wp:featuredmedia":[{"embeddable":true,"href":"https:\/\/lasentinelle.dz\/index.php\/wp-json\/wp\/v2\/media\/47495"}],"wp:attachment":[{"href":"https:\/\/lasentinelle.dz\/index.php\/wp-json\/wp\/v2\/media?parent=47494"}],"wp:term":[{"taxonomy":"category","embeddable":true,"href":"https:\/\/lasentinelle.dz\/index.php\/wp-json\/wp\/v2\/categories?post=47494"},{"taxonomy":"post_tag","embeddable":true,"href":"https:\/\/lasentinelle.dz\/index.php\/wp-json\/wp\/v2\/tags?post=47494"}],"curies":[{"name":"wp","href":"https:\/\/api.w.org\/{rel}","templated":true}]}}