{"id":47528,"date":"2023-11-28T21:40:50","date_gmt":"2023-11-28T20:40:50","guid":{"rendered":"https:\/\/lasentinelle.dz\/?p=47528"},"modified":"2023-11-28T21:55:23","modified_gmt":"2023-11-28T20:55:23","slug":"film-sur-lemir-abdelkader-une-commission-de-haut-niveau-pour-evaluer-le-cahier-des-charges","status":"publish","type":"post","link":"https:\/\/lasentinelle.dz\/index.php\/2023\/11\/28\/film-sur-lemir-abdelkader-une-commission-de-haut-niveau-pour-evaluer-le-cahier-des-charges\/","title":{"rendered":"Film sur l&rsquo;Emir Abdelkader\u00a0: Une commission de haut niveau pour \u00e9valuer le cahier des charges"},"content":{"rendered":"\n<p>La ministre de la Culture et des Arts, Soraya Mouloudji, a pr\u00e9sid\u00e9, lundi \u00e0 Alger, la c\u00e9r\u00e9monie d&rsquo;installation d&rsquo;une commission de haut niveau compos\u00e9e de personnalit\u00e9s du cin\u00e9ma et d&rsquo;historiens, charg\u00e9e d&rsquo;\u00e9valuer et d&rsquo;enrichir le cahier des charges pour la s\u00e9lection d&rsquo;un sc\u00e9nario du film sur l&rsquo;Emir Abdelkader, ainsi que d&rsquo;\u00e9valuer et d&rsquo;approuver les propositions de sc\u00e9narios qui seront pr\u00e9sent\u00e9es dans le cadre d&rsquo;un concours international, indique un communiqu\u00e9 du minist\u00e8re.<\/p>\n\n\n\n<p>\u00ab&nbsp;Dans le cadre des pr\u00e9paratifs en cours pour le lancement d&rsquo;un projet de production d&rsquo;un film international sur l&rsquo;Emir Abdelkader, la ministre de la Culture et des Arts a pr\u00e9sid\u00e9, \u00e0 l&rsquo;occasion du 191e anniversaire de l&rsquo;all\u00e9geance \u00e0 l&rsquo;Emir Abdelkader, la c\u00e9r\u00e9monie d&rsquo;installation d&rsquo;une commission de haut niveau compos\u00e9e de grandes personnalit\u00e9s du cin\u00e9ma et d&rsquo;historiens&nbsp;\u00bb, pr\u00e9cise le communiqu\u00e9. Cela intervient apr\u00e8s le placement de l\u2019\u00e9tablissement public \u00ab\u00a0Al-Djaza\u00efri pour la production, la distribution et l\u2019exploitation du film sur l\u2019Emir Abdelkader\u00a0\u00bb, sous la tutelle du minist\u00e8re de la Culture et des Arts, conform\u00e9ment au d\u00e9cret pr\u00e9sidentiel n&nbsp; 23-287 du 15 Moharram 1445 correspondant au 2 ao\u00fbt 2023&Prime;, ajoute-t-on de m\u00eame source. Selon le m\u00eame communiqu\u00e9, cette commission \u00ab\u00a0aura pour mission d&rsquo;\u00e9valuer et d&rsquo;enrichir le cahier des charges pour la s\u00e9lection du sc\u00e9nario du film, ainsi que d&rsquo;\u00e9valuer et d&rsquo;approuver les propositions de sc\u00e9narios qui seront pr\u00e9sent\u00e9es dans le cadre d&rsquo;un concours international\u00a0\u00bb. La commission est compos\u00e9e du critique cin\u00e9matographique, Ahmed Bedjaoui, de l&rsquo;historien, Djamel Yahiaoui, du romancier Waciny Laredj, du professeur Most\u00e9fa Khiati, du producteur de cin\u00e9ma, Yacine Medkour. \u00ab\u00a0La commission peut faire appel \u00e0 des experts et des sp\u00e9cialistes pour contribuer \u00e0 l&rsquo;enrichissement de ce projet\u00a0\u00bb, conclut le communiqu\u00e9.<\/p>\n\n\n\n<p>Notons que le ministre des Moudjahidine et Ayant droits, La\u00efd Rebigua a insist\u00e9, lundi lors le de la visite du site historique de l\u2019arbre \u00ab\u00a0Derdara\u00a0\u00bb dans la commune de Ghriss dans le cadre des festivit\u00e9s c\u00e9l\u00e9brant le 191e anniversaire de la premi\u00e8re all\u00e9geance (Moubayaa) \u00e0 l\u2019Emir Abdelkader, sur le renforcement du travail visant \u00e0 prot\u00e9ger les hauts faits de l\u2019Emir Abdelkader. \u00ab\u00a0Notre devoir \u00e0 tous est de renforcer le travail de pr\u00e9servation des hauts faits et la m\u00e9moire de l\u2019Emir Abdelkader et les grands hommes du pays et de veiller \u00e0 transmettre leurs messages aux g\u00e9n\u00e9rations montantes en comm\u00e9morant leur anniversaire \u00e0 chaque occasion et en faisant conna\u00eetre leurs \u0153uvres\u00a0\u00bb, a soulign\u00e9 le ministre.<\/p>\n\n\n\n<p>M. Rebigua a rappel\u00e9, au passage, \u00ab\u00a0l&rsquo;initiative du pr\u00e9sident de la R\u00e9publique, M. Abdelmadjid Tebboune, portant sur la r\u00e9alisation de travaux comm\u00e9morant ce haut symbole, partant de l\u2019int\u00e9r\u00eat particulier qu\u2019il accorde \u00e0 toutes les questions li\u00e9es \u00e0 notre glorieuse m\u00e9moire nationale\u00a0\u00bb. \u00ab\u00a0L\u2019Emir est consid\u00e9r\u00e9 comme un symbole de la lutte nationale honorable et la r\u00e9sistance contre l&rsquo;occupation. Il n&rsquo;est pas surprenant qu&rsquo;il transcendait son \u00e9poque avec sa comp\u00e9tence et sa capacit\u00e9 de diriger et d&rsquo;anticiper\u00a0\u00bb, a encore d\u00e9clar\u00e9 le ministre, soulignant que \u00ab\u00a0les valeurs et les principes de l\u2019Emir Abdelkader ont constitu\u00e9 une source d&rsquo;inspiration pour les g\u00e9n\u00e9rations successives de notre nation \u00e0 fournir des efforts pour la lib\u00e9ration et l\u2019\u00e9dification du pays et le parach\u00e8vement de la r\u00e9novation de l&rsquo;\u00e9difice national, dont les bases ont \u00e9t\u00e9 pos\u00e9es par le pr\u00e9sident de la R\u00e9publique, M. Abdelmadjid Tebboune\u00a0\u00bb.<\/p>\n\n\n\n<p>Par ailleurs, le ministre a pris connaissance, lors de sa visite \u00e0 la Maison du commandement de l&rsquo;Emir Abdelkader, de visu de l&rsquo;\u00e9p\u00e9e du fondateur de l&rsquo;Etat alg\u00e9rien moderne, r\u00e9cemment r\u00e9cup\u00e9r\u00e9e par le minist\u00e8re de la Culture et des Arts en collaboration avec les minist\u00e8res des Moudjahidine et Ayant droits et des Affaires \u00e9trang\u00e8res et de la Communaut\u00e9 nationale \u00e0 l&rsquo;\u00e9tranger A cette occasion, M. Rebigua a soulign\u00e9 que son d\u00e9partement minist\u00e9riel \u0153uvre sans rel\u00e2che au suivi de tout ce qui a trait au patrimoine mat\u00e9riel et immat\u00e9riel spoli\u00e9 par le colonialisme fran\u00e7ais et sa r\u00e9cup\u00e9ration avec tous les moyens possibles par la force de la loi. \u00ab\u00a0Cette authentique \u00e9p\u00e9e de l\u2019Emir Abdelkader a un grand symbolisme et doit \u00eatre pr\u00e9serv\u00e9e\u00a0\u00bb, sugg\u00e9rant \u00ab\u00a0de reproduire une copie avec les m\u00eames sp\u00e9cificit\u00e9s afin de pr\u00e9server la pi\u00e8ce originale pour les g\u00e9n\u00e9rations montantes\u00a0\u00bb.<\/p>\n\n\n\n<p>R.C.<\/p>\n","protected":false},"excerpt":{"rendered":"<p>La ministre de la Culture et des Arts, Soraya Mouloudji, a pr\u00e9sid\u00e9, lundi \u00e0 Alger, la c\u00e9r\u00e9monie d&rsquo;installation d&rsquo;une commission<\/p>\n","protected":false},"author":3,"featured_media":10322,"comment_status":"open","ping_status":"closed","sticky":false,"template":"","format":"standard","meta":{"colormag_page_container_layout":"default_layout","colormag_page_sidebar_layout":"default_layout","om_disable_all_campaigns":false,"_monsterinsights_skip_tracking":false,"_monsterinsights_sitenote_active":false,"_monsterinsights_sitenote_note":"","_monsterinsights_sitenote_category":0,"footnotes":"","_wpscppro_dont_share_socialmedia":false,"_wpscppro_custom_social_share_image":0,"_facebook_share_type":"","_twitter_share_type":"","_linkedin_share_type":"","_pinterest_share_type":"","_linkedin_share_type_page":"","_instagram_share_type":"","_medium_share_type":"","_threads_share_type":"","_google_business_share_type":"","_selected_social_profile":[],"_wpsp_enable_custom_social_template":false,"_wpsp_social_scheduling":{"enabled":false,"datetime":null,"platforms":[],"status":"template_only","dateOption":"today","timeOption":"now","customDays":"","customHours":"","customDate":"","customTime":"","schedulingType":"absolute"},"_wpsp_active_default_template":true},"categories":[36],"tags":[],"class_list":["post-47528","post","type-post","status-publish","format-standard","has-post-thumbnail","hentry","category-culture"],"aioseo_notices":[],"yoast_head":"<!-- This site is optimized with the Yoast SEO plugin v27.5 - https:\/\/yoast.com\/product\/yoast-seo-wordpress\/ -->\n<title>Film sur l&rsquo;Emir Abdelkader\u00a0: Une commission de haut niveau pour \u00e9valuer le cahier des charges - La Sentinelle<\/title>\n<meta name=\"robots\" content=\"index, follow, max-snippet:-1, max-image-preview:large, max-video-preview:-1\" \/>\n<link rel=\"canonical\" href=\"https:\/\/lasentinelle.dz\/index.php\/2023\/11\/28\/film-sur-lemir-abdelkader-une-commission-de-haut-niveau-pour-evaluer-le-cahier-des-charges\/\" \/>\n<meta property=\"og:locale\" content=\"fr_FR\" \/>\n<meta property=\"og:type\" content=\"article\" \/>\n<meta property=\"og:title\" content=\"Film sur l&rsquo;Emir Abdelkader\u00a0: Une commission de haut niveau pour \u00e9valuer le cahier des charges - La Sentinelle\" \/>\n<meta property=\"og:description\" content=\"La ministre de la Culture et des Arts, Soraya Mouloudji, a pr\u00e9sid\u00e9, lundi \u00e0 Alger, la c\u00e9r\u00e9monie d&rsquo;installation d&rsquo;une commission\" \/>\n<meta property=\"og:url\" content=\"https:\/\/lasentinelle.dz\/index.php\/2023\/11\/28\/film-sur-lemir-abdelkader-une-commission-de-haut-niveau-pour-evaluer-le-cahier-des-charges\/\" \/>\n<meta property=\"og:site_name\" content=\"La Sentinelle\" \/>\n<meta property=\"article:publisher\" content=\"https:\/\/www.facebook.com\/La-Sentinelle-104059864394773\" \/>\n<meta property=\"article:published_time\" content=\"2023-11-28T20:40:50+00:00\" \/>\n<meta property=\"article:modified_time\" content=\"2023-11-28T20:55:23+00:00\" \/>\n<meta property=\"og:image\" content=\"https:\/\/lasentinelle.dz\/wp-content\/uploads\/2021\/10\/emir-abdelkader-e1701204905123.jpeg\" \/>\n\t<meta property=\"og:image:width\" content=\"1343\" \/>\n\t<meta property=\"og:image:height\" content=\"1056\" \/>\n\t<meta property=\"og:image:type\" content=\"image\/jpeg\" \/>\n<meta name=\"author\" content=\"La Sentinelle\" \/>\n<meta name=\"twitter:card\" content=\"summary_large_image\" \/>\n<meta name=\"twitter:label1\" content=\"\u00c9crit par\" \/>\n\t<meta name=\"twitter:data1\" content=\"La Sentinelle\" \/>\n\t<meta name=\"twitter:label2\" content=\"Dur\u00e9e de lecture estim\u00e9e\" \/>\n\t<meta name=\"twitter:data2\" content=\"4 minutes\" \/>\n<script type=\"application\/ld+json\" class=\"yoast-schema-graph\">{\"@context\":\"https:\\\/\\\/schema.org\",\"@graph\":[{\"@type\":\"Article\",\"@id\":\"https:\\\/\\\/lasentinelle.dz\\\/index.php\\\/2023\\\/11\\\/28\\\/film-sur-lemir-abdelkader-une-commission-de-haut-niveau-pour-evaluer-le-cahier-des-charges\\\/#article\",\"isPartOf\":{\"@id\":\"https:\\\/\\\/lasentinelle.dz\\\/index.php\\\/2023\\\/11\\\/28\\\/film-sur-lemir-abdelkader-une-commission-de-haut-niveau-pour-evaluer-le-cahier-des-charges\\\/\"},\"author\":{\"name\":\"La Sentinelle\",\"@id\":\"https:\\\/\\\/lasentinelle.dz\\\/#\\\/schema\\\/person\\\/d865044e22e70a75174ce8bcad3acfb3\"},\"headline\":\"Film sur l&rsquo;Emir Abdelkader\u00a0: Une commission de haut niveau pour \u00e9valuer le cahier des charges\",\"datePublished\":\"2023-11-28T20:40:50+00:00\",\"dateModified\":\"2023-11-28T20:55:23+00:00\",\"mainEntityOfPage\":{\"@id\":\"https:\\\/\\\/lasentinelle.dz\\\/index.php\\\/2023\\\/11\\\/28\\\/film-sur-lemir-abdelkader-une-commission-de-haut-niveau-pour-evaluer-le-cahier-des-charges\\\/\"},\"wordCount\":816,\"commentCount\":0,\"publisher\":{\"@id\":\"https:\\\/\\\/lasentinelle.dz\\\/#organization\"},\"image\":{\"@id\":\"https:\\\/\\\/lasentinelle.dz\\\/index.php\\\/2023\\\/11\\\/28\\\/film-sur-lemir-abdelkader-une-commission-de-haut-niveau-pour-evaluer-le-cahier-des-charges\\\/#primaryimage\"},\"thumbnailUrl\":\"https:\\\/\\\/lasentinelle.dz\\\/wp-content\\\/uploads\\\/2021\\\/10\\\/emir-abdelkader-e1701204905123.jpeg\",\"articleSection\":[\"Culture\"],\"inLanguage\":\"fr-FR\",\"potentialAction\":[{\"@type\":\"CommentAction\",\"name\":\"Comment\",\"target\":[\"https:\\\/\\\/lasentinelle.dz\\\/index.php\\\/2023\\\/11\\\/28\\\/film-sur-lemir-abdelkader-une-commission-de-haut-niveau-pour-evaluer-le-cahier-des-charges\\\/#respond\"]}]},{\"@type\":\"WebPage\",\"@id\":\"https:\\\/\\\/lasentinelle.dz\\\/index.php\\\/2023\\\/11\\\/28\\\/film-sur-lemir-abdelkader-une-commission-de-haut-niveau-pour-evaluer-le-cahier-des-charges\\\/\",\"url\":\"https:\\\/\\\/lasentinelle.dz\\\/index.php\\\/2023\\\/11\\\/28\\\/film-sur-lemir-abdelkader-une-commission-de-haut-niveau-pour-evaluer-le-cahier-des-charges\\\/\",\"name\":\"Film sur l&rsquo;Emir Abdelkader\u00a0: Une commission de haut niveau pour \u00e9valuer le cahier des charges - La Sentinelle\",\"isPartOf\":{\"@id\":\"https:\\\/\\\/lasentinelle.dz\\\/#website\"},\"primaryImageOfPage\":{\"@id\":\"https:\\\/\\\/lasentinelle.dz\\\/index.php\\\/2023\\\/11\\\/28\\\/film-sur-lemir-abdelkader-une-commission-de-haut-niveau-pour-evaluer-le-cahier-des-charges\\\/#primaryimage\"},\"image\":{\"@id\":\"https:\\\/\\\/lasentinelle.dz\\\/index.php\\\/2023\\\/11\\\/28\\\/film-sur-lemir-abdelkader-une-commission-de-haut-niveau-pour-evaluer-le-cahier-des-charges\\\/#primaryimage\"},\"thumbnailUrl\":\"https:\\\/\\\/lasentinelle.dz\\\/wp-content\\\/uploads\\\/2021\\\/10\\\/emir-abdelkader-e1701204905123.jpeg\",\"datePublished\":\"2023-11-28T20:40:50+00:00\",\"dateModified\":\"2023-11-28T20:55:23+00:00\",\"breadcrumb\":{\"@id\":\"https:\\\/\\\/lasentinelle.dz\\\/index.php\\\/2023\\\/11\\\/28\\\/film-sur-lemir-abdelkader-une-commission-de-haut-niveau-pour-evaluer-le-cahier-des-charges\\\/#breadcrumb\"},\"inLanguage\":\"fr-FR\",\"potentialAction\":[{\"@type\":\"ReadAction\",\"target\":[\"https:\\\/\\\/lasentinelle.dz\\\/index.php\\\/2023\\\/11\\\/28\\\/film-sur-lemir-abdelkader-une-commission-de-haut-niveau-pour-evaluer-le-cahier-des-charges\\\/\"]}]},{\"@type\":\"ImageObject\",\"inLanguage\":\"fr-FR\",\"@id\":\"https:\\\/\\\/lasentinelle.dz\\\/index.php\\\/2023\\\/11\\\/28\\\/film-sur-lemir-abdelkader-une-commission-de-haut-niveau-pour-evaluer-le-cahier-des-charges\\\/#primaryimage\",\"url\":\"https:\\\/\\\/lasentinelle.dz\\\/wp-content\\\/uploads\\\/2021\\\/10\\\/emir-abdelkader-e1701204905123.jpeg\",\"contentUrl\":\"https:\\\/\\\/lasentinelle.dz\\\/wp-content\\\/uploads\\\/2021\\\/10\\\/emir-abdelkader-e1701204905123.jpeg\",\"width\":1343,\"height\":1056,\"caption\":\"E ZIANI THEMES 174\"},{\"@type\":\"BreadcrumbList\",\"@id\":\"https:\\\/\\\/lasentinelle.dz\\\/index.php\\\/2023\\\/11\\\/28\\\/film-sur-lemir-abdelkader-une-commission-de-haut-niveau-pour-evaluer-le-cahier-des-charges\\\/#breadcrumb\",\"itemListElement\":[{\"@type\":\"ListItem\",\"position\":1,\"name\":\"Accueil\",\"item\":\"https:\\\/\\\/lasentinelle.dz\\\/\"},{\"@type\":\"ListItem\",\"position\":2,\"name\":\"Film sur l&rsquo;Emir Abdelkader\u00a0: Une commission de haut niveau pour \u00e9valuer le cahier des charges\"}]},{\"@type\":\"WebSite\",\"@id\":\"https:\\\/\\\/lasentinelle.dz\\\/#website\",\"url\":\"https:\\\/\\\/lasentinelle.dz\\\/\",\"name\":\"La Sentinelle\",\"description\":\"Quotidien national d&#039;information\",\"publisher\":{\"@id\":\"https:\\\/\\\/lasentinelle.dz\\\/#organization\"},\"potentialAction\":[{\"@type\":\"SearchAction\",\"target\":{\"@type\":\"EntryPoint\",\"urlTemplate\":\"https:\\\/\\\/lasentinelle.dz\\\/?s={search_term_string}\"},\"query-input\":{\"@type\":\"PropertyValueSpecification\",\"valueRequired\":true,\"valueName\":\"search_term_string\"}}],\"inLanguage\":\"fr-FR\"},{\"@type\":\"Organization\",\"@id\":\"https:\\\/\\\/lasentinelle.dz\\\/#organization\",\"name\":\"Quotidien La Sentinelle\",\"url\":\"https:\\\/\\\/lasentinelle.dz\\\/\",\"logo\":{\"@type\":\"ImageObject\",\"inLanguage\":\"fr-FR\",\"@id\":\"https:\\\/\\\/lasentinelle.dz\\\/#\\\/schema\\\/logo\\\/image\\\/\",\"url\":\"https:\\\/\\\/lasentinelle.dz\\\/wp-content\\\/uploads\\\/2021\\\/09\\\/logo-sentinelleSLOGAN-1.png\",\"contentUrl\":\"https:\\\/\\\/lasentinelle.dz\\\/wp-content\\\/uploads\\\/2021\\\/09\\\/logo-sentinelleSLOGAN-1.png\",\"width\":615,\"height\":142,\"caption\":\"Quotidien La Sentinelle\"},\"image\":{\"@id\":\"https:\\\/\\\/lasentinelle.dz\\\/#\\\/schema\\\/logo\\\/image\\\/\"},\"sameAs\":[\"https:\\\/\\\/www.facebook.com\\\/La-Sentinelle-104059864394773\"]},{\"@type\":\"Person\",\"@id\":\"https:\\\/\\\/lasentinelle.dz\\\/#\\\/schema\\\/person\\\/d865044e22e70a75174ce8bcad3acfb3\",\"name\":\"La Sentinelle\",\"image\":{\"@type\":\"ImageObject\",\"inLanguage\":\"fr-FR\",\"@id\":\"https:\\\/\\\/secure.gravatar.com\\\/avatar\\\/57de8e5d4b15d43fb361a71fbb36338450fe67865b528a43dd10ef7c51a20392?s=96&d=mm&r=g\",\"url\":\"https:\\\/\\\/secure.gravatar.com\\\/avatar\\\/57de8e5d4b15d43fb361a71fbb36338450fe67865b528a43dd10ef7c51a20392?s=96&d=mm&r=g\",\"contentUrl\":\"https:\\\/\\\/secure.gravatar.com\\\/avatar\\\/57de8e5d4b15d43fb361a71fbb36338450fe67865b528a43dd10ef7c51a20392?s=96&d=mm&r=g\",\"caption\":\"La Sentinelle\"},\"sameAs\":[\"http:\\\/\\\/www.lasentinelle.dz\"],\"url\":\"https:\\\/\\\/lasentinelle.dz\\\/author\\\/redaction\\\/\"}]}<\/script>\n<!-- \/ Yoast SEO plugin. -->","yoast_head_json":{"title":"Film sur l&rsquo;Emir Abdelkader\u00a0: Une commission de haut niveau pour \u00e9valuer le cahier des charges - La Sentinelle","robots":{"index":"index","follow":"follow","max-snippet":"max-snippet:-1","max-image-preview":"max-image-preview:large","max-video-preview":"max-video-preview:-1"},"canonical":"https:\/\/lasentinelle.dz\/index.php\/2023\/11\/28\/film-sur-lemir-abdelkader-une-commission-de-haut-niveau-pour-evaluer-le-cahier-des-charges\/","og_locale":"fr_FR","og_type":"article","og_title":"Film sur l&rsquo;Emir Abdelkader\u00a0: Une commission de haut niveau pour \u00e9valuer le cahier des charges - La Sentinelle","og_description":"La ministre de la Culture et des Arts, Soraya Mouloudji, a pr\u00e9sid\u00e9, lundi \u00e0 Alger, la c\u00e9r\u00e9monie d&rsquo;installation d&rsquo;une commission","og_url":"https:\/\/lasentinelle.dz\/index.php\/2023\/11\/28\/film-sur-lemir-abdelkader-une-commission-de-haut-niveau-pour-evaluer-le-cahier-des-charges\/","og_site_name":"La Sentinelle","article_publisher":"https:\/\/www.facebook.com\/La-Sentinelle-104059864394773","article_published_time":"2023-11-28T20:40:50+00:00","article_modified_time":"2023-11-28T20:55:23+00:00","og_image":[{"width":1343,"height":1056,"url":"https:\/\/lasentinelle.dz\/wp-content\/uploads\/2021\/10\/emir-abdelkader-e1701204905123.jpeg","type":"image\/jpeg"}],"author":"La Sentinelle","twitter_card":"summary_large_image","twitter_misc":{"\u00c9crit par":"La Sentinelle","Dur\u00e9e de lecture estim\u00e9e":"4 minutes"},"schema":{"@context":"https:\/\/schema.org","@graph":[{"@type":"Article","@id":"https:\/\/lasentinelle.dz\/index.php\/2023\/11\/28\/film-sur-lemir-abdelkader-une-commission-de-haut-niveau-pour-evaluer-le-cahier-des-charges\/#article","isPartOf":{"@id":"https:\/\/lasentinelle.dz\/index.php\/2023\/11\/28\/film-sur-lemir-abdelkader-une-commission-de-haut-niveau-pour-evaluer-le-cahier-des-charges\/"},"author":{"name":"La Sentinelle","@id":"https:\/\/lasentinelle.dz\/#\/schema\/person\/d865044e22e70a75174ce8bcad3acfb3"},"headline":"Film sur l&rsquo;Emir Abdelkader\u00a0: Une commission de haut niveau pour \u00e9valuer le cahier des charges","datePublished":"2023-11-28T20:40:50+00:00","dateModified":"2023-11-28T20:55:23+00:00","mainEntityOfPage":{"@id":"https:\/\/lasentinelle.dz\/index.php\/2023\/11\/28\/film-sur-lemir-abdelkader-une-commission-de-haut-niveau-pour-evaluer-le-cahier-des-charges\/"},"wordCount":816,"commentCount":0,"publisher":{"@id":"https:\/\/lasentinelle.dz\/#organization"},"image":{"@id":"https:\/\/lasentinelle.dz\/index.php\/2023\/11\/28\/film-sur-lemir-abdelkader-une-commission-de-haut-niveau-pour-evaluer-le-cahier-des-charges\/#primaryimage"},"thumbnailUrl":"https:\/\/lasentinelle.dz\/wp-content\/uploads\/2021\/10\/emir-abdelkader-e1701204905123.jpeg","articleSection":["Culture"],"inLanguage":"fr-FR","potentialAction":[{"@type":"CommentAction","name":"Comment","target":["https:\/\/lasentinelle.dz\/index.php\/2023\/11\/28\/film-sur-lemir-abdelkader-une-commission-de-haut-niveau-pour-evaluer-le-cahier-des-charges\/#respond"]}]},{"@type":"WebPage","@id":"https:\/\/lasentinelle.dz\/index.php\/2023\/11\/28\/film-sur-lemir-abdelkader-une-commission-de-haut-niveau-pour-evaluer-le-cahier-des-charges\/","url":"https:\/\/lasentinelle.dz\/index.php\/2023\/11\/28\/film-sur-lemir-abdelkader-une-commission-de-haut-niveau-pour-evaluer-le-cahier-des-charges\/","name":"Film sur l&rsquo;Emir Abdelkader\u00a0: Une commission de haut niveau pour \u00e9valuer le cahier des charges - La Sentinelle","isPartOf":{"@id":"https:\/\/lasentinelle.dz\/#website"},"primaryImageOfPage":{"@id":"https:\/\/lasentinelle.dz\/index.php\/2023\/11\/28\/film-sur-lemir-abdelkader-une-commission-de-haut-niveau-pour-evaluer-le-cahier-des-charges\/#primaryimage"},"image":{"@id":"https:\/\/lasentinelle.dz\/index.php\/2023\/11\/28\/film-sur-lemir-abdelkader-une-commission-de-haut-niveau-pour-evaluer-le-cahier-des-charges\/#primaryimage"},"thumbnailUrl":"https:\/\/lasentinelle.dz\/wp-content\/uploads\/2021\/10\/emir-abdelkader-e1701204905123.jpeg","datePublished":"2023-11-28T20:40:50+00:00","dateModified":"2023-11-28T20:55:23+00:00","breadcrumb":{"@id":"https:\/\/lasentinelle.dz\/index.php\/2023\/11\/28\/film-sur-lemir-abdelkader-une-commission-de-haut-niveau-pour-evaluer-le-cahier-des-charges\/#breadcrumb"},"inLanguage":"fr-FR","potentialAction":[{"@type":"ReadAction","target":["https:\/\/lasentinelle.dz\/index.php\/2023\/11\/28\/film-sur-lemir-abdelkader-une-commission-de-haut-niveau-pour-evaluer-le-cahier-des-charges\/"]}]},{"@type":"ImageObject","inLanguage":"fr-FR","@id":"https:\/\/lasentinelle.dz\/index.php\/2023\/11\/28\/film-sur-lemir-abdelkader-une-commission-de-haut-niveau-pour-evaluer-le-cahier-des-charges\/#primaryimage","url":"https:\/\/lasentinelle.dz\/wp-content\/uploads\/2021\/10\/emir-abdelkader-e1701204905123.jpeg","contentUrl":"https:\/\/lasentinelle.dz\/wp-content\/uploads\/2021\/10\/emir-abdelkader-e1701204905123.jpeg","width":1343,"height":1056,"caption":"E ZIANI THEMES 174"},{"@type":"BreadcrumbList","@id":"https:\/\/lasentinelle.dz\/index.php\/2023\/11\/28\/film-sur-lemir-abdelkader-une-commission-de-haut-niveau-pour-evaluer-le-cahier-des-charges\/#breadcrumb","itemListElement":[{"@type":"ListItem","position":1,"name":"Accueil","item":"https:\/\/lasentinelle.dz\/"},{"@type":"ListItem","position":2,"name":"Film sur l&rsquo;Emir Abdelkader\u00a0: Une commission de haut niveau pour \u00e9valuer le cahier des charges"}]},{"@type":"WebSite","@id":"https:\/\/lasentinelle.dz\/#website","url":"https:\/\/lasentinelle.dz\/","name":"La Sentinelle","description":"Quotidien national d&#039;information","publisher":{"@id":"https:\/\/lasentinelle.dz\/#organization"},"potentialAction":[{"@type":"SearchAction","target":{"@type":"EntryPoint","urlTemplate":"https:\/\/lasentinelle.dz\/?s={search_term_string}"},"query-input":{"@type":"PropertyValueSpecification","valueRequired":true,"valueName":"search_term_string"}}],"inLanguage":"fr-FR"},{"@type":"Organization","@id":"https:\/\/lasentinelle.dz\/#organization","name":"Quotidien La Sentinelle","url":"https:\/\/lasentinelle.dz\/","logo":{"@type":"ImageObject","inLanguage":"fr-FR","@id":"https:\/\/lasentinelle.dz\/#\/schema\/logo\/image\/","url":"https:\/\/lasentinelle.dz\/wp-content\/uploads\/2021\/09\/logo-sentinelleSLOGAN-1.png","contentUrl":"https:\/\/lasentinelle.dz\/wp-content\/uploads\/2021\/09\/logo-sentinelleSLOGAN-1.png","width":615,"height":142,"caption":"Quotidien La Sentinelle"},"image":{"@id":"https:\/\/lasentinelle.dz\/#\/schema\/logo\/image\/"},"sameAs":["https:\/\/www.facebook.com\/La-Sentinelle-104059864394773"]},{"@type":"Person","@id":"https:\/\/lasentinelle.dz\/#\/schema\/person\/d865044e22e70a75174ce8bcad3acfb3","name":"La Sentinelle","image":{"@type":"ImageObject","inLanguage":"fr-FR","@id":"https:\/\/secure.gravatar.com\/avatar\/57de8e5d4b15d43fb361a71fbb36338450fe67865b528a43dd10ef7c51a20392?s=96&d=mm&r=g","url":"https:\/\/secure.gravatar.com\/avatar\/57de8e5d4b15d43fb361a71fbb36338450fe67865b528a43dd10ef7c51a20392?s=96&d=mm&r=g","contentUrl":"https:\/\/secure.gravatar.com\/avatar\/57de8e5d4b15d43fb361a71fbb36338450fe67865b528a43dd10ef7c51a20392?s=96&d=mm&r=g","caption":"La Sentinelle"},"sameAs":["http:\/\/www.lasentinelle.dz"],"url":"https:\/\/lasentinelle.dz\/author\/redaction\/"}]}},"_links":{"self":[{"href":"https:\/\/lasentinelle.dz\/index.php\/wp-json\/wp\/v2\/posts\/47528","targetHints":{"allow":["GET"]}}],"collection":[{"href":"https:\/\/lasentinelle.dz\/index.php\/wp-json\/wp\/v2\/posts"}],"about":[{"href":"https:\/\/lasentinelle.dz\/index.php\/wp-json\/wp\/v2\/types\/post"}],"author":[{"embeddable":true,"href":"https:\/\/lasentinelle.dz\/index.php\/wp-json\/wp\/v2\/users\/3"}],"replies":[{"embeddable":true,"href":"https:\/\/lasentinelle.dz\/index.php\/wp-json\/wp\/v2\/comments?post=47528"}],"version-history":[{"count":2,"href":"https:\/\/lasentinelle.dz\/index.php\/wp-json\/wp\/v2\/posts\/47528\/revisions"}],"predecessor-version":[{"id":47530,"href":"https:\/\/lasentinelle.dz\/index.php\/wp-json\/wp\/v2\/posts\/47528\/revisions\/47530"}],"wp:featuredmedia":[{"embeddable":true,"href":"https:\/\/lasentinelle.dz\/index.php\/wp-json\/wp\/v2\/media\/10322"}],"wp:attachment":[{"href":"https:\/\/lasentinelle.dz\/index.php\/wp-json\/wp\/v2\/media?parent=47528"}],"wp:term":[{"taxonomy":"category","embeddable":true,"href":"https:\/\/lasentinelle.dz\/index.php\/wp-json\/wp\/v2\/categories?post=47528"},{"taxonomy":"post_tag","embeddable":true,"href":"https:\/\/lasentinelle.dz\/index.php\/wp-json\/wp\/v2\/tags?post=47528"}],"curies":[{"name":"wp","href":"https:\/\/api.w.org\/{rel}","templated":true}]}}