{"id":47555,"date":"2023-11-29T21:31:05","date_gmt":"2023-11-29T20:31:05","guid":{"rendered":"https:\/\/lasentinelle.dz\/?p=47555"},"modified":"2023-11-29T21:31:07","modified_gmt":"2023-11-29T20:31:07","slug":"sierra-leone-la-cedeao-prete-a-envoyer-des-elements-regionaux-si-necessaire","status":"publish","type":"post","link":"https:\/\/lasentinelle.dz\/index.php\/2023\/11\/29\/sierra-leone-la-cedeao-prete-a-envoyer-des-elements-regionaux-si-necessaire\/","title":{"rendered":"Sierra Leone\u00a0: La Cedeao pr\u00eate \u00e0 envoyer des \u00ab \u00e9l\u00e9ments \u00bb r\u00e9gionaux si n\u00e9cessaire"},"content":{"rendered":"\n<p>La Communaut\u00e9 \u00e9conomique des Etats d\u2019Afrique de l\u2019Ouest est pr\u00eate \u00e0 d\u00e9ployer des \u00ab \u00e9l\u00e9ments \u00bb si n\u00e9cessaire en Sierra Leone, th\u00e9\u00e2tre dimanche d\u2019une tentative de coup de force qui a fait une vingtaine de morts, a dit un haut responsable de la Cedeao dans une vid\u00e9o diffus\u00e9e hier mardi par la pr\u00e9sidence sierra-l\u00e9onaise. La pr\u00e9sidence sierra-l\u00e9onaise a publi\u00e9 mardi sur les r\u00e9seaux sociaux des images du pr\u00e9sident Julius Maada Bio recevant la veille une d\u00e9l\u00e9gation de haut rang de la Cedeao et du Nigeria, poids lourd de la r\u00e9gion qui exerce actuellement la pr\u00e9sidence de l\u2019organisation. \u00ab Le pr\u00e9sident de l\u2019autorit\u00e9 (\u2026) nous a demand\u00e9 de souligner que la Cedeao \u00e9tait pr\u00eate et s\u2019engageait \u00e0 soutenir le peuple de la Sierra Leone dans ses efforts pour renforcer la s\u00e9curit\u00e9 nationale par tous les moyens, y compris en d\u00e9ployant en Sierra Leone des \u00e9l\u00e9ments r\u00e9gionaux si n\u00e9cessaire \u00bb, dit dans la vid\u00e9o le pr\u00e9sident de la Commission de la Cedeao, Omar Alieu Touray, sans pr\u00e9ciser de quels \u00ab \u00e9l\u00e9ments \u00bb il parlait. Freetown a connu dimanche plusieurs heures de confrontation arm\u00e9e entre les forces de s\u00e9curit\u00e9 et des inconnus qui ont tent\u00e9 de forcer une armurerie militaire. La prison centrale et d\u2019autres \u00e9tablissements p\u00e9nitentiaires ont \u00e9t\u00e9 pris d\u2019assaut et des dizaines de d\u00e9tenus semblent s\u2019en \u00eatre \u00e9chapp\u00e9s. Les affrontements ont fait une vingtaine de morts, selon des sources militaire et m\u00e9dico-l\u00e9gale. Ils ont \u00e9t\u00e9 orchestr\u00e9s par des militaires en activit\u00e9 ou \u00e0 la retraite, a dit le porte-parole de l\u2019arm\u00e9e.<\/p>\n\n\n\n<p>Le ministre sierra-l\u00e9onais de l&rsquo;Information, Chernor Bah, a d\u00e9clar\u00e9 mardi que les attaques men\u00e9es dimanche \u00e9taient une tentative de coup d&rsquo;Etat. \u00ab\u00a0L&rsquo;incident \u00e9tait une tentative de coup d&rsquo;\u00c9tat manqu\u00e9e. L&rsquo;intention \u00e9tait de renverser ill\u00e9galement un gouvernement d\u00e9mocratiquement \u00e9lu\u00a0\u00bb, a d\u00e9clar\u00e9 Chernor Bah. \u00ab\u00a0Cette tentative a \u00e9chou\u00e9 et de nombreux responsables sont soit en garde \u00e0 vue, soit en fuite. Nous allons essayer de les arr\u00eater et de les soumettre aux lois de la Sierra Leone.\u00a0\u00bb<\/p>\n\n\n\n<p>R.I. avec agences<\/p>\n","protected":false},"excerpt":{"rendered":"<p>La Communaut\u00e9 \u00e9conomique des Etats d\u2019Afrique de l\u2019Ouest est pr\u00eate \u00e0 d\u00e9ployer des \u00ab \u00e9l\u00e9ments \u00bb si n\u00e9cessaire en Sierra<\/p>\n","protected":false},"author":3,"featured_media":44245,"comment_status":"open","ping_status":"closed","sticky":false,"template":"","format":"standard","meta":{"colormag_page_container_layout":"default_layout","colormag_page_sidebar_layout":"default_layout","om_disable_all_campaigns":false,"_monsterinsights_skip_tracking":false,"_monsterinsights_sitenote_active":false,"_monsterinsights_sitenote_note":"","_monsterinsights_sitenote_category":0,"footnotes":"","_wpscppro_dont_share_socialmedia":false,"_wpscppro_custom_social_share_image":0,"_facebook_share_type":"","_twitter_share_type":"","_linkedin_share_type":"","_pinterest_share_type":"","_linkedin_share_type_page":"","_instagram_share_type":"","_medium_share_type":"","_threads_share_type":"","_google_business_share_type":"","_selected_social_profile":[],"_wpsp_enable_custom_social_template":false,"_wpsp_social_scheduling":{"enabled":false,"datetime":null,"platforms":[],"status":"template_only","dateOption":"today","timeOption":"now","customDays":"","customHours":"","customDate":"","customTime":"","schedulingType":"absolute"},"_wpsp_active_default_template":true},"categories":[37],"tags":[],"class_list":["post-47555","post","type-post","status-publish","format-standard","has-post-thumbnail","hentry","category-monde"],"aioseo_notices":[],"yoast_head":"<!-- This site is optimized with the Yoast SEO plugin v27.5 - https:\/\/yoast.com\/product\/yoast-seo-wordpress\/ -->\n<title>Sierra Leone\u00a0: La Cedeao pr\u00eate \u00e0 envoyer des \u00ab \u00e9l\u00e9ments \u00bb r\u00e9gionaux si n\u00e9cessaire - La Sentinelle<\/title>\n<meta name=\"robots\" content=\"index, follow, max-snippet:-1, max-image-preview:large, max-video-preview:-1\" \/>\n<link rel=\"canonical\" href=\"https:\/\/lasentinelle.dz\/index.php\/2023\/11\/29\/sierra-leone-la-cedeao-prete-a-envoyer-des-elements-regionaux-si-necessaire\/\" \/>\n<meta property=\"og:locale\" content=\"fr_FR\" \/>\n<meta property=\"og:type\" content=\"article\" \/>\n<meta property=\"og:title\" content=\"Sierra Leone\u00a0: La Cedeao pr\u00eate \u00e0 envoyer des \u00ab \u00e9l\u00e9ments \u00bb r\u00e9gionaux si n\u00e9cessaire - La Sentinelle\" \/>\n<meta property=\"og:description\" content=\"La Communaut\u00e9 \u00e9conomique des Etats d\u2019Afrique de l\u2019Ouest est pr\u00eate \u00e0 d\u00e9ployer des \u00ab \u00e9l\u00e9ments \u00bb si n\u00e9cessaire en Sierra\" \/>\n<meta property=\"og:url\" content=\"https:\/\/lasentinelle.dz\/index.php\/2023\/11\/29\/sierra-leone-la-cedeao-prete-a-envoyer-des-elements-regionaux-si-necessaire\/\" \/>\n<meta property=\"og:site_name\" content=\"La Sentinelle\" \/>\n<meta property=\"article:publisher\" content=\"https:\/\/www.facebook.com\/La-Sentinelle-104059864394773\" \/>\n<meta property=\"article:published_time\" content=\"2023-11-29T20:31:05+00:00\" \/>\n<meta property=\"article:modified_time\" content=\"2023-11-29T20:31:07+00:00\" \/>\n<meta property=\"og:image\" content=\"https:\/\/lasentinelle.dz\/wp-content\/uploads\/2023\/08\/cedeao.jpeg\" \/>\n\t<meta property=\"og:image:width\" content=\"223\" \/>\n\t<meta property=\"og:image:height\" content=\"226\" \/>\n\t<meta property=\"og:image:type\" content=\"image\/jpeg\" \/>\n<meta name=\"author\" content=\"La Sentinelle\" \/>\n<meta name=\"twitter:card\" content=\"summary_large_image\" \/>\n<meta name=\"twitter:label1\" content=\"\u00c9crit par\" \/>\n\t<meta name=\"twitter:data1\" content=\"La Sentinelle\" \/>\n\t<meta name=\"twitter:label2\" content=\"Dur\u00e9e de lecture estim\u00e9e\" \/>\n\t<meta name=\"twitter:data2\" content=\"2 minutes\" \/>\n<script type=\"application\/ld+json\" class=\"yoast-schema-graph\">{\"@context\":\"https:\\\/\\\/schema.org\",\"@graph\":[{\"@type\":\"Article\",\"@id\":\"https:\\\/\\\/lasentinelle.dz\\\/index.php\\\/2023\\\/11\\\/29\\\/sierra-leone-la-cedeao-prete-a-envoyer-des-elements-regionaux-si-necessaire\\\/#article\",\"isPartOf\":{\"@id\":\"https:\\\/\\\/lasentinelle.dz\\\/index.php\\\/2023\\\/11\\\/29\\\/sierra-leone-la-cedeao-prete-a-envoyer-des-elements-regionaux-si-necessaire\\\/\"},\"author\":{\"name\":\"La Sentinelle\",\"@id\":\"https:\\\/\\\/lasentinelle.dz\\\/#\\\/schema\\\/person\\\/d865044e22e70a75174ce8bcad3acfb3\"},\"headline\":\"Sierra Leone\u00a0: La Cedeao pr\u00eate \u00e0 envoyer des \u00ab \u00e9l\u00e9ments \u00bb r\u00e9gionaux si n\u00e9cessaire\",\"datePublished\":\"2023-11-29T20:31:05+00:00\",\"dateModified\":\"2023-11-29T20:31:07+00:00\",\"mainEntityOfPage\":{\"@id\":\"https:\\\/\\\/lasentinelle.dz\\\/index.php\\\/2023\\\/11\\\/29\\\/sierra-leone-la-cedeao-prete-a-envoyer-des-elements-regionaux-si-necessaire\\\/\"},\"wordCount\":393,\"commentCount\":0,\"publisher\":{\"@id\":\"https:\\\/\\\/lasentinelle.dz\\\/#organization\"},\"image\":{\"@id\":\"https:\\\/\\\/lasentinelle.dz\\\/index.php\\\/2023\\\/11\\\/29\\\/sierra-leone-la-cedeao-prete-a-envoyer-des-elements-regionaux-si-necessaire\\\/#primaryimage\"},\"thumbnailUrl\":\"https:\\\/\\\/lasentinelle.dz\\\/wp-content\\\/uploads\\\/2023\\\/08\\\/cedeao.jpeg\",\"articleSection\":[\"Monde\"],\"inLanguage\":\"fr-FR\",\"potentialAction\":[{\"@type\":\"CommentAction\",\"name\":\"Comment\",\"target\":[\"https:\\\/\\\/lasentinelle.dz\\\/index.php\\\/2023\\\/11\\\/29\\\/sierra-leone-la-cedeao-prete-a-envoyer-des-elements-regionaux-si-necessaire\\\/#respond\"]}]},{\"@type\":\"WebPage\",\"@id\":\"https:\\\/\\\/lasentinelle.dz\\\/index.php\\\/2023\\\/11\\\/29\\\/sierra-leone-la-cedeao-prete-a-envoyer-des-elements-regionaux-si-necessaire\\\/\",\"url\":\"https:\\\/\\\/lasentinelle.dz\\\/index.php\\\/2023\\\/11\\\/29\\\/sierra-leone-la-cedeao-prete-a-envoyer-des-elements-regionaux-si-necessaire\\\/\",\"name\":\"Sierra Leone\u00a0: La Cedeao pr\u00eate \u00e0 envoyer des \u00ab \u00e9l\u00e9ments \u00bb r\u00e9gionaux si n\u00e9cessaire - La Sentinelle\",\"isPartOf\":{\"@id\":\"https:\\\/\\\/lasentinelle.dz\\\/#website\"},\"primaryImageOfPage\":{\"@id\":\"https:\\\/\\\/lasentinelle.dz\\\/index.php\\\/2023\\\/11\\\/29\\\/sierra-leone-la-cedeao-prete-a-envoyer-des-elements-regionaux-si-necessaire\\\/#primaryimage\"},\"image\":{\"@id\":\"https:\\\/\\\/lasentinelle.dz\\\/index.php\\\/2023\\\/11\\\/29\\\/sierra-leone-la-cedeao-prete-a-envoyer-des-elements-regionaux-si-necessaire\\\/#primaryimage\"},\"thumbnailUrl\":\"https:\\\/\\\/lasentinelle.dz\\\/wp-content\\\/uploads\\\/2023\\\/08\\\/cedeao.jpeg\",\"datePublished\":\"2023-11-29T20:31:05+00:00\",\"dateModified\":\"2023-11-29T20:31:07+00:00\",\"breadcrumb\":{\"@id\":\"https:\\\/\\\/lasentinelle.dz\\\/index.php\\\/2023\\\/11\\\/29\\\/sierra-leone-la-cedeao-prete-a-envoyer-des-elements-regionaux-si-necessaire\\\/#breadcrumb\"},\"inLanguage\":\"fr-FR\",\"potentialAction\":[{\"@type\":\"ReadAction\",\"target\":[\"https:\\\/\\\/lasentinelle.dz\\\/index.php\\\/2023\\\/11\\\/29\\\/sierra-leone-la-cedeao-prete-a-envoyer-des-elements-regionaux-si-necessaire\\\/\"]}]},{\"@type\":\"ImageObject\",\"inLanguage\":\"fr-FR\",\"@id\":\"https:\\\/\\\/lasentinelle.dz\\\/index.php\\\/2023\\\/11\\\/29\\\/sierra-leone-la-cedeao-prete-a-envoyer-des-elements-regionaux-si-necessaire\\\/#primaryimage\",\"url\":\"https:\\\/\\\/lasentinelle.dz\\\/wp-content\\\/uploads\\\/2023\\\/08\\\/cedeao.jpeg\",\"contentUrl\":\"https:\\\/\\\/lasentinelle.dz\\\/wp-content\\\/uploads\\\/2023\\\/08\\\/cedeao.jpeg\",\"width\":223,\"height\":226},{\"@type\":\"BreadcrumbList\",\"@id\":\"https:\\\/\\\/lasentinelle.dz\\\/index.php\\\/2023\\\/11\\\/29\\\/sierra-leone-la-cedeao-prete-a-envoyer-des-elements-regionaux-si-necessaire\\\/#breadcrumb\",\"itemListElement\":[{\"@type\":\"ListItem\",\"position\":1,\"name\":\"Accueil\",\"item\":\"https:\\\/\\\/lasentinelle.dz\\\/\"},{\"@type\":\"ListItem\",\"position\":2,\"name\":\"Sierra Leone\u00a0: La Cedeao pr\u00eate \u00e0 envoyer des \u00ab \u00e9l\u00e9ments \u00bb r\u00e9gionaux si n\u00e9cessaire\"}]},{\"@type\":\"WebSite\",\"@id\":\"https:\\\/\\\/lasentinelle.dz\\\/#website\",\"url\":\"https:\\\/\\\/lasentinelle.dz\\\/\",\"name\":\"La Sentinelle\",\"description\":\"Quotidien national d&#039;information\",\"publisher\":{\"@id\":\"https:\\\/\\\/lasentinelle.dz\\\/#organization\"},\"potentialAction\":[{\"@type\":\"SearchAction\",\"target\":{\"@type\":\"EntryPoint\",\"urlTemplate\":\"https:\\\/\\\/lasentinelle.dz\\\/?s={search_term_string}\"},\"query-input\":{\"@type\":\"PropertyValueSpecification\",\"valueRequired\":true,\"valueName\":\"search_term_string\"}}],\"inLanguage\":\"fr-FR\"},{\"@type\":\"Organization\",\"@id\":\"https:\\\/\\\/lasentinelle.dz\\\/#organization\",\"name\":\"Quotidien La Sentinelle\",\"url\":\"https:\\\/\\\/lasentinelle.dz\\\/\",\"logo\":{\"@type\":\"ImageObject\",\"inLanguage\":\"fr-FR\",\"@id\":\"https:\\\/\\\/lasentinelle.dz\\\/#\\\/schema\\\/logo\\\/image\\\/\",\"url\":\"https:\\\/\\\/lasentinelle.dz\\\/wp-content\\\/uploads\\\/2021\\\/09\\\/logo-sentinelleSLOGAN-1.png\",\"contentUrl\":\"https:\\\/\\\/lasentinelle.dz\\\/wp-content\\\/uploads\\\/2021\\\/09\\\/logo-sentinelleSLOGAN-1.png\",\"width\":615,\"height\":142,\"caption\":\"Quotidien La Sentinelle\"},\"image\":{\"@id\":\"https:\\\/\\\/lasentinelle.dz\\\/#\\\/schema\\\/logo\\\/image\\\/\"},\"sameAs\":[\"https:\\\/\\\/www.facebook.com\\\/La-Sentinelle-104059864394773\"]},{\"@type\":\"Person\",\"@id\":\"https:\\\/\\\/lasentinelle.dz\\\/#\\\/schema\\\/person\\\/d865044e22e70a75174ce8bcad3acfb3\",\"name\":\"La Sentinelle\",\"image\":{\"@type\":\"ImageObject\",\"inLanguage\":\"fr-FR\",\"@id\":\"https:\\\/\\\/secure.gravatar.com\\\/avatar\\\/57de8e5d4b15d43fb361a71fbb36338450fe67865b528a43dd10ef7c51a20392?s=96&d=mm&r=g\",\"url\":\"https:\\\/\\\/secure.gravatar.com\\\/avatar\\\/57de8e5d4b15d43fb361a71fbb36338450fe67865b528a43dd10ef7c51a20392?s=96&d=mm&r=g\",\"contentUrl\":\"https:\\\/\\\/secure.gravatar.com\\\/avatar\\\/57de8e5d4b15d43fb361a71fbb36338450fe67865b528a43dd10ef7c51a20392?s=96&d=mm&r=g\",\"caption\":\"La Sentinelle\"},\"sameAs\":[\"http:\\\/\\\/www.lasentinelle.dz\"],\"url\":\"https:\\\/\\\/lasentinelle.dz\\\/author\\\/redaction\\\/\"}]}<\/script>\n<!-- \/ Yoast SEO plugin. -->","yoast_head_json":{"title":"Sierra Leone\u00a0: La Cedeao pr\u00eate \u00e0 envoyer des \u00ab \u00e9l\u00e9ments \u00bb r\u00e9gionaux si n\u00e9cessaire - La Sentinelle","robots":{"index":"index","follow":"follow","max-snippet":"max-snippet:-1","max-image-preview":"max-image-preview:large","max-video-preview":"max-video-preview:-1"},"canonical":"https:\/\/lasentinelle.dz\/index.php\/2023\/11\/29\/sierra-leone-la-cedeao-prete-a-envoyer-des-elements-regionaux-si-necessaire\/","og_locale":"fr_FR","og_type":"article","og_title":"Sierra Leone\u00a0: La Cedeao pr\u00eate \u00e0 envoyer des \u00ab \u00e9l\u00e9ments \u00bb r\u00e9gionaux si n\u00e9cessaire - La Sentinelle","og_description":"La Communaut\u00e9 \u00e9conomique des Etats d\u2019Afrique de l\u2019Ouest est pr\u00eate \u00e0 d\u00e9ployer des \u00ab \u00e9l\u00e9ments \u00bb si n\u00e9cessaire en Sierra","og_url":"https:\/\/lasentinelle.dz\/index.php\/2023\/11\/29\/sierra-leone-la-cedeao-prete-a-envoyer-des-elements-regionaux-si-necessaire\/","og_site_name":"La Sentinelle","article_publisher":"https:\/\/www.facebook.com\/La-Sentinelle-104059864394773","article_published_time":"2023-11-29T20:31:05+00:00","article_modified_time":"2023-11-29T20:31:07+00:00","og_image":[{"width":223,"height":226,"url":"https:\/\/lasentinelle.dz\/wp-content\/uploads\/2023\/08\/cedeao.jpeg","type":"image\/jpeg"}],"author":"La Sentinelle","twitter_card":"summary_large_image","twitter_misc":{"\u00c9crit par":"La Sentinelle","Dur\u00e9e de lecture estim\u00e9e":"2 minutes"},"schema":{"@context":"https:\/\/schema.org","@graph":[{"@type":"Article","@id":"https:\/\/lasentinelle.dz\/index.php\/2023\/11\/29\/sierra-leone-la-cedeao-prete-a-envoyer-des-elements-regionaux-si-necessaire\/#article","isPartOf":{"@id":"https:\/\/lasentinelle.dz\/index.php\/2023\/11\/29\/sierra-leone-la-cedeao-prete-a-envoyer-des-elements-regionaux-si-necessaire\/"},"author":{"name":"La Sentinelle","@id":"https:\/\/lasentinelle.dz\/#\/schema\/person\/d865044e22e70a75174ce8bcad3acfb3"},"headline":"Sierra Leone\u00a0: La Cedeao pr\u00eate \u00e0 envoyer des \u00ab \u00e9l\u00e9ments \u00bb r\u00e9gionaux si n\u00e9cessaire","datePublished":"2023-11-29T20:31:05+00:00","dateModified":"2023-11-29T20:31:07+00:00","mainEntityOfPage":{"@id":"https:\/\/lasentinelle.dz\/index.php\/2023\/11\/29\/sierra-leone-la-cedeao-prete-a-envoyer-des-elements-regionaux-si-necessaire\/"},"wordCount":393,"commentCount":0,"publisher":{"@id":"https:\/\/lasentinelle.dz\/#organization"},"image":{"@id":"https:\/\/lasentinelle.dz\/index.php\/2023\/11\/29\/sierra-leone-la-cedeao-prete-a-envoyer-des-elements-regionaux-si-necessaire\/#primaryimage"},"thumbnailUrl":"https:\/\/lasentinelle.dz\/wp-content\/uploads\/2023\/08\/cedeao.jpeg","articleSection":["Monde"],"inLanguage":"fr-FR","potentialAction":[{"@type":"CommentAction","name":"Comment","target":["https:\/\/lasentinelle.dz\/index.php\/2023\/11\/29\/sierra-leone-la-cedeao-prete-a-envoyer-des-elements-regionaux-si-necessaire\/#respond"]}]},{"@type":"WebPage","@id":"https:\/\/lasentinelle.dz\/index.php\/2023\/11\/29\/sierra-leone-la-cedeao-prete-a-envoyer-des-elements-regionaux-si-necessaire\/","url":"https:\/\/lasentinelle.dz\/index.php\/2023\/11\/29\/sierra-leone-la-cedeao-prete-a-envoyer-des-elements-regionaux-si-necessaire\/","name":"Sierra Leone\u00a0: La Cedeao pr\u00eate \u00e0 envoyer des \u00ab \u00e9l\u00e9ments \u00bb r\u00e9gionaux si n\u00e9cessaire - La Sentinelle","isPartOf":{"@id":"https:\/\/lasentinelle.dz\/#website"},"primaryImageOfPage":{"@id":"https:\/\/lasentinelle.dz\/index.php\/2023\/11\/29\/sierra-leone-la-cedeao-prete-a-envoyer-des-elements-regionaux-si-necessaire\/#primaryimage"},"image":{"@id":"https:\/\/lasentinelle.dz\/index.php\/2023\/11\/29\/sierra-leone-la-cedeao-prete-a-envoyer-des-elements-regionaux-si-necessaire\/#primaryimage"},"thumbnailUrl":"https:\/\/lasentinelle.dz\/wp-content\/uploads\/2023\/08\/cedeao.jpeg","datePublished":"2023-11-29T20:31:05+00:00","dateModified":"2023-11-29T20:31:07+00:00","breadcrumb":{"@id":"https:\/\/lasentinelle.dz\/index.php\/2023\/11\/29\/sierra-leone-la-cedeao-prete-a-envoyer-des-elements-regionaux-si-necessaire\/#breadcrumb"},"inLanguage":"fr-FR","potentialAction":[{"@type":"ReadAction","target":["https:\/\/lasentinelle.dz\/index.php\/2023\/11\/29\/sierra-leone-la-cedeao-prete-a-envoyer-des-elements-regionaux-si-necessaire\/"]}]},{"@type":"ImageObject","inLanguage":"fr-FR","@id":"https:\/\/lasentinelle.dz\/index.php\/2023\/11\/29\/sierra-leone-la-cedeao-prete-a-envoyer-des-elements-regionaux-si-necessaire\/#primaryimage","url":"https:\/\/lasentinelle.dz\/wp-content\/uploads\/2023\/08\/cedeao.jpeg","contentUrl":"https:\/\/lasentinelle.dz\/wp-content\/uploads\/2023\/08\/cedeao.jpeg","width":223,"height":226},{"@type":"BreadcrumbList","@id":"https:\/\/lasentinelle.dz\/index.php\/2023\/11\/29\/sierra-leone-la-cedeao-prete-a-envoyer-des-elements-regionaux-si-necessaire\/#breadcrumb","itemListElement":[{"@type":"ListItem","position":1,"name":"Accueil","item":"https:\/\/lasentinelle.dz\/"},{"@type":"ListItem","position":2,"name":"Sierra Leone\u00a0: La Cedeao pr\u00eate \u00e0 envoyer des \u00ab \u00e9l\u00e9ments \u00bb r\u00e9gionaux si n\u00e9cessaire"}]},{"@type":"WebSite","@id":"https:\/\/lasentinelle.dz\/#website","url":"https:\/\/lasentinelle.dz\/","name":"La Sentinelle","description":"Quotidien national d&#039;information","publisher":{"@id":"https:\/\/lasentinelle.dz\/#organization"},"potentialAction":[{"@type":"SearchAction","target":{"@type":"EntryPoint","urlTemplate":"https:\/\/lasentinelle.dz\/?s={search_term_string}"},"query-input":{"@type":"PropertyValueSpecification","valueRequired":true,"valueName":"search_term_string"}}],"inLanguage":"fr-FR"},{"@type":"Organization","@id":"https:\/\/lasentinelle.dz\/#organization","name":"Quotidien La Sentinelle","url":"https:\/\/lasentinelle.dz\/","logo":{"@type":"ImageObject","inLanguage":"fr-FR","@id":"https:\/\/lasentinelle.dz\/#\/schema\/logo\/image\/","url":"https:\/\/lasentinelle.dz\/wp-content\/uploads\/2021\/09\/logo-sentinelleSLOGAN-1.png","contentUrl":"https:\/\/lasentinelle.dz\/wp-content\/uploads\/2021\/09\/logo-sentinelleSLOGAN-1.png","width":615,"height":142,"caption":"Quotidien La Sentinelle"},"image":{"@id":"https:\/\/lasentinelle.dz\/#\/schema\/logo\/image\/"},"sameAs":["https:\/\/www.facebook.com\/La-Sentinelle-104059864394773"]},{"@type":"Person","@id":"https:\/\/lasentinelle.dz\/#\/schema\/person\/d865044e22e70a75174ce8bcad3acfb3","name":"La Sentinelle","image":{"@type":"ImageObject","inLanguage":"fr-FR","@id":"https:\/\/secure.gravatar.com\/avatar\/57de8e5d4b15d43fb361a71fbb36338450fe67865b528a43dd10ef7c51a20392?s=96&d=mm&r=g","url":"https:\/\/secure.gravatar.com\/avatar\/57de8e5d4b15d43fb361a71fbb36338450fe67865b528a43dd10ef7c51a20392?s=96&d=mm&r=g","contentUrl":"https:\/\/secure.gravatar.com\/avatar\/57de8e5d4b15d43fb361a71fbb36338450fe67865b528a43dd10ef7c51a20392?s=96&d=mm&r=g","caption":"La Sentinelle"},"sameAs":["http:\/\/www.lasentinelle.dz"],"url":"https:\/\/lasentinelle.dz\/author\/redaction\/"}]}},"_links":{"self":[{"href":"https:\/\/lasentinelle.dz\/index.php\/wp-json\/wp\/v2\/posts\/47555","targetHints":{"allow":["GET"]}}],"collection":[{"href":"https:\/\/lasentinelle.dz\/index.php\/wp-json\/wp\/v2\/posts"}],"about":[{"href":"https:\/\/lasentinelle.dz\/index.php\/wp-json\/wp\/v2\/types\/post"}],"author":[{"embeddable":true,"href":"https:\/\/lasentinelle.dz\/index.php\/wp-json\/wp\/v2\/users\/3"}],"replies":[{"embeddable":true,"href":"https:\/\/lasentinelle.dz\/index.php\/wp-json\/wp\/v2\/comments?post=47555"}],"version-history":[{"count":1,"href":"https:\/\/lasentinelle.dz\/index.php\/wp-json\/wp\/v2\/posts\/47555\/revisions"}],"predecessor-version":[{"id":47556,"href":"https:\/\/lasentinelle.dz\/index.php\/wp-json\/wp\/v2\/posts\/47555\/revisions\/47556"}],"wp:featuredmedia":[{"embeddable":true,"href":"https:\/\/lasentinelle.dz\/index.php\/wp-json\/wp\/v2\/media\/44245"}],"wp:attachment":[{"href":"https:\/\/lasentinelle.dz\/index.php\/wp-json\/wp\/v2\/media?parent=47555"}],"wp:term":[{"taxonomy":"category","embeddable":true,"href":"https:\/\/lasentinelle.dz\/index.php\/wp-json\/wp\/v2\/categories?post=47555"},{"taxonomy":"post_tag","embeddable":true,"href":"https:\/\/lasentinelle.dz\/index.php\/wp-json\/wp\/v2\/tags?post=47555"}],"curies":[{"name":"wp","href":"https:\/\/api.w.org\/{rel}","templated":true}]}}