{"id":47588,"date":"2023-12-02T21:35:09","date_gmt":"2023-12-02T20:35:09","guid":{"rendered":"https:\/\/lasentinelle.dz\/?p=47588"},"modified":"2023-12-02T21:35:12","modified_gmt":"2023-12-02T20:35:12","slug":"sahel-le-burkina-et-le-niger-quittent-lensemble-du-g5-sahel","status":"publish","type":"post","link":"https:\/\/lasentinelle.dz\/index.php\/2023\/12\/02\/sahel-le-burkina-et-le-niger-quittent-lensemble-du-g5-sahel\/","title":{"rendered":"Sahel\u00a0: Le Burkina et le Niger quittent l\u2019ensemble du G5 Sahel"},"content":{"rendered":"\n<p>Le Burkina Faso et le Niger ont annonc\u00e9 hier s\u2019\u00eatre retir\u00e9s de l\u2019organisation G5 Sahel, suivant l\u2019exemple de leur voisin malien, parti en mai 2022. Les deux pays \u00ab ont d\u00e9cid\u00e9 en toute souverainet\u00e9 du retrait du Burkina Faso et du Niger de l\u2019ensemble des instances et organes du G5 Sahel, y compris la Force conjointe \u00bb, \u00e0 compter du 29 novembre, indiquent-ils dans un communiqu\u00e9. A sa cr\u00e9ation en 2014, l\u2019organisation \u00e9tait compos\u00e9e du Mali, du Burkina, du Niger, de la Mauritanie et du Tchad. \u00ab L\u2019organisation peine \u00e0 atteindre ses objectifs. Pire, les ambitions l\u00e9gitimes de nos Etats, \u00e0 faire de l\u2019espace du G5 Sahel une zone de s\u00e9curit\u00e9 et de d\u00e9veloppement sont contrari\u00e9es par des lourdeurs institutionnelles, des pesanteurs d\u2019un autre \u00e2ge qui ach\u00e8vent de nous convaincre que la voie de l\u2019ind\u00e9pendance et de la dignit\u00e9 sur laquelle nous sommes aujourd\u2019hui engag\u00e9s, est contraire \u00e0 la participation au G5 Sahel dans sa forme actuelle \u00bb, justifient Ouagadougou et Niamey. \u00ab Le G5 Sahel ne saurait servir les int\u00e9r\u00eats \u00e9trangers au d\u00e9triment de ceux des peuples du Sahel, encore moins accepter le diktat de quelque puissance que ce soit au nom d\u2019un partenariat d\u00e9voy\u00e9 et infantilisant qui nie le droit \u00e0 la souverainet\u00e9 de nos peuples et de nos Etats \u00bb, ajoutent les deux pays, affirmant avoir pris une \u00ab responsabilit\u00e9 historique \u00bb en quittant l\u2019organisation. En mai 2022, le Mali avait quitt\u00e9 le G5 Sahel, invoquant une organisation \u00ab instrumentalis\u00e9e par l\u2019ext\u00e9rieur \u00bb.<\/p>\n\n\n\n<p>Les chefs de la diplomatie des trois pays ont propos\u00e9 vendredi soir la cr\u00e9ation d\u2019une conf\u00e9d\u00e9ration, avec pour ambition de parvenir \u00e0 terme \u00e0 une f\u00e9d\u00e9ration. Le Mali, le Niger et le Burkina Faso ont convenu de cr\u00e9er leur propre Banque d\u2019investissement, ainsi qu\u2019un Fonds de stabilisation mon\u00e9taire, selon les m\u00e9dias locaux.<\/p>\n\n\n\n<p>Cette d\u00e9cision a \u00e9t\u00e9 prise lors de la rencontre des ministres des Finances des trois pays fondateurs de l\u2019Alliance des \u00c9tats du Sahel (AES) \u00e0 Bamako, fin novembre. Le Burkina a connu deux coups d\u2019\u00c9tat militaires en 2022, tandis que le Niger est gouvern\u00e9 par des g\u00e9n\u00e9raux qui ont pris le pouvoir par la force en juillet 2023.<\/p>\n\n\n\n<p>R.I. avec agences<\/p>\n","protected":false},"excerpt":{"rendered":"<p>Le Burkina Faso et le Niger ont annonc\u00e9 hier s\u2019\u00eatre retir\u00e9s de l\u2019organisation G5 Sahel, suivant l\u2019exemple de leur voisin<\/p>\n","protected":false},"author":3,"featured_media":47589,"comment_status":"open","ping_status":"closed","sticky":false,"template":"","format":"standard","meta":{"colormag_page_container_layout":"default_layout","colormag_page_sidebar_layout":"default_layout","om_disable_all_campaigns":false,"_monsterinsights_skip_tracking":false,"_monsterinsights_sitenote_active":false,"_monsterinsights_sitenote_note":"","_monsterinsights_sitenote_category":0,"footnotes":"","_wpscppro_dont_share_socialmedia":false,"_wpscppro_custom_social_share_image":0,"_facebook_share_type":"","_twitter_share_type":"","_linkedin_share_type":"","_pinterest_share_type":"","_linkedin_share_type_page":"","_instagram_share_type":"","_medium_share_type":"","_threads_share_type":"","_google_business_share_type":"","_selected_social_profile":[],"_wpsp_enable_custom_social_template":false,"_wpsp_social_scheduling":{"enabled":false,"datetime":null,"platforms":[],"status":"template_only","dateOption":"today","timeOption":"now","customDays":"","customHours":"","customDate":"","customTime":"","schedulingType":"absolute"},"_wpsp_active_default_template":true},"categories":[37],"tags":[],"class_list":["post-47588","post","type-post","status-publish","format-standard","has-post-thumbnail","hentry","category-monde"],"aioseo_notices":[],"yoast_head":"<!-- This site is optimized with the Yoast SEO plugin v27.4 - https:\/\/yoast.com\/product\/yoast-seo-wordpress\/ -->\n<title>Sahel\u00a0: Le Burkina et le Niger quittent l\u2019ensemble du G5 Sahel - La Sentinelle<\/title>\n<meta name=\"robots\" content=\"index, follow, max-snippet:-1, max-image-preview:large, max-video-preview:-1\" \/>\n<link rel=\"canonical\" href=\"https:\/\/lasentinelle.dz\/index.php\/2023\/12\/02\/sahel-le-burkina-et-le-niger-quittent-lensemble-du-g5-sahel\/\" \/>\n<meta property=\"og:locale\" content=\"fr_FR\" \/>\n<meta property=\"og:type\" content=\"article\" \/>\n<meta property=\"og:title\" content=\"Sahel\u00a0: Le Burkina et le Niger quittent l\u2019ensemble du G5 Sahel - La Sentinelle\" \/>\n<meta property=\"og:description\" content=\"Le Burkina Faso et le Niger ont annonc\u00e9 hier s\u2019\u00eatre retir\u00e9s de l\u2019organisation G5 Sahel, suivant l\u2019exemple de leur voisin\" \/>\n<meta property=\"og:url\" content=\"https:\/\/lasentinelle.dz\/index.php\/2023\/12\/02\/sahel-le-burkina-et-le-niger-quittent-lensemble-du-g5-sahel\/\" \/>\n<meta property=\"og:site_name\" content=\"La Sentinelle\" \/>\n<meta property=\"article:publisher\" content=\"https:\/\/www.facebook.com\/La-Sentinelle-104059864394773\" \/>\n<meta property=\"article:published_time\" content=\"2023-12-02T20:35:09+00:00\" \/>\n<meta property=\"article:modified_time\" content=\"2023-12-02T20:35:12+00:00\" \/>\n<meta property=\"og:image\" content=\"https:\/\/lasentinelle.dz\/wp-content\/uploads\/2023\/12\/G5-sahel.jpeg\" \/>\n\t<meta property=\"og:image:width\" content=\"308\" \/>\n\t<meta property=\"og:image:height\" content=\"164\" \/>\n\t<meta property=\"og:image:type\" content=\"image\/jpeg\" \/>\n<meta name=\"author\" content=\"La Sentinelle\" \/>\n<meta name=\"twitter:card\" content=\"summary_large_image\" \/>\n<meta name=\"twitter:label1\" content=\"\u00c9crit par\" \/>\n\t<meta name=\"twitter:data1\" content=\"La Sentinelle\" \/>\n\t<meta name=\"twitter:label2\" content=\"Dur\u00e9e de lecture estim\u00e9e\" \/>\n\t<meta name=\"twitter:data2\" content=\"2 minutes\" \/>\n<script type=\"application\/ld+json\" class=\"yoast-schema-graph\">{\"@context\":\"https:\\\/\\\/schema.org\",\"@graph\":[{\"@type\":\"Article\",\"@id\":\"https:\\\/\\\/lasentinelle.dz\\\/index.php\\\/2023\\\/12\\\/02\\\/sahel-le-burkina-et-le-niger-quittent-lensemble-du-g5-sahel\\\/#article\",\"isPartOf\":{\"@id\":\"https:\\\/\\\/lasentinelle.dz\\\/index.php\\\/2023\\\/12\\\/02\\\/sahel-le-burkina-et-le-niger-quittent-lensemble-du-g5-sahel\\\/\"},\"author\":{\"name\":\"La Sentinelle\",\"@id\":\"https:\\\/\\\/lasentinelle.dz\\\/#\\\/schema\\\/person\\\/d865044e22e70a75174ce8bcad3acfb3\"},\"headline\":\"Sahel\u00a0: Le Burkina et le Niger quittent l\u2019ensemble du G5 Sahel\",\"datePublished\":\"2023-12-02T20:35:09+00:00\",\"dateModified\":\"2023-12-02T20:35:12+00:00\",\"mainEntityOfPage\":{\"@id\":\"https:\\\/\\\/lasentinelle.dz\\\/index.php\\\/2023\\\/12\\\/02\\\/sahel-le-burkina-et-le-niger-quittent-lensemble-du-g5-sahel\\\/\"},\"wordCount\":394,\"commentCount\":0,\"publisher\":{\"@id\":\"https:\\\/\\\/lasentinelle.dz\\\/#organization\"},\"image\":{\"@id\":\"https:\\\/\\\/lasentinelle.dz\\\/index.php\\\/2023\\\/12\\\/02\\\/sahel-le-burkina-et-le-niger-quittent-lensemble-du-g5-sahel\\\/#primaryimage\"},\"thumbnailUrl\":\"https:\\\/\\\/lasentinelle.dz\\\/wp-content\\\/uploads\\\/2023\\\/12\\\/G5-sahel.jpeg\",\"articleSection\":[\"Monde\"],\"inLanguage\":\"fr-FR\",\"potentialAction\":[{\"@type\":\"CommentAction\",\"name\":\"Comment\",\"target\":[\"https:\\\/\\\/lasentinelle.dz\\\/index.php\\\/2023\\\/12\\\/02\\\/sahel-le-burkina-et-le-niger-quittent-lensemble-du-g5-sahel\\\/#respond\"]}]},{\"@type\":\"WebPage\",\"@id\":\"https:\\\/\\\/lasentinelle.dz\\\/index.php\\\/2023\\\/12\\\/02\\\/sahel-le-burkina-et-le-niger-quittent-lensemble-du-g5-sahel\\\/\",\"url\":\"https:\\\/\\\/lasentinelle.dz\\\/index.php\\\/2023\\\/12\\\/02\\\/sahel-le-burkina-et-le-niger-quittent-lensemble-du-g5-sahel\\\/\",\"name\":\"Sahel\u00a0: Le Burkina et le Niger quittent l\u2019ensemble du G5 Sahel - La Sentinelle\",\"isPartOf\":{\"@id\":\"https:\\\/\\\/lasentinelle.dz\\\/#website\"},\"primaryImageOfPage\":{\"@id\":\"https:\\\/\\\/lasentinelle.dz\\\/index.php\\\/2023\\\/12\\\/02\\\/sahel-le-burkina-et-le-niger-quittent-lensemble-du-g5-sahel\\\/#primaryimage\"},\"image\":{\"@id\":\"https:\\\/\\\/lasentinelle.dz\\\/index.php\\\/2023\\\/12\\\/02\\\/sahel-le-burkina-et-le-niger-quittent-lensemble-du-g5-sahel\\\/#primaryimage\"},\"thumbnailUrl\":\"https:\\\/\\\/lasentinelle.dz\\\/wp-content\\\/uploads\\\/2023\\\/12\\\/G5-sahel.jpeg\",\"datePublished\":\"2023-12-02T20:35:09+00:00\",\"dateModified\":\"2023-12-02T20:35:12+00:00\",\"breadcrumb\":{\"@id\":\"https:\\\/\\\/lasentinelle.dz\\\/index.php\\\/2023\\\/12\\\/02\\\/sahel-le-burkina-et-le-niger-quittent-lensemble-du-g5-sahel\\\/#breadcrumb\"},\"inLanguage\":\"fr-FR\",\"potentialAction\":[{\"@type\":\"ReadAction\",\"target\":[\"https:\\\/\\\/lasentinelle.dz\\\/index.php\\\/2023\\\/12\\\/02\\\/sahel-le-burkina-et-le-niger-quittent-lensemble-du-g5-sahel\\\/\"]}]},{\"@type\":\"ImageObject\",\"inLanguage\":\"fr-FR\",\"@id\":\"https:\\\/\\\/lasentinelle.dz\\\/index.php\\\/2023\\\/12\\\/02\\\/sahel-le-burkina-et-le-niger-quittent-lensemble-du-g5-sahel\\\/#primaryimage\",\"url\":\"https:\\\/\\\/lasentinelle.dz\\\/wp-content\\\/uploads\\\/2023\\\/12\\\/G5-sahel.jpeg\",\"contentUrl\":\"https:\\\/\\\/lasentinelle.dz\\\/wp-content\\\/uploads\\\/2023\\\/12\\\/G5-sahel.jpeg\",\"width\":308,\"height\":164},{\"@type\":\"BreadcrumbList\",\"@id\":\"https:\\\/\\\/lasentinelle.dz\\\/index.php\\\/2023\\\/12\\\/02\\\/sahel-le-burkina-et-le-niger-quittent-lensemble-du-g5-sahel\\\/#breadcrumb\",\"itemListElement\":[{\"@type\":\"ListItem\",\"position\":1,\"name\":\"Accueil\",\"item\":\"https:\\\/\\\/lasentinelle.dz\\\/\"},{\"@type\":\"ListItem\",\"position\":2,\"name\":\"Sahel\u00a0: Le Burkina et le Niger quittent l\u2019ensemble du G5 Sahel\"}]},{\"@type\":\"WebSite\",\"@id\":\"https:\\\/\\\/lasentinelle.dz\\\/#website\",\"url\":\"https:\\\/\\\/lasentinelle.dz\\\/\",\"name\":\"La Sentinelle\",\"description\":\"Quotidien national d&#039;information\",\"publisher\":{\"@id\":\"https:\\\/\\\/lasentinelle.dz\\\/#organization\"},\"potentialAction\":[{\"@type\":\"SearchAction\",\"target\":{\"@type\":\"EntryPoint\",\"urlTemplate\":\"https:\\\/\\\/lasentinelle.dz\\\/?s={search_term_string}\"},\"query-input\":{\"@type\":\"PropertyValueSpecification\",\"valueRequired\":true,\"valueName\":\"search_term_string\"}}],\"inLanguage\":\"fr-FR\"},{\"@type\":\"Organization\",\"@id\":\"https:\\\/\\\/lasentinelle.dz\\\/#organization\",\"name\":\"Quotidien La Sentinelle\",\"url\":\"https:\\\/\\\/lasentinelle.dz\\\/\",\"logo\":{\"@type\":\"ImageObject\",\"inLanguage\":\"fr-FR\",\"@id\":\"https:\\\/\\\/lasentinelle.dz\\\/#\\\/schema\\\/logo\\\/image\\\/\",\"url\":\"https:\\\/\\\/lasentinelle.dz\\\/wp-content\\\/uploads\\\/2021\\\/09\\\/logo-sentinelleSLOGAN-1.png\",\"contentUrl\":\"https:\\\/\\\/lasentinelle.dz\\\/wp-content\\\/uploads\\\/2021\\\/09\\\/logo-sentinelleSLOGAN-1.png\",\"width\":615,\"height\":142,\"caption\":\"Quotidien La Sentinelle\"},\"image\":{\"@id\":\"https:\\\/\\\/lasentinelle.dz\\\/#\\\/schema\\\/logo\\\/image\\\/\"},\"sameAs\":[\"https:\\\/\\\/www.facebook.com\\\/La-Sentinelle-104059864394773\"]},{\"@type\":\"Person\",\"@id\":\"https:\\\/\\\/lasentinelle.dz\\\/#\\\/schema\\\/person\\\/d865044e22e70a75174ce8bcad3acfb3\",\"name\":\"La Sentinelle\",\"image\":{\"@type\":\"ImageObject\",\"inLanguage\":\"fr-FR\",\"@id\":\"https:\\\/\\\/secure.gravatar.com\\\/avatar\\\/57de8e5d4b15d43fb361a71fbb36338450fe67865b528a43dd10ef7c51a20392?s=96&d=mm&r=g\",\"url\":\"https:\\\/\\\/secure.gravatar.com\\\/avatar\\\/57de8e5d4b15d43fb361a71fbb36338450fe67865b528a43dd10ef7c51a20392?s=96&d=mm&r=g\",\"contentUrl\":\"https:\\\/\\\/secure.gravatar.com\\\/avatar\\\/57de8e5d4b15d43fb361a71fbb36338450fe67865b528a43dd10ef7c51a20392?s=96&d=mm&r=g\",\"caption\":\"La Sentinelle\"},\"sameAs\":[\"http:\\\/\\\/www.lasentinelle.dz\"],\"url\":\"https:\\\/\\\/lasentinelle.dz\\\/author\\\/redaction\\\/\"}]}<\/script>\n<!-- \/ Yoast SEO plugin. -->","yoast_head_json":{"title":"Sahel\u00a0: Le Burkina et le Niger quittent l\u2019ensemble du G5 Sahel - La Sentinelle","robots":{"index":"index","follow":"follow","max-snippet":"max-snippet:-1","max-image-preview":"max-image-preview:large","max-video-preview":"max-video-preview:-1"},"canonical":"https:\/\/lasentinelle.dz\/index.php\/2023\/12\/02\/sahel-le-burkina-et-le-niger-quittent-lensemble-du-g5-sahel\/","og_locale":"fr_FR","og_type":"article","og_title":"Sahel\u00a0: Le Burkina et le Niger quittent l\u2019ensemble du G5 Sahel - La Sentinelle","og_description":"Le Burkina Faso et le Niger ont annonc\u00e9 hier s\u2019\u00eatre retir\u00e9s de l\u2019organisation G5 Sahel, suivant l\u2019exemple de leur voisin","og_url":"https:\/\/lasentinelle.dz\/index.php\/2023\/12\/02\/sahel-le-burkina-et-le-niger-quittent-lensemble-du-g5-sahel\/","og_site_name":"La Sentinelle","article_publisher":"https:\/\/www.facebook.com\/La-Sentinelle-104059864394773","article_published_time":"2023-12-02T20:35:09+00:00","article_modified_time":"2023-12-02T20:35:12+00:00","og_image":[{"width":308,"height":164,"url":"https:\/\/lasentinelle.dz\/wp-content\/uploads\/2023\/12\/G5-sahel.jpeg","type":"image\/jpeg"}],"author":"La Sentinelle","twitter_card":"summary_large_image","twitter_misc":{"\u00c9crit par":"La Sentinelle","Dur\u00e9e de lecture estim\u00e9e":"2 minutes"},"schema":{"@context":"https:\/\/schema.org","@graph":[{"@type":"Article","@id":"https:\/\/lasentinelle.dz\/index.php\/2023\/12\/02\/sahel-le-burkina-et-le-niger-quittent-lensemble-du-g5-sahel\/#article","isPartOf":{"@id":"https:\/\/lasentinelle.dz\/index.php\/2023\/12\/02\/sahel-le-burkina-et-le-niger-quittent-lensemble-du-g5-sahel\/"},"author":{"name":"La Sentinelle","@id":"https:\/\/lasentinelle.dz\/#\/schema\/person\/d865044e22e70a75174ce8bcad3acfb3"},"headline":"Sahel\u00a0: Le Burkina et le Niger quittent l\u2019ensemble du G5 Sahel","datePublished":"2023-12-02T20:35:09+00:00","dateModified":"2023-12-02T20:35:12+00:00","mainEntityOfPage":{"@id":"https:\/\/lasentinelle.dz\/index.php\/2023\/12\/02\/sahel-le-burkina-et-le-niger-quittent-lensemble-du-g5-sahel\/"},"wordCount":394,"commentCount":0,"publisher":{"@id":"https:\/\/lasentinelle.dz\/#organization"},"image":{"@id":"https:\/\/lasentinelle.dz\/index.php\/2023\/12\/02\/sahel-le-burkina-et-le-niger-quittent-lensemble-du-g5-sahel\/#primaryimage"},"thumbnailUrl":"https:\/\/lasentinelle.dz\/wp-content\/uploads\/2023\/12\/G5-sahel.jpeg","articleSection":["Monde"],"inLanguage":"fr-FR","potentialAction":[{"@type":"CommentAction","name":"Comment","target":["https:\/\/lasentinelle.dz\/index.php\/2023\/12\/02\/sahel-le-burkina-et-le-niger-quittent-lensemble-du-g5-sahel\/#respond"]}]},{"@type":"WebPage","@id":"https:\/\/lasentinelle.dz\/index.php\/2023\/12\/02\/sahel-le-burkina-et-le-niger-quittent-lensemble-du-g5-sahel\/","url":"https:\/\/lasentinelle.dz\/index.php\/2023\/12\/02\/sahel-le-burkina-et-le-niger-quittent-lensemble-du-g5-sahel\/","name":"Sahel\u00a0: Le Burkina et le Niger quittent l\u2019ensemble du G5 Sahel - La Sentinelle","isPartOf":{"@id":"https:\/\/lasentinelle.dz\/#website"},"primaryImageOfPage":{"@id":"https:\/\/lasentinelle.dz\/index.php\/2023\/12\/02\/sahel-le-burkina-et-le-niger-quittent-lensemble-du-g5-sahel\/#primaryimage"},"image":{"@id":"https:\/\/lasentinelle.dz\/index.php\/2023\/12\/02\/sahel-le-burkina-et-le-niger-quittent-lensemble-du-g5-sahel\/#primaryimage"},"thumbnailUrl":"https:\/\/lasentinelle.dz\/wp-content\/uploads\/2023\/12\/G5-sahel.jpeg","datePublished":"2023-12-02T20:35:09+00:00","dateModified":"2023-12-02T20:35:12+00:00","breadcrumb":{"@id":"https:\/\/lasentinelle.dz\/index.php\/2023\/12\/02\/sahel-le-burkina-et-le-niger-quittent-lensemble-du-g5-sahel\/#breadcrumb"},"inLanguage":"fr-FR","potentialAction":[{"@type":"ReadAction","target":["https:\/\/lasentinelle.dz\/index.php\/2023\/12\/02\/sahel-le-burkina-et-le-niger-quittent-lensemble-du-g5-sahel\/"]}]},{"@type":"ImageObject","inLanguage":"fr-FR","@id":"https:\/\/lasentinelle.dz\/index.php\/2023\/12\/02\/sahel-le-burkina-et-le-niger-quittent-lensemble-du-g5-sahel\/#primaryimage","url":"https:\/\/lasentinelle.dz\/wp-content\/uploads\/2023\/12\/G5-sahel.jpeg","contentUrl":"https:\/\/lasentinelle.dz\/wp-content\/uploads\/2023\/12\/G5-sahel.jpeg","width":308,"height":164},{"@type":"BreadcrumbList","@id":"https:\/\/lasentinelle.dz\/index.php\/2023\/12\/02\/sahel-le-burkina-et-le-niger-quittent-lensemble-du-g5-sahel\/#breadcrumb","itemListElement":[{"@type":"ListItem","position":1,"name":"Accueil","item":"https:\/\/lasentinelle.dz\/"},{"@type":"ListItem","position":2,"name":"Sahel\u00a0: Le Burkina et le Niger quittent l\u2019ensemble du G5 Sahel"}]},{"@type":"WebSite","@id":"https:\/\/lasentinelle.dz\/#website","url":"https:\/\/lasentinelle.dz\/","name":"La Sentinelle","description":"Quotidien national d&#039;information","publisher":{"@id":"https:\/\/lasentinelle.dz\/#organization"},"potentialAction":[{"@type":"SearchAction","target":{"@type":"EntryPoint","urlTemplate":"https:\/\/lasentinelle.dz\/?s={search_term_string}"},"query-input":{"@type":"PropertyValueSpecification","valueRequired":true,"valueName":"search_term_string"}}],"inLanguage":"fr-FR"},{"@type":"Organization","@id":"https:\/\/lasentinelle.dz\/#organization","name":"Quotidien La Sentinelle","url":"https:\/\/lasentinelle.dz\/","logo":{"@type":"ImageObject","inLanguage":"fr-FR","@id":"https:\/\/lasentinelle.dz\/#\/schema\/logo\/image\/","url":"https:\/\/lasentinelle.dz\/wp-content\/uploads\/2021\/09\/logo-sentinelleSLOGAN-1.png","contentUrl":"https:\/\/lasentinelle.dz\/wp-content\/uploads\/2021\/09\/logo-sentinelleSLOGAN-1.png","width":615,"height":142,"caption":"Quotidien La Sentinelle"},"image":{"@id":"https:\/\/lasentinelle.dz\/#\/schema\/logo\/image\/"},"sameAs":["https:\/\/www.facebook.com\/La-Sentinelle-104059864394773"]},{"@type":"Person","@id":"https:\/\/lasentinelle.dz\/#\/schema\/person\/d865044e22e70a75174ce8bcad3acfb3","name":"La Sentinelle","image":{"@type":"ImageObject","inLanguage":"fr-FR","@id":"https:\/\/secure.gravatar.com\/avatar\/57de8e5d4b15d43fb361a71fbb36338450fe67865b528a43dd10ef7c51a20392?s=96&d=mm&r=g","url":"https:\/\/secure.gravatar.com\/avatar\/57de8e5d4b15d43fb361a71fbb36338450fe67865b528a43dd10ef7c51a20392?s=96&d=mm&r=g","contentUrl":"https:\/\/secure.gravatar.com\/avatar\/57de8e5d4b15d43fb361a71fbb36338450fe67865b528a43dd10ef7c51a20392?s=96&d=mm&r=g","caption":"La Sentinelle"},"sameAs":["http:\/\/www.lasentinelle.dz"],"url":"https:\/\/lasentinelle.dz\/author\/redaction\/"}]}},"_links":{"self":[{"href":"https:\/\/lasentinelle.dz\/index.php\/wp-json\/wp\/v2\/posts\/47588","targetHints":{"allow":["GET"]}}],"collection":[{"href":"https:\/\/lasentinelle.dz\/index.php\/wp-json\/wp\/v2\/posts"}],"about":[{"href":"https:\/\/lasentinelle.dz\/index.php\/wp-json\/wp\/v2\/types\/post"}],"author":[{"embeddable":true,"href":"https:\/\/lasentinelle.dz\/index.php\/wp-json\/wp\/v2\/users\/3"}],"replies":[{"embeddable":true,"href":"https:\/\/lasentinelle.dz\/index.php\/wp-json\/wp\/v2\/comments?post=47588"}],"version-history":[{"count":1,"href":"https:\/\/lasentinelle.dz\/index.php\/wp-json\/wp\/v2\/posts\/47588\/revisions"}],"predecessor-version":[{"id":47590,"href":"https:\/\/lasentinelle.dz\/index.php\/wp-json\/wp\/v2\/posts\/47588\/revisions\/47590"}],"wp:featuredmedia":[{"embeddable":true,"href":"https:\/\/lasentinelle.dz\/index.php\/wp-json\/wp\/v2\/media\/47589"}],"wp:attachment":[{"href":"https:\/\/lasentinelle.dz\/index.php\/wp-json\/wp\/v2\/media?parent=47588"}],"wp:term":[{"taxonomy":"category","embeddable":true,"href":"https:\/\/lasentinelle.dz\/index.php\/wp-json\/wp\/v2\/categories?post=47588"},{"taxonomy":"post_tag","embeddable":true,"href":"https:\/\/lasentinelle.dz\/index.php\/wp-json\/wp\/v2\/tags?post=47588"}],"curies":[{"name":"wp","href":"https:\/\/api.w.org\/{rel}","templated":true}]}}