{"id":47615,"date":"2023-12-02T21:53:11","date_gmt":"2023-12-02T20:53:11","guid":{"rendered":"https:\/\/lasentinelle.dz\/?p=47615"},"modified":"2023-12-02T21:53:13","modified_gmt":"2023-12-02T20:53:13","slug":"journee-nationale-de-la-presse-une-attestation-de-leadership-mediatique-creee","status":"publish","type":"post","link":"https:\/\/lasentinelle.dz\/index.php\/2023\/12\/02\/journee-nationale-de-la-presse-une-attestation-de-leadership-mediatique-creee\/","title":{"rendered":"Journ\u00e9e nationale de la presse\u00a0: Une attestation de leadership m\u00e9diatique cr\u00e9\u00e9e"},"content":{"rendered":"\n<p>Le ministre de la Communication, Mohamed Laagab, a soulign\u00e9 hier \u00e0 l\u2019occasion de la c\u00e9l\u00e9bration officielle de la Journ\u00e9e nationale de la presse, les engagements du pr\u00e9sident de la R\u00e9publique, Abdelmadjid Tebboune, concernant le d\u00e9veloppement du secteur des m\u00e9dias.<\/p>\n\n\n\n<p>Pr\u00e9vue initialement le 22 octobre dernier, la c\u00e9l\u00e9bration officielle de la Journ\u00e9e nationale de la presse a \u00e9t\u00e9 report\u00e9e, en solidarit\u00e9 avec le peuple palestinien fr\u00e8re qui subit depuis le 7 octobre dernier un agression sioniste barbare. L\u2019\u00e9v\u00e9nement qui rend hommage au travail des m\u00e9dias alg\u00e9riens est cependant marqu\u00e9 par des activit\u00e9s programm\u00e9es sur deux journ\u00e9es, qui doivent permettre non seulement de mettre en lumi\u00e8re la contribution des m\u00e9dias \u00e0 la d\u00e9fense des int\u00e9r\u00eats des m\u00e9dias, mais aussi l\u2019importance de ces derniers dans un contexte de d\u00e9sinformation et de guerre m\u00e9diatique, largement mis en relief par la propagande d\u00e9ploy\u00e9e par les m\u00e9dias mainstream occidentaux, aujourd\u2019hui, lors de la guerre qui fait rage \u00e0 Ghaza. C\u2019est dans ce contexte que les c\u00e9l\u00e9brations li\u00e9es \u00e0 la Journ\u00e9e nationale de la presse ont \u00e9t\u00e9 inaugur\u00e9e par une conf\u00e9rence sur le th\u00e8me de \u00ab&nbsp;L&rsquo;information et les d\u00e9fis actuels&nbsp;\u00bb qui s\u2019est tenue hier au Centre international de conf\u00e9rences (CIC) Abdelatif-Rahal \u00e0 Alger. L\u2019occasion pour le ministre de la Communication, Mohamed Laagab qui a ouvert les travaux de cette conf\u00e9rence, de souligner les d\u00e9fis auxquels font face les m\u00e9dias nationaux, mais aussi la d\u00e9marche entreprise dans le cadre du pr\u00e9sident de la R\u00e9publique afin de professionnaliser les m\u00e9dias nationaux et de les d\u00e9velopper. Le ministre a ainsi soulign\u00e9 que les travaux de cette conf\u00e9rence se tiennent alors que le nouveau cadre r\u00e9glementaire r\u00e9gissant le secteur a \u00e9t\u00e9 parachev\u00e9 par l\u2019adoption la semaine derni\u00e8re par les deux chambres du Parlement de la Loi sur la presse \u00e9crite et la presse \u00e9lectronique, ainsi que celle relative \u00e0 l\u2019activit\u00e9 audiovisuelle. M. Laagab a en outre soulign\u00e9 \u00ab\u00a0la concr\u00e9tisation des engagements \u00e9lectoraux du pr\u00e9sident de la R\u00e9publique, M. Abdelmadjid Tebboune\u00a0\u00bb, en voulant pour preuve \u00ab\u00a0l&rsquo;adoption par le Parlement alg\u00e9rien, la semaine derni\u00e8re, de la loi relative \u00e0 l&rsquo;activit\u00e9 audiovisuelle et de la loi relative \u00e0 la presse \u00e9crite et \u00e0 la presse \u00e9lectronique\u00a0\u00bb. Le ministre a indiqu\u00e9 qu\u2019il reste \u00e0 mettre en place les autorit\u00e9s de r\u00e9gulation du secteur et le Conseil sup\u00e9rieur de d\u00e9ontologie journalistique.A ce propos, le ministre de la Communication a assur\u00e9 que le pr\u00e9sident de la R\u00e9publique ne s&rsquo;arr\u00eatera l\u00e0, mais \u0153uvrera \u00e0 r\u00e9aliser d&rsquo;autres acquis au profit du secteur de l&rsquo;information, \u00e0 l&rsquo;instar de \u00ab\u00a0Dza\u00efr Media City\u00a0\u00bb, dont il a pos\u00e9 la premi\u00e8re pierre le 5 juillet 2023. Le ministre a \u00e9galement annonc\u00e9 &nbsp;&nbsp;la cr\u00e9ation d&rsquo;une attestation de reconnaissance du leadership m\u00e9diatique en faveur des \u00e9tablissements m\u00e9diatiques et d&rsquo;une attestation d&rsquo;excellence m\u00e9diatique r\u00e9compensant les journalistes qui se distinguent par leur travail. Concernant la conf\u00e9rence sur \u00ab\u00a0L&rsquo;information et les d\u00e9fis actuels\u00a0\u00bb, M. Laagab a fait observer qu&rsquo;elle intervenait sur fond de mutations g\u00e9opolitiques mondiales, \u00e9voquant la perc\u00e9e r\u00e9alis\u00e9e par la cause palestinienne suite \u00e0 l&rsquo;agression barbare sioniste contre Ghaza, qui a r\u00e9v\u00e9l\u00e9 le traitement non professionnel et immoral de la presse occidentale en g\u00e9n\u00e9ral, ainsi que le conflit entre la Russie et l&rsquo;Ukraine, qui a entra\u00een\u00e9 une transformation radicale de la pratique m\u00e9diatique \u00e0 l&rsquo;\u00e9chelle mondiale. La c\u00e9l\u00e9bration de la Journ\u00e9e nationale de la presse, co\u00efncidant cette ann\u00e9e avec la Journ\u00e9e internationale des personnes handicap\u00e9es, il a \u00e9t\u00e9 d\u00e9cid\u00e9 de distinguer plusieurs journalistes issus de cette cat\u00e9gorie, a indiqu\u00e9 M. Laagab, qui a salu\u00e9 les sacrifices et les efforts constants des journalistes alg\u00e9riens. Notons que les distinctions li\u00e9es au prix du pr\u00e9sident de la R\u00e9publique du journaliste professionnel devraient \u00eatre attribu\u00e9es aujourd\u2019hui.<\/p>\n\n\n\n<p><strong>Hocine Fadheli<\/strong><\/p>\n","protected":false},"excerpt":{"rendered":"<p>Le ministre de la Communication, Mohamed Laagab, a soulign\u00e9 hier \u00e0 l\u2019occasion de la c\u00e9l\u00e9bration officielle de la Journ\u00e9e nationale<\/p>\n","protected":false},"author":3,"featured_media":47616,"comment_status":"open","ping_status":"closed","sticky":false,"template":"","format":"standard","meta":{"colormag_page_container_layout":"default_layout","colormag_page_sidebar_layout":"default_layout","om_disable_all_campaigns":false,"_monsterinsights_skip_tracking":false,"_monsterinsights_sitenote_active":false,"_monsterinsights_sitenote_note":"","_monsterinsights_sitenote_category":0,"footnotes":"","_wpscppro_dont_share_socialmedia":false,"_wpscppro_custom_social_share_image":0,"_facebook_share_type":"","_twitter_share_type":"","_linkedin_share_type":"","_pinterest_share_type":"","_linkedin_share_type_page":"","_instagram_share_type":"","_medium_share_type":"","_threads_share_type":"","_google_business_share_type":"","_selected_social_profile":[],"_wpsp_enable_custom_social_template":false,"_wpsp_social_scheduling":{"enabled":false,"datetime":null,"platforms":[],"status":"template_only","dateOption":"today","timeOption":"now","customDays":"","customHours":"","customDate":"","customTime":"","schedulingType":"absolute"},"_wpsp_active_default_template":true},"categories":[52,27],"tags":[],"class_list":["post-47615","post","type-post","status-publish","format-standard","has-post-thumbnail","hentry","category-a-la-une","category-actualite"],"aioseo_notices":[],"yoast_head":"<!-- This site is optimized with the Yoast SEO plugin v27.5 - https:\/\/yoast.com\/product\/yoast-seo-wordpress\/ -->\n<title>Journ\u00e9e nationale de la presse\u00a0: Une attestation de leadership m\u00e9diatique cr\u00e9\u00e9e - La Sentinelle<\/title>\n<meta name=\"robots\" content=\"index, follow, max-snippet:-1, max-image-preview:large, max-video-preview:-1\" \/>\n<link rel=\"canonical\" href=\"https:\/\/lasentinelle.dz\/index.php\/2023\/12\/02\/journee-nationale-de-la-presse-une-attestation-de-leadership-mediatique-creee\/\" \/>\n<meta property=\"og:locale\" content=\"fr_FR\" \/>\n<meta property=\"og:type\" content=\"article\" \/>\n<meta property=\"og:title\" content=\"Journ\u00e9e nationale de la presse\u00a0: Une attestation de leadership m\u00e9diatique cr\u00e9\u00e9e - La Sentinelle\" \/>\n<meta property=\"og:description\" content=\"Le ministre de la Communication, Mohamed Laagab, a soulign\u00e9 hier \u00e0 l\u2019occasion de la c\u00e9l\u00e9bration officielle de la Journ\u00e9e nationale\" \/>\n<meta property=\"og:url\" content=\"https:\/\/lasentinelle.dz\/index.php\/2023\/12\/02\/journee-nationale-de-la-presse-une-attestation-de-leadership-mediatique-creee\/\" \/>\n<meta property=\"og:site_name\" content=\"La Sentinelle\" \/>\n<meta property=\"article:publisher\" content=\"https:\/\/www.facebook.com\/La-Sentinelle-104059864394773\" \/>\n<meta property=\"article:published_time\" content=\"2023-12-02T20:53:11+00:00\" \/>\n<meta property=\"article:modified_time\" content=\"2023-12-02T20:53:13+00:00\" \/>\n<meta property=\"og:image\" content=\"https:\/\/lasentinelle.dz\/wp-content\/uploads\/2023\/12\/laagab.jpeg\" \/>\n\t<meta property=\"og:image:width\" content=\"780\" \/>\n\t<meta property=\"og:image:height\" content=\"470\" \/>\n\t<meta property=\"og:image:type\" content=\"image\/jpeg\" \/>\n<meta name=\"author\" content=\"La Sentinelle\" \/>\n<meta name=\"twitter:card\" content=\"summary_large_image\" \/>\n<meta name=\"twitter:label1\" content=\"\u00c9crit par\" \/>\n\t<meta name=\"twitter:data1\" content=\"La Sentinelle\" \/>\n\t<meta name=\"twitter:label2\" content=\"Dur\u00e9e de lecture estim\u00e9e\" \/>\n\t<meta name=\"twitter:data2\" content=\"4 minutes\" \/>\n<script type=\"application\/ld+json\" class=\"yoast-schema-graph\">{\"@context\":\"https:\\\/\\\/schema.org\",\"@graph\":[{\"@type\":\"Article\",\"@id\":\"https:\\\/\\\/lasentinelle.dz\\\/index.php\\\/2023\\\/12\\\/02\\\/journee-nationale-de-la-presse-une-attestation-de-leadership-mediatique-creee\\\/#article\",\"isPartOf\":{\"@id\":\"https:\\\/\\\/lasentinelle.dz\\\/index.php\\\/2023\\\/12\\\/02\\\/journee-nationale-de-la-presse-une-attestation-de-leadership-mediatique-creee\\\/\"},\"author\":{\"name\":\"La Sentinelle\",\"@id\":\"https:\\\/\\\/lasentinelle.dz\\\/#\\\/schema\\\/person\\\/d865044e22e70a75174ce8bcad3acfb3\"},\"headline\":\"Journ\u00e9e nationale de la presse\u00a0: Une attestation de leadership m\u00e9diatique cr\u00e9\u00e9e\",\"datePublished\":\"2023-12-02T20:53:11+00:00\",\"dateModified\":\"2023-12-02T20:53:13+00:00\",\"mainEntityOfPage\":{\"@id\":\"https:\\\/\\\/lasentinelle.dz\\\/index.php\\\/2023\\\/12\\\/02\\\/journee-nationale-de-la-presse-une-attestation-de-leadership-mediatique-creee\\\/\"},\"wordCount\":721,\"commentCount\":0,\"publisher\":{\"@id\":\"https:\\\/\\\/lasentinelle.dz\\\/#organization\"},\"image\":{\"@id\":\"https:\\\/\\\/lasentinelle.dz\\\/index.php\\\/2023\\\/12\\\/02\\\/journee-nationale-de-la-presse-une-attestation-de-leadership-mediatique-creee\\\/#primaryimage\"},\"thumbnailUrl\":\"https:\\\/\\\/lasentinelle.dz\\\/wp-content\\\/uploads\\\/2023\\\/12\\\/laagab.jpeg\",\"articleSection\":[\"\u00c0 la Une\",\"Actualit\u00e9\"],\"inLanguage\":\"fr-FR\",\"potentialAction\":[{\"@type\":\"CommentAction\",\"name\":\"Comment\",\"target\":[\"https:\\\/\\\/lasentinelle.dz\\\/index.php\\\/2023\\\/12\\\/02\\\/journee-nationale-de-la-presse-une-attestation-de-leadership-mediatique-creee\\\/#respond\"]}]},{\"@type\":\"WebPage\",\"@id\":\"https:\\\/\\\/lasentinelle.dz\\\/index.php\\\/2023\\\/12\\\/02\\\/journee-nationale-de-la-presse-une-attestation-de-leadership-mediatique-creee\\\/\",\"url\":\"https:\\\/\\\/lasentinelle.dz\\\/index.php\\\/2023\\\/12\\\/02\\\/journee-nationale-de-la-presse-une-attestation-de-leadership-mediatique-creee\\\/\",\"name\":\"Journ\u00e9e nationale de la presse\u00a0: Une attestation de leadership m\u00e9diatique cr\u00e9\u00e9e - La Sentinelle\",\"isPartOf\":{\"@id\":\"https:\\\/\\\/lasentinelle.dz\\\/#website\"},\"primaryImageOfPage\":{\"@id\":\"https:\\\/\\\/lasentinelle.dz\\\/index.php\\\/2023\\\/12\\\/02\\\/journee-nationale-de-la-presse-une-attestation-de-leadership-mediatique-creee\\\/#primaryimage\"},\"image\":{\"@id\":\"https:\\\/\\\/lasentinelle.dz\\\/index.php\\\/2023\\\/12\\\/02\\\/journee-nationale-de-la-presse-une-attestation-de-leadership-mediatique-creee\\\/#primaryimage\"},\"thumbnailUrl\":\"https:\\\/\\\/lasentinelle.dz\\\/wp-content\\\/uploads\\\/2023\\\/12\\\/laagab.jpeg\",\"datePublished\":\"2023-12-02T20:53:11+00:00\",\"dateModified\":\"2023-12-02T20:53:13+00:00\",\"breadcrumb\":{\"@id\":\"https:\\\/\\\/lasentinelle.dz\\\/index.php\\\/2023\\\/12\\\/02\\\/journee-nationale-de-la-presse-une-attestation-de-leadership-mediatique-creee\\\/#breadcrumb\"},\"inLanguage\":\"fr-FR\",\"potentialAction\":[{\"@type\":\"ReadAction\",\"target\":[\"https:\\\/\\\/lasentinelle.dz\\\/index.php\\\/2023\\\/12\\\/02\\\/journee-nationale-de-la-presse-une-attestation-de-leadership-mediatique-creee\\\/\"]}]},{\"@type\":\"ImageObject\",\"inLanguage\":\"fr-FR\",\"@id\":\"https:\\\/\\\/lasentinelle.dz\\\/index.php\\\/2023\\\/12\\\/02\\\/journee-nationale-de-la-presse-une-attestation-de-leadership-mediatique-creee\\\/#primaryimage\",\"url\":\"https:\\\/\\\/lasentinelle.dz\\\/wp-content\\\/uploads\\\/2023\\\/12\\\/laagab.jpeg\",\"contentUrl\":\"https:\\\/\\\/lasentinelle.dz\\\/wp-content\\\/uploads\\\/2023\\\/12\\\/laagab.jpeg\",\"width\":780,\"height\":470},{\"@type\":\"BreadcrumbList\",\"@id\":\"https:\\\/\\\/lasentinelle.dz\\\/index.php\\\/2023\\\/12\\\/02\\\/journee-nationale-de-la-presse-une-attestation-de-leadership-mediatique-creee\\\/#breadcrumb\",\"itemListElement\":[{\"@type\":\"ListItem\",\"position\":1,\"name\":\"Accueil\",\"item\":\"https:\\\/\\\/lasentinelle.dz\\\/\"},{\"@type\":\"ListItem\",\"position\":2,\"name\":\"Journ\u00e9e nationale de la presse\u00a0: Une attestation de leadership m\u00e9diatique cr\u00e9\u00e9e\"}]},{\"@type\":\"WebSite\",\"@id\":\"https:\\\/\\\/lasentinelle.dz\\\/#website\",\"url\":\"https:\\\/\\\/lasentinelle.dz\\\/\",\"name\":\"La Sentinelle\",\"description\":\"Quotidien national d&#039;information\",\"publisher\":{\"@id\":\"https:\\\/\\\/lasentinelle.dz\\\/#organization\"},\"potentialAction\":[{\"@type\":\"SearchAction\",\"target\":{\"@type\":\"EntryPoint\",\"urlTemplate\":\"https:\\\/\\\/lasentinelle.dz\\\/?s={search_term_string}\"},\"query-input\":{\"@type\":\"PropertyValueSpecification\",\"valueRequired\":true,\"valueName\":\"search_term_string\"}}],\"inLanguage\":\"fr-FR\"},{\"@type\":\"Organization\",\"@id\":\"https:\\\/\\\/lasentinelle.dz\\\/#organization\",\"name\":\"Quotidien La Sentinelle\",\"url\":\"https:\\\/\\\/lasentinelle.dz\\\/\",\"logo\":{\"@type\":\"ImageObject\",\"inLanguage\":\"fr-FR\",\"@id\":\"https:\\\/\\\/lasentinelle.dz\\\/#\\\/schema\\\/logo\\\/image\\\/\",\"url\":\"https:\\\/\\\/lasentinelle.dz\\\/wp-content\\\/uploads\\\/2021\\\/09\\\/logo-sentinelleSLOGAN-1.png\",\"contentUrl\":\"https:\\\/\\\/lasentinelle.dz\\\/wp-content\\\/uploads\\\/2021\\\/09\\\/logo-sentinelleSLOGAN-1.png\",\"width\":615,\"height\":142,\"caption\":\"Quotidien La Sentinelle\"},\"image\":{\"@id\":\"https:\\\/\\\/lasentinelle.dz\\\/#\\\/schema\\\/logo\\\/image\\\/\"},\"sameAs\":[\"https:\\\/\\\/www.facebook.com\\\/La-Sentinelle-104059864394773\"]},{\"@type\":\"Person\",\"@id\":\"https:\\\/\\\/lasentinelle.dz\\\/#\\\/schema\\\/person\\\/d865044e22e70a75174ce8bcad3acfb3\",\"name\":\"La Sentinelle\",\"image\":{\"@type\":\"ImageObject\",\"inLanguage\":\"fr-FR\",\"@id\":\"https:\\\/\\\/secure.gravatar.com\\\/avatar\\\/57de8e5d4b15d43fb361a71fbb36338450fe67865b528a43dd10ef7c51a20392?s=96&d=mm&r=g\",\"url\":\"https:\\\/\\\/secure.gravatar.com\\\/avatar\\\/57de8e5d4b15d43fb361a71fbb36338450fe67865b528a43dd10ef7c51a20392?s=96&d=mm&r=g\",\"contentUrl\":\"https:\\\/\\\/secure.gravatar.com\\\/avatar\\\/57de8e5d4b15d43fb361a71fbb36338450fe67865b528a43dd10ef7c51a20392?s=96&d=mm&r=g\",\"caption\":\"La Sentinelle\"},\"sameAs\":[\"http:\\\/\\\/www.lasentinelle.dz\"],\"url\":\"https:\\\/\\\/lasentinelle.dz\\\/author\\\/redaction\\\/\"}]}<\/script>\n<!-- \/ Yoast SEO plugin. -->","yoast_head_json":{"title":"Journ\u00e9e nationale de la presse\u00a0: Une attestation de leadership m\u00e9diatique cr\u00e9\u00e9e - La Sentinelle","robots":{"index":"index","follow":"follow","max-snippet":"max-snippet:-1","max-image-preview":"max-image-preview:large","max-video-preview":"max-video-preview:-1"},"canonical":"https:\/\/lasentinelle.dz\/index.php\/2023\/12\/02\/journee-nationale-de-la-presse-une-attestation-de-leadership-mediatique-creee\/","og_locale":"fr_FR","og_type":"article","og_title":"Journ\u00e9e nationale de la presse\u00a0: Une attestation de leadership m\u00e9diatique cr\u00e9\u00e9e - La Sentinelle","og_description":"Le ministre de la Communication, Mohamed Laagab, a soulign\u00e9 hier \u00e0 l\u2019occasion de la c\u00e9l\u00e9bration officielle de la Journ\u00e9e nationale","og_url":"https:\/\/lasentinelle.dz\/index.php\/2023\/12\/02\/journee-nationale-de-la-presse-une-attestation-de-leadership-mediatique-creee\/","og_site_name":"La Sentinelle","article_publisher":"https:\/\/www.facebook.com\/La-Sentinelle-104059864394773","article_published_time":"2023-12-02T20:53:11+00:00","article_modified_time":"2023-12-02T20:53:13+00:00","og_image":[{"width":780,"height":470,"url":"https:\/\/lasentinelle.dz\/wp-content\/uploads\/2023\/12\/laagab.jpeg","type":"image\/jpeg"}],"author":"La Sentinelle","twitter_card":"summary_large_image","twitter_misc":{"\u00c9crit par":"La Sentinelle","Dur\u00e9e de lecture estim\u00e9e":"4 minutes"},"schema":{"@context":"https:\/\/schema.org","@graph":[{"@type":"Article","@id":"https:\/\/lasentinelle.dz\/index.php\/2023\/12\/02\/journee-nationale-de-la-presse-une-attestation-de-leadership-mediatique-creee\/#article","isPartOf":{"@id":"https:\/\/lasentinelle.dz\/index.php\/2023\/12\/02\/journee-nationale-de-la-presse-une-attestation-de-leadership-mediatique-creee\/"},"author":{"name":"La Sentinelle","@id":"https:\/\/lasentinelle.dz\/#\/schema\/person\/d865044e22e70a75174ce8bcad3acfb3"},"headline":"Journ\u00e9e nationale de la presse\u00a0: Une attestation de leadership m\u00e9diatique cr\u00e9\u00e9e","datePublished":"2023-12-02T20:53:11+00:00","dateModified":"2023-12-02T20:53:13+00:00","mainEntityOfPage":{"@id":"https:\/\/lasentinelle.dz\/index.php\/2023\/12\/02\/journee-nationale-de-la-presse-une-attestation-de-leadership-mediatique-creee\/"},"wordCount":721,"commentCount":0,"publisher":{"@id":"https:\/\/lasentinelle.dz\/#organization"},"image":{"@id":"https:\/\/lasentinelle.dz\/index.php\/2023\/12\/02\/journee-nationale-de-la-presse-une-attestation-de-leadership-mediatique-creee\/#primaryimage"},"thumbnailUrl":"https:\/\/lasentinelle.dz\/wp-content\/uploads\/2023\/12\/laagab.jpeg","articleSection":["\u00c0 la Une","Actualit\u00e9"],"inLanguage":"fr-FR","potentialAction":[{"@type":"CommentAction","name":"Comment","target":["https:\/\/lasentinelle.dz\/index.php\/2023\/12\/02\/journee-nationale-de-la-presse-une-attestation-de-leadership-mediatique-creee\/#respond"]}]},{"@type":"WebPage","@id":"https:\/\/lasentinelle.dz\/index.php\/2023\/12\/02\/journee-nationale-de-la-presse-une-attestation-de-leadership-mediatique-creee\/","url":"https:\/\/lasentinelle.dz\/index.php\/2023\/12\/02\/journee-nationale-de-la-presse-une-attestation-de-leadership-mediatique-creee\/","name":"Journ\u00e9e nationale de la presse\u00a0: Une attestation de leadership m\u00e9diatique cr\u00e9\u00e9e - La Sentinelle","isPartOf":{"@id":"https:\/\/lasentinelle.dz\/#website"},"primaryImageOfPage":{"@id":"https:\/\/lasentinelle.dz\/index.php\/2023\/12\/02\/journee-nationale-de-la-presse-une-attestation-de-leadership-mediatique-creee\/#primaryimage"},"image":{"@id":"https:\/\/lasentinelle.dz\/index.php\/2023\/12\/02\/journee-nationale-de-la-presse-une-attestation-de-leadership-mediatique-creee\/#primaryimage"},"thumbnailUrl":"https:\/\/lasentinelle.dz\/wp-content\/uploads\/2023\/12\/laagab.jpeg","datePublished":"2023-12-02T20:53:11+00:00","dateModified":"2023-12-02T20:53:13+00:00","breadcrumb":{"@id":"https:\/\/lasentinelle.dz\/index.php\/2023\/12\/02\/journee-nationale-de-la-presse-une-attestation-de-leadership-mediatique-creee\/#breadcrumb"},"inLanguage":"fr-FR","potentialAction":[{"@type":"ReadAction","target":["https:\/\/lasentinelle.dz\/index.php\/2023\/12\/02\/journee-nationale-de-la-presse-une-attestation-de-leadership-mediatique-creee\/"]}]},{"@type":"ImageObject","inLanguage":"fr-FR","@id":"https:\/\/lasentinelle.dz\/index.php\/2023\/12\/02\/journee-nationale-de-la-presse-une-attestation-de-leadership-mediatique-creee\/#primaryimage","url":"https:\/\/lasentinelle.dz\/wp-content\/uploads\/2023\/12\/laagab.jpeg","contentUrl":"https:\/\/lasentinelle.dz\/wp-content\/uploads\/2023\/12\/laagab.jpeg","width":780,"height":470},{"@type":"BreadcrumbList","@id":"https:\/\/lasentinelle.dz\/index.php\/2023\/12\/02\/journee-nationale-de-la-presse-une-attestation-de-leadership-mediatique-creee\/#breadcrumb","itemListElement":[{"@type":"ListItem","position":1,"name":"Accueil","item":"https:\/\/lasentinelle.dz\/"},{"@type":"ListItem","position":2,"name":"Journ\u00e9e nationale de la presse\u00a0: Une attestation de leadership m\u00e9diatique cr\u00e9\u00e9e"}]},{"@type":"WebSite","@id":"https:\/\/lasentinelle.dz\/#website","url":"https:\/\/lasentinelle.dz\/","name":"La Sentinelle","description":"Quotidien national d&#039;information","publisher":{"@id":"https:\/\/lasentinelle.dz\/#organization"},"potentialAction":[{"@type":"SearchAction","target":{"@type":"EntryPoint","urlTemplate":"https:\/\/lasentinelle.dz\/?s={search_term_string}"},"query-input":{"@type":"PropertyValueSpecification","valueRequired":true,"valueName":"search_term_string"}}],"inLanguage":"fr-FR"},{"@type":"Organization","@id":"https:\/\/lasentinelle.dz\/#organization","name":"Quotidien La Sentinelle","url":"https:\/\/lasentinelle.dz\/","logo":{"@type":"ImageObject","inLanguage":"fr-FR","@id":"https:\/\/lasentinelle.dz\/#\/schema\/logo\/image\/","url":"https:\/\/lasentinelle.dz\/wp-content\/uploads\/2021\/09\/logo-sentinelleSLOGAN-1.png","contentUrl":"https:\/\/lasentinelle.dz\/wp-content\/uploads\/2021\/09\/logo-sentinelleSLOGAN-1.png","width":615,"height":142,"caption":"Quotidien La Sentinelle"},"image":{"@id":"https:\/\/lasentinelle.dz\/#\/schema\/logo\/image\/"},"sameAs":["https:\/\/www.facebook.com\/La-Sentinelle-104059864394773"]},{"@type":"Person","@id":"https:\/\/lasentinelle.dz\/#\/schema\/person\/d865044e22e70a75174ce8bcad3acfb3","name":"La Sentinelle","image":{"@type":"ImageObject","inLanguage":"fr-FR","@id":"https:\/\/secure.gravatar.com\/avatar\/57de8e5d4b15d43fb361a71fbb36338450fe67865b528a43dd10ef7c51a20392?s=96&d=mm&r=g","url":"https:\/\/secure.gravatar.com\/avatar\/57de8e5d4b15d43fb361a71fbb36338450fe67865b528a43dd10ef7c51a20392?s=96&d=mm&r=g","contentUrl":"https:\/\/secure.gravatar.com\/avatar\/57de8e5d4b15d43fb361a71fbb36338450fe67865b528a43dd10ef7c51a20392?s=96&d=mm&r=g","caption":"La Sentinelle"},"sameAs":["http:\/\/www.lasentinelle.dz"],"url":"https:\/\/lasentinelle.dz\/author\/redaction\/"}]}},"_links":{"self":[{"href":"https:\/\/lasentinelle.dz\/index.php\/wp-json\/wp\/v2\/posts\/47615","targetHints":{"allow":["GET"]}}],"collection":[{"href":"https:\/\/lasentinelle.dz\/index.php\/wp-json\/wp\/v2\/posts"}],"about":[{"href":"https:\/\/lasentinelle.dz\/index.php\/wp-json\/wp\/v2\/types\/post"}],"author":[{"embeddable":true,"href":"https:\/\/lasentinelle.dz\/index.php\/wp-json\/wp\/v2\/users\/3"}],"replies":[{"embeddable":true,"href":"https:\/\/lasentinelle.dz\/index.php\/wp-json\/wp\/v2\/comments?post=47615"}],"version-history":[{"count":1,"href":"https:\/\/lasentinelle.dz\/index.php\/wp-json\/wp\/v2\/posts\/47615\/revisions"}],"predecessor-version":[{"id":47617,"href":"https:\/\/lasentinelle.dz\/index.php\/wp-json\/wp\/v2\/posts\/47615\/revisions\/47617"}],"wp:featuredmedia":[{"embeddable":true,"href":"https:\/\/lasentinelle.dz\/index.php\/wp-json\/wp\/v2\/media\/47616"}],"wp:attachment":[{"href":"https:\/\/lasentinelle.dz\/index.php\/wp-json\/wp\/v2\/media?parent=47615"}],"wp:term":[{"taxonomy":"category","embeddable":true,"href":"https:\/\/lasentinelle.dz\/index.php\/wp-json\/wp\/v2\/categories?post=47615"},{"taxonomy":"post_tag","embeddable":true,"href":"https:\/\/lasentinelle.dz\/index.php\/wp-json\/wp\/v2\/tags?post=47615"}],"curies":[{"name":"wp","href":"https:\/\/api.w.org\/{rel}","templated":true}]}}