{"id":47735,"date":"2023-12-05T20:31:00","date_gmt":"2023-12-05T19:31:00","guid":{"rendered":"https:\/\/lasentinelle.dz\/?p=47735"},"modified":"2023-12-05T21:32:54","modified_gmt":"2023-12-05T20:32:54","slug":"pension-alimentaire-ce-que-prevoit-le-nouveau-projet-de-loi","status":"publish","type":"post","link":"https:\/\/lasentinelle.dz\/index.php\/2023\/12\/05\/pension-alimentaire-ce-que-prevoit-le-nouveau-projet-de-loi\/","title":{"rendered":"Pension alimentaire\u00a0: Ce que pr\u00e9voit le nouveau projet de loi"},"content":{"rendered":"\n<p>Le projet de loi portant mesures particuli\u00e8res pour l\u2019obtention de la pension alimentaire, d\u00e9cid\u00e9e par la justice aux femmes divorc\u00e9es et aux enfants gard\u00e9s doit garantir ce droit et am\u00e9liorer les proc\u00e9dures de recouvrement de ces pensions. C\u2019est en substance ce qu\u2019a expliqu\u00e9 lundi, le ministre de la Justice et Garde des Sceaux lors d\u2019une audition devant la commission des affaires juridiques, administratives et des libert\u00e9s de l&rsquo;Assembl\u00e9e populaire nationale. Abderrachid Tabi a dans ce sens soulign\u00e9 que \u00ab\u00a0le refus d\u00e9lib\u00e9r\u00e9 de payer la pension alimentaire constitue un crime puni par la loi\u00a0\u00bb, explique que le nouveau texte a pour objectif de&nbsp; \u00ab\u00a0r\u00e9viser le cadre juridique r\u00e9gissant l&rsquo;intervention de l\u2019Etat en mati\u00e8re de pension alimentaire, qui constitue un engagement fondamental assum\u00e9 par l&rsquo;\u00e9poux envers la femme divorc\u00e9e et les enfants gard\u00e9s suite \u00e0 la dissolution des liens conjugaux\u00a0\u00bb. Il a dans ce sens explicit\u00e9 les trois grands axes de ce projet de loi. Le ministre pr\u00e9cise ainsi que le premier axe porte sur le champ d&rsquo;application et stipule que les b\u00e9n\u00e9ficiaires des redevances financi\u00e8res sont l&rsquo;enfant gard\u00e9 ayant b\u00e9n\u00e9fici\u00e9 d&rsquo;une pension alimentaire en vertu d&rsquo;une ordonnance judiciaire, y compris pour la pension alimentaire provisoire en cas de requ\u00eate de divorce, et la femme divorc\u00e9e qui a b\u00e9n\u00e9fici\u00e9 de jugement lui octroyant une pension alimentaire. Le deuxi\u00e8me axe porte sur le Fonds de la pension alimentaire. Cet axe stipule que l&rsquo;Etat prend en charge les redevances financi\u00e8res pr\u00e9vues dans ses dispositions \u00e0 travers un fonds de pension alimentaire, g\u00e9r\u00e9 par le ministre de la Justice, Garde des Sceaux, via les secr\u00e9taires g\u00e9n\u00e9raux des Cours, tout en r\u00e9glementant l&rsquo;acc\u00e8s aux redevances financi\u00e8res du fonds par des conditions et proc\u00e9dures pr\u00e9cises qui garantissent \u00e0 l&rsquo;Etat, repr\u00e9sent\u00e9 par le minist\u00e8re de la Justice, la transparence dans la gestion des deniers du fonds conform\u00e9ment \u00e0 des m\u00e9canismes sp\u00e9ciaux de recouvrement des redevances pay\u00e9es, garantissant aux enfants et aux femmes divorc\u00e9es l&rsquo;obtention de la pension alimentaire accord\u00e9e par la justice conform\u00e9ment \u00e0 des conditions et des proc\u00e9dures simples. Concernant le troisi\u00e8me axe, le ministre a indiqu\u00e9 qu&rsquo;il concernait la gestion du Fonds de la pension alimentaire au niveau local \u00e0 travers l&rsquo;\u00e9tablissement de m\u00e9canismes juridiques sp\u00e9ciaux en vue de coordonner entre les parties de paiement et de recouvrement des redevances financi\u00e8res, en attribuant le pouvoir d&rsquo;ordonner le paiement de dettes financi\u00e8res du cr\u00e9ancier au titre de la pension alimentaire, au secr\u00e9taire g\u00e9n\u00e9ral au niveau des cours de justice en sa qualit\u00e9 d&rsquo;ordonnateur secondaire. Ce projet oblige le secr\u00e9taire g\u00e9n\u00e9ral au niveau de la cour de justice de mettre \u00e0 la disposition du tr\u00e9sorier de la wilaya toutes les informations pouvant faciliter le recouvrement des cr\u00e9ances financi\u00e8res tout en obligeant le tr\u00e9sorier \u00e0 payer les cr\u00e9ances sur la base d&rsquo;un virement de paiement \u00e9mis par le secr\u00e9taire g\u00e9n\u00e9ral au niveau de la cour dans un d\u00e9lai de dix jours \u00e0 compter de la date de sa r\u00e9ception, a-t-il ajout\u00e9. Dans le m\u00eame contexte, M. Tabi a soulign\u00e9 que le tr\u00e9sorier de la wilaya \u00a0\u00bb transmettra le relev\u00e9 contenant la liste nominative des d\u00e9biteurs \u00e0 l&rsquo;agence judiciaire du tr\u00e9sor pour se constituer partie civile devant les juridictions dans les cas de non paiement de la pension alimentaire dans lesquels le cr\u00e9ancier obtient des redevances financi\u00e8res au moyen d&rsquo;une pension alimentaire conform\u00e9ment aux dispositions de ce projet de loi\u00a0\u00bb.<\/p>\n\n\n\n<p>R.N.<\/p>\n","protected":false},"excerpt":{"rendered":"<p>Le projet de loi portant mesures particuli\u00e8res pour l\u2019obtention de la pension alimentaire, d\u00e9cid\u00e9e par la justice aux femmes divorc\u00e9es<\/p>\n","protected":false},"author":3,"featured_media":41839,"comment_status":"open","ping_status":"closed","sticky":false,"template":"","format":"standard","meta":{"colormag_page_container_layout":"default_layout","colormag_page_sidebar_layout":"default_layout","om_disable_all_campaigns":false,"_monsterinsights_skip_tracking":false,"_monsterinsights_sitenote_active":false,"_monsterinsights_sitenote_note":"","_monsterinsights_sitenote_category":0,"footnotes":"","_wpscppro_dont_share_socialmedia":false,"_wpscppro_custom_social_share_image":0,"_facebook_share_type":"","_twitter_share_type":"","_linkedin_share_type":"","_pinterest_share_type":"","_linkedin_share_type_page":"","_instagram_share_type":"","_medium_share_type":"","_threads_share_type":"","_google_business_share_type":"","_selected_social_profile":[],"_wpsp_enable_custom_social_template":false,"_wpsp_social_scheduling":{"enabled":false,"datetime":null,"platforms":[],"status":"template_only","dateOption":"today","timeOption":"now","customDays":"","customHours":"","customDate":"","customTime":"","schedulingType":"absolute"},"_wpsp_active_default_template":true},"categories":[27],"tags":[],"class_list":["post-47735","post","type-post","status-publish","format-standard","has-post-thumbnail","hentry","category-actualite"],"aioseo_notices":[],"yoast_head":"<!-- This site is optimized with the Yoast SEO plugin v27.5 - https:\/\/yoast.com\/product\/yoast-seo-wordpress\/ -->\n<title>Pension alimentaire\u00a0: Ce que pr\u00e9voit le nouveau projet de loi - La Sentinelle<\/title>\n<meta name=\"robots\" content=\"index, follow, max-snippet:-1, max-image-preview:large, max-video-preview:-1\" \/>\n<link rel=\"canonical\" href=\"https:\/\/lasentinelle.dz\/index.php\/2023\/12\/05\/pension-alimentaire-ce-que-prevoit-le-nouveau-projet-de-loi\/\" \/>\n<meta property=\"og:locale\" content=\"fr_FR\" \/>\n<meta property=\"og:type\" content=\"article\" \/>\n<meta property=\"og:title\" content=\"Pension alimentaire\u00a0: Ce que pr\u00e9voit le nouveau projet de loi - La Sentinelle\" \/>\n<meta property=\"og:description\" content=\"Le projet de loi portant mesures particuli\u00e8res pour l\u2019obtention de la pension alimentaire, d\u00e9cid\u00e9e par la justice aux femmes divorc\u00e9es\" \/>\n<meta property=\"og:url\" content=\"https:\/\/lasentinelle.dz\/index.php\/2023\/12\/05\/pension-alimentaire-ce-que-prevoit-le-nouveau-projet-de-loi\/\" \/>\n<meta property=\"og:site_name\" content=\"La Sentinelle\" \/>\n<meta property=\"article:publisher\" content=\"https:\/\/www.facebook.com\/La-Sentinelle-104059864394773\" \/>\n<meta property=\"article:published_time\" content=\"2023-12-05T19:31:00+00:00\" \/>\n<meta property=\"article:modified_time\" content=\"2023-12-05T20:32:54+00:00\" \/>\n<meta property=\"og:image\" content=\"https:\/\/lasentinelle.dz\/wp-content\/uploads\/2023\/05\/Tabi.png\" \/>\n\t<meta property=\"og:image:width\" content=\"1427\" \/>\n\t<meta property=\"og:image:height\" content=\"900\" \/>\n\t<meta property=\"og:image:type\" content=\"image\/png\" \/>\n<meta name=\"author\" content=\"La Sentinelle\" \/>\n<meta name=\"twitter:card\" content=\"summary_large_image\" \/>\n<meta name=\"twitter:label1\" content=\"\u00c9crit par\" \/>\n\t<meta name=\"twitter:data1\" content=\"La Sentinelle\" \/>\n\t<meta name=\"twitter:label2\" content=\"Dur\u00e9e de lecture estim\u00e9e\" \/>\n\t<meta name=\"twitter:data2\" content=\"3 minutes\" \/>\n<script type=\"application\/ld+json\" class=\"yoast-schema-graph\">{\"@context\":\"https:\\\/\\\/schema.org\",\"@graph\":[{\"@type\":\"Article\",\"@id\":\"https:\\\/\\\/lasentinelle.dz\\\/index.php\\\/2023\\\/12\\\/05\\\/pension-alimentaire-ce-que-prevoit-le-nouveau-projet-de-loi\\\/#article\",\"isPartOf\":{\"@id\":\"https:\\\/\\\/lasentinelle.dz\\\/index.php\\\/2023\\\/12\\\/05\\\/pension-alimentaire-ce-que-prevoit-le-nouveau-projet-de-loi\\\/\"},\"author\":{\"name\":\"La Sentinelle\",\"@id\":\"https:\\\/\\\/lasentinelle.dz\\\/#\\\/schema\\\/person\\\/d865044e22e70a75174ce8bcad3acfb3\"},\"headline\":\"Pension alimentaire\u00a0: Ce que pr\u00e9voit le nouveau projet de loi\",\"datePublished\":\"2023-12-05T19:31:00+00:00\",\"dateModified\":\"2023-12-05T20:32:54+00:00\",\"mainEntityOfPage\":{\"@id\":\"https:\\\/\\\/lasentinelle.dz\\\/index.php\\\/2023\\\/12\\\/05\\\/pension-alimentaire-ce-que-prevoit-le-nouveau-projet-de-loi\\\/\"},\"wordCount\":653,\"commentCount\":0,\"publisher\":{\"@id\":\"https:\\\/\\\/lasentinelle.dz\\\/#organization\"},\"image\":{\"@id\":\"https:\\\/\\\/lasentinelle.dz\\\/index.php\\\/2023\\\/12\\\/05\\\/pension-alimentaire-ce-que-prevoit-le-nouveau-projet-de-loi\\\/#primaryimage\"},\"thumbnailUrl\":\"https:\\\/\\\/lasentinelle.dz\\\/wp-content\\\/uploads\\\/2023\\\/05\\\/Tabi.png\",\"articleSection\":[\"Actualit\u00e9\"],\"inLanguage\":\"fr-FR\",\"potentialAction\":[{\"@type\":\"CommentAction\",\"name\":\"Comment\",\"target\":[\"https:\\\/\\\/lasentinelle.dz\\\/index.php\\\/2023\\\/12\\\/05\\\/pension-alimentaire-ce-que-prevoit-le-nouveau-projet-de-loi\\\/#respond\"]}]},{\"@type\":\"WebPage\",\"@id\":\"https:\\\/\\\/lasentinelle.dz\\\/index.php\\\/2023\\\/12\\\/05\\\/pension-alimentaire-ce-que-prevoit-le-nouveau-projet-de-loi\\\/\",\"url\":\"https:\\\/\\\/lasentinelle.dz\\\/index.php\\\/2023\\\/12\\\/05\\\/pension-alimentaire-ce-que-prevoit-le-nouveau-projet-de-loi\\\/\",\"name\":\"Pension alimentaire\u00a0: Ce que pr\u00e9voit le nouveau projet de loi - La Sentinelle\",\"isPartOf\":{\"@id\":\"https:\\\/\\\/lasentinelle.dz\\\/#website\"},\"primaryImageOfPage\":{\"@id\":\"https:\\\/\\\/lasentinelle.dz\\\/index.php\\\/2023\\\/12\\\/05\\\/pension-alimentaire-ce-que-prevoit-le-nouveau-projet-de-loi\\\/#primaryimage\"},\"image\":{\"@id\":\"https:\\\/\\\/lasentinelle.dz\\\/index.php\\\/2023\\\/12\\\/05\\\/pension-alimentaire-ce-que-prevoit-le-nouveau-projet-de-loi\\\/#primaryimage\"},\"thumbnailUrl\":\"https:\\\/\\\/lasentinelle.dz\\\/wp-content\\\/uploads\\\/2023\\\/05\\\/Tabi.png\",\"datePublished\":\"2023-12-05T19:31:00+00:00\",\"dateModified\":\"2023-12-05T20:32:54+00:00\",\"breadcrumb\":{\"@id\":\"https:\\\/\\\/lasentinelle.dz\\\/index.php\\\/2023\\\/12\\\/05\\\/pension-alimentaire-ce-que-prevoit-le-nouveau-projet-de-loi\\\/#breadcrumb\"},\"inLanguage\":\"fr-FR\",\"potentialAction\":[{\"@type\":\"ReadAction\",\"target\":[\"https:\\\/\\\/lasentinelle.dz\\\/index.php\\\/2023\\\/12\\\/05\\\/pension-alimentaire-ce-que-prevoit-le-nouveau-projet-de-loi\\\/\"]}]},{\"@type\":\"ImageObject\",\"inLanguage\":\"fr-FR\",\"@id\":\"https:\\\/\\\/lasentinelle.dz\\\/index.php\\\/2023\\\/12\\\/05\\\/pension-alimentaire-ce-que-prevoit-le-nouveau-projet-de-loi\\\/#primaryimage\",\"url\":\"https:\\\/\\\/lasentinelle.dz\\\/wp-content\\\/uploads\\\/2023\\\/05\\\/Tabi.png\",\"contentUrl\":\"https:\\\/\\\/lasentinelle.dz\\\/wp-content\\\/uploads\\\/2023\\\/05\\\/Tabi.png\",\"width\":1427,\"height\":900},{\"@type\":\"BreadcrumbList\",\"@id\":\"https:\\\/\\\/lasentinelle.dz\\\/index.php\\\/2023\\\/12\\\/05\\\/pension-alimentaire-ce-que-prevoit-le-nouveau-projet-de-loi\\\/#breadcrumb\",\"itemListElement\":[{\"@type\":\"ListItem\",\"position\":1,\"name\":\"Accueil\",\"item\":\"https:\\\/\\\/lasentinelle.dz\\\/\"},{\"@type\":\"ListItem\",\"position\":2,\"name\":\"Pension alimentaire\u00a0: Ce que pr\u00e9voit le nouveau projet de loi\"}]},{\"@type\":\"WebSite\",\"@id\":\"https:\\\/\\\/lasentinelle.dz\\\/#website\",\"url\":\"https:\\\/\\\/lasentinelle.dz\\\/\",\"name\":\"La Sentinelle\",\"description\":\"Quotidien national d&#039;information\",\"publisher\":{\"@id\":\"https:\\\/\\\/lasentinelle.dz\\\/#organization\"},\"potentialAction\":[{\"@type\":\"SearchAction\",\"target\":{\"@type\":\"EntryPoint\",\"urlTemplate\":\"https:\\\/\\\/lasentinelle.dz\\\/?s={search_term_string}\"},\"query-input\":{\"@type\":\"PropertyValueSpecification\",\"valueRequired\":true,\"valueName\":\"search_term_string\"}}],\"inLanguage\":\"fr-FR\"},{\"@type\":\"Organization\",\"@id\":\"https:\\\/\\\/lasentinelle.dz\\\/#organization\",\"name\":\"Quotidien La Sentinelle\",\"url\":\"https:\\\/\\\/lasentinelle.dz\\\/\",\"logo\":{\"@type\":\"ImageObject\",\"inLanguage\":\"fr-FR\",\"@id\":\"https:\\\/\\\/lasentinelle.dz\\\/#\\\/schema\\\/logo\\\/image\\\/\",\"url\":\"https:\\\/\\\/lasentinelle.dz\\\/wp-content\\\/uploads\\\/2021\\\/09\\\/logo-sentinelleSLOGAN-1.png\",\"contentUrl\":\"https:\\\/\\\/lasentinelle.dz\\\/wp-content\\\/uploads\\\/2021\\\/09\\\/logo-sentinelleSLOGAN-1.png\",\"width\":615,\"height\":142,\"caption\":\"Quotidien La Sentinelle\"},\"image\":{\"@id\":\"https:\\\/\\\/lasentinelle.dz\\\/#\\\/schema\\\/logo\\\/image\\\/\"},\"sameAs\":[\"https:\\\/\\\/www.facebook.com\\\/La-Sentinelle-104059864394773\"]},{\"@type\":\"Person\",\"@id\":\"https:\\\/\\\/lasentinelle.dz\\\/#\\\/schema\\\/person\\\/d865044e22e70a75174ce8bcad3acfb3\",\"name\":\"La Sentinelle\",\"image\":{\"@type\":\"ImageObject\",\"inLanguage\":\"fr-FR\",\"@id\":\"https:\\\/\\\/secure.gravatar.com\\\/avatar\\\/57de8e5d4b15d43fb361a71fbb36338450fe67865b528a43dd10ef7c51a20392?s=96&d=mm&r=g\",\"url\":\"https:\\\/\\\/secure.gravatar.com\\\/avatar\\\/57de8e5d4b15d43fb361a71fbb36338450fe67865b528a43dd10ef7c51a20392?s=96&d=mm&r=g\",\"contentUrl\":\"https:\\\/\\\/secure.gravatar.com\\\/avatar\\\/57de8e5d4b15d43fb361a71fbb36338450fe67865b528a43dd10ef7c51a20392?s=96&d=mm&r=g\",\"caption\":\"La Sentinelle\"},\"sameAs\":[\"http:\\\/\\\/www.lasentinelle.dz\"],\"url\":\"https:\\\/\\\/lasentinelle.dz\\\/author\\\/redaction\\\/\"}]}<\/script>\n<!-- \/ Yoast SEO plugin. -->","yoast_head_json":{"title":"Pension alimentaire\u00a0: Ce que pr\u00e9voit le nouveau projet de loi - La Sentinelle","robots":{"index":"index","follow":"follow","max-snippet":"max-snippet:-1","max-image-preview":"max-image-preview:large","max-video-preview":"max-video-preview:-1"},"canonical":"https:\/\/lasentinelle.dz\/index.php\/2023\/12\/05\/pension-alimentaire-ce-que-prevoit-le-nouveau-projet-de-loi\/","og_locale":"fr_FR","og_type":"article","og_title":"Pension alimentaire\u00a0: Ce que pr\u00e9voit le nouveau projet de loi - La Sentinelle","og_description":"Le projet de loi portant mesures particuli\u00e8res pour l\u2019obtention de la pension alimentaire, d\u00e9cid\u00e9e par la justice aux femmes divorc\u00e9es","og_url":"https:\/\/lasentinelle.dz\/index.php\/2023\/12\/05\/pension-alimentaire-ce-que-prevoit-le-nouveau-projet-de-loi\/","og_site_name":"La Sentinelle","article_publisher":"https:\/\/www.facebook.com\/La-Sentinelle-104059864394773","article_published_time":"2023-12-05T19:31:00+00:00","article_modified_time":"2023-12-05T20:32:54+00:00","og_image":[{"width":1427,"height":900,"url":"https:\/\/lasentinelle.dz\/wp-content\/uploads\/2023\/05\/Tabi.png","type":"image\/png"}],"author":"La Sentinelle","twitter_card":"summary_large_image","twitter_misc":{"\u00c9crit par":"La Sentinelle","Dur\u00e9e de lecture estim\u00e9e":"3 minutes"},"schema":{"@context":"https:\/\/schema.org","@graph":[{"@type":"Article","@id":"https:\/\/lasentinelle.dz\/index.php\/2023\/12\/05\/pension-alimentaire-ce-que-prevoit-le-nouveau-projet-de-loi\/#article","isPartOf":{"@id":"https:\/\/lasentinelle.dz\/index.php\/2023\/12\/05\/pension-alimentaire-ce-que-prevoit-le-nouveau-projet-de-loi\/"},"author":{"name":"La Sentinelle","@id":"https:\/\/lasentinelle.dz\/#\/schema\/person\/d865044e22e70a75174ce8bcad3acfb3"},"headline":"Pension alimentaire\u00a0: Ce que pr\u00e9voit le nouveau projet de loi","datePublished":"2023-12-05T19:31:00+00:00","dateModified":"2023-12-05T20:32:54+00:00","mainEntityOfPage":{"@id":"https:\/\/lasentinelle.dz\/index.php\/2023\/12\/05\/pension-alimentaire-ce-que-prevoit-le-nouveau-projet-de-loi\/"},"wordCount":653,"commentCount":0,"publisher":{"@id":"https:\/\/lasentinelle.dz\/#organization"},"image":{"@id":"https:\/\/lasentinelle.dz\/index.php\/2023\/12\/05\/pension-alimentaire-ce-que-prevoit-le-nouveau-projet-de-loi\/#primaryimage"},"thumbnailUrl":"https:\/\/lasentinelle.dz\/wp-content\/uploads\/2023\/05\/Tabi.png","articleSection":["Actualit\u00e9"],"inLanguage":"fr-FR","potentialAction":[{"@type":"CommentAction","name":"Comment","target":["https:\/\/lasentinelle.dz\/index.php\/2023\/12\/05\/pension-alimentaire-ce-que-prevoit-le-nouveau-projet-de-loi\/#respond"]}]},{"@type":"WebPage","@id":"https:\/\/lasentinelle.dz\/index.php\/2023\/12\/05\/pension-alimentaire-ce-que-prevoit-le-nouveau-projet-de-loi\/","url":"https:\/\/lasentinelle.dz\/index.php\/2023\/12\/05\/pension-alimentaire-ce-que-prevoit-le-nouveau-projet-de-loi\/","name":"Pension alimentaire\u00a0: Ce que pr\u00e9voit le nouveau projet de loi - La Sentinelle","isPartOf":{"@id":"https:\/\/lasentinelle.dz\/#website"},"primaryImageOfPage":{"@id":"https:\/\/lasentinelle.dz\/index.php\/2023\/12\/05\/pension-alimentaire-ce-que-prevoit-le-nouveau-projet-de-loi\/#primaryimage"},"image":{"@id":"https:\/\/lasentinelle.dz\/index.php\/2023\/12\/05\/pension-alimentaire-ce-que-prevoit-le-nouveau-projet-de-loi\/#primaryimage"},"thumbnailUrl":"https:\/\/lasentinelle.dz\/wp-content\/uploads\/2023\/05\/Tabi.png","datePublished":"2023-12-05T19:31:00+00:00","dateModified":"2023-12-05T20:32:54+00:00","breadcrumb":{"@id":"https:\/\/lasentinelle.dz\/index.php\/2023\/12\/05\/pension-alimentaire-ce-que-prevoit-le-nouveau-projet-de-loi\/#breadcrumb"},"inLanguage":"fr-FR","potentialAction":[{"@type":"ReadAction","target":["https:\/\/lasentinelle.dz\/index.php\/2023\/12\/05\/pension-alimentaire-ce-que-prevoit-le-nouveau-projet-de-loi\/"]}]},{"@type":"ImageObject","inLanguage":"fr-FR","@id":"https:\/\/lasentinelle.dz\/index.php\/2023\/12\/05\/pension-alimentaire-ce-que-prevoit-le-nouveau-projet-de-loi\/#primaryimage","url":"https:\/\/lasentinelle.dz\/wp-content\/uploads\/2023\/05\/Tabi.png","contentUrl":"https:\/\/lasentinelle.dz\/wp-content\/uploads\/2023\/05\/Tabi.png","width":1427,"height":900},{"@type":"BreadcrumbList","@id":"https:\/\/lasentinelle.dz\/index.php\/2023\/12\/05\/pension-alimentaire-ce-que-prevoit-le-nouveau-projet-de-loi\/#breadcrumb","itemListElement":[{"@type":"ListItem","position":1,"name":"Accueil","item":"https:\/\/lasentinelle.dz\/"},{"@type":"ListItem","position":2,"name":"Pension alimentaire\u00a0: Ce que pr\u00e9voit le nouveau projet de loi"}]},{"@type":"WebSite","@id":"https:\/\/lasentinelle.dz\/#website","url":"https:\/\/lasentinelle.dz\/","name":"La Sentinelle","description":"Quotidien national d&#039;information","publisher":{"@id":"https:\/\/lasentinelle.dz\/#organization"},"potentialAction":[{"@type":"SearchAction","target":{"@type":"EntryPoint","urlTemplate":"https:\/\/lasentinelle.dz\/?s={search_term_string}"},"query-input":{"@type":"PropertyValueSpecification","valueRequired":true,"valueName":"search_term_string"}}],"inLanguage":"fr-FR"},{"@type":"Organization","@id":"https:\/\/lasentinelle.dz\/#organization","name":"Quotidien La Sentinelle","url":"https:\/\/lasentinelle.dz\/","logo":{"@type":"ImageObject","inLanguage":"fr-FR","@id":"https:\/\/lasentinelle.dz\/#\/schema\/logo\/image\/","url":"https:\/\/lasentinelle.dz\/wp-content\/uploads\/2021\/09\/logo-sentinelleSLOGAN-1.png","contentUrl":"https:\/\/lasentinelle.dz\/wp-content\/uploads\/2021\/09\/logo-sentinelleSLOGAN-1.png","width":615,"height":142,"caption":"Quotidien La Sentinelle"},"image":{"@id":"https:\/\/lasentinelle.dz\/#\/schema\/logo\/image\/"},"sameAs":["https:\/\/www.facebook.com\/La-Sentinelle-104059864394773"]},{"@type":"Person","@id":"https:\/\/lasentinelle.dz\/#\/schema\/person\/d865044e22e70a75174ce8bcad3acfb3","name":"La Sentinelle","image":{"@type":"ImageObject","inLanguage":"fr-FR","@id":"https:\/\/secure.gravatar.com\/avatar\/57de8e5d4b15d43fb361a71fbb36338450fe67865b528a43dd10ef7c51a20392?s=96&d=mm&r=g","url":"https:\/\/secure.gravatar.com\/avatar\/57de8e5d4b15d43fb361a71fbb36338450fe67865b528a43dd10ef7c51a20392?s=96&d=mm&r=g","contentUrl":"https:\/\/secure.gravatar.com\/avatar\/57de8e5d4b15d43fb361a71fbb36338450fe67865b528a43dd10ef7c51a20392?s=96&d=mm&r=g","caption":"La Sentinelle"},"sameAs":["http:\/\/www.lasentinelle.dz"],"url":"https:\/\/lasentinelle.dz\/author\/redaction\/"}]}},"_links":{"self":[{"href":"https:\/\/lasentinelle.dz\/index.php\/wp-json\/wp\/v2\/posts\/47735","targetHints":{"allow":["GET"]}}],"collection":[{"href":"https:\/\/lasentinelle.dz\/index.php\/wp-json\/wp\/v2\/posts"}],"about":[{"href":"https:\/\/lasentinelle.dz\/index.php\/wp-json\/wp\/v2\/types\/post"}],"author":[{"embeddable":true,"href":"https:\/\/lasentinelle.dz\/index.php\/wp-json\/wp\/v2\/users\/3"}],"replies":[{"embeddable":true,"href":"https:\/\/lasentinelle.dz\/index.php\/wp-json\/wp\/v2\/comments?post=47735"}],"version-history":[{"count":1,"href":"https:\/\/lasentinelle.dz\/index.php\/wp-json\/wp\/v2\/posts\/47735\/revisions"}],"predecessor-version":[{"id":47736,"href":"https:\/\/lasentinelle.dz\/index.php\/wp-json\/wp\/v2\/posts\/47735\/revisions\/47736"}],"wp:featuredmedia":[{"embeddable":true,"href":"https:\/\/lasentinelle.dz\/index.php\/wp-json\/wp\/v2\/media\/41839"}],"wp:attachment":[{"href":"https:\/\/lasentinelle.dz\/index.php\/wp-json\/wp\/v2\/media?parent=47735"}],"wp:term":[{"taxonomy":"category","embeddable":true,"href":"https:\/\/lasentinelle.dz\/index.php\/wp-json\/wp\/v2\/categories?post=47735"},{"taxonomy":"post_tag","embeddable":true,"href":"https:\/\/lasentinelle.dz\/index.php\/wp-json\/wp\/v2\/tags?post=47735"}],"curies":[{"name":"wp","href":"https:\/\/api.w.org\/{rel}","templated":true}]}}