{"id":47779,"date":"2023-12-07T14:06:18","date_gmt":"2023-12-07T13:06:18","guid":{"rendered":"https:\/\/lasentinelle.dz\/?p=47779"},"modified":"2023-12-07T14:06:47","modified_gmt":"2023-12-07T13:06:47","slug":"les-influents-relais-du-maroc-en-belgique-une-enquete-qui-met-a-nu-la-politique-de-corruption-du-makhzen","status":"publish","type":"post","link":"https:\/\/lasentinelle.dz\/index.php\/2023\/12\/07\/les-influents-relais-du-maroc-en-belgique-une-enquete-qui-met-a-nu-la-politique-de-corruption-du-makhzen\/","title":{"rendered":"\u00ab Les influents relais du Maroc en Belgique \u00bb\u00a0: Une enqu\u00eate qui met \u00e0 nu la politique de corruption du Makhzen"},"content":{"rendered":"\n<p>\u00ab Les Marocains ont tendance \u00e0 acheter les gens \u00bb. Cette d\u00e9claration r\u00e9sume bien l\u2019enqu\u00eate que la cha\u00eene belge RTBF va diffuser mercredi soir et qui met \u00e0 nu la politique de corruption adopt\u00e9e par le Makhzen aupr\u00e8s des \u00e9lus locaux ou dans les institutions internationales. Intitul\u00e9e \u00ab Les influents relais du Maroc en Belgique \u00bb, l\u2019enqu\u00eate de la Radio-t\u00e9l\u00e9vision belge de la Communaut\u00e9 fran\u00e7aise (RTBF) trace les pratiques du Makhzen et le parcours de certains de ses relais dans le pays. L\u2019enqu\u00eate \u2013tr\u00e8s document\u00e9e et pouss\u00e9e\u2013 s\u2019est focalis\u00e9e sur l\u2019analyse des prises de position et de d\u00e9clarations de plusieurs mandataires politiques belges sur le dossier du Sahara occidental, dont la d\u00e9put\u00e9e r\u00e9gionale bruxelloise Latifa A\u00eft-Baala et le d\u00e9put\u00e9 f\u00e9d\u00e9ral Hugues Bayet. D\u2019apr\u00e8s le m\u00e9dia belge, Latifa A\u00eft-Baala (d\u00e9put\u00e9e depuis 2019) qui a produit et r\u00e9alis\u00e9 plusieurs films sur l\u2019histoire du Sahara occidental et sur le Front Polisario, \u00e9tait financ\u00e9e par les autorit\u00e9s marocaines pour distiller sa propagande abjecte. \u00ab Dans un document disponible sur le site du CCME (Conseil de la communaut\u00e9 marocaine \u00e0 l\u2019\u00e9tranger), on apprend que son association appel\u00e9e Freemedia a re\u00e7u 165.000 dirhams, l\u2019\u00e9quivalent de 15.000 euros, en 2010-2011. Une aide financi\u00e8re qui, selon nos informations, proviendrait du minist\u00e8re des Marocains r\u00e9sidents \u00e0 l\u2019\u00e9tranger \u00bb, note le m\u00e9dia dans un article d\u2019annonce de la diffusion de l\u2019enqu\u00eate. Les documentaires r\u00e9alis\u00e9s par la d\u00e9put\u00e9e r\u00e9gionale belge ont \u00e9t\u00e9 diffus\u00e9s dans des lieux de pouvoir, comme le Parlement europ\u00e9en et le Parlement f\u00e9d\u00e9ral, rappelle la RTBF. Soumis \u00e0 une sp\u00e9cialiste de l\u2019analyse du contenu m\u00e9diatique, Marjorie Beulay, ma\u00eetresse de conf\u00e9rences en droit international \u00e0 l\u2019Universit\u00e9 de Picardie Jules-Vernes (Amiens, France), le contenu tendancieux des films a \u00e9t\u00e9 jug\u00e9 sans appel comme une \u00ab op\u00e9ration de propagande qui tente de traiter l\u2019annexion du Sahara occidental par le Maroc ou relie le Front Polisario \u00e0 des mouvements terroristes \u00bb. \u00ab Juridiquement parlant, certaines informations pr\u00e9sent\u00e9es sont fausses et manipul\u00e9es. On distord le droit. On ment. Dans ces films, les voix dissidentes sont toutes pr\u00e9sent\u00e9es comme de la propagande. Cela donne l\u2019impression que ce qui est dit est la seule r\u00e9alit\u00e9 acceptable. Ce qui fait de ces documentaires de la propagande \u00bb, juge la sp\u00e9cialiste.<\/p>\n\n\n\n<p><strong>Les agissements suspects de l\u2019ambassadeur du Maroc<\/strong><\/p>\n\n\n\n<p>L\u2019autre profil analys\u00e9 est celui du socialiste Hugues Bayet, d\u00e9put\u00e9 f\u00e9d\u00e9ral, maire de Farciennes, dans la Hainaut (Belgique) et eurod\u00e9put\u00e9 entre 2014 et 2019. Il a \u00e9t\u00e9 inculp\u00e9 sans jamais \u00eatre inqui\u00e9t\u00e9 dans le scandale de corruption au Parlement europ\u00e9en pour avoir, selon le m\u00e9dia belge, collabor\u00e9 avec Pier Antonio Panzeri, le principal protagoniste dans des dossiers li\u00e9s au Maroc. Hugues Bayet a lanc\u00e9 en mai 2022 ce qu\u2019il appelle le \u00ab Comit\u00e9 belge pour le soutien au (funeste) plan marocain d\u2019+autonomie+ du Sahara (COBESA) \u00bb, la RTBF notant que le mot \u00ab occidental \u00bb a \u00e9t\u00e9 occult\u00e9. Un comit\u00e9 dont la c\u00e9r\u00e9monie de cr\u00e9ation a \u00e9t\u00e9 prise en charge par l\u2019ambassade du Maroc en Belgique. \u00ab La demande de disponibilit\u00e9 de la salle a \u00e9t\u00e9 introduite (\u2026) par le chef de bureau de la MAP, l\u2019Agence marocaine de presse. C\u2019est l\u2019ambassade du Maroc qui a confirm\u00e9 la location de la salle (\u2026) L\u2019ambassadeur est pass\u00e9 bri\u00e8vement voir la salle quelques jours avant. Il a pay\u00e9 la facture d\u2019un montant total de 620 euros \u00bb, r\u00e9v\u00e8le l\u2019enqu\u00eate. Cette derni\u00e8re s\u2019est ensuite pench\u00e9e sur les d\u00e9clarations d\u2019Hugues Bayet dans les m\u00e9dias marocains, en insistant sur celles faites en 2020 o\u00f9 il vante la politique du Makhzen au Sahara occidental en reprenant \u00ab \u00e0 son compte des passages entiers d\u2019articles issus de m\u00e9dias marocains. Des articles \u00e9crits avant cette d\u00e9claration. Il r\u00e9cite aussi plusieurs parties du discours du roi Mohamed VI, prononc\u00e9 en 2014 \u00bb, lors de la c\u00e9l\u00e9bration de l\u2019invasion du Sahara occidental. Plus grave, le 20 octobre 2022, l\u2019\u00e9lu prend position en faveur du funeste \u00ab plan d\u2019autonomie \u00bb marocain, au nom de son parti \u00e0 la Chambre des repr\u00e9sentants, en demandant \u00ab au gouvernement (belge) de se positionner \u00bb sur cette option. Pour l\u2019ancien s\u00e9nateur belge Pierre Galand, \u00ab le Parti socialiste n\u2019a jamais pris cette position en tant que parti. Bayet a dit que c\u2019\u00e9tait la position des Socialistes. Il l\u2019a pris pour lui. Mais je peux vous dire qu\u2019\u00e0 l\u2019int\u00e9rieur du Parti socialiste, il y a une commission internationale qui s\u2019aligne sur la position des Nations unies. C\u2019est celle d\u2019une n\u00e9gociation pour aboutir \u00e0 une paix respectueuse des droits des Sahraouis \u00bb. Et d\u2019ajouter : \u00ab Je ne connais pas son histoire (Hugues Bayet, NDLR). Je ne sais pas pourquoi il s\u2019est mis tout d\u2019un coup \u00e0 cr\u00e9er ce comit\u00e9. Je peux simplement vous dire que les Marocains ont tendance \u00e0 acheter les gens. C\u2019est tout. Ils payent. Par le pass\u00e9, je me suis retrouv\u00e9 face \u00e0 une personne se disant journaliste marocain. Il m\u2019a approch\u00e9 \u00e0 plusieurs reprises. Un jour, il m\u2019a dit qu\u2019il \u00e9tait l\u00e0 pour apporter un message de son gouvernement. Il voulait que je me taise. Je l\u2019ai mis \u00e0 la porte et je ne l\u2019ai plus jamais revu. C\u2019\u00e9tait un envoy\u00e9 du gouvernement marocain. Le Maroc fait \u00e7a depuis des ann\u00e9es \u00bb.<\/p>\n","protected":false},"excerpt":{"rendered":"<p>\u00ab Les Marocains ont tendance \u00e0 acheter les gens \u00bb. Cette d\u00e9claration r\u00e9sume bien l\u2019enqu\u00eate que la cha\u00eene belge RTBF<\/p>\n","protected":false},"author":3,"featured_media":47780,"comment_status":"open","ping_status":"closed","sticky":false,"template":"","format":"standard","meta":{"colormag_page_container_layout":"default_layout","colormag_page_sidebar_layout":"default_layout","om_disable_all_campaigns":false,"_monsterinsights_skip_tracking":false,"_monsterinsights_sitenote_active":false,"_monsterinsights_sitenote_note":"","_monsterinsights_sitenote_category":0,"footnotes":"","_wpscppro_dont_share_socialmedia":false,"_wpscppro_custom_social_share_image":0,"_facebook_share_type":"","_twitter_share_type":"","_linkedin_share_type":"","_pinterest_share_type":"","_linkedin_share_type_page":"","_instagram_share_type":"","_medium_share_type":"","_threads_share_type":"","_google_business_share_type":"","_selected_social_profile":[],"_wpsp_enable_custom_social_template":false,"_wpsp_social_scheduling":{"enabled":false,"datetime":null,"platforms":[],"status":"template_only","dateOption":"today","timeOption":"now","customDays":"","customHours":"","customDate":"","customTime":"","schedulingType":"absolute"},"_wpsp_active_default_template":true},"categories":[52,37],"tags":[],"class_list":["post-47779","post","type-post","status-publish","format-standard","has-post-thumbnail","hentry","category-a-la-une","category-monde"],"aioseo_notices":[],"yoast_head":"<!-- This site is optimized with the Yoast SEO plugin v27.5 - https:\/\/yoast.com\/product\/yoast-seo-wordpress\/ -->\n<title>\u00ab Les influents relais du Maroc en Belgique \u00bb\u00a0: Une enqu\u00eate qui met \u00e0 nu la politique de corruption du Makhzen - La Sentinelle<\/title>\n<meta name=\"robots\" content=\"index, follow, max-snippet:-1, max-image-preview:large, max-video-preview:-1\" \/>\n<link rel=\"canonical\" href=\"https:\/\/lasentinelle.dz\/index.php\/2023\/12\/07\/les-influents-relais-du-maroc-en-belgique-une-enquete-qui-met-a-nu-la-politique-de-corruption-du-makhzen\/\" \/>\n<meta property=\"og:locale\" content=\"fr_FR\" \/>\n<meta property=\"og:type\" content=\"article\" \/>\n<meta property=\"og:title\" content=\"\u00ab Les influents relais du Maroc en Belgique \u00bb\u00a0: Une enqu\u00eate qui met \u00e0 nu la politique de corruption du Makhzen - La Sentinelle\" \/>\n<meta property=\"og:description\" content=\"\u00ab Les Marocains ont tendance \u00e0 acheter les gens \u00bb. Cette d\u00e9claration r\u00e9sume bien l\u2019enqu\u00eate que la cha\u00eene belge RTBF\" \/>\n<meta property=\"og:url\" content=\"https:\/\/lasentinelle.dz\/index.php\/2023\/12\/07\/les-influents-relais-du-maroc-en-belgique-une-enquete-qui-met-a-nu-la-politique-de-corruption-du-makhzen\/\" \/>\n<meta property=\"og:site_name\" content=\"La Sentinelle\" \/>\n<meta property=\"article:publisher\" content=\"https:\/\/www.facebook.com\/La-Sentinelle-104059864394773\" \/>\n<meta property=\"article:published_time\" content=\"2023-12-07T13:06:18+00:00\" \/>\n<meta property=\"article:modified_time\" content=\"2023-12-07T13:06:47+00:00\" \/>\n<meta property=\"og:image\" content=\"https:\/\/lasentinelle.dz\/wp-content\/uploads\/2023\/12\/rtbf.jpeg\" \/>\n\t<meta property=\"og:image:width\" content=\"680\" \/>\n\t<meta property=\"og:image:height\" content=\"383\" \/>\n\t<meta property=\"og:image:type\" content=\"image\/jpeg\" \/>\n<meta name=\"author\" content=\"La Sentinelle\" \/>\n<meta name=\"twitter:card\" content=\"summary_large_image\" \/>\n<meta name=\"twitter:label1\" content=\"\u00c9crit par\" \/>\n\t<meta name=\"twitter:data1\" content=\"La Sentinelle\" \/>\n\t<meta name=\"twitter:label2\" content=\"Dur\u00e9e de lecture estim\u00e9e\" \/>\n\t<meta name=\"twitter:data2\" content=\"5 minutes\" \/>\n<script type=\"application\/ld+json\" class=\"yoast-schema-graph\">{\"@context\":\"https:\\\/\\\/schema.org\",\"@graph\":[{\"@type\":\"Article\",\"@id\":\"https:\\\/\\\/lasentinelle.dz\\\/index.php\\\/2023\\\/12\\\/07\\\/les-influents-relais-du-maroc-en-belgique-une-enquete-qui-met-a-nu-la-politique-de-corruption-du-makhzen\\\/#article\",\"isPartOf\":{\"@id\":\"https:\\\/\\\/lasentinelle.dz\\\/index.php\\\/2023\\\/12\\\/07\\\/les-influents-relais-du-maroc-en-belgique-une-enquete-qui-met-a-nu-la-politique-de-corruption-du-makhzen\\\/\"},\"author\":{\"name\":\"La Sentinelle\",\"@id\":\"https:\\\/\\\/lasentinelle.dz\\\/#\\\/schema\\\/person\\\/d865044e22e70a75174ce8bcad3acfb3\"},\"headline\":\"\u00ab Les influents relais du Maroc en Belgique \u00bb\u00a0: Une enqu\u00eate qui met \u00e0 nu la politique de corruption du Makhzen\",\"datePublished\":\"2023-12-07T13:06:18+00:00\",\"dateModified\":\"2023-12-07T13:06:47+00:00\",\"mainEntityOfPage\":{\"@id\":\"https:\\\/\\\/lasentinelle.dz\\\/index.php\\\/2023\\\/12\\\/07\\\/les-influents-relais-du-maroc-en-belgique-une-enquete-qui-met-a-nu-la-politique-de-corruption-du-makhzen\\\/\"},\"wordCount\":956,\"commentCount\":0,\"publisher\":{\"@id\":\"https:\\\/\\\/lasentinelle.dz\\\/#organization\"},\"image\":{\"@id\":\"https:\\\/\\\/lasentinelle.dz\\\/index.php\\\/2023\\\/12\\\/07\\\/les-influents-relais-du-maroc-en-belgique-une-enquete-qui-met-a-nu-la-politique-de-corruption-du-makhzen\\\/#primaryimage\"},\"thumbnailUrl\":\"https:\\\/\\\/lasentinelle.dz\\\/wp-content\\\/uploads\\\/2023\\\/12\\\/rtbf.jpeg\",\"articleSection\":[\"\u00c0 la Une\",\"Monde\"],\"inLanguage\":\"fr-FR\",\"potentialAction\":[{\"@type\":\"CommentAction\",\"name\":\"Comment\",\"target\":[\"https:\\\/\\\/lasentinelle.dz\\\/index.php\\\/2023\\\/12\\\/07\\\/les-influents-relais-du-maroc-en-belgique-une-enquete-qui-met-a-nu-la-politique-de-corruption-du-makhzen\\\/#respond\"]}]},{\"@type\":\"WebPage\",\"@id\":\"https:\\\/\\\/lasentinelle.dz\\\/index.php\\\/2023\\\/12\\\/07\\\/les-influents-relais-du-maroc-en-belgique-une-enquete-qui-met-a-nu-la-politique-de-corruption-du-makhzen\\\/\",\"url\":\"https:\\\/\\\/lasentinelle.dz\\\/index.php\\\/2023\\\/12\\\/07\\\/les-influents-relais-du-maroc-en-belgique-une-enquete-qui-met-a-nu-la-politique-de-corruption-du-makhzen\\\/\",\"name\":\"\u00ab Les influents relais du Maroc en Belgique \u00bb\u00a0: Une enqu\u00eate qui met \u00e0 nu la politique de corruption du Makhzen - La Sentinelle\",\"isPartOf\":{\"@id\":\"https:\\\/\\\/lasentinelle.dz\\\/#website\"},\"primaryImageOfPage\":{\"@id\":\"https:\\\/\\\/lasentinelle.dz\\\/index.php\\\/2023\\\/12\\\/07\\\/les-influents-relais-du-maroc-en-belgique-une-enquete-qui-met-a-nu-la-politique-de-corruption-du-makhzen\\\/#primaryimage\"},\"image\":{\"@id\":\"https:\\\/\\\/lasentinelle.dz\\\/index.php\\\/2023\\\/12\\\/07\\\/les-influents-relais-du-maroc-en-belgique-une-enquete-qui-met-a-nu-la-politique-de-corruption-du-makhzen\\\/#primaryimage\"},\"thumbnailUrl\":\"https:\\\/\\\/lasentinelle.dz\\\/wp-content\\\/uploads\\\/2023\\\/12\\\/rtbf.jpeg\",\"datePublished\":\"2023-12-07T13:06:18+00:00\",\"dateModified\":\"2023-12-07T13:06:47+00:00\",\"breadcrumb\":{\"@id\":\"https:\\\/\\\/lasentinelle.dz\\\/index.php\\\/2023\\\/12\\\/07\\\/les-influents-relais-du-maroc-en-belgique-une-enquete-qui-met-a-nu-la-politique-de-corruption-du-makhzen\\\/#breadcrumb\"},\"inLanguage\":\"fr-FR\",\"potentialAction\":[{\"@type\":\"ReadAction\",\"target\":[\"https:\\\/\\\/lasentinelle.dz\\\/index.php\\\/2023\\\/12\\\/07\\\/les-influents-relais-du-maroc-en-belgique-une-enquete-qui-met-a-nu-la-politique-de-corruption-du-makhzen\\\/\"]}]},{\"@type\":\"ImageObject\",\"inLanguage\":\"fr-FR\",\"@id\":\"https:\\\/\\\/lasentinelle.dz\\\/index.php\\\/2023\\\/12\\\/07\\\/les-influents-relais-du-maroc-en-belgique-une-enquete-qui-met-a-nu-la-politique-de-corruption-du-makhzen\\\/#primaryimage\",\"url\":\"https:\\\/\\\/lasentinelle.dz\\\/wp-content\\\/uploads\\\/2023\\\/12\\\/rtbf.jpeg\",\"contentUrl\":\"https:\\\/\\\/lasentinelle.dz\\\/wp-content\\\/uploads\\\/2023\\\/12\\\/rtbf.jpeg\",\"width\":680,\"height\":383},{\"@type\":\"BreadcrumbList\",\"@id\":\"https:\\\/\\\/lasentinelle.dz\\\/index.php\\\/2023\\\/12\\\/07\\\/les-influents-relais-du-maroc-en-belgique-une-enquete-qui-met-a-nu-la-politique-de-corruption-du-makhzen\\\/#breadcrumb\",\"itemListElement\":[{\"@type\":\"ListItem\",\"position\":1,\"name\":\"Accueil\",\"item\":\"https:\\\/\\\/lasentinelle.dz\\\/\"},{\"@type\":\"ListItem\",\"position\":2,\"name\":\"\u00ab Les influents relais du Maroc en Belgique \u00bb\u00a0: Une enqu\u00eate qui met \u00e0 nu la politique de corruption du Makhzen\"}]},{\"@type\":\"WebSite\",\"@id\":\"https:\\\/\\\/lasentinelle.dz\\\/#website\",\"url\":\"https:\\\/\\\/lasentinelle.dz\\\/\",\"name\":\"La Sentinelle\",\"description\":\"Quotidien national d&#039;information\",\"publisher\":{\"@id\":\"https:\\\/\\\/lasentinelle.dz\\\/#organization\"},\"potentialAction\":[{\"@type\":\"SearchAction\",\"target\":{\"@type\":\"EntryPoint\",\"urlTemplate\":\"https:\\\/\\\/lasentinelle.dz\\\/?s={search_term_string}\"},\"query-input\":{\"@type\":\"PropertyValueSpecification\",\"valueRequired\":true,\"valueName\":\"search_term_string\"}}],\"inLanguage\":\"fr-FR\"},{\"@type\":\"Organization\",\"@id\":\"https:\\\/\\\/lasentinelle.dz\\\/#organization\",\"name\":\"Quotidien La Sentinelle\",\"url\":\"https:\\\/\\\/lasentinelle.dz\\\/\",\"logo\":{\"@type\":\"ImageObject\",\"inLanguage\":\"fr-FR\",\"@id\":\"https:\\\/\\\/lasentinelle.dz\\\/#\\\/schema\\\/logo\\\/image\\\/\",\"url\":\"https:\\\/\\\/lasentinelle.dz\\\/wp-content\\\/uploads\\\/2021\\\/09\\\/logo-sentinelleSLOGAN-1.png\",\"contentUrl\":\"https:\\\/\\\/lasentinelle.dz\\\/wp-content\\\/uploads\\\/2021\\\/09\\\/logo-sentinelleSLOGAN-1.png\",\"width\":615,\"height\":142,\"caption\":\"Quotidien La Sentinelle\"},\"image\":{\"@id\":\"https:\\\/\\\/lasentinelle.dz\\\/#\\\/schema\\\/logo\\\/image\\\/\"},\"sameAs\":[\"https:\\\/\\\/www.facebook.com\\\/La-Sentinelle-104059864394773\"]},{\"@type\":\"Person\",\"@id\":\"https:\\\/\\\/lasentinelle.dz\\\/#\\\/schema\\\/person\\\/d865044e22e70a75174ce8bcad3acfb3\",\"name\":\"La Sentinelle\",\"image\":{\"@type\":\"ImageObject\",\"inLanguage\":\"fr-FR\",\"@id\":\"https:\\\/\\\/secure.gravatar.com\\\/avatar\\\/57de8e5d4b15d43fb361a71fbb36338450fe67865b528a43dd10ef7c51a20392?s=96&d=mm&r=g\",\"url\":\"https:\\\/\\\/secure.gravatar.com\\\/avatar\\\/57de8e5d4b15d43fb361a71fbb36338450fe67865b528a43dd10ef7c51a20392?s=96&d=mm&r=g\",\"contentUrl\":\"https:\\\/\\\/secure.gravatar.com\\\/avatar\\\/57de8e5d4b15d43fb361a71fbb36338450fe67865b528a43dd10ef7c51a20392?s=96&d=mm&r=g\",\"caption\":\"La Sentinelle\"},\"sameAs\":[\"http:\\\/\\\/www.lasentinelle.dz\"],\"url\":\"https:\\\/\\\/lasentinelle.dz\\\/author\\\/redaction\\\/\"}]}<\/script>\n<!-- \/ Yoast SEO plugin. -->","yoast_head_json":{"title":"\u00ab Les influents relais du Maroc en Belgique \u00bb\u00a0: Une enqu\u00eate qui met \u00e0 nu la politique de corruption du Makhzen - La Sentinelle","robots":{"index":"index","follow":"follow","max-snippet":"max-snippet:-1","max-image-preview":"max-image-preview:large","max-video-preview":"max-video-preview:-1"},"canonical":"https:\/\/lasentinelle.dz\/index.php\/2023\/12\/07\/les-influents-relais-du-maroc-en-belgique-une-enquete-qui-met-a-nu-la-politique-de-corruption-du-makhzen\/","og_locale":"fr_FR","og_type":"article","og_title":"\u00ab Les influents relais du Maroc en Belgique \u00bb\u00a0: Une enqu\u00eate qui met \u00e0 nu la politique de corruption du Makhzen - La Sentinelle","og_description":"\u00ab Les Marocains ont tendance \u00e0 acheter les gens \u00bb. Cette d\u00e9claration r\u00e9sume bien l\u2019enqu\u00eate que la cha\u00eene belge RTBF","og_url":"https:\/\/lasentinelle.dz\/index.php\/2023\/12\/07\/les-influents-relais-du-maroc-en-belgique-une-enquete-qui-met-a-nu-la-politique-de-corruption-du-makhzen\/","og_site_name":"La Sentinelle","article_publisher":"https:\/\/www.facebook.com\/La-Sentinelle-104059864394773","article_published_time":"2023-12-07T13:06:18+00:00","article_modified_time":"2023-12-07T13:06:47+00:00","og_image":[{"width":680,"height":383,"url":"https:\/\/lasentinelle.dz\/wp-content\/uploads\/2023\/12\/rtbf.jpeg","type":"image\/jpeg"}],"author":"La Sentinelle","twitter_card":"summary_large_image","twitter_misc":{"\u00c9crit par":"La Sentinelle","Dur\u00e9e de lecture estim\u00e9e":"5 minutes"},"schema":{"@context":"https:\/\/schema.org","@graph":[{"@type":"Article","@id":"https:\/\/lasentinelle.dz\/index.php\/2023\/12\/07\/les-influents-relais-du-maroc-en-belgique-une-enquete-qui-met-a-nu-la-politique-de-corruption-du-makhzen\/#article","isPartOf":{"@id":"https:\/\/lasentinelle.dz\/index.php\/2023\/12\/07\/les-influents-relais-du-maroc-en-belgique-une-enquete-qui-met-a-nu-la-politique-de-corruption-du-makhzen\/"},"author":{"name":"La Sentinelle","@id":"https:\/\/lasentinelle.dz\/#\/schema\/person\/d865044e22e70a75174ce8bcad3acfb3"},"headline":"\u00ab Les influents relais du Maroc en Belgique \u00bb\u00a0: Une enqu\u00eate qui met \u00e0 nu la politique de corruption du Makhzen","datePublished":"2023-12-07T13:06:18+00:00","dateModified":"2023-12-07T13:06:47+00:00","mainEntityOfPage":{"@id":"https:\/\/lasentinelle.dz\/index.php\/2023\/12\/07\/les-influents-relais-du-maroc-en-belgique-une-enquete-qui-met-a-nu-la-politique-de-corruption-du-makhzen\/"},"wordCount":956,"commentCount":0,"publisher":{"@id":"https:\/\/lasentinelle.dz\/#organization"},"image":{"@id":"https:\/\/lasentinelle.dz\/index.php\/2023\/12\/07\/les-influents-relais-du-maroc-en-belgique-une-enquete-qui-met-a-nu-la-politique-de-corruption-du-makhzen\/#primaryimage"},"thumbnailUrl":"https:\/\/lasentinelle.dz\/wp-content\/uploads\/2023\/12\/rtbf.jpeg","articleSection":["\u00c0 la Une","Monde"],"inLanguage":"fr-FR","potentialAction":[{"@type":"CommentAction","name":"Comment","target":["https:\/\/lasentinelle.dz\/index.php\/2023\/12\/07\/les-influents-relais-du-maroc-en-belgique-une-enquete-qui-met-a-nu-la-politique-de-corruption-du-makhzen\/#respond"]}]},{"@type":"WebPage","@id":"https:\/\/lasentinelle.dz\/index.php\/2023\/12\/07\/les-influents-relais-du-maroc-en-belgique-une-enquete-qui-met-a-nu-la-politique-de-corruption-du-makhzen\/","url":"https:\/\/lasentinelle.dz\/index.php\/2023\/12\/07\/les-influents-relais-du-maroc-en-belgique-une-enquete-qui-met-a-nu-la-politique-de-corruption-du-makhzen\/","name":"\u00ab Les influents relais du Maroc en Belgique \u00bb\u00a0: Une enqu\u00eate qui met \u00e0 nu la politique de corruption du Makhzen - La Sentinelle","isPartOf":{"@id":"https:\/\/lasentinelle.dz\/#website"},"primaryImageOfPage":{"@id":"https:\/\/lasentinelle.dz\/index.php\/2023\/12\/07\/les-influents-relais-du-maroc-en-belgique-une-enquete-qui-met-a-nu-la-politique-de-corruption-du-makhzen\/#primaryimage"},"image":{"@id":"https:\/\/lasentinelle.dz\/index.php\/2023\/12\/07\/les-influents-relais-du-maroc-en-belgique-une-enquete-qui-met-a-nu-la-politique-de-corruption-du-makhzen\/#primaryimage"},"thumbnailUrl":"https:\/\/lasentinelle.dz\/wp-content\/uploads\/2023\/12\/rtbf.jpeg","datePublished":"2023-12-07T13:06:18+00:00","dateModified":"2023-12-07T13:06:47+00:00","breadcrumb":{"@id":"https:\/\/lasentinelle.dz\/index.php\/2023\/12\/07\/les-influents-relais-du-maroc-en-belgique-une-enquete-qui-met-a-nu-la-politique-de-corruption-du-makhzen\/#breadcrumb"},"inLanguage":"fr-FR","potentialAction":[{"@type":"ReadAction","target":["https:\/\/lasentinelle.dz\/index.php\/2023\/12\/07\/les-influents-relais-du-maroc-en-belgique-une-enquete-qui-met-a-nu-la-politique-de-corruption-du-makhzen\/"]}]},{"@type":"ImageObject","inLanguage":"fr-FR","@id":"https:\/\/lasentinelle.dz\/index.php\/2023\/12\/07\/les-influents-relais-du-maroc-en-belgique-une-enquete-qui-met-a-nu-la-politique-de-corruption-du-makhzen\/#primaryimage","url":"https:\/\/lasentinelle.dz\/wp-content\/uploads\/2023\/12\/rtbf.jpeg","contentUrl":"https:\/\/lasentinelle.dz\/wp-content\/uploads\/2023\/12\/rtbf.jpeg","width":680,"height":383},{"@type":"BreadcrumbList","@id":"https:\/\/lasentinelle.dz\/index.php\/2023\/12\/07\/les-influents-relais-du-maroc-en-belgique-une-enquete-qui-met-a-nu-la-politique-de-corruption-du-makhzen\/#breadcrumb","itemListElement":[{"@type":"ListItem","position":1,"name":"Accueil","item":"https:\/\/lasentinelle.dz\/"},{"@type":"ListItem","position":2,"name":"\u00ab Les influents relais du Maroc en Belgique \u00bb\u00a0: Une enqu\u00eate qui met \u00e0 nu la politique de corruption du Makhzen"}]},{"@type":"WebSite","@id":"https:\/\/lasentinelle.dz\/#website","url":"https:\/\/lasentinelle.dz\/","name":"La Sentinelle","description":"Quotidien national d&#039;information","publisher":{"@id":"https:\/\/lasentinelle.dz\/#organization"},"potentialAction":[{"@type":"SearchAction","target":{"@type":"EntryPoint","urlTemplate":"https:\/\/lasentinelle.dz\/?s={search_term_string}"},"query-input":{"@type":"PropertyValueSpecification","valueRequired":true,"valueName":"search_term_string"}}],"inLanguage":"fr-FR"},{"@type":"Organization","@id":"https:\/\/lasentinelle.dz\/#organization","name":"Quotidien La Sentinelle","url":"https:\/\/lasentinelle.dz\/","logo":{"@type":"ImageObject","inLanguage":"fr-FR","@id":"https:\/\/lasentinelle.dz\/#\/schema\/logo\/image\/","url":"https:\/\/lasentinelle.dz\/wp-content\/uploads\/2021\/09\/logo-sentinelleSLOGAN-1.png","contentUrl":"https:\/\/lasentinelle.dz\/wp-content\/uploads\/2021\/09\/logo-sentinelleSLOGAN-1.png","width":615,"height":142,"caption":"Quotidien La Sentinelle"},"image":{"@id":"https:\/\/lasentinelle.dz\/#\/schema\/logo\/image\/"},"sameAs":["https:\/\/www.facebook.com\/La-Sentinelle-104059864394773"]},{"@type":"Person","@id":"https:\/\/lasentinelle.dz\/#\/schema\/person\/d865044e22e70a75174ce8bcad3acfb3","name":"La Sentinelle","image":{"@type":"ImageObject","inLanguage":"fr-FR","@id":"https:\/\/secure.gravatar.com\/avatar\/57de8e5d4b15d43fb361a71fbb36338450fe67865b528a43dd10ef7c51a20392?s=96&d=mm&r=g","url":"https:\/\/secure.gravatar.com\/avatar\/57de8e5d4b15d43fb361a71fbb36338450fe67865b528a43dd10ef7c51a20392?s=96&d=mm&r=g","contentUrl":"https:\/\/secure.gravatar.com\/avatar\/57de8e5d4b15d43fb361a71fbb36338450fe67865b528a43dd10ef7c51a20392?s=96&d=mm&r=g","caption":"La Sentinelle"},"sameAs":["http:\/\/www.lasentinelle.dz"],"url":"https:\/\/lasentinelle.dz\/author\/redaction\/"}]}},"_links":{"self":[{"href":"https:\/\/lasentinelle.dz\/index.php\/wp-json\/wp\/v2\/posts\/47779","targetHints":{"allow":["GET"]}}],"collection":[{"href":"https:\/\/lasentinelle.dz\/index.php\/wp-json\/wp\/v2\/posts"}],"about":[{"href":"https:\/\/lasentinelle.dz\/index.php\/wp-json\/wp\/v2\/types\/post"}],"author":[{"embeddable":true,"href":"https:\/\/lasentinelle.dz\/index.php\/wp-json\/wp\/v2\/users\/3"}],"replies":[{"embeddable":true,"href":"https:\/\/lasentinelle.dz\/index.php\/wp-json\/wp\/v2\/comments?post=47779"}],"version-history":[{"count":1,"href":"https:\/\/lasentinelle.dz\/index.php\/wp-json\/wp\/v2\/posts\/47779\/revisions"}],"predecessor-version":[{"id":47781,"href":"https:\/\/lasentinelle.dz\/index.php\/wp-json\/wp\/v2\/posts\/47779\/revisions\/47781"}],"wp:featuredmedia":[{"embeddable":true,"href":"https:\/\/lasentinelle.dz\/index.php\/wp-json\/wp\/v2\/media\/47780"}],"wp:attachment":[{"href":"https:\/\/lasentinelle.dz\/index.php\/wp-json\/wp\/v2\/media?parent=47779"}],"wp:term":[{"taxonomy":"category","embeddable":true,"href":"https:\/\/lasentinelle.dz\/index.php\/wp-json\/wp\/v2\/categories?post=47779"},{"taxonomy":"post_tag","embeddable":true,"href":"https:\/\/lasentinelle.dz\/index.php\/wp-json\/wp\/v2\/tags?post=47779"}],"curies":[{"name":"wp","href":"https:\/\/api.w.org\/{rel}","templated":true}]}}