{"id":47782,"date":"2023-12-07T14:14:10","date_gmt":"2023-12-07T13:14:10","guid":{"rendered":"https:\/\/lasentinelle.dz\/?p=47782"},"modified":"2023-12-07T14:14:12","modified_gmt":"2023-12-07T13:14:12","slug":"loccupation-sioniste-veut-vider-la-palestine-des-palestiniens-lavertissement-du-hcr","status":"publish","type":"post","link":"https:\/\/lasentinelle.dz\/index.php\/2023\/12\/07\/loccupation-sioniste-veut-vider-la-palestine-des-palestiniens-lavertissement-du-hcr\/","title":{"rendered":"L\u2019occupation sioniste veut vider la Palestine des Palestiniens\u00a0: L\u2019avertissement du HCR\u00a0!"},"content":{"rendered":"\n<p>Le objectifs poursuivis par l\u2019occupation isra\u00e9lienne \u00e0 travers \u00e0 l\u2019agression barbare qu\u2019elle m\u00e8ne contre la Bande de Ghaza commencent \u00e0 devenir de plus en plus clairs pour la communaut\u00e9 internationale. Bien les Palestiniens aient pr\u00e9venu d\u00e8s le d\u00e9but de la guerre asym\u00e9trique men\u00e9e par l\u2019occupant sioniste contre une nouvelle Nakba, ce sont aujourd\u2019hui les instances onusiennes qui avertissent contre \u00ab&nbsp;un exode des Palestiniens&nbsp;\u00bb, et ses implications non seulement pour les Palestiniens, mais aussi pour l\u2019ensemble de la r\u00e9gion.<\/p>\n\n\n\n<p>Les intentions de l\u2019occupation sioniste ont de tout temps \u00e9t\u00e9 claires. Depuis la Nakba en 1948 et l\u2019expulsion de centaines de milliers de Palestiniens de leurs terres et de leurs maisons pour y implanter une entit\u00e9 occupante \u00e9trang\u00e8re, dans le cadre d\u2019un projet sioniste et imp\u00e9rialiste, les dirigeants qui se sont succ\u00e9d\u00e9s \u00e0 la t\u00eate de l\u2019entit\u00e9 en question ont de tout afficher leur d\u00e9sir de vider la Palestine de ses habitants et de les expulser ou \u00e0 d\u00e9faut de les exterminer. Un projet qui prend forme aujourd\u2019hui avec l\u2019agression \u00e0 Ghaza, mais aussi l\u2019extension des colonies isra\u00e9lienne et des raids de l\u2019occupant en Cisjordanie occup\u00e9e en sus de la juda\u00efsation \u00e0 marche forc\u00e9e de la ville sainte, El Qods occup\u00e9e. Un projet colonialiste assum\u00e9 par l\u2019occupant. Netanyahu, et son gouvernement d\u2019extr\u00eame droit a affich\u00e9 clairement \u00e0 travers les m\u00e9dias isra\u00e9liens sa ferme intention d\u2019occuper Ghaza, sans oublier les diff\u00e9rentes interventions, au cours desquelles il a annonc\u00e9 que le projet \u00e9tait de \u00ab&nbsp;transformer le Moyen-Orient&nbsp;\u00bb. Une transformation qui implique non seulement l\u2019occupation de toute la Palestine, mais aussi l\u2019annexion de territoires de pays voisins. Un projet dont il ne se cache d\u2019ailleurs pas.<\/p>\n\n\n\n<p>Bien que les dirigeants palestiniens et notamment le pr\u00e9sident de l\u2019\u00c9tat de Palestine ait averti au d\u00e9but de l\u2019agression sioniste sur Ghaza, les instances internationales commencent \u00e0 prendre conscience des implications de cette guerre. Ainsi, le chef de l&rsquo;agence de l&rsquo;ONU pour les r\u00e9fugi\u00e9s (HCR), Filippo Grandi averti contre un nouvel exode r\u00e9gional des Palestiniens de Ghaza lequel serait \u00ab\u00a0catastrophique\u00a0\u00bb. \u00ab\u00a0J&rsquo;esp\u00e8re qu&rsquo;il n&rsquo;y aura pas d&rsquo;exode r\u00e9gional des Palestiniens\u00a0\u00bb, a d\u00e9clar\u00e9 le Haut Commissaire, au si\u00e8ge de l&rsquo;organisation qu&rsquo;il dirige \u00e0 Gen\u00e8ve. \u00ab\u00a0Il ne faut jamais oublier que les deux tiers de la population de Ghaza sont d\u00e9j\u00e0 des r\u00e9fugi\u00e9s de 1948-1949, a-t-il ajout\u00e9, en r\u00e9f\u00e9rence \u00e0 l&rsquo;exil des Palestiniens en 1948, ou \u00ab\u00a0Nakba\u00a0\u00bb, qui d\u00e9signe les quelque 760.000 Palestiniens qui avaient alors fui ou ont \u00e9t\u00e9 expuls\u00e9s de leurs maisons. Grandi avertit qu\u2019un nouvel exode \u00ab\u00a0repr\u00e9senterait un fardeau suppl\u00e9mentaire pour la population r\u00e9fugi\u00e9e, pour la population palestinienne et pour la r\u00e9gion\u00a0\u00bb. Il ajoute que la priorit\u00e9 est donc \u00ab\u00a0un retour \u00e0 la tr\u00eave, suivie, d&rsquo;un cessez-le-feu humanitaire (et) d&rsquo;une cessation encore plus stable des hostilit\u00e9s\u00a0\u00bb, tout en augmentant l&rsquo;assistance humanitaire achemin\u00e9e \u00e0 Ghaza qu&rsquo;il juge \u00ab\u00a0largement insuffisante\u00a0\u00bb.\u00a0\u00bbIl est donc tr\u00e8s important de s&rsquo;attaquer \u00e0 ce probl\u00e8me pour \u00e9viter un exode qui serait vraiment catastrophique\u00a0\u00bb, a-t-il insist\u00e9. \u00ab\u00a0Les Palestiniens sont les victimes de cette action militaire. 16.000 personnes sont mortes, et c&rsquo;est pourquoi il faut y mettre fin le plus t\u00f4t possible. Je pense que c&rsquo;est l&rsquo;objectif sur lequel nous devrions tous travailler\u00a0\u00bb, a-t-il ajout\u00e9. Depuis le d\u00e9but de la guerre, plus de 16.000 personnes, dont une tr\u00e8s grande majorit\u00e9 de femmes, d&rsquo;enfants et d&rsquo;adolescents, ont \u00e9t\u00e9 tu\u00e9es dans la bande de Ghaza par les bombardements de l&rsquo;occupant sioniste. Des bombardements qui touchent les habitations, les \u00e9coles, les refuges et les h\u00f4pitaux dans le seul objectif de forcer le d\u00e9placement des populations, au d\u00e9but vers le Sud. Mais aujourd\u2019hui, les attaques se focalisent aussi sur le Sud \u00e0 Khan Younes et Rafah notamment dans la seule intention de chasser les Palestiniens de Ghaza. Ce qui est par d\u00e9finition un crime de guerre.<\/p>\n\n\n\n<p>Dans ce contexte et face \u00e0 la multiplication des crimes de l\u2019occupation, le pr\u00e9sident turc, Recep Tayyip Erdogan, a assur\u00e9, hier, que le chef du gouvernement d&rsquo;occupation sioniste, sera poursuivi \u00ab\u00a0d&rsquo;une mani\u00e8re ou d&rsquo;une autre\u00a0\u00bb devant les instances judicaires internationales pour ses crimes de guerre et crimes contre l&rsquo;humanit\u00e9 \u00e0 Ghaza. \u00ab\u00a0Il est certain que Netanyahou sera poursuivi d&rsquo;une mani\u00e8re ou d&rsquo;une autre, si ce n&rsquo;est pas aujourd&rsquo;hui, ce sera demain. En fait, la lutte pour cela a d\u00e9j\u00e0 commenc\u00e9. Environ 3000 avocats ont d\u00e9j\u00e0 d\u00e9pos\u00e9 une plainte devant la Cour p\u00e9nale internationale (CPI)\u00a0\u00bb, a indiqu\u00e9 Erdogan dans une d\u00e9claration aux m\u00e9dias. Poursuivant dans le m\u00eame sens, le pr\u00e9sident turc a d\u00e9nonc\u00e9 le soutien et le parti pris flagrant des Occidentaux en faveur de l&rsquo;entit\u00e9 sioniste.<\/p>\n\n\n\n<p>De son c\u00f4t\u00e9, le secr\u00e9taire g\u00e9n\u00e9ral de l&rsquo;ONU a mis en garde contre un \u00ab\u00a0effondrement total\u00a0\u00bb imminent de l&rsquo;ordre public\u00a0\u00bb \u00e0 Ghaza, pilonn\u00e9e par les forces sionistes, dans une lettre in\u00e9dite au Conseil de s\u00e9curit\u00e9 insistant pour un cessez-le-feu humanitaire. \u00ab\u00a0Avec les bombardements constants des forces arm\u00e9es (sionistes), et en l&rsquo;absence d&rsquo;abris ou du minimum pour survivre, je m&rsquo;attends \u00e0 un effondrement total de l&rsquo;ordre public bient\u00f4t en raison des conditions d\u00e9sesp\u00e9r\u00e9es, ce qui rendrait impossible une aide humanitaire m\u00eame limit\u00e9e\u00a0\u00bb, \u00e9crit Antonio Guterres en invoquant pour la premi\u00e8re fois depuis son arriv\u00e9e \u00e0 la t\u00eate des Nations unies en 2017 l&rsquo;article 99 de la Charte. Alors que l&rsquo;aide humanitaire transitant par le point de passage de Rafah, entre l&rsquo;Egypte et la bande de Ghaza, est \u00ab\u00a0insuffisante\u00a0\u00bb, \u00ab\u00a0nous sommes simplement incapables d&rsquo;atteindre ceux qui ont besoin d&rsquo;aide \u00e0 l&rsquo;int\u00e9rieur de Ghaza\u00a0\u00bb, constate-t-il.<\/p>\n\n\n\n<p>&nbsp;\u00ab\u00a0Nous faisons face \u00e0 un grave risque d&rsquo;effondrement du syst\u00e8me humanitaire. La situation se d\u00e9t\u00e9riore rapidement vers une catastrophe qui pourrait avoir des cons\u00e9quences irr\u00e9versibles pour les Palestiniens dans leur ensemble et pour la paix et la s\u00e9curit\u00e9 dans la r\u00e9gion\u00a0\u00bb, alerte Antonio Guterres.<\/p>\n\n\n\n<p>L&rsquo;Association internationale ActionAid a indiqu\u00e9, mercredi, que \u00ab\u00a080% des Ghazaouis sont devenus des d\u00e9plac\u00e9s sans abri\u00a0\u00bb, faisant observer que \u00ab\u00a0d\u00e9sormais il n&rsquo;y a aucun lieu s\u00fbr \u00e0 Ghaza du fait des bombardements incessants de l&rsquo;arm\u00e9e sioniste\u00a0\u00bb.<\/p>\n\n\n\n<p><strong>Mosqu\u00e9e Al-Aqsa<\/strong><\/p>\n\n\n\n<p><strong>La communaut\u00e9 internationale appel\u00e9e \u00e0 emp\u00eacher une marche de colons sionistes<\/strong><\/p>\n\n\n\n<p>Le minist\u00e8re palestinien des Affaires \u00e9trang\u00e8res et des Expatri\u00e9s a appel\u00e9, mercredi, la communaut\u00e9 internationale et l&rsquo;administration am\u00e9ricaine \u00e0 agir en urgence pour emp\u00eacher une marche que des extr\u00e9mistes sionistes envisagent de mener, jeudi, en direction de la Mosqu\u00e9e Al-Aqsa, en vue d&rsquo;en prendre le contr\u00f4le. Dans un communiqu\u00e9 repris par l&rsquo;agence de presse Wafa, le minist\u00e8re a indiqu\u00e9 que \u00ab\u00a0cette marche constitue la plus grande provocation jamais vue jusque-l\u00e0, surtout \u00e0 la lumi\u00e8re des circonstances actuelles dans la bande de Ghaza\u00a0\u00bb. Il consid\u00e8re que \u00ab\u00a0cette marche et ses r\u00e9percussions sur la situation \u00e0 El-Qods-Est occup\u00e9e seront d&rsquo;une extr\u00eame gravit\u00e9\u00a0\u00bb, soulignant qu&rsquo;il s&rsquo;agit d&rsquo;une \u00ab\u00a0attaque flagrante contre le peuple palestinien et la tutelle jordanienne hach\u00e9mite des lieux saints \u00e0 El-Qods- occup\u00e9e\u00a0\u00bb. \u00ab\u00a0Elle est aussi une violation flagrante des r\u00e9solutions des Nations unies qui affirment qu&rsquo;Al Qods-Est est une partie indivisible&nbsp; du territoire palestinien occup\u00e9 en 1967\u00a0\u00bb.<\/p>\n","protected":false},"excerpt":{"rendered":"<p>Le objectifs poursuivis par l\u2019occupation isra\u00e9lienne \u00e0 travers \u00e0 l\u2019agression barbare qu\u2019elle m\u00e8ne contre la Bande de Ghaza commencent \u00e0<\/p>\n","protected":false},"author":3,"featured_media":47783,"comment_status":"open","ping_status":"closed","sticky":false,"template":"","format":"standard","meta":{"colormag_page_container_layout":"default_layout","colormag_page_sidebar_layout":"default_layout","om_disable_all_campaigns":false,"_monsterinsights_skip_tracking":false,"_monsterinsights_sitenote_active":false,"_monsterinsights_sitenote_note":"","_monsterinsights_sitenote_category":0,"footnotes":"","_wpscppro_dont_share_socialmedia":false,"_wpscppro_custom_social_share_image":0,"_facebook_share_type":"","_twitter_share_type":"","_linkedin_share_type":"","_pinterest_share_type":"","_linkedin_share_type_page":"","_instagram_share_type":"","_medium_share_type":"","_threads_share_type":"","_google_business_share_type":"","_selected_social_profile":[],"_wpsp_enable_custom_social_template":false,"_wpsp_social_scheduling":{"enabled":false,"datetime":null,"platforms":[],"status":"template_only","dateOption":"today","timeOption":"now","customDays":"","customHours":"","customDate":"","customTime":"","schedulingType":"absolute"},"_wpsp_active_default_template":true},"categories":[52,37],"tags":[],"class_list":["post-47782","post","type-post","status-publish","format-standard","has-post-thumbnail","hentry","category-a-la-une","category-monde"],"aioseo_notices":[],"yoast_head":"<!-- This site is optimized with the Yoast SEO plugin v27.5 - https:\/\/yoast.com\/product\/yoast-seo-wordpress\/ -->\n<title>L\u2019occupation sioniste veut vider la Palestine des Palestiniens\u00a0: L\u2019avertissement du HCR\u00a0! - La Sentinelle<\/title>\n<meta name=\"robots\" content=\"index, follow, max-snippet:-1, max-image-preview:large, max-video-preview:-1\" \/>\n<link rel=\"canonical\" href=\"https:\/\/lasentinelle.dz\/index.php\/2023\/12\/07\/loccupation-sioniste-veut-vider-la-palestine-des-palestiniens-lavertissement-du-hcr\/\" \/>\n<meta property=\"og:locale\" content=\"fr_FR\" \/>\n<meta property=\"og:type\" content=\"article\" \/>\n<meta property=\"og:title\" content=\"L\u2019occupation sioniste veut vider la Palestine des Palestiniens\u00a0: L\u2019avertissement du HCR\u00a0! - La Sentinelle\" \/>\n<meta property=\"og:description\" content=\"Le objectifs poursuivis par l\u2019occupation isra\u00e9lienne \u00e0 travers \u00e0 l\u2019agression barbare qu\u2019elle m\u00e8ne contre la Bande de Ghaza commencent \u00e0\" \/>\n<meta property=\"og:url\" content=\"https:\/\/lasentinelle.dz\/index.php\/2023\/12\/07\/loccupation-sioniste-veut-vider-la-palestine-des-palestiniens-lavertissement-du-hcr\/\" \/>\n<meta property=\"og:site_name\" content=\"La Sentinelle\" \/>\n<meta property=\"article:publisher\" content=\"https:\/\/www.facebook.com\/La-Sentinelle-104059864394773\" \/>\n<meta property=\"article:published_time\" content=\"2023-12-07T13:14:10+00:00\" \/>\n<meta property=\"article:modified_time\" content=\"2023-12-07T13:14:12+00:00\" \/>\n<meta property=\"og:image\" content=\"https:\/\/lasentinelle.dz\/wp-content\/uploads\/2023\/12\/palestiniens-deplaces.jpeg\" \/>\n\t<meta property=\"og:image:width\" content=\"864\" \/>\n\t<meta property=\"og:image:height\" content=\"486\" \/>\n\t<meta property=\"og:image:type\" content=\"image\/jpeg\" \/>\n<meta name=\"author\" content=\"La Sentinelle\" \/>\n<meta name=\"twitter:card\" content=\"summary_large_image\" \/>\n<meta name=\"twitter:label1\" content=\"\u00c9crit par\" \/>\n\t<meta name=\"twitter:data1\" content=\"La Sentinelle\" \/>\n\t<meta name=\"twitter:label2\" content=\"Dur\u00e9e de lecture estim\u00e9e\" \/>\n\t<meta name=\"twitter:data2\" content=\"6 minutes\" \/>\n<script type=\"application\/ld+json\" class=\"yoast-schema-graph\">{\"@context\":\"https:\\\/\\\/schema.org\",\"@graph\":[{\"@type\":\"Article\",\"@id\":\"https:\\\/\\\/lasentinelle.dz\\\/index.php\\\/2023\\\/12\\\/07\\\/loccupation-sioniste-veut-vider-la-palestine-des-palestiniens-lavertissement-du-hcr\\\/#article\",\"isPartOf\":{\"@id\":\"https:\\\/\\\/lasentinelle.dz\\\/index.php\\\/2023\\\/12\\\/07\\\/loccupation-sioniste-veut-vider-la-palestine-des-palestiniens-lavertissement-du-hcr\\\/\"},\"author\":{\"name\":\"La Sentinelle\",\"@id\":\"https:\\\/\\\/lasentinelle.dz\\\/#\\\/schema\\\/person\\\/d865044e22e70a75174ce8bcad3acfb3\"},\"headline\":\"L\u2019occupation sioniste veut vider la Palestine des Palestiniens\u00a0: L\u2019avertissement du HCR\u00a0!\",\"datePublished\":\"2023-12-07T13:14:10+00:00\",\"dateModified\":\"2023-12-07T13:14:12+00:00\",\"mainEntityOfPage\":{\"@id\":\"https:\\\/\\\/lasentinelle.dz\\\/index.php\\\/2023\\\/12\\\/07\\\/loccupation-sioniste-veut-vider-la-palestine-des-palestiniens-lavertissement-du-hcr\\\/\"},\"wordCount\":1301,\"commentCount\":0,\"publisher\":{\"@id\":\"https:\\\/\\\/lasentinelle.dz\\\/#organization\"},\"image\":{\"@id\":\"https:\\\/\\\/lasentinelle.dz\\\/index.php\\\/2023\\\/12\\\/07\\\/loccupation-sioniste-veut-vider-la-palestine-des-palestiniens-lavertissement-du-hcr\\\/#primaryimage\"},\"thumbnailUrl\":\"https:\\\/\\\/lasentinelle.dz\\\/wp-content\\\/uploads\\\/2023\\\/12\\\/palestiniens-deplaces.jpeg\",\"articleSection\":[\"\u00c0 la Une\",\"Monde\"],\"inLanguage\":\"fr-FR\",\"potentialAction\":[{\"@type\":\"CommentAction\",\"name\":\"Comment\",\"target\":[\"https:\\\/\\\/lasentinelle.dz\\\/index.php\\\/2023\\\/12\\\/07\\\/loccupation-sioniste-veut-vider-la-palestine-des-palestiniens-lavertissement-du-hcr\\\/#respond\"]}]},{\"@type\":\"WebPage\",\"@id\":\"https:\\\/\\\/lasentinelle.dz\\\/index.php\\\/2023\\\/12\\\/07\\\/loccupation-sioniste-veut-vider-la-palestine-des-palestiniens-lavertissement-du-hcr\\\/\",\"url\":\"https:\\\/\\\/lasentinelle.dz\\\/index.php\\\/2023\\\/12\\\/07\\\/loccupation-sioniste-veut-vider-la-palestine-des-palestiniens-lavertissement-du-hcr\\\/\",\"name\":\"L\u2019occupation sioniste veut vider la Palestine des Palestiniens\u00a0: L\u2019avertissement du HCR\u00a0! - La Sentinelle\",\"isPartOf\":{\"@id\":\"https:\\\/\\\/lasentinelle.dz\\\/#website\"},\"primaryImageOfPage\":{\"@id\":\"https:\\\/\\\/lasentinelle.dz\\\/index.php\\\/2023\\\/12\\\/07\\\/loccupation-sioniste-veut-vider-la-palestine-des-palestiniens-lavertissement-du-hcr\\\/#primaryimage\"},\"image\":{\"@id\":\"https:\\\/\\\/lasentinelle.dz\\\/index.php\\\/2023\\\/12\\\/07\\\/loccupation-sioniste-veut-vider-la-palestine-des-palestiniens-lavertissement-du-hcr\\\/#primaryimage\"},\"thumbnailUrl\":\"https:\\\/\\\/lasentinelle.dz\\\/wp-content\\\/uploads\\\/2023\\\/12\\\/palestiniens-deplaces.jpeg\",\"datePublished\":\"2023-12-07T13:14:10+00:00\",\"dateModified\":\"2023-12-07T13:14:12+00:00\",\"breadcrumb\":{\"@id\":\"https:\\\/\\\/lasentinelle.dz\\\/index.php\\\/2023\\\/12\\\/07\\\/loccupation-sioniste-veut-vider-la-palestine-des-palestiniens-lavertissement-du-hcr\\\/#breadcrumb\"},\"inLanguage\":\"fr-FR\",\"potentialAction\":[{\"@type\":\"ReadAction\",\"target\":[\"https:\\\/\\\/lasentinelle.dz\\\/index.php\\\/2023\\\/12\\\/07\\\/loccupation-sioniste-veut-vider-la-palestine-des-palestiniens-lavertissement-du-hcr\\\/\"]}]},{\"@type\":\"ImageObject\",\"inLanguage\":\"fr-FR\",\"@id\":\"https:\\\/\\\/lasentinelle.dz\\\/index.php\\\/2023\\\/12\\\/07\\\/loccupation-sioniste-veut-vider-la-palestine-des-palestiniens-lavertissement-du-hcr\\\/#primaryimage\",\"url\":\"https:\\\/\\\/lasentinelle.dz\\\/wp-content\\\/uploads\\\/2023\\\/12\\\/palestiniens-deplaces.jpeg\",\"contentUrl\":\"https:\\\/\\\/lasentinelle.dz\\\/wp-content\\\/uploads\\\/2023\\\/12\\\/palestiniens-deplaces.jpeg\",\"width\":864,\"height\":486},{\"@type\":\"BreadcrumbList\",\"@id\":\"https:\\\/\\\/lasentinelle.dz\\\/index.php\\\/2023\\\/12\\\/07\\\/loccupation-sioniste-veut-vider-la-palestine-des-palestiniens-lavertissement-du-hcr\\\/#breadcrumb\",\"itemListElement\":[{\"@type\":\"ListItem\",\"position\":1,\"name\":\"Accueil\",\"item\":\"https:\\\/\\\/lasentinelle.dz\\\/\"},{\"@type\":\"ListItem\",\"position\":2,\"name\":\"L\u2019occupation sioniste veut vider la Palestine des Palestiniens\u00a0: L\u2019avertissement du HCR\u00a0!\"}]},{\"@type\":\"WebSite\",\"@id\":\"https:\\\/\\\/lasentinelle.dz\\\/#website\",\"url\":\"https:\\\/\\\/lasentinelle.dz\\\/\",\"name\":\"La Sentinelle\",\"description\":\"Quotidien national d&#039;information\",\"publisher\":{\"@id\":\"https:\\\/\\\/lasentinelle.dz\\\/#organization\"},\"potentialAction\":[{\"@type\":\"SearchAction\",\"target\":{\"@type\":\"EntryPoint\",\"urlTemplate\":\"https:\\\/\\\/lasentinelle.dz\\\/?s={search_term_string}\"},\"query-input\":{\"@type\":\"PropertyValueSpecification\",\"valueRequired\":true,\"valueName\":\"search_term_string\"}}],\"inLanguage\":\"fr-FR\"},{\"@type\":\"Organization\",\"@id\":\"https:\\\/\\\/lasentinelle.dz\\\/#organization\",\"name\":\"Quotidien La Sentinelle\",\"url\":\"https:\\\/\\\/lasentinelle.dz\\\/\",\"logo\":{\"@type\":\"ImageObject\",\"inLanguage\":\"fr-FR\",\"@id\":\"https:\\\/\\\/lasentinelle.dz\\\/#\\\/schema\\\/logo\\\/image\\\/\",\"url\":\"https:\\\/\\\/lasentinelle.dz\\\/wp-content\\\/uploads\\\/2021\\\/09\\\/logo-sentinelleSLOGAN-1.png\",\"contentUrl\":\"https:\\\/\\\/lasentinelle.dz\\\/wp-content\\\/uploads\\\/2021\\\/09\\\/logo-sentinelleSLOGAN-1.png\",\"width\":615,\"height\":142,\"caption\":\"Quotidien La Sentinelle\"},\"image\":{\"@id\":\"https:\\\/\\\/lasentinelle.dz\\\/#\\\/schema\\\/logo\\\/image\\\/\"},\"sameAs\":[\"https:\\\/\\\/www.facebook.com\\\/La-Sentinelle-104059864394773\"]},{\"@type\":\"Person\",\"@id\":\"https:\\\/\\\/lasentinelle.dz\\\/#\\\/schema\\\/person\\\/d865044e22e70a75174ce8bcad3acfb3\",\"name\":\"La Sentinelle\",\"image\":{\"@type\":\"ImageObject\",\"inLanguage\":\"fr-FR\",\"@id\":\"https:\\\/\\\/secure.gravatar.com\\\/avatar\\\/57de8e5d4b15d43fb361a71fbb36338450fe67865b528a43dd10ef7c51a20392?s=96&d=mm&r=g\",\"url\":\"https:\\\/\\\/secure.gravatar.com\\\/avatar\\\/57de8e5d4b15d43fb361a71fbb36338450fe67865b528a43dd10ef7c51a20392?s=96&d=mm&r=g\",\"contentUrl\":\"https:\\\/\\\/secure.gravatar.com\\\/avatar\\\/57de8e5d4b15d43fb361a71fbb36338450fe67865b528a43dd10ef7c51a20392?s=96&d=mm&r=g\",\"caption\":\"La Sentinelle\"},\"sameAs\":[\"http:\\\/\\\/www.lasentinelle.dz\"],\"url\":\"https:\\\/\\\/lasentinelle.dz\\\/author\\\/redaction\\\/\"}]}<\/script>\n<!-- \/ Yoast SEO plugin. -->","yoast_head_json":{"title":"L\u2019occupation sioniste veut vider la Palestine des Palestiniens\u00a0: L\u2019avertissement du HCR\u00a0! - La Sentinelle","robots":{"index":"index","follow":"follow","max-snippet":"max-snippet:-1","max-image-preview":"max-image-preview:large","max-video-preview":"max-video-preview:-1"},"canonical":"https:\/\/lasentinelle.dz\/index.php\/2023\/12\/07\/loccupation-sioniste-veut-vider-la-palestine-des-palestiniens-lavertissement-du-hcr\/","og_locale":"fr_FR","og_type":"article","og_title":"L\u2019occupation sioniste veut vider la Palestine des Palestiniens\u00a0: L\u2019avertissement du HCR\u00a0! - La Sentinelle","og_description":"Le objectifs poursuivis par l\u2019occupation isra\u00e9lienne \u00e0 travers \u00e0 l\u2019agression barbare qu\u2019elle m\u00e8ne contre la Bande de Ghaza commencent \u00e0","og_url":"https:\/\/lasentinelle.dz\/index.php\/2023\/12\/07\/loccupation-sioniste-veut-vider-la-palestine-des-palestiniens-lavertissement-du-hcr\/","og_site_name":"La Sentinelle","article_publisher":"https:\/\/www.facebook.com\/La-Sentinelle-104059864394773","article_published_time":"2023-12-07T13:14:10+00:00","article_modified_time":"2023-12-07T13:14:12+00:00","og_image":[{"width":864,"height":486,"url":"https:\/\/lasentinelle.dz\/wp-content\/uploads\/2023\/12\/palestiniens-deplaces.jpeg","type":"image\/jpeg"}],"author":"La Sentinelle","twitter_card":"summary_large_image","twitter_misc":{"\u00c9crit par":"La Sentinelle","Dur\u00e9e de lecture estim\u00e9e":"6 minutes"},"schema":{"@context":"https:\/\/schema.org","@graph":[{"@type":"Article","@id":"https:\/\/lasentinelle.dz\/index.php\/2023\/12\/07\/loccupation-sioniste-veut-vider-la-palestine-des-palestiniens-lavertissement-du-hcr\/#article","isPartOf":{"@id":"https:\/\/lasentinelle.dz\/index.php\/2023\/12\/07\/loccupation-sioniste-veut-vider-la-palestine-des-palestiniens-lavertissement-du-hcr\/"},"author":{"name":"La Sentinelle","@id":"https:\/\/lasentinelle.dz\/#\/schema\/person\/d865044e22e70a75174ce8bcad3acfb3"},"headline":"L\u2019occupation sioniste veut vider la Palestine des Palestiniens\u00a0: L\u2019avertissement du HCR\u00a0!","datePublished":"2023-12-07T13:14:10+00:00","dateModified":"2023-12-07T13:14:12+00:00","mainEntityOfPage":{"@id":"https:\/\/lasentinelle.dz\/index.php\/2023\/12\/07\/loccupation-sioniste-veut-vider-la-palestine-des-palestiniens-lavertissement-du-hcr\/"},"wordCount":1301,"commentCount":0,"publisher":{"@id":"https:\/\/lasentinelle.dz\/#organization"},"image":{"@id":"https:\/\/lasentinelle.dz\/index.php\/2023\/12\/07\/loccupation-sioniste-veut-vider-la-palestine-des-palestiniens-lavertissement-du-hcr\/#primaryimage"},"thumbnailUrl":"https:\/\/lasentinelle.dz\/wp-content\/uploads\/2023\/12\/palestiniens-deplaces.jpeg","articleSection":["\u00c0 la Une","Monde"],"inLanguage":"fr-FR","potentialAction":[{"@type":"CommentAction","name":"Comment","target":["https:\/\/lasentinelle.dz\/index.php\/2023\/12\/07\/loccupation-sioniste-veut-vider-la-palestine-des-palestiniens-lavertissement-du-hcr\/#respond"]}]},{"@type":"WebPage","@id":"https:\/\/lasentinelle.dz\/index.php\/2023\/12\/07\/loccupation-sioniste-veut-vider-la-palestine-des-palestiniens-lavertissement-du-hcr\/","url":"https:\/\/lasentinelle.dz\/index.php\/2023\/12\/07\/loccupation-sioniste-veut-vider-la-palestine-des-palestiniens-lavertissement-du-hcr\/","name":"L\u2019occupation sioniste veut vider la Palestine des Palestiniens\u00a0: L\u2019avertissement du HCR\u00a0! - La Sentinelle","isPartOf":{"@id":"https:\/\/lasentinelle.dz\/#website"},"primaryImageOfPage":{"@id":"https:\/\/lasentinelle.dz\/index.php\/2023\/12\/07\/loccupation-sioniste-veut-vider-la-palestine-des-palestiniens-lavertissement-du-hcr\/#primaryimage"},"image":{"@id":"https:\/\/lasentinelle.dz\/index.php\/2023\/12\/07\/loccupation-sioniste-veut-vider-la-palestine-des-palestiniens-lavertissement-du-hcr\/#primaryimage"},"thumbnailUrl":"https:\/\/lasentinelle.dz\/wp-content\/uploads\/2023\/12\/palestiniens-deplaces.jpeg","datePublished":"2023-12-07T13:14:10+00:00","dateModified":"2023-12-07T13:14:12+00:00","breadcrumb":{"@id":"https:\/\/lasentinelle.dz\/index.php\/2023\/12\/07\/loccupation-sioniste-veut-vider-la-palestine-des-palestiniens-lavertissement-du-hcr\/#breadcrumb"},"inLanguage":"fr-FR","potentialAction":[{"@type":"ReadAction","target":["https:\/\/lasentinelle.dz\/index.php\/2023\/12\/07\/loccupation-sioniste-veut-vider-la-palestine-des-palestiniens-lavertissement-du-hcr\/"]}]},{"@type":"ImageObject","inLanguage":"fr-FR","@id":"https:\/\/lasentinelle.dz\/index.php\/2023\/12\/07\/loccupation-sioniste-veut-vider-la-palestine-des-palestiniens-lavertissement-du-hcr\/#primaryimage","url":"https:\/\/lasentinelle.dz\/wp-content\/uploads\/2023\/12\/palestiniens-deplaces.jpeg","contentUrl":"https:\/\/lasentinelle.dz\/wp-content\/uploads\/2023\/12\/palestiniens-deplaces.jpeg","width":864,"height":486},{"@type":"BreadcrumbList","@id":"https:\/\/lasentinelle.dz\/index.php\/2023\/12\/07\/loccupation-sioniste-veut-vider-la-palestine-des-palestiniens-lavertissement-du-hcr\/#breadcrumb","itemListElement":[{"@type":"ListItem","position":1,"name":"Accueil","item":"https:\/\/lasentinelle.dz\/"},{"@type":"ListItem","position":2,"name":"L\u2019occupation sioniste veut vider la Palestine des Palestiniens\u00a0: L\u2019avertissement du HCR\u00a0!"}]},{"@type":"WebSite","@id":"https:\/\/lasentinelle.dz\/#website","url":"https:\/\/lasentinelle.dz\/","name":"La Sentinelle","description":"Quotidien national d&#039;information","publisher":{"@id":"https:\/\/lasentinelle.dz\/#organization"},"potentialAction":[{"@type":"SearchAction","target":{"@type":"EntryPoint","urlTemplate":"https:\/\/lasentinelle.dz\/?s={search_term_string}"},"query-input":{"@type":"PropertyValueSpecification","valueRequired":true,"valueName":"search_term_string"}}],"inLanguage":"fr-FR"},{"@type":"Organization","@id":"https:\/\/lasentinelle.dz\/#organization","name":"Quotidien La Sentinelle","url":"https:\/\/lasentinelle.dz\/","logo":{"@type":"ImageObject","inLanguage":"fr-FR","@id":"https:\/\/lasentinelle.dz\/#\/schema\/logo\/image\/","url":"https:\/\/lasentinelle.dz\/wp-content\/uploads\/2021\/09\/logo-sentinelleSLOGAN-1.png","contentUrl":"https:\/\/lasentinelle.dz\/wp-content\/uploads\/2021\/09\/logo-sentinelleSLOGAN-1.png","width":615,"height":142,"caption":"Quotidien La Sentinelle"},"image":{"@id":"https:\/\/lasentinelle.dz\/#\/schema\/logo\/image\/"},"sameAs":["https:\/\/www.facebook.com\/La-Sentinelle-104059864394773"]},{"@type":"Person","@id":"https:\/\/lasentinelle.dz\/#\/schema\/person\/d865044e22e70a75174ce8bcad3acfb3","name":"La Sentinelle","image":{"@type":"ImageObject","inLanguage":"fr-FR","@id":"https:\/\/secure.gravatar.com\/avatar\/57de8e5d4b15d43fb361a71fbb36338450fe67865b528a43dd10ef7c51a20392?s=96&d=mm&r=g","url":"https:\/\/secure.gravatar.com\/avatar\/57de8e5d4b15d43fb361a71fbb36338450fe67865b528a43dd10ef7c51a20392?s=96&d=mm&r=g","contentUrl":"https:\/\/secure.gravatar.com\/avatar\/57de8e5d4b15d43fb361a71fbb36338450fe67865b528a43dd10ef7c51a20392?s=96&d=mm&r=g","caption":"La Sentinelle"},"sameAs":["http:\/\/www.lasentinelle.dz"],"url":"https:\/\/lasentinelle.dz\/author\/redaction\/"}]}},"_links":{"self":[{"href":"https:\/\/lasentinelle.dz\/index.php\/wp-json\/wp\/v2\/posts\/47782","targetHints":{"allow":["GET"]}}],"collection":[{"href":"https:\/\/lasentinelle.dz\/index.php\/wp-json\/wp\/v2\/posts"}],"about":[{"href":"https:\/\/lasentinelle.dz\/index.php\/wp-json\/wp\/v2\/types\/post"}],"author":[{"embeddable":true,"href":"https:\/\/lasentinelle.dz\/index.php\/wp-json\/wp\/v2\/users\/3"}],"replies":[{"embeddable":true,"href":"https:\/\/lasentinelle.dz\/index.php\/wp-json\/wp\/v2\/comments?post=47782"}],"version-history":[{"count":1,"href":"https:\/\/lasentinelle.dz\/index.php\/wp-json\/wp\/v2\/posts\/47782\/revisions"}],"predecessor-version":[{"id":47784,"href":"https:\/\/lasentinelle.dz\/index.php\/wp-json\/wp\/v2\/posts\/47782\/revisions\/47784"}],"wp:featuredmedia":[{"embeddable":true,"href":"https:\/\/lasentinelle.dz\/index.php\/wp-json\/wp\/v2\/media\/47783"}],"wp:attachment":[{"href":"https:\/\/lasentinelle.dz\/index.php\/wp-json\/wp\/v2\/media?parent=47782"}],"wp:term":[{"taxonomy":"category","embeddable":true,"href":"https:\/\/lasentinelle.dz\/index.php\/wp-json\/wp\/v2\/categories?post=47782"},{"taxonomy":"post_tag","embeddable":true,"href":"https:\/\/lasentinelle.dz\/index.php\/wp-json\/wp\/v2\/tags?post=47782"}],"curies":[{"name":"wp","href":"https:\/\/api.w.org\/{rel}","templated":true}]}}