{"id":47898,"date":"2023-12-13T22:01:52","date_gmt":"2023-12-13T21:01:52","guid":{"rendered":"https:\/\/lasentinelle.dz\/?p=47898"},"modified":"2023-12-13T22:01:53","modified_gmt":"2023-12-13T21:01:53","slug":"mdn-3-marocains-qui-ont-viole-les-eaux-territoriales-algeriennes-arretes","status":"publish","type":"post","link":"https:\/\/lasentinelle.dz\/index.php\/2023\/12\/13\/mdn-3-marocains-qui-ont-viole-les-eaux-territoriales-algeriennes-arretes\/","title":{"rendered":"MDN\u00a0: 3 Marocains qui ont viol\u00e9 les eaux territoriales alg\u00e9riennes arr\u00eat\u00e9s"},"content":{"rendered":"\n<p>Une unit\u00e9 des Garde-c\u00f4tes de la fa\u00e7ade maritime Ouest relevant de la 2\u00e8me r\u00e9gion militaire a intercept\u00e9, lundi matin, lors d&rsquo;une patrouille de surveillance et de s\u00e9curisation sur nos eaux territoriales, 3 individus de nationalit\u00e9 marocaine \u00e0 bord d&rsquo;un jet-ski qui ont viol\u00e9 les fronti\u00e8res des eaux territoriales alg\u00e9riennes, a indiqu\u00e9 mercredi un communiqu\u00e9 du minist\u00e8re de la D\u00e9fense nationale (MDN).\u00a0\u00bbLors d&rsquo;une patrouille de surveillance et de s\u00e9curisation sur nos eaux territoriales, une unit\u00e9 des Garde-c\u00f4tes de la fa\u00e7ade maritime Ouest relevant de la 2\u00e8me r\u00e9gion militaire, a intercept\u00e9, lundi 11 d\u00e9cembre 2023 vers 8h40mn, trois (03) individus \u00e0 bord d&rsquo;un jet-ski, qui ont viol\u00e9 les fronti\u00e8res de nos eaux territoriales Ouest \u00e0 quelques sept (07) miles marins du nord de la plage de Marsa Ben M&rsquo;hidi\u00a0\u00bb, pr\u00e9cise la m\u00eame source, ajoutant que les \u00ab\u00a0premiers r\u00e9sultats des investigations toujours en cours, ont r\u00e9v\u00e9l\u00e9 que les individus arr\u00eat\u00e9s sont de nationalit\u00e9 marocaine\u00a0\u00bb.\u00a0\u00bbCette op\u00e9ration t\u00e9moigne, une fois de plus, de la vigilance permanente des \u00e9l\u00e9ments de l&rsquo;Arm\u00e9e nationale populaire (ANP), notamment dans cette zone maritime frontali\u00e8re qui conna\u00eet une activit\u00e9 intense des r\u00e9seaux de trafic de drogue, du crime organis\u00e9 et de migration clandestine\u00a0\u00bb, conclut le communiqu\u00e9.<\/p>\n\n\n\n<p>APS<\/p>\n","protected":false},"excerpt":{"rendered":"<p>Une unit\u00e9 des Garde-c\u00f4tes de la fa\u00e7ade maritime Ouest relevant de la 2\u00e8me r\u00e9gion militaire a intercept\u00e9, lundi matin, lors<\/p>\n","protected":false},"author":3,"featured_media":27980,"comment_status":"open","ping_status":"closed","sticky":false,"template":"","format":"standard","meta":{"colormag_page_container_layout":"default_layout","colormag_page_sidebar_layout":"default_layout","om_disable_all_campaigns":false,"_monsterinsights_skip_tracking":false,"_monsterinsights_sitenote_active":false,"_monsterinsights_sitenote_note":"","_monsterinsights_sitenote_category":0,"footnotes":"","_wpscppro_dont_share_socialmedia":false,"_wpscppro_custom_social_share_image":0,"_facebook_share_type":"","_twitter_share_type":"","_linkedin_share_type":"","_pinterest_share_type":"","_linkedin_share_type_page":"","_instagram_share_type":"","_medium_share_type":"","_threads_share_type":"","_google_business_share_type":"","_selected_social_profile":[],"_wpsp_enable_custom_social_template":false,"_wpsp_social_scheduling":{"enabled":false,"datetime":null,"platforms":[],"status":"template_only","dateOption":"today","timeOption":"now","customDays":"","customHours":"","customDate":"","customTime":"","schedulingType":"absolute"},"_wpsp_active_default_template":true},"categories":[27],"tags":[],"class_list":["post-47898","post","type-post","status-publish","format-standard","has-post-thumbnail","hentry","category-actualite"],"aioseo_notices":[],"yoast_head":"<!-- This site is optimized with the Yoast SEO plugin v27.4 - https:\/\/yoast.com\/product\/yoast-seo-wordpress\/ -->\n<title>MDN\u00a0: 3 Marocains qui ont viol\u00e9 les eaux territoriales alg\u00e9riennes arr\u00eat\u00e9s - La Sentinelle<\/title>\n<meta name=\"robots\" content=\"index, follow, max-snippet:-1, max-image-preview:large, max-video-preview:-1\" \/>\n<link rel=\"canonical\" href=\"https:\/\/lasentinelle.dz\/index.php\/2023\/12\/13\/mdn-3-marocains-qui-ont-viole-les-eaux-territoriales-algeriennes-arretes\/\" \/>\n<meta property=\"og:locale\" content=\"fr_FR\" \/>\n<meta property=\"og:type\" content=\"article\" \/>\n<meta property=\"og:title\" content=\"MDN\u00a0: 3 Marocains qui ont viol\u00e9 les eaux territoriales alg\u00e9riennes arr\u00eat\u00e9s - La Sentinelle\" \/>\n<meta property=\"og:description\" content=\"Une unit\u00e9 des Garde-c\u00f4tes de la fa\u00e7ade maritime Ouest relevant de la 2\u00e8me r\u00e9gion militaire a intercept\u00e9, lundi matin, lors\" \/>\n<meta property=\"og:url\" content=\"https:\/\/lasentinelle.dz\/index.php\/2023\/12\/13\/mdn-3-marocains-qui-ont-viole-les-eaux-territoriales-algeriennes-arretes\/\" \/>\n<meta property=\"og:site_name\" content=\"La Sentinelle\" \/>\n<meta property=\"article:publisher\" content=\"https:\/\/www.facebook.com\/La-Sentinelle-104059864394773\" \/>\n<meta property=\"article:published_time\" content=\"2023-12-13T21:01:52+00:00\" \/>\n<meta property=\"article:modified_time\" content=\"2023-12-13T21:01:53+00:00\" \/>\n<meta property=\"og:image\" content=\"https:\/\/lasentinelle.dz\/wp-content\/uploads\/2022\/09\/MDN.png\" \/>\n\t<meta property=\"og:image:width\" content=\"1350\" \/>\n\t<meta property=\"og:image:height\" content=\"900\" \/>\n\t<meta property=\"og:image:type\" content=\"image\/png\" \/>\n<meta name=\"author\" content=\"La Sentinelle\" \/>\n<meta name=\"twitter:card\" content=\"summary_large_image\" \/>\n<meta name=\"twitter:label1\" content=\"\u00c9crit par\" \/>\n\t<meta name=\"twitter:data1\" content=\"La Sentinelle\" \/>\n\t<meta name=\"twitter:label2\" content=\"Dur\u00e9e de lecture estim\u00e9e\" \/>\n\t<meta name=\"twitter:data2\" content=\"2 minutes\" \/>\n<script type=\"application\/ld+json\" class=\"yoast-schema-graph\">{\"@context\":\"https:\\\/\\\/schema.org\",\"@graph\":[{\"@type\":\"Article\",\"@id\":\"https:\\\/\\\/lasentinelle.dz\\\/index.php\\\/2023\\\/12\\\/13\\\/mdn-3-marocains-qui-ont-viole-les-eaux-territoriales-algeriennes-arretes\\\/#article\",\"isPartOf\":{\"@id\":\"https:\\\/\\\/lasentinelle.dz\\\/index.php\\\/2023\\\/12\\\/13\\\/mdn-3-marocains-qui-ont-viole-les-eaux-territoriales-algeriennes-arretes\\\/\"},\"author\":{\"name\":\"La Sentinelle\",\"@id\":\"https:\\\/\\\/lasentinelle.dz\\\/#\\\/schema\\\/person\\\/d865044e22e70a75174ce8bcad3acfb3\"},\"headline\":\"MDN\u00a0: 3 Marocains qui ont viol\u00e9 les eaux territoriales alg\u00e9riennes arr\u00eat\u00e9s\",\"datePublished\":\"2023-12-13T21:01:52+00:00\",\"dateModified\":\"2023-12-13T21:01:53+00:00\",\"mainEntityOfPage\":{\"@id\":\"https:\\\/\\\/lasentinelle.dz\\\/index.php\\\/2023\\\/12\\\/13\\\/mdn-3-marocains-qui-ont-viole-les-eaux-territoriales-algeriennes-arretes\\\/\"},\"wordCount\":238,\"commentCount\":0,\"publisher\":{\"@id\":\"https:\\\/\\\/lasentinelle.dz\\\/#organization\"},\"image\":{\"@id\":\"https:\\\/\\\/lasentinelle.dz\\\/index.php\\\/2023\\\/12\\\/13\\\/mdn-3-marocains-qui-ont-viole-les-eaux-territoriales-algeriennes-arretes\\\/#primaryimage\"},\"thumbnailUrl\":\"https:\\\/\\\/lasentinelle.dz\\\/wp-content\\\/uploads\\\/2022\\\/09\\\/MDN.png\",\"articleSection\":[\"Actualit\u00e9\"],\"inLanguage\":\"fr-FR\",\"potentialAction\":[{\"@type\":\"CommentAction\",\"name\":\"Comment\",\"target\":[\"https:\\\/\\\/lasentinelle.dz\\\/index.php\\\/2023\\\/12\\\/13\\\/mdn-3-marocains-qui-ont-viole-les-eaux-territoriales-algeriennes-arretes\\\/#respond\"]}]},{\"@type\":\"WebPage\",\"@id\":\"https:\\\/\\\/lasentinelle.dz\\\/index.php\\\/2023\\\/12\\\/13\\\/mdn-3-marocains-qui-ont-viole-les-eaux-territoriales-algeriennes-arretes\\\/\",\"url\":\"https:\\\/\\\/lasentinelle.dz\\\/index.php\\\/2023\\\/12\\\/13\\\/mdn-3-marocains-qui-ont-viole-les-eaux-territoriales-algeriennes-arretes\\\/\",\"name\":\"MDN\u00a0: 3 Marocains qui ont viol\u00e9 les eaux territoriales alg\u00e9riennes arr\u00eat\u00e9s - La Sentinelle\",\"isPartOf\":{\"@id\":\"https:\\\/\\\/lasentinelle.dz\\\/#website\"},\"primaryImageOfPage\":{\"@id\":\"https:\\\/\\\/lasentinelle.dz\\\/index.php\\\/2023\\\/12\\\/13\\\/mdn-3-marocains-qui-ont-viole-les-eaux-territoriales-algeriennes-arretes\\\/#primaryimage\"},\"image\":{\"@id\":\"https:\\\/\\\/lasentinelle.dz\\\/index.php\\\/2023\\\/12\\\/13\\\/mdn-3-marocains-qui-ont-viole-les-eaux-territoriales-algeriennes-arretes\\\/#primaryimage\"},\"thumbnailUrl\":\"https:\\\/\\\/lasentinelle.dz\\\/wp-content\\\/uploads\\\/2022\\\/09\\\/MDN.png\",\"datePublished\":\"2023-12-13T21:01:52+00:00\",\"dateModified\":\"2023-12-13T21:01:53+00:00\",\"breadcrumb\":{\"@id\":\"https:\\\/\\\/lasentinelle.dz\\\/index.php\\\/2023\\\/12\\\/13\\\/mdn-3-marocains-qui-ont-viole-les-eaux-territoriales-algeriennes-arretes\\\/#breadcrumb\"},\"inLanguage\":\"fr-FR\",\"potentialAction\":[{\"@type\":\"ReadAction\",\"target\":[\"https:\\\/\\\/lasentinelle.dz\\\/index.php\\\/2023\\\/12\\\/13\\\/mdn-3-marocains-qui-ont-viole-les-eaux-territoriales-algeriennes-arretes\\\/\"]}]},{\"@type\":\"ImageObject\",\"inLanguage\":\"fr-FR\",\"@id\":\"https:\\\/\\\/lasentinelle.dz\\\/index.php\\\/2023\\\/12\\\/13\\\/mdn-3-marocains-qui-ont-viole-les-eaux-territoriales-algeriennes-arretes\\\/#primaryimage\",\"url\":\"https:\\\/\\\/lasentinelle.dz\\\/wp-content\\\/uploads\\\/2022\\\/09\\\/MDN.png\",\"contentUrl\":\"https:\\\/\\\/lasentinelle.dz\\\/wp-content\\\/uploads\\\/2022\\\/09\\\/MDN.png\",\"width\":1350,\"height\":900},{\"@type\":\"BreadcrumbList\",\"@id\":\"https:\\\/\\\/lasentinelle.dz\\\/index.php\\\/2023\\\/12\\\/13\\\/mdn-3-marocains-qui-ont-viole-les-eaux-territoriales-algeriennes-arretes\\\/#breadcrumb\",\"itemListElement\":[{\"@type\":\"ListItem\",\"position\":1,\"name\":\"Accueil\",\"item\":\"https:\\\/\\\/lasentinelle.dz\\\/\"},{\"@type\":\"ListItem\",\"position\":2,\"name\":\"MDN\u00a0: 3 Marocains qui ont viol\u00e9 les eaux territoriales alg\u00e9riennes arr\u00eat\u00e9s\"}]},{\"@type\":\"WebSite\",\"@id\":\"https:\\\/\\\/lasentinelle.dz\\\/#website\",\"url\":\"https:\\\/\\\/lasentinelle.dz\\\/\",\"name\":\"La Sentinelle\",\"description\":\"Quotidien national d&#039;information\",\"publisher\":{\"@id\":\"https:\\\/\\\/lasentinelle.dz\\\/#organization\"},\"potentialAction\":[{\"@type\":\"SearchAction\",\"target\":{\"@type\":\"EntryPoint\",\"urlTemplate\":\"https:\\\/\\\/lasentinelle.dz\\\/?s={search_term_string}\"},\"query-input\":{\"@type\":\"PropertyValueSpecification\",\"valueRequired\":true,\"valueName\":\"search_term_string\"}}],\"inLanguage\":\"fr-FR\"},{\"@type\":\"Organization\",\"@id\":\"https:\\\/\\\/lasentinelle.dz\\\/#organization\",\"name\":\"Quotidien La Sentinelle\",\"url\":\"https:\\\/\\\/lasentinelle.dz\\\/\",\"logo\":{\"@type\":\"ImageObject\",\"inLanguage\":\"fr-FR\",\"@id\":\"https:\\\/\\\/lasentinelle.dz\\\/#\\\/schema\\\/logo\\\/image\\\/\",\"url\":\"https:\\\/\\\/lasentinelle.dz\\\/wp-content\\\/uploads\\\/2021\\\/09\\\/logo-sentinelleSLOGAN-1.png\",\"contentUrl\":\"https:\\\/\\\/lasentinelle.dz\\\/wp-content\\\/uploads\\\/2021\\\/09\\\/logo-sentinelleSLOGAN-1.png\",\"width\":615,\"height\":142,\"caption\":\"Quotidien La Sentinelle\"},\"image\":{\"@id\":\"https:\\\/\\\/lasentinelle.dz\\\/#\\\/schema\\\/logo\\\/image\\\/\"},\"sameAs\":[\"https:\\\/\\\/www.facebook.com\\\/La-Sentinelle-104059864394773\"]},{\"@type\":\"Person\",\"@id\":\"https:\\\/\\\/lasentinelle.dz\\\/#\\\/schema\\\/person\\\/d865044e22e70a75174ce8bcad3acfb3\",\"name\":\"La Sentinelle\",\"image\":{\"@type\":\"ImageObject\",\"inLanguage\":\"fr-FR\",\"@id\":\"https:\\\/\\\/secure.gravatar.com\\\/avatar\\\/57de8e5d4b15d43fb361a71fbb36338450fe67865b528a43dd10ef7c51a20392?s=96&d=mm&r=g\",\"url\":\"https:\\\/\\\/secure.gravatar.com\\\/avatar\\\/57de8e5d4b15d43fb361a71fbb36338450fe67865b528a43dd10ef7c51a20392?s=96&d=mm&r=g\",\"contentUrl\":\"https:\\\/\\\/secure.gravatar.com\\\/avatar\\\/57de8e5d4b15d43fb361a71fbb36338450fe67865b528a43dd10ef7c51a20392?s=96&d=mm&r=g\",\"caption\":\"La Sentinelle\"},\"sameAs\":[\"http:\\\/\\\/www.lasentinelle.dz\"],\"url\":\"https:\\\/\\\/lasentinelle.dz\\\/author\\\/redaction\\\/\"}]}<\/script>\n<!-- \/ Yoast SEO plugin. -->","yoast_head_json":{"title":"MDN\u00a0: 3 Marocains qui ont viol\u00e9 les eaux territoriales alg\u00e9riennes arr\u00eat\u00e9s - La Sentinelle","robots":{"index":"index","follow":"follow","max-snippet":"max-snippet:-1","max-image-preview":"max-image-preview:large","max-video-preview":"max-video-preview:-1"},"canonical":"https:\/\/lasentinelle.dz\/index.php\/2023\/12\/13\/mdn-3-marocains-qui-ont-viole-les-eaux-territoriales-algeriennes-arretes\/","og_locale":"fr_FR","og_type":"article","og_title":"MDN\u00a0: 3 Marocains qui ont viol\u00e9 les eaux territoriales alg\u00e9riennes arr\u00eat\u00e9s - La Sentinelle","og_description":"Une unit\u00e9 des Garde-c\u00f4tes de la fa\u00e7ade maritime Ouest relevant de la 2\u00e8me r\u00e9gion militaire a intercept\u00e9, lundi matin, lors","og_url":"https:\/\/lasentinelle.dz\/index.php\/2023\/12\/13\/mdn-3-marocains-qui-ont-viole-les-eaux-territoriales-algeriennes-arretes\/","og_site_name":"La Sentinelle","article_publisher":"https:\/\/www.facebook.com\/La-Sentinelle-104059864394773","article_published_time":"2023-12-13T21:01:52+00:00","article_modified_time":"2023-12-13T21:01:53+00:00","og_image":[{"width":1350,"height":900,"url":"https:\/\/lasentinelle.dz\/wp-content\/uploads\/2022\/09\/MDN.png","type":"image\/png"}],"author":"La Sentinelle","twitter_card":"summary_large_image","twitter_misc":{"\u00c9crit par":"La Sentinelle","Dur\u00e9e de lecture estim\u00e9e":"2 minutes"},"schema":{"@context":"https:\/\/schema.org","@graph":[{"@type":"Article","@id":"https:\/\/lasentinelle.dz\/index.php\/2023\/12\/13\/mdn-3-marocains-qui-ont-viole-les-eaux-territoriales-algeriennes-arretes\/#article","isPartOf":{"@id":"https:\/\/lasentinelle.dz\/index.php\/2023\/12\/13\/mdn-3-marocains-qui-ont-viole-les-eaux-territoriales-algeriennes-arretes\/"},"author":{"name":"La Sentinelle","@id":"https:\/\/lasentinelle.dz\/#\/schema\/person\/d865044e22e70a75174ce8bcad3acfb3"},"headline":"MDN\u00a0: 3 Marocains qui ont viol\u00e9 les eaux territoriales alg\u00e9riennes arr\u00eat\u00e9s","datePublished":"2023-12-13T21:01:52+00:00","dateModified":"2023-12-13T21:01:53+00:00","mainEntityOfPage":{"@id":"https:\/\/lasentinelle.dz\/index.php\/2023\/12\/13\/mdn-3-marocains-qui-ont-viole-les-eaux-territoriales-algeriennes-arretes\/"},"wordCount":238,"commentCount":0,"publisher":{"@id":"https:\/\/lasentinelle.dz\/#organization"},"image":{"@id":"https:\/\/lasentinelle.dz\/index.php\/2023\/12\/13\/mdn-3-marocains-qui-ont-viole-les-eaux-territoriales-algeriennes-arretes\/#primaryimage"},"thumbnailUrl":"https:\/\/lasentinelle.dz\/wp-content\/uploads\/2022\/09\/MDN.png","articleSection":["Actualit\u00e9"],"inLanguage":"fr-FR","potentialAction":[{"@type":"CommentAction","name":"Comment","target":["https:\/\/lasentinelle.dz\/index.php\/2023\/12\/13\/mdn-3-marocains-qui-ont-viole-les-eaux-territoriales-algeriennes-arretes\/#respond"]}]},{"@type":"WebPage","@id":"https:\/\/lasentinelle.dz\/index.php\/2023\/12\/13\/mdn-3-marocains-qui-ont-viole-les-eaux-territoriales-algeriennes-arretes\/","url":"https:\/\/lasentinelle.dz\/index.php\/2023\/12\/13\/mdn-3-marocains-qui-ont-viole-les-eaux-territoriales-algeriennes-arretes\/","name":"MDN\u00a0: 3 Marocains qui ont viol\u00e9 les eaux territoriales alg\u00e9riennes arr\u00eat\u00e9s - La Sentinelle","isPartOf":{"@id":"https:\/\/lasentinelle.dz\/#website"},"primaryImageOfPage":{"@id":"https:\/\/lasentinelle.dz\/index.php\/2023\/12\/13\/mdn-3-marocains-qui-ont-viole-les-eaux-territoriales-algeriennes-arretes\/#primaryimage"},"image":{"@id":"https:\/\/lasentinelle.dz\/index.php\/2023\/12\/13\/mdn-3-marocains-qui-ont-viole-les-eaux-territoriales-algeriennes-arretes\/#primaryimage"},"thumbnailUrl":"https:\/\/lasentinelle.dz\/wp-content\/uploads\/2022\/09\/MDN.png","datePublished":"2023-12-13T21:01:52+00:00","dateModified":"2023-12-13T21:01:53+00:00","breadcrumb":{"@id":"https:\/\/lasentinelle.dz\/index.php\/2023\/12\/13\/mdn-3-marocains-qui-ont-viole-les-eaux-territoriales-algeriennes-arretes\/#breadcrumb"},"inLanguage":"fr-FR","potentialAction":[{"@type":"ReadAction","target":["https:\/\/lasentinelle.dz\/index.php\/2023\/12\/13\/mdn-3-marocains-qui-ont-viole-les-eaux-territoriales-algeriennes-arretes\/"]}]},{"@type":"ImageObject","inLanguage":"fr-FR","@id":"https:\/\/lasentinelle.dz\/index.php\/2023\/12\/13\/mdn-3-marocains-qui-ont-viole-les-eaux-territoriales-algeriennes-arretes\/#primaryimage","url":"https:\/\/lasentinelle.dz\/wp-content\/uploads\/2022\/09\/MDN.png","contentUrl":"https:\/\/lasentinelle.dz\/wp-content\/uploads\/2022\/09\/MDN.png","width":1350,"height":900},{"@type":"BreadcrumbList","@id":"https:\/\/lasentinelle.dz\/index.php\/2023\/12\/13\/mdn-3-marocains-qui-ont-viole-les-eaux-territoriales-algeriennes-arretes\/#breadcrumb","itemListElement":[{"@type":"ListItem","position":1,"name":"Accueil","item":"https:\/\/lasentinelle.dz\/"},{"@type":"ListItem","position":2,"name":"MDN\u00a0: 3 Marocains qui ont viol\u00e9 les eaux territoriales alg\u00e9riennes arr\u00eat\u00e9s"}]},{"@type":"WebSite","@id":"https:\/\/lasentinelle.dz\/#website","url":"https:\/\/lasentinelle.dz\/","name":"La Sentinelle","description":"Quotidien national d&#039;information","publisher":{"@id":"https:\/\/lasentinelle.dz\/#organization"},"potentialAction":[{"@type":"SearchAction","target":{"@type":"EntryPoint","urlTemplate":"https:\/\/lasentinelle.dz\/?s={search_term_string}"},"query-input":{"@type":"PropertyValueSpecification","valueRequired":true,"valueName":"search_term_string"}}],"inLanguage":"fr-FR"},{"@type":"Organization","@id":"https:\/\/lasentinelle.dz\/#organization","name":"Quotidien La Sentinelle","url":"https:\/\/lasentinelle.dz\/","logo":{"@type":"ImageObject","inLanguage":"fr-FR","@id":"https:\/\/lasentinelle.dz\/#\/schema\/logo\/image\/","url":"https:\/\/lasentinelle.dz\/wp-content\/uploads\/2021\/09\/logo-sentinelleSLOGAN-1.png","contentUrl":"https:\/\/lasentinelle.dz\/wp-content\/uploads\/2021\/09\/logo-sentinelleSLOGAN-1.png","width":615,"height":142,"caption":"Quotidien La Sentinelle"},"image":{"@id":"https:\/\/lasentinelle.dz\/#\/schema\/logo\/image\/"},"sameAs":["https:\/\/www.facebook.com\/La-Sentinelle-104059864394773"]},{"@type":"Person","@id":"https:\/\/lasentinelle.dz\/#\/schema\/person\/d865044e22e70a75174ce8bcad3acfb3","name":"La Sentinelle","image":{"@type":"ImageObject","inLanguage":"fr-FR","@id":"https:\/\/secure.gravatar.com\/avatar\/57de8e5d4b15d43fb361a71fbb36338450fe67865b528a43dd10ef7c51a20392?s=96&d=mm&r=g","url":"https:\/\/secure.gravatar.com\/avatar\/57de8e5d4b15d43fb361a71fbb36338450fe67865b528a43dd10ef7c51a20392?s=96&d=mm&r=g","contentUrl":"https:\/\/secure.gravatar.com\/avatar\/57de8e5d4b15d43fb361a71fbb36338450fe67865b528a43dd10ef7c51a20392?s=96&d=mm&r=g","caption":"La Sentinelle"},"sameAs":["http:\/\/www.lasentinelle.dz"],"url":"https:\/\/lasentinelle.dz\/author\/redaction\/"}]}},"_links":{"self":[{"href":"https:\/\/lasentinelle.dz\/index.php\/wp-json\/wp\/v2\/posts\/47898","targetHints":{"allow":["GET"]}}],"collection":[{"href":"https:\/\/lasentinelle.dz\/index.php\/wp-json\/wp\/v2\/posts"}],"about":[{"href":"https:\/\/lasentinelle.dz\/index.php\/wp-json\/wp\/v2\/types\/post"}],"author":[{"embeddable":true,"href":"https:\/\/lasentinelle.dz\/index.php\/wp-json\/wp\/v2\/users\/3"}],"replies":[{"embeddable":true,"href":"https:\/\/lasentinelle.dz\/index.php\/wp-json\/wp\/v2\/comments?post=47898"}],"version-history":[{"count":1,"href":"https:\/\/lasentinelle.dz\/index.php\/wp-json\/wp\/v2\/posts\/47898\/revisions"}],"predecessor-version":[{"id":47899,"href":"https:\/\/lasentinelle.dz\/index.php\/wp-json\/wp\/v2\/posts\/47898\/revisions\/47899"}],"wp:featuredmedia":[{"embeddable":true,"href":"https:\/\/lasentinelle.dz\/index.php\/wp-json\/wp\/v2\/media\/27980"}],"wp:attachment":[{"href":"https:\/\/lasentinelle.dz\/index.php\/wp-json\/wp\/v2\/media?parent=47898"}],"wp:term":[{"taxonomy":"category","embeddable":true,"href":"https:\/\/lasentinelle.dz\/index.php\/wp-json\/wp\/v2\/categories?post=47898"},{"taxonomy":"post_tag","embeddable":true,"href":"https:\/\/lasentinelle.dz\/index.php\/wp-json\/wp\/v2\/tags?post=47898"}],"curies":[{"name":"wp","href":"https:\/\/api.w.org\/{rel}","templated":true}]}}