{"id":47912,"date":"2023-12-12T22:09:00","date_gmt":"2023-12-12T21:09:00","guid":{"rendered":"https:\/\/lasentinelle.dz\/?p=47912"},"modified":"2023-12-13T22:11:29","modified_gmt":"2023-12-13T21:11:29","slug":"lonu-appelle-a-respecter-le-droit-du-peuple-sahraoui-a-lautodetermination-une-autre-gifle-pour-le-makhzen","status":"publish","type":"post","link":"https:\/\/lasentinelle.dz\/index.php\/2023\/12\/12\/lonu-appelle-a-respecter-le-droit-du-peuple-sahraoui-a-lautodetermination-une-autre-gifle-pour-le-makhzen\/","title":{"rendered":"L\u2019ONU appelle \u00e0 respecter le droit du peuple sahraoui \u00e0 l&rsquo;autod\u00e9termination\u00a0: Une autre gifle pour le Makhzen"},"content":{"rendered":"\n<p>C\u2019est un nouveau camouflet pour le r\u00e9gime marocain. Ce dernier se fait \u00e9pingler une nouvelle fois par les instances onusiennes \u00e0 propos du Sahara occidental.<\/p>\n\n\n\n<p>En effet, quelques jours apr\u00e8s que le Groupe de travail des Nations unies sur la d\u00e9tention arbitraire ait exhort\u00e9 le Maroc \u00e0 lib\u00e9rer les prisonniers de Gdeim Izik, un autre comit\u00e9 onusien a appel\u00e9 l\u2019occupation marocaine \u00e0 respecter le droit du peuple sahraoui \u00e0 l&rsquo;autod\u00e9termination. Le Comit\u00e9 pour l&rsquo;\u00e9limination de la discrimination raciale de l&rsquo;ONU (Cerd) a appel\u00e9 le Maroc \u00e0 respecter le droit du peuple sahraoui \u00e0 l&rsquo;autod\u00e9termination conform\u00e9ment au droit international.L&rsquo;organe d&rsquo;experts en droits de l&rsquo;Homme, charg\u00e9 de surveiller la mise en \u0153uvre de la Convention internationale sur l&rsquo;\u00e9limination de toutes les forces de discrimination raciale, a clos les travaux de sa 111e session qui s&rsquo;est tenue du 20 novembre au 8 d\u00e9cembre, en rendant ses observations concernant l&rsquo;examen de deux rapports p\u00e9riodiques du Maroc.Regrettant l&rsquo;absence de solution sur la question relative \u00e0 l&rsquo;exercice du droit \u00e0 l&rsquo;autod\u00e9termination du peuple sahraoui, le Cerd s&rsquo;est associ\u00e9 aux recommandations du Comit\u00e9 des droits de l&rsquo;Homme et du Comit\u00e9 des droits \u00e9conomiques, sociaux et culturels, en appelant le Maroc \u00e0 respecter le droit du peuple sahraoui \u00e0 l&rsquo;autod\u00e9termination conform\u00e9ment au droit international.<\/p>\n\n\n\n<p>Le comit\u00e9 s&rsquo;est dit \u00ab\u00a0pr\u00e9occup\u00e9 par des all\u00e9gations selon lesquelles des activistes, des d\u00e9fenseurs des droits de l&rsquo;Homme, des mouvements estudiantins et des organisations sahraouis qui d\u00e9fendent le droit \u00e0 l&rsquo;autod\u00e9termination du peuple du Sahara occidental et l&rsquo;identit\u00e9 sahraouie, sont la cible d&rsquo;intimidations et de surveillance, font l&rsquo;objet de contr\u00f4les fr\u00e9quents de la part des forces de l&rsquo;ordre et se heurtent \u00e0 des obstacles en mati\u00e8re d\u2019enregistrement et de tenue de r\u00e9unions\u00a0\u00bb. Il a, en outre, exprim\u00e9 ses pr\u00e9occupations concernant \u00ab\u00a0les informations indiquant que les autorit\u00e9s marocaines ont emp\u00each\u00e9 et r\u00e9prim\u00e9 des rassemblements en faveur du droit \u00e0 l\u2019autod\u00e9termination et les comm\u00e9morations sahraouies, au d\u00e9triment de l&rsquo;exercice de leur droit \u00e0 la libert\u00e9 d\u2019expression, d&rsquo;association et de r\u00e9union\u00a0\u00bb. Dans ce contexte, le Cerd a demand\u00e9 au Maroc d'\u00a0\u00bbadopter les mesures n\u00e9cessaires pour garantir, dans la loi et dans la pratique, l&rsquo;exercice effectif par les Sahraouis de leurs droits, y compris \u00e0 la libert\u00e9 d&rsquo;expression, d&rsquo;association et de r\u00e9union\u00a0\u00bb.<\/p>\n\n\n\n<p>Par ailleurs, le Comit\u00e9 onusien a appel\u00e9 le Makhzen \u00e0 \u00ab\u00a0veiller \u00e0 ce que les activistes, les d\u00e9fenseurs des droits humains, les mouvements estudiantins et les organisations sahraouis puissent op\u00e9rer libres de toute interf\u00e9rence indue du Maroc et sans crainte de repr\u00e9sailles ou de restrictions injustifi\u00e9es de leurs activit\u00e9s\u00a0\u00bb.Il lui a \u00e9galement demand\u00e9 de \u00ab\u00a0prendre les mesures n\u00e9cessaires de sorte que tous les cas de r\u00e9pression de rassemblements, y compris par l&rsquo;usage excessif de la force de la part des responsables de la loi, de surveillance et de repr\u00e9sailles \u00e0 l&rsquo;\u00e9gard d\u2019activistes, de d\u00e9fenseurs des droits de l&rsquo;Homme et des manifestants, fassent l&rsquo;objet d\u2019enqu\u00eates efficaces, approfondies et impartiales, et que les responsables soient sanctionn\u00e9s et les victimes obtiennent une r\u00e9paration ad\u00e9quate\u00a0\u00bb. Sur un autre registre, le comit\u00e9 s&rsquo;est dit pr\u00e9occup\u00e9 par \u00ab\u00a0les all\u00e9gations de profilage racial et de recours excessif \u00e0 la force par la police marocaine et d&rsquo;autres responsables de l&rsquo;application des lois contre les migrants, les demandeurs d&rsquo;asile et les r\u00e9fugi\u00e9s, ainsi que par les arrestations, d\u00e9tentions et d\u00e9placements forc\u00e9s du nord vers le sud, qui ont touch\u00e9 de mani\u00e8re disproportionn\u00e9e les migrants subsahariens\u00a0\u00bb. Ainsi, il a appel\u00e9 le Maroc \u00e0 \u00ab\u00a0interdire le profilage racial dans sa l\u00e9gislation et \u00e0 prendre des mesures appropri\u00e9es pour mettre fin aux arrestations et d\u00e9tentions arbitraires, aux r\u00e9installations forc\u00e9es et au recours excessif \u00e0 la force, en particulier \u00e0 l&rsquo;\u00e9gard des migrants, des demandeurs d&rsquo;asile et des r\u00e9fugi\u00e9s des pays subsahariens\u00a0\u00bb. Le Cerd a \u00e9galement exhort\u00e9 les autorit\u00e9s marocaines \u00e0 \u00ab\u00a0enqu\u00eater sur tous les cas de profilage racial, de mauvais traitements et d&rsquo;abus d&rsquo;autorit\u00e9 de la part des responsables de l&rsquo;application des lois, de poursuivre et de sanctionner les responsables et de veiller \u00e0 ce que les victimes aient acc\u00e8s \u00e0 des recours utiles\u00a0\u00bb.<\/p>\n\n\n\n<p>R.I. avec APS<\/p>\n","protected":false},"excerpt":{"rendered":"<p>C\u2019est un nouveau camouflet pour le r\u00e9gime marocain. Ce dernier se fait \u00e9pingler une nouvelle fois par les instances onusiennes<\/p>\n","protected":false},"author":3,"featured_media":47913,"comment_status":"open","ping_status":"closed","sticky":false,"template":"","format":"standard","meta":{"colormag_page_container_layout":"default_layout","colormag_page_sidebar_layout":"default_layout","om_disable_all_campaigns":false,"_monsterinsights_skip_tracking":false,"_monsterinsights_sitenote_active":false,"_monsterinsights_sitenote_note":"","_monsterinsights_sitenote_category":0,"footnotes":"","_wpscppro_dont_share_socialmedia":false,"_wpscppro_custom_social_share_image":0,"_facebook_share_type":"","_twitter_share_type":"","_linkedin_share_type":"","_pinterest_share_type":"","_linkedin_share_type_page":"","_instagram_share_type":"","_medium_share_type":"","_threads_share_type":"","_google_business_share_type":"","_selected_social_profile":[],"_wpsp_enable_custom_social_template":false,"_wpsp_social_scheduling":{"enabled":false,"datetime":null,"platforms":[],"status":"template_only","dateOption":"today","timeOption":"now","customDays":"","customHours":"","customDate":"","customTime":"","schedulingType":"absolute"},"_wpsp_active_default_template":true},"categories":[52,37],"tags":[],"class_list":["post-47912","post","type-post","status-publish","format-standard","has-post-thumbnail","hentry","category-a-la-une","category-monde"],"aioseo_notices":[],"yoast_head":"<!-- This site is optimized with the Yoast SEO plugin v27.5 - https:\/\/yoast.com\/product\/yoast-seo-wordpress\/ -->\n<title>L\u2019ONU appelle \u00e0 respecter le droit du peuple sahraoui \u00e0 l&rsquo;autod\u00e9termination\u00a0: Une autre gifle pour le Makhzen - La Sentinelle<\/title>\n<meta name=\"robots\" content=\"index, follow, max-snippet:-1, max-image-preview:large, max-video-preview:-1\" \/>\n<link rel=\"canonical\" href=\"https:\/\/lasentinelle.dz\/index.php\/2023\/12\/12\/lonu-appelle-a-respecter-le-droit-du-peuple-sahraoui-a-lautodetermination-une-autre-gifle-pour-le-makhzen\/\" \/>\n<meta property=\"og:locale\" content=\"fr_FR\" \/>\n<meta property=\"og:type\" content=\"article\" \/>\n<meta property=\"og:title\" content=\"L\u2019ONU appelle \u00e0 respecter le droit du peuple sahraoui \u00e0 l&rsquo;autod\u00e9termination\u00a0: Une autre gifle pour le Makhzen - La Sentinelle\" \/>\n<meta property=\"og:description\" content=\"C\u2019est un nouveau camouflet pour le r\u00e9gime marocain. Ce dernier se fait \u00e9pingler une nouvelle fois par les instances onusiennes\" \/>\n<meta property=\"og:url\" content=\"https:\/\/lasentinelle.dz\/index.php\/2023\/12\/12\/lonu-appelle-a-respecter-le-droit-du-peuple-sahraoui-a-lautodetermination-une-autre-gifle-pour-le-makhzen\/\" \/>\n<meta property=\"og:site_name\" content=\"La Sentinelle\" \/>\n<meta property=\"article:publisher\" content=\"https:\/\/www.facebook.com\/La-Sentinelle-104059864394773\" \/>\n<meta property=\"article:published_time\" content=\"2023-12-12T21:09:00+00:00\" \/>\n<meta property=\"article:modified_time\" content=\"2023-12-13T21:11:29+00:00\" \/>\n<meta property=\"og:image\" content=\"https:\/\/lasentinelle.dz\/wp-content\/uploads\/2023\/12\/Sahara-occidental.jpeg\" \/>\n\t<meta property=\"og:image:width\" content=\"745\" \/>\n\t<meta property=\"og:image:height\" content=\"470\" \/>\n\t<meta property=\"og:image:type\" content=\"image\/jpeg\" \/>\n<meta name=\"author\" content=\"La Sentinelle\" \/>\n<meta name=\"twitter:card\" content=\"summary_large_image\" \/>\n<meta name=\"twitter:label1\" content=\"\u00c9crit par\" \/>\n\t<meta name=\"twitter:data1\" content=\"La Sentinelle\" \/>\n\t<meta name=\"twitter:label2\" content=\"Dur\u00e9e de lecture estim\u00e9e\" \/>\n\t<meta name=\"twitter:data2\" content=\"4 minutes\" \/>\n<script type=\"application\/ld+json\" class=\"yoast-schema-graph\">{\"@context\":\"https:\\\/\\\/schema.org\",\"@graph\":[{\"@type\":\"Article\",\"@id\":\"https:\\\/\\\/lasentinelle.dz\\\/index.php\\\/2023\\\/12\\\/12\\\/lonu-appelle-a-respecter-le-droit-du-peuple-sahraoui-a-lautodetermination-une-autre-gifle-pour-le-makhzen\\\/#article\",\"isPartOf\":{\"@id\":\"https:\\\/\\\/lasentinelle.dz\\\/index.php\\\/2023\\\/12\\\/12\\\/lonu-appelle-a-respecter-le-droit-du-peuple-sahraoui-a-lautodetermination-une-autre-gifle-pour-le-makhzen\\\/\"},\"author\":{\"name\":\"La Sentinelle\",\"@id\":\"https:\\\/\\\/lasentinelle.dz\\\/#\\\/schema\\\/person\\\/d865044e22e70a75174ce8bcad3acfb3\"},\"headline\":\"L\u2019ONU appelle \u00e0 respecter le droit du peuple sahraoui \u00e0 l&rsquo;autod\u00e9termination\u00a0: Une autre gifle pour le Makhzen\",\"datePublished\":\"2023-12-12T21:09:00+00:00\",\"dateModified\":\"2023-12-13T21:11:29+00:00\",\"mainEntityOfPage\":{\"@id\":\"https:\\\/\\\/lasentinelle.dz\\\/index.php\\\/2023\\\/12\\\/12\\\/lonu-appelle-a-respecter-le-droit-du-peuple-sahraoui-a-lautodetermination-une-autre-gifle-pour-le-makhzen\\\/\"},\"wordCount\":767,\"commentCount\":0,\"publisher\":{\"@id\":\"https:\\\/\\\/lasentinelle.dz\\\/#organization\"},\"image\":{\"@id\":\"https:\\\/\\\/lasentinelle.dz\\\/index.php\\\/2023\\\/12\\\/12\\\/lonu-appelle-a-respecter-le-droit-du-peuple-sahraoui-a-lautodetermination-une-autre-gifle-pour-le-makhzen\\\/#primaryimage\"},\"thumbnailUrl\":\"https:\\\/\\\/lasentinelle.dz\\\/wp-content\\\/uploads\\\/2023\\\/12\\\/Sahara-occidental.jpeg\",\"articleSection\":[\"\u00c0 la Une\",\"Monde\"],\"inLanguage\":\"fr-FR\",\"potentialAction\":[{\"@type\":\"CommentAction\",\"name\":\"Comment\",\"target\":[\"https:\\\/\\\/lasentinelle.dz\\\/index.php\\\/2023\\\/12\\\/12\\\/lonu-appelle-a-respecter-le-droit-du-peuple-sahraoui-a-lautodetermination-une-autre-gifle-pour-le-makhzen\\\/#respond\"]}]},{\"@type\":\"WebPage\",\"@id\":\"https:\\\/\\\/lasentinelle.dz\\\/index.php\\\/2023\\\/12\\\/12\\\/lonu-appelle-a-respecter-le-droit-du-peuple-sahraoui-a-lautodetermination-une-autre-gifle-pour-le-makhzen\\\/\",\"url\":\"https:\\\/\\\/lasentinelle.dz\\\/index.php\\\/2023\\\/12\\\/12\\\/lonu-appelle-a-respecter-le-droit-du-peuple-sahraoui-a-lautodetermination-une-autre-gifle-pour-le-makhzen\\\/\",\"name\":\"L\u2019ONU appelle \u00e0 respecter le droit du peuple sahraoui \u00e0 l&rsquo;autod\u00e9termination\u00a0: Une autre gifle pour le Makhzen - La Sentinelle\",\"isPartOf\":{\"@id\":\"https:\\\/\\\/lasentinelle.dz\\\/#website\"},\"primaryImageOfPage\":{\"@id\":\"https:\\\/\\\/lasentinelle.dz\\\/index.php\\\/2023\\\/12\\\/12\\\/lonu-appelle-a-respecter-le-droit-du-peuple-sahraoui-a-lautodetermination-une-autre-gifle-pour-le-makhzen\\\/#primaryimage\"},\"image\":{\"@id\":\"https:\\\/\\\/lasentinelle.dz\\\/index.php\\\/2023\\\/12\\\/12\\\/lonu-appelle-a-respecter-le-droit-du-peuple-sahraoui-a-lautodetermination-une-autre-gifle-pour-le-makhzen\\\/#primaryimage\"},\"thumbnailUrl\":\"https:\\\/\\\/lasentinelle.dz\\\/wp-content\\\/uploads\\\/2023\\\/12\\\/Sahara-occidental.jpeg\",\"datePublished\":\"2023-12-12T21:09:00+00:00\",\"dateModified\":\"2023-12-13T21:11:29+00:00\",\"breadcrumb\":{\"@id\":\"https:\\\/\\\/lasentinelle.dz\\\/index.php\\\/2023\\\/12\\\/12\\\/lonu-appelle-a-respecter-le-droit-du-peuple-sahraoui-a-lautodetermination-une-autre-gifle-pour-le-makhzen\\\/#breadcrumb\"},\"inLanguage\":\"fr-FR\",\"potentialAction\":[{\"@type\":\"ReadAction\",\"target\":[\"https:\\\/\\\/lasentinelle.dz\\\/index.php\\\/2023\\\/12\\\/12\\\/lonu-appelle-a-respecter-le-droit-du-peuple-sahraoui-a-lautodetermination-une-autre-gifle-pour-le-makhzen\\\/\"]}]},{\"@type\":\"ImageObject\",\"inLanguage\":\"fr-FR\",\"@id\":\"https:\\\/\\\/lasentinelle.dz\\\/index.php\\\/2023\\\/12\\\/12\\\/lonu-appelle-a-respecter-le-droit-du-peuple-sahraoui-a-lautodetermination-une-autre-gifle-pour-le-makhzen\\\/#primaryimage\",\"url\":\"https:\\\/\\\/lasentinelle.dz\\\/wp-content\\\/uploads\\\/2023\\\/12\\\/Sahara-occidental.jpeg\",\"contentUrl\":\"https:\\\/\\\/lasentinelle.dz\\\/wp-content\\\/uploads\\\/2023\\\/12\\\/Sahara-occidental.jpeg\",\"width\":745,\"height\":470},{\"@type\":\"BreadcrumbList\",\"@id\":\"https:\\\/\\\/lasentinelle.dz\\\/index.php\\\/2023\\\/12\\\/12\\\/lonu-appelle-a-respecter-le-droit-du-peuple-sahraoui-a-lautodetermination-une-autre-gifle-pour-le-makhzen\\\/#breadcrumb\",\"itemListElement\":[{\"@type\":\"ListItem\",\"position\":1,\"name\":\"Accueil\",\"item\":\"https:\\\/\\\/lasentinelle.dz\\\/\"},{\"@type\":\"ListItem\",\"position\":2,\"name\":\"L\u2019ONU appelle \u00e0 respecter le droit du peuple sahraoui \u00e0 l&rsquo;autod\u00e9termination\u00a0: Une autre gifle pour le Makhzen\"}]},{\"@type\":\"WebSite\",\"@id\":\"https:\\\/\\\/lasentinelle.dz\\\/#website\",\"url\":\"https:\\\/\\\/lasentinelle.dz\\\/\",\"name\":\"La Sentinelle\",\"description\":\"Quotidien national d&#039;information\",\"publisher\":{\"@id\":\"https:\\\/\\\/lasentinelle.dz\\\/#organization\"},\"potentialAction\":[{\"@type\":\"SearchAction\",\"target\":{\"@type\":\"EntryPoint\",\"urlTemplate\":\"https:\\\/\\\/lasentinelle.dz\\\/?s={search_term_string}\"},\"query-input\":{\"@type\":\"PropertyValueSpecification\",\"valueRequired\":true,\"valueName\":\"search_term_string\"}}],\"inLanguage\":\"fr-FR\"},{\"@type\":\"Organization\",\"@id\":\"https:\\\/\\\/lasentinelle.dz\\\/#organization\",\"name\":\"Quotidien La Sentinelle\",\"url\":\"https:\\\/\\\/lasentinelle.dz\\\/\",\"logo\":{\"@type\":\"ImageObject\",\"inLanguage\":\"fr-FR\",\"@id\":\"https:\\\/\\\/lasentinelle.dz\\\/#\\\/schema\\\/logo\\\/image\\\/\",\"url\":\"https:\\\/\\\/lasentinelle.dz\\\/wp-content\\\/uploads\\\/2021\\\/09\\\/logo-sentinelleSLOGAN-1.png\",\"contentUrl\":\"https:\\\/\\\/lasentinelle.dz\\\/wp-content\\\/uploads\\\/2021\\\/09\\\/logo-sentinelleSLOGAN-1.png\",\"width\":615,\"height\":142,\"caption\":\"Quotidien La Sentinelle\"},\"image\":{\"@id\":\"https:\\\/\\\/lasentinelle.dz\\\/#\\\/schema\\\/logo\\\/image\\\/\"},\"sameAs\":[\"https:\\\/\\\/www.facebook.com\\\/La-Sentinelle-104059864394773\"]},{\"@type\":\"Person\",\"@id\":\"https:\\\/\\\/lasentinelle.dz\\\/#\\\/schema\\\/person\\\/d865044e22e70a75174ce8bcad3acfb3\",\"name\":\"La Sentinelle\",\"image\":{\"@type\":\"ImageObject\",\"inLanguage\":\"fr-FR\",\"@id\":\"https:\\\/\\\/secure.gravatar.com\\\/avatar\\\/57de8e5d4b15d43fb361a71fbb36338450fe67865b528a43dd10ef7c51a20392?s=96&d=mm&r=g\",\"url\":\"https:\\\/\\\/secure.gravatar.com\\\/avatar\\\/57de8e5d4b15d43fb361a71fbb36338450fe67865b528a43dd10ef7c51a20392?s=96&d=mm&r=g\",\"contentUrl\":\"https:\\\/\\\/secure.gravatar.com\\\/avatar\\\/57de8e5d4b15d43fb361a71fbb36338450fe67865b528a43dd10ef7c51a20392?s=96&d=mm&r=g\",\"caption\":\"La Sentinelle\"},\"sameAs\":[\"http:\\\/\\\/www.lasentinelle.dz\"],\"url\":\"https:\\\/\\\/lasentinelle.dz\\\/author\\\/redaction\\\/\"}]}<\/script>\n<!-- \/ Yoast SEO plugin. -->","yoast_head_json":{"title":"L\u2019ONU appelle \u00e0 respecter le droit du peuple sahraoui \u00e0 l&rsquo;autod\u00e9termination\u00a0: Une autre gifle pour le Makhzen - La Sentinelle","robots":{"index":"index","follow":"follow","max-snippet":"max-snippet:-1","max-image-preview":"max-image-preview:large","max-video-preview":"max-video-preview:-1"},"canonical":"https:\/\/lasentinelle.dz\/index.php\/2023\/12\/12\/lonu-appelle-a-respecter-le-droit-du-peuple-sahraoui-a-lautodetermination-une-autre-gifle-pour-le-makhzen\/","og_locale":"fr_FR","og_type":"article","og_title":"L\u2019ONU appelle \u00e0 respecter le droit du peuple sahraoui \u00e0 l&rsquo;autod\u00e9termination\u00a0: Une autre gifle pour le Makhzen - La Sentinelle","og_description":"C\u2019est un nouveau camouflet pour le r\u00e9gime marocain. Ce dernier se fait \u00e9pingler une nouvelle fois par les instances onusiennes","og_url":"https:\/\/lasentinelle.dz\/index.php\/2023\/12\/12\/lonu-appelle-a-respecter-le-droit-du-peuple-sahraoui-a-lautodetermination-une-autre-gifle-pour-le-makhzen\/","og_site_name":"La Sentinelle","article_publisher":"https:\/\/www.facebook.com\/La-Sentinelle-104059864394773","article_published_time":"2023-12-12T21:09:00+00:00","article_modified_time":"2023-12-13T21:11:29+00:00","og_image":[{"width":745,"height":470,"url":"https:\/\/lasentinelle.dz\/wp-content\/uploads\/2023\/12\/Sahara-occidental.jpeg","type":"image\/jpeg"}],"author":"La Sentinelle","twitter_card":"summary_large_image","twitter_misc":{"\u00c9crit par":"La Sentinelle","Dur\u00e9e de lecture estim\u00e9e":"4 minutes"},"schema":{"@context":"https:\/\/schema.org","@graph":[{"@type":"Article","@id":"https:\/\/lasentinelle.dz\/index.php\/2023\/12\/12\/lonu-appelle-a-respecter-le-droit-du-peuple-sahraoui-a-lautodetermination-une-autre-gifle-pour-le-makhzen\/#article","isPartOf":{"@id":"https:\/\/lasentinelle.dz\/index.php\/2023\/12\/12\/lonu-appelle-a-respecter-le-droit-du-peuple-sahraoui-a-lautodetermination-une-autre-gifle-pour-le-makhzen\/"},"author":{"name":"La Sentinelle","@id":"https:\/\/lasentinelle.dz\/#\/schema\/person\/d865044e22e70a75174ce8bcad3acfb3"},"headline":"L\u2019ONU appelle \u00e0 respecter le droit du peuple sahraoui \u00e0 l&rsquo;autod\u00e9termination\u00a0: Une autre gifle pour le Makhzen","datePublished":"2023-12-12T21:09:00+00:00","dateModified":"2023-12-13T21:11:29+00:00","mainEntityOfPage":{"@id":"https:\/\/lasentinelle.dz\/index.php\/2023\/12\/12\/lonu-appelle-a-respecter-le-droit-du-peuple-sahraoui-a-lautodetermination-une-autre-gifle-pour-le-makhzen\/"},"wordCount":767,"commentCount":0,"publisher":{"@id":"https:\/\/lasentinelle.dz\/#organization"},"image":{"@id":"https:\/\/lasentinelle.dz\/index.php\/2023\/12\/12\/lonu-appelle-a-respecter-le-droit-du-peuple-sahraoui-a-lautodetermination-une-autre-gifle-pour-le-makhzen\/#primaryimage"},"thumbnailUrl":"https:\/\/lasentinelle.dz\/wp-content\/uploads\/2023\/12\/Sahara-occidental.jpeg","articleSection":["\u00c0 la Une","Monde"],"inLanguage":"fr-FR","potentialAction":[{"@type":"CommentAction","name":"Comment","target":["https:\/\/lasentinelle.dz\/index.php\/2023\/12\/12\/lonu-appelle-a-respecter-le-droit-du-peuple-sahraoui-a-lautodetermination-une-autre-gifle-pour-le-makhzen\/#respond"]}]},{"@type":"WebPage","@id":"https:\/\/lasentinelle.dz\/index.php\/2023\/12\/12\/lonu-appelle-a-respecter-le-droit-du-peuple-sahraoui-a-lautodetermination-une-autre-gifle-pour-le-makhzen\/","url":"https:\/\/lasentinelle.dz\/index.php\/2023\/12\/12\/lonu-appelle-a-respecter-le-droit-du-peuple-sahraoui-a-lautodetermination-une-autre-gifle-pour-le-makhzen\/","name":"L\u2019ONU appelle \u00e0 respecter le droit du peuple sahraoui \u00e0 l&rsquo;autod\u00e9termination\u00a0: Une autre gifle pour le Makhzen - La Sentinelle","isPartOf":{"@id":"https:\/\/lasentinelle.dz\/#website"},"primaryImageOfPage":{"@id":"https:\/\/lasentinelle.dz\/index.php\/2023\/12\/12\/lonu-appelle-a-respecter-le-droit-du-peuple-sahraoui-a-lautodetermination-une-autre-gifle-pour-le-makhzen\/#primaryimage"},"image":{"@id":"https:\/\/lasentinelle.dz\/index.php\/2023\/12\/12\/lonu-appelle-a-respecter-le-droit-du-peuple-sahraoui-a-lautodetermination-une-autre-gifle-pour-le-makhzen\/#primaryimage"},"thumbnailUrl":"https:\/\/lasentinelle.dz\/wp-content\/uploads\/2023\/12\/Sahara-occidental.jpeg","datePublished":"2023-12-12T21:09:00+00:00","dateModified":"2023-12-13T21:11:29+00:00","breadcrumb":{"@id":"https:\/\/lasentinelle.dz\/index.php\/2023\/12\/12\/lonu-appelle-a-respecter-le-droit-du-peuple-sahraoui-a-lautodetermination-une-autre-gifle-pour-le-makhzen\/#breadcrumb"},"inLanguage":"fr-FR","potentialAction":[{"@type":"ReadAction","target":["https:\/\/lasentinelle.dz\/index.php\/2023\/12\/12\/lonu-appelle-a-respecter-le-droit-du-peuple-sahraoui-a-lautodetermination-une-autre-gifle-pour-le-makhzen\/"]}]},{"@type":"ImageObject","inLanguage":"fr-FR","@id":"https:\/\/lasentinelle.dz\/index.php\/2023\/12\/12\/lonu-appelle-a-respecter-le-droit-du-peuple-sahraoui-a-lautodetermination-une-autre-gifle-pour-le-makhzen\/#primaryimage","url":"https:\/\/lasentinelle.dz\/wp-content\/uploads\/2023\/12\/Sahara-occidental.jpeg","contentUrl":"https:\/\/lasentinelle.dz\/wp-content\/uploads\/2023\/12\/Sahara-occidental.jpeg","width":745,"height":470},{"@type":"BreadcrumbList","@id":"https:\/\/lasentinelle.dz\/index.php\/2023\/12\/12\/lonu-appelle-a-respecter-le-droit-du-peuple-sahraoui-a-lautodetermination-une-autre-gifle-pour-le-makhzen\/#breadcrumb","itemListElement":[{"@type":"ListItem","position":1,"name":"Accueil","item":"https:\/\/lasentinelle.dz\/"},{"@type":"ListItem","position":2,"name":"L\u2019ONU appelle \u00e0 respecter le droit du peuple sahraoui \u00e0 l&rsquo;autod\u00e9termination\u00a0: Une autre gifle pour le Makhzen"}]},{"@type":"WebSite","@id":"https:\/\/lasentinelle.dz\/#website","url":"https:\/\/lasentinelle.dz\/","name":"La Sentinelle","description":"Quotidien national d&#039;information","publisher":{"@id":"https:\/\/lasentinelle.dz\/#organization"},"potentialAction":[{"@type":"SearchAction","target":{"@type":"EntryPoint","urlTemplate":"https:\/\/lasentinelle.dz\/?s={search_term_string}"},"query-input":{"@type":"PropertyValueSpecification","valueRequired":true,"valueName":"search_term_string"}}],"inLanguage":"fr-FR"},{"@type":"Organization","@id":"https:\/\/lasentinelle.dz\/#organization","name":"Quotidien La Sentinelle","url":"https:\/\/lasentinelle.dz\/","logo":{"@type":"ImageObject","inLanguage":"fr-FR","@id":"https:\/\/lasentinelle.dz\/#\/schema\/logo\/image\/","url":"https:\/\/lasentinelle.dz\/wp-content\/uploads\/2021\/09\/logo-sentinelleSLOGAN-1.png","contentUrl":"https:\/\/lasentinelle.dz\/wp-content\/uploads\/2021\/09\/logo-sentinelleSLOGAN-1.png","width":615,"height":142,"caption":"Quotidien La Sentinelle"},"image":{"@id":"https:\/\/lasentinelle.dz\/#\/schema\/logo\/image\/"},"sameAs":["https:\/\/www.facebook.com\/La-Sentinelle-104059864394773"]},{"@type":"Person","@id":"https:\/\/lasentinelle.dz\/#\/schema\/person\/d865044e22e70a75174ce8bcad3acfb3","name":"La Sentinelle","image":{"@type":"ImageObject","inLanguage":"fr-FR","@id":"https:\/\/secure.gravatar.com\/avatar\/57de8e5d4b15d43fb361a71fbb36338450fe67865b528a43dd10ef7c51a20392?s=96&d=mm&r=g","url":"https:\/\/secure.gravatar.com\/avatar\/57de8e5d4b15d43fb361a71fbb36338450fe67865b528a43dd10ef7c51a20392?s=96&d=mm&r=g","contentUrl":"https:\/\/secure.gravatar.com\/avatar\/57de8e5d4b15d43fb361a71fbb36338450fe67865b528a43dd10ef7c51a20392?s=96&d=mm&r=g","caption":"La Sentinelle"},"sameAs":["http:\/\/www.lasentinelle.dz"],"url":"https:\/\/lasentinelle.dz\/author\/redaction\/"}]}},"_links":{"self":[{"href":"https:\/\/lasentinelle.dz\/index.php\/wp-json\/wp\/v2\/posts\/47912","targetHints":{"allow":["GET"]}}],"collection":[{"href":"https:\/\/lasentinelle.dz\/index.php\/wp-json\/wp\/v2\/posts"}],"about":[{"href":"https:\/\/lasentinelle.dz\/index.php\/wp-json\/wp\/v2\/types\/post"}],"author":[{"embeddable":true,"href":"https:\/\/lasentinelle.dz\/index.php\/wp-json\/wp\/v2\/users\/3"}],"replies":[{"embeddable":true,"href":"https:\/\/lasentinelle.dz\/index.php\/wp-json\/wp\/v2\/comments?post=47912"}],"version-history":[{"count":2,"href":"https:\/\/lasentinelle.dz\/index.php\/wp-json\/wp\/v2\/posts\/47912\/revisions"}],"predecessor-version":[{"id":47915,"href":"https:\/\/lasentinelle.dz\/index.php\/wp-json\/wp\/v2\/posts\/47912\/revisions\/47915"}],"wp:featuredmedia":[{"embeddable":true,"href":"https:\/\/lasentinelle.dz\/index.php\/wp-json\/wp\/v2\/media\/47913"}],"wp:attachment":[{"href":"https:\/\/lasentinelle.dz\/index.php\/wp-json\/wp\/v2\/media?parent=47912"}],"wp:term":[{"taxonomy":"category","embeddable":true,"href":"https:\/\/lasentinelle.dz\/index.php\/wp-json\/wp\/v2\/categories?post=47912"},{"taxonomy":"post_tag","embeddable":true,"href":"https:\/\/lasentinelle.dz\/index.php\/wp-json\/wp\/v2\/tags?post=47912"}],"curies":[{"name":"wp","href":"https:\/\/api.w.org\/{rel}","templated":true}]}}