{"id":47928,"date":"2023-12-12T22:24:00","date_gmt":"2023-12-12T21:24:00","guid":{"rendered":"https:\/\/lasentinelle.dz\/?p=47928"},"modified":"2023-12-13T22:26:00","modified_gmt":"2023-12-13T21:26:00","slug":"examen-devaluation-des-acquis-des-eleves-de-5e-annee-primaire-les-tests-ne-dureront-plus-que-trois-jours","status":"publish","type":"post","link":"https:\/\/lasentinelle.dz\/index.php\/2023\/12\/12\/examen-devaluation-des-acquis-des-eleves-de-5e-annee-primaire-les-tests-ne-dureront-plus-que-trois-jours\/","title":{"rendered":"Examen d&rsquo;\u00e9valuation des acquis des \u00e9l\u00e8ves de 5e ann\u00e9e primaire\u00a0: Les tests ne dureront plus que trois jours"},"content":{"rendered":"\n<p>Le ministre de l\u2019\u00c9ducation nationale a annonc\u00e9 hier une baisse de la dur\u00e9e du test d&rsquo;\u00e9valuation des acquis des \u00e9l\u00e8ves de 5e ann\u00e9e primaire lequel ne durera plus que trois jours.<\/p>\n\n\n\n<p>Introduit l\u2019ann\u00e9e derni\u00e8re comme exp\u00e9rience pilote, le nouveau syst\u00e8me d&rsquo;\u00e9valuation des acquis des \u00e9l\u00e8ves de 5e ann\u00e9e primaire conna\u00eet d\u00e9j\u00e0 des modifications apr\u00e8s avoir \u00e9t\u00e9 jaug\u00e9e dans le cadre d\u2019un s\u00e9minaire national regroupant les acteurs du secteur.<\/p>\n\n\n\n<p>Ainsi et en marge d\u2019une visite dans la wilaya de Chlef, le premier responsable du d\u00e9partement de l\u2019\u00c9ducation nationale, Abdelhakim Belaabed, a expliqu\u00e9 hier que \u00ab\u00a0le S\u00e9minaire national organis\u00e9, en juillet dernier, a \u00e9t\u00e9 sanctionn\u00e9 par une s\u00e9rie de propositions et recommandations, qui ont \u00e9t\u00e9 soumises \u00e0 une commission de haut niveau, suite \u00e0 quoi des mesures ont \u00e9t\u00e9 prises pour modifier dans la forme, sans toucher au contenu, le syst\u00e8me d&rsquo;\u00e9valuation des acquis des \u00e9l\u00e8ves de 5e ann\u00e9e primaire. Il a pr\u00e9cis\u00e9 que cette modification concerne notamment la r\u00e9duction du volume horaire de 13 heures et 15 minutes sur 25 jours \u00e0 6 heures et 30 minutes sur trois jours. L\u2019\u00e9valuation des acquis des \u00e9l\u00e8ves de 5e ann\u00e9e primaire se d\u00e9roulera les 12, 13 et 14 du mois de mai prochain, sur une p\u00e9riode de trois (3) jours, &nbsp;dans six mati\u00e8res, soit l\u2019arabe, le fran\u00e7ais, Tamazight, l&rsquo;histoire, les math\u00e9matiques et l&rsquo;\u00e9ducation islamique, tandis que l&rsquo;\u00e9valuation des acquis des quatre mati\u00e8res restantes se fait au cours de l&rsquo;ann\u00e9e scolaire, a d\u00e9taill\u00e9 le ministre.\u00a0\u00bbCette mesure devrait contribuer \u00e0 r\u00e9duire la pression chez les \u00e9l\u00e8ves, tout en pr\u00e9servant le contenu de l&rsquo;examen, vu qu\u2019il comporte beaucoup de points positifs, \u00e0 travers notamment l\u2019adoption du traitement p\u00e9dagogique, porteur d\u2019avantages multiples, depuis la derni\u00e8re rentr\u00e9e scolaire\u00a0\u00bb, a-t-il estim\u00e9. Le ministre a soulign\u00e9, \u00e0 ce titre, l&rsquo;organisation attendue, durant la premi\u00e8re semaine des prochaines vacances scolaires, d&rsquo;un s\u00e9minaire national ax\u00e9 notamment sur les nouvelles mesures relatives \u00e0 l&rsquo;examen d&rsquo;\u00e9valuation des acquis de la 5\u00e8me ann\u00e9e primaire.Il a \u00e9galement annonc\u00e9 d&rsquo;autres mesures pour \u00ab\u00a0accompagner les mesures d\u2019\u00e9dification et de construction\u00a0\u00bb \u00e0 partir de la prochaine rentr\u00e9e scolaire, dans le but d'\u00a0\u00bbam\u00e9liorer le taux d&rsquo;occupation des salles de classes, au m\u00eame titre que le nombre d&rsquo;\u00e9l\u00e8ves dans les groupes \u00e9ducatifs\u00a0\u00bb.\u00a0\u00bbLe secteur \u0153uvre, en outre, \u00e0 la r\u00e9vision des horaires des \u00e9tudes, le nombre des semaines d&rsquo;\u00e9tudes et toutes les donn\u00e9es et variables impactant directement sur le nombre d&rsquo;\u00e9l\u00e8ves dans les classes\u00a0\u00bb, a assur\u00e9 M. Belaabed.Et d&rsquo;ajouter: \u00ab\u00a0L&rsquo;Etat a fait le n\u00e9cessaire dans ce domaine, et le<\/p>\n\n\n\n<p>minist\u00e8re r\u00e9fl\u00e9chit s\u00e9rieusement aux moyens d&rsquo;activer ces donn\u00e9es, dot\u00e9es d\u2019une valeur ajout\u00e9e et de nature \u00e0 permettre d&rsquo;atteindre un taux acceptable d&rsquo;occupation des classes\u00a0\u00bb.<\/p>\n\n\n\n<p>R.N.<\/p>\n","protected":false},"excerpt":{"rendered":"<p>Le ministre de l\u2019\u00c9ducation nationale a annonc\u00e9 hier une baisse de la dur\u00e9e du test d&rsquo;\u00e9valuation des acquis des \u00e9l\u00e8ves<\/p>\n","protected":false},"author":3,"featured_media":47929,"comment_status":"open","ping_status":"closed","sticky":false,"template":"","format":"standard","meta":{"colormag_page_container_layout":"default_layout","colormag_page_sidebar_layout":"default_layout","om_disable_all_campaigns":false,"_monsterinsights_skip_tracking":false,"_monsterinsights_sitenote_active":false,"_monsterinsights_sitenote_note":"","_monsterinsights_sitenote_category":0,"footnotes":"","_wpscppro_dont_share_socialmedia":false,"_wpscppro_custom_social_share_image":0,"_facebook_share_type":"","_twitter_share_type":"","_linkedin_share_type":"","_pinterest_share_type":"","_linkedin_share_type_page":"","_instagram_share_type":"","_medium_share_type":"","_threads_share_type":"","_google_business_share_type":"","_selected_social_profile":[],"_wpsp_enable_custom_social_template":false,"_wpsp_social_scheduling":{"enabled":false,"datetime":null,"platforms":[],"status":"template_only","dateOption":"today","timeOption":"now","customDays":"","customHours":"","customDate":"","customTime":"","schedulingType":"absolute"},"_wpsp_active_default_template":true},"categories":[52,27],"tags":[],"class_list":["post-47928","post","type-post","status-publish","format-standard","has-post-thumbnail","hentry","category-a-la-une","category-actualite"],"aioseo_notices":[],"yoast_head":"<!-- This site is optimized with the Yoast SEO plugin v27.5 - https:\/\/yoast.com\/product\/yoast-seo-wordpress\/ -->\n<title>Examen d&rsquo;\u00e9valuation des acquis des \u00e9l\u00e8ves de 5e ann\u00e9e primaire\u00a0: Les tests ne dureront plus que trois jours - La Sentinelle<\/title>\n<meta name=\"robots\" content=\"index, follow, max-snippet:-1, max-image-preview:large, max-video-preview:-1\" \/>\n<link rel=\"canonical\" href=\"https:\/\/lasentinelle.dz\/index.php\/2023\/12\/12\/examen-devaluation-des-acquis-des-eleves-de-5e-annee-primaire-les-tests-ne-dureront-plus-que-trois-jours\/\" \/>\n<meta property=\"og:locale\" content=\"fr_FR\" \/>\n<meta property=\"og:type\" content=\"article\" \/>\n<meta property=\"og:title\" content=\"Examen d&rsquo;\u00e9valuation des acquis des \u00e9l\u00e8ves de 5e ann\u00e9e primaire\u00a0: Les tests ne dureront plus que trois jours - La Sentinelle\" \/>\n<meta property=\"og:description\" content=\"Le ministre de l\u2019\u00c9ducation nationale a annonc\u00e9 hier une baisse de la dur\u00e9e du test d&rsquo;\u00e9valuation des acquis des \u00e9l\u00e8ves\" \/>\n<meta property=\"og:url\" content=\"https:\/\/lasentinelle.dz\/index.php\/2023\/12\/12\/examen-devaluation-des-acquis-des-eleves-de-5e-annee-primaire-les-tests-ne-dureront-plus-que-trois-jours\/\" \/>\n<meta property=\"og:site_name\" content=\"La Sentinelle\" \/>\n<meta property=\"article:publisher\" content=\"https:\/\/www.facebook.com\/La-Sentinelle-104059864394773\" \/>\n<meta property=\"article:published_time\" content=\"2023-12-12T21:24:00+00:00\" \/>\n<meta property=\"article:modified_time\" content=\"2023-12-13T21:26:00+00:00\" \/>\n<meta property=\"og:image\" content=\"https:\/\/lasentinelle.dz\/wp-content\/uploads\/2023\/12\/examen.jpeg\" \/>\n\t<meta property=\"og:image:width\" content=\"850\" \/>\n\t<meta property=\"og:image:height\" content=\"480\" \/>\n\t<meta property=\"og:image:type\" content=\"image\/jpeg\" \/>\n<meta name=\"author\" content=\"La Sentinelle\" \/>\n<meta name=\"twitter:card\" content=\"summary_large_image\" \/>\n<meta name=\"twitter:label1\" content=\"\u00c9crit par\" \/>\n\t<meta name=\"twitter:data1\" content=\"La Sentinelle\" \/>\n\t<meta name=\"twitter:label2\" content=\"Dur\u00e9e de lecture estim\u00e9e\" \/>\n\t<meta name=\"twitter:data2\" content=\"3 minutes\" \/>\n<script type=\"application\/ld+json\" class=\"yoast-schema-graph\">{\"@context\":\"https:\\\/\\\/schema.org\",\"@graph\":[{\"@type\":\"Article\",\"@id\":\"https:\\\/\\\/lasentinelle.dz\\\/index.php\\\/2023\\\/12\\\/12\\\/examen-devaluation-des-acquis-des-eleves-de-5e-annee-primaire-les-tests-ne-dureront-plus-que-trois-jours\\\/#article\",\"isPartOf\":{\"@id\":\"https:\\\/\\\/lasentinelle.dz\\\/index.php\\\/2023\\\/12\\\/12\\\/examen-devaluation-des-acquis-des-eleves-de-5e-annee-primaire-les-tests-ne-dureront-plus-que-trois-jours\\\/\"},\"author\":{\"name\":\"La Sentinelle\",\"@id\":\"https:\\\/\\\/lasentinelle.dz\\\/#\\\/schema\\\/person\\\/d865044e22e70a75174ce8bcad3acfb3\"},\"headline\":\"Examen d&rsquo;\u00e9valuation des acquis des \u00e9l\u00e8ves de 5e ann\u00e9e primaire\u00a0: Les tests ne dureront plus que trois jours\",\"datePublished\":\"2023-12-12T21:24:00+00:00\",\"dateModified\":\"2023-12-13T21:26:00+00:00\",\"mainEntityOfPage\":{\"@id\":\"https:\\\/\\\/lasentinelle.dz\\\/index.php\\\/2023\\\/12\\\/12\\\/examen-devaluation-des-acquis-des-eleves-de-5e-annee-primaire-les-tests-ne-dureront-plus-que-trois-jours\\\/\"},\"wordCount\":532,\"commentCount\":0,\"publisher\":{\"@id\":\"https:\\\/\\\/lasentinelle.dz\\\/#organization\"},\"image\":{\"@id\":\"https:\\\/\\\/lasentinelle.dz\\\/index.php\\\/2023\\\/12\\\/12\\\/examen-devaluation-des-acquis-des-eleves-de-5e-annee-primaire-les-tests-ne-dureront-plus-que-trois-jours\\\/#primaryimage\"},\"thumbnailUrl\":\"https:\\\/\\\/lasentinelle.dz\\\/wp-content\\\/uploads\\\/2023\\\/12\\\/examen.jpeg\",\"articleSection\":[\"\u00c0 la Une\",\"Actualit\u00e9\"],\"inLanguage\":\"fr-FR\",\"potentialAction\":[{\"@type\":\"CommentAction\",\"name\":\"Comment\",\"target\":[\"https:\\\/\\\/lasentinelle.dz\\\/index.php\\\/2023\\\/12\\\/12\\\/examen-devaluation-des-acquis-des-eleves-de-5e-annee-primaire-les-tests-ne-dureront-plus-que-trois-jours\\\/#respond\"]}]},{\"@type\":\"WebPage\",\"@id\":\"https:\\\/\\\/lasentinelle.dz\\\/index.php\\\/2023\\\/12\\\/12\\\/examen-devaluation-des-acquis-des-eleves-de-5e-annee-primaire-les-tests-ne-dureront-plus-que-trois-jours\\\/\",\"url\":\"https:\\\/\\\/lasentinelle.dz\\\/index.php\\\/2023\\\/12\\\/12\\\/examen-devaluation-des-acquis-des-eleves-de-5e-annee-primaire-les-tests-ne-dureront-plus-que-trois-jours\\\/\",\"name\":\"Examen d&rsquo;\u00e9valuation des acquis des \u00e9l\u00e8ves de 5e ann\u00e9e primaire\u00a0: Les tests ne dureront plus que trois jours - La Sentinelle\",\"isPartOf\":{\"@id\":\"https:\\\/\\\/lasentinelle.dz\\\/#website\"},\"primaryImageOfPage\":{\"@id\":\"https:\\\/\\\/lasentinelle.dz\\\/index.php\\\/2023\\\/12\\\/12\\\/examen-devaluation-des-acquis-des-eleves-de-5e-annee-primaire-les-tests-ne-dureront-plus-que-trois-jours\\\/#primaryimage\"},\"image\":{\"@id\":\"https:\\\/\\\/lasentinelle.dz\\\/index.php\\\/2023\\\/12\\\/12\\\/examen-devaluation-des-acquis-des-eleves-de-5e-annee-primaire-les-tests-ne-dureront-plus-que-trois-jours\\\/#primaryimage\"},\"thumbnailUrl\":\"https:\\\/\\\/lasentinelle.dz\\\/wp-content\\\/uploads\\\/2023\\\/12\\\/examen.jpeg\",\"datePublished\":\"2023-12-12T21:24:00+00:00\",\"dateModified\":\"2023-12-13T21:26:00+00:00\",\"breadcrumb\":{\"@id\":\"https:\\\/\\\/lasentinelle.dz\\\/index.php\\\/2023\\\/12\\\/12\\\/examen-devaluation-des-acquis-des-eleves-de-5e-annee-primaire-les-tests-ne-dureront-plus-que-trois-jours\\\/#breadcrumb\"},\"inLanguage\":\"fr-FR\",\"potentialAction\":[{\"@type\":\"ReadAction\",\"target\":[\"https:\\\/\\\/lasentinelle.dz\\\/index.php\\\/2023\\\/12\\\/12\\\/examen-devaluation-des-acquis-des-eleves-de-5e-annee-primaire-les-tests-ne-dureront-plus-que-trois-jours\\\/\"]}]},{\"@type\":\"ImageObject\",\"inLanguage\":\"fr-FR\",\"@id\":\"https:\\\/\\\/lasentinelle.dz\\\/index.php\\\/2023\\\/12\\\/12\\\/examen-devaluation-des-acquis-des-eleves-de-5e-annee-primaire-les-tests-ne-dureront-plus-que-trois-jours\\\/#primaryimage\",\"url\":\"https:\\\/\\\/lasentinelle.dz\\\/wp-content\\\/uploads\\\/2023\\\/12\\\/examen.jpeg\",\"contentUrl\":\"https:\\\/\\\/lasentinelle.dz\\\/wp-content\\\/uploads\\\/2023\\\/12\\\/examen.jpeg\",\"width\":850,\"height\":480},{\"@type\":\"BreadcrumbList\",\"@id\":\"https:\\\/\\\/lasentinelle.dz\\\/index.php\\\/2023\\\/12\\\/12\\\/examen-devaluation-des-acquis-des-eleves-de-5e-annee-primaire-les-tests-ne-dureront-plus-que-trois-jours\\\/#breadcrumb\",\"itemListElement\":[{\"@type\":\"ListItem\",\"position\":1,\"name\":\"Accueil\",\"item\":\"https:\\\/\\\/lasentinelle.dz\\\/\"},{\"@type\":\"ListItem\",\"position\":2,\"name\":\"Examen d&rsquo;\u00e9valuation des acquis des \u00e9l\u00e8ves de 5e ann\u00e9e primaire\u00a0: Les tests ne dureront plus que trois jours\"}]},{\"@type\":\"WebSite\",\"@id\":\"https:\\\/\\\/lasentinelle.dz\\\/#website\",\"url\":\"https:\\\/\\\/lasentinelle.dz\\\/\",\"name\":\"La Sentinelle\",\"description\":\"Quotidien national d&#039;information\",\"publisher\":{\"@id\":\"https:\\\/\\\/lasentinelle.dz\\\/#organization\"},\"potentialAction\":[{\"@type\":\"SearchAction\",\"target\":{\"@type\":\"EntryPoint\",\"urlTemplate\":\"https:\\\/\\\/lasentinelle.dz\\\/?s={search_term_string}\"},\"query-input\":{\"@type\":\"PropertyValueSpecification\",\"valueRequired\":true,\"valueName\":\"search_term_string\"}}],\"inLanguage\":\"fr-FR\"},{\"@type\":\"Organization\",\"@id\":\"https:\\\/\\\/lasentinelle.dz\\\/#organization\",\"name\":\"Quotidien La Sentinelle\",\"url\":\"https:\\\/\\\/lasentinelle.dz\\\/\",\"logo\":{\"@type\":\"ImageObject\",\"inLanguage\":\"fr-FR\",\"@id\":\"https:\\\/\\\/lasentinelle.dz\\\/#\\\/schema\\\/logo\\\/image\\\/\",\"url\":\"https:\\\/\\\/lasentinelle.dz\\\/wp-content\\\/uploads\\\/2021\\\/09\\\/logo-sentinelleSLOGAN-1.png\",\"contentUrl\":\"https:\\\/\\\/lasentinelle.dz\\\/wp-content\\\/uploads\\\/2021\\\/09\\\/logo-sentinelleSLOGAN-1.png\",\"width\":615,\"height\":142,\"caption\":\"Quotidien La Sentinelle\"},\"image\":{\"@id\":\"https:\\\/\\\/lasentinelle.dz\\\/#\\\/schema\\\/logo\\\/image\\\/\"},\"sameAs\":[\"https:\\\/\\\/www.facebook.com\\\/La-Sentinelle-104059864394773\"]},{\"@type\":\"Person\",\"@id\":\"https:\\\/\\\/lasentinelle.dz\\\/#\\\/schema\\\/person\\\/d865044e22e70a75174ce8bcad3acfb3\",\"name\":\"La Sentinelle\",\"image\":{\"@type\":\"ImageObject\",\"inLanguage\":\"fr-FR\",\"@id\":\"https:\\\/\\\/secure.gravatar.com\\\/avatar\\\/57de8e5d4b15d43fb361a71fbb36338450fe67865b528a43dd10ef7c51a20392?s=96&d=mm&r=g\",\"url\":\"https:\\\/\\\/secure.gravatar.com\\\/avatar\\\/57de8e5d4b15d43fb361a71fbb36338450fe67865b528a43dd10ef7c51a20392?s=96&d=mm&r=g\",\"contentUrl\":\"https:\\\/\\\/secure.gravatar.com\\\/avatar\\\/57de8e5d4b15d43fb361a71fbb36338450fe67865b528a43dd10ef7c51a20392?s=96&d=mm&r=g\",\"caption\":\"La Sentinelle\"},\"sameAs\":[\"http:\\\/\\\/www.lasentinelle.dz\"],\"url\":\"https:\\\/\\\/lasentinelle.dz\\\/author\\\/redaction\\\/\"}]}<\/script>\n<!-- \/ Yoast SEO plugin. -->","yoast_head_json":{"title":"Examen d&rsquo;\u00e9valuation des acquis des \u00e9l\u00e8ves de 5e ann\u00e9e primaire\u00a0: Les tests ne dureront plus que trois jours - La Sentinelle","robots":{"index":"index","follow":"follow","max-snippet":"max-snippet:-1","max-image-preview":"max-image-preview:large","max-video-preview":"max-video-preview:-1"},"canonical":"https:\/\/lasentinelle.dz\/index.php\/2023\/12\/12\/examen-devaluation-des-acquis-des-eleves-de-5e-annee-primaire-les-tests-ne-dureront-plus-que-trois-jours\/","og_locale":"fr_FR","og_type":"article","og_title":"Examen d&rsquo;\u00e9valuation des acquis des \u00e9l\u00e8ves de 5e ann\u00e9e primaire\u00a0: Les tests ne dureront plus que trois jours - La Sentinelle","og_description":"Le ministre de l\u2019\u00c9ducation nationale a annonc\u00e9 hier une baisse de la dur\u00e9e du test d&rsquo;\u00e9valuation des acquis des \u00e9l\u00e8ves","og_url":"https:\/\/lasentinelle.dz\/index.php\/2023\/12\/12\/examen-devaluation-des-acquis-des-eleves-de-5e-annee-primaire-les-tests-ne-dureront-plus-que-trois-jours\/","og_site_name":"La Sentinelle","article_publisher":"https:\/\/www.facebook.com\/La-Sentinelle-104059864394773","article_published_time":"2023-12-12T21:24:00+00:00","article_modified_time":"2023-12-13T21:26:00+00:00","og_image":[{"width":850,"height":480,"url":"https:\/\/lasentinelle.dz\/wp-content\/uploads\/2023\/12\/examen.jpeg","type":"image\/jpeg"}],"author":"La Sentinelle","twitter_card":"summary_large_image","twitter_misc":{"\u00c9crit par":"La Sentinelle","Dur\u00e9e de lecture estim\u00e9e":"3 minutes"},"schema":{"@context":"https:\/\/schema.org","@graph":[{"@type":"Article","@id":"https:\/\/lasentinelle.dz\/index.php\/2023\/12\/12\/examen-devaluation-des-acquis-des-eleves-de-5e-annee-primaire-les-tests-ne-dureront-plus-que-trois-jours\/#article","isPartOf":{"@id":"https:\/\/lasentinelle.dz\/index.php\/2023\/12\/12\/examen-devaluation-des-acquis-des-eleves-de-5e-annee-primaire-les-tests-ne-dureront-plus-que-trois-jours\/"},"author":{"name":"La Sentinelle","@id":"https:\/\/lasentinelle.dz\/#\/schema\/person\/d865044e22e70a75174ce8bcad3acfb3"},"headline":"Examen d&rsquo;\u00e9valuation des acquis des \u00e9l\u00e8ves de 5e ann\u00e9e primaire\u00a0: Les tests ne dureront plus que trois jours","datePublished":"2023-12-12T21:24:00+00:00","dateModified":"2023-12-13T21:26:00+00:00","mainEntityOfPage":{"@id":"https:\/\/lasentinelle.dz\/index.php\/2023\/12\/12\/examen-devaluation-des-acquis-des-eleves-de-5e-annee-primaire-les-tests-ne-dureront-plus-que-trois-jours\/"},"wordCount":532,"commentCount":0,"publisher":{"@id":"https:\/\/lasentinelle.dz\/#organization"},"image":{"@id":"https:\/\/lasentinelle.dz\/index.php\/2023\/12\/12\/examen-devaluation-des-acquis-des-eleves-de-5e-annee-primaire-les-tests-ne-dureront-plus-que-trois-jours\/#primaryimage"},"thumbnailUrl":"https:\/\/lasentinelle.dz\/wp-content\/uploads\/2023\/12\/examen.jpeg","articleSection":["\u00c0 la Une","Actualit\u00e9"],"inLanguage":"fr-FR","potentialAction":[{"@type":"CommentAction","name":"Comment","target":["https:\/\/lasentinelle.dz\/index.php\/2023\/12\/12\/examen-devaluation-des-acquis-des-eleves-de-5e-annee-primaire-les-tests-ne-dureront-plus-que-trois-jours\/#respond"]}]},{"@type":"WebPage","@id":"https:\/\/lasentinelle.dz\/index.php\/2023\/12\/12\/examen-devaluation-des-acquis-des-eleves-de-5e-annee-primaire-les-tests-ne-dureront-plus-que-trois-jours\/","url":"https:\/\/lasentinelle.dz\/index.php\/2023\/12\/12\/examen-devaluation-des-acquis-des-eleves-de-5e-annee-primaire-les-tests-ne-dureront-plus-que-trois-jours\/","name":"Examen d&rsquo;\u00e9valuation des acquis des \u00e9l\u00e8ves de 5e ann\u00e9e primaire\u00a0: Les tests ne dureront plus que trois jours - La Sentinelle","isPartOf":{"@id":"https:\/\/lasentinelle.dz\/#website"},"primaryImageOfPage":{"@id":"https:\/\/lasentinelle.dz\/index.php\/2023\/12\/12\/examen-devaluation-des-acquis-des-eleves-de-5e-annee-primaire-les-tests-ne-dureront-plus-que-trois-jours\/#primaryimage"},"image":{"@id":"https:\/\/lasentinelle.dz\/index.php\/2023\/12\/12\/examen-devaluation-des-acquis-des-eleves-de-5e-annee-primaire-les-tests-ne-dureront-plus-que-trois-jours\/#primaryimage"},"thumbnailUrl":"https:\/\/lasentinelle.dz\/wp-content\/uploads\/2023\/12\/examen.jpeg","datePublished":"2023-12-12T21:24:00+00:00","dateModified":"2023-12-13T21:26:00+00:00","breadcrumb":{"@id":"https:\/\/lasentinelle.dz\/index.php\/2023\/12\/12\/examen-devaluation-des-acquis-des-eleves-de-5e-annee-primaire-les-tests-ne-dureront-plus-que-trois-jours\/#breadcrumb"},"inLanguage":"fr-FR","potentialAction":[{"@type":"ReadAction","target":["https:\/\/lasentinelle.dz\/index.php\/2023\/12\/12\/examen-devaluation-des-acquis-des-eleves-de-5e-annee-primaire-les-tests-ne-dureront-plus-que-trois-jours\/"]}]},{"@type":"ImageObject","inLanguage":"fr-FR","@id":"https:\/\/lasentinelle.dz\/index.php\/2023\/12\/12\/examen-devaluation-des-acquis-des-eleves-de-5e-annee-primaire-les-tests-ne-dureront-plus-que-trois-jours\/#primaryimage","url":"https:\/\/lasentinelle.dz\/wp-content\/uploads\/2023\/12\/examen.jpeg","contentUrl":"https:\/\/lasentinelle.dz\/wp-content\/uploads\/2023\/12\/examen.jpeg","width":850,"height":480},{"@type":"BreadcrumbList","@id":"https:\/\/lasentinelle.dz\/index.php\/2023\/12\/12\/examen-devaluation-des-acquis-des-eleves-de-5e-annee-primaire-les-tests-ne-dureront-plus-que-trois-jours\/#breadcrumb","itemListElement":[{"@type":"ListItem","position":1,"name":"Accueil","item":"https:\/\/lasentinelle.dz\/"},{"@type":"ListItem","position":2,"name":"Examen d&rsquo;\u00e9valuation des acquis des \u00e9l\u00e8ves de 5e ann\u00e9e primaire\u00a0: Les tests ne dureront plus que trois jours"}]},{"@type":"WebSite","@id":"https:\/\/lasentinelle.dz\/#website","url":"https:\/\/lasentinelle.dz\/","name":"La Sentinelle","description":"Quotidien national d&#039;information","publisher":{"@id":"https:\/\/lasentinelle.dz\/#organization"},"potentialAction":[{"@type":"SearchAction","target":{"@type":"EntryPoint","urlTemplate":"https:\/\/lasentinelle.dz\/?s={search_term_string}"},"query-input":{"@type":"PropertyValueSpecification","valueRequired":true,"valueName":"search_term_string"}}],"inLanguage":"fr-FR"},{"@type":"Organization","@id":"https:\/\/lasentinelle.dz\/#organization","name":"Quotidien La Sentinelle","url":"https:\/\/lasentinelle.dz\/","logo":{"@type":"ImageObject","inLanguage":"fr-FR","@id":"https:\/\/lasentinelle.dz\/#\/schema\/logo\/image\/","url":"https:\/\/lasentinelle.dz\/wp-content\/uploads\/2021\/09\/logo-sentinelleSLOGAN-1.png","contentUrl":"https:\/\/lasentinelle.dz\/wp-content\/uploads\/2021\/09\/logo-sentinelleSLOGAN-1.png","width":615,"height":142,"caption":"Quotidien La Sentinelle"},"image":{"@id":"https:\/\/lasentinelle.dz\/#\/schema\/logo\/image\/"},"sameAs":["https:\/\/www.facebook.com\/La-Sentinelle-104059864394773"]},{"@type":"Person","@id":"https:\/\/lasentinelle.dz\/#\/schema\/person\/d865044e22e70a75174ce8bcad3acfb3","name":"La Sentinelle","image":{"@type":"ImageObject","inLanguage":"fr-FR","@id":"https:\/\/secure.gravatar.com\/avatar\/57de8e5d4b15d43fb361a71fbb36338450fe67865b528a43dd10ef7c51a20392?s=96&d=mm&r=g","url":"https:\/\/secure.gravatar.com\/avatar\/57de8e5d4b15d43fb361a71fbb36338450fe67865b528a43dd10ef7c51a20392?s=96&d=mm&r=g","contentUrl":"https:\/\/secure.gravatar.com\/avatar\/57de8e5d4b15d43fb361a71fbb36338450fe67865b528a43dd10ef7c51a20392?s=96&d=mm&r=g","caption":"La Sentinelle"},"sameAs":["http:\/\/www.lasentinelle.dz"],"url":"https:\/\/lasentinelle.dz\/author\/redaction\/"}]}},"_links":{"self":[{"href":"https:\/\/lasentinelle.dz\/index.php\/wp-json\/wp\/v2\/posts\/47928","targetHints":{"allow":["GET"]}}],"collection":[{"href":"https:\/\/lasentinelle.dz\/index.php\/wp-json\/wp\/v2\/posts"}],"about":[{"href":"https:\/\/lasentinelle.dz\/index.php\/wp-json\/wp\/v2\/types\/post"}],"author":[{"embeddable":true,"href":"https:\/\/lasentinelle.dz\/index.php\/wp-json\/wp\/v2\/users\/3"}],"replies":[{"embeddable":true,"href":"https:\/\/lasentinelle.dz\/index.php\/wp-json\/wp\/v2\/comments?post=47928"}],"version-history":[{"count":2,"href":"https:\/\/lasentinelle.dz\/index.php\/wp-json\/wp\/v2\/posts\/47928\/revisions"}],"predecessor-version":[{"id":47931,"href":"https:\/\/lasentinelle.dz\/index.php\/wp-json\/wp\/v2\/posts\/47928\/revisions\/47931"}],"wp:featuredmedia":[{"embeddable":true,"href":"https:\/\/lasentinelle.dz\/index.php\/wp-json\/wp\/v2\/media\/47929"}],"wp:attachment":[{"href":"https:\/\/lasentinelle.dz\/index.php\/wp-json\/wp\/v2\/media?parent=47928"}],"wp:term":[{"taxonomy":"category","embeddable":true,"href":"https:\/\/lasentinelle.dz\/index.php\/wp-json\/wp\/v2\/categories?post=47928"},{"taxonomy":"post_tag","embeddable":true,"href":"https:\/\/lasentinelle.dz\/index.php\/wp-json\/wp\/v2\/tags?post=47928"}],"curies":[{"name":"wp","href":"https:\/\/api.w.org\/{rel}","templated":true}]}}