{"id":4800,"date":"2021-08-22T00:01:00","date_gmt":"2021-08-21T23:01:00","guid":{"rendered":"https:\/\/lasentinelle.dz\/?p=4800"},"modified":"2021-08-21T16:16:26","modified_gmt":"2021-08-21T15:16:26","slug":"afghanistan-les-talibans-promettent-un-gouvernement-inclusif","status":"publish","type":"post","link":"https:\/\/lasentinelle.dz\/index.php\/2021\/08\/22\/afghanistan-les-talibans-promettent-un-gouvernement-inclusif\/","title":{"rendered":"Afghanistan : Les talibans promettent un gouvernement inclusif"},"content":{"rendered":"\n<p>Le cofondateur et num\u00e9ro deux des talibans, Abdul Ghani Baradar, est arriv\u00e9 hier \u00e0 Kaboul pour \u00ab\u00a0rencontrer des responsables talibans et des responsables politiques pour l&rsquo;\u00e9tablissement d&rsquo;un gouvernement inclusif\u00a0\u00bb, a d\u00e9clar\u00e9 \u00e0 l&rsquo;AFP un haut responsable taliban.En attendant, les talibans assurent que leur future gouvernance sera diff\u00e9rente que celle pass\u00e9e et affichent la volont\u00e9 de d\u00e9velopper des liens avec tous les pays.<\/p>\n\n\n\n<p>Les talibans ont l&rsquo;intention de d\u00e9velopper des liens diplomatiques et commerciaux avec tous les pays, \u00ab\u00a0en particulier avec les Etats-Unis d&rsquo;Am\u00e9rique\u00a0\u00bb, a twitt\u00e9 hier le mollah Abdul Ghani Baradar, chef politique des talibans d&rsquo;Afghanistan.Le mollah Baradar a ainsi d\u00e9menti les informations de certains m\u00e9dias selon lesquelles les talibans n&rsquo;ont pas l&rsquo;intention d&rsquo;entretenir des liens diplomatiques et commerciaux avec Washington.\u00a0\u00bbNous ne parlons jamais de couper les liens commerciaux avec quelque pays que ce soit. La rumeur concernant cette nouvelle est de l&rsquo;ordre de la propagande. Ce n&rsquo;est pas vrai\u00a0\u00bb, a-t-il d\u00e9clar\u00e9.Plus t\u00f4t dans la journ\u00e9e, des informations non confirm\u00e9es avaient indiqu\u00e9 que le mollah Baradar \u00e9tait arriv\u00e9 \u00e0 Kaboul depuis Kandahar (sud) pour mener des consultations avec les dirigeants afghans sur la cr\u00e9ation d&rsquo;un nouveau gouvernement. Il \u00e9tait rentr\u00e9 mardi \u00e0 Kandahar depuis Doha, capitale du Qatar.Mardi, le porte-parole des talibans Zabihullah Mujahid avait d\u00e9clar\u00e9 qu&rsquo;ils avaient l&rsquo;intention de former un gouvernement inclusif et qu&rsquo;ils ne voulaient pas avoir d&rsquo;ennemis internes ou externes. Depuis l&rsquo;arriv\u00e9e de Baradar sur le sol afghan, les talibans ont assur\u00e9 que leur r\u00e8gne serait \u00ab\u00a0diff\u00e9rent\u00a0\u00bb du pr\u00e9c\u00e9dent (1996-2001).<\/p>\n\n\n\n<p>Six jours apr\u00e8s leur prise de contr\u00f4le, le devenir politique de l&rsquo;Afghanistan pr\u00e9occupe moins la communaut\u00e9 internationale que l&rsquo;\u00e9vacuation, dans le chaos le plus total, de milliers d&rsquo;Afghans.Hier , les routes menant \u00e0 l&rsquo;a\u00e9roport de Kaboul continuaient d&rsquo;\u00eatre congestionn\u00e9es. Malgr\u00e9 des jours d&rsquo;\u00e9chec, des milliers de familles se massaient encore devant l&rsquo;a\u00e9rodrome, esp\u00e9rant monter par miracle dans un avion. Devant elles, des militaires am\u00e9ricains et une brigade des forces sp\u00e9ciales afghanes se tenaient aux aguets pour les dissuader d&rsquo;envahir les lieux.Derri\u00e8re eux, des talibans, d\u00e9sormais accus\u00e9s de traquer des Afghans ayant travaill\u00e9 pour l&rsquo;Otan pour les arr\u00eater et de restreindre l&rsquo;acc\u00e8s \u00e0 l&rsquo;a\u00e9roport qu&rsquo;ils souhaitent quitter \u00e0 tout prix, observaient la sc\u00e8ne. Selon lun rapport d&rsquo;un groupe d&rsquo;experts travaillant pour l&rsquo;ONU, les talibans poss\u00e8dent des \u00ab\u00a0listes prioritaires\u00a0\u00bb d&rsquo;Afghans&nbsp; recherch\u00e9s, les plus menac\u00e9s \u00e9tant les grad\u00e9s de l&rsquo;arm\u00e9e, de la police et du renseignement.Le rapport indique que les talibans effectuent des \u00ab\u00a0visites cibl\u00e9es\u00a0\u00bb chez les personnes recherch\u00e9es et leurs familles. Leurs points de contr\u00f4le filtrent aussi les Afghans dans les grandes villes et ceux souhaitant acc\u00e9der \u00e0 l&rsquo;a\u00e9roport de Kaboul.Les talibans affirment que leurs hommes n&rsquo;\u00e9taient pas autoris\u00e9s \u00e0 agir ainsi. \u00ab\u00a0Certaines personnes le font encore, peut-\u00eatre par ignorance (&#8230;) Nous avons honte\u00a0\u00bb, a tweet\u00e9 un de leurs hauts responsables, Nazar Mohammad Mutmaeen.<\/p>\n\n\n\n<p>De son c\u00f4t\u00e9, le pr\u00e9sident am\u00e9ricain Joe Biden a une nouvelle fois d\u00e9fendu vendredi la gestion du retrait de l&rsquo;Afghanistan par son administration, r\u00e9cusant les alli\u00e9s de l&rsquo;Am\u00e9rique qui mettent en doute la cr\u00e9dibilit\u00e9 du pays face \u00e0 l&rsquo;\u00e9vacuation chaotique en cours.\u00a0\u00bbIl s&rsquo;agit de l&rsquo;une des \u00e9vacuations a\u00e9riennes les plus importantes et les plus difficiles de l&rsquo;histoire, et le seul pays au monde capable de projeter autant de puissance \u00e0 l&rsquo;autre bout du monde avec ce degr\u00e9 de pr\u00e9cision, ce sont les \u00c9tats-Unis d&rsquo;Am\u00e9rique\u00a0\u00bb, a dit M. Biden, qui a \u00e9t\u00e9 largement critiqu\u00e9 pour le retrait b\u00e2cl\u00e9, dans un discours t\u00e9l\u00e9vis\u00e9 depuis la Maison Blanche.<\/p>\n\n\n\n<p>Qualifiant la semaine \u00e9coul\u00e9e de \u00a0\u00bb d\u00e9chirante \u00ab\u00a0, M. Biden a estim\u00e9 que les \u00c9tats-Unis avaient fait des \u00ab\u00a0progr\u00e8s significatifs\u00a0\u00bb et \u00e9vacu\u00e9 d&rsquo;Afghanistan plus de 18.000 personnes depuis juillet et 13.000 depuis le 14 ao\u00fbt.Il s&rsquo;est engag\u00e9 \u00e0 utiliser toute la force de l&rsquo;arm\u00e9e am\u00e9ricaine pour achever le retrait et mettre en s\u00e9curit\u00e9 les Am\u00e9ricains et leurs alli\u00e9s afghans qui ont aid\u00e9 les \u00c9tats-Unis dans ce conflit qui dure depuis 20 ans.Pr\u00e8s de 6.000 soldats sont sur le terrain, assurant la s\u00e9curit\u00e9 des pistes et montant la garde autour de l&rsquo;a\u00e9roport pour faciliter le d\u00e9part des civils, a indiqu\u00e9 M. Biden, reconnaissant que la mission d&rsquo;\u00e9vacuation est \u00ab\u00a0dangereuse\u00a0\u00bb.<\/p>\n\n\n\n<p>R.I. avec agences<\/p>\n","protected":false},"excerpt":{"rendered":"<p>Le cofondateur et num\u00e9ro deux des talibans, Abdul Ghani Baradar, est arriv\u00e9 hier \u00e0 Kaboul pour \u00ab\u00a0rencontrer des responsables talibans<\/p>\n","protected":false},"author":3,"featured_media":4821,"comment_status":"open","ping_status":"closed","sticky":false,"template":"","format":"standard","meta":{"colormag_page_container_layout":"default_layout","colormag_page_sidebar_layout":"default_layout","om_disable_all_campaigns":false,"_monsterinsights_skip_tracking":false,"_monsterinsights_sitenote_active":false,"_monsterinsights_sitenote_note":"","_monsterinsights_sitenote_category":0,"footnotes":"","_wpscppro_dont_share_socialmedia":false,"_wpscppro_custom_social_share_image":0,"_facebook_share_type":"","_twitter_share_type":"","_linkedin_share_type":"","_pinterest_share_type":"","_linkedin_share_type_page":"","_instagram_share_type":"","_medium_share_type":"","_threads_share_type":"","_google_business_share_type":"","_selected_social_profile":[],"_wpsp_enable_custom_social_template":false,"_wpsp_social_scheduling":{"enabled":false,"datetime":null,"platforms":[],"status":"template_only","dateOption":"today","timeOption":"now","customDays":"","customHours":"","customDate":"","customTime":"","schedulingType":"absolute"},"_wpsp_active_default_template":true},"categories":[37],"tags":[],"class_list":["post-4800","post","type-post","status-publish","format-standard","has-post-thumbnail","hentry","category-monde"],"aioseo_notices":[],"yoast_head":"<!-- This site is optimized with the Yoast SEO plugin v27.5 - https:\/\/yoast.com\/product\/yoast-seo-wordpress\/ -->\n<title>Afghanistan : Les talibans promettent un gouvernement inclusif - La Sentinelle<\/title>\n<meta name=\"robots\" content=\"index, follow, max-snippet:-1, max-image-preview:large, max-video-preview:-1\" \/>\n<link rel=\"canonical\" href=\"https:\/\/lasentinelle.dz\/index.php\/2021\/08\/22\/afghanistan-les-talibans-promettent-un-gouvernement-inclusif\/\" \/>\n<meta property=\"og:locale\" content=\"fr_FR\" \/>\n<meta property=\"og:type\" content=\"article\" \/>\n<meta property=\"og:title\" content=\"Afghanistan : Les talibans promettent un gouvernement inclusif - La Sentinelle\" \/>\n<meta property=\"og:description\" content=\"Le cofondateur et num\u00e9ro deux des talibans, Abdul Ghani Baradar, est arriv\u00e9 hier \u00e0 Kaboul pour \u00ab\u00a0rencontrer des responsables talibans\" \/>\n<meta property=\"og:url\" content=\"https:\/\/lasentinelle.dz\/index.php\/2021\/08\/22\/afghanistan-les-talibans-promettent-un-gouvernement-inclusif\/\" \/>\n<meta property=\"og:site_name\" content=\"La Sentinelle\" \/>\n<meta property=\"article:publisher\" content=\"https:\/\/www.facebook.com\/La-Sentinelle-104059864394773\" \/>\n<meta property=\"article:published_time\" content=\"2021-08-21T23:01:00+00:00\" \/>\n<meta property=\"og:image\" content=\"https:\/\/lasentinelle.dz\/wp-content\/uploads\/2021\/08\/baradar.jpeg\" \/>\n\t<meta property=\"og:image:width\" content=\"1399\" \/>\n\t<meta property=\"og:image:height\" content=\"893\" \/>\n\t<meta property=\"og:image:type\" content=\"image\/jpeg\" \/>\n<meta name=\"author\" content=\"La Sentinelle\" \/>\n<meta name=\"twitter:card\" content=\"summary_large_image\" \/>\n<meta name=\"twitter:label1\" content=\"\u00c9crit par\" \/>\n\t<meta name=\"twitter:data1\" content=\"La Sentinelle\" \/>\n\t<meta name=\"twitter:label2\" content=\"Dur\u00e9e de lecture estim\u00e9e\" \/>\n\t<meta name=\"twitter:data2\" content=\"3 minutes\" \/>\n<script type=\"application\/ld+json\" class=\"yoast-schema-graph\">{\"@context\":\"https:\\\/\\\/schema.org\",\"@graph\":[{\"@type\":\"Article\",\"@id\":\"https:\\\/\\\/lasentinelle.dz\\\/index.php\\\/2021\\\/08\\\/22\\\/afghanistan-les-talibans-promettent-un-gouvernement-inclusif\\\/#article\",\"isPartOf\":{\"@id\":\"https:\\\/\\\/lasentinelle.dz\\\/index.php\\\/2021\\\/08\\\/22\\\/afghanistan-les-talibans-promettent-un-gouvernement-inclusif\\\/\"},\"author\":{\"name\":\"La Sentinelle\",\"@id\":\"https:\\\/\\\/lasentinelle.dz\\\/#\\\/schema\\\/person\\\/d865044e22e70a75174ce8bcad3acfb3\"},\"headline\":\"Afghanistan : Les talibans promettent un gouvernement inclusif\",\"datePublished\":\"2021-08-21T23:01:00+00:00\",\"mainEntityOfPage\":{\"@id\":\"https:\\\/\\\/lasentinelle.dz\\\/index.php\\\/2021\\\/08\\\/22\\\/afghanistan-les-talibans-promettent-un-gouvernement-inclusif\\\/\"},\"wordCount\":796,\"commentCount\":0,\"publisher\":{\"@id\":\"https:\\\/\\\/lasentinelle.dz\\\/#organization\"},\"image\":{\"@id\":\"https:\\\/\\\/lasentinelle.dz\\\/index.php\\\/2021\\\/08\\\/22\\\/afghanistan-les-talibans-promettent-un-gouvernement-inclusif\\\/#primaryimage\"},\"thumbnailUrl\":\"https:\\\/\\\/lasentinelle.dz\\\/wp-content\\\/uploads\\\/2021\\\/08\\\/baradar.jpeg\",\"articleSection\":[\"Monde\"],\"inLanguage\":\"fr-FR\",\"potentialAction\":[{\"@type\":\"CommentAction\",\"name\":\"Comment\",\"target\":[\"https:\\\/\\\/lasentinelle.dz\\\/index.php\\\/2021\\\/08\\\/22\\\/afghanistan-les-talibans-promettent-un-gouvernement-inclusif\\\/#respond\"]}]},{\"@type\":\"WebPage\",\"@id\":\"https:\\\/\\\/lasentinelle.dz\\\/index.php\\\/2021\\\/08\\\/22\\\/afghanistan-les-talibans-promettent-un-gouvernement-inclusif\\\/\",\"url\":\"https:\\\/\\\/lasentinelle.dz\\\/index.php\\\/2021\\\/08\\\/22\\\/afghanistan-les-talibans-promettent-un-gouvernement-inclusif\\\/\",\"name\":\"Afghanistan : Les talibans promettent un gouvernement inclusif - La Sentinelle\",\"isPartOf\":{\"@id\":\"https:\\\/\\\/lasentinelle.dz\\\/#website\"},\"primaryImageOfPage\":{\"@id\":\"https:\\\/\\\/lasentinelle.dz\\\/index.php\\\/2021\\\/08\\\/22\\\/afghanistan-les-talibans-promettent-un-gouvernement-inclusif\\\/#primaryimage\"},\"image\":{\"@id\":\"https:\\\/\\\/lasentinelle.dz\\\/index.php\\\/2021\\\/08\\\/22\\\/afghanistan-les-talibans-promettent-un-gouvernement-inclusif\\\/#primaryimage\"},\"thumbnailUrl\":\"https:\\\/\\\/lasentinelle.dz\\\/wp-content\\\/uploads\\\/2021\\\/08\\\/baradar.jpeg\",\"datePublished\":\"2021-08-21T23:01:00+00:00\",\"breadcrumb\":{\"@id\":\"https:\\\/\\\/lasentinelle.dz\\\/index.php\\\/2021\\\/08\\\/22\\\/afghanistan-les-talibans-promettent-un-gouvernement-inclusif\\\/#breadcrumb\"},\"inLanguage\":\"fr-FR\",\"potentialAction\":[{\"@type\":\"ReadAction\",\"target\":[\"https:\\\/\\\/lasentinelle.dz\\\/index.php\\\/2021\\\/08\\\/22\\\/afghanistan-les-talibans-promettent-un-gouvernement-inclusif\\\/\"]}]},{\"@type\":\"ImageObject\",\"inLanguage\":\"fr-FR\",\"@id\":\"https:\\\/\\\/lasentinelle.dz\\\/index.php\\\/2021\\\/08\\\/22\\\/afghanistan-les-talibans-promettent-un-gouvernement-inclusif\\\/#primaryimage\",\"url\":\"https:\\\/\\\/lasentinelle.dz\\\/wp-content\\\/uploads\\\/2021\\\/08\\\/baradar.jpeg\",\"contentUrl\":\"https:\\\/\\\/lasentinelle.dz\\\/wp-content\\\/uploads\\\/2021\\\/08\\\/baradar.jpeg\",\"width\":1399,\"height\":893},{\"@type\":\"BreadcrumbList\",\"@id\":\"https:\\\/\\\/lasentinelle.dz\\\/index.php\\\/2021\\\/08\\\/22\\\/afghanistan-les-talibans-promettent-un-gouvernement-inclusif\\\/#breadcrumb\",\"itemListElement\":[{\"@type\":\"ListItem\",\"position\":1,\"name\":\"Accueil\",\"item\":\"https:\\\/\\\/lasentinelle.dz\\\/\"},{\"@type\":\"ListItem\",\"position\":2,\"name\":\"Afghanistan : Les talibans promettent un gouvernement inclusif\"}]},{\"@type\":\"WebSite\",\"@id\":\"https:\\\/\\\/lasentinelle.dz\\\/#website\",\"url\":\"https:\\\/\\\/lasentinelle.dz\\\/\",\"name\":\"La Sentinelle\",\"description\":\"Quotidien national d&#039;information\",\"publisher\":{\"@id\":\"https:\\\/\\\/lasentinelle.dz\\\/#organization\"},\"potentialAction\":[{\"@type\":\"SearchAction\",\"target\":{\"@type\":\"EntryPoint\",\"urlTemplate\":\"https:\\\/\\\/lasentinelle.dz\\\/?s={search_term_string}\"},\"query-input\":{\"@type\":\"PropertyValueSpecification\",\"valueRequired\":true,\"valueName\":\"search_term_string\"}}],\"inLanguage\":\"fr-FR\"},{\"@type\":\"Organization\",\"@id\":\"https:\\\/\\\/lasentinelle.dz\\\/#organization\",\"name\":\"Quotidien La Sentinelle\",\"url\":\"https:\\\/\\\/lasentinelle.dz\\\/\",\"logo\":{\"@type\":\"ImageObject\",\"inLanguage\":\"fr-FR\",\"@id\":\"https:\\\/\\\/lasentinelle.dz\\\/#\\\/schema\\\/logo\\\/image\\\/\",\"url\":\"https:\\\/\\\/lasentinelle.dz\\\/wp-content\\\/uploads\\\/2021\\\/09\\\/logo-sentinelleSLOGAN-1.png\",\"contentUrl\":\"https:\\\/\\\/lasentinelle.dz\\\/wp-content\\\/uploads\\\/2021\\\/09\\\/logo-sentinelleSLOGAN-1.png\",\"width\":615,\"height\":142,\"caption\":\"Quotidien La Sentinelle\"},\"image\":{\"@id\":\"https:\\\/\\\/lasentinelle.dz\\\/#\\\/schema\\\/logo\\\/image\\\/\"},\"sameAs\":[\"https:\\\/\\\/www.facebook.com\\\/La-Sentinelle-104059864394773\"]},{\"@type\":\"Person\",\"@id\":\"https:\\\/\\\/lasentinelle.dz\\\/#\\\/schema\\\/person\\\/d865044e22e70a75174ce8bcad3acfb3\",\"name\":\"La Sentinelle\",\"image\":{\"@type\":\"ImageObject\",\"inLanguage\":\"fr-FR\",\"@id\":\"https:\\\/\\\/secure.gravatar.com\\\/avatar\\\/57de8e5d4b15d43fb361a71fbb36338450fe67865b528a43dd10ef7c51a20392?s=96&d=mm&r=g\",\"url\":\"https:\\\/\\\/secure.gravatar.com\\\/avatar\\\/57de8e5d4b15d43fb361a71fbb36338450fe67865b528a43dd10ef7c51a20392?s=96&d=mm&r=g\",\"contentUrl\":\"https:\\\/\\\/secure.gravatar.com\\\/avatar\\\/57de8e5d4b15d43fb361a71fbb36338450fe67865b528a43dd10ef7c51a20392?s=96&d=mm&r=g\",\"caption\":\"La Sentinelle\"},\"sameAs\":[\"http:\\\/\\\/www.lasentinelle.dz\"],\"url\":\"https:\\\/\\\/lasentinelle.dz\\\/author\\\/redaction\\\/\"}]}<\/script>\n<!-- \/ Yoast SEO plugin. -->","yoast_head_json":{"title":"Afghanistan : Les talibans promettent un gouvernement inclusif - La Sentinelle","robots":{"index":"index","follow":"follow","max-snippet":"max-snippet:-1","max-image-preview":"max-image-preview:large","max-video-preview":"max-video-preview:-1"},"canonical":"https:\/\/lasentinelle.dz\/index.php\/2021\/08\/22\/afghanistan-les-talibans-promettent-un-gouvernement-inclusif\/","og_locale":"fr_FR","og_type":"article","og_title":"Afghanistan : Les talibans promettent un gouvernement inclusif - La Sentinelle","og_description":"Le cofondateur et num\u00e9ro deux des talibans, Abdul Ghani Baradar, est arriv\u00e9 hier \u00e0 Kaboul pour \u00ab\u00a0rencontrer des responsables talibans","og_url":"https:\/\/lasentinelle.dz\/index.php\/2021\/08\/22\/afghanistan-les-talibans-promettent-un-gouvernement-inclusif\/","og_site_name":"La Sentinelle","article_publisher":"https:\/\/www.facebook.com\/La-Sentinelle-104059864394773","article_published_time":"2021-08-21T23:01:00+00:00","og_image":[{"width":1399,"height":893,"url":"https:\/\/lasentinelle.dz\/wp-content\/uploads\/2021\/08\/baradar.jpeg","type":"image\/jpeg"}],"author":"La Sentinelle","twitter_card":"summary_large_image","twitter_misc":{"\u00c9crit par":"La Sentinelle","Dur\u00e9e de lecture estim\u00e9e":"3 minutes"},"schema":{"@context":"https:\/\/schema.org","@graph":[{"@type":"Article","@id":"https:\/\/lasentinelle.dz\/index.php\/2021\/08\/22\/afghanistan-les-talibans-promettent-un-gouvernement-inclusif\/#article","isPartOf":{"@id":"https:\/\/lasentinelle.dz\/index.php\/2021\/08\/22\/afghanistan-les-talibans-promettent-un-gouvernement-inclusif\/"},"author":{"name":"La Sentinelle","@id":"https:\/\/lasentinelle.dz\/#\/schema\/person\/d865044e22e70a75174ce8bcad3acfb3"},"headline":"Afghanistan : Les talibans promettent un gouvernement inclusif","datePublished":"2021-08-21T23:01:00+00:00","mainEntityOfPage":{"@id":"https:\/\/lasentinelle.dz\/index.php\/2021\/08\/22\/afghanistan-les-talibans-promettent-un-gouvernement-inclusif\/"},"wordCount":796,"commentCount":0,"publisher":{"@id":"https:\/\/lasentinelle.dz\/#organization"},"image":{"@id":"https:\/\/lasentinelle.dz\/index.php\/2021\/08\/22\/afghanistan-les-talibans-promettent-un-gouvernement-inclusif\/#primaryimage"},"thumbnailUrl":"https:\/\/lasentinelle.dz\/wp-content\/uploads\/2021\/08\/baradar.jpeg","articleSection":["Monde"],"inLanguage":"fr-FR","potentialAction":[{"@type":"CommentAction","name":"Comment","target":["https:\/\/lasentinelle.dz\/index.php\/2021\/08\/22\/afghanistan-les-talibans-promettent-un-gouvernement-inclusif\/#respond"]}]},{"@type":"WebPage","@id":"https:\/\/lasentinelle.dz\/index.php\/2021\/08\/22\/afghanistan-les-talibans-promettent-un-gouvernement-inclusif\/","url":"https:\/\/lasentinelle.dz\/index.php\/2021\/08\/22\/afghanistan-les-talibans-promettent-un-gouvernement-inclusif\/","name":"Afghanistan : Les talibans promettent un gouvernement inclusif - La Sentinelle","isPartOf":{"@id":"https:\/\/lasentinelle.dz\/#website"},"primaryImageOfPage":{"@id":"https:\/\/lasentinelle.dz\/index.php\/2021\/08\/22\/afghanistan-les-talibans-promettent-un-gouvernement-inclusif\/#primaryimage"},"image":{"@id":"https:\/\/lasentinelle.dz\/index.php\/2021\/08\/22\/afghanistan-les-talibans-promettent-un-gouvernement-inclusif\/#primaryimage"},"thumbnailUrl":"https:\/\/lasentinelle.dz\/wp-content\/uploads\/2021\/08\/baradar.jpeg","datePublished":"2021-08-21T23:01:00+00:00","breadcrumb":{"@id":"https:\/\/lasentinelle.dz\/index.php\/2021\/08\/22\/afghanistan-les-talibans-promettent-un-gouvernement-inclusif\/#breadcrumb"},"inLanguage":"fr-FR","potentialAction":[{"@type":"ReadAction","target":["https:\/\/lasentinelle.dz\/index.php\/2021\/08\/22\/afghanistan-les-talibans-promettent-un-gouvernement-inclusif\/"]}]},{"@type":"ImageObject","inLanguage":"fr-FR","@id":"https:\/\/lasentinelle.dz\/index.php\/2021\/08\/22\/afghanistan-les-talibans-promettent-un-gouvernement-inclusif\/#primaryimage","url":"https:\/\/lasentinelle.dz\/wp-content\/uploads\/2021\/08\/baradar.jpeg","contentUrl":"https:\/\/lasentinelle.dz\/wp-content\/uploads\/2021\/08\/baradar.jpeg","width":1399,"height":893},{"@type":"BreadcrumbList","@id":"https:\/\/lasentinelle.dz\/index.php\/2021\/08\/22\/afghanistan-les-talibans-promettent-un-gouvernement-inclusif\/#breadcrumb","itemListElement":[{"@type":"ListItem","position":1,"name":"Accueil","item":"https:\/\/lasentinelle.dz\/"},{"@type":"ListItem","position":2,"name":"Afghanistan : Les talibans promettent un gouvernement inclusif"}]},{"@type":"WebSite","@id":"https:\/\/lasentinelle.dz\/#website","url":"https:\/\/lasentinelle.dz\/","name":"La Sentinelle","description":"Quotidien national d&#039;information","publisher":{"@id":"https:\/\/lasentinelle.dz\/#organization"},"potentialAction":[{"@type":"SearchAction","target":{"@type":"EntryPoint","urlTemplate":"https:\/\/lasentinelle.dz\/?s={search_term_string}"},"query-input":{"@type":"PropertyValueSpecification","valueRequired":true,"valueName":"search_term_string"}}],"inLanguage":"fr-FR"},{"@type":"Organization","@id":"https:\/\/lasentinelle.dz\/#organization","name":"Quotidien La Sentinelle","url":"https:\/\/lasentinelle.dz\/","logo":{"@type":"ImageObject","inLanguage":"fr-FR","@id":"https:\/\/lasentinelle.dz\/#\/schema\/logo\/image\/","url":"https:\/\/lasentinelle.dz\/wp-content\/uploads\/2021\/09\/logo-sentinelleSLOGAN-1.png","contentUrl":"https:\/\/lasentinelle.dz\/wp-content\/uploads\/2021\/09\/logo-sentinelleSLOGAN-1.png","width":615,"height":142,"caption":"Quotidien La Sentinelle"},"image":{"@id":"https:\/\/lasentinelle.dz\/#\/schema\/logo\/image\/"},"sameAs":["https:\/\/www.facebook.com\/La-Sentinelle-104059864394773"]},{"@type":"Person","@id":"https:\/\/lasentinelle.dz\/#\/schema\/person\/d865044e22e70a75174ce8bcad3acfb3","name":"La Sentinelle","image":{"@type":"ImageObject","inLanguage":"fr-FR","@id":"https:\/\/secure.gravatar.com\/avatar\/57de8e5d4b15d43fb361a71fbb36338450fe67865b528a43dd10ef7c51a20392?s=96&d=mm&r=g","url":"https:\/\/secure.gravatar.com\/avatar\/57de8e5d4b15d43fb361a71fbb36338450fe67865b528a43dd10ef7c51a20392?s=96&d=mm&r=g","contentUrl":"https:\/\/secure.gravatar.com\/avatar\/57de8e5d4b15d43fb361a71fbb36338450fe67865b528a43dd10ef7c51a20392?s=96&d=mm&r=g","caption":"La Sentinelle"},"sameAs":["http:\/\/www.lasentinelle.dz"],"url":"https:\/\/lasentinelle.dz\/author\/redaction\/"}]}},"_links":{"self":[{"href":"https:\/\/lasentinelle.dz\/index.php\/wp-json\/wp\/v2\/posts\/4800","targetHints":{"allow":["GET"]}}],"collection":[{"href":"https:\/\/lasentinelle.dz\/index.php\/wp-json\/wp\/v2\/posts"}],"about":[{"href":"https:\/\/lasentinelle.dz\/index.php\/wp-json\/wp\/v2\/types\/post"}],"author":[{"embeddable":true,"href":"https:\/\/lasentinelle.dz\/index.php\/wp-json\/wp\/v2\/users\/3"}],"replies":[{"embeddable":true,"href":"https:\/\/lasentinelle.dz\/index.php\/wp-json\/wp\/v2\/comments?post=4800"}],"version-history":[{"count":1,"href":"https:\/\/lasentinelle.dz\/index.php\/wp-json\/wp\/v2\/posts\/4800\/revisions"}],"predecessor-version":[{"id":4811,"href":"https:\/\/lasentinelle.dz\/index.php\/wp-json\/wp\/v2\/posts\/4800\/revisions\/4811"}],"wp:featuredmedia":[{"embeddable":true,"href":"https:\/\/lasentinelle.dz\/index.php\/wp-json\/wp\/v2\/media\/4821"}],"wp:attachment":[{"href":"https:\/\/lasentinelle.dz\/index.php\/wp-json\/wp\/v2\/media?parent=4800"}],"wp:term":[{"taxonomy":"category","embeddable":true,"href":"https:\/\/lasentinelle.dz\/index.php\/wp-json\/wp\/v2\/categories?post=4800"},{"taxonomy":"post_tag","embeddable":true,"href":"https:\/\/lasentinelle.dz\/index.php\/wp-json\/wp\/v2\/tags?post=4800"}],"curies":[{"name":"wp","href":"https:\/\/api.w.org\/{rel}","templated":true}]}}