{"id":48010,"date":"2023-12-18T06:27:00","date_gmt":"2023-12-18T05:27:00","guid":{"rendered":"https:\/\/lasentinelle.dz\/?p=48010"},"modified":"2023-12-18T12:28:23","modified_gmt":"2023-12-18T11:28:23","slug":"7e-sommet-du-gecf-a-alger-reaffirmer-le-role-du-gaz-naturel-dans-la-transition","status":"publish","type":"post","link":"https:\/\/lasentinelle.dz\/index.php\/2023\/12\/18\/7e-sommet-du-gecf-a-alger-reaffirmer-le-role-du-gaz-naturel-dans-la-transition\/","title":{"rendered":"7e sommet du GECF \u00e0 Alger\u00a0: R\u00e9affirmer le r\u00f4le du gaz naturel dans la transition"},"content":{"rendered":"\n<p>L\u2019Alg\u00e9rie accueille le 7<sup>e<\/sup> Sommet des chefs d\u2019\u00c9tats et de gouvernements du Forum des pays exportateurs de gaz du 29 f\u00e9vrier au 2 mars prochain. Un \u00e9v\u00e9nement majeur qui devra aboutir \u00e0 une d\u00e9claration qui doit r\u00e9affirmer le r\u00f4le du gaz naturel en tant qu\u2019\u00e9nergie cl\u00e9 dans la transition \u00e9nerg\u00e9tique au moment o\u00f9 le G7 veut imposer une sortie rapide de fossiles pour des motifs purement g\u00e9opolitiques.<\/p>\n\n\n\n<p>La transition \u00e9nerg\u00e9tique est aujourd\u2019hui plus qu\u2019un enjeu \u00e9nerg\u00e9tique et climatique. C\u2019est avant tout un enjeu g\u00e9ostrat\u00e9gique. La derni\u00e8re COP 28 l\u2019a clairement d\u00e9montr\u00e9. La derni\u00e8re conf\u00e9rence des parties pour le climat a \u00e9t\u00e9 mue en tribune pour diaboliser les \u00e9nergies fossiles, y compris l\u2019\u00e9nergie propre qu\u2019est le gaz naturel appel\u00e9 \u00e0 jouer un r\u00f4le cl\u00e9 dans la transition et la s\u00e9curit\u00e9 \u00e9nerg\u00e9tiques, en agitant l\u2019argument climatique. Une tribune qui a \u00e9galement servi \u00e0 promouvoir le recours \u00e0 l\u2019\u00e9nergie nucl\u00e9aire, extr\u00eamement polluante et dont la technologie et contr\u00f4l\u00e9e par quelques pays d\u00e9velopp\u00e9s, dans la transition \u00e9nerg\u00e9tique au m\u00e9pris des consid\u00e9ration environnementale. Un \u00e9v\u00e9nement qui a d\u00e9montr\u00e9 que la transition \u00e9nerg\u00e9tique ne concerne plus les seules consid\u00e9rations \u00e9cologiques r\u00e9duites \u00e0 de simples arguments, mais est un enjeu de domination \u00e9nerg\u00e9tique, \u00e9conomique et g\u00e9ostrat\u00e9gique. C\u2019est dans ce contexte bien pr\u00e9cis qu\u2019intervient le 7 Sommet du Forum des pays exportateurs de gaz (GECF) qui se tiendra \u00e0 Alger du 29 f\u00e9vrier au 2 mars 2024. Un \u00e9v\u00e9nement au cours duquel les questions cl\u00e9s relatives \u00e0 l\u2019avenir du gaz naturel seront discut\u00e9s, notamment le r\u00f4le du gaz en tant qu\u2019\u00e9nergie de transition, le renforcement de la souverainet\u00e9 des pays producteurs sur leurs ressources gazi\u00e8res et la s\u00e9curit\u00e9 des infrastructures de transport de gaz, \u00e0 la lumi\u00e8re des r\u00e9cents \u00e9v\u00e8nements li\u00e9s au conflit en Ukraine et qui d\u00e9montr\u00e9 la centralit\u00e9 de la question de la s\u00e9curit\u00e9 dans industrie sensible.<\/p>\n\n\n\n<p>Dans ce contexte, le ministre de l\u2019\u00c9nergie et des Mines, Mohamed Arkab, a indiqu\u00e9 dans un entretien publi\u00e9 hier par l\u2019agence Alg\u00e9rie presse service que le Sommet sera couronn\u00e9 le 2 mars par la \u00ab\u00a0D\u00e9claration d&rsquo;Alger\u00a0\u00bb. Il expliquera la D\u00e9claration d&rsquo;Alger refl\u00e8tera ainsi la vision et la position communes du GECF sur diverses questions li\u00e9es au gaz, telles que le r\u00f4le du gaz dans la transition \u00e9nerg\u00e9tique, l&rsquo;importance de l&rsquo;infrastructure gazi\u00e8re et des investissements, la promotion du gaz en tant que source d&rsquo;\u00e9nergie propre et fiable, et le renforcement de la coop\u00e9ration gazi\u00e8re et du dialogue avec d&rsquo;autres parties prenantes. Faisant observer que la D\u00e9claration du sommet constituera le document principal de l\u2019\u00e9v\u00e9nement, M. Arkab a pr\u00e9cis\u00e9 que ce document \u00e9tait en cours de discussions au sein du groupe de travail ad hoc de haut niveau (High Level Ad hoc Working Group) du GECF que l\u2019Alg\u00e9rie pr\u00e9side, et devrait \u00ab\u00a0refl\u00e9ter les objectifs et la Vision du GECF qui consiste \u00e0 faire du gaz naturel la ressource centrale d\u2019un d\u00e9veloppement inclusif et durable\u00a0\u00bb. Il \u00ab&nbsp;s\u2019agira pour l\u2019Alg\u00e9rie, en sa qualit\u00e9 de membre fondateur du GECF, de contribuer avec les pays membres de cette organisation \u00e0 fa\u00e7onner l&rsquo;avenir \u00e9nerg\u00e9tique en tant que d\u00e9fenseur mondial du gaz naturel et plate-forme de coop\u00e9ration et de dialogue&nbsp;\u00bb, a-t-il poursuivi. L&rsquo;objectif est de \u00ab\u00a0soutenir les droits souverains des pays membres sur leurs ressources en gaz naturel et de contribuer au d\u00e9veloppement durable et \u00e0 la s\u00e9curit\u00e9 \u00e9nerg\u00e9tique mondiale\u00a0\u00bb, a-t-il ajout\u00e9.<\/p>\n\n\n\n<p>Au-del\u00e0 des questions strat\u00e9giques qui seront d\u00e9battues lors du sommet, le ministre pr\u00e9cise que l\u2019\u00e9v\u00e9nement sera marqu\u00e9 par l\u2019organisation de plusieurs activit\u00e9s scientifiques, techniques et diplomatiques dont l\u2019inauguration du si\u00e8ge de l\u2019Institut de la Recherche sur le Gaz (GRI) du GECF, que l\u2019Alg\u00e9rie abrite et dirige. Arkab pr\u00e9cise ainsi que cet institut jouera un r\u00f4le important dans le d\u00e9veloppement, le d\u00e9ploiement et le transfert de technologies susceptibles d&rsquo;am\u00e9liorer l&rsquo;efficacit\u00e9 et les performances environnementales de l&rsquo;industrie du gaz naturel, en fournissant des programmes de formation pour les experts des pays membres et en partageant les meilleures pratiques et connaissances, en d\u00e9veloppant des partenariats avec les centres de recherche et les universit\u00e9s des pays membres et, par ailleurs, en soutenant la vision et la mission du GECF en tant que d\u00e9fenseur mondial du gaz naturel et plateforme de coop\u00e9ration et de dialogue. \u00ab\u00a0Le GRI a \u00e9t\u00e9 cr\u00e9\u00e9 pour faciliter la coop\u00e9ration technologique et mener des recherches afin de faire progresser les technologies et les connaissances dans l&rsquo;industrie du gaz naturel, notamment par le biais de programmes de formation, de partage des connaissances entre les pays et de partenariats universitaires\u00a0\u00bb, a soulign\u00e9 M. Arkab. Par ailleurs, l&rsquo;\u00e9v\u00e8nement verra le lancement de la nouvelle \u00e9dition du Global Gaz Outlook 2050 du GECF, la publication annuelle du Forum, qui fournit une analyse compl\u00e8te des march\u00e9s gaziers mondiaux et r\u00e9gionaux, ainsi que du r\u00f4le du gaz naturel dans la transition \u00e9nerg\u00e9tique.&nbsp; Le sommet connaitra, en outre, la signature de m\u00e9morandums d&rsquo;entente (MoUs) entre le GECF et d\u2019importantes organisations internationales et r\u00e9gionales, a encore avanc\u00e9 le ministre.<\/p>\n\n\n\n<p>Celui-ci a soulign\u00e9 que l\u2019organisation d\u2019un \u00e9v\u00e8nement aussi important que ce sommet en Alg\u00e9rie \u00ab&nbsp;dans une conjoncture tr\u00e8s particuli\u00e8re, marqu\u00e9e par l\u2019importance cruciale du gaz dans la s\u00e9curit\u00e9 \u00e9nerg\u00e9tique et dans la transition \u00e9nerg\u00e9tique traduit le r\u00f4le important que joue l\u2019Alg\u00e9rie au sein du GECF, en tant que membre fondateur, et sur la sc\u00e8ne \u00e9nerg\u00e9tique internationale en tant que fournisseur fiable de l\u2019\u00e9nergie\u00a0\u00bb.<\/p>\n\n\n\n<p>Pour rappel, le pr\u00e9sident de la R\u00e9publique Abdelmadjid Tebboune a pr\u00e9sid\u00e9 mercredi une r\u00e9union pr\u00e9paratoire de ce sommet.<\/p>\n\n\n\n<p>Notons que le GECF compte 12 membres permanents que sont l\u2019Alg\u00e9rie, la Bolivie, l\u2019\u00c9gypte, la Guin\u00e9e \u00c9quatoriale, l\u2019Iran, la Libye, le Nigeria, le Qatar, la Russie, Trinit\u00e9-et-Tobago, les \u00c9mirats arabes unis et Venezuela et 7 membres observateurs, \u00e0 savoir l\u2019Angola, l\u2019Azerba\u00efdjan, l\u2019Irak, la Malaisie, la Mauritanie, le Mozambique et P\u00e9rou. Il se donne pour mission de fa\u00e7onner l&rsquo;avenir \u00e9nerg\u00e9tique en tant que d\u00e9fenseur mondial du gaz naturel et plateforme de coop\u00e9ration et de dialogue, en vue de soutenir les droits souverains des pays membres sur leurs ressources en gaz naturel et contribuer au d\u00e9veloppement durable et \u00e0 la s\u00e9curit\u00e9 \u00e9nerg\u00e9tique mondiale.<\/p>\n\n\n\n<p><strong>Sabrina Aziouez<\/strong><\/p>\n","protected":false},"excerpt":{"rendered":"<p>L\u2019Alg\u00e9rie accueille le 7e Sommet des chefs d\u2019\u00c9tats et de gouvernements du Forum des pays exportateurs de gaz du 29<\/p>\n","protected":false},"author":3,"featured_media":46184,"comment_status":"open","ping_status":"closed","sticky":false,"template":"","format":"standard","meta":{"colormag_page_container_layout":"default_layout","colormag_page_sidebar_layout":"default_layout","om_disable_all_campaigns":false,"_monsterinsights_skip_tracking":false,"_monsterinsights_sitenote_active":false,"_monsterinsights_sitenote_note":"","_monsterinsights_sitenote_category":0,"footnotes":"","_wpscppro_dont_share_socialmedia":false,"_wpscppro_custom_social_share_image":0,"_facebook_share_type":"","_twitter_share_type":"","_linkedin_share_type":"","_pinterest_share_type":"","_linkedin_share_type_page":"","_instagram_share_type":"","_medium_share_type":"","_threads_share_type":"","_google_business_share_type":"","_selected_social_profile":[],"_wpsp_enable_custom_social_template":false,"_wpsp_social_scheduling":{"enabled":false,"datetime":null,"platforms":[],"status":"template_only","dateOption":"today","timeOption":"now","customDays":"","customHours":"","customDate":"","customTime":"","schedulingType":"absolute"},"_wpsp_active_default_template":true},"categories":[52,29],"tags":[],"class_list":["post-48010","post","type-post","status-publish","format-standard","has-post-thumbnail","hentry","category-a-la-une","category-economie"],"aioseo_notices":[],"yoast_head":"<!-- This site is optimized with the Yoast SEO plugin v27.5 - https:\/\/yoast.com\/product\/yoast-seo-wordpress\/ -->\n<title>7e sommet du GECF \u00e0 Alger\u00a0: R\u00e9affirmer le r\u00f4le du gaz naturel dans la transition - La Sentinelle<\/title>\n<meta name=\"robots\" content=\"index, follow, max-snippet:-1, max-image-preview:large, max-video-preview:-1\" \/>\n<link rel=\"canonical\" href=\"https:\/\/lasentinelle.dz\/index.php\/2023\/12\/18\/7e-sommet-du-gecf-a-alger-reaffirmer-le-role-du-gaz-naturel-dans-la-transition\/\" \/>\n<meta property=\"og:locale\" content=\"fr_FR\" \/>\n<meta property=\"og:type\" content=\"article\" \/>\n<meta property=\"og:title\" content=\"7e sommet du GECF \u00e0 Alger\u00a0: R\u00e9affirmer le r\u00f4le du gaz naturel dans la transition - La Sentinelle\" \/>\n<meta property=\"og:description\" content=\"L\u2019Alg\u00e9rie accueille le 7e Sommet des chefs d\u2019\u00c9tats et de gouvernements du Forum des pays exportateurs de gaz du 29\" \/>\n<meta property=\"og:url\" content=\"https:\/\/lasentinelle.dz\/index.php\/2023\/12\/18\/7e-sommet-du-gecf-a-alger-reaffirmer-le-role-du-gaz-naturel-dans-la-transition\/\" \/>\n<meta property=\"og:site_name\" content=\"La Sentinelle\" \/>\n<meta property=\"article:publisher\" content=\"https:\/\/www.facebook.com\/La-Sentinelle-104059864394773\" \/>\n<meta property=\"article:published_time\" content=\"2023-12-18T05:27:00+00:00\" \/>\n<meta property=\"article:modified_time\" content=\"2023-12-18T11:28:23+00:00\" \/>\n<meta property=\"og:image\" content=\"https:\/\/lasentinelle.dz\/wp-content\/uploads\/2023\/10\/GECF.jpeg\" \/>\n\t<meta property=\"og:image:width\" content=\"340\" \/>\n\t<meta property=\"og:image:height\" content=\"200\" \/>\n\t<meta property=\"og:image:type\" content=\"image\/jpeg\" \/>\n<meta name=\"author\" content=\"La Sentinelle\" \/>\n<meta name=\"twitter:card\" content=\"summary_large_image\" \/>\n<meta name=\"twitter:label1\" content=\"\u00c9crit par\" \/>\n\t<meta name=\"twitter:data1\" content=\"La Sentinelle\" \/>\n\t<meta name=\"twitter:label2\" content=\"Dur\u00e9e de lecture estim\u00e9e\" \/>\n\t<meta name=\"twitter:data2\" content=\"6 minutes\" \/>\n<script type=\"application\/ld+json\" class=\"yoast-schema-graph\">{\"@context\":\"https:\\\/\\\/schema.org\",\"@graph\":[{\"@type\":\"Article\",\"@id\":\"https:\\\/\\\/lasentinelle.dz\\\/index.php\\\/2023\\\/12\\\/18\\\/7e-sommet-du-gecf-a-alger-reaffirmer-le-role-du-gaz-naturel-dans-la-transition\\\/#article\",\"isPartOf\":{\"@id\":\"https:\\\/\\\/lasentinelle.dz\\\/index.php\\\/2023\\\/12\\\/18\\\/7e-sommet-du-gecf-a-alger-reaffirmer-le-role-du-gaz-naturel-dans-la-transition\\\/\"},\"author\":{\"name\":\"La Sentinelle\",\"@id\":\"https:\\\/\\\/lasentinelle.dz\\\/#\\\/schema\\\/person\\\/d865044e22e70a75174ce8bcad3acfb3\"},\"headline\":\"7e sommet du GECF \u00e0 Alger\u00a0: R\u00e9affirmer le r\u00f4le du gaz naturel dans la transition\",\"datePublished\":\"2023-12-18T05:27:00+00:00\",\"dateModified\":\"2023-12-18T11:28:23+00:00\",\"mainEntityOfPage\":{\"@id\":\"https:\\\/\\\/lasentinelle.dz\\\/index.php\\\/2023\\\/12\\\/18\\\/7e-sommet-du-gecf-a-alger-reaffirmer-le-role-du-gaz-naturel-dans-la-transition\\\/\"},\"wordCount\":1168,\"commentCount\":0,\"publisher\":{\"@id\":\"https:\\\/\\\/lasentinelle.dz\\\/#organization\"},\"image\":{\"@id\":\"https:\\\/\\\/lasentinelle.dz\\\/index.php\\\/2023\\\/12\\\/18\\\/7e-sommet-du-gecf-a-alger-reaffirmer-le-role-du-gaz-naturel-dans-la-transition\\\/#primaryimage\"},\"thumbnailUrl\":\"https:\\\/\\\/lasentinelle.dz\\\/wp-content\\\/uploads\\\/2023\\\/10\\\/GECF.jpeg\",\"articleSection\":[\"\u00c0 la Une\",\"\u00c9conomie\"],\"inLanguage\":\"fr-FR\",\"potentialAction\":[{\"@type\":\"CommentAction\",\"name\":\"Comment\",\"target\":[\"https:\\\/\\\/lasentinelle.dz\\\/index.php\\\/2023\\\/12\\\/18\\\/7e-sommet-du-gecf-a-alger-reaffirmer-le-role-du-gaz-naturel-dans-la-transition\\\/#respond\"]}]},{\"@type\":\"WebPage\",\"@id\":\"https:\\\/\\\/lasentinelle.dz\\\/index.php\\\/2023\\\/12\\\/18\\\/7e-sommet-du-gecf-a-alger-reaffirmer-le-role-du-gaz-naturel-dans-la-transition\\\/\",\"url\":\"https:\\\/\\\/lasentinelle.dz\\\/index.php\\\/2023\\\/12\\\/18\\\/7e-sommet-du-gecf-a-alger-reaffirmer-le-role-du-gaz-naturel-dans-la-transition\\\/\",\"name\":\"7e sommet du GECF \u00e0 Alger\u00a0: R\u00e9affirmer le r\u00f4le du gaz naturel dans la transition - La Sentinelle\",\"isPartOf\":{\"@id\":\"https:\\\/\\\/lasentinelle.dz\\\/#website\"},\"primaryImageOfPage\":{\"@id\":\"https:\\\/\\\/lasentinelle.dz\\\/index.php\\\/2023\\\/12\\\/18\\\/7e-sommet-du-gecf-a-alger-reaffirmer-le-role-du-gaz-naturel-dans-la-transition\\\/#primaryimage\"},\"image\":{\"@id\":\"https:\\\/\\\/lasentinelle.dz\\\/index.php\\\/2023\\\/12\\\/18\\\/7e-sommet-du-gecf-a-alger-reaffirmer-le-role-du-gaz-naturel-dans-la-transition\\\/#primaryimage\"},\"thumbnailUrl\":\"https:\\\/\\\/lasentinelle.dz\\\/wp-content\\\/uploads\\\/2023\\\/10\\\/GECF.jpeg\",\"datePublished\":\"2023-12-18T05:27:00+00:00\",\"dateModified\":\"2023-12-18T11:28:23+00:00\",\"breadcrumb\":{\"@id\":\"https:\\\/\\\/lasentinelle.dz\\\/index.php\\\/2023\\\/12\\\/18\\\/7e-sommet-du-gecf-a-alger-reaffirmer-le-role-du-gaz-naturel-dans-la-transition\\\/#breadcrumb\"},\"inLanguage\":\"fr-FR\",\"potentialAction\":[{\"@type\":\"ReadAction\",\"target\":[\"https:\\\/\\\/lasentinelle.dz\\\/index.php\\\/2023\\\/12\\\/18\\\/7e-sommet-du-gecf-a-alger-reaffirmer-le-role-du-gaz-naturel-dans-la-transition\\\/\"]}]},{\"@type\":\"ImageObject\",\"inLanguage\":\"fr-FR\",\"@id\":\"https:\\\/\\\/lasentinelle.dz\\\/index.php\\\/2023\\\/12\\\/18\\\/7e-sommet-du-gecf-a-alger-reaffirmer-le-role-du-gaz-naturel-dans-la-transition\\\/#primaryimage\",\"url\":\"https:\\\/\\\/lasentinelle.dz\\\/wp-content\\\/uploads\\\/2023\\\/10\\\/GECF.jpeg\",\"contentUrl\":\"https:\\\/\\\/lasentinelle.dz\\\/wp-content\\\/uploads\\\/2023\\\/10\\\/GECF.jpeg\",\"width\":340,\"height\":200},{\"@type\":\"BreadcrumbList\",\"@id\":\"https:\\\/\\\/lasentinelle.dz\\\/index.php\\\/2023\\\/12\\\/18\\\/7e-sommet-du-gecf-a-alger-reaffirmer-le-role-du-gaz-naturel-dans-la-transition\\\/#breadcrumb\",\"itemListElement\":[{\"@type\":\"ListItem\",\"position\":1,\"name\":\"Accueil\",\"item\":\"https:\\\/\\\/lasentinelle.dz\\\/\"},{\"@type\":\"ListItem\",\"position\":2,\"name\":\"7e sommet du GECF \u00e0 Alger\u00a0: R\u00e9affirmer le r\u00f4le du gaz naturel dans la transition\"}]},{\"@type\":\"WebSite\",\"@id\":\"https:\\\/\\\/lasentinelle.dz\\\/#website\",\"url\":\"https:\\\/\\\/lasentinelle.dz\\\/\",\"name\":\"La Sentinelle\",\"description\":\"Quotidien national d&#039;information\",\"publisher\":{\"@id\":\"https:\\\/\\\/lasentinelle.dz\\\/#organization\"},\"potentialAction\":[{\"@type\":\"SearchAction\",\"target\":{\"@type\":\"EntryPoint\",\"urlTemplate\":\"https:\\\/\\\/lasentinelle.dz\\\/?s={search_term_string}\"},\"query-input\":{\"@type\":\"PropertyValueSpecification\",\"valueRequired\":true,\"valueName\":\"search_term_string\"}}],\"inLanguage\":\"fr-FR\"},{\"@type\":\"Organization\",\"@id\":\"https:\\\/\\\/lasentinelle.dz\\\/#organization\",\"name\":\"Quotidien La Sentinelle\",\"url\":\"https:\\\/\\\/lasentinelle.dz\\\/\",\"logo\":{\"@type\":\"ImageObject\",\"inLanguage\":\"fr-FR\",\"@id\":\"https:\\\/\\\/lasentinelle.dz\\\/#\\\/schema\\\/logo\\\/image\\\/\",\"url\":\"https:\\\/\\\/lasentinelle.dz\\\/wp-content\\\/uploads\\\/2021\\\/09\\\/logo-sentinelleSLOGAN-1.png\",\"contentUrl\":\"https:\\\/\\\/lasentinelle.dz\\\/wp-content\\\/uploads\\\/2021\\\/09\\\/logo-sentinelleSLOGAN-1.png\",\"width\":615,\"height\":142,\"caption\":\"Quotidien La Sentinelle\"},\"image\":{\"@id\":\"https:\\\/\\\/lasentinelle.dz\\\/#\\\/schema\\\/logo\\\/image\\\/\"},\"sameAs\":[\"https:\\\/\\\/www.facebook.com\\\/La-Sentinelle-104059864394773\"]},{\"@type\":\"Person\",\"@id\":\"https:\\\/\\\/lasentinelle.dz\\\/#\\\/schema\\\/person\\\/d865044e22e70a75174ce8bcad3acfb3\",\"name\":\"La Sentinelle\",\"image\":{\"@type\":\"ImageObject\",\"inLanguage\":\"fr-FR\",\"@id\":\"https:\\\/\\\/secure.gravatar.com\\\/avatar\\\/57de8e5d4b15d43fb361a71fbb36338450fe67865b528a43dd10ef7c51a20392?s=96&d=mm&r=g\",\"url\":\"https:\\\/\\\/secure.gravatar.com\\\/avatar\\\/57de8e5d4b15d43fb361a71fbb36338450fe67865b528a43dd10ef7c51a20392?s=96&d=mm&r=g\",\"contentUrl\":\"https:\\\/\\\/secure.gravatar.com\\\/avatar\\\/57de8e5d4b15d43fb361a71fbb36338450fe67865b528a43dd10ef7c51a20392?s=96&d=mm&r=g\",\"caption\":\"La Sentinelle\"},\"sameAs\":[\"http:\\\/\\\/www.lasentinelle.dz\"],\"url\":\"https:\\\/\\\/lasentinelle.dz\\\/author\\\/redaction\\\/\"}]}<\/script>\n<!-- \/ Yoast SEO plugin. -->","yoast_head_json":{"title":"7e sommet du GECF \u00e0 Alger\u00a0: R\u00e9affirmer le r\u00f4le du gaz naturel dans la transition - La Sentinelle","robots":{"index":"index","follow":"follow","max-snippet":"max-snippet:-1","max-image-preview":"max-image-preview:large","max-video-preview":"max-video-preview:-1"},"canonical":"https:\/\/lasentinelle.dz\/index.php\/2023\/12\/18\/7e-sommet-du-gecf-a-alger-reaffirmer-le-role-du-gaz-naturel-dans-la-transition\/","og_locale":"fr_FR","og_type":"article","og_title":"7e sommet du GECF \u00e0 Alger\u00a0: R\u00e9affirmer le r\u00f4le du gaz naturel dans la transition - La Sentinelle","og_description":"L\u2019Alg\u00e9rie accueille le 7e Sommet des chefs d\u2019\u00c9tats et de gouvernements du Forum des pays exportateurs de gaz du 29","og_url":"https:\/\/lasentinelle.dz\/index.php\/2023\/12\/18\/7e-sommet-du-gecf-a-alger-reaffirmer-le-role-du-gaz-naturel-dans-la-transition\/","og_site_name":"La Sentinelle","article_publisher":"https:\/\/www.facebook.com\/La-Sentinelle-104059864394773","article_published_time":"2023-12-18T05:27:00+00:00","article_modified_time":"2023-12-18T11:28:23+00:00","og_image":[{"width":340,"height":200,"url":"https:\/\/lasentinelle.dz\/wp-content\/uploads\/2023\/10\/GECF.jpeg","type":"image\/jpeg"}],"author":"La Sentinelle","twitter_card":"summary_large_image","twitter_misc":{"\u00c9crit par":"La Sentinelle","Dur\u00e9e de lecture estim\u00e9e":"6 minutes"},"schema":{"@context":"https:\/\/schema.org","@graph":[{"@type":"Article","@id":"https:\/\/lasentinelle.dz\/index.php\/2023\/12\/18\/7e-sommet-du-gecf-a-alger-reaffirmer-le-role-du-gaz-naturel-dans-la-transition\/#article","isPartOf":{"@id":"https:\/\/lasentinelle.dz\/index.php\/2023\/12\/18\/7e-sommet-du-gecf-a-alger-reaffirmer-le-role-du-gaz-naturel-dans-la-transition\/"},"author":{"name":"La Sentinelle","@id":"https:\/\/lasentinelle.dz\/#\/schema\/person\/d865044e22e70a75174ce8bcad3acfb3"},"headline":"7e sommet du GECF \u00e0 Alger\u00a0: R\u00e9affirmer le r\u00f4le du gaz naturel dans la transition","datePublished":"2023-12-18T05:27:00+00:00","dateModified":"2023-12-18T11:28:23+00:00","mainEntityOfPage":{"@id":"https:\/\/lasentinelle.dz\/index.php\/2023\/12\/18\/7e-sommet-du-gecf-a-alger-reaffirmer-le-role-du-gaz-naturel-dans-la-transition\/"},"wordCount":1168,"commentCount":0,"publisher":{"@id":"https:\/\/lasentinelle.dz\/#organization"},"image":{"@id":"https:\/\/lasentinelle.dz\/index.php\/2023\/12\/18\/7e-sommet-du-gecf-a-alger-reaffirmer-le-role-du-gaz-naturel-dans-la-transition\/#primaryimage"},"thumbnailUrl":"https:\/\/lasentinelle.dz\/wp-content\/uploads\/2023\/10\/GECF.jpeg","articleSection":["\u00c0 la Une","\u00c9conomie"],"inLanguage":"fr-FR","potentialAction":[{"@type":"CommentAction","name":"Comment","target":["https:\/\/lasentinelle.dz\/index.php\/2023\/12\/18\/7e-sommet-du-gecf-a-alger-reaffirmer-le-role-du-gaz-naturel-dans-la-transition\/#respond"]}]},{"@type":"WebPage","@id":"https:\/\/lasentinelle.dz\/index.php\/2023\/12\/18\/7e-sommet-du-gecf-a-alger-reaffirmer-le-role-du-gaz-naturel-dans-la-transition\/","url":"https:\/\/lasentinelle.dz\/index.php\/2023\/12\/18\/7e-sommet-du-gecf-a-alger-reaffirmer-le-role-du-gaz-naturel-dans-la-transition\/","name":"7e sommet du GECF \u00e0 Alger\u00a0: R\u00e9affirmer le r\u00f4le du gaz naturel dans la transition - La Sentinelle","isPartOf":{"@id":"https:\/\/lasentinelle.dz\/#website"},"primaryImageOfPage":{"@id":"https:\/\/lasentinelle.dz\/index.php\/2023\/12\/18\/7e-sommet-du-gecf-a-alger-reaffirmer-le-role-du-gaz-naturel-dans-la-transition\/#primaryimage"},"image":{"@id":"https:\/\/lasentinelle.dz\/index.php\/2023\/12\/18\/7e-sommet-du-gecf-a-alger-reaffirmer-le-role-du-gaz-naturel-dans-la-transition\/#primaryimage"},"thumbnailUrl":"https:\/\/lasentinelle.dz\/wp-content\/uploads\/2023\/10\/GECF.jpeg","datePublished":"2023-12-18T05:27:00+00:00","dateModified":"2023-12-18T11:28:23+00:00","breadcrumb":{"@id":"https:\/\/lasentinelle.dz\/index.php\/2023\/12\/18\/7e-sommet-du-gecf-a-alger-reaffirmer-le-role-du-gaz-naturel-dans-la-transition\/#breadcrumb"},"inLanguage":"fr-FR","potentialAction":[{"@type":"ReadAction","target":["https:\/\/lasentinelle.dz\/index.php\/2023\/12\/18\/7e-sommet-du-gecf-a-alger-reaffirmer-le-role-du-gaz-naturel-dans-la-transition\/"]}]},{"@type":"ImageObject","inLanguage":"fr-FR","@id":"https:\/\/lasentinelle.dz\/index.php\/2023\/12\/18\/7e-sommet-du-gecf-a-alger-reaffirmer-le-role-du-gaz-naturel-dans-la-transition\/#primaryimage","url":"https:\/\/lasentinelle.dz\/wp-content\/uploads\/2023\/10\/GECF.jpeg","contentUrl":"https:\/\/lasentinelle.dz\/wp-content\/uploads\/2023\/10\/GECF.jpeg","width":340,"height":200},{"@type":"BreadcrumbList","@id":"https:\/\/lasentinelle.dz\/index.php\/2023\/12\/18\/7e-sommet-du-gecf-a-alger-reaffirmer-le-role-du-gaz-naturel-dans-la-transition\/#breadcrumb","itemListElement":[{"@type":"ListItem","position":1,"name":"Accueil","item":"https:\/\/lasentinelle.dz\/"},{"@type":"ListItem","position":2,"name":"7e sommet du GECF \u00e0 Alger\u00a0: R\u00e9affirmer le r\u00f4le du gaz naturel dans la transition"}]},{"@type":"WebSite","@id":"https:\/\/lasentinelle.dz\/#website","url":"https:\/\/lasentinelle.dz\/","name":"La Sentinelle","description":"Quotidien national d&#039;information","publisher":{"@id":"https:\/\/lasentinelle.dz\/#organization"},"potentialAction":[{"@type":"SearchAction","target":{"@type":"EntryPoint","urlTemplate":"https:\/\/lasentinelle.dz\/?s={search_term_string}"},"query-input":{"@type":"PropertyValueSpecification","valueRequired":true,"valueName":"search_term_string"}}],"inLanguage":"fr-FR"},{"@type":"Organization","@id":"https:\/\/lasentinelle.dz\/#organization","name":"Quotidien La Sentinelle","url":"https:\/\/lasentinelle.dz\/","logo":{"@type":"ImageObject","inLanguage":"fr-FR","@id":"https:\/\/lasentinelle.dz\/#\/schema\/logo\/image\/","url":"https:\/\/lasentinelle.dz\/wp-content\/uploads\/2021\/09\/logo-sentinelleSLOGAN-1.png","contentUrl":"https:\/\/lasentinelle.dz\/wp-content\/uploads\/2021\/09\/logo-sentinelleSLOGAN-1.png","width":615,"height":142,"caption":"Quotidien La Sentinelle"},"image":{"@id":"https:\/\/lasentinelle.dz\/#\/schema\/logo\/image\/"},"sameAs":["https:\/\/www.facebook.com\/La-Sentinelle-104059864394773"]},{"@type":"Person","@id":"https:\/\/lasentinelle.dz\/#\/schema\/person\/d865044e22e70a75174ce8bcad3acfb3","name":"La Sentinelle","image":{"@type":"ImageObject","inLanguage":"fr-FR","@id":"https:\/\/secure.gravatar.com\/avatar\/57de8e5d4b15d43fb361a71fbb36338450fe67865b528a43dd10ef7c51a20392?s=96&d=mm&r=g","url":"https:\/\/secure.gravatar.com\/avatar\/57de8e5d4b15d43fb361a71fbb36338450fe67865b528a43dd10ef7c51a20392?s=96&d=mm&r=g","contentUrl":"https:\/\/secure.gravatar.com\/avatar\/57de8e5d4b15d43fb361a71fbb36338450fe67865b528a43dd10ef7c51a20392?s=96&d=mm&r=g","caption":"La Sentinelle"},"sameAs":["http:\/\/www.lasentinelle.dz"],"url":"https:\/\/lasentinelle.dz\/author\/redaction\/"}]}},"_links":{"self":[{"href":"https:\/\/lasentinelle.dz\/index.php\/wp-json\/wp\/v2\/posts\/48010","targetHints":{"allow":["GET"]}}],"collection":[{"href":"https:\/\/lasentinelle.dz\/index.php\/wp-json\/wp\/v2\/posts"}],"about":[{"href":"https:\/\/lasentinelle.dz\/index.php\/wp-json\/wp\/v2\/types\/post"}],"author":[{"embeddable":true,"href":"https:\/\/lasentinelle.dz\/index.php\/wp-json\/wp\/v2\/users\/3"}],"replies":[{"embeddable":true,"href":"https:\/\/lasentinelle.dz\/index.php\/wp-json\/wp\/v2\/comments?post=48010"}],"version-history":[{"count":1,"href":"https:\/\/lasentinelle.dz\/index.php\/wp-json\/wp\/v2\/posts\/48010\/revisions"}],"predecessor-version":[{"id":48011,"href":"https:\/\/lasentinelle.dz\/index.php\/wp-json\/wp\/v2\/posts\/48010\/revisions\/48011"}],"wp:featuredmedia":[{"embeddable":true,"href":"https:\/\/lasentinelle.dz\/index.php\/wp-json\/wp\/v2\/media\/46184"}],"wp:attachment":[{"href":"https:\/\/lasentinelle.dz\/index.php\/wp-json\/wp\/v2\/media?parent=48010"}],"wp:term":[{"taxonomy":"category","embeddable":true,"href":"https:\/\/lasentinelle.dz\/index.php\/wp-json\/wp\/v2\/categories?post=48010"},{"taxonomy":"post_tag","embeddable":true,"href":"https:\/\/lasentinelle.dz\/index.php\/wp-json\/wp\/v2\/tags?post=48010"}],"curies":[{"name":"wp","href":"https:\/\/api.w.org\/{rel}","templated":true}]}}