{"id":48030,"date":"2023-12-18T21:42:22","date_gmt":"2023-12-18T20:42:22","guid":{"rendered":"https:\/\/lasentinelle.dz\/?p=48030"},"modified":"2023-12-18T21:42:24","modified_gmt":"2023-12-18T20:42:24","slug":"intemperies-plusieurs-routes-coupees-dans-le-nord-du-pays","status":"publish","type":"post","link":"https:\/\/lasentinelle.dz\/index.php\/2023\/12\/18\/intemperies-plusieurs-routes-coupees-dans-le-nord-du-pays\/","title":{"rendered":"Intemp\u00e9ries\u00a0: Plusieurs routes coup\u00e9es dans le nord du pays"},"content":{"rendered":"\n<p>Les intemp\u00e9ries qui ont affect\u00e9 plusieurs r\u00e9gions du pays au cours des derni\u00e8res 48 heures ont caus\u00e9 la fermeture de plusieurs routes au nord du pays, en raison de l&rsquo;accumulation de neige et d&rsquo;une forte pluviom\u00e9trie, a indiqu\u00e9 hier un bilan des services de la Gendarmerie nationale (GN). Il s&rsquo;agit de la RN 33 au niveau de la r\u00e9gion d&rsquo;Assoul dans la commune d&rsquo;Ait Boumahdi (Tizi Ouzou), la RN 33 reliant les wilayas de Tizi Ouzou et Bouira, plus pr\u00e9cis\u00e9ment au niveau de la r\u00e9gion de Tikjda, dans la commune d&rsquo;El Asnam et la r\u00e9gion de Lakoukar, dans la commune de Bechloul (Bouira), pr\u00e9cise la m\u00eame source. L&rsquo;accumulation de neige a \u00e9galement provoqu\u00e9 la fermeture du chemin de wilaya 172, reliant la commune Ichmoul (Batna) et la commune de Bouhmama (Khenchela). Par ailleurs, les fortes pluies ont provoqu\u00e9 la fermeture de la RN17 dans son tron\u00e7on reliant les communes de Hacine et Mohammadia (Mascara) au lieu-dit Oued Hebra.Le chemin de wilaya 52 dans la wilaya de Relizane est \u00e9galement ferm\u00e9 au niveau de Douar El Salhia dans la commune de Beni Zentis, ainsi que le chemin de wilaya 57 dans la wilaya d&rsquo;Annaba au niveau du pont de Bergouga et de l&rsquo;intersection du village Zgaa dans la commune de Chetaibi. &nbsp;Notons qu\u2019un bulletin m\u00e9t\u00e9orologique sp\u00e9cial \u00e9mis hier par les services de M\u00e9t\u00e9o Alg\u00e9rie a annonc\u00e9 que es pluies, parfois sous forme d&rsquo;averses orageuses accompagn\u00e9es localement de chutes de gr\u00eale, continueront d&rsquo;affecter plusieurs wilayas du Nord et du Sud du pays jusqu&rsquo;\u00e0 cet apr\u00e8s-midi. Plac\u00e9 en vigilance \u00ab\u00a0Orange\u00a0\u00bb, ce BMS concerne les wilayas de Tizi-Ouzou, Alger, Tipaza, Beja\u00efa, Boumerdes, Bouira, Ain Defla, M\u00e9d\u00e9a et Blida, avec une quantit\u00e9 de pluie estim\u00e9e entre 20 et 40 mm, pouvant atteindre ou d\u00e9passer localement 50 mm, du lundi \u00e0 18h00 au mardi \u00e0 15h00, pr\u00e9cise la m\u00eame source.Ces pluies concernent \u00e9galement les wilayas d&rsquo;Illizi, Ouargla&nbsp; El Oued et Touggourt avec des quantit\u00e9s estim\u00e9es entre 20 et 30 mm, pouvant atteindre ou d\u00e9passer localement 40 mm durant la validit\u00e9 de ce BMS qui court de ce jour \u00e0 18h00 au mardi \u00e0 la m\u00eame heure.<\/p>\n\n\n\n<p>R.N.<\/p>\n","protected":false},"excerpt":{"rendered":"<p>Les intemp\u00e9ries qui ont affect\u00e9 plusieurs r\u00e9gions du pays au cours des derni\u00e8res 48 heures ont caus\u00e9 la fermeture de<\/p>\n","protected":false},"author":3,"featured_media":48031,"comment_status":"open","ping_status":"closed","sticky":false,"template":"","format":"standard","meta":{"colormag_page_container_layout":"default_layout","colormag_page_sidebar_layout":"default_layout","om_disable_all_campaigns":false,"_monsterinsights_skip_tracking":false,"_monsterinsights_sitenote_active":false,"_monsterinsights_sitenote_note":"","_monsterinsights_sitenote_category":0,"footnotes":"","_wpscppro_dont_share_socialmedia":false,"_wpscppro_custom_social_share_image":0,"_facebook_share_type":"","_twitter_share_type":"","_linkedin_share_type":"","_pinterest_share_type":"","_linkedin_share_type_page":"","_instagram_share_type":"","_medium_share_type":"","_threads_share_type":"","_google_business_share_type":"","_selected_social_profile":[],"_wpsp_enable_custom_social_template":false,"_wpsp_social_scheduling":{"enabled":false,"datetime":null,"platforms":[],"status":"template_only","dateOption":"today","timeOption":"now","customDays":"","customHours":"","customDate":"","customTime":"","schedulingType":"absolute"},"_wpsp_active_default_template":true},"categories":[27],"tags":[],"class_list":["post-48030","post","type-post","status-publish","format-standard","has-post-thumbnail","hentry","category-actualite"],"aioseo_notices":[],"yoast_head":"<!-- This site is optimized with the Yoast SEO plugin v27.5 - https:\/\/yoast.com\/product\/yoast-seo-wordpress\/ -->\n<title>Intemp\u00e9ries\u00a0: Plusieurs routes coup\u00e9es dans le nord du pays - La Sentinelle<\/title>\n<meta name=\"robots\" content=\"index, follow, max-snippet:-1, max-image-preview:large, max-video-preview:-1\" \/>\n<link rel=\"canonical\" href=\"https:\/\/lasentinelle.dz\/index.php\/2023\/12\/18\/intemperies-plusieurs-routes-coupees-dans-le-nord-du-pays\/\" \/>\n<meta property=\"og:locale\" content=\"fr_FR\" \/>\n<meta property=\"og:type\" content=\"article\" \/>\n<meta property=\"og:title\" content=\"Intemp\u00e9ries\u00a0: Plusieurs routes coup\u00e9es dans le nord du pays - La Sentinelle\" \/>\n<meta property=\"og:description\" content=\"Les intemp\u00e9ries qui ont affect\u00e9 plusieurs r\u00e9gions du pays au cours des derni\u00e8res 48 heures ont caus\u00e9 la fermeture de\" \/>\n<meta property=\"og:url\" content=\"https:\/\/lasentinelle.dz\/index.php\/2023\/12\/18\/intemperies-plusieurs-routes-coupees-dans-le-nord-du-pays\/\" \/>\n<meta property=\"og:site_name\" content=\"La Sentinelle\" \/>\n<meta property=\"article:publisher\" content=\"https:\/\/www.facebook.com\/La-Sentinelle-104059864394773\" \/>\n<meta property=\"article:published_time\" content=\"2023-12-18T20:42:22+00:00\" \/>\n<meta property=\"article:modified_time\" content=\"2023-12-18T20:42:24+00:00\" \/>\n<meta property=\"og:image\" content=\"https:\/\/lasentinelle.dz\/wp-content\/uploads\/2023\/12\/routes-coupees.jpeg\" \/>\n\t<meta property=\"og:image:width\" content=\"259\" \/>\n\t<meta property=\"og:image:height\" content=\"194\" \/>\n\t<meta property=\"og:image:type\" content=\"image\/jpeg\" \/>\n<meta name=\"author\" content=\"La Sentinelle\" \/>\n<meta name=\"twitter:card\" content=\"summary_large_image\" \/>\n<meta name=\"twitter:label1\" content=\"\u00c9crit par\" \/>\n\t<meta name=\"twitter:data1\" content=\"La Sentinelle\" \/>\n\t<meta name=\"twitter:label2\" content=\"Dur\u00e9e de lecture estim\u00e9e\" \/>\n\t<meta name=\"twitter:data2\" content=\"2 minutes\" \/>\n<script type=\"application\/ld+json\" class=\"yoast-schema-graph\">{\"@context\":\"https:\\\/\\\/schema.org\",\"@graph\":[{\"@type\":\"Article\",\"@id\":\"https:\\\/\\\/lasentinelle.dz\\\/index.php\\\/2023\\\/12\\\/18\\\/intemperies-plusieurs-routes-coupees-dans-le-nord-du-pays\\\/#article\",\"isPartOf\":{\"@id\":\"https:\\\/\\\/lasentinelle.dz\\\/index.php\\\/2023\\\/12\\\/18\\\/intemperies-plusieurs-routes-coupees-dans-le-nord-du-pays\\\/\"},\"author\":{\"name\":\"La Sentinelle\",\"@id\":\"https:\\\/\\\/lasentinelle.dz\\\/#\\\/schema\\\/person\\\/d865044e22e70a75174ce8bcad3acfb3\"},\"headline\":\"Intemp\u00e9ries\u00a0: Plusieurs routes coup\u00e9es dans le nord du pays\",\"datePublished\":\"2023-12-18T20:42:22+00:00\",\"dateModified\":\"2023-12-18T20:42:24+00:00\",\"mainEntityOfPage\":{\"@id\":\"https:\\\/\\\/lasentinelle.dz\\\/index.php\\\/2023\\\/12\\\/18\\\/intemperies-plusieurs-routes-coupees-dans-le-nord-du-pays\\\/\"},\"wordCount\":396,\"commentCount\":0,\"publisher\":{\"@id\":\"https:\\\/\\\/lasentinelle.dz\\\/#organization\"},\"image\":{\"@id\":\"https:\\\/\\\/lasentinelle.dz\\\/index.php\\\/2023\\\/12\\\/18\\\/intemperies-plusieurs-routes-coupees-dans-le-nord-du-pays\\\/#primaryimage\"},\"thumbnailUrl\":\"https:\\\/\\\/lasentinelle.dz\\\/wp-content\\\/uploads\\\/2023\\\/12\\\/routes-coupees.jpeg\",\"articleSection\":[\"Actualit\u00e9\"],\"inLanguage\":\"fr-FR\",\"potentialAction\":[{\"@type\":\"CommentAction\",\"name\":\"Comment\",\"target\":[\"https:\\\/\\\/lasentinelle.dz\\\/index.php\\\/2023\\\/12\\\/18\\\/intemperies-plusieurs-routes-coupees-dans-le-nord-du-pays\\\/#respond\"]}]},{\"@type\":\"WebPage\",\"@id\":\"https:\\\/\\\/lasentinelle.dz\\\/index.php\\\/2023\\\/12\\\/18\\\/intemperies-plusieurs-routes-coupees-dans-le-nord-du-pays\\\/\",\"url\":\"https:\\\/\\\/lasentinelle.dz\\\/index.php\\\/2023\\\/12\\\/18\\\/intemperies-plusieurs-routes-coupees-dans-le-nord-du-pays\\\/\",\"name\":\"Intemp\u00e9ries\u00a0: Plusieurs routes coup\u00e9es dans le nord du pays - La Sentinelle\",\"isPartOf\":{\"@id\":\"https:\\\/\\\/lasentinelle.dz\\\/#website\"},\"primaryImageOfPage\":{\"@id\":\"https:\\\/\\\/lasentinelle.dz\\\/index.php\\\/2023\\\/12\\\/18\\\/intemperies-plusieurs-routes-coupees-dans-le-nord-du-pays\\\/#primaryimage\"},\"image\":{\"@id\":\"https:\\\/\\\/lasentinelle.dz\\\/index.php\\\/2023\\\/12\\\/18\\\/intemperies-plusieurs-routes-coupees-dans-le-nord-du-pays\\\/#primaryimage\"},\"thumbnailUrl\":\"https:\\\/\\\/lasentinelle.dz\\\/wp-content\\\/uploads\\\/2023\\\/12\\\/routes-coupees.jpeg\",\"datePublished\":\"2023-12-18T20:42:22+00:00\",\"dateModified\":\"2023-12-18T20:42:24+00:00\",\"breadcrumb\":{\"@id\":\"https:\\\/\\\/lasentinelle.dz\\\/index.php\\\/2023\\\/12\\\/18\\\/intemperies-plusieurs-routes-coupees-dans-le-nord-du-pays\\\/#breadcrumb\"},\"inLanguage\":\"fr-FR\",\"potentialAction\":[{\"@type\":\"ReadAction\",\"target\":[\"https:\\\/\\\/lasentinelle.dz\\\/index.php\\\/2023\\\/12\\\/18\\\/intemperies-plusieurs-routes-coupees-dans-le-nord-du-pays\\\/\"]}]},{\"@type\":\"ImageObject\",\"inLanguage\":\"fr-FR\",\"@id\":\"https:\\\/\\\/lasentinelle.dz\\\/index.php\\\/2023\\\/12\\\/18\\\/intemperies-plusieurs-routes-coupees-dans-le-nord-du-pays\\\/#primaryimage\",\"url\":\"https:\\\/\\\/lasentinelle.dz\\\/wp-content\\\/uploads\\\/2023\\\/12\\\/routes-coupees.jpeg\",\"contentUrl\":\"https:\\\/\\\/lasentinelle.dz\\\/wp-content\\\/uploads\\\/2023\\\/12\\\/routes-coupees.jpeg\",\"width\":259,\"height\":194},{\"@type\":\"BreadcrumbList\",\"@id\":\"https:\\\/\\\/lasentinelle.dz\\\/index.php\\\/2023\\\/12\\\/18\\\/intemperies-plusieurs-routes-coupees-dans-le-nord-du-pays\\\/#breadcrumb\",\"itemListElement\":[{\"@type\":\"ListItem\",\"position\":1,\"name\":\"Accueil\",\"item\":\"https:\\\/\\\/lasentinelle.dz\\\/\"},{\"@type\":\"ListItem\",\"position\":2,\"name\":\"Intemp\u00e9ries\u00a0: Plusieurs routes coup\u00e9es dans le nord du pays\"}]},{\"@type\":\"WebSite\",\"@id\":\"https:\\\/\\\/lasentinelle.dz\\\/#website\",\"url\":\"https:\\\/\\\/lasentinelle.dz\\\/\",\"name\":\"La Sentinelle\",\"description\":\"Quotidien national d&#039;information\",\"publisher\":{\"@id\":\"https:\\\/\\\/lasentinelle.dz\\\/#organization\"},\"potentialAction\":[{\"@type\":\"SearchAction\",\"target\":{\"@type\":\"EntryPoint\",\"urlTemplate\":\"https:\\\/\\\/lasentinelle.dz\\\/?s={search_term_string}\"},\"query-input\":{\"@type\":\"PropertyValueSpecification\",\"valueRequired\":true,\"valueName\":\"search_term_string\"}}],\"inLanguage\":\"fr-FR\"},{\"@type\":\"Organization\",\"@id\":\"https:\\\/\\\/lasentinelle.dz\\\/#organization\",\"name\":\"Quotidien La Sentinelle\",\"url\":\"https:\\\/\\\/lasentinelle.dz\\\/\",\"logo\":{\"@type\":\"ImageObject\",\"inLanguage\":\"fr-FR\",\"@id\":\"https:\\\/\\\/lasentinelle.dz\\\/#\\\/schema\\\/logo\\\/image\\\/\",\"url\":\"https:\\\/\\\/lasentinelle.dz\\\/wp-content\\\/uploads\\\/2021\\\/09\\\/logo-sentinelleSLOGAN-1.png\",\"contentUrl\":\"https:\\\/\\\/lasentinelle.dz\\\/wp-content\\\/uploads\\\/2021\\\/09\\\/logo-sentinelleSLOGAN-1.png\",\"width\":615,\"height\":142,\"caption\":\"Quotidien La Sentinelle\"},\"image\":{\"@id\":\"https:\\\/\\\/lasentinelle.dz\\\/#\\\/schema\\\/logo\\\/image\\\/\"},\"sameAs\":[\"https:\\\/\\\/www.facebook.com\\\/La-Sentinelle-104059864394773\"]},{\"@type\":\"Person\",\"@id\":\"https:\\\/\\\/lasentinelle.dz\\\/#\\\/schema\\\/person\\\/d865044e22e70a75174ce8bcad3acfb3\",\"name\":\"La Sentinelle\",\"image\":{\"@type\":\"ImageObject\",\"inLanguage\":\"fr-FR\",\"@id\":\"https:\\\/\\\/secure.gravatar.com\\\/avatar\\\/57de8e5d4b15d43fb361a71fbb36338450fe67865b528a43dd10ef7c51a20392?s=96&d=mm&r=g\",\"url\":\"https:\\\/\\\/secure.gravatar.com\\\/avatar\\\/57de8e5d4b15d43fb361a71fbb36338450fe67865b528a43dd10ef7c51a20392?s=96&d=mm&r=g\",\"contentUrl\":\"https:\\\/\\\/secure.gravatar.com\\\/avatar\\\/57de8e5d4b15d43fb361a71fbb36338450fe67865b528a43dd10ef7c51a20392?s=96&d=mm&r=g\",\"caption\":\"La Sentinelle\"},\"sameAs\":[\"http:\\\/\\\/www.lasentinelle.dz\"],\"url\":\"https:\\\/\\\/lasentinelle.dz\\\/author\\\/redaction\\\/\"}]}<\/script>\n<!-- \/ Yoast SEO plugin. -->","yoast_head_json":{"title":"Intemp\u00e9ries\u00a0: Plusieurs routes coup\u00e9es dans le nord du pays - La Sentinelle","robots":{"index":"index","follow":"follow","max-snippet":"max-snippet:-1","max-image-preview":"max-image-preview:large","max-video-preview":"max-video-preview:-1"},"canonical":"https:\/\/lasentinelle.dz\/index.php\/2023\/12\/18\/intemperies-plusieurs-routes-coupees-dans-le-nord-du-pays\/","og_locale":"fr_FR","og_type":"article","og_title":"Intemp\u00e9ries\u00a0: Plusieurs routes coup\u00e9es dans le nord du pays - La Sentinelle","og_description":"Les intemp\u00e9ries qui ont affect\u00e9 plusieurs r\u00e9gions du pays au cours des derni\u00e8res 48 heures ont caus\u00e9 la fermeture de","og_url":"https:\/\/lasentinelle.dz\/index.php\/2023\/12\/18\/intemperies-plusieurs-routes-coupees-dans-le-nord-du-pays\/","og_site_name":"La Sentinelle","article_publisher":"https:\/\/www.facebook.com\/La-Sentinelle-104059864394773","article_published_time":"2023-12-18T20:42:22+00:00","article_modified_time":"2023-12-18T20:42:24+00:00","og_image":[{"width":259,"height":194,"url":"https:\/\/lasentinelle.dz\/wp-content\/uploads\/2023\/12\/routes-coupees.jpeg","type":"image\/jpeg"}],"author":"La Sentinelle","twitter_card":"summary_large_image","twitter_misc":{"\u00c9crit par":"La Sentinelle","Dur\u00e9e de lecture estim\u00e9e":"2 minutes"},"schema":{"@context":"https:\/\/schema.org","@graph":[{"@type":"Article","@id":"https:\/\/lasentinelle.dz\/index.php\/2023\/12\/18\/intemperies-plusieurs-routes-coupees-dans-le-nord-du-pays\/#article","isPartOf":{"@id":"https:\/\/lasentinelle.dz\/index.php\/2023\/12\/18\/intemperies-plusieurs-routes-coupees-dans-le-nord-du-pays\/"},"author":{"name":"La Sentinelle","@id":"https:\/\/lasentinelle.dz\/#\/schema\/person\/d865044e22e70a75174ce8bcad3acfb3"},"headline":"Intemp\u00e9ries\u00a0: Plusieurs routes coup\u00e9es dans le nord du pays","datePublished":"2023-12-18T20:42:22+00:00","dateModified":"2023-12-18T20:42:24+00:00","mainEntityOfPage":{"@id":"https:\/\/lasentinelle.dz\/index.php\/2023\/12\/18\/intemperies-plusieurs-routes-coupees-dans-le-nord-du-pays\/"},"wordCount":396,"commentCount":0,"publisher":{"@id":"https:\/\/lasentinelle.dz\/#organization"},"image":{"@id":"https:\/\/lasentinelle.dz\/index.php\/2023\/12\/18\/intemperies-plusieurs-routes-coupees-dans-le-nord-du-pays\/#primaryimage"},"thumbnailUrl":"https:\/\/lasentinelle.dz\/wp-content\/uploads\/2023\/12\/routes-coupees.jpeg","articleSection":["Actualit\u00e9"],"inLanguage":"fr-FR","potentialAction":[{"@type":"CommentAction","name":"Comment","target":["https:\/\/lasentinelle.dz\/index.php\/2023\/12\/18\/intemperies-plusieurs-routes-coupees-dans-le-nord-du-pays\/#respond"]}]},{"@type":"WebPage","@id":"https:\/\/lasentinelle.dz\/index.php\/2023\/12\/18\/intemperies-plusieurs-routes-coupees-dans-le-nord-du-pays\/","url":"https:\/\/lasentinelle.dz\/index.php\/2023\/12\/18\/intemperies-plusieurs-routes-coupees-dans-le-nord-du-pays\/","name":"Intemp\u00e9ries\u00a0: Plusieurs routes coup\u00e9es dans le nord du pays - La Sentinelle","isPartOf":{"@id":"https:\/\/lasentinelle.dz\/#website"},"primaryImageOfPage":{"@id":"https:\/\/lasentinelle.dz\/index.php\/2023\/12\/18\/intemperies-plusieurs-routes-coupees-dans-le-nord-du-pays\/#primaryimage"},"image":{"@id":"https:\/\/lasentinelle.dz\/index.php\/2023\/12\/18\/intemperies-plusieurs-routes-coupees-dans-le-nord-du-pays\/#primaryimage"},"thumbnailUrl":"https:\/\/lasentinelle.dz\/wp-content\/uploads\/2023\/12\/routes-coupees.jpeg","datePublished":"2023-12-18T20:42:22+00:00","dateModified":"2023-12-18T20:42:24+00:00","breadcrumb":{"@id":"https:\/\/lasentinelle.dz\/index.php\/2023\/12\/18\/intemperies-plusieurs-routes-coupees-dans-le-nord-du-pays\/#breadcrumb"},"inLanguage":"fr-FR","potentialAction":[{"@type":"ReadAction","target":["https:\/\/lasentinelle.dz\/index.php\/2023\/12\/18\/intemperies-plusieurs-routes-coupees-dans-le-nord-du-pays\/"]}]},{"@type":"ImageObject","inLanguage":"fr-FR","@id":"https:\/\/lasentinelle.dz\/index.php\/2023\/12\/18\/intemperies-plusieurs-routes-coupees-dans-le-nord-du-pays\/#primaryimage","url":"https:\/\/lasentinelle.dz\/wp-content\/uploads\/2023\/12\/routes-coupees.jpeg","contentUrl":"https:\/\/lasentinelle.dz\/wp-content\/uploads\/2023\/12\/routes-coupees.jpeg","width":259,"height":194},{"@type":"BreadcrumbList","@id":"https:\/\/lasentinelle.dz\/index.php\/2023\/12\/18\/intemperies-plusieurs-routes-coupees-dans-le-nord-du-pays\/#breadcrumb","itemListElement":[{"@type":"ListItem","position":1,"name":"Accueil","item":"https:\/\/lasentinelle.dz\/"},{"@type":"ListItem","position":2,"name":"Intemp\u00e9ries\u00a0: Plusieurs routes coup\u00e9es dans le nord du pays"}]},{"@type":"WebSite","@id":"https:\/\/lasentinelle.dz\/#website","url":"https:\/\/lasentinelle.dz\/","name":"La Sentinelle","description":"Quotidien national d&#039;information","publisher":{"@id":"https:\/\/lasentinelle.dz\/#organization"},"potentialAction":[{"@type":"SearchAction","target":{"@type":"EntryPoint","urlTemplate":"https:\/\/lasentinelle.dz\/?s={search_term_string}"},"query-input":{"@type":"PropertyValueSpecification","valueRequired":true,"valueName":"search_term_string"}}],"inLanguage":"fr-FR"},{"@type":"Organization","@id":"https:\/\/lasentinelle.dz\/#organization","name":"Quotidien La Sentinelle","url":"https:\/\/lasentinelle.dz\/","logo":{"@type":"ImageObject","inLanguage":"fr-FR","@id":"https:\/\/lasentinelle.dz\/#\/schema\/logo\/image\/","url":"https:\/\/lasentinelle.dz\/wp-content\/uploads\/2021\/09\/logo-sentinelleSLOGAN-1.png","contentUrl":"https:\/\/lasentinelle.dz\/wp-content\/uploads\/2021\/09\/logo-sentinelleSLOGAN-1.png","width":615,"height":142,"caption":"Quotidien La Sentinelle"},"image":{"@id":"https:\/\/lasentinelle.dz\/#\/schema\/logo\/image\/"},"sameAs":["https:\/\/www.facebook.com\/La-Sentinelle-104059864394773"]},{"@type":"Person","@id":"https:\/\/lasentinelle.dz\/#\/schema\/person\/d865044e22e70a75174ce8bcad3acfb3","name":"La Sentinelle","image":{"@type":"ImageObject","inLanguage":"fr-FR","@id":"https:\/\/secure.gravatar.com\/avatar\/57de8e5d4b15d43fb361a71fbb36338450fe67865b528a43dd10ef7c51a20392?s=96&d=mm&r=g","url":"https:\/\/secure.gravatar.com\/avatar\/57de8e5d4b15d43fb361a71fbb36338450fe67865b528a43dd10ef7c51a20392?s=96&d=mm&r=g","contentUrl":"https:\/\/secure.gravatar.com\/avatar\/57de8e5d4b15d43fb361a71fbb36338450fe67865b528a43dd10ef7c51a20392?s=96&d=mm&r=g","caption":"La Sentinelle"},"sameAs":["http:\/\/www.lasentinelle.dz"],"url":"https:\/\/lasentinelle.dz\/author\/redaction\/"}]}},"_links":{"self":[{"href":"https:\/\/lasentinelle.dz\/index.php\/wp-json\/wp\/v2\/posts\/48030","targetHints":{"allow":["GET"]}}],"collection":[{"href":"https:\/\/lasentinelle.dz\/index.php\/wp-json\/wp\/v2\/posts"}],"about":[{"href":"https:\/\/lasentinelle.dz\/index.php\/wp-json\/wp\/v2\/types\/post"}],"author":[{"embeddable":true,"href":"https:\/\/lasentinelle.dz\/index.php\/wp-json\/wp\/v2\/users\/3"}],"replies":[{"embeddable":true,"href":"https:\/\/lasentinelle.dz\/index.php\/wp-json\/wp\/v2\/comments?post=48030"}],"version-history":[{"count":1,"href":"https:\/\/lasentinelle.dz\/index.php\/wp-json\/wp\/v2\/posts\/48030\/revisions"}],"predecessor-version":[{"id":48032,"href":"https:\/\/lasentinelle.dz\/index.php\/wp-json\/wp\/v2\/posts\/48030\/revisions\/48032"}],"wp:featuredmedia":[{"embeddable":true,"href":"https:\/\/lasentinelle.dz\/index.php\/wp-json\/wp\/v2\/media\/48031"}],"wp:attachment":[{"href":"https:\/\/lasentinelle.dz\/index.php\/wp-json\/wp\/v2\/media?parent=48030"}],"wp:term":[{"taxonomy":"category","embeddable":true,"href":"https:\/\/lasentinelle.dz\/index.php\/wp-json\/wp\/v2\/categories?post=48030"},{"taxonomy":"post_tag","embeddable":true,"href":"https:\/\/lasentinelle.dz\/index.php\/wp-json\/wp\/v2\/tags?post=48030"}],"curies":[{"name":"wp","href":"https:\/\/api.w.org\/{rel}","templated":true}]}}