{"id":48042,"date":"2023-12-18T21:49:13","date_gmt":"2023-12-18T20:49:13","guid":{"rendered":"https:\/\/lasentinelle.dz\/?p=48042"},"modified":"2023-12-18T21:49:15","modified_gmt":"2023-12-18T20:49:15","slug":"coupe-de-la-caf-les-rouge-et-noir-pour-la-qualification","status":"publish","type":"post","link":"https:\/\/lasentinelle.dz\/index.php\/2023\/12\/18\/coupe-de-la-caf-les-rouge-et-noir-pour-la-qualification\/","title":{"rendered":"Coupe de la CAF\u00a0: Les Rouge et Noir pour la qualification"},"content":{"rendered":"\n<p>L\u2019USM Alger affronte demain apr\u00e8s-midi au stade Al-Salam au Caire le Future FC pour le compte de la 4e journ\u00e9e (Gr.A) de la phase de poules. Un adversaire que les Rouge et Noir ont d\u00e9fait il y a quelques jours au stade du 5 juillet. Une nouvelle victoire demain sera synonyme de qualification pour l\u2019USMA et la rapprochera de son objectif&nbsp;: conserver son titre continental.<\/p>\n\n\n\n<p>Le tenant du troph\u00e9e de la CAF est d\u2019ailleurs arriv\u00e9 dimanche apr\u00e8s-midi au Caire en pr\u00e9vision de ce match et son d\u00e9j\u00e0 \u00e0 pied d\u2019\u0153uvre, d\u2019autant que l\u2019enjeu est important. Pour ce match, les \u00ab\u00a0Rouge et Noir\u00a0\u00bb devront se pr\u00e9senter avec un effectif au complet, \u00e0 l&rsquo;exception de l&rsquo;attaquant Khaled Bousseliou, en phase de reprise.<\/p>\n\n\n\n<p>Les Alg\u00e9rois ont admirablement entam\u00e9 la d\u00e9fense de leur titre, en alignant trois succ\u00e8s en autant de matchs, dont le dernier d\u00e9croch\u00e9 le 10 d\u00e9cembre \u00e0 domicile face au Future FC (1-0).<\/p>\n\n\n\n<p>Avant Future FC, les Rouge et Noir avaient battu, Al Hilal de Benghazi et l\u2019\u00e9quipe sud-africaine de Supersport, bas\u00e9e \u00e0 Pretoria, sur le score \u00e9trique de (2-1). Toutefois, en Ligue 1, les joueurs de l\u2019USMA restent sur un match nul face au MC El Bayadh (1-1). &nbsp;Face au FC Futur demain les Rouge et Noir affiche de la d\u00e9termination de rester sur sa s\u00e9rie de succ\u00e8s en comp\u00e9tition continentale et aligner une quatri\u00e8me victoire qui leur permettra de s\u2019assurer d\u2019une qualification en quarts de finale.&nbsp; A l&rsquo;issue de cette 3e journ\u00e9e, l&rsquo;USMA est leader avec 9 points et se rapproche des quarts de finale, devant Future FC (6 pts). Al-Hilal Benghazi suit \u00e0 la troisi\u00e8me avec 3 points, alors que Supersport United ferme la marche avec z\u00e9ro point.<\/p>\n\n\n\n<p>Notons que la Conf\u00e9d\u00e9ration africaine de football (CAF) a d\u00e9sign\u00e9 un trio arbitral mauritanien, conduit par Abdelaziz Bouh, pour diriger le match de demain. Le directeur de jeu mauritanien sera assist\u00e9 de ses compatriotes Hamdine Diba (1er assistant) et Youcef Mohamed Mahmoud (2e assistant), alors que Moussa Dio a \u00e9t\u00e9 d\u00e9sign\u00e9 4e arbitre et le Libyen Omar Jomah Abdelssedik commissaire au match. Dans l&rsquo;autre match du groupe A, les Sud-africains de Supersport United recevront les Libyens d&rsquo;Al-Hilal Benghazi. Les deux premiers du groupe se qualifient pour les quarts de finale.<\/p>\n\n\n\n<p><strong>Moncef Dahleb<\/strong><\/p>\n","protected":false},"excerpt":{"rendered":"<p>L\u2019USM Alger affronte demain apr\u00e8s-midi au stade Al-Salam au Caire le Future FC pour le compte de la 4e journ\u00e9e<\/p>\n","protected":false},"author":3,"featured_media":48043,"comment_status":"open","ping_status":"closed","sticky":false,"template":"","format":"standard","meta":{"colormag_page_container_layout":"default_layout","colormag_page_sidebar_layout":"default_layout","om_disable_all_campaigns":false,"_monsterinsights_skip_tracking":false,"_monsterinsights_sitenote_active":false,"_monsterinsights_sitenote_note":"","_monsterinsights_sitenote_category":0,"footnotes":"","_wpscppro_dont_share_socialmedia":false,"_wpscppro_custom_social_share_image":0,"_facebook_share_type":"","_twitter_share_type":"","_linkedin_share_type":"","_pinterest_share_type":"","_linkedin_share_type_page":"","_instagram_share_type":"","_medium_share_type":"","_threads_share_type":"","_google_business_share_type":"","_selected_social_profile":[],"_wpsp_enable_custom_social_template":false,"_wpsp_social_scheduling":{"enabled":false,"datetime":null,"platforms":[],"status":"template_only","dateOption":"today","timeOption":"now","customDays":"","customHours":"","customDate":"","customTime":"","schedulingType":"absolute"},"_wpsp_active_default_template":true},"categories":[33],"tags":[],"class_list":["post-48042","post","type-post","status-publish","format-standard","has-post-thumbnail","hentry","category-sports"],"aioseo_notices":[],"yoast_head":"<!-- This site is optimized with the Yoast SEO plugin v27.4 - https:\/\/yoast.com\/product\/yoast-seo-wordpress\/ -->\n<title>Coupe de la CAF\u00a0: Les Rouge et Noir pour la qualification - La Sentinelle<\/title>\n<meta name=\"robots\" content=\"index, follow, max-snippet:-1, max-image-preview:large, max-video-preview:-1\" \/>\n<link rel=\"canonical\" href=\"https:\/\/lasentinelle.dz\/index.php\/2023\/12\/18\/coupe-de-la-caf-les-rouge-et-noir-pour-la-qualification\/\" \/>\n<meta property=\"og:locale\" content=\"fr_FR\" \/>\n<meta property=\"og:type\" content=\"article\" \/>\n<meta property=\"og:title\" content=\"Coupe de la CAF\u00a0: Les Rouge et Noir pour la qualification - La Sentinelle\" \/>\n<meta property=\"og:description\" content=\"L\u2019USM Alger affronte demain apr\u00e8s-midi au stade Al-Salam au Caire le Future FC pour le compte de la 4e journ\u00e9e\" \/>\n<meta property=\"og:url\" content=\"https:\/\/lasentinelle.dz\/index.php\/2023\/12\/18\/coupe-de-la-caf-les-rouge-et-noir-pour-la-qualification\/\" \/>\n<meta property=\"og:site_name\" content=\"La Sentinelle\" \/>\n<meta property=\"article:publisher\" content=\"https:\/\/www.facebook.com\/La-Sentinelle-104059864394773\" \/>\n<meta property=\"article:published_time\" content=\"2023-12-18T20:49:13+00:00\" \/>\n<meta property=\"article:modified_time\" content=\"2023-12-18T20:49:15+00:00\" \/>\n<meta property=\"og:image\" content=\"https:\/\/lasentinelle.dz\/wp-content\/uploads\/2023\/12\/USMA-2.jpeg\" \/>\n\t<meta property=\"og:image:width\" content=\"1081\" \/>\n\t<meta property=\"og:image:height\" content=\"720\" \/>\n\t<meta property=\"og:image:type\" content=\"image\/jpeg\" \/>\n<meta name=\"author\" content=\"La Sentinelle\" \/>\n<meta name=\"twitter:card\" content=\"summary_large_image\" \/>\n<meta name=\"twitter:label1\" content=\"\u00c9crit par\" \/>\n\t<meta name=\"twitter:data1\" content=\"La Sentinelle\" \/>\n\t<meta name=\"twitter:label2\" content=\"Dur\u00e9e de lecture estim\u00e9e\" \/>\n\t<meta name=\"twitter:data2\" content=\"3 minutes\" \/>\n<script type=\"application\/ld+json\" class=\"yoast-schema-graph\">{\"@context\":\"https:\\\/\\\/schema.org\",\"@graph\":[{\"@type\":\"Article\",\"@id\":\"https:\\\/\\\/lasentinelle.dz\\\/index.php\\\/2023\\\/12\\\/18\\\/coupe-de-la-caf-les-rouge-et-noir-pour-la-qualification\\\/#article\",\"isPartOf\":{\"@id\":\"https:\\\/\\\/lasentinelle.dz\\\/index.php\\\/2023\\\/12\\\/18\\\/coupe-de-la-caf-les-rouge-et-noir-pour-la-qualification\\\/\"},\"author\":{\"name\":\"La Sentinelle\",\"@id\":\"https:\\\/\\\/lasentinelle.dz\\\/#\\\/schema\\\/person\\\/d865044e22e70a75174ce8bcad3acfb3\"},\"headline\":\"Coupe de la CAF\u00a0: Les Rouge et Noir pour la qualification\",\"datePublished\":\"2023-12-18T20:49:13+00:00\",\"dateModified\":\"2023-12-18T20:49:15+00:00\",\"mainEntityOfPage\":{\"@id\":\"https:\\\/\\\/lasentinelle.dz\\\/index.php\\\/2023\\\/12\\\/18\\\/coupe-de-la-caf-les-rouge-et-noir-pour-la-qualification\\\/\"},\"wordCount\":418,\"commentCount\":0,\"publisher\":{\"@id\":\"https:\\\/\\\/lasentinelle.dz\\\/#organization\"},\"image\":{\"@id\":\"https:\\\/\\\/lasentinelle.dz\\\/index.php\\\/2023\\\/12\\\/18\\\/coupe-de-la-caf-les-rouge-et-noir-pour-la-qualification\\\/#primaryimage\"},\"thumbnailUrl\":\"https:\\\/\\\/lasentinelle.dz\\\/wp-content\\\/uploads\\\/2023\\\/12\\\/USMA-2.jpeg\",\"articleSection\":[\"Sports\"],\"inLanguage\":\"fr-FR\",\"potentialAction\":[{\"@type\":\"CommentAction\",\"name\":\"Comment\",\"target\":[\"https:\\\/\\\/lasentinelle.dz\\\/index.php\\\/2023\\\/12\\\/18\\\/coupe-de-la-caf-les-rouge-et-noir-pour-la-qualification\\\/#respond\"]}]},{\"@type\":\"WebPage\",\"@id\":\"https:\\\/\\\/lasentinelle.dz\\\/index.php\\\/2023\\\/12\\\/18\\\/coupe-de-la-caf-les-rouge-et-noir-pour-la-qualification\\\/\",\"url\":\"https:\\\/\\\/lasentinelle.dz\\\/index.php\\\/2023\\\/12\\\/18\\\/coupe-de-la-caf-les-rouge-et-noir-pour-la-qualification\\\/\",\"name\":\"Coupe de la CAF\u00a0: Les Rouge et Noir pour la qualification - La Sentinelle\",\"isPartOf\":{\"@id\":\"https:\\\/\\\/lasentinelle.dz\\\/#website\"},\"primaryImageOfPage\":{\"@id\":\"https:\\\/\\\/lasentinelle.dz\\\/index.php\\\/2023\\\/12\\\/18\\\/coupe-de-la-caf-les-rouge-et-noir-pour-la-qualification\\\/#primaryimage\"},\"image\":{\"@id\":\"https:\\\/\\\/lasentinelle.dz\\\/index.php\\\/2023\\\/12\\\/18\\\/coupe-de-la-caf-les-rouge-et-noir-pour-la-qualification\\\/#primaryimage\"},\"thumbnailUrl\":\"https:\\\/\\\/lasentinelle.dz\\\/wp-content\\\/uploads\\\/2023\\\/12\\\/USMA-2.jpeg\",\"datePublished\":\"2023-12-18T20:49:13+00:00\",\"dateModified\":\"2023-12-18T20:49:15+00:00\",\"breadcrumb\":{\"@id\":\"https:\\\/\\\/lasentinelle.dz\\\/index.php\\\/2023\\\/12\\\/18\\\/coupe-de-la-caf-les-rouge-et-noir-pour-la-qualification\\\/#breadcrumb\"},\"inLanguage\":\"fr-FR\",\"potentialAction\":[{\"@type\":\"ReadAction\",\"target\":[\"https:\\\/\\\/lasentinelle.dz\\\/index.php\\\/2023\\\/12\\\/18\\\/coupe-de-la-caf-les-rouge-et-noir-pour-la-qualification\\\/\"]}]},{\"@type\":\"ImageObject\",\"inLanguage\":\"fr-FR\",\"@id\":\"https:\\\/\\\/lasentinelle.dz\\\/index.php\\\/2023\\\/12\\\/18\\\/coupe-de-la-caf-les-rouge-et-noir-pour-la-qualification\\\/#primaryimage\",\"url\":\"https:\\\/\\\/lasentinelle.dz\\\/wp-content\\\/uploads\\\/2023\\\/12\\\/USMA-2.jpeg\",\"contentUrl\":\"https:\\\/\\\/lasentinelle.dz\\\/wp-content\\\/uploads\\\/2023\\\/12\\\/USMA-2.jpeg\",\"width\":1081,\"height\":720},{\"@type\":\"BreadcrumbList\",\"@id\":\"https:\\\/\\\/lasentinelle.dz\\\/index.php\\\/2023\\\/12\\\/18\\\/coupe-de-la-caf-les-rouge-et-noir-pour-la-qualification\\\/#breadcrumb\",\"itemListElement\":[{\"@type\":\"ListItem\",\"position\":1,\"name\":\"Accueil\",\"item\":\"https:\\\/\\\/lasentinelle.dz\\\/\"},{\"@type\":\"ListItem\",\"position\":2,\"name\":\"Coupe de la CAF\u00a0: Les Rouge et Noir pour la qualification\"}]},{\"@type\":\"WebSite\",\"@id\":\"https:\\\/\\\/lasentinelle.dz\\\/#website\",\"url\":\"https:\\\/\\\/lasentinelle.dz\\\/\",\"name\":\"La Sentinelle\",\"description\":\"Quotidien national d&#039;information\",\"publisher\":{\"@id\":\"https:\\\/\\\/lasentinelle.dz\\\/#organization\"},\"potentialAction\":[{\"@type\":\"SearchAction\",\"target\":{\"@type\":\"EntryPoint\",\"urlTemplate\":\"https:\\\/\\\/lasentinelle.dz\\\/?s={search_term_string}\"},\"query-input\":{\"@type\":\"PropertyValueSpecification\",\"valueRequired\":true,\"valueName\":\"search_term_string\"}}],\"inLanguage\":\"fr-FR\"},{\"@type\":\"Organization\",\"@id\":\"https:\\\/\\\/lasentinelle.dz\\\/#organization\",\"name\":\"Quotidien La Sentinelle\",\"url\":\"https:\\\/\\\/lasentinelle.dz\\\/\",\"logo\":{\"@type\":\"ImageObject\",\"inLanguage\":\"fr-FR\",\"@id\":\"https:\\\/\\\/lasentinelle.dz\\\/#\\\/schema\\\/logo\\\/image\\\/\",\"url\":\"https:\\\/\\\/lasentinelle.dz\\\/wp-content\\\/uploads\\\/2021\\\/09\\\/logo-sentinelleSLOGAN-1.png\",\"contentUrl\":\"https:\\\/\\\/lasentinelle.dz\\\/wp-content\\\/uploads\\\/2021\\\/09\\\/logo-sentinelleSLOGAN-1.png\",\"width\":615,\"height\":142,\"caption\":\"Quotidien La Sentinelle\"},\"image\":{\"@id\":\"https:\\\/\\\/lasentinelle.dz\\\/#\\\/schema\\\/logo\\\/image\\\/\"},\"sameAs\":[\"https:\\\/\\\/www.facebook.com\\\/La-Sentinelle-104059864394773\"]},{\"@type\":\"Person\",\"@id\":\"https:\\\/\\\/lasentinelle.dz\\\/#\\\/schema\\\/person\\\/d865044e22e70a75174ce8bcad3acfb3\",\"name\":\"La Sentinelle\",\"image\":{\"@type\":\"ImageObject\",\"inLanguage\":\"fr-FR\",\"@id\":\"https:\\\/\\\/secure.gravatar.com\\\/avatar\\\/57de8e5d4b15d43fb361a71fbb36338450fe67865b528a43dd10ef7c51a20392?s=96&d=mm&r=g\",\"url\":\"https:\\\/\\\/secure.gravatar.com\\\/avatar\\\/57de8e5d4b15d43fb361a71fbb36338450fe67865b528a43dd10ef7c51a20392?s=96&d=mm&r=g\",\"contentUrl\":\"https:\\\/\\\/secure.gravatar.com\\\/avatar\\\/57de8e5d4b15d43fb361a71fbb36338450fe67865b528a43dd10ef7c51a20392?s=96&d=mm&r=g\",\"caption\":\"La Sentinelle\"},\"sameAs\":[\"http:\\\/\\\/www.lasentinelle.dz\"],\"url\":\"https:\\\/\\\/lasentinelle.dz\\\/author\\\/redaction\\\/\"}]}<\/script>\n<!-- \/ Yoast SEO plugin. -->","yoast_head_json":{"title":"Coupe de la CAF\u00a0: Les Rouge et Noir pour la qualification - La Sentinelle","robots":{"index":"index","follow":"follow","max-snippet":"max-snippet:-1","max-image-preview":"max-image-preview:large","max-video-preview":"max-video-preview:-1"},"canonical":"https:\/\/lasentinelle.dz\/index.php\/2023\/12\/18\/coupe-de-la-caf-les-rouge-et-noir-pour-la-qualification\/","og_locale":"fr_FR","og_type":"article","og_title":"Coupe de la CAF\u00a0: Les Rouge et Noir pour la qualification - La Sentinelle","og_description":"L\u2019USM Alger affronte demain apr\u00e8s-midi au stade Al-Salam au Caire le Future FC pour le compte de la 4e journ\u00e9e","og_url":"https:\/\/lasentinelle.dz\/index.php\/2023\/12\/18\/coupe-de-la-caf-les-rouge-et-noir-pour-la-qualification\/","og_site_name":"La Sentinelle","article_publisher":"https:\/\/www.facebook.com\/La-Sentinelle-104059864394773","article_published_time":"2023-12-18T20:49:13+00:00","article_modified_time":"2023-12-18T20:49:15+00:00","og_image":[{"width":1081,"height":720,"url":"https:\/\/lasentinelle.dz\/wp-content\/uploads\/2023\/12\/USMA-2.jpeg","type":"image\/jpeg"}],"author":"La Sentinelle","twitter_card":"summary_large_image","twitter_misc":{"\u00c9crit par":"La Sentinelle","Dur\u00e9e de lecture estim\u00e9e":"3 minutes"},"schema":{"@context":"https:\/\/schema.org","@graph":[{"@type":"Article","@id":"https:\/\/lasentinelle.dz\/index.php\/2023\/12\/18\/coupe-de-la-caf-les-rouge-et-noir-pour-la-qualification\/#article","isPartOf":{"@id":"https:\/\/lasentinelle.dz\/index.php\/2023\/12\/18\/coupe-de-la-caf-les-rouge-et-noir-pour-la-qualification\/"},"author":{"name":"La Sentinelle","@id":"https:\/\/lasentinelle.dz\/#\/schema\/person\/d865044e22e70a75174ce8bcad3acfb3"},"headline":"Coupe de la CAF\u00a0: Les Rouge et Noir pour la qualification","datePublished":"2023-12-18T20:49:13+00:00","dateModified":"2023-12-18T20:49:15+00:00","mainEntityOfPage":{"@id":"https:\/\/lasentinelle.dz\/index.php\/2023\/12\/18\/coupe-de-la-caf-les-rouge-et-noir-pour-la-qualification\/"},"wordCount":418,"commentCount":0,"publisher":{"@id":"https:\/\/lasentinelle.dz\/#organization"},"image":{"@id":"https:\/\/lasentinelle.dz\/index.php\/2023\/12\/18\/coupe-de-la-caf-les-rouge-et-noir-pour-la-qualification\/#primaryimage"},"thumbnailUrl":"https:\/\/lasentinelle.dz\/wp-content\/uploads\/2023\/12\/USMA-2.jpeg","articleSection":["Sports"],"inLanguage":"fr-FR","potentialAction":[{"@type":"CommentAction","name":"Comment","target":["https:\/\/lasentinelle.dz\/index.php\/2023\/12\/18\/coupe-de-la-caf-les-rouge-et-noir-pour-la-qualification\/#respond"]}]},{"@type":"WebPage","@id":"https:\/\/lasentinelle.dz\/index.php\/2023\/12\/18\/coupe-de-la-caf-les-rouge-et-noir-pour-la-qualification\/","url":"https:\/\/lasentinelle.dz\/index.php\/2023\/12\/18\/coupe-de-la-caf-les-rouge-et-noir-pour-la-qualification\/","name":"Coupe de la CAF\u00a0: Les Rouge et Noir pour la qualification - La Sentinelle","isPartOf":{"@id":"https:\/\/lasentinelle.dz\/#website"},"primaryImageOfPage":{"@id":"https:\/\/lasentinelle.dz\/index.php\/2023\/12\/18\/coupe-de-la-caf-les-rouge-et-noir-pour-la-qualification\/#primaryimage"},"image":{"@id":"https:\/\/lasentinelle.dz\/index.php\/2023\/12\/18\/coupe-de-la-caf-les-rouge-et-noir-pour-la-qualification\/#primaryimage"},"thumbnailUrl":"https:\/\/lasentinelle.dz\/wp-content\/uploads\/2023\/12\/USMA-2.jpeg","datePublished":"2023-12-18T20:49:13+00:00","dateModified":"2023-12-18T20:49:15+00:00","breadcrumb":{"@id":"https:\/\/lasentinelle.dz\/index.php\/2023\/12\/18\/coupe-de-la-caf-les-rouge-et-noir-pour-la-qualification\/#breadcrumb"},"inLanguage":"fr-FR","potentialAction":[{"@type":"ReadAction","target":["https:\/\/lasentinelle.dz\/index.php\/2023\/12\/18\/coupe-de-la-caf-les-rouge-et-noir-pour-la-qualification\/"]}]},{"@type":"ImageObject","inLanguage":"fr-FR","@id":"https:\/\/lasentinelle.dz\/index.php\/2023\/12\/18\/coupe-de-la-caf-les-rouge-et-noir-pour-la-qualification\/#primaryimage","url":"https:\/\/lasentinelle.dz\/wp-content\/uploads\/2023\/12\/USMA-2.jpeg","contentUrl":"https:\/\/lasentinelle.dz\/wp-content\/uploads\/2023\/12\/USMA-2.jpeg","width":1081,"height":720},{"@type":"BreadcrumbList","@id":"https:\/\/lasentinelle.dz\/index.php\/2023\/12\/18\/coupe-de-la-caf-les-rouge-et-noir-pour-la-qualification\/#breadcrumb","itemListElement":[{"@type":"ListItem","position":1,"name":"Accueil","item":"https:\/\/lasentinelle.dz\/"},{"@type":"ListItem","position":2,"name":"Coupe de la CAF\u00a0: Les Rouge et Noir pour la qualification"}]},{"@type":"WebSite","@id":"https:\/\/lasentinelle.dz\/#website","url":"https:\/\/lasentinelle.dz\/","name":"La Sentinelle","description":"Quotidien national d&#039;information","publisher":{"@id":"https:\/\/lasentinelle.dz\/#organization"},"potentialAction":[{"@type":"SearchAction","target":{"@type":"EntryPoint","urlTemplate":"https:\/\/lasentinelle.dz\/?s={search_term_string}"},"query-input":{"@type":"PropertyValueSpecification","valueRequired":true,"valueName":"search_term_string"}}],"inLanguage":"fr-FR"},{"@type":"Organization","@id":"https:\/\/lasentinelle.dz\/#organization","name":"Quotidien La Sentinelle","url":"https:\/\/lasentinelle.dz\/","logo":{"@type":"ImageObject","inLanguage":"fr-FR","@id":"https:\/\/lasentinelle.dz\/#\/schema\/logo\/image\/","url":"https:\/\/lasentinelle.dz\/wp-content\/uploads\/2021\/09\/logo-sentinelleSLOGAN-1.png","contentUrl":"https:\/\/lasentinelle.dz\/wp-content\/uploads\/2021\/09\/logo-sentinelleSLOGAN-1.png","width":615,"height":142,"caption":"Quotidien La Sentinelle"},"image":{"@id":"https:\/\/lasentinelle.dz\/#\/schema\/logo\/image\/"},"sameAs":["https:\/\/www.facebook.com\/La-Sentinelle-104059864394773"]},{"@type":"Person","@id":"https:\/\/lasentinelle.dz\/#\/schema\/person\/d865044e22e70a75174ce8bcad3acfb3","name":"La Sentinelle","image":{"@type":"ImageObject","inLanguage":"fr-FR","@id":"https:\/\/secure.gravatar.com\/avatar\/57de8e5d4b15d43fb361a71fbb36338450fe67865b528a43dd10ef7c51a20392?s=96&d=mm&r=g","url":"https:\/\/secure.gravatar.com\/avatar\/57de8e5d4b15d43fb361a71fbb36338450fe67865b528a43dd10ef7c51a20392?s=96&d=mm&r=g","contentUrl":"https:\/\/secure.gravatar.com\/avatar\/57de8e5d4b15d43fb361a71fbb36338450fe67865b528a43dd10ef7c51a20392?s=96&d=mm&r=g","caption":"La Sentinelle"},"sameAs":["http:\/\/www.lasentinelle.dz"],"url":"https:\/\/lasentinelle.dz\/author\/redaction\/"}]}},"_links":{"self":[{"href":"https:\/\/lasentinelle.dz\/index.php\/wp-json\/wp\/v2\/posts\/48042","targetHints":{"allow":["GET"]}}],"collection":[{"href":"https:\/\/lasentinelle.dz\/index.php\/wp-json\/wp\/v2\/posts"}],"about":[{"href":"https:\/\/lasentinelle.dz\/index.php\/wp-json\/wp\/v2\/types\/post"}],"author":[{"embeddable":true,"href":"https:\/\/lasentinelle.dz\/index.php\/wp-json\/wp\/v2\/users\/3"}],"replies":[{"embeddable":true,"href":"https:\/\/lasentinelle.dz\/index.php\/wp-json\/wp\/v2\/comments?post=48042"}],"version-history":[{"count":1,"href":"https:\/\/lasentinelle.dz\/index.php\/wp-json\/wp\/v2\/posts\/48042\/revisions"}],"predecessor-version":[{"id":48044,"href":"https:\/\/lasentinelle.dz\/index.php\/wp-json\/wp\/v2\/posts\/48042\/revisions\/48044"}],"wp:featuredmedia":[{"embeddable":true,"href":"https:\/\/lasentinelle.dz\/index.php\/wp-json\/wp\/v2\/media\/48043"}],"wp:attachment":[{"href":"https:\/\/lasentinelle.dz\/index.php\/wp-json\/wp\/v2\/media?parent=48042"}],"wp:term":[{"taxonomy":"category","embeddable":true,"href":"https:\/\/lasentinelle.dz\/index.php\/wp-json\/wp\/v2\/categories?post=48042"},{"taxonomy":"post_tag","embeddable":true,"href":"https:\/\/lasentinelle.dz\/index.php\/wp-json\/wp\/v2\/tags?post=48042"}],"curies":[{"name":"wp","href":"https:\/\/api.w.org\/{rel}","templated":true}]}}