{"id":48045,"date":"2023-12-18T21:50:32","date_gmt":"2023-12-18T20:50:32","guid":{"rendered":"https:\/\/lasentinelle.dz\/?p=48045"},"modified":"2023-12-18T21:50:34","modified_gmt":"2023-12-18T20:50:34","slug":"annaba-une-commission-dinspection-dans-les-etablissements-scolaires","status":"publish","type":"post","link":"https:\/\/lasentinelle.dz\/index.php\/2023\/12\/18\/annaba-une-commission-dinspection-dans-les-etablissements-scolaires\/","title":{"rendered":"Annaba\u00a0: Une commission d\u2019inspection dans les \u00e9tablissements scolaires"},"content":{"rendered":"\n<p>Une commission d\u2019inspection a \u00e9t\u00e9 d\u00e9p\u00each\u00e9e \u00e0 Annaba pour se pencher sur l\u2019\u00e9tat du chauffage, des cantines et du transport scolaire dans les \u00e9tablissements du cycle primaire, entre autres.<\/p>\n\n\n\n<p>Men\u00e9e par l\u2019inspecteur central au minist\u00e8re de l\u2019Int\u00e9rieur, des Collectivit\u00e9s Locales et de l\u2019Am\u00e9nagement du territoire, Farid Bouneb, une \u00e9quipe d\u2019inspecteurs effectue depuis deux jours, une op\u00e9ration d\u2019inspection dans tous les \u00e9coles primaires de la wilaya d\u2019Annaba. L\u2019op\u00e9ration consiste en le suivi et le contr\u00f4le des \u00e9tablissements du cycle primaire, notamment ceux des zones enclav\u00e9es. L\u2019action intervient en application des directives de M. Brahim Merad, ministre de l\u2019Int\u00e9rieur, des Collectivit\u00e9s locales et de l\u2019Am\u00e9nagement du territoire, dont le but est de recenser toutes les d\u00e9faillances et dysfonctionnements, et surtout \u00e0 proposer des solutions pour assurer le bon fonctionnement des \u00e9coles et offrir des conditions optimales d\u2019accueil aux \u00e9l\u00e8ves. \u00c0 l\u2019issue de ces visites d\u2019inspections men\u00e9es par l\u2019\u00e9quipe d\u2019inspecteurs, des r\u00e9sultats d\u00e9taill\u00e9s sur les probl\u00e8mes constat\u00e9s seront remis aux diff\u00e9rents Assembl\u00e9es populaires communales (APC) afin de leur permettre de proc\u00e9der aux r\u00e9parations n\u00e9cessaires, de fournir les \u00e9quipements manquants et de veiller \u00e0 ce que toutes les \u00e9coles primaires assurent les meilleures conditions de scolarisation. Il convient de souligner qu\u2019un suivi continu a \u00e9t\u00e9 d\u00e9j\u00e0 mis en place par les autorit\u00e9s locales de la wilaya d\u2019Annaba. Dans ce contexte, on rappelle que le chef de l\u2019ex\u00e9cutif local a , depuis sa prise des commandes de la wilaya d\u2019Annaba, adopt\u00e9 ce processus de contr\u00f4le dans tous les \u00e9tablissements scolaires tous paliers confondus. Une d\u00e9marche qui a fait pression sur les responsables du secteur qui ont veill\u00e9 \u00e0 ce que les meilleures conditions de scolarisation soient assur\u00e9es pour les \u00e9l\u00e8ves. S\u2019agissant du cycle primaire, plusieurs \u00e9coles ont fait l\u2019objet d&rsquo;op\u00e9rations de r\u00e9habilitation et d\u2019am\u00e9nagement entre autres. Au-del\u00e0, toutes les \u00e9coles primaires de la wilaya d\u2019Annaba ont \u00e9t\u00e9 dot\u00e9es de transport scolaire, notamment pour les \u00e9l\u00e8ves habitants les zones \u00e9loign\u00e9es. Selon les instructions du wali d&rsquo;Annaba, ces derniers doivent b\u00e9n\u00e9ficier de repas chauds dans les cantines scolaires de leurs \u00e9tablissements. Autre obligation impos\u00e9e aux acteurs charg\u00e9s de la gestion des \u00e9tablissements du primaire, la mise en service de chauffage dans les classes de cours. Les nouvelles structures scolaires et les groupements scolaires r\u00e9ceptionn\u00e9s pour cette ann\u00e9e scolaire 2023\/2024, ont \u00e9t\u00e9 \u00e9quip\u00e9s d\u2019appareils de chauffage dont l\u2019installation a \u00e9t\u00e9 supervis\u00e9e par la Sonelgaz qui a veill\u00e9 \u00e0 la v\u00e9rification de leur conformit\u00e9. L\u2019\u00e9quipe d\u2019inspection va superviser le respect des conditions de scolarisation dans les \u00e9coles primaires et \u00e9valuer le niveau de l\u2019application des instructions du minist\u00e8re de l\u2019Int\u00e9rieur, au regard de l\u2019importance des budgets allou\u00e9s, entre autres aux volets de la restauration, du transport scolaires et des chauffages, pour les \u00e9coles primaires. Selon certaines indiscr\u00e9tions, le r\u00e9sultat de l\u2019inspection men\u00e9e par l\u2019\u00e9quipe des inspecteurs dans les \u00e9coles des 12 communes de la wilaya d\u2019Annaba, ont \u00e9t\u00e9 qualifi\u00e9s de satisfaisants, comparativement \u00e0 d\u2019autres wilayas. Hormis quelques r\u00e9serves \u00e9mises, l\u2019\u00e9valuation a \u00e9t\u00e9 positive bas\u00e9e sur des crit\u00e8res objectifs, qui ont \u00e9t\u00e9 renforc\u00e9es par le lancement , cette ann\u00e9e et pour la premi\u00e8re fois, d\u2019un questionnaire \u00e9lectronique relatif aux \u00e9coles primaires, dans une approche d\u2019\u00e9valuation participative d\u00e9cid\u00e9e par le ministre de l\u2019Int\u00e9rieur des Collectivit\u00e9s locales et de l\u2019Am\u00e9nagement du territoire. Le questionnaire va permettre, selon les explications apport\u00e9es, aux parents d\u2019\u00e9l\u00e8ves et aux fonctionnaires de l\u2019\u00e9ducation nationale ainsi que les associations d\u2019exprimer leurs avis concernant les diff\u00e9rents axes relatifs aux conditions de scolarisation, \u00e0 m\u00eame de mettre en \u00e9vidence les \u00e9ventuelles carences dans la perspective de leur prises en charge par les autorit\u00e9s concern\u00e9es.<\/p>\n\n\n\n<p><strong>Sofia Chahine<\/strong><\/p>\n","protected":false},"excerpt":{"rendered":"<p>Une commission d\u2019inspection a \u00e9t\u00e9 d\u00e9p\u00each\u00e9e \u00e0 Annaba pour se pencher sur l\u2019\u00e9tat du chauffage, des cantines et du transport<\/p>\n","protected":false},"author":3,"featured_media":48046,"comment_status":"open","ping_status":"closed","sticky":false,"template":"","format":"standard","meta":{"colormag_page_container_layout":"default_layout","colormag_page_sidebar_layout":"default_layout","om_disable_all_campaigns":false,"_monsterinsights_skip_tracking":false,"_monsterinsights_sitenote_active":false,"_monsterinsights_sitenote_note":"","_monsterinsights_sitenote_category":0,"footnotes":"","_wpscppro_dont_share_socialmedia":false,"_wpscppro_custom_social_share_image":0,"_facebook_share_type":"","_twitter_share_type":"","_linkedin_share_type":"","_pinterest_share_type":"","_linkedin_share_type_page":"","_instagram_share_type":"","_medium_share_type":"","_threads_share_type":"","_google_business_share_type":"","_selected_social_profile":[],"_wpsp_enable_custom_social_template":false,"_wpsp_social_scheduling":{"enabled":false,"datetime":null,"platforms":[],"status":"template_only","dateOption":"today","timeOption":"now","customDays":"","customHours":"","customDate":"","customTime":"","schedulingType":"absolute"},"_wpsp_active_default_template":true},"categories":[31],"tags":[],"class_list":["post-48045","post","type-post","status-publish","format-standard","has-post-thumbnail","hentry","category-regions"],"aioseo_notices":[],"yoast_head":"<!-- This site is optimized with the Yoast SEO plugin v27.4 - https:\/\/yoast.com\/product\/yoast-seo-wordpress\/ -->\n<title>Annaba\u00a0: Une commission d\u2019inspection dans les \u00e9tablissements scolaires - La Sentinelle<\/title>\n<meta name=\"robots\" content=\"index, follow, max-snippet:-1, max-image-preview:large, max-video-preview:-1\" \/>\n<link rel=\"canonical\" href=\"https:\/\/lasentinelle.dz\/index.php\/2023\/12\/18\/annaba-une-commission-dinspection-dans-les-etablissements-scolaires\/\" \/>\n<meta property=\"og:locale\" content=\"fr_FR\" \/>\n<meta property=\"og:type\" content=\"article\" \/>\n<meta property=\"og:title\" content=\"Annaba\u00a0: Une commission d\u2019inspection dans les \u00e9tablissements scolaires - La Sentinelle\" \/>\n<meta property=\"og:description\" content=\"Une commission d\u2019inspection a \u00e9t\u00e9 d\u00e9p\u00each\u00e9e \u00e0 Annaba pour se pencher sur l\u2019\u00e9tat du chauffage, des cantines et du transport\" \/>\n<meta property=\"og:url\" content=\"https:\/\/lasentinelle.dz\/index.php\/2023\/12\/18\/annaba-une-commission-dinspection-dans-les-etablissements-scolaires\/\" \/>\n<meta property=\"og:site_name\" content=\"La Sentinelle\" \/>\n<meta property=\"article:publisher\" content=\"https:\/\/www.facebook.com\/La-Sentinelle-104059864394773\" \/>\n<meta property=\"article:published_time\" content=\"2023-12-18T20:50:32+00:00\" \/>\n<meta property=\"article:modified_time\" content=\"2023-12-18T20:50:34+00:00\" \/>\n<meta property=\"og:image\" content=\"https:\/\/lasentinelle.dz\/wp-content\/uploads\/2023\/12\/ecole.jpeg\" \/>\n\t<meta property=\"og:image:width\" content=\"600\" \/>\n\t<meta property=\"og:image:height\" content=\"314\" \/>\n\t<meta property=\"og:image:type\" content=\"image\/jpeg\" \/>\n<meta name=\"author\" content=\"La Sentinelle\" \/>\n<meta name=\"twitter:card\" content=\"summary_large_image\" \/>\n<meta name=\"twitter:label1\" content=\"\u00c9crit par\" \/>\n\t<meta name=\"twitter:data1\" content=\"La Sentinelle\" \/>\n\t<meta name=\"twitter:label2\" content=\"Dur\u00e9e de lecture estim\u00e9e\" \/>\n\t<meta name=\"twitter:data2\" content=\"4 minutes\" \/>\n<script type=\"application\/ld+json\" class=\"yoast-schema-graph\">{\"@context\":\"https:\\\/\\\/schema.org\",\"@graph\":[{\"@type\":\"Article\",\"@id\":\"https:\\\/\\\/lasentinelle.dz\\\/index.php\\\/2023\\\/12\\\/18\\\/annaba-une-commission-dinspection-dans-les-etablissements-scolaires\\\/#article\",\"isPartOf\":{\"@id\":\"https:\\\/\\\/lasentinelle.dz\\\/index.php\\\/2023\\\/12\\\/18\\\/annaba-une-commission-dinspection-dans-les-etablissements-scolaires\\\/\"},\"author\":{\"name\":\"La Sentinelle\",\"@id\":\"https:\\\/\\\/lasentinelle.dz\\\/#\\\/schema\\\/person\\\/d865044e22e70a75174ce8bcad3acfb3\"},\"headline\":\"Annaba\u00a0: Une commission d\u2019inspection dans les \u00e9tablissements scolaires\",\"datePublished\":\"2023-12-18T20:50:32+00:00\",\"dateModified\":\"2023-12-18T20:50:34+00:00\",\"mainEntityOfPage\":{\"@id\":\"https:\\\/\\\/lasentinelle.dz\\\/index.php\\\/2023\\\/12\\\/18\\\/annaba-une-commission-dinspection-dans-les-etablissements-scolaires\\\/\"},\"wordCount\":704,\"commentCount\":0,\"publisher\":{\"@id\":\"https:\\\/\\\/lasentinelle.dz\\\/#organization\"},\"image\":{\"@id\":\"https:\\\/\\\/lasentinelle.dz\\\/index.php\\\/2023\\\/12\\\/18\\\/annaba-une-commission-dinspection-dans-les-etablissements-scolaires\\\/#primaryimage\"},\"thumbnailUrl\":\"https:\\\/\\\/lasentinelle.dz\\\/wp-content\\\/uploads\\\/2023\\\/12\\\/ecole.jpeg\",\"articleSection\":[\"R\u00e9gions\"],\"inLanguage\":\"fr-FR\",\"potentialAction\":[{\"@type\":\"CommentAction\",\"name\":\"Comment\",\"target\":[\"https:\\\/\\\/lasentinelle.dz\\\/index.php\\\/2023\\\/12\\\/18\\\/annaba-une-commission-dinspection-dans-les-etablissements-scolaires\\\/#respond\"]}]},{\"@type\":\"WebPage\",\"@id\":\"https:\\\/\\\/lasentinelle.dz\\\/index.php\\\/2023\\\/12\\\/18\\\/annaba-une-commission-dinspection-dans-les-etablissements-scolaires\\\/\",\"url\":\"https:\\\/\\\/lasentinelle.dz\\\/index.php\\\/2023\\\/12\\\/18\\\/annaba-une-commission-dinspection-dans-les-etablissements-scolaires\\\/\",\"name\":\"Annaba\u00a0: Une commission d\u2019inspection dans les \u00e9tablissements scolaires - La Sentinelle\",\"isPartOf\":{\"@id\":\"https:\\\/\\\/lasentinelle.dz\\\/#website\"},\"primaryImageOfPage\":{\"@id\":\"https:\\\/\\\/lasentinelle.dz\\\/index.php\\\/2023\\\/12\\\/18\\\/annaba-une-commission-dinspection-dans-les-etablissements-scolaires\\\/#primaryimage\"},\"image\":{\"@id\":\"https:\\\/\\\/lasentinelle.dz\\\/index.php\\\/2023\\\/12\\\/18\\\/annaba-une-commission-dinspection-dans-les-etablissements-scolaires\\\/#primaryimage\"},\"thumbnailUrl\":\"https:\\\/\\\/lasentinelle.dz\\\/wp-content\\\/uploads\\\/2023\\\/12\\\/ecole.jpeg\",\"datePublished\":\"2023-12-18T20:50:32+00:00\",\"dateModified\":\"2023-12-18T20:50:34+00:00\",\"breadcrumb\":{\"@id\":\"https:\\\/\\\/lasentinelle.dz\\\/index.php\\\/2023\\\/12\\\/18\\\/annaba-une-commission-dinspection-dans-les-etablissements-scolaires\\\/#breadcrumb\"},\"inLanguage\":\"fr-FR\",\"potentialAction\":[{\"@type\":\"ReadAction\",\"target\":[\"https:\\\/\\\/lasentinelle.dz\\\/index.php\\\/2023\\\/12\\\/18\\\/annaba-une-commission-dinspection-dans-les-etablissements-scolaires\\\/\"]}]},{\"@type\":\"ImageObject\",\"inLanguage\":\"fr-FR\",\"@id\":\"https:\\\/\\\/lasentinelle.dz\\\/index.php\\\/2023\\\/12\\\/18\\\/annaba-une-commission-dinspection-dans-les-etablissements-scolaires\\\/#primaryimage\",\"url\":\"https:\\\/\\\/lasentinelle.dz\\\/wp-content\\\/uploads\\\/2023\\\/12\\\/ecole.jpeg\",\"contentUrl\":\"https:\\\/\\\/lasentinelle.dz\\\/wp-content\\\/uploads\\\/2023\\\/12\\\/ecole.jpeg\",\"width\":600,\"height\":314},{\"@type\":\"BreadcrumbList\",\"@id\":\"https:\\\/\\\/lasentinelle.dz\\\/index.php\\\/2023\\\/12\\\/18\\\/annaba-une-commission-dinspection-dans-les-etablissements-scolaires\\\/#breadcrumb\",\"itemListElement\":[{\"@type\":\"ListItem\",\"position\":1,\"name\":\"Accueil\",\"item\":\"https:\\\/\\\/lasentinelle.dz\\\/\"},{\"@type\":\"ListItem\",\"position\":2,\"name\":\"Annaba\u00a0: Une commission d\u2019inspection dans les \u00e9tablissements scolaires\"}]},{\"@type\":\"WebSite\",\"@id\":\"https:\\\/\\\/lasentinelle.dz\\\/#website\",\"url\":\"https:\\\/\\\/lasentinelle.dz\\\/\",\"name\":\"La Sentinelle\",\"description\":\"Quotidien national d&#039;information\",\"publisher\":{\"@id\":\"https:\\\/\\\/lasentinelle.dz\\\/#organization\"},\"potentialAction\":[{\"@type\":\"SearchAction\",\"target\":{\"@type\":\"EntryPoint\",\"urlTemplate\":\"https:\\\/\\\/lasentinelle.dz\\\/?s={search_term_string}\"},\"query-input\":{\"@type\":\"PropertyValueSpecification\",\"valueRequired\":true,\"valueName\":\"search_term_string\"}}],\"inLanguage\":\"fr-FR\"},{\"@type\":\"Organization\",\"@id\":\"https:\\\/\\\/lasentinelle.dz\\\/#organization\",\"name\":\"Quotidien La Sentinelle\",\"url\":\"https:\\\/\\\/lasentinelle.dz\\\/\",\"logo\":{\"@type\":\"ImageObject\",\"inLanguage\":\"fr-FR\",\"@id\":\"https:\\\/\\\/lasentinelle.dz\\\/#\\\/schema\\\/logo\\\/image\\\/\",\"url\":\"https:\\\/\\\/lasentinelle.dz\\\/wp-content\\\/uploads\\\/2021\\\/09\\\/logo-sentinelleSLOGAN-1.png\",\"contentUrl\":\"https:\\\/\\\/lasentinelle.dz\\\/wp-content\\\/uploads\\\/2021\\\/09\\\/logo-sentinelleSLOGAN-1.png\",\"width\":615,\"height\":142,\"caption\":\"Quotidien La Sentinelle\"},\"image\":{\"@id\":\"https:\\\/\\\/lasentinelle.dz\\\/#\\\/schema\\\/logo\\\/image\\\/\"},\"sameAs\":[\"https:\\\/\\\/www.facebook.com\\\/La-Sentinelle-104059864394773\"]},{\"@type\":\"Person\",\"@id\":\"https:\\\/\\\/lasentinelle.dz\\\/#\\\/schema\\\/person\\\/d865044e22e70a75174ce8bcad3acfb3\",\"name\":\"La Sentinelle\",\"image\":{\"@type\":\"ImageObject\",\"inLanguage\":\"fr-FR\",\"@id\":\"https:\\\/\\\/secure.gravatar.com\\\/avatar\\\/57de8e5d4b15d43fb361a71fbb36338450fe67865b528a43dd10ef7c51a20392?s=96&d=mm&r=g\",\"url\":\"https:\\\/\\\/secure.gravatar.com\\\/avatar\\\/57de8e5d4b15d43fb361a71fbb36338450fe67865b528a43dd10ef7c51a20392?s=96&d=mm&r=g\",\"contentUrl\":\"https:\\\/\\\/secure.gravatar.com\\\/avatar\\\/57de8e5d4b15d43fb361a71fbb36338450fe67865b528a43dd10ef7c51a20392?s=96&d=mm&r=g\",\"caption\":\"La Sentinelle\"},\"sameAs\":[\"http:\\\/\\\/www.lasentinelle.dz\"],\"url\":\"https:\\\/\\\/lasentinelle.dz\\\/author\\\/redaction\\\/\"}]}<\/script>\n<!-- \/ Yoast SEO plugin. -->","yoast_head_json":{"title":"Annaba\u00a0: Une commission d\u2019inspection dans les \u00e9tablissements scolaires - La Sentinelle","robots":{"index":"index","follow":"follow","max-snippet":"max-snippet:-1","max-image-preview":"max-image-preview:large","max-video-preview":"max-video-preview:-1"},"canonical":"https:\/\/lasentinelle.dz\/index.php\/2023\/12\/18\/annaba-une-commission-dinspection-dans-les-etablissements-scolaires\/","og_locale":"fr_FR","og_type":"article","og_title":"Annaba\u00a0: Une commission d\u2019inspection dans les \u00e9tablissements scolaires - La Sentinelle","og_description":"Une commission d\u2019inspection a \u00e9t\u00e9 d\u00e9p\u00each\u00e9e \u00e0 Annaba pour se pencher sur l\u2019\u00e9tat du chauffage, des cantines et du transport","og_url":"https:\/\/lasentinelle.dz\/index.php\/2023\/12\/18\/annaba-une-commission-dinspection-dans-les-etablissements-scolaires\/","og_site_name":"La Sentinelle","article_publisher":"https:\/\/www.facebook.com\/La-Sentinelle-104059864394773","article_published_time":"2023-12-18T20:50:32+00:00","article_modified_time":"2023-12-18T20:50:34+00:00","og_image":[{"width":600,"height":314,"url":"https:\/\/lasentinelle.dz\/wp-content\/uploads\/2023\/12\/ecole.jpeg","type":"image\/jpeg"}],"author":"La Sentinelle","twitter_card":"summary_large_image","twitter_misc":{"\u00c9crit par":"La Sentinelle","Dur\u00e9e de lecture estim\u00e9e":"4 minutes"},"schema":{"@context":"https:\/\/schema.org","@graph":[{"@type":"Article","@id":"https:\/\/lasentinelle.dz\/index.php\/2023\/12\/18\/annaba-une-commission-dinspection-dans-les-etablissements-scolaires\/#article","isPartOf":{"@id":"https:\/\/lasentinelle.dz\/index.php\/2023\/12\/18\/annaba-une-commission-dinspection-dans-les-etablissements-scolaires\/"},"author":{"name":"La Sentinelle","@id":"https:\/\/lasentinelle.dz\/#\/schema\/person\/d865044e22e70a75174ce8bcad3acfb3"},"headline":"Annaba\u00a0: Une commission d\u2019inspection dans les \u00e9tablissements scolaires","datePublished":"2023-12-18T20:50:32+00:00","dateModified":"2023-12-18T20:50:34+00:00","mainEntityOfPage":{"@id":"https:\/\/lasentinelle.dz\/index.php\/2023\/12\/18\/annaba-une-commission-dinspection-dans-les-etablissements-scolaires\/"},"wordCount":704,"commentCount":0,"publisher":{"@id":"https:\/\/lasentinelle.dz\/#organization"},"image":{"@id":"https:\/\/lasentinelle.dz\/index.php\/2023\/12\/18\/annaba-une-commission-dinspection-dans-les-etablissements-scolaires\/#primaryimage"},"thumbnailUrl":"https:\/\/lasentinelle.dz\/wp-content\/uploads\/2023\/12\/ecole.jpeg","articleSection":["R\u00e9gions"],"inLanguage":"fr-FR","potentialAction":[{"@type":"CommentAction","name":"Comment","target":["https:\/\/lasentinelle.dz\/index.php\/2023\/12\/18\/annaba-une-commission-dinspection-dans-les-etablissements-scolaires\/#respond"]}]},{"@type":"WebPage","@id":"https:\/\/lasentinelle.dz\/index.php\/2023\/12\/18\/annaba-une-commission-dinspection-dans-les-etablissements-scolaires\/","url":"https:\/\/lasentinelle.dz\/index.php\/2023\/12\/18\/annaba-une-commission-dinspection-dans-les-etablissements-scolaires\/","name":"Annaba\u00a0: Une commission d\u2019inspection dans les \u00e9tablissements scolaires - La Sentinelle","isPartOf":{"@id":"https:\/\/lasentinelle.dz\/#website"},"primaryImageOfPage":{"@id":"https:\/\/lasentinelle.dz\/index.php\/2023\/12\/18\/annaba-une-commission-dinspection-dans-les-etablissements-scolaires\/#primaryimage"},"image":{"@id":"https:\/\/lasentinelle.dz\/index.php\/2023\/12\/18\/annaba-une-commission-dinspection-dans-les-etablissements-scolaires\/#primaryimage"},"thumbnailUrl":"https:\/\/lasentinelle.dz\/wp-content\/uploads\/2023\/12\/ecole.jpeg","datePublished":"2023-12-18T20:50:32+00:00","dateModified":"2023-12-18T20:50:34+00:00","breadcrumb":{"@id":"https:\/\/lasentinelle.dz\/index.php\/2023\/12\/18\/annaba-une-commission-dinspection-dans-les-etablissements-scolaires\/#breadcrumb"},"inLanguage":"fr-FR","potentialAction":[{"@type":"ReadAction","target":["https:\/\/lasentinelle.dz\/index.php\/2023\/12\/18\/annaba-une-commission-dinspection-dans-les-etablissements-scolaires\/"]}]},{"@type":"ImageObject","inLanguage":"fr-FR","@id":"https:\/\/lasentinelle.dz\/index.php\/2023\/12\/18\/annaba-une-commission-dinspection-dans-les-etablissements-scolaires\/#primaryimage","url":"https:\/\/lasentinelle.dz\/wp-content\/uploads\/2023\/12\/ecole.jpeg","contentUrl":"https:\/\/lasentinelle.dz\/wp-content\/uploads\/2023\/12\/ecole.jpeg","width":600,"height":314},{"@type":"BreadcrumbList","@id":"https:\/\/lasentinelle.dz\/index.php\/2023\/12\/18\/annaba-une-commission-dinspection-dans-les-etablissements-scolaires\/#breadcrumb","itemListElement":[{"@type":"ListItem","position":1,"name":"Accueil","item":"https:\/\/lasentinelle.dz\/"},{"@type":"ListItem","position":2,"name":"Annaba\u00a0: Une commission d\u2019inspection dans les \u00e9tablissements scolaires"}]},{"@type":"WebSite","@id":"https:\/\/lasentinelle.dz\/#website","url":"https:\/\/lasentinelle.dz\/","name":"La Sentinelle","description":"Quotidien national d&#039;information","publisher":{"@id":"https:\/\/lasentinelle.dz\/#organization"},"potentialAction":[{"@type":"SearchAction","target":{"@type":"EntryPoint","urlTemplate":"https:\/\/lasentinelle.dz\/?s={search_term_string}"},"query-input":{"@type":"PropertyValueSpecification","valueRequired":true,"valueName":"search_term_string"}}],"inLanguage":"fr-FR"},{"@type":"Organization","@id":"https:\/\/lasentinelle.dz\/#organization","name":"Quotidien La Sentinelle","url":"https:\/\/lasentinelle.dz\/","logo":{"@type":"ImageObject","inLanguage":"fr-FR","@id":"https:\/\/lasentinelle.dz\/#\/schema\/logo\/image\/","url":"https:\/\/lasentinelle.dz\/wp-content\/uploads\/2021\/09\/logo-sentinelleSLOGAN-1.png","contentUrl":"https:\/\/lasentinelle.dz\/wp-content\/uploads\/2021\/09\/logo-sentinelleSLOGAN-1.png","width":615,"height":142,"caption":"Quotidien La Sentinelle"},"image":{"@id":"https:\/\/lasentinelle.dz\/#\/schema\/logo\/image\/"},"sameAs":["https:\/\/www.facebook.com\/La-Sentinelle-104059864394773"]},{"@type":"Person","@id":"https:\/\/lasentinelle.dz\/#\/schema\/person\/d865044e22e70a75174ce8bcad3acfb3","name":"La Sentinelle","image":{"@type":"ImageObject","inLanguage":"fr-FR","@id":"https:\/\/secure.gravatar.com\/avatar\/57de8e5d4b15d43fb361a71fbb36338450fe67865b528a43dd10ef7c51a20392?s=96&d=mm&r=g","url":"https:\/\/secure.gravatar.com\/avatar\/57de8e5d4b15d43fb361a71fbb36338450fe67865b528a43dd10ef7c51a20392?s=96&d=mm&r=g","contentUrl":"https:\/\/secure.gravatar.com\/avatar\/57de8e5d4b15d43fb361a71fbb36338450fe67865b528a43dd10ef7c51a20392?s=96&d=mm&r=g","caption":"La Sentinelle"},"sameAs":["http:\/\/www.lasentinelle.dz"],"url":"https:\/\/lasentinelle.dz\/author\/redaction\/"}]}},"_links":{"self":[{"href":"https:\/\/lasentinelle.dz\/index.php\/wp-json\/wp\/v2\/posts\/48045","targetHints":{"allow":["GET"]}}],"collection":[{"href":"https:\/\/lasentinelle.dz\/index.php\/wp-json\/wp\/v2\/posts"}],"about":[{"href":"https:\/\/lasentinelle.dz\/index.php\/wp-json\/wp\/v2\/types\/post"}],"author":[{"embeddable":true,"href":"https:\/\/lasentinelle.dz\/index.php\/wp-json\/wp\/v2\/users\/3"}],"replies":[{"embeddable":true,"href":"https:\/\/lasentinelle.dz\/index.php\/wp-json\/wp\/v2\/comments?post=48045"}],"version-history":[{"count":1,"href":"https:\/\/lasentinelle.dz\/index.php\/wp-json\/wp\/v2\/posts\/48045\/revisions"}],"predecessor-version":[{"id":48047,"href":"https:\/\/lasentinelle.dz\/index.php\/wp-json\/wp\/v2\/posts\/48045\/revisions\/48047"}],"wp:featuredmedia":[{"embeddable":true,"href":"https:\/\/lasentinelle.dz\/index.php\/wp-json\/wp\/v2\/media\/48046"}],"wp:attachment":[{"href":"https:\/\/lasentinelle.dz\/index.php\/wp-json\/wp\/v2\/media?parent=48045"}],"wp:term":[{"taxonomy":"category","embeddable":true,"href":"https:\/\/lasentinelle.dz\/index.php\/wp-json\/wp\/v2\/categories?post=48045"},{"taxonomy":"post_tag","embeddable":true,"href":"https:\/\/lasentinelle.dz\/index.php\/wp-json\/wp\/v2\/tags?post=48045"}],"curies":[{"name":"wp","href":"https:\/\/api.w.org\/{rel}","templated":true}]}}