{"id":48090,"date":"2023-12-19T20:55:00","date_gmt":"2023-12-19T19:55:00","guid":{"rendered":"https:\/\/lasentinelle.dz\/?p=48090"},"modified":"2023-12-19T20:55:02","modified_gmt":"2023-12-19T19:55:02","slug":"pour-prevenir-la-propagation-de-la-fievre-aphteuse-fermeture-provisoire-des-marches-a-bestiaux-a-msila","status":"publish","type":"post","link":"https:\/\/lasentinelle.dz\/index.php\/2023\/12\/19\/pour-prevenir-la-propagation-de-la-fievre-aphteuse-fermeture-provisoire-des-marches-a-bestiaux-a-msila\/","title":{"rendered":"Pour pr\u00e9venir la propagation de la fi\u00e8vre aphteuse\u00a0: Fermeture provisoire des march\u00e9s \u00e0 bestiaux \u00e0 M\u2019sila"},"content":{"rendered":"\n<p>Les autorit\u00e9s de la wilaya ont pris une s\u00e9rie de mesures de pr\u00e9caution portant limitation de la mobilit\u00e9 des animaux notamment les animaux sensibles<\/p>\n\n\n\n<p>Les autorit\u00e9s locales de la wilaya de M\u2019sila ont d\u00e9cid\u00e9 de la fermeture provisoire des march\u00e9s \u00e0 bestiaux quotidien et hebdomadaire avec l\u2019interdiction de regroupement des animaux \u00e0 travers le territoire de la wilaya pour pr\u00e9venir la propagation de la fi\u00e8vre aphteuse apr\u00e8s l\u2019apparition de cas positifs de cette maladie. Selon les services de la wilaya, la d\u00e9cision qui a \u00e9t\u00e9 promulgu\u00e9 \u00e0 titre pr\u00e9ventif jusqu\u2019\u00e0 la stabilisation de la situation \u00e9pid\u00e9miologique, intervient apr\u00e8s l\u2019enregistrement de cas positifs de fi\u00e8vre aphteuse dans une exploitation agricole \u00e0 la localit\u00e9 d\u2019Edial\u00e8m dans la commune Khettouti Sed El Djir au nord de la wilaya, selon la m\u00eame source. Les autorit\u00e9s de la wilaya ont pris dans le cadre de cette d\u00e9cision, une s\u00e9rie de mesures de pr\u00e9caution portant limitation de la mobilit\u00e9 des animaux notamment les animaux sensibles (vaches, ch\u00e8vres et moutons), a soulign\u00e9 la m\u00eame source, pr\u00e9cisant qu\u2019en cas de d\u00e9placement, un certificat sanitaire prouvant que le cheptel n\u2019est pas atteint de la fi\u00e8vre aphteuse, est obligatoire. Dans ce contexte, le directeur local des services agricole Amir Khantit a indiqu\u00e9 que la situation actuelle n\u2019est pas pr\u00e9occupante, pr\u00e9cisant que la d\u00e9cision intervient \u00e0 titre pr\u00e9ventif et de pr\u00e9caution, pour \u00e9viter la propagation de l\u2019\u00e9pid\u00e9mie dans d\u2019autres points de la wilaya, affirmant que ses services \u0153uvrent \u00e0 sensibiliser les \u00e9leveurs sur l\u2019importance de d\u00e9clarer les cas suspects.<\/p>\n\n\n\n<p>R.R.<\/p>\n","protected":false},"excerpt":{"rendered":"<p>Les autorit\u00e9s de la wilaya ont pris une s\u00e9rie de mesures de pr\u00e9caution portant limitation de la mobilit\u00e9 des animaux<\/p>\n","protected":false},"author":3,"featured_media":21075,"comment_status":"open","ping_status":"closed","sticky":false,"template":"","format":"standard","meta":{"colormag_page_container_layout":"default_layout","colormag_page_sidebar_layout":"default_layout","om_disable_all_campaigns":false,"_monsterinsights_skip_tracking":false,"_monsterinsights_sitenote_active":false,"_monsterinsights_sitenote_note":"","_monsterinsights_sitenote_category":0,"footnotes":"","_wpscppro_dont_share_socialmedia":false,"_wpscppro_custom_social_share_image":0,"_facebook_share_type":"","_twitter_share_type":"","_linkedin_share_type":"","_pinterest_share_type":"","_linkedin_share_type_page":"","_instagram_share_type":"","_medium_share_type":"","_threads_share_type":"","_google_business_share_type":"","_selected_social_profile":[],"_wpsp_enable_custom_social_template":false,"_wpsp_social_scheduling":{"enabled":false,"datetime":null,"platforms":[],"status":"template_only","dateOption":"today","timeOption":"now","customDays":"","customHours":"","customDate":"","customTime":"","schedulingType":"absolute"},"_wpsp_active_default_template":true},"categories":[31],"tags":[],"class_list":["post-48090","post","type-post","status-publish","format-standard","has-post-thumbnail","hentry","category-regions"],"aioseo_notices":[],"yoast_head":"<!-- This site is optimized with the Yoast SEO plugin v27.4 - https:\/\/yoast.com\/product\/yoast-seo-wordpress\/ -->\n<title>Pour pr\u00e9venir la propagation de la fi\u00e8vre aphteuse\u00a0: Fermeture provisoire des march\u00e9s \u00e0 bestiaux \u00e0 M\u2019sila - La Sentinelle<\/title>\n<meta name=\"robots\" content=\"index, follow, max-snippet:-1, max-image-preview:large, max-video-preview:-1\" \/>\n<link rel=\"canonical\" href=\"https:\/\/lasentinelle.dz\/index.php\/2023\/12\/19\/pour-prevenir-la-propagation-de-la-fievre-aphteuse-fermeture-provisoire-des-marches-a-bestiaux-a-msila\/\" \/>\n<meta property=\"og:locale\" content=\"fr_FR\" \/>\n<meta property=\"og:type\" content=\"article\" \/>\n<meta property=\"og:title\" content=\"Pour pr\u00e9venir la propagation de la fi\u00e8vre aphteuse\u00a0: Fermeture provisoire des march\u00e9s \u00e0 bestiaux \u00e0 M\u2019sila - La Sentinelle\" \/>\n<meta property=\"og:description\" content=\"Les autorit\u00e9s de la wilaya ont pris une s\u00e9rie de mesures de pr\u00e9caution portant limitation de la mobilit\u00e9 des animaux\" \/>\n<meta property=\"og:url\" content=\"https:\/\/lasentinelle.dz\/index.php\/2023\/12\/19\/pour-prevenir-la-propagation-de-la-fievre-aphteuse-fermeture-provisoire-des-marches-a-bestiaux-a-msila\/\" \/>\n<meta property=\"og:site_name\" content=\"La Sentinelle\" \/>\n<meta property=\"article:publisher\" content=\"https:\/\/www.facebook.com\/La-Sentinelle-104059864394773\" \/>\n<meta property=\"article:published_time\" content=\"2023-12-19T19:55:00+00:00\" \/>\n<meta property=\"article:modified_time\" content=\"2023-12-19T19:55:02+00:00\" \/>\n<meta property=\"og:image\" content=\"https:\/\/lasentinelle.dz\/wp-content\/uploads\/2022\/05\/mouton.png\" \/>\n\t<meta property=\"og:image:width\" content=\"1600\" \/>\n\t<meta property=\"og:image:height\" content=\"900\" \/>\n\t<meta property=\"og:image:type\" content=\"image\/png\" \/>\n<meta name=\"author\" content=\"La Sentinelle\" \/>\n<meta name=\"twitter:card\" content=\"summary_large_image\" \/>\n<meta name=\"twitter:label1\" content=\"\u00c9crit par\" \/>\n\t<meta name=\"twitter:data1\" content=\"La Sentinelle\" \/>\n\t<meta name=\"twitter:label2\" content=\"Dur\u00e9e de lecture estim\u00e9e\" \/>\n\t<meta name=\"twitter:data2\" content=\"2 minutes\" \/>\n<script type=\"application\/ld+json\" class=\"yoast-schema-graph\">{\"@context\":\"https:\\\/\\\/schema.org\",\"@graph\":[{\"@type\":\"Article\",\"@id\":\"https:\\\/\\\/lasentinelle.dz\\\/index.php\\\/2023\\\/12\\\/19\\\/pour-prevenir-la-propagation-de-la-fievre-aphteuse-fermeture-provisoire-des-marches-a-bestiaux-a-msila\\\/#article\",\"isPartOf\":{\"@id\":\"https:\\\/\\\/lasentinelle.dz\\\/index.php\\\/2023\\\/12\\\/19\\\/pour-prevenir-la-propagation-de-la-fievre-aphteuse-fermeture-provisoire-des-marches-a-bestiaux-a-msila\\\/\"},\"author\":{\"name\":\"La Sentinelle\",\"@id\":\"https:\\\/\\\/lasentinelle.dz\\\/#\\\/schema\\\/person\\\/d865044e22e70a75174ce8bcad3acfb3\"},\"headline\":\"Pour pr\u00e9venir la propagation de la fi\u00e8vre aphteuse\u00a0: Fermeture provisoire des march\u00e9s \u00e0 bestiaux \u00e0 M\u2019sila\",\"datePublished\":\"2023-12-19T19:55:00+00:00\",\"dateModified\":\"2023-12-19T19:55:02+00:00\",\"mainEntityOfPage\":{\"@id\":\"https:\\\/\\\/lasentinelle.dz\\\/index.php\\\/2023\\\/12\\\/19\\\/pour-prevenir-la-propagation-de-la-fievre-aphteuse-fermeture-provisoire-des-marches-a-bestiaux-a-msila\\\/\"},\"wordCount\":305,\"commentCount\":0,\"publisher\":{\"@id\":\"https:\\\/\\\/lasentinelle.dz\\\/#organization\"},\"image\":{\"@id\":\"https:\\\/\\\/lasentinelle.dz\\\/index.php\\\/2023\\\/12\\\/19\\\/pour-prevenir-la-propagation-de-la-fievre-aphteuse-fermeture-provisoire-des-marches-a-bestiaux-a-msila\\\/#primaryimage\"},\"thumbnailUrl\":\"https:\\\/\\\/lasentinelle.dz\\\/wp-content\\\/uploads\\\/2022\\\/05\\\/mouton.png\",\"articleSection\":[\"R\u00e9gions\"],\"inLanguage\":\"fr-FR\",\"potentialAction\":[{\"@type\":\"CommentAction\",\"name\":\"Comment\",\"target\":[\"https:\\\/\\\/lasentinelle.dz\\\/index.php\\\/2023\\\/12\\\/19\\\/pour-prevenir-la-propagation-de-la-fievre-aphteuse-fermeture-provisoire-des-marches-a-bestiaux-a-msila\\\/#respond\"]}]},{\"@type\":\"WebPage\",\"@id\":\"https:\\\/\\\/lasentinelle.dz\\\/index.php\\\/2023\\\/12\\\/19\\\/pour-prevenir-la-propagation-de-la-fievre-aphteuse-fermeture-provisoire-des-marches-a-bestiaux-a-msila\\\/\",\"url\":\"https:\\\/\\\/lasentinelle.dz\\\/index.php\\\/2023\\\/12\\\/19\\\/pour-prevenir-la-propagation-de-la-fievre-aphteuse-fermeture-provisoire-des-marches-a-bestiaux-a-msila\\\/\",\"name\":\"Pour pr\u00e9venir la propagation de la fi\u00e8vre aphteuse\u00a0: Fermeture provisoire des march\u00e9s \u00e0 bestiaux \u00e0 M\u2019sila - La Sentinelle\",\"isPartOf\":{\"@id\":\"https:\\\/\\\/lasentinelle.dz\\\/#website\"},\"primaryImageOfPage\":{\"@id\":\"https:\\\/\\\/lasentinelle.dz\\\/index.php\\\/2023\\\/12\\\/19\\\/pour-prevenir-la-propagation-de-la-fievre-aphteuse-fermeture-provisoire-des-marches-a-bestiaux-a-msila\\\/#primaryimage\"},\"image\":{\"@id\":\"https:\\\/\\\/lasentinelle.dz\\\/index.php\\\/2023\\\/12\\\/19\\\/pour-prevenir-la-propagation-de-la-fievre-aphteuse-fermeture-provisoire-des-marches-a-bestiaux-a-msila\\\/#primaryimage\"},\"thumbnailUrl\":\"https:\\\/\\\/lasentinelle.dz\\\/wp-content\\\/uploads\\\/2022\\\/05\\\/mouton.png\",\"datePublished\":\"2023-12-19T19:55:00+00:00\",\"dateModified\":\"2023-12-19T19:55:02+00:00\",\"breadcrumb\":{\"@id\":\"https:\\\/\\\/lasentinelle.dz\\\/index.php\\\/2023\\\/12\\\/19\\\/pour-prevenir-la-propagation-de-la-fievre-aphteuse-fermeture-provisoire-des-marches-a-bestiaux-a-msila\\\/#breadcrumb\"},\"inLanguage\":\"fr-FR\",\"potentialAction\":[{\"@type\":\"ReadAction\",\"target\":[\"https:\\\/\\\/lasentinelle.dz\\\/index.php\\\/2023\\\/12\\\/19\\\/pour-prevenir-la-propagation-de-la-fievre-aphteuse-fermeture-provisoire-des-marches-a-bestiaux-a-msila\\\/\"]}]},{\"@type\":\"ImageObject\",\"inLanguage\":\"fr-FR\",\"@id\":\"https:\\\/\\\/lasentinelle.dz\\\/index.php\\\/2023\\\/12\\\/19\\\/pour-prevenir-la-propagation-de-la-fievre-aphteuse-fermeture-provisoire-des-marches-a-bestiaux-a-msila\\\/#primaryimage\",\"url\":\"https:\\\/\\\/lasentinelle.dz\\\/wp-content\\\/uploads\\\/2022\\\/05\\\/mouton.png\",\"contentUrl\":\"https:\\\/\\\/lasentinelle.dz\\\/wp-content\\\/uploads\\\/2022\\\/05\\\/mouton.png\",\"width\":1600,\"height\":900},{\"@type\":\"BreadcrumbList\",\"@id\":\"https:\\\/\\\/lasentinelle.dz\\\/index.php\\\/2023\\\/12\\\/19\\\/pour-prevenir-la-propagation-de-la-fievre-aphteuse-fermeture-provisoire-des-marches-a-bestiaux-a-msila\\\/#breadcrumb\",\"itemListElement\":[{\"@type\":\"ListItem\",\"position\":1,\"name\":\"Accueil\",\"item\":\"https:\\\/\\\/lasentinelle.dz\\\/\"},{\"@type\":\"ListItem\",\"position\":2,\"name\":\"Pour pr\u00e9venir la propagation de la fi\u00e8vre aphteuse\u00a0: Fermeture provisoire des march\u00e9s \u00e0 bestiaux \u00e0 M\u2019sila\"}]},{\"@type\":\"WebSite\",\"@id\":\"https:\\\/\\\/lasentinelle.dz\\\/#website\",\"url\":\"https:\\\/\\\/lasentinelle.dz\\\/\",\"name\":\"La Sentinelle\",\"description\":\"Quotidien national d&#039;information\",\"publisher\":{\"@id\":\"https:\\\/\\\/lasentinelle.dz\\\/#organization\"},\"potentialAction\":[{\"@type\":\"SearchAction\",\"target\":{\"@type\":\"EntryPoint\",\"urlTemplate\":\"https:\\\/\\\/lasentinelle.dz\\\/?s={search_term_string}\"},\"query-input\":{\"@type\":\"PropertyValueSpecification\",\"valueRequired\":true,\"valueName\":\"search_term_string\"}}],\"inLanguage\":\"fr-FR\"},{\"@type\":\"Organization\",\"@id\":\"https:\\\/\\\/lasentinelle.dz\\\/#organization\",\"name\":\"Quotidien La Sentinelle\",\"url\":\"https:\\\/\\\/lasentinelle.dz\\\/\",\"logo\":{\"@type\":\"ImageObject\",\"inLanguage\":\"fr-FR\",\"@id\":\"https:\\\/\\\/lasentinelle.dz\\\/#\\\/schema\\\/logo\\\/image\\\/\",\"url\":\"https:\\\/\\\/lasentinelle.dz\\\/wp-content\\\/uploads\\\/2021\\\/09\\\/logo-sentinelleSLOGAN-1.png\",\"contentUrl\":\"https:\\\/\\\/lasentinelle.dz\\\/wp-content\\\/uploads\\\/2021\\\/09\\\/logo-sentinelleSLOGAN-1.png\",\"width\":615,\"height\":142,\"caption\":\"Quotidien La Sentinelle\"},\"image\":{\"@id\":\"https:\\\/\\\/lasentinelle.dz\\\/#\\\/schema\\\/logo\\\/image\\\/\"},\"sameAs\":[\"https:\\\/\\\/www.facebook.com\\\/La-Sentinelle-104059864394773\"]},{\"@type\":\"Person\",\"@id\":\"https:\\\/\\\/lasentinelle.dz\\\/#\\\/schema\\\/person\\\/d865044e22e70a75174ce8bcad3acfb3\",\"name\":\"La Sentinelle\",\"image\":{\"@type\":\"ImageObject\",\"inLanguage\":\"fr-FR\",\"@id\":\"https:\\\/\\\/secure.gravatar.com\\\/avatar\\\/57de8e5d4b15d43fb361a71fbb36338450fe67865b528a43dd10ef7c51a20392?s=96&d=mm&r=g\",\"url\":\"https:\\\/\\\/secure.gravatar.com\\\/avatar\\\/57de8e5d4b15d43fb361a71fbb36338450fe67865b528a43dd10ef7c51a20392?s=96&d=mm&r=g\",\"contentUrl\":\"https:\\\/\\\/secure.gravatar.com\\\/avatar\\\/57de8e5d4b15d43fb361a71fbb36338450fe67865b528a43dd10ef7c51a20392?s=96&d=mm&r=g\",\"caption\":\"La Sentinelle\"},\"sameAs\":[\"http:\\\/\\\/www.lasentinelle.dz\"],\"url\":\"https:\\\/\\\/lasentinelle.dz\\\/author\\\/redaction\\\/\"}]}<\/script>\n<!-- \/ Yoast SEO plugin. -->","yoast_head_json":{"title":"Pour pr\u00e9venir la propagation de la fi\u00e8vre aphteuse\u00a0: Fermeture provisoire des march\u00e9s \u00e0 bestiaux \u00e0 M\u2019sila - La Sentinelle","robots":{"index":"index","follow":"follow","max-snippet":"max-snippet:-1","max-image-preview":"max-image-preview:large","max-video-preview":"max-video-preview:-1"},"canonical":"https:\/\/lasentinelle.dz\/index.php\/2023\/12\/19\/pour-prevenir-la-propagation-de-la-fievre-aphteuse-fermeture-provisoire-des-marches-a-bestiaux-a-msila\/","og_locale":"fr_FR","og_type":"article","og_title":"Pour pr\u00e9venir la propagation de la fi\u00e8vre aphteuse\u00a0: Fermeture provisoire des march\u00e9s \u00e0 bestiaux \u00e0 M\u2019sila - La Sentinelle","og_description":"Les autorit\u00e9s de la wilaya ont pris une s\u00e9rie de mesures de pr\u00e9caution portant limitation de la mobilit\u00e9 des animaux","og_url":"https:\/\/lasentinelle.dz\/index.php\/2023\/12\/19\/pour-prevenir-la-propagation-de-la-fievre-aphteuse-fermeture-provisoire-des-marches-a-bestiaux-a-msila\/","og_site_name":"La Sentinelle","article_publisher":"https:\/\/www.facebook.com\/La-Sentinelle-104059864394773","article_published_time":"2023-12-19T19:55:00+00:00","article_modified_time":"2023-12-19T19:55:02+00:00","og_image":[{"width":1600,"height":900,"url":"https:\/\/lasentinelle.dz\/wp-content\/uploads\/2022\/05\/mouton.png","type":"image\/png"}],"author":"La Sentinelle","twitter_card":"summary_large_image","twitter_misc":{"\u00c9crit par":"La Sentinelle","Dur\u00e9e de lecture estim\u00e9e":"2 minutes"},"schema":{"@context":"https:\/\/schema.org","@graph":[{"@type":"Article","@id":"https:\/\/lasentinelle.dz\/index.php\/2023\/12\/19\/pour-prevenir-la-propagation-de-la-fievre-aphteuse-fermeture-provisoire-des-marches-a-bestiaux-a-msila\/#article","isPartOf":{"@id":"https:\/\/lasentinelle.dz\/index.php\/2023\/12\/19\/pour-prevenir-la-propagation-de-la-fievre-aphteuse-fermeture-provisoire-des-marches-a-bestiaux-a-msila\/"},"author":{"name":"La Sentinelle","@id":"https:\/\/lasentinelle.dz\/#\/schema\/person\/d865044e22e70a75174ce8bcad3acfb3"},"headline":"Pour pr\u00e9venir la propagation de la fi\u00e8vre aphteuse\u00a0: Fermeture provisoire des march\u00e9s \u00e0 bestiaux \u00e0 M\u2019sila","datePublished":"2023-12-19T19:55:00+00:00","dateModified":"2023-12-19T19:55:02+00:00","mainEntityOfPage":{"@id":"https:\/\/lasentinelle.dz\/index.php\/2023\/12\/19\/pour-prevenir-la-propagation-de-la-fievre-aphteuse-fermeture-provisoire-des-marches-a-bestiaux-a-msila\/"},"wordCount":305,"commentCount":0,"publisher":{"@id":"https:\/\/lasentinelle.dz\/#organization"},"image":{"@id":"https:\/\/lasentinelle.dz\/index.php\/2023\/12\/19\/pour-prevenir-la-propagation-de-la-fievre-aphteuse-fermeture-provisoire-des-marches-a-bestiaux-a-msila\/#primaryimage"},"thumbnailUrl":"https:\/\/lasentinelle.dz\/wp-content\/uploads\/2022\/05\/mouton.png","articleSection":["R\u00e9gions"],"inLanguage":"fr-FR","potentialAction":[{"@type":"CommentAction","name":"Comment","target":["https:\/\/lasentinelle.dz\/index.php\/2023\/12\/19\/pour-prevenir-la-propagation-de-la-fievre-aphteuse-fermeture-provisoire-des-marches-a-bestiaux-a-msila\/#respond"]}]},{"@type":"WebPage","@id":"https:\/\/lasentinelle.dz\/index.php\/2023\/12\/19\/pour-prevenir-la-propagation-de-la-fievre-aphteuse-fermeture-provisoire-des-marches-a-bestiaux-a-msila\/","url":"https:\/\/lasentinelle.dz\/index.php\/2023\/12\/19\/pour-prevenir-la-propagation-de-la-fievre-aphteuse-fermeture-provisoire-des-marches-a-bestiaux-a-msila\/","name":"Pour pr\u00e9venir la propagation de la fi\u00e8vre aphteuse\u00a0: Fermeture provisoire des march\u00e9s \u00e0 bestiaux \u00e0 M\u2019sila - La Sentinelle","isPartOf":{"@id":"https:\/\/lasentinelle.dz\/#website"},"primaryImageOfPage":{"@id":"https:\/\/lasentinelle.dz\/index.php\/2023\/12\/19\/pour-prevenir-la-propagation-de-la-fievre-aphteuse-fermeture-provisoire-des-marches-a-bestiaux-a-msila\/#primaryimage"},"image":{"@id":"https:\/\/lasentinelle.dz\/index.php\/2023\/12\/19\/pour-prevenir-la-propagation-de-la-fievre-aphteuse-fermeture-provisoire-des-marches-a-bestiaux-a-msila\/#primaryimage"},"thumbnailUrl":"https:\/\/lasentinelle.dz\/wp-content\/uploads\/2022\/05\/mouton.png","datePublished":"2023-12-19T19:55:00+00:00","dateModified":"2023-12-19T19:55:02+00:00","breadcrumb":{"@id":"https:\/\/lasentinelle.dz\/index.php\/2023\/12\/19\/pour-prevenir-la-propagation-de-la-fievre-aphteuse-fermeture-provisoire-des-marches-a-bestiaux-a-msila\/#breadcrumb"},"inLanguage":"fr-FR","potentialAction":[{"@type":"ReadAction","target":["https:\/\/lasentinelle.dz\/index.php\/2023\/12\/19\/pour-prevenir-la-propagation-de-la-fievre-aphteuse-fermeture-provisoire-des-marches-a-bestiaux-a-msila\/"]}]},{"@type":"ImageObject","inLanguage":"fr-FR","@id":"https:\/\/lasentinelle.dz\/index.php\/2023\/12\/19\/pour-prevenir-la-propagation-de-la-fievre-aphteuse-fermeture-provisoire-des-marches-a-bestiaux-a-msila\/#primaryimage","url":"https:\/\/lasentinelle.dz\/wp-content\/uploads\/2022\/05\/mouton.png","contentUrl":"https:\/\/lasentinelle.dz\/wp-content\/uploads\/2022\/05\/mouton.png","width":1600,"height":900},{"@type":"BreadcrumbList","@id":"https:\/\/lasentinelle.dz\/index.php\/2023\/12\/19\/pour-prevenir-la-propagation-de-la-fievre-aphteuse-fermeture-provisoire-des-marches-a-bestiaux-a-msila\/#breadcrumb","itemListElement":[{"@type":"ListItem","position":1,"name":"Accueil","item":"https:\/\/lasentinelle.dz\/"},{"@type":"ListItem","position":2,"name":"Pour pr\u00e9venir la propagation de la fi\u00e8vre aphteuse\u00a0: Fermeture provisoire des march\u00e9s \u00e0 bestiaux \u00e0 M\u2019sila"}]},{"@type":"WebSite","@id":"https:\/\/lasentinelle.dz\/#website","url":"https:\/\/lasentinelle.dz\/","name":"La Sentinelle","description":"Quotidien national d&#039;information","publisher":{"@id":"https:\/\/lasentinelle.dz\/#organization"},"potentialAction":[{"@type":"SearchAction","target":{"@type":"EntryPoint","urlTemplate":"https:\/\/lasentinelle.dz\/?s={search_term_string}"},"query-input":{"@type":"PropertyValueSpecification","valueRequired":true,"valueName":"search_term_string"}}],"inLanguage":"fr-FR"},{"@type":"Organization","@id":"https:\/\/lasentinelle.dz\/#organization","name":"Quotidien La Sentinelle","url":"https:\/\/lasentinelle.dz\/","logo":{"@type":"ImageObject","inLanguage":"fr-FR","@id":"https:\/\/lasentinelle.dz\/#\/schema\/logo\/image\/","url":"https:\/\/lasentinelle.dz\/wp-content\/uploads\/2021\/09\/logo-sentinelleSLOGAN-1.png","contentUrl":"https:\/\/lasentinelle.dz\/wp-content\/uploads\/2021\/09\/logo-sentinelleSLOGAN-1.png","width":615,"height":142,"caption":"Quotidien La Sentinelle"},"image":{"@id":"https:\/\/lasentinelle.dz\/#\/schema\/logo\/image\/"},"sameAs":["https:\/\/www.facebook.com\/La-Sentinelle-104059864394773"]},{"@type":"Person","@id":"https:\/\/lasentinelle.dz\/#\/schema\/person\/d865044e22e70a75174ce8bcad3acfb3","name":"La Sentinelle","image":{"@type":"ImageObject","inLanguage":"fr-FR","@id":"https:\/\/secure.gravatar.com\/avatar\/57de8e5d4b15d43fb361a71fbb36338450fe67865b528a43dd10ef7c51a20392?s=96&d=mm&r=g","url":"https:\/\/secure.gravatar.com\/avatar\/57de8e5d4b15d43fb361a71fbb36338450fe67865b528a43dd10ef7c51a20392?s=96&d=mm&r=g","contentUrl":"https:\/\/secure.gravatar.com\/avatar\/57de8e5d4b15d43fb361a71fbb36338450fe67865b528a43dd10ef7c51a20392?s=96&d=mm&r=g","caption":"La Sentinelle"},"sameAs":["http:\/\/www.lasentinelle.dz"],"url":"https:\/\/lasentinelle.dz\/author\/redaction\/"}]}},"_links":{"self":[{"href":"https:\/\/lasentinelle.dz\/index.php\/wp-json\/wp\/v2\/posts\/48090","targetHints":{"allow":["GET"]}}],"collection":[{"href":"https:\/\/lasentinelle.dz\/index.php\/wp-json\/wp\/v2\/posts"}],"about":[{"href":"https:\/\/lasentinelle.dz\/index.php\/wp-json\/wp\/v2\/types\/post"}],"author":[{"embeddable":true,"href":"https:\/\/lasentinelle.dz\/index.php\/wp-json\/wp\/v2\/users\/3"}],"replies":[{"embeddable":true,"href":"https:\/\/lasentinelle.dz\/index.php\/wp-json\/wp\/v2\/comments?post=48090"}],"version-history":[{"count":1,"href":"https:\/\/lasentinelle.dz\/index.php\/wp-json\/wp\/v2\/posts\/48090\/revisions"}],"predecessor-version":[{"id":48091,"href":"https:\/\/lasentinelle.dz\/index.php\/wp-json\/wp\/v2\/posts\/48090\/revisions\/48091"}],"wp:featuredmedia":[{"embeddable":true,"href":"https:\/\/lasentinelle.dz\/index.php\/wp-json\/wp\/v2\/media\/21075"}],"wp:attachment":[{"href":"https:\/\/lasentinelle.dz\/index.php\/wp-json\/wp\/v2\/media?parent=48090"}],"wp:term":[{"taxonomy":"category","embeddable":true,"href":"https:\/\/lasentinelle.dz\/index.php\/wp-json\/wp\/v2\/categories?post=48090"},{"taxonomy":"post_tag","embeddable":true,"href":"https:\/\/lasentinelle.dz\/index.php\/wp-json\/wp\/v2\/tags?post=48090"}],"curies":[{"name":"wp","href":"https:\/\/api.w.org\/{rel}","templated":true}]}}